{"id":9978,"date":"2017-08-16T08:45:59","date_gmt":"2017-08-16T13:45:59","guid":{"rendered":"https:\/\/accesolatino.org\/?p=9978"},"modified":"2025-10-28T00:58:01","modified_gmt":"2025-10-28T06:58:01","slug":"joven-mexicana-es-seleccionada-para-realizar-una-estancia-en-la-nasa","status":"publish","type":"post","link":"https:\/\/accesolatino.org\/en\/joven-mexicana-es-seleccionada-para-realizar-una-estancia-en-la-nasa\/orgullo-latino\/","title":{"rendered":"Joven mexicana es seleccionada para realizar una estancia en la NASA"},"content":{"rendered":"<p>La Secretar\u00eda de Comunicaciones y Transportes (SCT), inform\u00f3 que la joven chihuahuense, Brenda Natalia P\u00e9rez P\u00e9rez, fue aceptada por la NASA para realizar una estancia de investigaci\u00f3n en el Ames Research Center.<\/p>\n<p>De acuerdo con el Director General de la Agencia Espacial Mexicana (AEM), Javier Mendieta Jim\u00e9nez, la joven cursar\u00e1 a su regreso una maestr\u00eda en la Universidad Regional del Norte, ya que cuenta con dos grados acad\u00e9micos en ingenier\u00eda Aeroespacial e Ingenier\u00eda Mec\u00e1nica.<\/p>\n<p>\u201cNos congratulamos porque el talento de la juventud mexicana, en este caso de la destacada estudiante Natalia P\u00e9rez, es recibido para realizar una estancia en la NASA, y nos emociona doblemente su vocaci\u00f3n por compartir su experiencia con m\u00e1s j\u00f3venes\u201d, le reconoci\u00f3 Mendieta.<\/p>\n<p>Brenda curs\u00f3 las dos ingenier\u00edas de manera simult\u00e1nea con menciones honor\u00edficas en ambos programas universitarios por sus calificaciones sobresalientes.<\/p>\n<p>Natalia comenz\u00f3 a prepararse desde muy joven para cumplir el sue\u00f1o de su vida, que siempre fue realizar una estancia en la NASA. Con grandes esfuerzos consigui\u00f3 alternar sus estudios con clases de ingl\u00e9s y franc\u00e9s, sin descuidar su formaci\u00f3n universitaria.<\/p>\n<p>\u201cMe emociona la idea de saber que voy a estar haciendo lo que me apasiona en un lugar que est\u00e1 a la vanguardia de la tecnolog\u00eda con gente muy apasionada y talentosa. Es un sue\u00f1o para m\u00ed el saber que estar\u00e9 trabajando en un centro donde desde a\u00f1os atr\u00e1s han integrado habilidades y conocimientos de miles de personas para hacer posible lo que consider\u00e1bamos imposible\u201d, afirm\u00f3 la estudiante.<\/p>\n<p>La estudiante considera su participaci\u00f3n en la NASA como una gran oportunidad, no s\u00f3lo para su prometedora carrera como ingeniera aeroespacial, sino tambi\u00e9n para adquirir conocimientos y herramientas que le permitan colaborar en proyectos de investigaci\u00f3n en M\u00e9xico, que a su vez, fomenten el desarrollo en este campo para que otros j\u00f3venes estudiantes puedan tener la oportunidad de profesionalizarse.<\/p>\n<p>\u201cNo pierdan esperanzas si no consiguen hacerlo a la primera, firmemente creo que el que persevera en lo que quiere, va a lograr su \u00e9xito. No son necesariamente los m\u00e1s inteligentes o los m\u00e1s talentosos, sino los que tienen pasi\u00f3n y perseverancia por metas a largo plazo, que se aferran a su futuro d\u00eda con d\u00eda y trabajan duro, quienes logran hacer sus sue\u00f1os realidad\u201d, mencion\u00f3 la chihuahuense.<\/p>\n<p>Natalia P\u00e9rez se integrar\u00e1 al programa de investigaci\u00f3n \u201cRotocraft Aeromechanics\u201d enfocado en la aeromec\u00e1nica donde colaborar\u00e1 con cient\u00edficos e ingenieros de la NASA en diversas actividades de investigaci\u00f3n.<\/p>\n<p>La SCT considera que j\u00f3venes como Natalia son muestra de que una nueva generaci\u00f3n de estudiantes permitir\u00e1 consolidar a M\u00e9xico a mediano y a largo plazo como una potencia en la ingenier\u00eda aerospacial.<\/p>\n<p><em>Fuente: La Opini\u00f3n<\/em><\/p>","protected":false},"excerpt":{"rendered":"<p>La Secretar\u00eda de Comunicaciones y Transportes (SCT), inform\u00f3 que la joven chihuahuense, Brenda Natalia P\u00e9rez P\u00e9rez, fue aceptada por la NASA para realizar una estancia de investigaci\u00f3n en el Ames Research Center. De acuerdo con el Director General de la Agencia Espacial Mexicana (AEM), Javier Mendieta Jim\u00e9nez, la joven cursar\u00e1 a su regreso una maestr\u00eda en la Universidad Regional del Norte, ya que cuenta con dos grados acad\u00e9micos en ingenier\u00eda Aeroespacial e Ingenier\u00eda Mec\u00e1nica. \u201cNos congratulamos porque el talento de la juventud mexicana, en este caso de la destacada estudiante Natalia P\u00e9rez, es recibido para realizar una estancia en la NASA, y nos emociona doblemente su vocaci\u00f3n por compartir su experiencia con m\u00e1s j\u00f3venes\u201d, le reconoci\u00f3 Mendieta. Brenda curs\u00f3 las dos ingenier\u00edas de manera simult\u00e1nea con menciones honor\u00edficas en ambos programas universitarios por sus calificaciones sobresalientes. Natalia comenz\u00f3 a prepararse desde muy joven para cumplir el sue\u00f1o de su vida, que siempre fue realizar una estancia en la NASA. Con grandes esfuerzos consigui\u00f3 alternar sus estudios con clases de ingl\u00e9s y franc\u00e9s, sin descuidar su formaci\u00f3n universitaria. \u201cMe emociona la idea de saber que voy a estar haciendo lo que me apasiona en un lugar que est\u00e1 a la vanguardia de la tecnolog\u00eda con gente muy apasionada y talentosa. Es un sue\u00f1o para m\u00ed el saber que estar\u00e9 trabajando en un centro donde desde a\u00f1os atr\u00e1s han integrado habilidades y conocimientos de miles de personas para hacer posible lo que consider\u00e1bamos imposible\u201d, afirm\u00f3 la estudiante. La estudiante considera su participaci\u00f3n en la NASA como una gran oportunidad, no s\u00f3lo para su prometedora carrera como ingeniera aeroespacial, sino tambi\u00e9n para adquirir conocimientos y herramientas que le permitan colaborar en proyectos de investigaci\u00f3n en M\u00e9xico, que a su vez, fomenten el desarrollo en este campo para que otros j\u00f3venes estudiantes puedan tener la oportunidad de profesionalizarse. \u201cNo pierdan esperanzas si no consiguen hacerlo a la primera, firmemente creo que el que persevera en lo que quiere, va a lograr su \u00e9xito. No son necesariamente los m\u00e1s inteligentes o los m\u00e1s talentosos, sino los que tienen pasi\u00f3n y perseverancia por metas a largo plazo, que se aferran a su futuro d\u00eda con d\u00eda y trabajan duro, quienes logran hacer sus sue\u00f1os realidad\u201d, mencion\u00f3 la chihuahuense. Natalia P\u00e9rez se integrar\u00e1 al programa de investigaci\u00f3n \u201cRotocraft Aeromechanics\u201d enfocado en la aeromec\u00e1nica donde colaborar\u00e1 con cient\u00edficos e ingenieros de la NASA en diversas actividades de investigaci\u00f3n. La SCT considera que j\u00f3venes como Natalia son muestra de que una nueva generaci\u00f3n de estudiantes permitir\u00e1 consolidar a M\u00e9xico a mediano y a largo plazo como una potencia en la ingenier\u00eda aerospacial. Fuente: La Opini\u00f3n<\/p>","protected":false},"author":13,"featured_media":9979,"comment_status":"open","ping_status":"open","sticky":false,"template":"","format":"standard","meta":{"_uf_show_specific_survey":0,"_uf_disable_surveys":false,"footnotes":""},"categories":[9],"tags":[],"class_list":["post-9978","post","type-post","status-publish","format-standard","has-post-thumbnail","hentry","category-orgullo-latino"],"aioseo_notices":[],"yoast_head":"<!-- This site is optimized with the Yoast SEO plugin v27.5 - https:\/\/yoast.com\/product\/yoast-seo-wordpress\/ -->\n<title>Joven mexicana es seleccionada para realizar una estancia en la NASA<\/title>\n<meta name=\"description\" content=\"La SCT, inform\u00f3 que la joven chihuahuense, Brenda P\u00e9rez, fue aceptada por la NASA para realizar una estancia de investigaci\u00f3n en el Ames Research Center\" \/>\n<meta name=\"robots\" content=\"index, follow, max-snippet:-1, max-image-preview:large, max-video-preview:-1\" \/>\n<link rel=\"canonical\" href=\"https:\/\/accesolatino.org\/en\/joven-mexicana-es-seleccionada-para-realizar-una-estancia-en-la-nasa\/orgullo-latino\/\" \/>\n<meta property=\"og:locale\" content=\"en_US\" \/>\n<meta property=\"og:type\" content=\"article\" \/>\n<meta property=\"og:title\" content=\"Joven mexicana es seleccionada para realizar una estancia en la NASA\" \/>\n<meta property=\"og:description\" content=\"La SCT, inform\u00f3 que la joven chihuahuense, Brenda P\u00e9rez, fue aceptada por la NASA para realizar una estancia de investigaci\u00f3n en el Ames Research Center\" \/>\n<meta property=\"og:url\" content=\"https:\/\/accesolatino.org\/en\/joven-mexicana-es-seleccionada-para-realizar-una-estancia-en-la-nasa\/orgullo-latino\/\" \/>\n<meta property=\"og:site_name\" content=\"Acceso Latino\" \/>\n<meta property=\"article:publisher\" content=\"https:\/\/www.facebook.com\/AccesoLatinoOrg\" \/>\n<meta property=\"article:published_time\" content=\"2017-08-16T13:45:59+00:00\" \/>\n<meta property=\"article:modified_time\" content=\"2025-10-28T06:58:01+00:00\" \/>\n<meta property=\"og:image\" content=\"https:\/\/accesolatino.org\/wp-content\/uploads\/2017\/08\/Joven-mexicana-es-seleccionada-para-realizar-una-estancia-en-la-NASA.jpg\" \/>\n\t<meta property=\"og:image:width\" content=\"600\" \/>\n\t<meta property=\"og:image:height\" content=\"354\" \/>\n\t<meta property=\"og:image:type\" content=\"image\/jpeg\" \/>\n<meta name=\"author\" content=\"Noticias\" \/>\n<meta name=\"twitter:card\" content=\"summary_large_image\" \/>\n<meta name=\"twitter:creator\" content=\"@FAccLatino\" \/>\n<meta name=\"twitter:site\" content=\"@FAccLatino\" \/>\n<meta name=\"twitter:label1\" content=\"Written by\" \/>\n\t<meta name=\"twitter:data1\" content=\"Noticias\" \/>\n\t<meta name=\"twitter:label2\" content=\"Est. reading time\" \/>\n\t<meta name=\"twitter:data2\" content=\"3 minutes\" \/>\n<script type=\"application\/ld+json\" class=\"yoast-schema-graph\">{\"@context\":\"https:\\\/\\\/schema.org\",\"@graph\":[{\"@type\":\"Article\",\"@id\":\"https:\\\/\\\/accesolatino.org\\\/joven-mexicana-es-seleccionada-para-realizar-una-estancia-en-la-nasa\\\/orgullo-latino\\\/#article\",\"isPartOf\":{\"@id\":\"https:\\\/\\\/accesolatino.org\\\/joven-mexicana-es-seleccionada-para-realizar-una-estancia-en-la-nasa\\\/orgullo-latino\\\/\"},\"author\":{\"name\":\"Noticias\",\"@id\":\"https:\\\/\\\/accesolatino.org\\\/#\\\/schema\\\/person\\\/57bc3bfd2c357610a5255490ca4cd305\"},\"headline\":\"Joven mexicana es seleccionada para realizar una estancia en la NASA\",\"datePublished\":\"2017-08-16T13:45:59+00:00\",\"dateModified\":\"2025-10-28T06:58:01+00:00\",\"mainEntityOfPage\":{\"@id\":\"https:\\\/\\\/accesolatino.org\\\/joven-mexicana-es-seleccionada-para-realizar-una-estancia-en-la-nasa\\\/orgullo-latino\\\/\"},\"wordCount\":495,\"commentCount\":0,\"publisher\":{\"@id\":\"https:\\\/\\\/accesolatino.org\\\/#organization\"},\"image\":{\"@id\":\"https:\\\/\\\/accesolatino.org\\\/joven-mexicana-es-seleccionada-para-realizar-una-estancia-en-la-nasa\\\/orgullo-latino\\\/#primaryimage\"},\"thumbnailUrl\":\"https:\\\/\\\/accesolatino.org\\\/wp-content\\\/uploads\\\/2017\\\/08\\\/Joven-mexicana-es-seleccionada-para-realizar-una-estancia-en-la-NASA.jpg\",\"articleSection\":[\"Orgullo Latino\"],\"inLanguage\":\"en-US\",\"potentialAction\":[{\"@type\":\"CommentAction\",\"name\":\"Comment\",\"target\":[\"https:\\\/\\\/accesolatino.org\\\/joven-mexicana-es-seleccionada-para-realizar-una-estancia-en-la-nasa\\\/orgullo-latino\\\/#respond\"]}]},{\"@type\":\"WebPage\",\"@id\":\"https:\\\/\\\/accesolatino.org\\\/joven-mexicana-es-seleccionada-para-realizar-una-estancia-en-la-nasa\\\/orgullo-latino\\\/\",\"url\":\"https:\\\/\\\/accesolatino.org\\\/joven-mexicana-es-seleccionada-para-realizar-una-estancia-en-la-nasa\\\/orgullo-latino\\\/\",\"name\":\"Joven mexicana es seleccionada para realizar una estancia en la NASA\",\"isPartOf\":{\"@id\":\"https:\\\/\\\/accesolatino.org\\\/#website\"},\"primaryImageOfPage\":{\"@id\":\"https:\\\/\\\/accesolatino.org\\\/joven-mexicana-es-seleccionada-para-realizar-una-estancia-en-la-nasa\\\/orgullo-latino\\\/#primaryimage\"},\"image\":{\"@id\":\"https:\\\/\\\/accesolatino.org\\\/joven-mexicana-es-seleccionada-para-realizar-una-estancia-en-la-nasa\\\/orgullo-latino\\\/#primaryimage\"},\"thumbnailUrl\":\"https:\\\/\\\/accesolatino.org\\\/wp-content\\\/uploads\\\/2017\\\/08\\\/Joven-mexicana-es-seleccionada-para-realizar-una-estancia-en-la-NASA.jpg\",\"datePublished\":\"2017-08-16T13:45:59+00:00\",\"dateModified\":\"2025-10-28T06:58:01+00:00\",\"description\":\"La SCT, inform\u00f3 que la joven chihuahuense, Brenda P\u00e9rez, fue aceptada por la NASA para realizar una estancia de investigaci\u00f3n en el Ames Research Center\",\"breadcrumb\":{\"@id\":\"https:\\\/\\\/accesolatino.org\\\/joven-mexicana-es-seleccionada-para-realizar-una-estancia-en-la-nasa\\\/orgullo-latino\\\/#breadcrumb\"},\"inLanguage\":\"en-US\",\"potentialAction\":[{\"@type\":\"ReadAction\",\"target\":[\"https:\\\/\\\/accesolatino.org\\\/joven-mexicana-es-seleccionada-para-realizar-una-estancia-en-la-nasa\\\/orgullo-latino\\\/\"]}]},{\"@type\":\"ImageObject\",\"inLanguage\":\"en-US\",\"@id\":\"https:\\\/\\\/accesolatino.org\\\/joven-mexicana-es-seleccionada-para-realizar-una-estancia-en-la-nasa\\\/orgullo-latino\\\/#primaryimage\",\"url\":\"https:\\\/\\\/accesolatino.org\\\/wp-content\\\/uploads\\\/2017\\\/08\\\/Joven-mexicana-es-seleccionada-para-realizar-una-estancia-en-la-NASA.jpg\",\"contentUrl\":\"https:\\\/\\\/accesolatino.org\\\/wp-content\\\/uploads\\\/2017\\\/08\\\/Joven-mexicana-es-seleccionada-para-realizar-una-estancia-en-la-NASA.jpg\",\"width\":\"600\",\"height\":\"354\",\"caption\":\"Joven-mexicana-es-seleccionada-para-realizar-una-estancia-en-la-NASA\"},{\"@type\":\"BreadcrumbList\",\"@id\":\"https:\\\/\\\/accesolatino.org\\\/joven-mexicana-es-seleccionada-para-realizar-una-estancia-en-la-nasa\\\/orgullo-latino\\\/#breadcrumb\",\"itemListElement\":[{\"@type\":\"ListItem\",\"position\":1,\"name\":\"Portada\",\"item\":\"https:\\\/\\\/accesolatino.org\\\/\"},{\"@type\":\"ListItem\",\"position\":2,\"name\":\"Orgullo Latino\",\"item\":\"https:\\\/\\\/accesolatino.org\\\/category\\\/orgullo-latino\\\/\"},{\"@type\":\"ListItem\",\"position\":3,\"name\":\"Joven mexicana es seleccionada para realizar una estancia en la NASA\"}]},{\"@type\":\"WebSite\",\"@id\":\"https:\\\/\\\/accesolatino.org\\\/#website\",\"url\":\"https:\\\/\\\/accesolatino.org\\\/\",\"name\":\"Acceso Latino | Fundaci\u00f3n Carlos Slim\",\"description\":\"Fundaci\u00f3n Carlos Slim\",\"publisher\":{\"@id\":\"https:\\\/\\\/accesolatino.org\\\/#organization\"},\"potentialAction\":[{\"@type\":\"SearchAction\",\"target\":{\"@type\":\"EntryPoint\",\"urlTemplate\":\"https:\\\/\\\/accesolatino.org\\\/?s={search_term_string}\"},\"query-input\":{\"@type\":\"PropertyValueSpecification\",\"valueRequired\":true,\"valueName\":\"search_term_string\"}}],\"inLanguage\":\"en-US\"},{\"@type\":\"Organization\",\"@id\":\"https:\\\/\\\/accesolatino.org\\\/#organization\",\"name\":\"Acceso Latino | Fundaci\u00f3n Carlos Slim\",\"url\":\"https:\\\/\\\/accesolatino.org\\\/\",\"logo\":{\"@type\":\"ImageObject\",\"inLanguage\":\"en-US\",\"@id\":\"https:\\\/\\\/accesolatino.org\\\/#\\\/schema\\\/logo\\\/image\\\/\",\"url\":\"https:\\\/\\\/accesolatino.org\\\/wp-content\\\/uploads\\\/2021\\\/02\\\/logo-footer-acceso-latino.png\",\"contentUrl\":\"https:\\\/\\\/accesolatino.org\\\/wp-content\\\/uploads\\\/2021\\\/02\\\/logo-footer-acceso-latino.png\",\"width\":240,\"height\":40,\"caption\":\"Acceso Latino | Fundaci\u00f3n Carlos Slim\"},\"image\":{\"@id\":\"https:\\\/\\\/accesolatino.org\\\/#\\\/schema\\\/logo\\\/image\\\/\"},\"sameAs\":[\"https:\\\/\\\/www.facebook.com\\\/AccesoLatinoOrg\",\"https:\\\/\\\/x.com\\\/FAccLatino\"]},{\"@type\":\"Person\",\"@id\":\"https:\\\/\\\/accesolatino.org\\\/#\\\/schema\\\/person\\\/57bc3bfd2c357610a5255490ca4cd305\",\"name\":\"Noticias\"}]}<\/script>\n<!-- \/ Yoast SEO plugin. -->","yoast_head_json":{"title":"Joven mexicana es seleccionada para realizar una estancia en la NASA","description":"La SCT, inform\u00f3 que la joven chihuahuense, Brenda P\u00e9rez, fue aceptada por la NASA para realizar una estancia de investigaci\u00f3n en el Ames Research Center","robots":{"index":"index","follow":"follow","max-snippet":"max-snippet:-1","max-image-preview":"max-image-preview:large","max-video-preview":"max-video-preview:-1"},"canonical":"https:\/\/accesolatino.org\/en\/joven-mexicana-es-seleccionada-para-realizar-una-estancia-en-la-nasa\/orgullo-latino\/","og_locale":"en_US","og_type":"article","og_title":"Joven mexicana es seleccionada para realizar una estancia en la NASA","og_description":"La SCT, inform\u00f3 que la joven chihuahuense, Brenda P\u00e9rez, fue aceptada por la NASA para realizar una estancia de investigaci\u00f3n en el Ames Research Center","og_url":"https:\/\/accesolatino.org\/en\/joven-mexicana-es-seleccionada-para-realizar-una-estancia-en-la-nasa\/orgullo-latino\/","og_site_name":"Acceso Latino","article_publisher":"https:\/\/www.facebook.com\/AccesoLatinoOrg","article_published_time":"2017-08-16T13:45:59+00:00","article_modified_time":"2025-10-28T06:58:01+00:00","og_image":[{"width":600,"height":354,"url":"https:\/\/accesolatino.org\/wp-content\/uploads\/2017\/08\/Joven-mexicana-es-seleccionada-para-realizar-una-estancia-en-la-NASA.jpg","type":"image\/jpeg"}],"author":"Noticias","twitter_card":"summary_large_image","twitter_creator":"@FAccLatino","twitter_site":"@FAccLatino","twitter_misc":{"Written by":"Noticias","Est. reading time":"3 minutes"},"schema":{"@context":"https:\/\/schema.org","@graph":[{"@type":"Article","@id":"https:\/\/accesolatino.org\/joven-mexicana-es-seleccionada-para-realizar-una-estancia-en-la-nasa\/orgullo-latino\/#article","isPartOf":{"@id":"https:\/\/accesolatino.org\/joven-mexicana-es-seleccionada-para-realizar-una-estancia-en-la-nasa\/orgullo-latino\/"},"author":{"name":"Noticias","@id":"https:\/\/accesolatino.org\/#\/schema\/person\/57bc3bfd2c357610a5255490ca4cd305"},"headline":"Joven mexicana es seleccionada para realizar una estancia en la NASA","datePublished":"2017-08-16T13:45:59+00:00","dateModified":"2025-10-28T06:58:01+00:00","mainEntityOfPage":{"@id":"https:\/\/accesolatino.org\/joven-mexicana-es-seleccionada-para-realizar-una-estancia-en-la-nasa\/orgullo-latino\/"},"wordCount":495,"commentCount":0,"publisher":{"@id":"https:\/\/accesolatino.org\/#organization"},"image":{"@id":"https:\/\/accesolatino.org\/joven-mexicana-es-seleccionada-para-realizar-una-estancia-en-la-nasa\/orgullo-latino\/#primaryimage"},"thumbnailUrl":"https:\/\/accesolatino.org\/wp-content\/uploads\/2017\/08\/Joven-mexicana-es-seleccionada-para-realizar-una-estancia-en-la-NASA.jpg","articleSection":["Orgullo Latino"],"inLanguage":"en-US","potentialAction":[{"@type":"CommentAction","name":"Comment","target":["https:\/\/accesolatino.org\/joven-mexicana-es-seleccionada-para-realizar-una-estancia-en-la-nasa\/orgullo-latino\/#respond"]}]},{"@type":"WebPage","@id":"https:\/\/accesolatino.org\/joven-mexicana-es-seleccionada-para-realizar-una-estancia-en-la-nasa\/orgullo-latino\/","url":"https:\/\/accesolatino.org\/joven-mexicana-es-seleccionada-para-realizar-una-estancia-en-la-nasa\/orgullo-latino\/","name":"Joven mexicana es seleccionada para realizar una estancia en la NASA","isPartOf":{"@id":"https:\/\/accesolatino.org\/#website"},"primaryImageOfPage":{"@id":"https:\/\/accesolatino.org\/joven-mexicana-es-seleccionada-para-realizar-una-estancia-en-la-nasa\/orgullo-latino\/#primaryimage"},"image":{"@id":"https:\/\/accesolatino.org\/joven-mexicana-es-seleccionada-para-realizar-una-estancia-en-la-nasa\/orgullo-latino\/#primaryimage"},"thumbnailUrl":"https:\/\/accesolatino.org\/wp-content\/uploads\/2017\/08\/Joven-mexicana-es-seleccionada-para-realizar-una-estancia-en-la-NASA.jpg","datePublished":"2017-08-16T13:45:59+00:00","dateModified":"2025-10-28T06:58:01+00:00","description":"La SCT, inform\u00f3 que la joven chihuahuense, Brenda P\u00e9rez, fue aceptada por la NASA para realizar una estancia de investigaci\u00f3n en el Ames Research Center","breadcrumb":{"@id":"https:\/\/accesolatino.org\/joven-mexicana-es-seleccionada-para-realizar-una-estancia-en-la-nasa\/orgullo-latino\/#breadcrumb"},"inLanguage":"en-US","potentialAction":[{"@type":"ReadAction","target":["https:\/\/accesolatino.org\/joven-mexicana-es-seleccionada-para-realizar-una-estancia-en-la-nasa\/orgullo-latino\/"]}]},{"@type":"ImageObject","inLanguage":"en-US","@id":"https:\/\/accesolatino.org\/joven-mexicana-es-seleccionada-para-realizar-una-estancia-en-la-nasa\/orgullo-latino\/#primaryimage","url":"https:\/\/accesolatino.org\/wp-content\/uploads\/2017\/08\/Joven-mexicana-es-seleccionada-para-realizar-una-estancia-en-la-NASA.jpg","contentUrl":"https:\/\/accesolatino.org\/wp-content\/uploads\/2017\/08\/Joven-mexicana-es-seleccionada-para-realizar-una-estancia-en-la-NASA.jpg","width":"600","height":"354","caption":"Joven-mexicana-es-seleccionada-para-realizar-una-estancia-en-la-NASA"},{"@type":"BreadcrumbList","@id":"https:\/\/accesolatino.org\/joven-mexicana-es-seleccionada-para-realizar-una-estancia-en-la-nasa\/orgullo-latino\/#breadcrumb","itemListElement":[{"@type":"ListItem","position":1,"name":"Portada","item":"https:\/\/accesolatino.org\/"},{"@type":"ListItem","position":2,"name":"Orgullo Latino","item":"https:\/\/accesolatino.org\/category\/orgullo-latino\/"},{"@type":"ListItem","position":3,"name":"Joven mexicana es seleccionada para realizar una estancia en la NASA"}]},{"@type":"WebSite","@id":"https:\/\/accesolatino.org\/#website","url":"https:\/\/accesolatino.org\/","name":"Acceso Latino | Fundaci\u00f3n Carlos Slim","description":"Fundaci\u00f3n Carlos Slim","publisher":{"@id":"https:\/\/accesolatino.org\/#organization"},"potentialAction":[{"@type":"SearchAction","target":{"@type":"EntryPoint","urlTemplate":"https:\/\/accesolatino.org\/?s={search_term_string}"},"query-input":{"@type":"PropertyValueSpecification","valueRequired":true,"valueName":"search_term_string"}}],"inLanguage":"en-US"},{"@type":"Organization","@id":"https:\/\/accesolatino.org\/#organization","name":"Acceso Latino | Fundaci\u00f3n Carlos Slim","url":"https:\/\/accesolatino.org\/","logo":{"@type":"ImageObject","inLanguage":"en-US","@id":"https:\/\/accesolatino.org\/#\/schema\/logo\/image\/","url":"https:\/\/accesolatino.org\/wp-content\/uploads\/2021\/02\/logo-footer-acceso-latino.png","contentUrl":"https:\/\/accesolatino.org\/wp-content\/uploads\/2021\/02\/logo-footer-acceso-latino.png","width":240,"height":40,"caption":"Acceso Latino | Fundaci\u00f3n Carlos Slim"},"image":{"@id":"https:\/\/accesolatino.org\/#\/schema\/logo\/image\/"},"sameAs":["https:\/\/www.facebook.com\/AccesoLatinoOrg","https:\/\/x.com\/FAccLatino"]},{"@type":"Person","@id":"https:\/\/accesolatino.org\/#\/schema\/person\/57bc3bfd2c357610a5255490ca4cd305","name":"News"}]}},"_links":{"self":[{"href":"https:\/\/accesolatino.org\/en\/wp-json\/wp\/v2\/posts\/9978","targetHints":{"allow":["GET"]}}],"collection":[{"href":"https:\/\/accesolatino.org\/en\/wp-json\/wp\/v2\/posts"}],"about":[{"href":"https:\/\/accesolatino.org\/en\/wp-json\/wp\/v2\/types\/post"}],"author":[{"embeddable":true,"href":"https:\/\/accesolatino.org\/en\/wp-json\/wp\/v2\/users\/13"}],"replies":[{"embeddable":true,"href":"https:\/\/accesolatino.org\/en\/wp-json\/wp\/v2\/comments?post=9978"}],"version-history":[{"count":1,"href":"https:\/\/accesolatino.org\/en\/wp-json\/wp\/v2\/posts\/9978\/revisions"}],"predecessor-version":[{"id":66956,"href":"https:\/\/accesolatino.org\/en\/wp-json\/wp\/v2\/posts\/9978\/revisions\/66956"}],"wp:featuredmedia":[{"embeddable":true,"href":"https:\/\/accesolatino.org\/en\/wp-json\/wp\/v2\/media\/9979"}],"wp:attachment":[{"href":"https:\/\/accesolatino.org\/en\/wp-json\/wp\/v2\/media?parent=9978"}],"wp:term":[{"taxonomy":"category","embeddable":true,"href":"https:\/\/accesolatino.org\/en\/wp-json\/wp\/v2\/categories?post=9978"},{"taxonomy":"post_tag","embeddable":true,"href":"https:\/\/accesolatino.org\/en\/wp-json\/wp\/v2\/tags?post=9978"}],"curies":[{"name":"wp","href":"https:\/\/api.w.org\/{rel}","templated":true}]}}