{"id":773,"date":"2018-03-06T12:08:03","date_gmt":"2018-03-06T12:08:03","guid":{"rendered":"http:\/\/charvi.tanshcreative.com\/?p=773"},"modified":"2025-10-27T13:37:41","modified_gmt":"2025-10-27T19:37:41","slug":"daca-sigue-vigente-te-decimos-como-renovarlo","status":"publish","type":"post","link":"https:\/\/accesolatino.org\/en\/daca-sigue-vigente-te-decimos-como-renovarlo\/noticias\/","title":{"rendered":"DACA sigue vigente"},"content":{"rendered":"<div data-elementor-type=\"wp-post\" data-elementor-id=\"773\" class=\"elementor elementor-773 elementor-bc-flex-widget\">\n\t\t\t\t\t\t<section class=\"elementor-section elementor-top-section elementor-element elementor-element-584c8e28 elementor-section-boxed elementor-section-height-default elementor-section-height-default wpr-particle-no wpr-jarallax-no wpr-parallax-no wpr-sticky-section-no wpr-equal-height-no\" data-id=\"584c8e28\" data-element_type=\"section\" data-e-type=\"section\">\n\t\t\t\t\t\t<div class=\"elementor-container elementor-column-gap-default\">\n\t\t\t\t\t<div class=\"elementor-column elementor-col-100 elementor-top-column elementor-element elementor-element-5afd140a\" data-id=\"5afd140a\" data-element_type=\"column\" data-e-type=\"column\">\n\t\t\t<div class=\"elementor-widget-wrap elementor-element-populated\">\n\t\t\t\t\t\t<div class=\"elementor-element elementor-element-4880930 elementor-widget elementor-widget-text-editor\" data-id=\"4880930\" data-element_type=\"widget\" data-e-type=\"widget\" data-widget_type=\"text-editor.default\">\n\t\t\t\t<div class=\"elementor-widget-container\">\n\t\t\t\t\t\t\t\t\t<p>El 26 de febrero el Tribunal Supremo de Estados Unidos concedi\u00f3 una victoria a los \u201cdreamers\u201d, al rechazar la solicitud del Departamento de Justicia para intervenir en la disputa sobre el programa de Acci\u00f3n Diferida (DACA) en tribunales.<\/p><p>Con esta resoluci\u00f3n, los \u201cdreamers\u201d podr\u00e1n seguir solicitando este beneficio migratorio en tanto no se ordene lo contrario ante las cortes, ya que el gobierno de Estados Unidos orden\u00f3 finalizarlo el 05 de marzo.<\/p><p>Esto protege de la deportaci\u00f3n a 690,000 j\u00f3venes indocumentados que arribaron a los Estados Unidos cuando eran ni\u00f1os.<\/p><p>En un comunicado, el tribunal anunci\u00f3 su decisi\u00f3n de no admitir a tr\u00e1mite el caso, en el cual se cuestionaba el fallo de un juez de Corte federal de California, quien en enero determin\u00f3 que el gobierno de Estados Unidos no pod\u00eda acabar por completo con DACA, mientras hubiera litigios pendientes en diferentes cortes del pa\u00eds relativas a este programa, un veredicto que el Departamento de Justicia recurri\u00f3 directamente ante el Supremo.<\/p><p>Ahora se esperar\u00e1 que el tema sea decidido en los tribunales, aunque eso no significa que en un futuro el programa no llegue a discutirse ante la Corte Suprema.<\/p><p>Los \u201cdreamers\u201d que est\u00e1n en proceso de renovaci\u00f3n o que buscan comenzar el proceso, podr\u00e1n acceder a la informaci\u00f3n necesaria del programa <strong><a title=\"\" href=\"https:\/\/accesolatino.org\/en\/daca\/\" target=\"_blank\" rel=\"noopener\">DACA<\/a> <\/strong>en la herramienta del portal Acceso Latino <strong>\u201c<a title=\"\" href=\"http:\/\/accesolatino.org\/en\/sigue-los-pasos-para-renovar-tu-daca\/\" target=\"_blank\" rel=\"noopener\">Sigue los pasos para renovar tu DACA<\/a>\u201d<\/strong>, y tambi\u00e9n podr\u00e1n informarse acerca de sus derechos en nuestra herramienta de <strong>\u201c<a title=\"\" href=\"http:\/\/accesolatino.org\/en\/tus-derechos\/\" target=\"_blank\" rel=\"noopener\">Your Rights<\/a>\u201d<\/strong>.<\/p>\t\t\t\t\t\t\t\t<\/div>\n\t\t\t\t<\/div>\n\t\t\t\t\t<\/div>\n\t\t<\/div>\n\t\t\t\t\t<\/div>\n\t\t<\/section>\n\t\t\t\t<\/div>","protected":false},"excerpt":{"rendered":"<p>El 26 de febrero el Tribunal Supremo de Estados Unidos concedi\u00f3 una victoria a los \u201cdreamers\u201d, al rechazar la solicitud del Departamento de Justicia para intervenir en la disputa sobre el programa de Acci\u00f3n Diferida (DACA) en tribunales. Con esta resoluci\u00f3n, los \u201cdreamers\u201d podr\u00e1n seguir solicitando este beneficio migratorio en tanto no se ordene lo contrario ante las cortes, ya que el gobierno de Estados Unidos orden\u00f3 finalizarlo el 05 de marzo. Esto protege de la deportaci\u00f3n a 690,000 j\u00f3venes indocumentados que arribaron a los Estados Unidos cuando eran ni\u00f1os. En un comunicado, el tribunal anunci\u00f3 su decisi\u00f3n de no admitir a tr\u00e1mite el caso, en el cual se cuestionaba el fallo de un juez de Corte federal de California, quien en enero determin\u00f3 que el gobierno de Estados Unidos no pod\u00eda acabar por completo con DACA, mientras hubiera litigios pendientes en diferentes cortes del pa\u00eds relativas a este programa, un veredicto que el Departamento de Justicia recurri\u00f3 directamente ante el Supremo. Ahora se esperar\u00e1 que el tema sea decidido en los tribunales, aunque eso no significa que en un futuro el programa no llegue a discutirse ante la Corte Suprema. Los \u201cdreamers\u201d que est\u00e1n en proceso de renovaci\u00f3n o que buscan comenzar el proceso, podr\u00e1n acceder a la informaci\u00f3n necesaria del programa DACA en la herramienta del portal Acceso Latino \u201cSigue los pasos para renovar tu DACA\u201d, y tambi\u00e9n podr\u00e1n informarse acerca de sus derechos en nuestra herramienta de \u201cTus Derechos\u201d.<\/p>","protected":false},"author":13,"featured_media":1983,"comment_status":"open","ping_status":"open","sticky":false,"template":"","format":"standard","meta":{"_uf_show_specific_survey":0,"_uf_disable_surveys":false,"footnotes":""},"categories":[10,1],"tags":[],"class_list":["post-773","post","type-post","status-publish","format-standard","has-post-thumbnail","hentry","category-noticias","category-temas-de-interes"],"aioseo_notices":[],"yoast_head":"<!-- This site is optimized with the Yoast SEO plugin v27.5 - https:\/\/yoast.com\/product\/yoast-seo-wordpress\/ -->\n<title>DACA sigue vigente<\/title>\n<meta name=\"robots\" content=\"index, follow, max-snippet:-1, max-image-preview:large, max-video-preview:-1\" \/>\n<link rel=\"canonical\" href=\"https:\/\/accesolatino.org\/en\/daca-sigue-vigente-te-decimos-como-renovarlo\/noticias\/\" \/>\n<meta property=\"og:locale\" content=\"en_US\" \/>\n<meta property=\"og:type\" content=\"article\" \/>\n<meta property=\"og:title\" content=\"DACA sigue vigente\" \/>\n<meta property=\"og:description\" content=\"El 26 de febrero el Tribunal Supremo de Estados Unidos concedi\u00f3 una victoria a los \u201cdreamers\u201d, al rechazar la solicitud del Departamento de Justicia para intervenir en la disputa sobre el programa de Acci\u00f3n Diferida (DACA) en tribunales. Con esta resoluci\u00f3n, los \u201cdreamers\u201d podr\u00e1n seguir solicitando este beneficio migratorio en tanto no se ordene lo contrario ante las cortes, ya que el gobierno de Estados Unidos orden\u00f3 finalizarlo el 05 de marzo. Esto protege de la deportaci\u00f3n a 690,000 j\u00f3venes indocumentados que arribaron a los Estados Unidos cuando eran ni\u00f1os. En un comunicado, el tribunal anunci\u00f3 su decisi\u00f3n de no admitir a tr\u00e1mite el caso, en el cual se cuestionaba el fallo de un juez de Corte federal de California, quien en enero determin\u00f3 que el gobierno de Estados Unidos no pod\u00eda acabar por completo con DACA, mientras hubiera litigios pendientes en diferentes cortes del pa\u00eds relativas a este programa, un veredicto que el Departamento de Justicia recurri\u00f3 directamente ante el Supremo. Ahora se esperar\u00e1 que el tema sea decidido en los tribunales, aunque eso no significa que en un futuro el programa no llegue a discutirse ante la Corte Suprema. Los \u201cdreamers\u201d que est\u00e1n en proceso de renovaci\u00f3n o que buscan comenzar el proceso, podr\u00e1n acceder a la informaci\u00f3n necesaria del programa DACA en la herramienta del portal Acceso Latino \u201cSigue los pasos para renovar tu DACA\u201d, y tambi\u00e9n podr\u00e1n informarse acerca de sus derechos en nuestra herramienta de \u201cTus Derechos\u201d.\" \/>\n<meta property=\"og:url\" content=\"https:\/\/accesolatino.org\/en\/daca-sigue-vigente-te-decimos-como-renovarlo\/noticias\/\" \/>\n<meta property=\"og:site_name\" content=\"Acceso Latino\" \/>\n<meta property=\"article:publisher\" content=\"https:\/\/www.facebook.com\/AccesoLatinoOrg\" \/>\n<meta property=\"article:published_time\" content=\"2018-03-06T12:08:03+00:00\" \/>\n<meta property=\"article:modified_time\" content=\"2025-10-27T19:37:41+00:00\" \/>\n<meta property=\"og:image\" content=\"https:\/\/accesolatino.org\/wp-content\/uploads\/2018\/03\/DACA-sigue-vigente-renueva-tu-permiso-aqui1.jpg\" \/>\n\t<meta property=\"og:image:width\" content=\"600\" \/>\n\t<meta property=\"og:image:height\" content=\"338\" \/>\n\t<meta property=\"og:image:type\" content=\"image\/jpeg\" \/>\n<meta name=\"author\" content=\"Noticias\" \/>\n<meta name=\"twitter:card\" content=\"summary_large_image\" \/>\n<meta name=\"twitter:creator\" content=\"@FAccLatino\" \/>\n<meta name=\"twitter:site\" content=\"@FAccLatino\" \/>\n<meta name=\"twitter:label1\" content=\"Written by\" \/>\n\t<meta name=\"twitter:data1\" content=\"Noticias\" \/>\n\t<meta name=\"twitter:label2\" content=\"Est. reading time\" \/>\n\t<meta name=\"twitter:data2\" content=\"2 minutes\" \/>\n<script type=\"application\/ld+json\" class=\"yoast-schema-graph\">{\"@context\":\"https:\\\/\\\/schema.org\",\"@graph\":[{\"@type\":\"Article\",\"@id\":\"https:\\\/\\\/accesolatino.org\\\/daca-sigue-vigente-te-decimos-como-renovarlo\\\/noticias\\\/#article\",\"isPartOf\":{\"@id\":\"https:\\\/\\\/accesolatino.org\\\/daca-sigue-vigente-te-decimos-como-renovarlo\\\/noticias\\\/\"},\"author\":{\"name\":\"Noticias\",\"@id\":\"https:\\\/\\\/accesolatino.org\\\/#\\\/schema\\\/person\\\/57bc3bfd2c357610a5255490ca4cd305\"},\"headline\":\"DACA sigue vigente\",\"datePublished\":\"2018-03-06T12:08:03+00:00\",\"dateModified\":\"2025-10-27T19:37:41+00:00\",\"mainEntityOfPage\":{\"@id\":\"https:\\\/\\\/accesolatino.org\\\/daca-sigue-vigente-te-decimos-como-renovarlo\\\/noticias\\\/\"},\"wordCount\":258,\"commentCount\":0,\"publisher\":{\"@id\":\"https:\\\/\\\/accesolatino.org\\\/#organization\"},\"image\":{\"@id\":\"https:\\\/\\\/accesolatino.org\\\/daca-sigue-vigente-te-decimos-como-renovarlo\\\/noticias\\\/#primaryimage\"},\"thumbnailUrl\":\"https:\\\/\\\/accesolatino.org\\\/wp-content\\\/uploads\\\/2018\\\/03\\\/DACA-sigue-vigente-renueva-tu-permiso-aqui1.jpg\",\"articleSection\":[\"Noticias\",\"Temas de inter\u00e9s\"],\"inLanguage\":\"en-US\",\"potentialAction\":[{\"@type\":\"CommentAction\",\"name\":\"Comment\",\"target\":[\"https:\\\/\\\/accesolatino.org\\\/daca-sigue-vigente-te-decimos-como-renovarlo\\\/noticias\\\/#respond\"]}]},{\"@type\":\"WebPage\",\"@id\":\"https:\\\/\\\/accesolatino.org\\\/daca-sigue-vigente-te-decimos-como-renovarlo\\\/noticias\\\/\",\"url\":\"https:\\\/\\\/accesolatino.org\\\/daca-sigue-vigente-te-decimos-como-renovarlo\\\/noticias\\\/\",\"name\":\"DACA sigue vigente\",\"isPartOf\":{\"@id\":\"https:\\\/\\\/accesolatino.org\\\/#website\"},\"primaryImageOfPage\":{\"@id\":\"https:\\\/\\\/accesolatino.org\\\/daca-sigue-vigente-te-decimos-como-renovarlo\\\/noticias\\\/#primaryimage\"},\"image\":{\"@id\":\"https:\\\/\\\/accesolatino.org\\\/daca-sigue-vigente-te-decimos-como-renovarlo\\\/noticias\\\/#primaryimage\"},\"thumbnailUrl\":\"https:\\\/\\\/accesolatino.org\\\/wp-content\\\/uploads\\\/2018\\\/03\\\/DACA-sigue-vigente-renueva-tu-permiso-aqui1.jpg\",\"datePublished\":\"2018-03-06T12:08:03+00:00\",\"dateModified\":\"2025-10-27T19:37:41+00:00\",\"breadcrumb\":{\"@id\":\"https:\\\/\\\/accesolatino.org\\\/daca-sigue-vigente-te-decimos-como-renovarlo\\\/noticias\\\/#breadcrumb\"},\"inLanguage\":\"en-US\",\"potentialAction\":[{\"@type\":\"ReadAction\",\"target\":[\"https:\\\/\\\/accesolatino.org\\\/daca-sigue-vigente-te-decimos-como-renovarlo\\\/noticias\\\/\"]}]},{\"@type\":\"ImageObject\",\"inLanguage\":\"en-US\",\"@id\":\"https:\\\/\\\/accesolatino.org\\\/daca-sigue-vigente-te-decimos-como-renovarlo\\\/noticias\\\/#primaryimage\",\"url\":\"https:\\\/\\\/accesolatino.org\\\/wp-content\\\/uploads\\\/2018\\\/03\\\/DACA-sigue-vigente-renueva-tu-permiso-aqui1.jpg\",\"contentUrl\":\"https:\\\/\\\/accesolatino.org\\\/wp-content\\\/uploads\\\/2018\\\/03\\\/DACA-sigue-vigente-renueva-tu-permiso-aqui1.jpg\",\"width\":\"600\",\"height\":\"338\",\"caption\":\"DACA-sigue-vigente-renueva-tu-permiso-aqui\"},{\"@type\":\"BreadcrumbList\",\"@id\":\"https:\\\/\\\/accesolatino.org\\\/daca-sigue-vigente-te-decimos-como-renovarlo\\\/noticias\\\/#breadcrumb\",\"itemListElement\":[{\"@type\":\"ListItem\",\"position\":1,\"name\":\"Portada\",\"item\":\"https:\\\/\\\/accesolatino.org\\\/\"},{\"@type\":\"ListItem\",\"position\":2,\"name\":\"Noticias\",\"item\":\"https:\\\/\\\/accesolatino.org\\\/category\\\/noticias\\\/\"},{\"@type\":\"ListItem\",\"position\":3,\"name\":\"DACA sigue vigente\"}]},{\"@type\":\"WebSite\",\"@id\":\"https:\\\/\\\/accesolatino.org\\\/#website\",\"url\":\"https:\\\/\\\/accesolatino.org\\\/\",\"name\":\"Acceso Latino | Fundaci\u00f3n Carlos Slim\",\"description\":\"Fundaci\u00f3n Carlos Slim\",\"publisher\":{\"@id\":\"https:\\\/\\\/accesolatino.org\\\/#organization\"},\"potentialAction\":[{\"@type\":\"SearchAction\",\"target\":{\"@type\":\"EntryPoint\",\"urlTemplate\":\"https:\\\/\\\/accesolatino.org\\\/?s={search_term_string}\"},\"query-input\":{\"@type\":\"PropertyValueSpecification\",\"valueRequired\":true,\"valueName\":\"search_term_string\"}}],\"inLanguage\":\"en-US\"},{\"@type\":\"Organization\",\"@id\":\"https:\\\/\\\/accesolatino.org\\\/#organization\",\"name\":\"Acceso Latino | Fundaci\u00f3n Carlos Slim\",\"url\":\"https:\\\/\\\/accesolatino.org\\\/\",\"logo\":{\"@type\":\"ImageObject\",\"inLanguage\":\"en-US\",\"@id\":\"https:\\\/\\\/accesolatino.org\\\/#\\\/schema\\\/logo\\\/image\\\/\",\"url\":\"https:\\\/\\\/accesolatino.org\\\/wp-content\\\/uploads\\\/2021\\\/02\\\/logo-footer-acceso-latino.png\",\"contentUrl\":\"https:\\\/\\\/accesolatino.org\\\/wp-content\\\/uploads\\\/2021\\\/02\\\/logo-footer-acceso-latino.png\",\"width\":240,\"height\":40,\"caption\":\"Acceso Latino | Fundaci\u00f3n Carlos Slim\"},\"image\":{\"@id\":\"https:\\\/\\\/accesolatino.org\\\/#\\\/schema\\\/logo\\\/image\\\/\"},\"sameAs\":[\"https:\\\/\\\/www.facebook.com\\\/AccesoLatinoOrg\",\"https:\\\/\\\/x.com\\\/FAccLatino\"]},{\"@type\":\"Person\",\"@id\":\"https:\\\/\\\/accesolatino.org\\\/#\\\/schema\\\/person\\\/57bc3bfd2c357610a5255490ca4cd305\",\"name\":\"Noticias\"}]}<\/script>\n<!-- \/ Yoast SEO plugin. -->","yoast_head_json":{"title":"DACA sigue vigente","robots":{"index":"index","follow":"follow","max-snippet":"max-snippet:-1","max-image-preview":"max-image-preview:large","max-video-preview":"max-video-preview:-1"},"canonical":"https:\/\/accesolatino.org\/en\/daca-sigue-vigente-te-decimos-como-renovarlo\/noticias\/","og_locale":"en_US","og_type":"article","og_title":"DACA sigue vigente","og_description":"El 26 de febrero el Tribunal Supremo de Estados Unidos concedi\u00f3 una victoria a los \u201cdreamers\u201d, al rechazar la solicitud del Departamento de Justicia para intervenir en la disputa sobre el programa de Acci\u00f3n Diferida (DACA) en tribunales. Con esta resoluci\u00f3n, los \u201cdreamers\u201d podr\u00e1n seguir solicitando este beneficio migratorio en tanto no se ordene lo contrario ante las cortes, ya que el gobierno de Estados Unidos orden\u00f3 finalizarlo el 05 de marzo. Esto protege de la deportaci\u00f3n a 690,000 j\u00f3venes indocumentados que arribaron a los Estados Unidos cuando eran ni\u00f1os. En un comunicado, el tribunal anunci\u00f3 su decisi\u00f3n de no admitir a tr\u00e1mite el caso, en el cual se cuestionaba el fallo de un juez de Corte federal de California, quien en enero determin\u00f3 que el gobierno de Estados Unidos no pod\u00eda acabar por completo con DACA, mientras hubiera litigios pendientes en diferentes cortes del pa\u00eds relativas a este programa, un veredicto que el Departamento de Justicia recurri\u00f3 directamente ante el Supremo. Ahora se esperar\u00e1 que el tema sea decidido en los tribunales, aunque eso no significa que en un futuro el programa no llegue a discutirse ante la Corte Suprema. Los \u201cdreamers\u201d que est\u00e1n en proceso de renovaci\u00f3n o que buscan comenzar el proceso, podr\u00e1n acceder a la informaci\u00f3n necesaria del programa DACA en la herramienta del portal Acceso Latino \u201cSigue los pasos para renovar tu DACA\u201d, y tambi\u00e9n podr\u00e1n informarse acerca de sus derechos en nuestra herramienta de \u201cTus Derechos\u201d.","og_url":"https:\/\/accesolatino.org\/en\/daca-sigue-vigente-te-decimos-como-renovarlo\/noticias\/","og_site_name":"Acceso Latino","article_publisher":"https:\/\/www.facebook.com\/AccesoLatinoOrg","article_published_time":"2018-03-06T12:08:03+00:00","article_modified_time":"2025-10-27T19:37:41+00:00","og_image":[{"width":600,"height":338,"url":"https:\/\/accesolatino.org\/wp-content\/uploads\/2018\/03\/DACA-sigue-vigente-renueva-tu-permiso-aqui1.jpg","type":"image\/jpeg"}],"author":"Noticias","twitter_card":"summary_large_image","twitter_creator":"@FAccLatino","twitter_site":"@FAccLatino","twitter_misc":{"Written by":"Noticias","Est. reading time":"2 minutes"},"schema":{"@context":"https:\/\/schema.org","@graph":[{"@type":"Article","@id":"https:\/\/accesolatino.org\/daca-sigue-vigente-te-decimos-como-renovarlo\/noticias\/#article","isPartOf":{"@id":"https:\/\/accesolatino.org\/daca-sigue-vigente-te-decimos-como-renovarlo\/noticias\/"},"author":{"name":"Noticias","@id":"https:\/\/accesolatino.org\/#\/schema\/person\/57bc3bfd2c357610a5255490ca4cd305"},"headline":"DACA sigue vigente","datePublished":"2018-03-06T12:08:03+00:00","dateModified":"2025-10-27T19:37:41+00:00","mainEntityOfPage":{"@id":"https:\/\/accesolatino.org\/daca-sigue-vigente-te-decimos-como-renovarlo\/noticias\/"},"wordCount":258,"commentCount":0,"publisher":{"@id":"https:\/\/accesolatino.org\/#organization"},"image":{"@id":"https:\/\/accesolatino.org\/daca-sigue-vigente-te-decimos-como-renovarlo\/noticias\/#primaryimage"},"thumbnailUrl":"https:\/\/accesolatino.org\/wp-content\/uploads\/2018\/03\/DACA-sigue-vigente-renueva-tu-permiso-aqui1.jpg","articleSection":["Noticias","Temas de inter\u00e9s"],"inLanguage":"en-US","potentialAction":[{"@type":"CommentAction","name":"Comment","target":["https:\/\/accesolatino.org\/daca-sigue-vigente-te-decimos-como-renovarlo\/noticias\/#respond"]}]},{"@type":"WebPage","@id":"https:\/\/accesolatino.org\/daca-sigue-vigente-te-decimos-como-renovarlo\/noticias\/","url":"https:\/\/accesolatino.org\/daca-sigue-vigente-te-decimos-como-renovarlo\/noticias\/","name":"DACA sigue vigente","isPartOf":{"@id":"https:\/\/accesolatino.org\/#website"},"primaryImageOfPage":{"@id":"https:\/\/accesolatino.org\/daca-sigue-vigente-te-decimos-como-renovarlo\/noticias\/#primaryimage"},"image":{"@id":"https:\/\/accesolatino.org\/daca-sigue-vigente-te-decimos-como-renovarlo\/noticias\/#primaryimage"},"thumbnailUrl":"https:\/\/accesolatino.org\/wp-content\/uploads\/2018\/03\/DACA-sigue-vigente-renueva-tu-permiso-aqui1.jpg","datePublished":"2018-03-06T12:08:03+00:00","dateModified":"2025-10-27T19:37:41+00:00","breadcrumb":{"@id":"https:\/\/accesolatino.org\/daca-sigue-vigente-te-decimos-como-renovarlo\/noticias\/#breadcrumb"},"inLanguage":"en-US","potentialAction":[{"@type":"ReadAction","target":["https:\/\/accesolatino.org\/daca-sigue-vigente-te-decimos-como-renovarlo\/noticias\/"]}]},{"@type":"ImageObject","inLanguage":"en-US","@id":"https:\/\/accesolatino.org\/daca-sigue-vigente-te-decimos-como-renovarlo\/noticias\/#primaryimage","url":"https:\/\/accesolatino.org\/wp-content\/uploads\/2018\/03\/DACA-sigue-vigente-renueva-tu-permiso-aqui1.jpg","contentUrl":"https:\/\/accesolatino.org\/wp-content\/uploads\/2018\/03\/DACA-sigue-vigente-renueva-tu-permiso-aqui1.jpg","width":"600","height":"338","caption":"DACA-sigue-vigente-renueva-tu-permiso-aqui"},{"@type":"BreadcrumbList","@id":"https:\/\/accesolatino.org\/daca-sigue-vigente-te-decimos-como-renovarlo\/noticias\/#breadcrumb","itemListElement":[{"@type":"ListItem","position":1,"name":"Portada","item":"https:\/\/accesolatino.org\/"},{"@type":"ListItem","position":2,"name":"Noticias","item":"https:\/\/accesolatino.org\/category\/noticias\/"},{"@type":"ListItem","position":3,"name":"DACA sigue vigente"}]},{"@type":"WebSite","@id":"https:\/\/accesolatino.org\/#website","url":"https:\/\/accesolatino.org\/","name":"Acceso Latino | Fundaci\u00f3n Carlos Slim","description":"Fundaci\u00f3n Carlos Slim","publisher":{"@id":"https:\/\/accesolatino.org\/#organization"},"potentialAction":[{"@type":"SearchAction","target":{"@type":"EntryPoint","urlTemplate":"https:\/\/accesolatino.org\/?s={search_term_string}"},"query-input":{"@type":"PropertyValueSpecification","valueRequired":true,"valueName":"search_term_string"}}],"inLanguage":"en-US"},{"@type":"Organization","@id":"https:\/\/accesolatino.org\/#organization","name":"Acceso Latino | Fundaci\u00f3n Carlos Slim","url":"https:\/\/accesolatino.org\/","logo":{"@type":"ImageObject","inLanguage":"en-US","@id":"https:\/\/accesolatino.org\/#\/schema\/logo\/image\/","url":"https:\/\/accesolatino.org\/wp-content\/uploads\/2021\/02\/logo-footer-acceso-latino.png","contentUrl":"https:\/\/accesolatino.org\/wp-content\/uploads\/2021\/02\/logo-footer-acceso-latino.png","width":240,"height":40,"caption":"Acceso Latino | Fundaci\u00f3n Carlos Slim"},"image":{"@id":"https:\/\/accesolatino.org\/#\/schema\/logo\/image\/"},"sameAs":["https:\/\/www.facebook.com\/AccesoLatinoOrg","https:\/\/x.com\/FAccLatino"]},{"@type":"Person","@id":"https:\/\/accesolatino.org\/#\/schema\/person\/57bc3bfd2c357610a5255490ca4cd305","name":"News"}]}},"_links":{"self":[{"href":"https:\/\/accesolatino.org\/en\/wp-json\/wp\/v2\/posts\/773","targetHints":{"allow":["GET"]}}],"collection":[{"href":"https:\/\/accesolatino.org\/en\/wp-json\/wp\/v2\/posts"}],"about":[{"href":"https:\/\/accesolatino.org\/en\/wp-json\/wp\/v2\/types\/post"}],"author":[{"embeddable":true,"href":"https:\/\/accesolatino.org\/en\/wp-json\/wp\/v2\/users\/13"}],"replies":[{"embeddable":true,"href":"https:\/\/accesolatino.org\/en\/wp-json\/wp\/v2\/comments?post=773"}],"version-history":[{"count":1,"href":"https:\/\/accesolatino.org\/en\/wp-json\/wp\/v2\/posts\/773\/revisions"}],"predecessor-version":[{"id":66717,"href":"https:\/\/accesolatino.org\/en\/wp-json\/wp\/v2\/posts\/773\/revisions\/66717"}],"wp:featuredmedia":[{"embeddable":true,"href":"https:\/\/accesolatino.org\/en\/wp-json\/wp\/v2\/media\/1983"}],"wp:attachment":[{"href":"https:\/\/accesolatino.org\/en\/wp-json\/wp\/v2\/media?parent=773"}],"wp:term":[{"taxonomy":"category","embeddable":true,"href":"https:\/\/accesolatino.org\/en\/wp-json\/wp\/v2\/categories?post=773"},{"taxonomy":"post_tag","embeddable":true,"href":"https:\/\/accesolatino.org\/en\/wp-json\/wp\/v2\/tags?post=773"}],"curies":[{"name":"wp","href":"https:\/\/api.w.org\/{rel}","templated":true}]}}