{"id":770,"date":"2018-03-06T13:03:53","date_gmt":"2018-03-06T13:03:53","guid":{"rendered":"http:\/\/charvi.tanshcreative.com\/?p=770"},"modified":"2025-10-27T13:37:35","modified_gmt":"2025-10-27T19:37:35","slug":"dreamer-la-comision-nacional-de-derechos-humanos-busca-protegerte","status":"publish","type":"post","link":"https:\/\/accesolatino.org\/en\/dreamer-la-comision-nacional-de-derechos-humanos-busca-protegerte\/noticias\/","title":{"rendered":"\u201cDreamer\u201d la Comisi\u00f3n Nacional de Derechos Humanos busca protegerte"},"content":{"rendered":"<div data-elementor-type=\"wp-post\" data-elementor-id=\"770\" class=\"elementor elementor-770 elementor-bc-flex-widget\">\n\t\t\t\t\t\t<section class=\"elementor-section elementor-top-section elementor-element elementor-element-162e2264 elementor-section-boxed elementor-section-height-default elementor-section-height-default wpr-particle-no wpr-jarallax-no wpr-parallax-no wpr-sticky-section-no wpr-equal-height-no\" data-id=\"162e2264\" data-element_type=\"section\" data-e-type=\"section\">\n\t\t\t\t\t\t<div class=\"elementor-container elementor-column-gap-default\">\n\t\t\t\t\t<div class=\"elementor-column elementor-col-100 elementor-top-column elementor-element elementor-element-8d4fd55\" data-id=\"8d4fd55\" data-element_type=\"column\" data-e-type=\"column\">\n\t\t\t<div class=\"elementor-widget-wrap elementor-element-populated\">\n\t\t\t\t\t\t<div class=\"elementor-element elementor-element-7ad21916 elementor-widget elementor-widget-text-editor\" data-id=\"7ad21916\" data-element_type=\"widget\" data-e-type=\"widget\" data-widget_type=\"text-editor.default\">\n\t\t\t\t<div class=\"elementor-widget-container\">\n\t\t\t\t\t\t\t\t\t<p>Luis Ra\u00fal Gonz\u00e1lez P\u00e9rez defensor nacional, fue el encargado de enviar a la Comisi\u00f3n Interamericana de Derechos Humanos (CIDH), un documento para la Audiencia tem\u00e1tica sobre la situaci\u00f3n de derechos humanos de personas afectadas por la cancelaci\u00f3n de los Programas TPS (Estatuto de Protecci\u00f3n Temporal) y DACA (Acci\u00f3n Diferida para los Llegados en la Infancia) en Estados Unidos.<br \/> <br \/><br \/>La Comisi\u00f3n Nacional de los Derechos Humanos (CNDH), considera de vital importancia que el Congreso de los Estados Unidos contin\u00fae con el proceso que le lleve a aprobar una legislaci\u00f3n que proteja los derechos fundamentales de los \u201cdreamers\u201d.<br \/> <br \/><br \/>Por este motivo, solicit\u00f3 a CIDH que haga un llamado a los legisladores estadounidenses para que contin\u00faen el debate que les lleve a aprobar una legislaci\u00f3n que regularice el estatus migratorio de los beneficiarios de la Acci\u00f3n Diferida para los Llegados en la Infancia (DACA), con la finalidad de proteger sus derechos humanos al no condicionar dicha regularizaci\u00f3n a la aprobaci\u00f3n de otras medidas discutidas por el Senado.<br \/> <br \/><br \/>De igual manera, solicitaron que no se establezcan obst\u00e1culos legales para la reunificaci\u00f3n familiar, y ofrezca a los \u201cdreamers\u201d estatus migratorio condicional despu\u00e9s de un tiempo razonable de estancia en Estados Unidos y les ofrezca la residencia legal permanente despu\u00e9s de haber cumplido los requisitos legales establecidos, mismos que deber\u00e1n ser razonables y tener en cuenta sus circunstancias de entrada, la duraci\u00f3n de su estancia y consideraciones relacionadas con su situaci\u00f3n familiar.<br \/> <br \/><br \/>La CNDH considera que el Congreso de los Estados Unidos debe continuar con el debate logrando la aprobaci\u00f3n de una ley que otorgue una soluci\u00f3n efectiva para este grupo de j\u00f3venes que, de otra manera, se ver\u00e1n grave e irreparablemente perjudicados.<br \/> <br \/><br \/>Los \u201cdreamers\u201d que est\u00e1n en proceso de renovaci\u00f3n o que buscan comenzar el proceso, podr\u00e1n acceder a la informaci\u00f3n necesaria del programa <strong><a title=\"\" href=\"https:\/\/accesolatino.org\/en\/daca\/\" target=\"_blank\" rel=\"noopener\">DACA<\/a> <\/strong>en la herramienta del portal <strong>Acceso Latino \u201c<a title=\"\" href=\"http:\/\/accesolatino.org\/en\/sigue-los-pasos-para-renovar-tu-daca\/\" target=\"_blank\" rel=\"noopener\">Sigue los pasos para renovar tu DACA<\/a>\u201d<\/strong>, y tambi\u00e9n podr\u00e1n informarse acerca de sus derechos en nuestra herramienta de<strong> \u201c<a title=\"\" href=\"http:\/\/accesolatino.org\/en\/tus-derechos\/\" target=\"_blank\" rel=\"noopener\">Your Rights<\/a>\".<\/strong><\/p>\t\t\t\t\t\t\t\t<\/div>\n\t\t\t\t<\/div>\n\t\t\t\t\t<\/div>\n\t\t<\/div>\n\t\t\t\t\t<\/div>\n\t\t<\/section>\n\t\t\t\t<\/div>","protected":false},"excerpt":{"rendered":"<p>Luis Ra\u00fal Gonz\u00e1lez P\u00e9rez defensor nacional, fue el encargado de enviar a la Comisi\u00f3n Interamericana de Derechos Humanos (CIDH), un documento para la Audiencia tem\u00e1tica sobre la situaci\u00f3n de derechos humanos de personas afectadas por la cancelaci\u00f3n de los Programas TPS (Estatuto de Protecci\u00f3n Temporal) y DACA (Acci\u00f3n Diferida para los Llegados en la Infancia) en Estados Unidos. La Comisi\u00f3n Nacional de los Derechos Humanos (CNDH), considera de vital importancia que el Congreso de los Estados Unidos contin\u00fae con el proceso que le lleve a aprobar una legislaci\u00f3n que proteja los derechos fundamentales de los \u201cdreamers\u201d. Por este motivo, solicit\u00f3 a CIDH que haga un llamado a los legisladores estadounidenses para que contin\u00faen el debate que les lleve a aprobar una legislaci\u00f3n que regularice el estatus migratorio de los beneficiarios de la Acci\u00f3n Diferida para los Llegados en la Infancia (DACA), con la finalidad de proteger sus derechos humanos al no condicionar dicha regularizaci\u00f3n a la aprobaci\u00f3n de otras medidas discutidas por el Senado. De igual manera, solicitaron que no se establezcan obst\u00e1culos legales para la reunificaci\u00f3n familiar, y ofrezca a los \u201cdreamers\u201d estatus migratorio condicional despu\u00e9s de un tiempo razonable de estancia en Estados Unidos y les ofrezca la residencia legal permanente despu\u00e9s de haber cumplido los requisitos legales establecidos, mismos que deber\u00e1n ser razonables y tener en cuenta sus circunstancias de entrada, la duraci\u00f3n de su estancia y consideraciones relacionadas con su situaci\u00f3n familiar. La CNDH considera que el Congreso de los Estados Unidos debe continuar con el debate logrando la aprobaci\u00f3n de una ley que otorgue una soluci\u00f3n efectiva para este grupo de j\u00f3venes que, de otra manera, se ver\u00e1n grave e irreparablemente perjudicados. Los \u201cdreamers\u201d que est\u00e1n en proceso de renovaci\u00f3n o que buscan comenzar el proceso, podr\u00e1n acceder a la informaci\u00f3n necesaria del programa DACA en la herramienta del portal Acceso Latino \u201cSigue los pasos para renovar tu DACA\u201d, y tambi\u00e9n podr\u00e1n informarse acerca de sus derechos en nuestra herramienta de \u201cTus Derechos\u201d.<\/p>","protected":false},"author":13,"featured_media":1984,"comment_status":"open","ping_status":"open","sticky":false,"template":"","format":"standard","meta":{"_uf_show_specific_survey":0,"_uf_disable_surveys":false,"footnotes":""},"categories":[10,1],"tags":[],"class_list":["post-770","post","type-post","status-publish","format-standard","has-post-thumbnail","hentry","category-noticias","category-temas-de-interes"],"aioseo_notices":[],"yoast_head":"<!-- This site is optimized with the Yoast SEO plugin v27.5 - https:\/\/yoast.com\/product\/yoast-seo-wordpress\/ -->\n<title>\u201cDreamer\u201d la Comisi\u00f3n Nacional de Derechos Humanos busca protegerte<\/title>\n<meta name=\"robots\" content=\"index, follow, max-snippet:-1, max-image-preview:large, max-video-preview:-1\" \/>\n<link rel=\"canonical\" href=\"https:\/\/accesolatino.org\/en\/dreamer-la-comision-nacional-de-derechos-humanos-busca-protegerte\/noticias\/\" \/>\n<meta property=\"og:locale\" content=\"en_US\" \/>\n<meta property=\"og:type\" content=\"article\" \/>\n<meta property=\"og:title\" content=\"\u201cDreamer\u201d la Comisi\u00f3n Nacional de Derechos Humanos busca protegerte\" \/>\n<meta property=\"og:description\" content=\"Luis Ra\u00fal Gonz\u00e1lez P\u00e9rez defensor nacional, fue el encargado de enviar a la Comisi\u00f3n Interamericana de Derechos Humanos (CIDH), un documento para la Audiencia tem\u00e1tica sobre la situaci\u00f3n de derechos humanos de personas afectadas por la cancelaci\u00f3n de los Programas TPS (Estatuto de Protecci\u00f3n Temporal) y DACA (Acci\u00f3n Diferida para los Llegados en la Infancia) en Estados Unidos. La Comisi\u00f3n Nacional de los Derechos Humanos (CNDH), considera de vital importancia que el Congreso de los Estados Unidos contin\u00fae con el proceso que le lleve a aprobar una legislaci\u00f3n que proteja los derechos fundamentales de los \u201cdreamers\u201d. Por este motivo, solicit\u00f3 a CIDH que haga un llamado a los legisladores estadounidenses para que contin\u00faen el debate que les lleve a aprobar una legislaci\u00f3n que regularice el estatus migratorio de los beneficiarios de la Acci\u00f3n Diferida para los Llegados en la Infancia (DACA), con la finalidad de proteger sus derechos humanos al no condicionar dicha regularizaci\u00f3n a la aprobaci\u00f3n de otras medidas discutidas por el Senado. De igual manera, solicitaron que no se establezcan obst\u00e1culos legales para la reunificaci\u00f3n familiar, y ofrezca a los \u201cdreamers\u201d estatus migratorio condicional despu\u00e9s de un tiempo razonable de estancia en Estados Unidos y les ofrezca la residencia legal permanente despu\u00e9s de haber cumplido los requisitos legales establecidos, mismos que deber\u00e1n ser razonables y tener en cuenta sus circunstancias de entrada, la duraci\u00f3n de su estancia y consideraciones relacionadas con su situaci\u00f3n familiar. La CNDH considera que el Congreso de los Estados Unidos debe continuar con el debate logrando la aprobaci\u00f3n de una ley que otorgue una soluci\u00f3n efectiva para este grupo de j\u00f3venes que, de otra manera, se ver\u00e1n grave e irreparablemente perjudicados. Los \u201cdreamers\u201d que est\u00e1n en proceso de renovaci\u00f3n o que buscan comenzar el proceso, podr\u00e1n acceder a la informaci\u00f3n necesaria del programa DACA en la herramienta del portal Acceso Latino \u201cSigue los pasos para renovar tu DACA\u201d, y tambi\u00e9n podr\u00e1n informarse acerca de sus derechos en nuestra herramienta de \u201cTus Derechos\u201d.\" \/>\n<meta property=\"og:url\" content=\"https:\/\/accesolatino.org\/en\/dreamer-la-comision-nacional-de-derechos-humanos-busca-protegerte\/noticias\/\" \/>\n<meta property=\"og:site_name\" content=\"Acceso Latino\" \/>\n<meta property=\"article:publisher\" content=\"https:\/\/www.facebook.com\/AccesoLatinoOrg\" \/>\n<meta property=\"article:published_time\" content=\"2018-03-06T13:03:53+00:00\" \/>\n<meta property=\"article:modified_time\" content=\"2025-10-27T19:37:35+00:00\" \/>\n<meta property=\"og:image\" content=\"https:\/\/accesolatino.org\/wp-content\/uploads\/2018\/03\/Dreamer-la-Comision-Nacional-de-Derechos-Humanos-busca-protegerte1.jpg\" \/>\n\t<meta property=\"og:image:width\" content=\"600\" \/>\n\t<meta property=\"og:image:height\" content=\"338\" \/>\n\t<meta property=\"og:image:type\" content=\"image\/jpeg\" \/>\n<meta name=\"author\" content=\"Noticias\" \/>\n<meta name=\"twitter:card\" content=\"summary_large_image\" \/>\n<meta name=\"twitter:creator\" content=\"@FAccLatino\" \/>\n<meta name=\"twitter:site\" content=\"@FAccLatino\" \/>\n<meta name=\"twitter:label1\" content=\"Written by\" \/>\n\t<meta name=\"twitter:data1\" content=\"Noticias\" \/>\n\t<meta name=\"twitter:label2\" content=\"Est. reading time\" \/>\n\t<meta name=\"twitter:data2\" content=\"2 minutes\" \/>\n<script type=\"application\/ld+json\" class=\"yoast-schema-graph\">{\"@context\":\"https:\\\/\\\/schema.org\",\"@graph\":[{\"@type\":\"Article\",\"@id\":\"https:\\\/\\\/accesolatino.org\\\/dreamer-la-comision-nacional-de-derechos-humanos-busca-protegerte\\\/noticias\\\/#article\",\"isPartOf\":{\"@id\":\"https:\\\/\\\/accesolatino.org\\\/dreamer-la-comision-nacional-de-derechos-humanos-busca-protegerte\\\/noticias\\\/\"},\"author\":{\"name\":\"Noticias\",\"@id\":\"https:\\\/\\\/accesolatino.org\\\/#\\\/schema\\\/person\\\/57bc3bfd2c357610a5255490ca4cd305\"},\"headline\":\"\u201cDreamer\u201d la Comisi\u00f3n Nacional de Derechos Humanos busca protegerte\",\"datePublished\":\"2018-03-06T13:03:53+00:00\",\"dateModified\":\"2025-10-27T19:37:35+00:00\",\"mainEntityOfPage\":{\"@id\":\"https:\\\/\\\/accesolatino.org\\\/dreamer-la-comision-nacional-de-derechos-humanos-busca-protegerte\\\/noticias\\\/\"},\"wordCount\":372,\"commentCount\":0,\"publisher\":{\"@id\":\"https:\\\/\\\/accesolatino.org\\\/#organization\"},\"image\":{\"@id\":\"https:\\\/\\\/accesolatino.org\\\/dreamer-la-comision-nacional-de-derechos-humanos-busca-protegerte\\\/noticias\\\/#primaryimage\"},\"thumbnailUrl\":\"https:\\\/\\\/accesolatino.org\\\/wp-content\\\/uploads\\\/2018\\\/03\\\/Dreamer-la-Comision-Nacional-de-Derechos-Humanos-busca-protegerte1.jpg\",\"articleSection\":[\"Noticias\",\"Temas de inter\u00e9s\"],\"inLanguage\":\"en-US\",\"potentialAction\":[{\"@type\":\"CommentAction\",\"name\":\"Comment\",\"target\":[\"https:\\\/\\\/accesolatino.org\\\/dreamer-la-comision-nacional-de-derechos-humanos-busca-protegerte\\\/noticias\\\/#respond\"]}]},{\"@type\":\"WebPage\",\"@id\":\"https:\\\/\\\/accesolatino.org\\\/dreamer-la-comision-nacional-de-derechos-humanos-busca-protegerte\\\/noticias\\\/\",\"url\":\"https:\\\/\\\/accesolatino.org\\\/dreamer-la-comision-nacional-de-derechos-humanos-busca-protegerte\\\/noticias\\\/\",\"name\":\"\u201cDreamer\u201d la Comisi\u00f3n Nacional de Derechos Humanos busca protegerte\",\"isPartOf\":{\"@id\":\"https:\\\/\\\/accesolatino.org\\\/#website\"},\"primaryImageOfPage\":{\"@id\":\"https:\\\/\\\/accesolatino.org\\\/dreamer-la-comision-nacional-de-derechos-humanos-busca-protegerte\\\/noticias\\\/#primaryimage\"},\"image\":{\"@id\":\"https:\\\/\\\/accesolatino.org\\\/dreamer-la-comision-nacional-de-derechos-humanos-busca-protegerte\\\/noticias\\\/#primaryimage\"},\"thumbnailUrl\":\"https:\\\/\\\/accesolatino.org\\\/wp-content\\\/uploads\\\/2018\\\/03\\\/Dreamer-la-Comision-Nacional-de-Derechos-Humanos-busca-protegerte1.jpg\",\"datePublished\":\"2018-03-06T13:03:53+00:00\",\"dateModified\":\"2025-10-27T19:37:35+00:00\",\"breadcrumb\":{\"@id\":\"https:\\\/\\\/accesolatino.org\\\/dreamer-la-comision-nacional-de-derechos-humanos-busca-protegerte\\\/noticias\\\/#breadcrumb\"},\"inLanguage\":\"en-US\",\"potentialAction\":[{\"@type\":\"ReadAction\",\"target\":[\"https:\\\/\\\/accesolatino.org\\\/dreamer-la-comision-nacional-de-derechos-humanos-busca-protegerte\\\/noticias\\\/\"]}]},{\"@type\":\"ImageObject\",\"inLanguage\":\"en-US\",\"@id\":\"https:\\\/\\\/accesolatino.org\\\/dreamer-la-comision-nacional-de-derechos-humanos-busca-protegerte\\\/noticias\\\/#primaryimage\",\"url\":\"https:\\\/\\\/accesolatino.org\\\/wp-content\\\/uploads\\\/2018\\\/03\\\/Dreamer-la-Comision-Nacional-de-Derechos-Humanos-busca-protegerte1.jpg\",\"contentUrl\":\"https:\\\/\\\/accesolatino.org\\\/wp-content\\\/uploads\\\/2018\\\/03\\\/Dreamer-la-Comision-Nacional-de-Derechos-Humanos-busca-protegerte1.jpg\",\"width\":\"600\",\"height\":\"338\",\"caption\":\"Dreamer-la-Comision-Nacional-de-Derechos-Humanos-busca-protegerte\"},{\"@type\":\"BreadcrumbList\",\"@id\":\"https:\\\/\\\/accesolatino.org\\\/dreamer-la-comision-nacional-de-derechos-humanos-busca-protegerte\\\/noticias\\\/#breadcrumb\",\"itemListElement\":[{\"@type\":\"ListItem\",\"position\":1,\"name\":\"Portada\",\"item\":\"https:\\\/\\\/accesolatino.org\\\/\"},{\"@type\":\"ListItem\",\"position\":2,\"name\":\"Noticias\",\"item\":\"https:\\\/\\\/accesolatino.org\\\/category\\\/noticias\\\/\"},{\"@type\":\"ListItem\",\"position\":3,\"name\":\"\u201cDreamer\u201d la Comisi\u00f3n Nacional de Derechos Humanos busca protegerte\"}]},{\"@type\":\"WebSite\",\"@id\":\"https:\\\/\\\/accesolatino.org\\\/#website\",\"url\":\"https:\\\/\\\/accesolatino.org\\\/\",\"name\":\"Acceso Latino | Fundaci\u00f3n Carlos Slim\",\"description\":\"Fundaci\u00f3n Carlos Slim\",\"publisher\":{\"@id\":\"https:\\\/\\\/accesolatino.org\\\/#organization\"},\"potentialAction\":[{\"@type\":\"SearchAction\",\"target\":{\"@type\":\"EntryPoint\",\"urlTemplate\":\"https:\\\/\\\/accesolatino.org\\\/?s={search_term_string}\"},\"query-input\":{\"@type\":\"PropertyValueSpecification\",\"valueRequired\":true,\"valueName\":\"search_term_string\"}}],\"inLanguage\":\"en-US\"},{\"@type\":\"Organization\",\"@id\":\"https:\\\/\\\/accesolatino.org\\\/#organization\",\"name\":\"Acceso Latino | Fundaci\u00f3n Carlos Slim\",\"url\":\"https:\\\/\\\/accesolatino.org\\\/\",\"logo\":{\"@type\":\"ImageObject\",\"inLanguage\":\"en-US\",\"@id\":\"https:\\\/\\\/accesolatino.org\\\/#\\\/schema\\\/logo\\\/image\\\/\",\"url\":\"https:\\\/\\\/accesolatino.org\\\/wp-content\\\/uploads\\\/2021\\\/02\\\/logo-footer-acceso-latino.png\",\"contentUrl\":\"https:\\\/\\\/accesolatino.org\\\/wp-content\\\/uploads\\\/2021\\\/02\\\/logo-footer-acceso-latino.png\",\"width\":240,\"height\":40,\"caption\":\"Acceso Latino | Fundaci\u00f3n Carlos Slim\"},\"image\":{\"@id\":\"https:\\\/\\\/accesolatino.org\\\/#\\\/schema\\\/logo\\\/image\\\/\"},\"sameAs\":[\"https:\\\/\\\/www.facebook.com\\\/AccesoLatinoOrg\",\"https:\\\/\\\/x.com\\\/FAccLatino\"]},{\"@type\":\"Person\",\"@id\":\"https:\\\/\\\/accesolatino.org\\\/#\\\/schema\\\/person\\\/57bc3bfd2c357610a5255490ca4cd305\",\"name\":\"Noticias\"}]}<\/script>\n<!-- \/ Yoast SEO plugin. -->","yoast_head_json":{"title":"\u201cDreamer\u201d la Comisi\u00f3n Nacional de Derechos Humanos busca protegerte","robots":{"index":"index","follow":"follow","max-snippet":"max-snippet:-1","max-image-preview":"max-image-preview:large","max-video-preview":"max-video-preview:-1"},"canonical":"https:\/\/accesolatino.org\/en\/dreamer-la-comision-nacional-de-derechos-humanos-busca-protegerte\/noticias\/","og_locale":"en_US","og_type":"article","og_title":"\u201cDreamer\u201d la Comisi\u00f3n Nacional de Derechos Humanos busca protegerte","og_description":"Luis Ra\u00fal Gonz\u00e1lez P\u00e9rez defensor nacional, fue el encargado de enviar a la Comisi\u00f3n Interamericana de Derechos Humanos (CIDH), un documento para la Audiencia tem\u00e1tica sobre la situaci\u00f3n de derechos humanos de personas afectadas por la cancelaci\u00f3n de los Programas TPS (Estatuto de Protecci\u00f3n Temporal) y DACA (Acci\u00f3n Diferida para los Llegados en la Infancia) en Estados Unidos. La Comisi\u00f3n Nacional de los Derechos Humanos (CNDH), considera de vital importancia que el Congreso de los Estados Unidos contin\u00fae con el proceso que le lleve a aprobar una legislaci\u00f3n que proteja los derechos fundamentales de los \u201cdreamers\u201d. Por este motivo, solicit\u00f3 a CIDH que haga un llamado a los legisladores estadounidenses para que contin\u00faen el debate que les lleve a aprobar una legislaci\u00f3n que regularice el estatus migratorio de los beneficiarios de la Acci\u00f3n Diferida para los Llegados en la Infancia (DACA), con la finalidad de proteger sus derechos humanos al no condicionar dicha regularizaci\u00f3n a la aprobaci\u00f3n de otras medidas discutidas por el Senado. De igual manera, solicitaron que no se establezcan obst\u00e1culos legales para la reunificaci\u00f3n familiar, y ofrezca a los \u201cdreamers\u201d estatus migratorio condicional despu\u00e9s de un tiempo razonable de estancia en Estados Unidos y les ofrezca la residencia legal permanente despu\u00e9s de haber cumplido los requisitos legales establecidos, mismos que deber\u00e1n ser razonables y tener en cuenta sus circunstancias de entrada, la duraci\u00f3n de su estancia y consideraciones relacionadas con su situaci\u00f3n familiar. La CNDH considera que el Congreso de los Estados Unidos debe continuar con el debate logrando la aprobaci\u00f3n de una ley que otorgue una soluci\u00f3n efectiva para este grupo de j\u00f3venes que, de otra manera, se ver\u00e1n grave e irreparablemente perjudicados. Los \u201cdreamers\u201d que est\u00e1n en proceso de renovaci\u00f3n o que buscan comenzar el proceso, podr\u00e1n acceder a la informaci\u00f3n necesaria del programa DACA en la herramienta del portal Acceso Latino \u201cSigue los pasos para renovar tu DACA\u201d, y tambi\u00e9n podr\u00e1n informarse acerca de sus derechos en nuestra herramienta de \u201cTus Derechos\u201d.","og_url":"https:\/\/accesolatino.org\/en\/dreamer-la-comision-nacional-de-derechos-humanos-busca-protegerte\/noticias\/","og_site_name":"Acceso Latino","article_publisher":"https:\/\/www.facebook.com\/AccesoLatinoOrg","article_published_time":"2018-03-06T13:03:53+00:00","article_modified_time":"2025-10-27T19:37:35+00:00","og_image":[{"width":600,"height":338,"url":"https:\/\/accesolatino.org\/wp-content\/uploads\/2018\/03\/Dreamer-la-Comision-Nacional-de-Derechos-Humanos-busca-protegerte1.jpg","type":"image\/jpeg"}],"author":"Noticias","twitter_card":"summary_large_image","twitter_creator":"@FAccLatino","twitter_site":"@FAccLatino","twitter_misc":{"Written by":"Noticias","Est. reading time":"2 minutes"},"schema":{"@context":"https:\/\/schema.org","@graph":[{"@type":"Article","@id":"https:\/\/accesolatino.org\/dreamer-la-comision-nacional-de-derechos-humanos-busca-protegerte\/noticias\/#article","isPartOf":{"@id":"https:\/\/accesolatino.org\/dreamer-la-comision-nacional-de-derechos-humanos-busca-protegerte\/noticias\/"},"author":{"name":"Noticias","@id":"https:\/\/accesolatino.org\/#\/schema\/person\/57bc3bfd2c357610a5255490ca4cd305"},"headline":"\u201cDreamer\u201d la Comisi\u00f3n Nacional de Derechos Humanos busca protegerte","datePublished":"2018-03-06T13:03:53+00:00","dateModified":"2025-10-27T19:37:35+00:00","mainEntityOfPage":{"@id":"https:\/\/accesolatino.org\/dreamer-la-comision-nacional-de-derechos-humanos-busca-protegerte\/noticias\/"},"wordCount":372,"commentCount":0,"publisher":{"@id":"https:\/\/accesolatino.org\/#organization"},"image":{"@id":"https:\/\/accesolatino.org\/dreamer-la-comision-nacional-de-derechos-humanos-busca-protegerte\/noticias\/#primaryimage"},"thumbnailUrl":"https:\/\/accesolatino.org\/wp-content\/uploads\/2018\/03\/Dreamer-la-Comision-Nacional-de-Derechos-Humanos-busca-protegerte1.jpg","articleSection":["Noticias","Temas de inter\u00e9s"],"inLanguage":"en-US","potentialAction":[{"@type":"CommentAction","name":"Comment","target":["https:\/\/accesolatino.org\/dreamer-la-comision-nacional-de-derechos-humanos-busca-protegerte\/noticias\/#respond"]}]},{"@type":"WebPage","@id":"https:\/\/accesolatino.org\/dreamer-la-comision-nacional-de-derechos-humanos-busca-protegerte\/noticias\/","url":"https:\/\/accesolatino.org\/dreamer-la-comision-nacional-de-derechos-humanos-busca-protegerte\/noticias\/","name":"\u201cDreamer\u201d la Comisi\u00f3n Nacional de Derechos Humanos busca protegerte","isPartOf":{"@id":"https:\/\/accesolatino.org\/#website"},"primaryImageOfPage":{"@id":"https:\/\/accesolatino.org\/dreamer-la-comision-nacional-de-derechos-humanos-busca-protegerte\/noticias\/#primaryimage"},"image":{"@id":"https:\/\/accesolatino.org\/dreamer-la-comision-nacional-de-derechos-humanos-busca-protegerte\/noticias\/#primaryimage"},"thumbnailUrl":"https:\/\/accesolatino.org\/wp-content\/uploads\/2018\/03\/Dreamer-la-Comision-Nacional-de-Derechos-Humanos-busca-protegerte1.jpg","datePublished":"2018-03-06T13:03:53+00:00","dateModified":"2025-10-27T19:37:35+00:00","breadcrumb":{"@id":"https:\/\/accesolatino.org\/dreamer-la-comision-nacional-de-derechos-humanos-busca-protegerte\/noticias\/#breadcrumb"},"inLanguage":"en-US","potentialAction":[{"@type":"ReadAction","target":["https:\/\/accesolatino.org\/dreamer-la-comision-nacional-de-derechos-humanos-busca-protegerte\/noticias\/"]}]},{"@type":"ImageObject","inLanguage":"en-US","@id":"https:\/\/accesolatino.org\/dreamer-la-comision-nacional-de-derechos-humanos-busca-protegerte\/noticias\/#primaryimage","url":"https:\/\/accesolatino.org\/wp-content\/uploads\/2018\/03\/Dreamer-la-Comision-Nacional-de-Derechos-Humanos-busca-protegerte1.jpg","contentUrl":"https:\/\/accesolatino.org\/wp-content\/uploads\/2018\/03\/Dreamer-la-Comision-Nacional-de-Derechos-Humanos-busca-protegerte1.jpg","width":"600","height":"338","caption":"Dreamer-la-Comision-Nacional-de-Derechos-Humanos-busca-protegerte"},{"@type":"BreadcrumbList","@id":"https:\/\/accesolatino.org\/dreamer-la-comision-nacional-de-derechos-humanos-busca-protegerte\/noticias\/#breadcrumb","itemListElement":[{"@type":"ListItem","position":1,"name":"Portada","item":"https:\/\/accesolatino.org\/"},{"@type":"ListItem","position":2,"name":"Noticias","item":"https:\/\/accesolatino.org\/category\/noticias\/"},{"@type":"ListItem","position":3,"name":"\u201cDreamer\u201d la Comisi\u00f3n Nacional de Derechos Humanos busca protegerte"}]},{"@type":"WebSite","@id":"https:\/\/accesolatino.org\/#website","url":"https:\/\/accesolatino.org\/","name":"Acceso Latino | Fundaci\u00f3n Carlos Slim","description":"Fundaci\u00f3n Carlos Slim","publisher":{"@id":"https:\/\/accesolatino.org\/#organization"},"potentialAction":[{"@type":"SearchAction","target":{"@type":"EntryPoint","urlTemplate":"https:\/\/accesolatino.org\/?s={search_term_string}"},"query-input":{"@type":"PropertyValueSpecification","valueRequired":true,"valueName":"search_term_string"}}],"inLanguage":"en-US"},{"@type":"Organization","@id":"https:\/\/accesolatino.org\/#organization","name":"Acceso Latino | Fundaci\u00f3n Carlos Slim","url":"https:\/\/accesolatino.org\/","logo":{"@type":"ImageObject","inLanguage":"en-US","@id":"https:\/\/accesolatino.org\/#\/schema\/logo\/image\/","url":"https:\/\/accesolatino.org\/wp-content\/uploads\/2021\/02\/logo-footer-acceso-latino.png","contentUrl":"https:\/\/accesolatino.org\/wp-content\/uploads\/2021\/02\/logo-footer-acceso-latino.png","width":240,"height":40,"caption":"Acceso Latino | Fundaci\u00f3n Carlos Slim"},"image":{"@id":"https:\/\/accesolatino.org\/#\/schema\/logo\/image\/"},"sameAs":["https:\/\/www.facebook.com\/AccesoLatinoOrg","https:\/\/x.com\/FAccLatino"]},{"@type":"Person","@id":"https:\/\/accesolatino.org\/#\/schema\/person\/57bc3bfd2c357610a5255490ca4cd305","name":"News"}]}},"_links":{"self":[{"href":"https:\/\/accesolatino.org\/en\/wp-json\/wp\/v2\/posts\/770","targetHints":{"allow":["GET"]}}],"collection":[{"href":"https:\/\/accesolatino.org\/en\/wp-json\/wp\/v2\/posts"}],"about":[{"href":"https:\/\/accesolatino.org\/en\/wp-json\/wp\/v2\/types\/post"}],"author":[{"embeddable":true,"href":"https:\/\/accesolatino.org\/en\/wp-json\/wp\/v2\/users\/13"}],"replies":[{"embeddable":true,"href":"https:\/\/accesolatino.org\/en\/wp-json\/wp\/v2\/comments?post=770"}],"version-history":[{"count":1,"href":"https:\/\/accesolatino.org\/en\/wp-json\/wp\/v2\/posts\/770\/revisions"}],"predecessor-version":[{"id":66716,"href":"https:\/\/accesolatino.org\/en\/wp-json\/wp\/v2\/posts\/770\/revisions\/66716"}],"wp:featuredmedia":[{"embeddable":true,"href":"https:\/\/accesolatino.org\/en\/wp-json\/wp\/v2\/media\/1984"}],"wp:attachment":[{"href":"https:\/\/accesolatino.org\/en\/wp-json\/wp\/v2\/media?parent=770"}],"wp:term":[{"taxonomy":"category","embeddable":true,"href":"https:\/\/accesolatino.org\/en\/wp-json\/wp\/v2\/categories?post=770"},{"taxonomy":"post_tag","embeddable":true,"href":"https:\/\/accesolatino.org\/en\/wp-json\/wp\/v2\/tags?post=770"}],"curies":[{"name":"wp","href":"https:\/\/api.w.org\/{rel}","templated":true}]}}