{"id":71412,"date":"2026-04-30T11:41:52","date_gmt":"2026-04-30T17:41:52","guid":{"rendered":"https:\/\/accesolatino.org\/?p=71412"},"modified":"2026-04-30T12:01:22","modified_gmt":"2026-04-30T18:01:22","slug":"secretaria-del-migrante-abre-convocatoria-del-programa-sueno-michoacano-inversion-productiva-2026","status":"publish","type":"post","link":"https:\/\/accesolatino.org\/en\/secretaria-del-migrante-abre-convocatoria-del-programa-sueno-michoacano-inversion-productiva-2026\/noticias\/","title":{"rendered":"Secretar\u00eda del Migrante abre convocatoria del Programa Sue\u00f1o Michoacano Inversi\u00f3n Productiva 2026"},"content":{"rendered":"<div data-elementor-type=\"wp-post\" data-elementor-id=\"71412\" class=\"elementor elementor-71412\">\n\t\t\t\t\t\t<section class=\"elementor-section elementor-top-section elementor-element elementor-element-62e875fd elementor-section-boxed elementor-section-height-default elementor-section-height-default wpr-particle-no wpr-jarallax-no wpr-parallax-no wpr-sticky-section-no wpr-equal-height-no\" data-id=\"62e875fd\" data-element_type=\"section\" data-e-type=\"section\">\n\t\t\t\t\t\t<div class=\"elementor-container elementor-column-gap-default\">\n\t\t\t\t\t<div class=\"elementor-column elementor-col-100 elementor-top-column elementor-element elementor-element-2bc30b2c\" data-id=\"2bc30b2c\" data-element_type=\"column\" data-e-type=\"column\">\n\t\t\t<div class=\"elementor-widget-wrap elementor-element-populated\">\n\t\t\t\t\t\t<div class=\"elementor-element elementor-element-53bfaaab elementor-widget elementor-widget-heading\" data-id=\"53bfaaab\" data-element_type=\"widget\" data-e-type=\"widget\" data-widget_type=\"heading.default\">\n\t\t\t\t<div class=\"elementor-widget-container\">\n\t\t\t\t\t<h2 class=\"elementor-heading-title elementor-size-default\">Migrantes repatriados, en retorno y sus familias pueden presentar sus solicitudes hasta el 8 de mayo, para obtener apoyo econ\u00f3mico para proyectos productivos.<\/h2>\t\t\t\t<\/div>\n\t\t\t\t<\/div>\n\t\t\t\t\t<\/div>\n\t\t<\/div>\n\t\t\t\t\t<\/div>\n\t\t<\/section>\n\t\t\t\t<section class=\"elementor-section elementor-top-section elementor-element elementor-element-72675e60 elementor-section-boxed elementor-section-height-default elementor-section-height-default wpr-particle-no wpr-jarallax-no wpr-parallax-no wpr-sticky-section-no wpr-equal-height-no\" data-id=\"72675e60\" data-element_type=\"section\" data-e-type=\"section\">\n\t\t\t\t\t\t<div class=\"elementor-container elementor-column-gap-default\">\n\t\t\t\t\t<div class=\"elementor-column elementor-col-100 elementor-top-column elementor-element elementor-element-49af97bc\" data-id=\"49af97bc\" data-element_type=\"column\" data-e-type=\"column\">\n\t\t\t<div class=\"elementor-widget-wrap elementor-element-populated\">\n\t\t\t\t\t\t<div class=\"elementor-element elementor-element-28a9515e elementor-widget elementor-widget-text-editor\" data-id=\"28a9515e\" data-element_type=\"widget\" data-e-type=\"widget\" data-widget_type=\"text-editor.default\">\n\t\t\t\t<div class=\"elementor-widget-container\">\n\t\t\t\t\t\t\t\t\t<p>El Gobierno de Michoac\u00e1n, a trav\u00e9s de la Secretar\u00eda del Migrante, public\u00f3 la convocatoria correspondiente a la edici\u00f3n 2026 del <strong>Programa Sue\u00f1o Michoacano Inversi\u00f3n Productiva<\/strong>, con la que se busca financiar proyectos de negocio individuales, familiares o colectivos orientados al autoempleo y la reintegraci\u00f3n econ\u00f3mica de la comunidad migrante en el estado. La convocatoria permanecer\u00e1 abierta hasta el 8 de mayo.<\/p>\t\t\t\t\t\t\t\t<\/div>\n\t\t\t\t<\/div>\n\t\t\t\t\t<\/div>\n\t\t<\/div>\n\t\t\t\t\t<\/div>\n\t\t<\/section>\n\t\t\t\t<section class=\"elementor-section elementor-top-section elementor-element elementor-element-47e47dc4 elementor-section-boxed elementor-section-height-default elementor-section-height-default wpr-particle-no wpr-jarallax-no wpr-parallax-no wpr-sticky-section-no wpr-equal-height-no\" data-id=\"47e47dc4\" data-element_type=\"section\" data-e-type=\"section\">\n\t\t\t\t\t\t<div class=\"elementor-container elementor-column-gap-default\">\n\t\t\t\t\t<div class=\"elementor-column elementor-col-50 elementor-top-column elementor-element elementor-element-7d73c715\" data-id=\"7d73c715\" data-element_type=\"column\" data-e-type=\"column\">\n\t\t\t<div class=\"elementor-widget-wrap elementor-element-populated\">\n\t\t\t\t\t\t<div class=\"elementor-element elementor-element-39b10aa9 elementor-widget elementor-widget-image\" data-id=\"39b10aa9\" data-element_type=\"widget\" data-e-type=\"widget\" data-widget_type=\"image.default\">\n\t\t\t\t<div class=\"elementor-widget-container\">\n\t\t\t\t\t\t\t\t\t\t\t\t\t\t\t<img fetchpriority=\"high\" decoding=\"async\" width=\"1128\" height=\"754\" src=\"https:\/\/accesolatino.org\/wp-content\/uploads\/2026\/04\/Sueno-mich-2026-convocatoria.jpg\" class=\"attachment-full size-full wp-image-71416\" alt=\"\" srcset=\"https:\/\/accesolatino.org\/wp-content\/uploads\/2026\/04\/Sueno-mich-2026-convocatoria.jpg 1128w, https:\/\/accesolatino.org\/wp-content\/uploads\/2026\/04\/Sueno-mich-2026-convocatoria-300x201.jpg 300w, https:\/\/accesolatino.org\/wp-content\/uploads\/2026\/04\/Sueno-mich-2026-convocatoria-1024x684.jpg 1024w, https:\/\/accesolatino.org\/wp-content\/uploads\/2026\/04\/Sueno-mich-2026-convocatoria-768x513.jpg 768w, https:\/\/accesolatino.org\/wp-content\/uploads\/2026\/04\/Sueno-mich-2026-convocatoria-18x12.jpg 18w\" sizes=\"(max-width: 1128px) 100vw, 1128px\" \/>\t\t\t\t\t\t\t\t\t\t\t\t\t\t\t<\/div>\n\t\t\t\t<\/div>\n\t\t\t\t\t<\/div>\n\t\t<\/div>\n\t\t\t\t<div class=\"elementor-column elementor-col-50 elementor-top-column elementor-element elementor-element-bb65ad6\" data-id=\"bb65ad6\" data-element_type=\"column\" data-e-type=\"column\">\n\t\t\t<div class=\"elementor-widget-wrap elementor-element-populated\">\n\t\t\t\t\t\t<div class=\"elementor-element elementor-element-3d132613 elementor-widget elementor-widget-text-editor\" data-id=\"3d132613\" data-element_type=\"widget\" data-e-type=\"widget\" data-widget_type=\"text-editor.default\">\n\t\t\t\t<div class=\"elementor-widget-container\">\n\t\t\t\t\t\t\t\t\t<p>Pueden participar personas michoacanas migrantes repatriadas, migrantes en retorno, familiares de migrantes radicados en el estado y organizaciones de migrantes. El programa da prioridad a quienes no hayan recibido apoyos en ediciones anteriores y a solicitantes que radiquen en sus comunidades de origen. La cobertura abarca todos los municipios del estado, aunque el alcance quedar\u00e1 sujeto a la disponibilidad presupuestal de la dependencia.<\/p>\t\t\t\t\t\t\t\t<\/div>\n\t\t\t\t<\/div>\n\t\t\t\t\t<\/div>\n\t\t<\/div>\n\t\t\t\t\t<\/div>\n\t\t<\/section>\n\t\t\t\t<section class=\"elementor-section elementor-top-section elementor-element elementor-element-37f5f295 elementor-section-boxed elementor-section-height-default elementor-section-height-default wpr-particle-no wpr-jarallax-no wpr-parallax-no wpr-sticky-section-no wpr-equal-height-no\" data-id=\"37f5f295\" data-element_type=\"section\" data-e-type=\"section\">\n\t\t\t\t\t\t<div class=\"elementor-container elementor-column-gap-default\">\n\t\t\t\t\t<div class=\"elementor-column elementor-col-100 elementor-top-column elementor-element elementor-element-56794114\" data-id=\"56794114\" data-element_type=\"column\" data-e-type=\"column\">\n\t\t\t<div class=\"elementor-widget-wrap elementor-element-populated\">\n\t\t\t\t\t\t<div class=\"elementor-element elementor-element-7d86404a elementor-widget elementor-widget-text-editor\" data-id=\"7d86404a\" data-element_type=\"widget\" data-e-type=\"widget\" data-widget_type=\"text-editor.default\">\n\t\t\t\t<div class=\"elementor-widget-container\">\n\t\t\t\t\t\t\t\t\t<p>El programa opera a trav\u00e9s de tres componentes: Emprendimiento Individual, el cual est\u00e1 dirigido a migrantes repatriados mayores de 18 a\u00f1os y ofrece apoyos de hasta 25 mil pesos por persona para la adquisici\u00f3n de bienes muebles, maquinaria, equipo o herramienta nueva; Inversi\u00f3n Familiar, que atiende a grupos organizados de al menos tres integrantes conformados por migrantes en retorno o familiares de migrantes, con apoyos de hasta 50 mil pesos, y exige que el grupo acredite una coinversi\u00f3n de al menos el 30% del monto solicitado; e Inversi\u00f3n Comunitaria, que va dirigido a grupos formales en los que al menos la mitad de sus integrantes sean migrantes en retorno o familiares de migrantes, con apoyos de hasta 125 mil pesos y un requisito de coinversi\u00f3n de al menos el 50%.<\/p><p>En todos los casos, los apoyos se entregan por \u00fanica vez y los beneficiarios tienen un plazo de 30 d\u00edas h\u00e1biles para comprobar la inversi\u00f3n realizada. Quienes resulten seleccionados tambi\u00e9n deber\u00e1n asistir a sesiones de capacitaci\u00f3n que la Secretar\u00eda convoque para fortalecer la implementaci\u00f3n de sus proyectos.<\/p><p>Los expedientes deben presentarse de forma f\u00edsica en las oficinas de la Secretar\u00eda del Migrante, ubicadas en la calle Colegio Militar n\u00famero 230, colonia Chapultepec Norte, en Morelia, o bien a trav\u00e9s de los enlaces acreditados de asuntos migratorios de los municipios y comunidades ind\u00edgenas. Los formatos de solicitud est\u00e1n disponibles en el siguiente enlace: <a href=\"https:\/\/migrante.michoacan.gob.mx\/convocatorias\/programa-sueno-michoacano-inversion-productiva-edicion-2026\/\">https:\/\/migrante.michoacan.gob.mx\/convocatorias\/programa-sueno-michoacano-inversion-productiva-edicion-2026\/<\/a><\/p><p>Puedes consultar la convocatoria completa en el siguiente enlace: <a href=\"https:\/\/migrante.michoacan.gob.mx\/wp-content\/uploads\/2026\/04\/convocatoria-suen%CC%83o-michoacano.pdf\">https:\/\/migrante.michoacan.gob.mx\/wp-content\/uploads\/2026\/04\/convocatoria-suen%CC%83o-michoacano.pdf<\/a><\/p>\t\t\t\t\t\t\t\t<\/div>\n\t\t\t\t<\/div>\n\t\t\t\t\t<\/div>\n\t\t<\/div>\n\t\t\t\t\t<\/div>\n\t\t<\/section>\n\t\t\t\t<section class=\"elementor-section elementor-top-section elementor-element elementor-element-89b7fd5 elementor-section-boxed elementor-section-height-default elementor-section-height-default wpr-particle-no wpr-jarallax-no wpr-parallax-no wpr-sticky-section-no wpr-equal-height-no\" data-id=\"89b7fd5\" data-element_type=\"section\" data-e-type=\"section\">\n\t\t\t\t\t\t<div class=\"elementor-container elementor-column-gap-default\">\n\t\t\t\t\t<div class=\"elementor-column elementor-col-100 elementor-top-column elementor-element elementor-element-6fad6047\" data-id=\"6fad6047\" data-element_type=\"column\" data-e-type=\"column\">\n\t\t\t<div class=\"elementor-widget-wrap elementor-element-populated\">\n\t\t\t\t\t\t<div class=\"elementor-element elementor-element-39dfc533 elementor-widget elementor-widget-toggle\" data-id=\"39dfc533\" data-element_type=\"widget\" data-e-type=\"widget\" data-widget_type=\"toggle.default\">\n\t\t\t\t<div class=\"elementor-widget-container\">\n\t\t\t\t\t\t\t<div class=\"elementor-toggle\">\n\t\t\t\t\t\t\t<div class=\"elementor-toggle-item\">\n\t\t\t\t\t<div id=\"elementor-tab-title-9701\" class=\"elementor-tab-title\" data-tab=\"1\" role=\"button\" aria-controls=\"elementor-tab-content-9701\" aria-expanded=\"false\">\n\t\t\t\t\t\t\t\t\t\t\t\t<span class=\"elementor-toggle-icon elementor-toggle-icon-left\" aria-hidden=\"true\">\n\t\t\t\t\t\t\t\t\t\t\t\t\t\t\t<span class=\"elementor-toggle-icon-closed\"><i class=\"fas fa-caret-right\"><\/i><\/span>\n\t\t\t\t\t\t\t\t<span class=\"elementor-toggle-icon-opened\"><i class=\"elementor-toggle-icon-opened fas fa-caret-up\"><\/i><\/span>\n\t\t\t\t\t\t\t\t\t\t\t\t\t<\/span>\n\t\t\t\t\t\t\t\t\t\t\t\t<a class=\"elementor-toggle-title\" tabindex=\"0\"> BIBLIOGRAPHY<\/a>\n\t\t\t\t\t<\/div>\n\n\t\t\t\t\t<div id=\"elementor-tab-content-9701\" class=\"elementor-tab-content elementor-clearfix\" data-tab=\"1\" role=\"region\" aria-labelledby=\"elementor-tab-title-9701\"><p><strong>SECRETAR\u00cdA DEL MIGRANTE<\/strong><\/p><p><a href=\"https:\/\/migrante.michoacan.gob.mx\/convocatorias\/programa-sueno-michoacano-inversion-productiva-edicion-2026\/\">https:\/\/migrante.michoacan.gob.mx\/convocatorias\/programa-sueno-michoacano-inversion-productiva-edicion-2026\/<\/a><\/p><\/div>\n\t\t\t\t<\/div>\n\t\t\t\t\t\t\t\t<\/div>\n\t\t\t\t\t\t<\/div>\n\t\t\t\t<\/div>\n\t\t\t\t\t<\/div>\n\t\t<\/div>\n\t\t\t\t\t<\/div>\n\t\t<\/section>\n\t\t\t\t<\/div>","protected":false},"excerpt":{"rendered":"<p>Migrantes repatriados, en retorno y sus familias pueden presentar sus solicitudes hasta el 8 de mayo, para obtener apoyo econ\u00f3mico para proyectos productivos. El Gobierno de Michoac\u00e1n, a trav\u00e9s de la Secretar\u00eda del Migrante, public\u00f3 la convocatoria correspondiente a la edici\u00f3n 2026 del Programa Sue\u00f1o Michoacano Inversi\u00f3n Productiva, con la que se busca financiar proyectos de negocio individuales, familiares o colectivos orientados al autoempleo y la reintegraci\u00f3n econ\u00f3mica de la comunidad migrante en el estado. La convocatoria permanecer\u00e1 abierta hasta el 8 de mayo. Pueden participar personas michoacanas migrantes repatriadas, migrantes en retorno, familiares de migrantes radicados en el estado y organizaciones de migrantes. El programa da prioridad a quienes no hayan recibido apoyos en ediciones anteriores y a solicitantes que radiquen en sus comunidades de origen. La cobertura abarca todos los municipios del estado, aunque el alcance quedar\u00e1 sujeto a la disponibilidad presupuestal de la dependencia. El programa opera a trav\u00e9s de tres componentes: Emprendimiento Individual, el cual est\u00e1 dirigido a migrantes repatriados mayores de 18 a\u00f1os y ofrece apoyos de hasta 25 mil pesos por persona para la adquisici\u00f3n de bienes muebles, maquinaria, equipo o herramienta nueva; Inversi\u00f3n Familiar, que atiende a grupos organizados de al menos tres integrantes conformados por migrantes en retorno o familiares de migrantes, con apoyos de hasta 50 mil pesos, y exige que el grupo acredite una coinversi\u00f3n de al menos el 30% del monto solicitado; e Inversi\u00f3n Comunitaria, que va dirigido a grupos formales en los que al menos la mitad de sus integrantes sean migrantes en retorno o familiares de migrantes, con apoyos de hasta 125 mil pesos y un requisito de coinversi\u00f3n de al menos el 50%. En todos los casos, los apoyos se entregan por \u00fanica vez y los beneficiarios tienen un plazo de 30 d\u00edas h\u00e1biles para comprobar la inversi\u00f3n realizada. Quienes resulten seleccionados tambi\u00e9n deber\u00e1n asistir a sesiones de capacitaci\u00f3n que la Secretar\u00eda convoque para fortalecer la implementaci\u00f3n de sus proyectos. Los expedientes deben presentarse de forma f\u00edsica en las oficinas de la Secretar\u00eda del Migrante, ubicadas en la calle Colegio Militar n\u00famero 230, colonia Chapultepec Norte, en Morelia, o bien a trav\u00e9s de los enlaces acreditados de asuntos migratorios de los municipios y comunidades ind\u00edgenas. Los formatos de solicitud est\u00e1n disponibles en el siguiente enlace: https:\/\/migrante.michoacan.gob.mx\/convocatorias\/programa-sueno-michoacano-inversion-productiva-edicion-2026\/ Puedes consultar la convocatoria completa en el siguiente enlace: https:\/\/migrante.michoacan.gob.mx\/wp-content\/uploads\/2026\/04\/convocatoria-suen%CC%83o-michoacano.pdf BIBLIOGRAF\u00cdA SECRETAR\u00cdA DEL MIGRANTE https:\/\/migrante.michoacan.gob.mx\/convocatorias\/programa-sueno-michoacano-inversion-productiva-edicion-2026\/<\/p>","protected":false},"author":13,"featured_media":71413,"comment_status":"closed","ping_status":"closed","sticky":false,"template":"","format":"standard","meta":{"_uf_show_specific_survey":0,"_uf_disable_surveys":false,"footnotes":""},"categories":[3432,10],"tags":[1577,4292,1897,4584,4288],"class_list":["post-71412","post","type-post","status-publish","format-standard","has-post-thumbnail","hentry","category-destacada","category-noticias","tag-convocatoria","tag-inversion-productiva","tag-negocios","tag-secretaria-del-migrante","tag-sueno-michoacano"],"aioseo_notices":[],"yoast_head":"<!-- This site is optimized with the Yoast SEO plugin v27.5 - https:\/\/yoast.com\/product\/yoast-seo-wordpress\/ -->\n<title>Acceso Latino | Secretar\u00eda del Migrante abre convocatoria del Programa Sue\u00f1o Michoacano Inversi\u00f3n Productiva 2026<\/title>\n<meta name=\"description\" content=\"Secretar\u00eda del Migrante abre convocatoria del Programa Sue\u00f1o Michoacano Inversi\u00f3n Productiva 2026 para impulsar negocios locales.\" \/>\n<meta name=\"robots\" content=\"index, follow, max-snippet:-1, max-image-preview:large, max-video-preview:-1\" \/>\n<link rel=\"canonical\" href=\"https:\/\/accesolatino.org\/en\/secretaria-del-migrante-abre-convocatoria-del-programa-sueno-michoacano-inversion-productiva-2026\/noticias\/\" \/>\n<meta property=\"og:locale\" content=\"en_US\" \/>\n<meta property=\"og:type\" content=\"article\" \/>\n<meta property=\"og:title\" content=\"Secretar\u00eda del Migrante abre convocatoria del Programa Sue\u00f1o Michoacano Inversi\u00f3n Productiva 2026 | Acceso Latino\" \/>\n<meta property=\"og:description\" content=\"Secretar\u00eda del Migrante abre convocatoria del Programa Sue\u00f1o Michoacano Inversi\u00f3n Productiva 2026 para impulsar negocios locales.\" \/>\n<meta property=\"og:url\" content=\"https:\/\/accesolatino.org\/en\/secretaria-del-migrante-abre-convocatoria-del-programa-sueno-michoacano-inversion-productiva-2026\/noticias\/\" \/>\n<meta property=\"og:site_name\" content=\"Acceso Latino\" \/>\n<meta property=\"article:publisher\" content=\"https:\/\/www.facebook.com\/AccesoLatinoOrg\" \/>\n<meta property=\"article:published_time\" content=\"2026-04-30T17:41:52+00:00\" \/>\n<meta property=\"article:modified_time\" content=\"2026-04-30T18:01:22+00:00\" \/>\n<meta property=\"og:image\" content=\"https:\/\/accesolatino.org\/wp-content\/uploads\/2026\/04\/sueno-michoacano.jpg\" \/>\n\t<meta property=\"og:image:width\" content=\"1024\" \/>\n\t<meta property=\"og:image:height\" content=\"611\" \/>\n\t<meta property=\"og:image:type\" content=\"image\/jpeg\" \/>\n<meta name=\"author\" content=\"Noticias\" \/>\n<meta name=\"twitter:card\" content=\"summary_large_image\" \/>\n<meta name=\"twitter:creator\" content=\"@FAccLatino\" \/>\n<meta name=\"twitter:site\" content=\"@FAccLatino\" \/>\n<meta name=\"twitter:label1\" content=\"Written by\" \/>\n\t<meta name=\"twitter:data1\" content=\"Noticias\" \/>\n\t<meta name=\"twitter:label2\" content=\"Est. reading time\" \/>\n\t<meta name=\"twitter:data2\" content=\"3 minutes\" \/>\n<script type=\"application\/ld+json\" class=\"yoast-schema-graph\">{\"@context\":\"https:\\\/\\\/schema.org\",\"@graph\":[{\"@type\":\"Article\",\"@id\":\"https:\\\/\\\/accesolatino.org\\\/secretaria-del-migrante-abre-convocatoria-del-programa-sueno-michoacano-inversion-productiva-2026\\\/noticias\\\/#article\",\"isPartOf\":{\"@id\":\"https:\\\/\\\/accesolatino.org\\\/secretaria-del-migrante-abre-convocatoria-del-programa-sueno-michoacano-inversion-productiva-2026\\\/noticias\\\/\"},\"author\":{\"name\":\"Noticias\",\"@id\":\"https:\\\/\\\/accesolatino.org\\\/#\\\/schema\\\/person\\\/57bc3bfd2c357610a5255490ca4cd305\"},\"headline\":\"Secretar\u00eda del Migrante abre convocatoria del Programa Sue\u00f1o Michoacano Inversi\u00f3n Productiva 2026\",\"datePublished\":\"2026-04-30T17:41:52+00:00\",\"dateModified\":\"2026-04-30T18:01:22+00:00\",\"mainEntityOfPage\":{\"@id\":\"https:\\\/\\\/accesolatino.org\\\/secretaria-del-migrante-abre-convocatoria-del-programa-sueno-michoacano-inversion-productiva-2026\\\/noticias\\\/\"},\"wordCount\":452,\"publisher\":{\"@id\":\"https:\\\/\\\/accesolatino.org\\\/#organization\"},\"image\":{\"@id\":\"https:\\\/\\\/accesolatino.org\\\/secretaria-del-migrante-abre-convocatoria-del-programa-sueno-michoacano-inversion-productiva-2026\\\/noticias\\\/#primaryimage\"},\"thumbnailUrl\":\"https:\\\/\\\/accesolatino.org\\\/wp-content\\\/uploads\\\/2026\\\/04\\\/sueno-michoacano.jpg\",\"keywords\":[\"Convocatoria\",\"Inversi\u00f3n productiva\",\"Negocios\",\"Secretar\u00eda del Migrante\",\"Sue\u00f1o michoacano\"],\"articleSection\":[\"Noticia Destacada\",\"Noticias\"],\"inLanguage\":\"en-US\"},{\"@type\":\"WebPage\",\"@id\":\"https:\\\/\\\/accesolatino.org\\\/secretaria-del-migrante-abre-convocatoria-del-programa-sueno-michoacano-inversion-productiva-2026\\\/noticias\\\/\",\"url\":\"https:\\\/\\\/accesolatino.org\\\/secretaria-del-migrante-abre-convocatoria-del-programa-sueno-michoacano-inversion-productiva-2026\\\/noticias\\\/\",\"name\":\"Acceso Latino | Secretar\u00eda del Migrante abre convocatoria del Programa Sue\u00f1o Michoacano Inversi\u00f3n Productiva 2026\",\"isPartOf\":{\"@id\":\"https:\\\/\\\/accesolatino.org\\\/#website\"},\"primaryImageOfPage\":{\"@id\":\"https:\\\/\\\/accesolatino.org\\\/secretaria-del-migrante-abre-convocatoria-del-programa-sueno-michoacano-inversion-productiva-2026\\\/noticias\\\/#primaryimage\"},\"image\":{\"@id\":\"https:\\\/\\\/accesolatino.org\\\/secretaria-del-migrante-abre-convocatoria-del-programa-sueno-michoacano-inversion-productiva-2026\\\/noticias\\\/#primaryimage\"},\"thumbnailUrl\":\"https:\\\/\\\/accesolatino.org\\\/wp-content\\\/uploads\\\/2026\\\/04\\\/sueno-michoacano.jpg\",\"datePublished\":\"2026-04-30T17:41:52+00:00\",\"dateModified\":\"2026-04-30T18:01:22+00:00\",\"description\":\"Secretar\u00eda del Migrante abre convocatoria del Programa Sue\u00f1o Michoacano Inversi\u00f3n Productiva 2026 para impulsar negocios locales.\",\"breadcrumb\":{\"@id\":\"https:\\\/\\\/accesolatino.org\\\/secretaria-del-migrante-abre-convocatoria-del-programa-sueno-michoacano-inversion-productiva-2026\\\/noticias\\\/#breadcrumb\"},\"inLanguage\":\"en-US\",\"potentialAction\":[{\"@type\":\"ReadAction\",\"target\":[\"https:\\\/\\\/accesolatino.org\\\/secretaria-del-migrante-abre-convocatoria-del-programa-sueno-michoacano-inversion-productiva-2026\\\/noticias\\\/\"]}]},{\"@type\":\"ImageObject\",\"inLanguage\":\"en-US\",\"@id\":\"https:\\\/\\\/accesolatino.org\\\/secretaria-del-migrante-abre-convocatoria-del-programa-sueno-michoacano-inversion-productiva-2026\\\/noticias\\\/#primaryimage\",\"url\":\"https:\\\/\\\/accesolatino.org\\\/wp-content\\\/uploads\\\/2026\\\/04\\\/sueno-michoacano.jpg\",\"contentUrl\":\"https:\\\/\\\/accesolatino.org\\\/wp-content\\\/uploads\\\/2026\\\/04\\\/sueno-michoacano.jpg\",\"width\":1024,\"height\":611},{\"@type\":\"BreadcrumbList\",\"@id\":\"https:\\\/\\\/accesolatino.org\\\/secretaria-del-migrante-abre-convocatoria-del-programa-sueno-michoacano-inversion-productiva-2026\\\/noticias\\\/#breadcrumb\",\"itemListElement\":[{\"@type\":\"ListItem\",\"position\":1,\"name\":\"Portada\",\"item\":\"https:\\\/\\\/accesolatino.org\\\/\"},{\"@type\":\"ListItem\",\"position\":2,\"name\":\"Noticias\",\"item\":\"https:\\\/\\\/accesolatino.org\\\/category\\\/noticias\\\/\"},{\"@type\":\"ListItem\",\"position\":3,\"name\":\"Secretar\u00eda del Migrante abre convocatoria del Programa Sue\u00f1o Michoacano Inversi\u00f3n Productiva 2026\"}]},{\"@type\":\"WebSite\",\"@id\":\"https:\\\/\\\/accesolatino.org\\\/#website\",\"url\":\"https:\\\/\\\/accesolatino.org\\\/\",\"name\":\"Acceso Latino | Fundaci\u00f3n Carlos Slim\",\"description\":\"Fundaci\u00f3n Carlos Slim\",\"publisher\":{\"@id\":\"https:\\\/\\\/accesolatino.org\\\/#organization\"},\"potentialAction\":[{\"@type\":\"SearchAction\",\"target\":{\"@type\":\"EntryPoint\",\"urlTemplate\":\"https:\\\/\\\/accesolatino.org\\\/?s={search_term_string}\"},\"query-input\":{\"@type\":\"PropertyValueSpecification\",\"valueRequired\":true,\"valueName\":\"search_term_string\"}}],\"inLanguage\":\"en-US\"},{\"@type\":\"Organization\",\"@id\":\"https:\\\/\\\/accesolatino.org\\\/#organization\",\"name\":\"Acceso Latino | Fundaci\u00f3n Carlos Slim\",\"url\":\"https:\\\/\\\/accesolatino.org\\\/\",\"logo\":{\"@type\":\"ImageObject\",\"inLanguage\":\"en-US\",\"@id\":\"https:\\\/\\\/accesolatino.org\\\/#\\\/schema\\\/logo\\\/image\\\/\",\"url\":\"https:\\\/\\\/accesolatino.org\\\/wp-content\\\/uploads\\\/2021\\\/02\\\/logo-footer-acceso-latino.png\",\"contentUrl\":\"https:\\\/\\\/accesolatino.org\\\/wp-content\\\/uploads\\\/2021\\\/02\\\/logo-footer-acceso-latino.png\",\"width\":240,\"height\":40,\"caption\":\"Acceso Latino | Fundaci\u00f3n Carlos Slim\"},\"image\":{\"@id\":\"https:\\\/\\\/accesolatino.org\\\/#\\\/schema\\\/logo\\\/image\\\/\"},\"sameAs\":[\"https:\\\/\\\/www.facebook.com\\\/AccesoLatinoOrg\",\"https:\\\/\\\/x.com\\\/FAccLatino\"]},{\"@type\":\"Person\",\"@id\":\"https:\\\/\\\/accesolatino.org\\\/#\\\/schema\\\/person\\\/57bc3bfd2c357610a5255490ca4cd305\",\"name\":\"Noticias\"}]}<\/script>\n<!-- \/ Yoast SEO plugin. -->","yoast_head_json":{"title":"Acceso Latino | Secretar\u00eda del Migrante abre convocatoria del Programa Sue\u00f1o Michoacano Inversi\u00f3n Productiva 2026","description":"Secretar\u00eda del Migrante abre convocatoria del Programa Sue\u00f1o Michoacano Inversi\u00f3n Productiva 2026 para impulsar negocios locales.","robots":{"index":"index","follow":"follow","max-snippet":"max-snippet:-1","max-image-preview":"max-image-preview:large","max-video-preview":"max-video-preview:-1"},"canonical":"https:\/\/accesolatino.org\/en\/secretaria-del-migrante-abre-convocatoria-del-programa-sueno-michoacano-inversion-productiva-2026\/noticias\/","og_locale":"en_US","og_type":"article","og_title":"Secretar\u00eda del Migrante abre convocatoria del Programa Sue\u00f1o Michoacano Inversi\u00f3n Productiva 2026 | Acceso Latino","og_description":"Secretar\u00eda del Migrante abre convocatoria del Programa Sue\u00f1o Michoacano Inversi\u00f3n Productiva 2026 para impulsar negocios locales.","og_url":"https:\/\/accesolatino.org\/en\/secretaria-del-migrante-abre-convocatoria-del-programa-sueno-michoacano-inversion-productiva-2026\/noticias\/","og_site_name":"Acceso Latino","article_publisher":"https:\/\/www.facebook.com\/AccesoLatinoOrg","article_published_time":"2026-04-30T17:41:52+00:00","article_modified_time":"2026-04-30T18:01:22+00:00","og_image":[{"width":1024,"height":611,"url":"https:\/\/accesolatino.org\/wp-content\/uploads\/2026\/04\/sueno-michoacano.jpg","type":"image\/jpeg"}],"author":"Noticias","twitter_card":"summary_large_image","twitter_creator":"@FAccLatino","twitter_site":"@FAccLatino","twitter_misc":{"Written by":"Noticias","Est. reading time":"3 minutes"},"schema":{"@context":"https:\/\/schema.org","@graph":[{"@type":"Article","@id":"https:\/\/accesolatino.org\/secretaria-del-migrante-abre-convocatoria-del-programa-sueno-michoacano-inversion-productiva-2026\/noticias\/#article","isPartOf":{"@id":"https:\/\/accesolatino.org\/secretaria-del-migrante-abre-convocatoria-del-programa-sueno-michoacano-inversion-productiva-2026\/noticias\/"},"author":{"name":"Noticias","@id":"https:\/\/accesolatino.org\/#\/schema\/person\/57bc3bfd2c357610a5255490ca4cd305"},"headline":"Secretar\u00eda del Migrante abre convocatoria del Programa Sue\u00f1o Michoacano Inversi\u00f3n Productiva 2026","datePublished":"2026-04-30T17:41:52+00:00","dateModified":"2026-04-30T18:01:22+00:00","mainEntityOfPage":{"@id":"https:\/\/accesolatino.org\/secretaria-del-migrante-abre-convocatoria-del-programa-sueno-michoacano-inversion-productiva-2026\/noticias\/"},"wordCount":452,"publisher":{"@id":"https:\/\/accesolatino.org\/#organization"},"image":{"@id":"https:\/\/accesolatino.org\/secretaria-del-migrante-abre-convocatoria-del-programa-sueno-michoacano-inversion-productiva-2026\/noticias\/#primaryimage"},"thumbnailUrl":"https:\/\/accesolatino.org\/wp-content\/uploads\/2026\/04\/sueno-michoacano.jpg","keywords":["Convocatoria","Inversi\u00f3n productiva","Negocios","Secretar\u00eda del Migrante","Sue\u00f1o michoacano"],"articleSection":["Noticia Destacada","Noticias"],"inLanguage":"en-US"},{"@type":"WebPage","@id":"https:\/\/accesolatino.org\/secretaria-del-migrante-abre-convocatoria-del-programa-sueno-michoacano-inversion-productiva-2026\/noticias\/","url":"https:\/\/accesolatino.org\/secretaria-del-migrante-abre-convocatoria-del-programa-sueno-michoacano-inversion-productiva-2026\/noticias\/","name":"Acceso Latino | Secretar\u00eda del Migrante abre convocatoria del Programa Sue\u00f1o Michoacano Inversi\u00f3n Productiva 2026","isPartOf":{"@id":"https:\/\/accesolatino.org\/#website"},"primaryImageOfPage":{"@id":"https:\/\/accesolatino.org\/secretaria-del-migrante-abre-convocatoria-del-programa-sueno-michoacano-inversion-productiva-2026\/noticias\/#primaryimage"},"image":{"@id":"https:\/\/accesolatino.org\/secretaria-del-migrante-abre-convocatoria-del-programa-sueno-michoacano-inversion-productiva-2026\/noticias\/#primaryimage"},"thumbnailUrl":"https:\/\/accesolatino.org\/wp-content\/uploads\/2026\/04\/sueno-michoacano.jpg","datePublished":"2026-04-30T17:41:52+00:00","dateModified":"2026-04-30T18:01:22+00:00","description":"Secretar\u00eda del Migrante abre convocatoria del Programa Sue\u00f1o Michoacano Inversi\u00f3n Productiva 2026 para impulsar negocios locales.","breadcrumb":{"@id":"https:\/\/accesolatino.org\/secretaria-del-migrante-abre-convocatoria-del-programa-sueno-michoacano-inversion-productiva-2026\/noticias\/#breadcrumb"},"inLanguage":"en-US","potentialAction":[{"@type":"ReadAction","target":["https:\/\/accesolatino.org\/secretaria-del-migrante-abre-convocatoria-del-programa-sueno-michoacano-inversion-productiva-2026\/noticias\/"]}]},{"@type":"ImageObject","inLanguage":"en-US","@id":"https:\/\/accesolatino.org\/secretaria-del-migrante-abre-convocatoria-del-programa-sueno-michoacano-inversion-productiva-2026\/noticias\/#primaryimage","url":"https:\/\/accesolatino.org\/wp-content\/uploads\/2026\/04\/sueno-michoacano.jpg","contentUrl":"https:\/\/accesolatino.org\/wp-content\/uploads\/2026\/04\/sueno-michoacano.jpg","width":1024,"height":611},{"@type":"BreadcrumbList","@id":"https:\/\/accesolatino.org\/secretaria-del-migrante-abre-convocatoria-del-programa-sueno-michoacano-inversion-productiva-2026\/noticias\/#breadcrumb","itemListElement":[{"@type":"ListItem","position":1,"name":"Portada","item":"https:\/\/accesolatino.org\/"},{"@type":"ListItem","position":2,"name":"Noticias","item":"https:\/\/accesolatino.org\/category\/noticias\/"},{"@type":"ListItem","position":3,"name":"Secretar\u00eda del Migrante abre convocatoria del Programa Sue\u00f1o Michoacano Inversi\u00f3n Productiva 2026"}]},{"@type":"WebSite","@id":"https:\/\/accesolatino.org\/#website","url":"https:\/\/accesolatino.org\/","name":"Acceso Latino | Fundaci\u00f3n Carlos Slim","description":"Fundaci\u00f3n Carlos Slim","publisher":{"@id":"https:\/\/accesolatino.org\/#organization"},"potentialAction":[{"@type":"SearchAction","target":{"@type":"EntryPoint","urlTemplate":"https:\/\/accesolatino.org\/?s={search_term_string}"},"query-input":{"@type":"PropertyValueSpecification","valueRequired":true,"valueName":"search_term_string"}}],"inLanguage":"en-US"},{"@type":"Organization","@id":"https:\/\/accesolatino.org\/#organization","name":"Acceso Latino | Fundaci\u00f3n Carlos Slim","url":"https:\/\/accesolatino.org\/","logo":{"@type":"ImageObject","inLanguage":"en-US","@id":"https:\/\/accesolatino.org\/#\/schema\/logo\/image\/","url":"https:\/\/accesolatino.org\/wp-content\/uploads\/2021\/02\/logo-footer-acceso-latino.png","contentUrl":"https:\/\/accesolatino.org\/wp-content\/uploads\/2021\/02\/logo-footer-acceso-latino.png","width":240,"height":40,"caption":"Acceso Latino | Fundaci\u00f3n Carlos Slim"},"image":{"@id":"https:\/\/accesolatino.org\/#\/schema\/logo\/image\/"},"sameAs":["https:\/\/www.facebook.com\/AccesoLatinoOrg","https:\/\/x.com\/FAccLatino"]},{"@type":"Person","@id":"https:\/\/accesolatino.org\/#\/schema\/person\/57bc3bfd2c357610a5255490ca4cd305","name":"News"}]}},"_links":{"self":[{"href":"https:\/\/accesolatino.org\/en\/wp-json\/wp\/v2\/posts\/71412","targetHints":{"allow":["GET"]}}],"collection":[{"href":"https:\/\/accesolatino.org\/en\/wp-json\/wp\/v2\/posts"}],"about":[{"href":"https:\/\/accesolatino.org\/en\/wp-json\/wp\/v2\/types\/post"}],"author":[{"embeddable":true,"href":"https:\/\/accesolatino.org\/en\/wp-json\/wp\/v2\/users\/13"}],"replies":[{"embeddable":true,"href":"https:\/\/accesolatino.org\/en\/wp-json\/wp\/v2\/comments?post=71412"}],"version-history":[{"count":7,"href":"https:\/\/accesolatino.org\/en\/wp-json\/wp\/v2\/posts\/71412\/revisions"}],"predecessor-version":[{"id":71422,"href":"https:\/\/accesolatino.org\/en\/wp-json\/wp\/v2\/posts\/71412\/revisions\/71422"}],"wp:featuredmedia":[{"embeddable":true,"href":"https:\/\/accesolatino.org\/en\/wp-json\/wp\/v2\/media\/71413"}],"wp:attachment":[{"href":"https:\/\/accesolatino.org\/en\/wp-json\/wp\/v2\/media?parent=71412"}],"wp:term":[{"taxonomy":"category","embeddable":true,"href":"https:\/\/accesolatino.org\/en\/wp-json\/wp\/v2\/categories?post=71412"},{"taxonomy":"post_tag","embeddable":true,"href":"https:\/\/accesolatino.org\/en\/wp-json\/wp\/v2\/tags?post=71412"}],"curies":[{"name":"wp","href":"https:\/\/api.w.org\/{rel}","templated":true}]}}