{"id":71388,"date":"2026-04-29T10:27:57","date_gmt":"2026-04-29T16:27:57","guid":{"rendered":"https:\/\/accesolatino.org\/?p=71388"},"modified":"2026-04-29T10:56:00","modified_gmt":"2026-04-29T16:56:00","slug":"incrementa-el-numero-de-estudiantes-latinos-en-arizona-segun-nuevo-reporte","status":"publish","type":"post","link":"https:\/\/accesolatino.org\/en\/incrementa-el-numero-de-estudiantes-latinos-en-arizona-segun-nuevo-reporte\/educacion\/","title":{"rendered":"Incrementa el n\u00famero de estudiantes latinos en Arizona, seg\u00fan nuevo reporte"},"content":{"rendered":"<div data-elementor-type=\"wp-post\" data-elementor-id=\"71388\" class=\"elementor elementor-71388\">\n\t\t\t\t\t\t<section class=\"elementor-section elementor-top-section elementor-element elementor-element-276762ac elementor-section-boxed elementor-section-height-default elementor-section-height-default wpr-particle-no wpr-jarallax-no wpr-parallax-no wpr-sticky-section-no wpr-equal-height-no\" data-id=\"276762ac\" data-element_type=\"section\" data-e-type=\"section\">\n\t\t\t\t\t\t<div class=\"elementor-container elementor-column-gap-default\">\n\t\t\t\t\t<div class=\"elementor-column elementor-col-100 elementor-top-column elementor-element elementor-element-71f6e7ec\" data-id=\"71f6e7ec\" data-element_type=\"column\" data-e-type=\"column\">\n\t\t\t<div class=\"elementor-widget-wrap elementor-element-populated\">\n\t\t\t\t\t\t<div class=\"elementor-element elementor-element-1a1db99d elementor-widget elementor-widget-heading\" data-id=\"1a1db99d\" data-element_type=\"widget\" data-e-type=\"widget\" data-widget_type=\"heading.default\">\n\t\t\t\t<div class=\"elementor-widget-container\">\n\t\t\t\t\t<h2 class=\"elementor-heading-title elementor-size-default\">El avance del programa de vouchers educativos ha profundizado la brecha de recursos en los distritos donde se concentra la poblaci\u00f3n latina del estado.<\/h2>\t\t\t\t<\/div>\n\t\t\t\t<\/div>\n\t\t\t\t\t<\/div>\n\t\t<\/div>\n\t\t\t\t\t<\/div>\n\t\t<\/section>\n\t\t\t\t<section class=\"elementor-section elementor-top-section elementor-element elementor-element-ec9470e elementor-section-boxed elementor-section-height-default elementor-section-height-default wpr-particle-no wpr-jarallax-no wpr-parallax-no wpr-sticky-section-no wpr-equal-height-no\" data-id=\"ec9470e\" data-element_type=\"section\" data-e-type=\"section\">\n\t\t\t\t\t\t<div class=\"elementor-container elementor-column-gap-default\">\n\t\t\t\t\t<div class=\"elementor-column elementor-col-100 elementor-top-column elementor-element elementor-element-5d0b775c\" data-id=\"5d0b775c\" data-element_type=\"column\" data-e-type=\"column\">\n\t\t\t<div class=\"elementor-widget-wrap elementor-element-populated\">\n\t\t\t\t\t\t<div class=\"elementor-element elementor-element-2843ce9e elementor-widget elementor-widget-text-editor\" data-id=\"2843ce9e\" data-element_type=\"widget\" data-e-type=\"widget\" data-widget_type=\"text-editor.default\">\n\t\t\t\t<div class=\"elementor-widget-container\">\n\t\t\t\t\t\t\t\t\t<p>Los estudiantes latinos representan una proporci\u00f3n creciente del alumnado en las escuelas p\u00fablicas de Arizona. De acuerdo con datos de la C\u00e1mara de Comercio Hispana de Arizona, el porcentaje pas\u00f3 de 45.4% en el ciclo escolar 2020-21 a 48.2% en el de 2023-24. El aumento coincide con la expansi\u00f3n del programa de vouchers educativos Empowerment Scholarship Account (ESA), que en 2022 abri\u00f3 su acceso a todos los estudiantes del estado, no solo a quienes pertenec\u00edan a grupos espec\u00edficos como originalmente estaba dise\u00f1ado cuando fue creado en 2011.<\/p>\t\t\t\t\t\t\t\t<\/div>\n\t\t\t\t<\/div>\n\t\t\t\t\t<\/div>\n\t\t<\/div>\n\t\t\t\t\t<\/div>\n\t\t<\/section>\n\t\t\t\t<section class=\"elementor-section elementor-top-section elementor-element elementor-element-59002986 elementor-section-boxed elementor-section-height-default elementor-section-height-default wpr-particle-no wpr-jarallax-no wpr-parallax-no wpr-sticky-section-no wpr-equal-height-no\" data-id=\"59002986\" data-element_type=\"section\" data-e-type=\"section\">\n\t\t\t\t\t\t<div class=\"elementor-container elementor-column-gap-default\">\n\t\t\t\t\t<div class=\"elementor-column elementor-col-50 elementor-top-column elementor-element elementor-element-74594e71\" data-id=\"74594e71\" data-element_type=\"column\" data-e-type=\"column\">\n\t\t\t<div class=\"elementor-widget-wrap elementor-element-populated\">\n\t\t\t\t\t\t<div class=\"elementor-element elementor-element-4f4f4f33 elementor-widget elementor-widget-image\" data-id=\"4f4f4f33\" data-element_type=\"widget\" data-e-type=\"widget\" data-widget_type=\"image.default\">\n\t\t\t\t<div class=\"elementor-widget-container\">\n\t\t\t\t\t\t\t\t\t\t\t\t\t\t\t<img fetchpriority=\"high\" decoding=\"async\" width=\"1105\" height=\"534\" src=\"https:\/\/accesolatino.org\/wp-content\/uploads\/2026\/04\/incrementan-estudiantes-latinos.png\" class=\"attachment-full size-full wp-image-71389\" alt=\"\" srcset=\"https:\/\/accesolatino.org\/wp-content\/uploads\/2026\/04\/incrementan-estudiantes-latinos.png 1105w, https:\/\/accesolatino.org\/wp-content\/uploads\/2026\/04\/incrementan-estudiantes-latinos-300x145.png 300w, https:\/\/accesolatino.org\/wp-content\/uploads\/2026\/04\/incrementan-estudiantes-latinos-1024x495.png 1024w, https:\/\/accesolatino.org\/wp-content\/uploads\/2026\/04\/incrementan-estudiantes-latinos-768x371.png 768w, https:\/\/accesolatino.org\/wp-content\/uploads\/2026\/04\/incrementan-estudiantes-latinos-18x9.png 18w\" sizes=\"(max-width: 1105px) 100vw, 1105px\" \/>\t\t\t\t\t\t\t\t\t\t\t\t\t\t\t<\/div>\n\t\t\t\t<\/div>\n\t\t\t\t\t<\/div>\n\t\t<\/div>\n\t\t\t\t<div class=\"elementor-column elementor-col-50 elementor-top-column elementor-element elementor-element-6c4e8c51\" data-id=\"6c4e8c51\" data-element_type=\"column\" data-e-type=\"column\">\n\t\t\t<div class=\"elementor-widget-wrap elementor-element-populated\">\n\t\t\t\t\t\t<div class=\"elementor-element elementor-element-4d7d0e6 elementor-widget elementor-widget-text-editor\" data-id=\"4d7d0e6\" data-element_type=\"widget\" data-e-type=\"widget\" data-widget_type=\"text-editor.default\">\n\t\t\t\t<div class=\"elementor-widget-container\">\n\t\t\t\t\t\t\t\t\t<p>El programa ESA permite a las familias destinar los recursos p\u00fablicos asignados a la educaci\u00f3n de sus hijos para pagar escuelas privadas o cubrir gastos de educaci\u00f3n en casa. Actualmente cuenta con m\u00e1s de 102 mil usuarios, lo que ha derivado en una ca\u00edda del n\u00famero de alumnos en las escuelas p\u00fablicas. Dado que el financiamiento estatal est\u00e1 atado a la matr\u00edcula, varios distritos escolares han enfrentado problemas presupuestales que los han llevado a cerrar planteles.<\/p>\t\t\t\t\t\t\t\t<\/div>\n\t\t\t\t<\/div>\n\t\t\t\t\t<\/div>\n\t\t<\/div>\n\t\t\t\t\t<\/div>\n\t\t<\/section>\n\t\t\t\t<section class=\"elementor-section elementor-top-section elementor-element elementor-element-615eef5c elementor-section-boxed elementor-section-height-default elementor-section-height-default wpr-particle-no wpr-jarallax-no wpr-parallax-no wpr-sticky-section-no wpr-equal-height-no\" data-id=\"615eef5c\" data-element_type=\"section\" data-e-type=\"section\">\n\t\t\t\t\t\t<div class=\"elementor-container elementor-column-gap-default\">\n\t\t\t\t\t<div class=\"elementor-column elementor-col-100 elementor-top-column elementor-element elementor-element-75aa9ece\" data-id=\"75aa9ece\" data-element_type=\"column\" data-e-type=\"column\">\n\t\t\t<div class=\"elementor-widget-wrap elementor-element-populated\">\n\t\t\t\t\t\t<div class=\"elementor-element elementor-element-5e79da11 elementor-widget elementor-widget-text-editor\" data-id=\"5e79da11\" data-element_type=\"widget\" data-e-type=\"widget\" data-widget_type=\"text-editor.default\">\n\t\t\t\t<div class=\"elementor-widget-container\">\n\t\t\t\t\t\t\t\t\t<p>Que los estudiantes latinos permanezcan en mayor proporci\u00f3n en las escuelas p\u00fablicas responde, en parte, a barreras pr\u00e1cticas de acceso al programa. Por su parte, Stephanie Parra, directora ejecutiva de All In Education, organizaci\u00f3n de defensa de la comunidad latina, se\u00f1ala que muchas familias que exploraron el programa no encontraron alternativas viables cerca de sus hogares. \u201cEn la cercan\u00eda de su vecindario no hab\u00eda una opci\u00f3n de escuela privada a una distancia razonable, y cuando las familias necesitan dejar a varios hijos, el transporte se convierte en un obst\u00e1culo real\u201d, explic\u00f3. A ello se suma que las escuelas p\u00fablicas reciben menos recursos conforme disminuye su matr\u00edcula, lo que afecta directamente las condiciones en las que trabajan los docentes.<\/p><p>Por otro lado, aunque casi la mitad del alumnado de las escuelas p\u00fablicas de Arizona se identifica como latino, solo el 18% de los maestros comparte esa identidad, una brecha que, seg\u00fan Parra, impacta directamente en los resultados educativos y en la permanencia de los propios educadores. \u201cLas voces de los educadores de color no siempre son bienvenidas o incluidas en las conversaciones, y eso con frecuencia lleva a un aumento en su deserci\u00f3n\u201d, se\u00f1al\u00f3.<\/p>\t\t\t\t\t\t\t\t<\/div>\n\t\t\t\t<\/div>\n\t\t\t\t\t<\/div>\n\t\t<\/div>\n\t\t\t\t\t<\/div>\n\t\t<\/section>\n\t\t\t\t<section class=\"elementor-section elementor-top-section elementor-element elementor-element-6c7f6d67 elementor-section-boxed elementor-section-height-default elementor-section-height-default wpr-particle-no wpr-jarallax-no wpr-parallax-no wpr-sticky-section-no wpr-equal-height-no\" data-id=\"6c7f6d67\" data-element_type=\"section\" data-e-type=\"section\">\n\t\t\t\t\t\t<div class=\"elementor-container elementor-column-gap-default\">\n\t\t\t\t\t<div class=\"elementor-column elementor-col-100 elementor-top-column elementor-element elementor-element-446bc0c7\" data-id=\"446bc0c7\" data-element_type=\"column\" data-e-type=\"column\">\n\t\t\t<div class=\"elementor-widget-wrap elementor-element-populated\">\n\t\t\t\t\t\t<div class=\"elementor-element elementor-element-67cb8ce6 elementor-widget elementor-widget-toggle\" data-id=\"67cb8ce6\" data-element_type=\"widget\" data-e-type=\"widget\" data-widget_type=\"toggle.default\">\n\t\t\t\t<div class=\"elementor-widget-container\">\n\t\t\t\t\t\t\t<div class=\"elementor-toggle\">\n\t\t\t\t\t\t\t<div class=\"elementor-toggle-item\">\n\t\t\t\t\t<div id=\"elementor-tab-title-1741\" class=\"elementor-tab-title\" data-tab=\"1\" role=\"button\" aria-controls=\"elementor-tab-content-1741\" aria-expanded=\"false\">\n\t\t\t\t\t\t\t\t\t\t\t\t<span class=\"elementor-toggle-icon elementor-toggle-icon-left\" aria-hidden=\"true\">\n\t\t\t\t\t\t\t\t\t\t\t\t\t\t\t<span class=\"elementor-toggle-icon-closed\"><i class=\"fas fa-caret-right\"><\/i><\/span>\n\t\t\t\t\t\t\t\t<span class=\"elementor-toggle-icon-opened\"><i class=\"elementor-toggle-icon-opened fas fa-caret-up\"><\/i><\/span>\n\t\t\t\t\t\t\t\t\t\t\t\t\t<\/span>\n\t\t\t\t\t\t\t\t\t\t\t\t<a class=\"elementor-toggle-title\" tabindex=\"0\"> BIBLIOGRAPHY<\/a>\n\t\t\t\t\t<\/div>\n\n\t\t\t\t\t<div id=\"elementor-tab-content-1741\" class=\"elementor-tab-content elementor-clearfix\" data-tab=\"1\" role=\"region\" aria-labelledby=\"elementor-tab-title-1741\"><p><strong>KTAR<\/strong><\/p><p><a href=\"https:\/\/issuu.com\/azhcc\/docs\/29th_annual_datos_the_state_of_arizona_s_hispanic\">https:\/\/issuu.com\/azhcc\/docs\/29th_annual_datos_the_state_of_arizona_s_hispanic<\/a><\/p><p><strong>ARIZONA HISPANIC CHAMBER OF COMMERCE<\/strong><\/p><p><a href=\"https:\/\/ktar.com\/arizona-education\/latino-students-public-schools\/5850698\/\">https:\/\/ktar.com\/arizona-education\/latino-students-public-schools\/5850698\/<\/a><\/p><\/div>\n\t\t\t\t<\/div>\n\t\t\t\t\t\t\t\t<\/div>\n\t\t\t\t\t\t<\/div>\n\t\t\t\t<\/div>\n\t\t\t\t\t<\/div>\n\t\t<\/div>\n\t\t\t\t\t<\/div>\n\t\t<\/section>\n\t\t\t\t<\/div>","protected":false},"excerpt":{"rendered":"<p>El avance del programa de vouchers educativos ha profundizado la brecha de recursos en los distritos donde se concentra la poblaci\u00f3n latina del estado. Los estudiantes latinos representan una proporci\u00f3n creciente del alumnado en las escuelas p\u00fablicas de Arizona. De acuerdo con datos de la C\u00e1mara de Comercio Hispana de Arizona, el porcentaje pas\u00f3 de 45.4% en el ciclo escolar 2020-21 a 48.2% en el de 2023-24. El aumento coincide con la expansi\u00f3n del programa de vouchers educativos Empowerment Scholarship Account (ESA), que en 2022 abri\u00f3 su acceso a todos los estudiantes del estado, no solo a quienes pertenec\u00edan a grupos espec\u00edficos como originalmente estaba dise\u00f1ado cuando fue creado en 2011. El programa ESA permite a las familias destinar los recursos p\u00fablicos asignados a la educaci\u00f3n de sus hijos para pagar escuelas privadas o cubrir gastos de educaci\u00f3n en casa. Actualmente cuenta con m\u00e1s de 102 mil usuarios, lo que ha derivado en una ca\u00edda del n\u00famero de alumnos en las escuelas p\u00fablicas. Dado que el financiamiento estatal est\u00e1 atado a la matr\u00edcula, varios distritos escolares han enfrentado problemas presupuestales que los han llevado a cerrar planteles. Que los estudiantes latinos permanezcan en mayor proporci\u00f3n en las escuelas p\u00fablicas responde, en parte, a barreras pr\u00e1cticas de acceso al programa. Por su parte, Stephanie Parra, directora ejecutiva de All In Education, organizaci\u00f3n de defensa de la comunidad latina, se\u00f1ala que muchas familias que exploraron el programa no encontraron alternativas viables cerca de sus hogares. \u201cEn la cercan\u00eda de su vecindario no hab\u00eda una opci\u00f3n de escuela privada a una distancia razonable, y cuando las familias necesitan dejar a varios hijos, el transporte se convierte en un obst\u00e1culo real\u201d, explic\u00f3. A ello se suma que las escuelas p\u00fablicas reciben menos recursos conforme disminuye su matr\u00edcula, lo que afecta directamente las condiciones en las que trabajan los docentes. Por otro lado, aunque casi la mitad del alumnado de las escuelas p\u00fablicas de Arizona se identifica como latino, solo el 18% de los maestros comparte esa identidad, una brecha que, seg\u00fan Parra, impacta directamente en los resultados educativos y en la permanencia de los propios educadores. \u201cLas voces de los educadores de color no siempre son bienvenidas o incluidas en las conversaciones, y eso con frecuencia lleva a un aumento en su deserci\u00f3n\u201d, se\u00f1al\u00f3. BIBLIOGRAF\u00cdA KTAR https:\/\/issuu.com\/azhcc\/docs\/29th_annual_datos_the_state_of_arizona_s_hispanic ARIZONA HISPANIC CHAMBER OF COMMERCE https:\/\/ktar.com\/arizona-education\/latino-students-public-schools\/5850698\/<\/p>","protected":false},"author":13,"featured_media":71389,"comment_status":"closed","ping_status":"closed","sticky":false,"template":"","format":"standard","meta":{"_uf_show_specific_survey":0,"_uf_disable_surveys":false,"footnotes":""},"categories":[13,10],"tags":[4577,1130,4579,917,4578],"class_list":["post-71388","post","type-post","status-publish","format-standard","has-post-thumbnail","hentry","category-educacion","category-noticias","tag-all-in-education","tag-arizona","tag-esa","tag-estudiantes-latinos","tag-hispanic-chamber"],"aioseo_notices":[],"yoast_head":"<!-- This site is optimized with the Yoast SEO plugin v27.5 - https:\/\/yoast.com\/product\/yoast-seo-wordpress\/ -->\n<title>Acceso Latino | Incrementa el n\u00famero de estudiantes latinos en Arizona, seg\u00fan nuevo reporte<\/title>\n<meta name=\"description\" content=\"Incrementa el n\u00famero de estudiantes latinos en Arizona, seg\u00fan nuevo reporte del Arizona Hispanic Chamber of Commerce.\" \/>\n<meta name=\"robots\" content=\"index, follow, max-snippet:-1, max-image-preview:large, max-video-preview:-1\" \/>\n<link rel=\"canonical\" href=\"https:\/\/accesolatino.org\/en\/incrementa-el-numero-de-estudiantes-latinos-en-arizona-segun-nuevo-reporte\/educacion\/\" \/>\n<meta property=\"og:locale\" content=\"en_US\" \/>\n<meta property=\"og:type\" content=\"article\" \/>\n<meta property=\"og:title\" content=\"Incrementa el n\u00famero de estudiantes latinos en Arizona, seg\u00fan nuevo reporte | Acceso Latino\" \/>\n<meta property=\"og:description\" content=\"Incrementa el n\u00famero de estudiantes latinos en Arizona, seg\u00fan nuevo reporte del Arizona Hispanic Chamber of Commerce.\" \/>\n<meta property=\"og:url\" content=\"https:\/\/accesolatino.org\/en\/incrementa-el-numero-de-estudiantes-latinos-en-arizona-segun-nuevo-reporte\/educacion\/\" \/>\n<meta property=\"og:site_name\" content=\"Acceso Latino\" \/>\n<meta property=\"article:publisher\" content=\"https:\/\/www.facebook.com\/AccesoLatinoOrg\" \/>\n<meta property=\"article:published_time\" content=\"2026-04-29T16:27:57+00:00\" \/>\n<meta property=\"article:modified_time\" content=\"2026-04-29T16:56:00+00:00\" \/>\n<meta property=\"og:image\" content=\"https:\/\/accesolatino.org\/wp-content\/uploads\/2026\/04\/incrementan-estudiantes-latinos.png\" \/>\n\t<meta property=\"og:image:width\" content=\"1105\" \/>\n\t<meta property=\"og:image:height\" content=\"534\" \/>\n\t<meta property=\"og:image:type\" content=\"image\/png\" \/>\n<meta name=\"author\" content=\"Noticias\" \/>\n<meta name=\"twitter:card\" content=\"summary_large_image\" \/>\n<meta name=\"twitter:creator\" content=\"@FAccLatino\" \/>\n<meta name=\"twitter:site\" content=\"@FAccLatino\" \/>\n<meta name=\"twitter:label1\" content=\"Written by\" \/>\n\t<meta name=\"twitter:data1\" content=\"Noticias\" \/>\n\t<meta name=\"twitter:label2\" content=\"Est. reading time\" \/>\n\t<meta name=\"twitter:data2\" content=\"3 minutes\" \/>\n<script type=\"application\/ld+json\" class=\"yoast-schema-graph\">{\"@context\":\"https:\\\/\\\/schema.org\",\"@graph\":[{\"@type\":\"Article\",\"@id\":\"https:\\\/\\\/accesolatino.org\\\/incrementa-el-numero-de-estudiantes-latinos-en-arizona-segun-nuevo-reporte\\\/educacion\\\/#article\",\"isPartOf\":{\"@id\":\"https:\\\/\\\/accesolatino.org\\\/incrementa-el-numero-de-estudiantes-latinos-en-arizona-segun-nuevo-reporte\\\/educacion\\\/\"},\"author\":{\"name\":\"Noticias\",\"@id\":\"https:\\\/\\\/accesolatino.org\\\/#\\\/schema\\\/person\\\/57bc3bfd2c357610a5255490ca4cd305\"},\"headline\":\"Incrementa el n\u00famero de estudiantes latinos en Arizona, seg\u00fan nuevo reporte\",\"datePublished\":\"2026-04-29T16:27:57+00:00\",\"dateModified\":\"2026-04-29T16:56:00+00:00\",\"mainEntityOfPage\":{\"@id\":\"https:\\\/\\\/accesolatino.org\\\/incrementa-el-numero-de-estudiantes-latinos-en-arizona-segun-nuevo-reporte\\\/educacion\\\/\"},\"wordCount\":445,\"publisher\":{\"@id\":\"https:\\\/\\\/accesolatino.org\\\/#organization\"},\"image\":{\"@id\":\"https:\\\/\\\/accesolatino.org\\\/incrementa-el-numero-de-estudiantes-latinos-en-arizona-segun-nuevo-reporte\\\/educacion\\\/#primaryimage\"},\"thumbnailUrl\":\"https:\\\/\\\/accesolatino.org\\\/wp-content\\\/uploads\\\/2026\\\/04\\\/incrementan-estudiantes-latinos.png\",\"keywords\":[\"All In Education\",\"Arizona\",\"ESA\",\"Estudiantes latinos\",\"Hispanic Chamber\"],\"articleSection\":[\"Educaci\u00f3n\",\"Noticias\"],\"inLanguage\":\"en-US\"},{\"@type\":\"WebPage\",\"@id\":\"https:\\\/\\\/accesolatino.org\\\/incrementa-el-numero-de-estudiantes-latinos-en-arizona-segun-nuevo-reporte\\\/educacion\\\/\",\"url\":\"https:\\\/\\\/accesolatino.org\\\/incrementa-el-numero-de-estudiantes-latinos-en-arizona-segun-nuevo-reporte\\\/educacion\\\/\",\"name\":\"Acceso Latino | Incrementa el n\u00famero de estudiantes latinos en Arizona, seg\u00fan nuevo reporte\",\"isPartOf\":{\"@id\":\"https:\\\/\\\/accesolatino.org\\\/#website\"},\"primaryImageOfPage\":{\"@id\":\"https:\\\/\\\/accesolatino.org\\\/incrementa-el-numero-de-estudiantes-latinos-en-arizona-segun-nuevo-reporte\\\/educacion\\\/#primaryimage\"},\"image\":{\"@id\":\"https:\\\/\\\/accesolatino.org\\\/incrementa-el-numero-de-estudiantes-latinos-en-arizona-segun-nuevo-reporte\\\/educacion\\\/#primaryimage\"},\"thumbnailUrl\":\"https:\\\/\\\/accesolatino.org\\\/wp-content\\\/uploads\\\/2026\\\/04\\\/incrementan-estudiantes-latinos.png\",\"datePublished\":\"2026-04-29T16:27:57+00:00\",\"dateModified\":\"2026-04-29T16:56:00+00:00\",\"description\":\"Incrementa el n\u00famero de estudiantes latinos en Arizona, seg\u00fan nuevo reporte del Arizona Hispanic Chamber of Commerce.\",\"breadcrumb\":{\"@id\":\"https:\\\/\\\/accesolatino.org\\\/incrementa-el-numero-de-estudiantes-latinos-en-arizona-segun-nuevo-reporte\\\/educacion\\\/#breadcrumb\"},\"inLanguage\":\"en-US\",\"potentialAction\":[{\"@type\":\"ReadAction\",\"target\":[\"https:\\\/\\\/accesolatino.org\\\/incrementa-el-numero-de-estudiantes-latinos-en-arizona-segun-nuevo-reporte\\\/educacion\\\/\"]}]},{\"@type\":\"ImageObject\",\"inLanguage\":\"en-US\",\"@id\":\"https:\\\/\\\/accesolatino.org\\\/incrementa-el-numero-de-estudiantes-latinos-en-arizona-segun-nuevo-reporte\\\/educacion\\\/#primaryimage\",\"url\":\"https:\\\/\\\/accesolatino.org\\\/wp-content\\\/uploads\\\/2026\\\/04\\\/incrementan-estudiantes-latinos.png\",\"contentUrl\":\"https:\\\/\\\/accesolatino.org\\\/wp-content\\\/uploads\\\/2026\\\/04\\\/incrementan-estudiantes-latinos.png\",\"width\":1105,\"height\":534},{\"@type\":\"BreadcrumbList\",\"@id\":\"https:\\\/\\\/accesolatino.org\\\/incrementa-el-numero-de-estudiantes-latinos-en-arizona-segun-nuevo-reporte\\\/educacion\\\/#breadcrumb\",\"itemListElement\":[{\"@type\":\"ListItem\",\"position\":1,\"name\":\"Portada\",\"item\":\"https:\\\/\\\/accesolatino.org\\\/\"},{\"@type\":\"ListItem\",\"position\":2,\"name\":\"Educaci\u00f3n\",\"item\":\"https:\\\/\\\/accesolatino.org\\\/category\\\/educacion\\\/\"},{\"@type\":\"ListItem\",\"position\":3,\"name\":\"Incrementa el n\u00famero de estudiantes latinos en Arizona, seg\u00fan nuevo reporte\"}]},{\"@type\":\"WebSite\",\"@id\":\"https:\\\/\\\/accesolatino.org\\\/#website\",\"url\":\"https:\\\/\\\/accesolatino.org\\\/\",\"name\":\"Acceso Latino | Fundaci\u00f3n Carlos Slim\",\"description\":\"Fundaci\u00f3n Carlos Slim\",\"publisher\":{\"@id\":\"https:\\\/\\\/accesolatino.org\\\/#organization\"},\"potentialAction\":[{\"@type\":\"SearchAction\",\"target\":{\"@type\":\"EntryPoint\",\"urlTemplate\":\"https:\\\/\\\/accesolatino.org\\\/?s={search_term_string}\"},\"query-input\":{\"@type\":\"PropertyValueSpecification\",\"valueRequired\":true,\"valueName\":\"search_term_string\"}}],\"inLanguage\":\"en-US\"},{\"@type\":\"Organization\",\"@id\":\"https:\\\/\\\/accesolatino.org\\\/#organization\",\"name\":\"Acceso Latino | Fundaci\u00f3n Carlos Slim\",\"url\":\"https:\\\/\\\/accesolatino.org\\\/\",\"logo\":{\"@type\":\"ImageObject\",\"inLanguage\":\"en-US\",\"@id\":\"https:\\\/\\\/accesolatino.org\\\/#\\\/schema\\\/logo\\\/image\\\/\",\"url\":\"https:\\\/\\\/accesolatino.org\\\/wp-content\\\/uploads\\\/2021\\\/02\\\/logo-footer-acceso-latino.png\",\"contentUrl\":\"https:\\\/\\\/accesolatino.org\\\/wp-content\\\/uploads\\\/2021\\\/02\\\/logo-footer-acceso-latino.png\",\"width\":240,\"height\":40,\"caption\":\"Acceso Latino | Fundaci\u00f3n Carlos Slim\"},\"image\":{\"@id\":\"https:\\\/\\\/accesolatino.org\\\/#\\\/schema\\\/logo\\\/image\\\/\"},\"sameAs\":[\"https:\\\/\\\/www.facebook.com\\\/AccesoLatinoOrg\",\"https:\\\/\\\/x.com\\\/FAccLatino\"]},{\"@type\":\"Person\",\"@id\":\"https:\\\/\\\/accesolatino.org\\\/#\\\/schema\\\/person\\\/57bc3bfd2c357610a5255490ca4cd305\",\"name\":\"Noticias\"}]}<\/script>\n<!-- \/ Yoast SEO plugin. -->","yoast_head_json":{"title":"Acceso Latino | Incrementa el n\u00famero de estudiantes latinos en Arizona, seg\u00fan nuevo reporte","description":"Incrementa el n\u00famero de estudiantes latinos en Arizona, seg\u00fan nuevo reporte del Arizona Hispanic Chamber of Commerce.","robots":{"index":"index","follow":"follow","max-snippet":"max-snippet:-1","max-image-preview":"max-image-preview:large","max-video-preview":"max-video-preview:-1"},"canonical":"https:\/\/accesolatino.org\/en\/incrementa-el-numero-de-estudiantes-latinos-en-arizona-segun-nuevo-reporte\/educacion\/","og_locale":"en_US","og_type":"article","og_title":"Incrementa el n\u00famero de estudiantes latinos en Arizona, seg\u00fan nuevo reporte | Acceso Latino","og_description":"Incrementa el n\u00famero de estudiantes latinos en Arizona, seg\u00fan nuevo reporte del Arizona Hispanic Chamber of Commerce.","og_url":"https:\/\/accesolatino.org\/en\/incrementa-el-numero-de-estudiantes-latinos-en-arizona-segun-nuevo-reporte\/educacion\/","og_site_name":"Acceso Latino","article_publisher":"https:\/\/www.facebook.com\/AccesoLatinoOrg","article_published_time":"2026-04-29T16:27:57+00:00","article_modified_time":"2026-04-29T16:56:00+00:00","og_image":[{"width":1105,"height":534,"url":"https:\/\/accesolatino.org\/wp-content\/uploads\/2026\/04\/incrementan-estudiantes-latinos.png","type":"image\/png"}],"author":"Noticias","twitter_card":"summary_large_image","twitter_creator":"@FAccLatino","twitter_site":"@FAccLatino","twitter_misc":{"Written by":"Noticias","Est. reading time":"3 minutes"},"schema":{"@context":"https:\/\/schema.org","@graph":[{"@type":"Article","@id":"https:\/\/accesolatino.org\/incrementa-el-numero-de-estudiantes-latinos-en-arizona-segun-nuevo-reporte\/educacion\/#article","isPartOf":{"@id":"https:\/\/accesolatino.org\/incrementa-el-numero-de-estudiantes-latinos-en-arizona-segun-nuevo-reporte\/educacion\/"},"author":{"name":"Noticias","@id":"https:\/\/accesolatino.org\/#\/schema\/person\/57bc3bfd2c357610a5255490ca4cd305"},"headline":"Incrementa el n\u00famero de estudiantes latinos en Arizona, seg\u00fan nuevo reporte","datePublished":"2026-04-29T16:27:57+00:00","dateModified":"2026-04-29T16:56:00+00:00","mainEntityOfPage":{"@id":"https:\/\/accesolatino.org\/incrementa-el-numero-de-estudiantes-latinos-en-arizona-segun-nuevo-reporte\/educacion\/"},"wordCount":445,"publisher":{"@id":"https:\/\/accesolatino.org\/#organization"},"image":{"@id":"https:\/\/accesolatino.org\/incrementa-el-numero-de-estudiantes-latinos-en-arizona-segun-nuevo-reporte\/educacion\/#primaryimage"},"thumbnailUrl":"https:\/\/accesolatino.org\/wp-content\/uploads\/2026\/04\/incrementan-estudiantes-latinos.png","keywords":["All In Education","Arizona","ESA","Estudiantes latinos","Hispanic Chamber"],"articleSection":["Educaci\u00f3n","Noticias"],"inLanguage":"en-US"},{"@type":"WebPage","@id":"https:\/\/accesolatino.org\/incrementa-el-numero-de-estudiantes-latinos-en-arizona-segun-nuevo-reporte\/educacion\/","url":"https:\/\/accesolatino.org\/incrementa-el-numero-de-estudiantes-latinos-en-arizona-segun-nuevo-reporte\/educacion\/","name":"Acceso Latino | Incrementa el n\u00famero de estudiantes latinos en Arizona, seg\u00fan nuevo reporte","isPartOf":{"@id":"https:\/\/accesolatino.org\/#website"},"primaryImageOfPage":{"@id":"https:\/\/accesolatino.org\/incrementa-el-numero-de-estudiantes-latinos-en-arizona-segun-nuevo-reporte\/educacion\/#primaryimage"},"image":{"@id":"https:\/\/accesolatino.org\/incrementa-el-numero-de-estudiantes-latinos-en-arizona-segun-nuevo-reporte\/educacion\/#primaryimage"},"thumbnailUrl":"https:\/\/accesolatino.org\/wp-content\/uploads\/2026\/04\/incrementan-estudiantes-latinos.png","datePublished":"2026-04-29T16:27:57+00:00","dateModified":"2026-04-29T16:56:00+00:00","description":"Incrementa el n\u00famero de estudiantes latinos en Arizona, seg\u00fan nuevo reporte del Arizona Hispanic Chamber of Commerce.","breadcrumb":{"@id":"https:\/\/accesolatino.org\/incrementa-el-numero-de-estudiantes-latinos-en-arizona-segun-nuevo-reporte\/educacion\/#breadcrumb"},"inLanguage":"en-US","potentialAction":[{"@type":"ReadAction","target":["https:\/\/accesolatino.org\/incrementa-el-numero-de-estudiantes-latinos-en-arizona-segun-nuevo-reporte\/educacion\/"]}]},{"@type":"ImageObject","inLanguage":"en-US","@id":"https:\/\/accesolatino.org\/incrementa-el-numero-de-estudiantes-latinos-en-arizona-segun-nuevo-reporte\/educacion\/#primaryimage","url":"https:\/\/accesolatino.org\/wp-content\/uploads\/2026\/04\/incrementan-estudiantes-latinos.png","contentUrl":"https:\/\/accesolatino.org\/wp-content\/uploads\/2026\/04\/incrementan-estudiantes-latinos.png","width":1105,"height":534},{"@type":"BreadcrumbList","@id":"https:\/\/accesolatino.org\/incrementa-el-numero-de-estudiantes-latinos-en-arizona-segun-nuevo-reporte\/educacion\/#breadcrumb","itemListElement":[{"@type":"ListItem","position":1,"name":"Portada","item":"https:\/\/accesolatino.org\/"},{"@type":"ListItem","position":2,"name":"Educaci\u00f3n","item":"https:\/\/accesolatino.org\/category\/educacion\/"},{"@type":"ListItem","position":3,"name":"Incrementa el n\u00famero de estudiantes latinos en Arizona, seg\u00fan nuevo reporte"}]},{"@type":"WebSite","@id":"https:\/\/accesolatino.org\/#website","url":"https:\/\/accesolatino.org\/","name":"Acceso Latino | Fundaci\u00f3n Carlos Slim","description":"Fundaci\u00f3n Carlos Slim","publisher":{"@id":"https:\/\/accesolatino.org\/#organization"},"potentialAction":[{"@type":"SearchAction","target":{"@type":"EntryPoint","urlTemplate":"https:\/\/accesolatino.org\/?s={search_term_string}"},"query-input":{"@type":"PropertyValueSpecification","valueRequired":true,"valueName":"search_term_string"}}],"inLanguage":"en-US"},{"@type":"Organization","@id":"https:\/\/accesolatino.org\/#organization","name":"Acceso Latino | Fundaci\u00f3n Carlos Slim","url":"https:\/\/accesolatino.org\/","logo":{"@type":"ImageObject","inLanguage":"en-US","@id":"https:\/\/accesolatino.org\/#\/schema\/logo\/image\/","url":"https:\/\/accesolatino.org\/wp-content\/uploads\/2021\/02\/logo-footer-acceso-latino.png","contentUrl":"https:\/\/accesolatino.org\/wp-content\/uploads\/2021\/02\/logo-footer-acceso-latino.png","width":240,"height":40,"caption":"Acceso Latino | Fundaci\u00f3n Carlos Slim"},"image":{"@id":"https:\/\/accesolatino.org\/#\/schema\/logo\/image\/"},"sameAs":["https:\/\/www.facebook.com\/AccesoLatinoOrg","https:\/\/x.com\/FAccLatino"]},{"@type":"Person","@id":"https:\/\/accesolatino.org\/#\/schema\/person\/57bc3bfd2c357610a5255490ca4cd305","name":"News"}]}},"_links":{"self":[{"href":"https:\/\/accesolatino.org\/en\/wp-json\/wp\/v2\/posts\/71388","targetHints":{"allow":["GET"]}}],"collection":[{"href":"https:\/\/accesolatino.org\/en\/wp-json\/wp\/v2\/posts"}],"about":[{"href":"https:\/\/accesolatino.org\/en\/wp-json\/wp\/v2\/types\/post"}],"author":[{"embeddable":true,"href":"https:\/\/accesolatino.org\/en\/wp-json\/wp\/v2\/users\/13"}],"replies":[{"embeddable":true,"href":"https:\/\/accesolatino.org\/en\/wp-json\/wp\/v2\/comments?post=71388"}],"version-history":[{"count":7,"href":"https:\/\/accesolatino.org\/en\/wp-json\/wp\/v2\/posts\/71388\/revisions"}],"predecessor-version":[{"id":71405,"href":"https:\/\/accesolatino.org\/en\/wp-json\/wp\/v2\/posts\/71388\/revisions\/71405"}],"wp:featuredmedia":[{"embeddable":true,"href":"https:\/\/accesolatino.org\/en\/wp-json\/wp\/v2\/media\/71389"}],"wp:attachment":[{"href":"https:\/\/accesolatino.org\/en\/wp-json\/wp\/v2\/media?parent=71388"}],"wp:term":[{"taxonomy":"category","embeddable":true,"href":"https:\/\/accesolatino.org\/en\/wp-json\/wp\/v2\/categories?post=71388"},{"taxonomy":"post_tag","embeddable":true,"href":"https:\/\/accesolatino.org\/en\/wp-json\/wp\/v2\/tags?post=71388"}],"curies":[{"name":"wp","href":"https:\/\/api.w.org\/{rel}","templated":true}]}}