{"id":71359,"date":"2026-04-27T10:55:53","date_gmt":"2026-04-27T16:55:53","guid":{"rendered":"https:\/\/accesolatino.org\/?p=71359"},"modified":"2026-04-27T11:05:17","modified_gmt":"2026-04-27T17:05:17","slug":"que-pueden-hacer-los-ciudadanos-latinos-ante-redadas-migratorias-y-perfilamiento-racial","status":"publish","type":"post","link":"https:\/\/accesolatino.org\/en\/que-pueden-hacer-los-ciudadanos-latinos-ante-redadas-migratorias-y-perfilamiento-racial\/noticias\/","title":{"rendered":"\u00bfQu\u00e9 pueden hacer los ciudadanos latinos ante redadas migratorias y perfilamiento racial?"},"content":{"rendered":"<div data-elementor-type=\"wp-post\" data-elementor-id=\"71359\" class=\"elementor elementor-71359\">\n\t\t\t\t\t\t<section class=\"elementor-section elementor-top-section elementor-element elementor-element-5388323e elementor-section-boxed elementor-section-height-default elementor-section-height-default wpr-particle-no wpr-jarallax-no wpr-parallax-no wpr-sticky-section-no wpr-equal-height-no\" data-id=\"5388323e\" data-element_type=\"section\" data-e-type=\"section\">\n\t\t\t\t\t\t<div class=\"elementor-container elementor-column-gap-default\">\n\t\t\t\t\t<div class=\"elementor-column elementor-col-100 elementor-top-column elementor-element elementor-element-67dff854\" data-id=\"67dff854\" data-element_type=\"column\" data-e-type=\"column\">\n\t\t\t<div class=\"elementor-widget-wrap elementor-element-populated\">\n\t\t\t\t\t\t<div class=\"elementor-element elementor-element-6b774320 elementor-widget elementor-widget-heading\" data-id=\"6b774320\" data-element_type=\"widget\" data-e-type=\"widget\" data-widget_type=\"heading.default\">\n\t\t\t\t<div class=\"elementor-widget-container\">\n\t\t\t\t\t<h2 class=\"elementor-heading-title elementor-size-default\">Conocer los derechos constitucionales, documentar incidentes y reportarlos ante las autoridades correspondientes son las principales herramientas disponibles frente a estas situaciones.<\/h2>\t\t\t\t<\/div>\n\t\t\t\t<\/div>\n\t\t\t\t\t<\/div>\n\t\t<\/div>\n\t\t\t\t\t<\/div>\n\t\t<\/section>\n\t\t\t\t<section class=\"elementor-section elementor-top-section elementor-element elementor-element-364a53f2 elementor-section-boxed elementor-section-height-default elementor-section-height-default wpr-particle-no wpr-jarallax-no wpr-parallax-no wpr-sticky-section-no wpr-equal-height-no\" data-id=\"364a53f2\" data-element_type=\"section\" data-e-type=\"section\">\n\t\t\t\t\t\t<div class=\"elementor-container elementor-column-gap-default\">\n\t\t\t\t\t<div class=\"elementor-column elementor-col-100 elementor-top-column elementor-element elementor-element-e4aa465\" data-id=\"e4aa465\" data-element_type=\"column\" data-e-type=\"column\">\n\t\t\t<div class=\"elementor-widget-wrap elementor-element-populated\">\n\t\t\t\t\t\t<div class=\"elementor-element elementor-element-1f9e2d2 elementor-widget elementor-widget-text-editor\" data-id=\"1f9e2d2\" data-element_type=\"widget\" data-e-type=\"widget\" data-widget_type=\"text-editor.default\">\n\t\t\t\t<div class=\"elementor-widget-container\">\n\t\t\t\t\t\t\t\t\t<p>Las redadas migratorias del Servicio de Control de Inmigraci\u00f3n y Aduanas (ICE) han generado un clima de incertidumbre en muchas comunidades latinas en Estados Unidos, incluso entre quienes tienen ciudadan\u00eda o residencia legal. Diversos\u00a0 medios han reportado el perfilamiento racial por parte de agentes de ICE en redadas migratorias, entre las personas afectadas se incluyen ciudadanos y residentes permanente. El perfilamiento racial ocurre cuando agentes detienen o interrogan a una persona bas\u00e1ndose en su apariencia f\u00edsica, idioma o etnicidad y no en una conducta concreta, lo cual es una pr\u00e1ctica que viola las protecciones constitucionales que aplican a toda persona en territorio estadounidense, independientemente de su estatus migratorio.<\/p><p>Adem\u00e1s, el 8 de septiembre del a\u00f1o pasado la Corte Suprema emiti\u00f3 una orden que permiti\u00f3 que agentes de ICE reanudaran detenciones de inmigrantes en el \u00e1rea de Los \u00c1ngeles utilizando factores como la raza o etnia, el uso de espa\u00f1ol y el empleo en ciertas industrias, es decir, perfilamiento racial.<\/p>\t\t\t\t\t\t\t\t<\/div>\n\t\t\t\t<\/div>\n\t\t\t\t\t<\/div>\n\t\t<\/div>\n\t\t\t\t\t<\/div>\n\t\t<\/section>\n\t\t\t\t<section class=\"elementor-section elementor-top-section elementor-element elementor-element-394e908 elementor-section-boxed elementor-section-height-default elementor-section-height-default wpr-particle-no wpr-jarallax-no wpr-parallax-no wpr-sticky-section-no wpr-equal-height-no\" data-id=\"394e908\" data-element_type=\"section\" data-e-type=\"section\">\n\t\t\t\t\t\t<div class=\"elementor-container elementor-column-gap-default\">\n\t\t\t\t\t<div class=\"elementor-column elementor-col-50 elementor-top-column elementor-element elementor-element-4f29d03f\" data-id=\"4f29d03f\" data-element_type=\"column\" data-e-type=\"column\">\n\t\t\t<div class=\"elementor-widget-wrap elementor-element-populated\">\n\t\t\t\t\t\t<div class=\"elementor-element elementor-element-3954386d elementor-widget elementor-widget-image\" data-id=\"3954386d\" data-element_type=\"widget\" data-e-type=\"widget\" data-widget_type=\"image.default\">\n\t\t\t\t<div class=\"elementor-widget-container\">\n\t\t\t\t\t\t\t\t\t\t\t\t\t\t\t<img fetchpriority=\"high\" decoding=\"async\" width=\"1105\" height=\"534\" src=\"https:\/\/accesolatino.org\/wp-content\/uploads\/2026\/04\/perfilamiento-racias-en-redadas.png\" class=\"attachment-full size-full wp-image-71366\" alt=\"\" srcset=\"https:\/\/accesolatino.org\/wp-content\/uploads\/2026\/04\/perfilamiento-racias-en-redadas.png 1105w, https:\/\/accesolatino.org\/wp-content\/uploads\/2026\/04\/perfilamiento-racias-en-redadas-300x145.png 300w, https:\/\/accesolatino.org\/wp-content\/uploads\/2026\/04\/perfilamiento-racias-en-redadas-1024x495.png 1024w, https:\/\/accesolatino.org\/wp-content\/uploads\/2026\/04\/perfilamiento-racias-en-redadas-768x371.png 768w, https:\/\/accesolatino.org\/wp-content\/uploads\/2026\/04\/perfilamiento-racias-en-redadas-18x9.png 18w\" sizes=\"(max-width: 1105px) 100vw, 1105px\" \/>\t\t\t\t\t\t\t\t\t\t\t\t\t\t\t<\/div>\n\t\t\t\t<\/div>\n\t\t\t\t\t<\/div>\n\t\t<\/div>\n\t\t\t\t<div class=\"elementor-column elementor-col-50 elementor-top-column elementor-element elementor-element-7255e6b0\" data-id=\"7255e6b0\" data-element_type=\"column\" data-e-type=\"column\">\n\t\t\t<div class=\"elementor-widget-wrap elementor-element-populated\">\n\t\t\t\t\t\t<div class=\"elementor-element elementor-element-130de8e8 elementor-widget elementor-widget-text-editor\" data-id=\"130de8e8\" data-element_type=\"widget\" data-e-type=\"widget\" data-widget_type=\"text-editor.default\">\n\t\t\t\t<div class=\"elementor-widget-container\">\n\t\t\t\t\t\t\t\t\t<p>Sin embargo, la Cuarta Enmienda de la Constituci\u00f3n protege a todas las personas contra arrestos y registros arbitrarios sin causa probable. La Quinta Enmienda garantiza el derecho a no autoincriminarse. Esto significa que un ciudadano o residente legal no est\u00e1 obligado a responder preguntas de agentes de ICE sobre su estatus migratorio, origen o identidad, y puede ejercer en silencio su derecho a no declarar. En caso de detenci\u00f3n, toda persona tiene derecho a preguntar si est\u00e1 libre de irse y, si no lo est\u00e1, a solicitar hablar con un abogado antes de responder cualquier pregunta.<\/p>\t\t\t\t\t\t\t\t<\/div>\n\t\t\t\t<\/div>\n\t\t\t\t\t<\/div>\n\t\t<\/div>\n\t\t\t\t\t<\/div>\n\t\t<\/section>\n\t\t\t\t<section class=\"elementor-section elementor-top-section elementor-element elementor-element-57871f41 elementor-section-boxed elementor-section-height-default elementor-section-height-default wpr-particle-no wpr-jarallax-no wpr-parallax-no wpr-sticky-section-no wpr-equal-height-no\" data-id=\"57871f41\" data-element_type=\"section\" data-e-type=\"section\">\n\t\t\t\t\t\t<div class=\"elementor-container elementor-column-gap-default\">\n\t\t\t\t\t<div class=\"elementor-column elementor-col-100 elementor-top-column elementor-element elementor-element-4e375f1a\" data-id=\"4e375f1a\" data-element_type=\"column\" data-e-type=\"column\">\n\t\t\t<div class=\"elementor-widget-wrap elementor-element-populated\">\n\t\t\t\t\t\t<div class=\"elementor-element elementor-element-539b5e1f elementor-widget elementor-widget-text-editor\" data-id=\"539b5e1f\" data-element_type=\"widget\" data-e-type=\"widget\" data-widget_type=\"text-editor.default\">\n\t\t\t\t<div class=\"elementor-widget-container\">\n\t\t\t\t\t\t\t\t\t<p>Si un ciudadano considera que fue detenido, interrogado o tratado de forma diferenciada por razones raciales o \u00e9tnicas, tiene varias v\u00edas para documentar y reportar el incidente. La primera es registrar la mayor cantidad de detalles posible, como fecha, hora, lugar, descripci\u00f3n de los agentes involucrados, n\u00famero de placa de veh\u00edculos oficiales y cualquier testigo presente. La segunda es presentar una queja formal ante la Oficina de Responsabilidad Profesional del Departamento de Seguridad Nacional (DHS), <a href=\"https:\/\/www.ice.gov\/es\/sobre-ice\/opr\">disponible en su sitio web<\/a>. Tambi\u00e9n es posible reportar el incidente ante la Divisi\u00f3n de Derechos Civiles del Departamento de Justicia (DOJ), o acudir a organizaciones como la Uni\u00f3n Americana de Libertades Civiles (ACLU), que ofrece recursos legales y recibe denuncias sobre abusos de autoridad.<\/p><p>Cabe destacar que, si eres residente, se recomienda siempre portar tu Green Card, el no hacerlo es considerado una infracci\u00f3n menor, adem\u00e1s de ponerte en riesgo de ser detenido arbitrariamente. En cambio, los ciudadanos estadounidenses no est\u00e1n obligados a portar documentos que prueben su ciudadan\u00eda.<\/p><p>A nivel comunitario, organizaciones como la Red Nacional de Inmigraci\u00f3n y Derechos de los Refugiados (NILC), el Proyecto de Derechos de Inmigrantes (IRP) y grupos locales de defensa legal ofrecen orientaci\u00f3n gratuita o de bajo costo, y en muchos casos cuentan con l\u00edneas de atenci\u00f3n en espa\u00f1ol. Diversas organizaciones recomiendan, incluso para ciudadanos, preparar con anticipaci\u00f3n una tarjeta con los derechos b\u00e1sicos ante una detenci\u00f3n, tener a la mano el n\u00famero de un abogado de confianza y conocer los planes de emergencia familiares.<\/p>\t\t\t\t\t\t\t\t<\/div>\n\t\t\t\t<\/div>\n\t\t\t\t\t<\/div>\n\t\t<\/div>\n\t\t\t\t\t<\/div>\n\t\t<\/section>\n\t\t\t\t<section class=\"elementor-section elementor-top-section elementor-element elementor-element-57a62d0a elementor-section-boxed elementor-section-height-default elementor-section-height-default wpr-particle-no wpr-jarallax-no wpr-parallax-no wpr-sticky-section-no wpr-equal-height-no\" data-id=\"57a62d0a\" data-element_type=\"section\" data-e-type=\"section\">\n\t\t\t\t\t\t<div class=\"elementor-container elementor-column-gap-default\">\n\t\t\t\t\t<div class=\"elementor-column elementor-col-100 elementor-top-column elementor-element elementor-element-1e14d984\" data-id=\"1e14d984\" data-element_type=\"column\" data-e-type=\"column\">\n\t\t\t<div class=\"elementor-widget-wrap elementor-element-populated\">\n\t\t\t\t\t\t<div class=\"elementor-element elementor-element-6f656edb elementor-widget elementor-widget-toggle\" data-id=\"6f656edb\" data-element_type=\"widget\" data-e-type=\"widget\" data-widget_type=\"toggle.default\">\n\t\t\t\t<div class=\"elementor-widget-container\">\n\t\t\t\t\t\t\t<div class=\"elementor-toggle\">\n\t\t\t\t\t\t\t<div class=\"elementor-toggle-item\">\n\t\t\t\t\t<div id=\"elementor-tab-title-1861\" class=\"elementor-tab-title\" data-tab=\"1\" role=\"button\" aria-controls=\"elementor-tab-content-1861\" aria-expanded=\"false\">\n\t\t\t\t\t\t\t\t\t\t\t\t<span class=\"elementor-toggle-icon elementor-toggle-icon-left\" aria-hidden=\"true\">\n\t\t\t\t\t\t\t\t\t\t\t\t\t\t\t<span class=\"elementor-toggle-icon-closed\"><i class=\"fas fa-caret-right\"><\/i><\/span>\n\t\t\t\t\t\t\t\t<span class=\"elementor-toggle-icon-opened\"><i class=\"elementor-toggle-icon-opened fas fa-caret-up\"><\/i><\/span>\n\t\t\t\t\t\t\t\t\t\t\t\t\t<\/span>\n\t\t\t\t\t\t\t\t\t\t\t\t<a class=\"elementor-toggle-title\" tabindex=\"0\"> BIBLIOGRAPHY<\/a>\n\t\t\t\t\t<\/div>\n\n\t\t\t\t\t<div id=\"elementor-tab-content-1861\" class=\"elementor-tab-content elementor-clearfix\" data-tab=\"1\" role=\"region\" aria-labelledby=\"elementor-tab-title-1861\"><p><strong>BROOKINGS<\/strong><\/p><p><a href=\"https:\/\/www.brookings.edu\/articles\/racial-profiling-by-ice-will-have-a-marked-impact-on-latino-communities\/\">https:\/\/www.brookings.edu\/articles\/racial-profiling-by-ice-will-have-a-marked-impact-on-latino-communities\/<\/a><\/p><p><strong>LATINO UCLA<\/strong><\/p><p><a href=\"https:\/\/latino.ucla.edu\/scotus-ruling-opens-door-to-racial-profiling-in-immigration-enforcement\/\">https:\/\/latino.ucla.edu\/scotus-ruling-opens-door-to-racial-profiling-in-immigration-enforcement\/<\/a><\/p><p><strong>THE GUARDIAN<\/strong><\/p><p><a href=\"https:\/\/www.theguardian.com\/us-news\/2026\/jan\/22\/us-citizens-racial-profiling-ice\">https:\/\/www.theguardian.com\/us-news\/2026\/jan\/22\/us-citizens-racial-profiling-ice<\/a><\/p><\/div>\n\t\t\t\t<\/div>\n\t\t\t\t\t\t\t\t<\/div>\n\t\t\t\t\t\t<\/div>\n\t\t\t\t<\/div>\n\t\t\t\t\t<\/div>\n\t\t<\/div>\n\t\t\t\t\t<\/div>\n\t\t<\/section>\n\t\t\t\t<\/div>","protected":false},"excerpt":{"rendered":"<p>Conocer los derechos constitucionales, documentar incidentes y reportarlos ante las autoridades correspondientes son las principales herramientas disponibles frente a estas situaciones. Las redadas migratorias del Servicio de Control de Inmigraci\u00f3n y Aduanas (ICE) han generado un clima de incertidumbre en muchas comunidades latinas en Estados Unidos, incluso entre quienes tienen ciudadan\u00eda o residencia legal. Diversos\u00a0 medios han reportado el perfilamiento racial por parte de agentes de ICE en redadas migratorias, entre las personas afectadas se incluyen ciudadanos y residentes permanente. El perfilamiento racial ocurre cuando agentes detienen o interrogan a una persona bas\u00e1ndose en su apariencia f\u00edsica, idioma o etnicidad y no en una conducta concreta, lo cual es una pr\u00e1ctica que viola las protecciones constitucionales que aplican a toda persona en territorio estadounidense, independientemente de su estatus migratorio. Adem\u00e1s, el 8 de septiembre del a\u00f1o pasado la Corte Suprema emiti\u00f3 una orden que permiti\u00f3 que agentes de ICE reanudaran detenciones de inmigrantes en el \u00e1rea de Los \u00c1ngeles utilizando factores como la raza o etnia, el uso de espa\u00f1ol y el empleo en ciertas industrias, es decir, perfilamiento racial. Sin embargo, la Cuarta Enmienda de la Constituci\u00f3n protege a todas las personas contra arrestos y registros arbitrarios sin causa probable. La Quinta Enmienda garantiza el derecho a no autoincriminarse. Esto significa que un ciudadano o residente legal no est\u00e1 obligado a responder preguntas de agentes de ICE sobre su estatus migratorio, origen o identidad, y puede ejercer en silencio su derecho a no declarar. En caso de detenci\u00f3n, toda persona tiene derecho a preguntar si est\u00e1 libre de irse y, si no lo est\u00e1, a solicitar hablar con un abogado antes de responder cualquier pregunta. Si un ciudadano considera que fue detenido, interrogado o tratado de forma diferenciada por razones raciales o \u00e9tnicas, tiene varias v\u00edas para documentar y reportar el incidente. La primera es registrar la mayor cantidad de detalles posible, como fecha, hora, lugar, descripci\u00f3n de los agentes involucrados, n\u00famero de placa de veh\u00edculos oficiales y cualquier testigo presente. La segunda es presentar una queja formal ante la Oficina de Responsabilidad Profesional del Departamento de Seguridad Nacional (DHS), disponible en su sitio web. Tambi\u00e9n es posible reportar el incidente ante la Divisi\u00f3n de Derechos Civiles del Departamento de Justicia (DOJ), o acudir a organizaciones como la Uni\u00f3n Americana de Libertades Civiles (ACLU), que ofrece recursos legales y recibe denuncias sobre abusos de autoridad. Cabe destacar que, si eres residente, se recomienda siempre portar tu Green Card, el no hacerlo es considerado una infracci\u00f3n menor, adem\u00e1s de ponerte en riesgo de ser detenido arbitrariamente. En cambio, los ciudadanos estadounidenses no est\u00e1n obligados a portar documentos que prueben su ciudadan\u00eda. A nivel comunitario, organizaciones como la Red Nacional de Inmigraci\u00f3n y Derechos de los Refugiados (NILC), el Proyecto de Derechos de Inmigrantes (IRP) y grupos locales de defensa legal ofrecen orientaci\u00f3n gratuita o de bajo costo, y en muchos casos cuentan con l\u00edneas de atenci\u00f3n en espa\u00f1ol. Diversas organizaciones recomiendan, incluso para ciudadanos, preparar con anticipaci\u00f3n una tarjeta con los derechos b\u00e1sicos ante una detenci\u00f3n, tener a la mano el n\u00famero de un abogado de confianza y conocer los planes de emergencia familiares. BIBLIOGRAF\u00cdA BROOKINGS https:\/\/www.brookings.edu\/articles\/racial-profiling-by-ice-will-have-a-marked-impact-on-latino-communities\/ LATINO UCLA https:\/\/latino.ucla.edu\/scotus-ruling-opens-door-to-racial-profiling-in-immigration-enforcement\/ THE GUARDIAN https:\/\/www.theguardian.com\/us-news\/2026\/jan\/22\/us-citizens-racial-profiling-ice<\/p>","protected":false},"author":13,"featured_media":71366,"comment_status":"closed","ping_status":"closed","sticky":false,"template":"","format":"standard","meta":{"_uf_show_specific_survey":0,"_uf_disable_surveys":false,"footnotes":""},"categories":[3432,10],"tags":[],"class_list":["post-71359","post","type-post","status-publish","format-standard","has-post-thumbnail","hentry","category-destacada","category-noticias"],"aioseo_notices":[],"yoast_head":"<!-- This site is optimized with the Yoast SEO plugin v27.4 - https:\/\/yoast.com\/product\/yoast-seo-wordpress\/ -->\n<title>Acceso Latino | \u00bfQu\u00e9 pueden hacer los ciudadanos latinos ante redadas migratorias y perfilamiento racial?<\/title>\n<meta name=\"description\" content=\"Qu\u00e9 pueden hacer los ciudadanos y residentes latinos ante las redadas migratorias de ICE y el perfilamiento racial.\" \/>\n<meta name=\"robots\" content=\"index, follow, max-snippet:-1, max-image-preview:large, max-video-preview:-1\" \/>\n<link rel=\"canonical\" href=\"https:\/\/accesolatino.org\/en\/que-pueden-hacer-los-ciudadanos-latinos-ante-redadas-migratorias-y-perfilamiento-racial\/noticias\/\" \/>\n<meta property=\"og:locale\" content=\"en_US\" \/>\n<meta property=\"og:type\" content=\"article\" \/>\n<meta property=\"og:title\" content=\"\u00bfQu\u00e9 pueden hacer los ciudadanos latinos ante redadas migratorias y perfilamiento racial? | Acceso Latino\" \/>\n<meta property=\"og:description\" content=\"Qu\u00e9 pueden hacer los ciudadanos y residentes latinos ante las redadas migratorias de ICE y el perfilamiento racial.\" \/>\n<meta property=\"og:url\" content=\"https:\/\/accesolatino.org\/en\/que-pueden-hacer-los-ciudadanos-latinos-ante-redadas-migratorias-y-perfilamiento-racial\/noticias\/\" \/>\n<meta property=\"og:site_name\" content=\"Acceso Latino\" \/>\n<meta property=\"article:publisher\" content=\"https:\/\/www.facebook.com\/AccesoLatinoOrg\" \/>\n<meta property=\"article:published_time\" content=\"2026-04-27T16:55:53+00:00\" \/>\n<meta property=\"article:modified_time\" content=\"2026-04-27T17:05:17+00:00\" \/>\n<meta property=\"og:image\" content=\"https:\/\/accesolatino.org\/wp-content\/uploads\/2026\/04\/perfilamiento-racias-en-redadas.png\" \/>\n\t<meta property=\"og:image:width\" content=\"1105\" \/>\n\t<meta property=\"og:image:height\" content=\"534\" \/>\n\t<meta property=\"og:image:type\" content=\"image\/png\" \/>\n<meta name=\"author\" content=\"Noticias\" \/>\n<meta name=\"twitter:card\" content=\"summary_large_image\" \/>\n<meta name=\"twitter:creator\" content=\"@FAccLatino\" \/>\n<meta name=\"twitter:site\" content=\"@FAccLatino\" \/>\n<meta name=\"twitter:label1\" content=\"Written by\" \/>\n\t<meta name=\"twitter:data1\" content=\"Noticias\" \/>\n\t<meta name=\"twitter:label2\" content=\"Est. reading time\" \/>\n\t<meta name=\"twitter:data2\" content=\"3 minutes\" \/>\n<script type=\"application\/ld+json\" class=\"yoast-schema-graph\">{\"@context\":\"https:\\\/\\\/schema.org\",\"@graph\":[{\"@type\":\"Article\",\"@id\":\"https:\\\/\\\/accesolatino.org\\\/que-pueden-hacer-los-ciudadanos-latinos-ante-redadas-migratorias-y-perfilamiento-racial\\\/noticias\\\/#article\",\"isPartOf\":{\"@id\":\"https:\\\/\\\/accesolatino.org\\\/que-pueden-hacer-los-ciudadanos-latinos-ante-redadas-migratorias-y-perfilamiento-racial\\\/noticias\\\/\"},\"author\":{\"name\":\"Noticias\",\"@id\":\"https:\\\/\\\/accesolatino.org\\\/#\\\/schema\\\/person\\\/6b654926a4e7e4709c9ad12459661666\"},\"headline\":\"\u00bfQu\u00e9 pueden hacer los ciudadanos latinos ante redadas migratorias y perfilamiento racial?\",\"datePublished\":\"2026-04-27T16:55:53+00:00\",\"dateModified\":\"2026-04-27T17:05:17+00:00\",\"mainEntityOfPage\":{\"@id\":\"https:\\\/\\\/accesolatino.org\\\/que-pueden-hacer-los-ciudadanos-latinos-ante-redadas-migratorias-y-perfilamiento-racial\\\/noticias\\\/\"},\"wordCount\":590,\"publisher\":{\"@id\":\"https:\\\/\\\/accesolatino.org\\\/#organization\"},\"image\":{\"@id\":\"https:\\\/\\\/accesolatino.org\\\/que-pueden-hacer-los-ciudadanos-latinos-ante-redadas-migratorias-y-perfilamiento-racial\\\/noticias\\\/#primaryimage\"},\"thumbnailUrl\":\"https:\\\/\\\/accesolatino.org\\\/wp-content\\\/uploads\\\/2026\\\/04\\\/perfilamiento-racias-en-redadas.png\",\"articleSection\":[\"Noticia Destacada\",\"Noticias\"],\"inLanguage\":\"en-US\"},{\"@type\":\"WebPage\",\"@id\":\"https:\\\/\\\/accesolatino.org\\\/que-pueden-hacer-los-ciudadanos-latinos-ante-redadas-migratorias-y-perfilamiento-racial\\\/noticias\\\/\",\"url\":\"https:\\\/\\\/accesolatino.org\\\/que-pueden-hacer-los-ciudadanos-latinos-ante-redadas-migratorias-y-perfilamiento-racial\\\/noticias\\\/\",\"name\":\"Acceso Latino | \u00bfQu\u00e9 pueden hacer los ciudadanos latinos ante redadas migratorias y perfilamiento racial?\",\"isPartOf\":{\"@id\":\"https:\\\/\\\/accesolatino.org\\\/#website\"},\"primaryImageOfPage\":{\"@id\":\"https:\\\/\\\/accesolatino.org\\\/que-pueden-hacer-los-ciudadanos-latinos-ante-redadas-migratorias-y-perfilamiento-racial\\\/noticias\\\/#primaryimage\"},\"image\":{\"@id\":\"https:\\\/\\\/accesolatino.org\\\/que-pueden-hacer-los-ciudadanos-latinos-ante-redadas-migratorias-y-perfilamiento-racial\\\/noticias\\\/#primaryimage\"},\"thumbnailUrl\":\"https:\\\/\\\/accesolatino.org\\\/wp-content\\\/uploads\\\/2026\\\/04\\\/perfilamiento-racias-en-redadas.png\",\"datePublished\":\"2026-04-27T16:55:53+00:00\",\"dateModified\":\"2026-04-27T17:05:17+00:00\",\"description\":\"Qu\u00e9 pueden hacer los ciudadanos y residentes latinos ante las redadas migratorias de ICE y el perfilamiento racial.\",\"breadcrumb\":{\"@id\":\"https:\\\/\\\/accesolatino.org\\\/que-pueden-hacer-los-ciudadanos-latinos-ante-redadas-migratorias-y-perfilamiento-racial\\\/noticias\\\/#breadcrumb\"},\"inLanguage\":\"en-US\",\"potentialAction\":[{\"@type\":\"ReadAction\",\"target\":[\"https:\\\/\\\/accesolatino.org\\\/que-pueden-hacer-los-ciudadanos-latinos-ante-redadas-migratorias-y-perfilamiento-racial\\\/noticias\\\/\"]}]},{\"@type\":\"ImageObject\",\"inLanguage\":\"en-US\",\"@id\":\"https:\\\/\\\/accesolatino.org\\\/que-pueden-hacer-los-ciudadanos-latinos-ante-redadas-migratorias-y-perfilamiento-racial\\\/noticias\\\/#primaryimage\",\"url\":\"https:\\\/\\\/accesolatino.org\\\/wp-content\\\/uploads\\\/2026\\\/04\\\/perfilamiento-racias-en-redadas.png\",\"contentUrl\":\"https:\\\/\\\/accesolatino.org\\\/wp-content\\\/uploads\\\/2026\\\/04\\\/perfilamiento-racias-en-redadas.png\",\"width\":1105,\"height\":534},{\"@type\":\"BreadcrumbList\",\"@id\":\"https:\\\/\\\/accesolatino.org\\\/que-pueden-hacer-los-ciudadanos-latinos-ante-redadas-migratorias-y-perfilamiento-racial\\\/noticias\\\/#breadcrumb\",\"itemListElement\":[{\"@type\":\"ListItem\",\"position\":1,\"name\":\"Portada\",\"item\":\"https:\\\/\\\/accesolatino.org\\\/\"},{\"@type\":\"ListItem\",\"position\":2,\"name\":\"Noticias\",\"item\":\"https:\\\/\\\/accesolatino.org\\\/category\\\/noticias\\\/\"},{\"@type\":\"ListItem\",\"position\":3,\"name\":\"\u00bfQu\u00e9 pueden hacer los ciudadanos latinos ante redadas migratorias y perfilamiento racial?\"}]},{\"@type\":\"WebSite\",\"@id\":\"https:\\\/\\\/accesolatino.org\\\/#website\",\"url\":\"https:\\\/\\\/accesolatino.org\\\/\",\"name\":\"Acceso Latino | Fundaci\u00f3n Carlos Slim\",\"description\":\"Fundaci\u00f3n Carlos Slim\",\"publisher\":{\"@id\":\"https:\\\/\\\/accesolatino.org\\\/#organization\"},\"potentialAction\":[{\"@type\":\"SearchAction\",\"target\":{\"@type\":\"EntryPoint\",\"urlTemplate\":\"https:\\\/\\\/accesolatino.org\\\/?s={search_term_string}\"},\"query-input\":{\"@type\":\"PropertyValueSpecification\",\"valueRequired\":true,\"valueName\":\"search_term_string\"}}],\"inLanguage\":\"en-US\"},{\"@type\":\"Organization\",\"@id\":\"https:\\\/\\\/accesolatino.org\\\/#organization\",\"name\":\"Acceso Latino | Fundaci\u00f3n Carlos Slim\",\"url\":\"https:\\\/\\\/accesolatino.org\\\/\",\"logo\":{\"@type\":\"ImageObject\",\"inLanguage\":\"en-US\",\"@id\":\"https:\\\/\\\/accesolatino.org\\\/#\\\/schema\\\/logo\\\/image\\\/\",\"url\":\"https:\\\/\\\/accesolatino.org\\\/wp-content\\\/uploads\\\/2021\\\/02\\\/logo-footer-acceso-latino.png\",\"contentUrl\":\"https:\\\/\\\/accesolatino.org\\\/wp-content\\\/uploads\\\/2021\\\/02\\\/logo-footer-acceso-latino.png\",\"width\":240,\"height\":40,\"caption\":\"Acceso Latino | Fundaci\u00f3n Carlos Slim\"},\"image\":{\"@id\":\"https:\\\/\\\/accesolatino.org\\\/#\\\/schema\\\/logo\\\/image\\\/\"},\"sameAs\":[\"https:\\\/\\\/www.facebook.com\\\/AccesoLatinoOrg\",\"https:\\\/\\\/x.com\\\/FAccLatino\"]},{\"@type\":\"Person\",\"@id\":\"https:\\\/\\\/accesolatino.org\\\/#\\\/schema\\\/person\\\/6b654926a4e7e4709c9ad12459661666\",\"name\":\"Noticias\"}]}<\/script>\n<!-- \/ Yoast SEO plugin. -->","yoast_head_json":{"title":"Acceso Latino | \u00bfQu\u00e9 pueden hacer los ciudadanos latinos ante redadas migratorias y perfilamiento racial?","description":"Qu\u00e9 pueden hacer los ciudadanos y residentes latinos ante las redadas migratorias de ICE y el perfilamiento racial.","robots":{"index":"index","follow":"follow","max-snippet":"max-snippet:-1","max-image-preview":"max-image-preview:large","max-video-preview":"max-video-preview:-1"},"canonical":"https:\/\/accesolatino.org\/en\/que-pueden-hacer-los-ciudadanos-latinos-ante-redadas-migratorias-y-perfilamiento-racial\/noticias\/","og_locale":"en_US","og_type":"article","og_title":"\u00bfQu\u00e9 pueden hacer los ciudadanos latinos ante redadas migratorias y perfilamiento racial? | Acceso Latino","og_description":"Qu\u00e9 pueden hacer los ciudadanos y residentes latinos ante las redadas migratorias de ICE y el perfilamiento racial.","og_url":"https:\/\/accesolatino.org\/en\/que-pueden-hacer-los-ciudadanos-latinos-ante-redadas-migratorias-y-perfilamiento-racial\/noticias\/","og_site_name":"Acceso Latino","article_publisher":"https:\/\/www.facebook.com\/AccesoLatinoOrg","article_published_time":"2026-04-27T16:55:53+00:00","article_modified_time":"2026-04-27T17:05:17+00:00","og_image":[{"width":1105,"height":534,"url":"https:\/\/accesolatino.org\/wp-content\/uploads\/2026\/04\/perfilamiento-racias-en-redadas.png","type":"image\/png"}],"author":"Noticias","twitter_card":"summary_large_image","twitter_creator":"@FAccLatino","twitter_site":"@FAccLatino","twitter_misc":{"Written by":"Noticias","Est. reading time":"3 minutes"},"schema":{"@context":"https:\/\/schema.org","@graph":[{"@type":"Article","@id":"https:\/\/accesolatino.org\/que-pueden-hacer-los-ciudadanos-latinos-ante-redadas-migratorias-y-perfilamiento-racial\/noticias\/#article","isPartOf":{"@id":"https:\/\/accesolatino.org\/que-pueden-hacer-los-ciudadanos-latinos-ante-redadas-migratorias-y-perfilamiento-racial\/noticias\/"},"author":{"name":"Noticias","@id":"https:\/\/accesolatino.org\/#\/schema\/person\/6b654926a4e7e4709c9ad12459661666"},"headline":"\u00bfQu\u00e9 pueden hacer los ciudadanos latinos ante redadas migratorias y perfilamiento racial?","datePublished":"2026-04-27T16:55:53+00:00","dateModified":"2026-04-27T17:05:17+00:00","mainEntityOfPage":{"@id":"https:\/\/accesolatino.org\/que-pueden-hacer-los-ciudadanos-latinos-ante-redadas-migratorias-y-perfilamiento-racial\/noticias\/"},"wordCount":590,"publisher":{"@id":"https:\/\/accesolatino.org\/#organization"},"image":{"@id":"https:\/\/accesolatino.org\/que-pueden-hacer-los-ciudadanos-latinos-ante-redadas-migratorias-y-perfilamiento-racial\/noticias\/#primaryimage"},"thumbnailUrl":"https:\/\/accesolatino.org\/wp-content\/uploads\/2026\/04\/perfilamiento-racias-en-redadas.png","articleSection":["Noticia Destacada","Noticias"],"inLanguage":"en-US"},{"@type":"WebPage","@id":"https:\/\/accesolatino.org\/que-pueden-hacer-los-ciudadanos-latinos-ante-redadas-migratorias-y-perfilamiento-racial\/noticias\/","url":"https:\/\/accesolatino.org\/que-pueden-hacer-los-ciudadanos-latinos-ante-redadas-migratorias-y-perfilamiento-racial\/noticias\/","name":"Acceso Latino | \u00bfQu\u00e9 pueden hacer los ciudadanos latinos ante redadas migratorias y perfilamiento racial?","isPartOf":{"@id":"https:\/\/accesolatino.org\/#website"},"primaryImageOfPage":{"@id":"https:\/\/accesolatino.org\/que-pueden-hacer-los-ciudadanos-latinos-ante-redadas-migratorias-y-perfilamiento-racial\/noticias\/#primaryimage"},"image":{"@id":"https:\/\/accesolatino.org\/que-pueden-hacer-los-ciudadanos-latinos-ante-redadas-migratorias-y-perfilamiento-racial\/noticias\/#primaryimage"},"thumbnailUrl":"https:\/\/accesolatino.org\/wp-content\/uploads\/2026\/04\/perfilamiento-racias-en-redadas.png","datePublished":"2026-04-27T16:55:53+00:00","dateModified":"2026-04-27T17:05:17+00:00","description":"Qu\u00e9 pueden hacer los ciudadanos y residentes latinos ante las redadas migratorias de ICE y el perfilamiento racial.","breadcrumb":{"@id":"https:\/\/accesolatino.org\/que-pueden-hacer-los-ciudadanos-latinos-ante-redadas-migratorias-y-perfilamiento-racial\/noticias\/#breadcrumb"},"inLanguage":"en-US","potentialAction":[{"@type":"ReadAction","target":["https:\/\/accesolatino.org\/que-pueden-hacer-los-ciudadanos-latinos-ante-redadas-migratorias-y-perfilamiento-racial\/noticias\/"]}]},{"@type":"ImageObject","inLanguage":"en-US","@id":"https:\/\/accesolatino.org\/que-pueden-hacer-los-ciudadanos-latinos-ante-redadas-migratorias-y-perfilamiento-racial\/noticias\/#primaryimage","url":"https:\/\/accesolatino.org\/wp-content\/uploads\/2026\/04\/perfilamiento-racias-en-redadas.png","contentUrl":"https:\/\/accesolatino.org\/wp-content\/uploads\/2026\/04\/perfilamiento-racias-en-redadas.png","width":1105,"height":534},{"@type":"BreadcrumbList","@id":"https:\/\/accesolatino.org\/que-pueden-hacer-los-ciudadanos-latinos-ante-redadas-migratorias-y-perfilamiento-racial\/noticias\/#breadcrumb","itemListElement":[{"@type":"ListItem","position":1,"name":"Portada","item":"https:\/\/accesolatino.org\/"},{"@type":"ListItem","position":2,"name":"Noticias","item":"https:\/\/accesolatino.org\/category\/noticias\/"},{"@type":"ListItem","position":3,"name":"\u00bfQu\u00e9 pueden hacer los ciudadanos latinos ante redadas migratorias y perfilamiento racial?"}]},{"@type":"WebSite","@id":"https:\/\/accesolatino.org\/#website","url":"https:\/\/accesolatino.org\/","name":"Acceso Latino | Fundaci\u00f3n Carlos Slim","description":"Fundaci\u00f3n Carlos Slim","publisher":{"@id":"https:\/\/accesolatino.org\/#organization"},"potentialAction":[{"@type":"SearchAction","target":{"@type":"EntryPoint","urlTemplate":"https:\/\/accesolatino.org\/?s={search_term_string}"},"query-input":{"@type":"PropertyValueSpecification","valueRequired":true,"valueName":"search_term_string"}}],"inLanguage":"en-US"},{"@type":"Organization","@id":"https:\/\/accesolatino.org\/#organization","name":"Acceso Latino | Fundaci\u00f3n Carlos Slim","url":"https:\/\/accesolatino.org\/","logo":{"@type":"ImageObject","inLanguage":"en-US","@id":"https:\/\/accesolatino.org\/#\/schema\/logo\/image\/","url":"https:\/\/accesolatino.org\/wp-content\/uploads\/2021\/02\/logo-footer-acceso-latino.png","contentUrl":"https:\/\/accesolatino.org\/wp-content\/uploads\/2021\/02\/logo-footer-acceso-latino.png","width":240,"height":40,"caption":"Acceso Latino | Fundaci\u00f3n Carlos Slim"},"image":{"@id":"https:\/\/accesolatino.org\/#\/schema\/logo\/image\/"},"sameAs":["https:\/\/www.facebook.com\/AccesoLatinoOrg","https:\/\/x.com\/FAccLatino"]},{"@type":"Person","@id":"https:\/\/accesolatino.org\/#\/schema\/person\/6b654926a4e7e4709c9ad12459661666","name":"News"}]}},"_links":{"self":[{"href":"https:\/\/accesolatino.org\/en\/wp-json\/wp\/v2\/posts\/71359","targetHints":{"allow":["GET"]}}],"collection":[{"href":"https:\/\/accesolatino.org\/en\/wp-json\/wp\/v2\/posts"}],"about":[{"href":"https:\/\/accesolatino.org\/en\/wp-json\/wp\/v2\/types\/post"}],"author":[{"embeddable":true,"href":"https:\/\/accesolatino.org\/en\/wp-json\/wp\/v2\/users\/13"}],"replies":[{"embeddable":true,"href":"https:\/\/accesolatino.org\/en\/wp-json\/wp\/v2\/comments?post=71359"}],"version-history":[{"count":7,"href":"https:\/\/accesolatino.org\/en\/wp-json\/wp\/v2\/posts\/71359\/revisions"}],"predecessor-version":[{"id":71374,"href":"https:\/\/accesolatino.org\/en\/wp-json\/wp\/v2\/posts\/71359\/revisions\/71374"}],"wp:featuredmedia":[{"embeddable":true,"href":"https:\/\/accesolatino.org\/en\/wp-json\/wp\/v2\/media\/71366"}],"wp:attachment":[{"href":"https:\/\/accesolatino.org\/en\/wp-json\/wp\/v2\/media?parent=71359"}],"wp:term":[{"taxonomy":"category","embeddable":true,"href":"https:\/\/accesolatino.org\/en\/wp-json\/wp\/v2\/categories?post=71359"},{"taxonomy":"post_tag","embeddable":true,"href":"https:\/\/accesolatino.org\/en\/wp-json\/wp\/v2\/tags?post=71359"}],"curies":[{"name":"wp","href":"https:\/\/api.w.org\/{rel}","templated":true}]}}