{"id":70760,"date":"2026-03-12T12:58:57","date_gmt":"2026-03-12T18:58:57","guid":{"rendered":"https:\/\/accesolatino.org\/?p=70760"},"modified":"2026-03-12T13:10:53","modified_gmt":"2026-03-12T19:10:53","slug":"texas-refuerza-requisitos-de-identificacion-para-el-registro-inicial-de-vehiculos","status":"publish","type":"post","link":"https:\/\/accesolatino.org\/en\/texas-refuerza-requisitos-de-identificacion-para-el-registro-inicial-de-vehiculos\/noticias\/","title":{"rendered":"Texas refuerza requisitos de identificaci\u00f3n para el registro inicial de veh\u00edculos"},"content":{"rendered":"<div data-elementor-type=\"wp-post\" data-elementor-id=\"70760\" class=\"elementor elementor-70760\">\n\t\t\t\t\t\t<section class=\"elementor-section elementor-top-section elementor-element elementor-element-28bd7408 elementor-section-boxed elementor-section-height-default elementor-section-height-default wpr-particle-no wpr-jarallax-no wpr-parallax-no wpr-sticky-section-no wpr-equal-height-no\" data-id=\"28bd7408\" data-element_type=\"section\" data-e-type=\"section\">\n\t\t\t\t\t\t<div class=\"elementor-container elementor-column-gap-default\">\n\t\t\t\t\t<div class=\"elementor-column elementor-col-100 elementor-top-column elementor-element elementor-element-11b34cbb\" data-id=\"11b34cbb\" data-element_type=\"column\" data-e-type=\"column\">\n\t\t\t<div class=\"elementor-widget-wrap elementor-element-populated\">\n\t\t\t\t\t\t<div class=\"elementor-element elementor-element-64658fb5 elementor-widget elementor-widget-heading\" data-id=\"64658fb5\" data-element_type=\"widget\" data-e-type=\"widget\" data-widget_type=\"heading.default\">\n\t\t\t\t<div class=\"elementor-widget-container\">\n\t\t\t\t\t<h2 class=\"elementor-heading-title elementor-size-default\">La medida del DMV entr\u00f3 en vigor el 5 de marzo de 2026 y aplica principalmente a registros iniciales y transferencias de propiedad.<\/h2>\t\t\t\t<\/div>\n\t\t\t\t<\/div>\n\t\t\t\t\t<\/div>\n\t\t<\/div>\n\t\t\t\t\t<\/div>\n\t\t<\/section>\n\t\t\t\t<section class=\"elementor-section elementor-top-section elementor-element elementor-element-16e732a elementor-section-boxed elementor-section-height-default elementor-section-height-default wpr-particle-no wpr-jarallax-no wpr-parallax-no wpr-sticky-section-no wpr-equal-height-no\" data-id=\"16e732a\" data-element_type=\"section\" data-e-type=\"section\">\n\t\t\t\t\t\t<div class=\"elementor-container elementor-column-gap-default\">\n\t\t\t\t\t<div class=\"elementor-column elementor-col-100 elementor-top-column elementor-element elementor-element-429eeab5\" data-id=\"429eeab5\" data-element_type=\"column\" data-e-type=\"column\">\n\t\t\t<div class=\"elementor-widget-wrap elementor-element-populated\">\n\t\t\t\t\t\t<div class=\"elementor-element elementor-element-4cb7ca0 elementor-widget elementor-widget-text-editor\" data-id=\"4cb7ca0\" data-element_type=\"widget\" data-e-type=\"widget\" data-widget_type=\"text-editor.default\">\n\t\t\t\t<div class=\"elementor-widget-container\">\n\t\t\t\t\t\t\t\t\t<p>El Departamento de Veh\u00edculos Motorizados de Texas (DMV) implement\u00f3 nuevos requisitos reforzados de identificaci\u00f3n para algunos tr\u00e1mites relacionados con veh\u00edculos en el estado. La medida entr\u00f3 en vigor el 5 de marzo de 2026 y busca fortalecer los procesos de verificaci\u00f3n de identidad durante transacciones que implican registro inicial o cambio de propiedad.<\/p><p>Las nuevas disposiciones aplican a varias operaciones, entre ellas la venta o transferencia de veh\u00edculos entre particulares, el registro de veh\u00edculos que llegan por primera vez a Texas, los registros iniciales, as\u00ed como ventas realizadas por concesionarios dentro o fuera del estado que incluyen t\u00edtulo y registro.<\/p>\t\t\t\t\t\t\t\t<\/div>\n\t\t\t\t<\/div>\n\t\t\t\t\t<\/div>\n\t\t<\/div>\n\t\t\t\t\t<\/div>\n\t\t<\/section>\n\t\t\t\t<section class=\"elementor-section elementor-top-section elementor-element elementor-element-4e9787ca elementor-section-boxed elementor-section-height-default elementor-section-height-default wpr-particle-no wpr-jarallax-no wpr-parallax-no wpr-sticky-section-no wpr-equal-height-no\" data-id=\"4e9787ca\" data-element_type=\"section\" data-e-type=\"section\">\n\t\t\t\t\t\t<div class=\"elementor-container elementor-column-gap-default\">\n\t\t\t\t\t<div class=\"elementor-column elementor-col-50 elementor-top-column elementor-element elementor-element-31c1cfe6\" data-id=\"31c1cfe6\" data-element_type=\"column\" data-e-type=\"column\">\n\t\t\t<div class=\"elementor-widget-wrap elementor-element-populated\">\n\t\t\t\t\t\t<div class=\"elementor-element elementor-element-7e001394 elementor-widget elementor-widget-image\" data-id=\"7e001394\" data-element_type=\"widget\" data-e-type=\"widget\" data-widget_type=\"image.default\">\n\t\t\t\t<div class=\"elementor-widget-container\">\n\t\t\t\t\t\t\t\t\t\t\t\t\t\t\t<img fetchpriority=\"high\" decoding=\"async\" width=\"829\" height=\"401\" src=\"https:\/\/accesolatino.org\/wp-content\/uploads\/2026\/03\/registro-vehicular.png\" class=\"attachment-full size-full wp-image-70763\" alt=\"\" srcset=\"https:\/\/accesolatino.org\/wp-content\/uploads\/2026\/03\/registro-vehicular.png 829w, https:\/\/accesolatino.org\/wp-content\/uploads\/2026\/03\/registro-vehicular-300x145.png 300w, https:\/\/accesolatino.org\/wp-content\/uploads\/2026\/03\/registro-vehicular-768x371.png 768w, https:\/\/accesolatino.org\/wp-content\/uploads\/2026\/03\/registro-vehicular-18x9.png 18w\" sizes=\"(max-width: 829px) 100vw, 829px\" \/>\t\t\t\t\t\t\t\t\t\t\t\t\t\t\t<\/div>\n\t\t\t\t<\/div>\n\t\t\t\t\t<\/div>\n\t\t<\/div>\n\t\t\t\t<div class=\"elementor-column elementor-col-50 elementor-top-column elementor-element elementor-element-3adc93f2\" data-id=\"3adc93f2\" data-element_type=\"column\" data-e-type=\"column\">\n\t\t\t<div class=\"elementor-widget-wrap elementor-element-populated\">\n\t\t\t\t\t\t<div class=\"elementor-element elementor-element-6f44e7a6 elementor-widget elementor-widget-text-editor\" data-id=\"6f44e7a6\" data-element_type=\"widget\" data-e-type=\"widget\" data-widget_type=\"text-editor.default\">\n\t\t\t\t<div class=\"elementor-widget-container\">\n\t\t\t\t\t\t\t\t\t<p>Para completar estos tr\u00e1mites, los solicitantes deber\u00e1n presentar uno de varios tipos de identificaci\u00f3n aceptados. Entre las opciones se encuentra una licencia de conducir o identificaci\u00f3n estatal compatible con los est\u00e1ndares federales del REAL ID Act, que establece requisitos m\u00ednimos de documentaci\u00f3n para el reconocimiento federal de identificaciones emitidas por los estados.<\/p>\t\t\t\t\t\t\t\t<\/div>\n\t\t\t\t<\/div>\n\t\t\t\t\t<\/div>\n\t\t<\/div>\n\t\t\t\t\t<\/div>\n\t\t<\/section>\n\t\t\t\t<section class=\"elementor-section elementor-top-section elementor-element elementor-element-18dc159e elementor-section-boxed elementor-section-height-default elementor-section-height-default wpr-particle-no wpr-jarallax-no wpr-parallax-no wpr-sticky-section-no wpr-equal-height-no\" data-id=\"18dc159e\" data-element_type=\"section\" data-e-type=\"section\">\n\t\t\t\t\t\t<div class=\"elementor-container elementor-column-gap-default\">\n\t\t\t\t\t<div class=\"elementor-column elementor-col-100 elementor-top-column elementor-element elementor-element-370ed6d8\" data-id=\"370ed6d8\" data-element_type=\"column\" data-e-type=\"column\">\n\t\t\t<div class=\"elementor-widget-wrap elementor-element-populated\">\n\t\t\t\t\t\t<div class=\"elementor-element elementor-element-70fe088e elementor-widget elementor-widget-text-editor\" data-id=\"70fe088e\" data-element_type=\"widget\" data-e-type=\"widget\" data-widget_type=\"text-editor.default\">\n\t\t\t\t<div class=\"elementor-widget-container\">\n\t\t\t\t\t\t\t\t\t<p>Tambi\u00e9n se aceptan licencias o identificaciones estatales vigentes emitidas por determinados estados de Estados Unidos. Otra alternativa es presentar una licencia o identificaci\u00f3n que no cumpla con los est\u00e1ndares REAL ID acompa\u00f1ada de un segundo documento oficial, como un certificado de nacimiento estadounidense, un certificado de naturalizaci\u00f3n o un certificado de ciudadan\u00eda.<\/p><p>Entre las opciones adicionales se encuentran un pasaporte estadounidense vigente o, en el caso de ciudadanos extranjeros, un pasaporte v\u00e1lido acompa\u00f1ado de documentos migratorios como el formulario I-94, una tarjeta de residente permanente o una visa de inmigrante vigente emitida por el Departamento de Seguridad Nacional.<\/p><p>Las autoridades tambi\u00e9n indicaron que ser\u00e1 aceptada una licencia vigente de Texas para portar armas de fuego, siempre que cumpla con los est\u00e1ndares REAL ID y haya sido emitida por el Departamento de Seguridad P\u00fablica de Texas.<\/p><p>El DMV aclar\u00f3 que los nuevos requisitos no afectan todos los tr\u00e1mites. Por ejemplo, la renovaci\u00f3n del registro vehicular no est\u00e1 sujeta a estas reglas. Tampoco aplican a procesos que solo implican el t\u00edtulo del veh\u00edculo sin registro, ni a ciertos veh\u00edculos exentos, permisos temporales, registros agr\u00edcolas o veh\u00edculos utilizados para fines gubernamentales o de asistencia en desastres.<\/p><p>Las autoridades estatales se\u00f1alaron que estas medidas buscan mejorar la seguridad en las transacciones vehiculares y reforzar la verificaci\u00f3n de identidad en los procesos de registro inicial dentro del estado.<\/p>\t\t\t\t\t\t\t\t<\/div>\n\t\t\t\t<\/div>\n\t\t\t\t\t<\/div>\n\t\t<\/div>\n\t\t\t\t\t<\/div>\n\t\t<\/section>\n\t\t\t\t<section class=\"elementor-section elementor-top-section elementor-element elementor-element-16d2c96d elementor-section-boxed elementor-section-height-default elementor-section-height-default wpr-particle-no wpr-jarallax-no wpr-parallax-no wpr-sticky-section-no wpr-equal-height-no\" data-id=\"16d2c96d\" data-element_type=\"section\" data-e-type=\"section\">\n\t\t\t\t\t\t<div class=\"elementor-container elementor-column-gap-default\">\n\t\t\t\t\t<div class=\"elementor-column elementor-col-100 elementor-top-column elementor-element elementor-element-10fa770f\" data-id=\"10fa770f\" data-element_type=\"column\" data-e-type=\"column\">\n\t\t\t<div class=\"elementor-widget-wrap elementor-element-populated\">\n\t\t\t\t\t\t<div class=\"elementor-element elementor-element-3d7b766c elementor-widget elementor-widget-toggle\" data-id=\"3d7b766c\" data-element_type=\"widget\" data-e-type=\"widget\" data-widget_type=\"toggle.default\">\n\t\t\t\t<div class=\"elementor-widget-container\">\n\t\t\t\t\t\t\t<div class=\"elementor-toggle\">\n\t\t\t\t\t\t\t<div class=\"elementor-toggle-item\">\n\t\t\t\t\t<div id=\"elementor-tab-title-1031\" class=\"elementor-tab-title\" data-tab=\"1\" role=\"button\" aria-controls=\"elementor-tab-content-1031\" aria-expanded=\"false\">\n\t\t\t\t\t\t\t\t\t\t\t\t<span class=\"elementor-toggle-icon elementor-toggle-icon-left\" aria-hidden=\"true\">\n\t\t\t\t\t\t\t\t\t\t\t\t\t\t\t<span class=\"elementor-toggle-icon-closed\"><i class=\"fas fa-caret-right\"><\/i><\/span>\n\t\t\t\t\t\t\t\t<span class=\"elementor-toggle-icon-opened\"><i class=\"elementor-toggle-icon-opened fas fa-caret-up\"><\/i><\/span>\n\t\t\t\t\t\t\t\t\t\t\t\t\t<\/span>\n\t\t\t\t\t\t\t\t\t\t\t\t<a class=\"elementor-toggle-title\" tabindex=\"0\"> BIBLIOGRAPHY<\/a>\n\t\t\t\t\t<\/div>\n\n\t\t\t\t\t<div id=\"elementor-tab-content-1031\" class=\"elementor-tab-content elementor-clearfix\" data-tab=\"1\" role=\"region\" aria-labelledby=\"elementor-tab-title-1031\"><p><strong>TAX OFFICE \u00a0\u00a0\u00a0 <\/strong><\/p><p><a href=\"https:\/\/tax-office.traviscountytx.gov\/vehicles\/titles\/titles-options\/transfers\/identification-requirements\">https:\/\/tax-office.traviscountytx.gov\/vehicles\/titles\/titles-options\/transfers\/identification-requirements<\/a><\/p><\/div>\n\t\t\t\t<\/div>\n\t\t\t\t\t\t\t\t<\/div>\n\t\t\t\t\t\t<\/div>\n\t\t\t\t<\/div>\n\t\t\t\t\t<\/div>\n\t\t<\/div>\n\t\t\t\t\t<\/div>\n\t\t<\/section>\n\t\t\t\t<\/div>","protected":false},"excerpt":{"rendered":"<p>La medida del DMV entr\u00f3 en vigor el 5 de marzo de 2026 y aplica principalmente a registros iniciales y transferencias de propiedad. El Departamento de Veh\u00edculos Motorizados de Texas (DMV) implement\u00f3 nuevos requisitos reforzados de identificaci\u00f3n para algunos tr\u00e1mites relacionados con veh\u00edculos en el estado. La medida entr\u00f3 en vigor el 5 de marzo de 2026 y busca fortalecer los procesos de verificaci\u00f3n de identidad durante transacciones que implican registro inicial o cambio de propiedad. Las nuevas disposiciones aplican a varias operaciones, entre ellas la venta o transferencia de veh\u00edculos entre particulares, el registro de veh\u00edculos que llegan por primera vez a Texas, los registros iniciales, as\u00ed como ventas realizadas por concesionarios dentro o fuera del estado que incluyen t\u00edtulo y registro. Para completar estos tr\u00e1mites, los solicitantes deber\u00e1n presentar uno de varios tipos de identificaci\u00f3n aceptados. Entre las opciones se encuentra una licencia de conducir o identificaci\u00f3n estatal compatible con los est\u00e1ndares federales del REAL ID Act, que establece requisitos m\u00ednimos de documentaci\u00f3n para el reconocimiento federal de identificaciones emitidas por los estados. Tambi\u00e9n se aceptan licencias o identificaciones estatales vigentes emitidas por determinados estados de Estados Unidos. Otra alternativa es presentar una licencia o identificaci\u00f3n que no cumpla con los est\u00e1ndares REAL ID acompa\u00f1ada de un segundo documento oficial, como un certificado de nacimiento estadounidense, un certificado de naturalizaci\u00f3n o un certificado de ciudadan\u00eda. Entre las opciones adicionales se encuentran un pasaporte estadounidense vigente o, en el caso de ciudadanos extranjeros, un pasaporte v\u00e1lido acompa\u00f1ado de documentos migratorios como el formulario I-94, una tarjeta de residente permanente o una visa de inmigrante vigente emitida por el Departamento de Seguridad Nacional. Las autoridades tambi\u00e9n indicaron que ser\u00e1 aceptada una licencia vigente de Texas para portar armas de fuego, siempre que cumpla con los est\u00e1ndares REAL ID y haya sido emitida por el Departamento de Seguridad P\u00fablica de Texas. El DMV aclar\u00f3 que los nuevos requisitos no afectan todos los tr\u00e1mites. Por ejemplo, la renovaci\u00f3n del registro vehicular no est\u00e1 sujeta a estas reglas. Tampoco aplican a procesos que solo implican el t\u00edtulo del veh\u00edculo sin registro, ni a ciertos veh\u00edculos exentos, permisos temporales, registros agr\u00edcolas o veh\u00edculos utilizados para fines gubernamentales o de asistencia en desastres. Las autoridades estatales se\u00f1alaron que estas medidas buscan mejorar la seguridad en las transacciones vehiculares y reforzar la verificaci\u00f3n de identidad en los procesos de registro inicial dentro del estado. BIBLIOGRAF\u00cdA TAX OFFICE \u00a0\u00a0\u00a0 https:\/\/tax-office.traviscountytx.gov\/vehicles\/titles\/titles-options\/transfers\/identification-requirements<\/p>","protected":false},"author":13,"featured_media":70763,"comment_status":"closed","ping_status":"closed","sticky":false,"template":"","format":"standard","meta":{"_uf_show_specific_survey":0,"_uf_disable_surveys":false,"footnotes":""},"categories":[10],"tags":[4457,856,4455,4456,386],"class_list":["post-70760","post","type-post","status-publish","format-standard","has-post-thumbnail","hentry","category-noticias","tag-5-de-marzo","tag-dmv","tag-registro-de-vehiculos","tag-requisitos-de-identificacion","tag-texas"],"aioseo_notices":[],"yoast_head":"<!-- This site is optimized with the Yoast SEO plugin v27.4 - https:\/\/yoast.com\/product\/yoast-seo-wordpress\/ -->\n<title>Acceso Latino | Texas refuerza requisitos de identificaci\u00f3n para el registro inicial de veh\u00edculos<\/title>\n<meta name=\"description\" content=\"Gobierno de Texas refuerza requisitos de identificaci\u00f3n para el registro inicial de veh\u00edculos a partir del 5 de marzo de 2026.\" \/>\n<meta name=\"robots\" content=\"index, follow, max-snippet:-1, max-image-preview:large, max-video-preview:-1\" \/>\n<link rel=\"canonical\" href=\"https:\/\/accesolatino.org\/en\/texas-refuerza-requisitos-de-identificacion-para-el-registro-inicial-de-vehiculos\/noticias\/\" \/>\n<meta property=\"og:locale\" content=\"en_US\" \/>\n<meta property=\"og:type\" content=\"article\" \/>\n<meta property=\"og:title\" content=\"Texas refuerza requisitos de identificaci\u00f3n para el registro inicial de veh\u00edculos | Acceso Latino\" \/>\n<meta property=\"og:description\" content=\"Gobierno de Texas refuerza requisitos de identificaci\u00f3n para el registro inicial de veh\u00edculos a partir del 5 de marzo de 2026.\" \/>\n<meta property=\"og:url\" content=\"https:\/\/accesolatino.org\/en\/texas-refuerza-requisitos-de-identificacion-para-el-registro-inicial-de-vehiculos\/noticias\/\" \/>\n<meta property=\"og:site_name\" content=\"Acceso Latino\" \/>\n<meta property=\"article:publisher\" content=\"https:\/\/www.facebook.com\/AccesoLatinoOrg\" \/>\n<meta property=\"article:published_time\" content=\"2026-03-12T18:58:57+00:00\" \/>\n<meta property=\"article:modified_time\" content=\"2026-03-12T19:10:53+00:00\" \/>\n<meta property=\"og:image\" content=\"https:\/\/accesolatino.org\/wp-content\/uploads\/2026\/03\/registro-vehicular.png\" \/>\n\t<meta property=\"og:image:width\" content=\"829\" \/>\n\t<meta property=\"og:image:height\" content=\"401\" \/>\n\t<meta property=\"og:image:type\" content=\"image\/png\" \/>\n<meta name=\"author\" content=\"Noticias\" \/>\n<meta name=\"twitter:card\" content=\"summary_large_image\" \/>\n<meta name=\"twitter:creator\" content=\"@FAccLatino\" \/>\n<meta name=\"twitter:site\" content=\"@FAccLatino\" \/>\n<meta name=\"twitter:label1\" content=\"Written by\" \/>\n\t<meta name=\"twitter:data1\" content=\"Noticias\" \/>\n\t<meta name=\"twitter:label2\" content=\"Est. reading time\" \/>\n\t<meta name=\"twitter:data2\" content=\"3 minutes\" \/>\n<script type=\"application\/ld+json\" class=\"yoast-schema-graph\">{\"@context\":\"https:\\\/\\\/schema.org\",\"@graph\":[{\"@type\":\"Article\",\"@id\":\"https:\\\/\\\/accesolatino.org\\\/texas-refuerza-requisitos-de-identificacion-para-el-registro-inicial-de-vehiculos\\\/noticias\\\/#article\",\"isPartOf\":{\"@id\":\"https:\\\/\\\/accesolatino.org\\\/texas-refuerza-requisitos-de-identificacion-para-el-registro-inicial-de-vehiculos\\\/noticias\\\/\"},\"author\":{\"name\":\"Noticias\",\"@id\":\"https:\\\/\\\/accesolatino.org\\\/#\\\/schema\\\/person\\\/6b654926a4e7e4709c9ad12459661666\"},\"headline\":\"Texas refuerza requisitos de identificaci\u00f3n para el registro inicial de veh\u00edculos\",\"datePublished\":\"2026-03-12T18:58:57+00:00\",\"dateModified\":\"2026-03-12T19:10:53+00:00\",\"mainEntityOfPage\":{\"@id\":\"https:\\\/\\\/accesolatino.org\\\/texas-refuerza-requisitos-de-identificacion-para-el-registro-inicial-de-vehiculos\\\/noticias\\\/\"},\"wordCount\":455,\"publisher\":{\"@id\":\"https:\\\/\\\/accesolatino.org\\\/#organization\"},\"image\":{\"@id\":\"https:\\\/\\\/accesolatino.org\\\/texas-refuerza-requisitos-de-identificacion-para-el-registro-inicial-de-vehiculos\\\/noticias\\\/#primaryimage\"},\"thumbnailUrl\":\"https:\\\/\\\/accesolatino.org\\\/wp-content\\\/uploads\\\/2026\\\/03\\\/registro-vehicular.png\",\"keywords\":[\"5 de marzo\",\"DMV\",\"Registro de veh\u00edculos\",\"Requisitos de identificaci\u00f3n\",\"Texas\"],\"articleSection\":[\"Noticias\"],\"inLanguage\":\"en-US\"},{\"@type\":\"WebPage\",\"@id\":\"https:\\\/\\\/accesolatino.org\\\/texas-refuerza-requisitos-de-identificacion-para-el-registro-inicial-de-vehiculos\\\/noticias\\\/\",\"url\":\"https:\\\/\\\/accesolatino.org\\\/texas-refuerza-requisitos-de-identificacion-para-el-registro-inicial-de-vehiculos\\\/noticias\\\/\",\"name\":\"Acceso Latino | Texas refuerza requisitos de identificaci\u00f3n para el registro inicial de veh\u00edculos\",\"isPartOf\":{\"@id\":\"https:\\\/\\\/accesolatino.org\\\/#website\"},\"primaryImageOfPage\":{\"@id\":\"https:\\\/\\\/accesolatino.org\\\/texas-refuerza-requisitos-de-identificacion-para-el-registro-inicial-de-vehiculos\\\/noticias\\\/#primaryimage\"},\"image\":{\"@id\":\"https:\\\/\\\/accesolatino.org\\\/texas-refuerza-requisitos-de-identificacion-para-el-registro-inicial-de-vehiculos\\\/noticias\\\/#primaryimage\"},\"thumbnailUrl\":\"https:\\\/\\\/accesolatino.org\\\/wp-content\\\/uploads\\\/2026\\\/03\\\/registro-vehicular.png\",\"datePublished\":\"2026-03-12T18:58:57+00:00\",\"dateModified\":\"2026-03-12T19:10:53+00:00\",\"description\":\"Gobierno de Texas refuerza requisitos de identificaci\u00f3n para el registro inicial de veh\u00edculos a partir del 5 de marzo de 2026.\",\"breadcrumb\":{\"@id\":\"https:\\\/\\\/accesolatino.org\\\/texas-refuerza-requisitos-de-identificacion-para-el-registro-inicial-de-vehiculos\\\/noticias\\\/#breadcrumb\"},\"inLanguage\":\"en-US\",\"potentialAction\":[{\"@type\":\"ReadAction\",\"target\":[\"https:\\\/\\\/accesolatino.org\\\/texas-refuerza-requisitos-de-identificacion-para-el-registro-inicial-de-vehiculos\\\/noticias\\\/\"]}]},{\"@type\":\"ImageObject\",\"inLanguage\":\"en-US\",\"@id\":\"https:\\\/\\\/accesolatino.org\\\/texas-refuerza-requisitos-de-identificacion-para-el-registro-inicial-de-vehiculos\\\/noticias\\\/#primaryimage\",\"url\":\"https:\\\/\\\/accesolatino.org\\\/wp-content\\\/uploads\\\/2026\\\/03\\\/registro-vehicular.png\",\"contentUrl\":\"https:\\\/\\\/accesolatino.org\\\/wp-content\\\/uploads\\\/2026\\\/03\\\/registro-vehicular.png\",\"width\":829,\"height\":401},{\"@type\":\"BreadcrumbList\",\"@id\":\"https:\\\/\\\/accesolatino.org\\\/texas-refuerza-requisitos-de-identificacion-para-el-registro-inicial-de-vehiculos\\\/noticias\\\/#breadcrumb\",\"itemListElement\":[{\"@type\":\"ListItem\",\"position\":1,\"name\":\"Portada\",\"item\":\"https:\\\/\\\/accesolatino.org\\\/\"},{\"@type\":\"ListItem\",\"position\":2,\"name\":\"Noticias\",\"item\":\"https:\\\/\\\/accesolatino.org\\\/category\\\/noticias\\\/\"},{\"@type\":\"ListItem\",\"position\":3,\"name\":\"Texas refuerza requisitos de identificaci\u00f3n para el registro inicial de veh\u00edculos\"}]},{\"@type\":\"WebSite\",\"@id\":\"https:\\\/\\\/accesolatino.org\\\/#website\",\"url\":\"https:\\\/\\\/accesolatino.org\\\/\",\"name\":\"Acceso Latino | Fundaci\u00f3n Carlos Slim\",\"description\":\"Fundaci\u00f3n Carlos Slim\",\"publisher\":{\"@id\":\"https:\\\/\\\/accesolatino.org\\\/#organization\"},\"potentialAction\":[{\"@type\":\"SearchAction\",\"target\":{\"@type\":\"EntryPoint\",\"urlTemplate\":\"https:\\\/\\\/accesolatino.org\\\/?s={search_term_string}\"},\"query-input\":{\"@type\":\"PropertyValueSpecification\",\"valueRequired\":true,\"valueName\":\"search_term_string\"}}],\"inLanguage\":\"en-US\"},{\"@type\":\"Organization\",\"@id\":\"https:\\\/\\\/accesolatino.org\\\/#organization\",\"name\":\"Acceso Latino | Fundaci\u00f3n Carlos Slim\",\"url\":\"https:\\\/\\\/accesolatino.org\\\/\",\"logo\":{\"@type\":\"ImageObject\",\"inLanguage\":\"en-US\",\"@id\":\"https:\\\/\\\/accesolatino.org\\\/#\\\/schema\\\/logo\\\/image\\\/\",\"url\":\"https:\\\/\\\/accesolatino.org\\\/wp-content\\\/uploads\\\/2021\\\/02\\\/logo-footer-acceso-latino.png\",\"contentUrl\":\"https:\\\/\\\/accesolatino.org\\\/wp-content\\\/uploads\\\/2021\\\/02\\\/logo-footer-acceso-latino.png\",\"width\":240,\"height\":40,\"caption\":\"Acceso Latino | Fundaci\u00f3n Carlos Slim\"},\"image\":{\"@id\":\"https:\\\/\\\/accesolatino.org\\\/#\\\/schema\\\/logo\\\/image\\\/\"},\"sameAs\":[\"https:\\\/\\\/www.facebook.com\\\/AccesoLatinoOrg\",\"https:\\\/\\\/x.com\\\/FAccLatino\"]},{\"@type\":\"Person\",\"@id\":\"https:\\\/\\\/accesolatino.org\\\/#\\\/schema\\\/person\\\/6b654926a4e7e4709c9ad12459661666\",\"name\":\"Noticias\"}]}<\/script>\n<!-- \/ Yoast SEO plugin. -->","yoast_head_json":{"title":"Acceso Latino | Texas refuerza requisitos de identificaci\u00f3n para el registro inicial de veh\u00edculos","description":"Gobierno de Texas refuerza requisitos de identificaci\u00f3n para el registro inicial de veh\u00edculos a partir del 5 de marzo de 2026.","robots":{"index":"index","follow":"follow","max-snippet":"max-snippet:-1","max-image-preview":"max-image-preview:large","max-video-preview":"max-video-preview:-1"},"canonical":"https:\/\/accesolatino.org\/en\/texas-refuerza-requisitos-de-identificacion-para-el-registro-inicial-de-vehiculos\/noticias\/","og_locale":"en_US","og_type":"article","og_title":"Texas refuerza requisitos de identificaci\u00f3n para el registro inicial de veh\u00edculos | Acceso Latino","og_description":"Gobierno de Texas refuerza requisitos de identificaci\u00f3n para el registro inicial de veh\u00edculos a partir del 5 de marzo de 2026.","og_url":"https:\/\/accesolatino.org\/en\/texas-refuerza-requisitos-de-identificacion-para-el-registro-inicial-de-vehiculos\/noticias\/","og_site_name":"Acceso Latino","article_publisher":"https:\/\/www.facebook.com\/AccesoLatinoOrg","article_published_time":"2026-03-12T18:58:57+00:00","article_modified_time":"2026-03-12T19:10:53+00:00","og_image":[{"width":829,"height":401,"url":"https:\/\/accesolatino.org\/wp-content\/uploads\/2026\/03\/registro-vehicular.png","type":"image\/png"}],"author":"Noticias","twitter_card":"summary_large_image","twitter_creator":"@FAccLatino","twitter_site":"@FAccLatino","twitter_misc":{"Written by":"Noticias","Est. reading time":"3 minutes"},"schema":{"@context":"https:\/\/schema.org","@graph":[{"@type":"Article","@id":"https:\/\/accesolatino.org\/texas-refuerza-requisitos-de-identificacion-para-el-registro-inicial-de-vehiculos\/noticias\/#article","isPartOf":{"@id":"https:\/\/accesolatino.org\/texas-refuerza-requisitos-de-identificacion-para-el-registro-inicial-de-vehiculos\/noticias\/"},"author":{"name":"Noticias","@id":"https:\/\/accesolatino.org\/#\/schema\/person\/6b654926a4e7e4709c9ad12459661666"},"headline":"Texas refuerza requisitos de identificaci\u00f3n para el registro inicial de veh\u00edculos","datePublished":"2026-03-12T18:58:57+00:00","dateModified":"2026-03-12T19:10:53+00:00","mainEntityOfPage":{"@id":"https:\/\/accesolatino.org\/texas-refuerza-requisitos-de-identificacion-para-el-registro-inicial-de-vehiculos\/noticias\/"},"wordCount":455,"publisher":{"@id":"https:\/\/accesolatino.org\/#organization"},"image":{"@id":"https:\/\/accesolatino.org\/texas-refuerza-requisitos-de-identificacion-para-el-registro-inicial-de-vehiculos\/noticias\/#primaryimage"},"thumbnailUrl":"https:\/\/accesolatino.org\/wp-content\/uploads\/2026\/03\/registro-vehicular.png","keywords":["5 de marzo","DMV","Registro de veh\u00edculos","Requisitos de identificaci\u00f3n","Texas"],"articleSection":["Noticias"],"inLanguage":"en-US"},{"@type":"WebPage","@id":"https:\/\/accesolatino.org\/texas-refuerza-requisitos-de-identificacion-para-el-registro-inicial-de-vehiculos\/noticias\/","url":"https:\/\/accesolatino.org\/texas-refuerza-requisitos-de-identificacion-para-el-registro-inicial-de-vehiculos\/noticias\/","name":"Acceso Latino | Texas refuerza requisitos de identificaci\u00f3n para el registro inicial de veh\u00edculos","isPartOf":{"@id":"https:\/\/accesolatino.org\/#website"},"primaryImageOfPage":{"@id":"https:\/\/accesolatino.org\/texas-refuerza-requisitos-de-identificacion-para-el-registro-inicial-de-vehiculos\/noticias\/#primaryimage"},"image":{"@id":"https:\/\/accesolatino.org\/texas-refuerza-requisitos-de-identificacion-para-el-registro-inicial-de-vehiculos\/noticias\/#primaryimage"},"thumbnailUrl":"https:\/\/accesolatino.org\/wp-content\/uploads\/2026\/03\/registro-vehicular.png","datePublished":"2026-03-12T18:58:57+00:00","dateModified":"2026-03-12T19:10:53+00:00","description":"Gobierno de Texas refuerza requisitos de identificaci\u00f3n para el registro inicial de veh\u00edculos a partir del 5 de marzo de 2026.","breadcrumb":{"@id":"https:\/\/accesolatino.org\/texas-refuerza-requisitos-de-identificacion-para-el-registro-inicial-de-vehiculos\/noticias\/#breadcrumb"},"inLanguage":"en-US","potentialAction":[{"@type":"ReadAction","target":["https:\/\/accesolatino.org\/texas-refuerza-requisitos-de-identificacion-para-el-registro-inicial-de-vehiculos\/noticias\/"]}]},{"@type":"ImageObject","inLanguage":"en-US","@id":"https:\/\/accesolatino.org\/texas-refuerza-requisitos-de-identificacion-para-el-registro-inicial-de-vehiculos\/noticias\/#primaryimage","url":"https:\/\/accesolatino.org\/wp-content\/uploads\/2026\/03\/registro-vehicular.png","contentUrl":"https:\/\/accesolatino.org\/wp-content\/uploads\/2026\/03\/registro-vehicular.png","width":829,"height":401},{"@type":"BreadcrumbList","@id":"https:\/\/accesolatino.org\/texas-refuerza-requisitos-de-identificacion-para-el-registro-inicial-de-vehiculos\/noticias\/#breadcrumb","itemListElement":[{"@type":"ListItem","position":1,"name":"Portada","item":"https:\/\/accesolatino.org\/"},{"@type":"ListItem","position":2,"name":"Noticias","item":"https:\/\/accesolatino.org\/category\/noticias\/"},{"@type":"ListItem","position":3,"name":"Texas refuerza requisitos de identificaci\u00f3n para el registro inicial de veh\u00edculos"}]},{"@type":"WebSite","@id":"https:\/\/accesolatino.org\/#website","url":"https:\/\/accesolatino.org\/","name":"Acceso Latino | Fundaci\u00f3n Carlos Slim","description":"Fundaci\u00f3n Carlos Slim","publisher":{"@id":"https:\/\/accesolatino.org\/#organization"},"potentialAction":[{"@type":"SearchAction","target":{"@type":"EntryPoint","urlTemplate":"https:\/\/accesolatino.org\/?s={search_term_string}"},"query-input":{"@type":"PropertyValueSpecification","valueRequired":true,"valueName":"search_term_string"}}],"inLanguage":"en-US"},{"@type":"Organization","@id":"https:\/\/accesolatino.org\/#organization","name":"Acceso Latino | Fundaci\u00f3n Carlos Slim","url":"https:\/\/accesolatino.org\/","logo":{"@type":"ImageObject","inLanguage":"en-US","@id":"https:\/\/accesolatino.org\/#\/schema\/logo\/image\/","url":"https:\/\/accesolatino.org\/wp-content\/uploads\/2021\/02\/logo-footer-acceso-latino.png","contentUrl":"https:\/\/accesolatino.org\/wp-content\/uploads\/2021\/02\/logo-footer-acceso-latino.png","width":240,"height":40,"caption":"Acceso Latino | Fundaci\u00f3n Carlos Slim"},"image":{"@id":"https:\/\/accesolatino.org\/#\/schema\/logo\/image\/"},"sameAs":["https:\/\/www.facebook.com\/AccesoLatinoOrg","https:\/\/x.com\/FAccLatino"]},{"@type":"Person","@id":"https:\/\/accesolatino.org\/#\/schema\/person\/6b654926a4e7e4709c9ad12459661666","name":"News"}]}},"_links":{"self":[{"href":"https:\/\/accesolatino.org\/en\/wp-json\/wp\/v2\/posts\/70760","targetHints":{"allow":["GET"]}}],"collection":[{"href":"https:\/\/accesolatino.org\/en\/wp-json\/wp\/v2\/posts"}],"about":[{"href":"https:\/\/accesolatino.org\/en\/wp-json\/wp\/v2\/types\/post"}],"author":[{"embeddable":true,"href":"https:\/\/accesolatino.org\/en\/wp-json\/wp\/v2\/users\/13"}],"replies":[{"embeddable":true,"href":"https:\/\/accesolatino.org\/en\/wp-json\/wp\/v2\/comments?post=70760"}],"version-history":[{"count":7,"href":"https:\/\/accesolatino.org\/en\/wp-json\/wp\/v2\/posts\/70760\/revisions"}],"predecessor-version":[{"id":70784,"href":"https:\/\/accesolatino.org\/en\/wp-json\/wp\/v2\/posts\/70760\/revisions\/70784"}],"wp:featuredmedia":[{"embeddable":true,"href":"https:\/\/accesolatino.org\/en\/wp-json\/wp\/v2\/media\/70763"}],"wp:attachment":[{"href":"https:\/\/accesolatino.org\/en\/wp-json\/wp\/v2\/media?parent=70760"}],"wp:term":[{"taxonomy":"category","embeddable":true,"href":"https:\/\/accesolatino.org\/en\/wp-json\/wp\/v2\/categories?post=70760"},{"taxonomy":"post_tag","embeddable":true,"href":"https:\/\/accesolatino.org\/en\/wp-json\/wp\/v2\/tags?post=70760"}],"curies":[{"name":"wp","href":"https:\/\/api.w.org\/{rel}","templated":true}]}}