{"id":70406,"date":"2026-02-13T10:04:03","date_gmt":"2026-02-13T16:04:03","guid":{"rendered":"https:\/\/accesolatino.org\/?p=70406"},"modified":"2026-02-13T10:11:26","modified_gmt":"2026-02-13T16:11:26","slug":"estos-son-los-principales-cambios-en-temas-migratorios-en-2026","status":"publish","type":"post","link":"https:\/\/accesolatino.org\/en\/estos-son-los-principales-cambios-en-temas-migratorios-en-2026\/noticias\/","title":{"rendered":"Estos son los principales cambios en temas migratorios en 2026"},"content":{"rendered":"<div data-elementor-type=\"wp-post\" data-elementor-id=\"70406\" class=\"elementor elementor-70406\">\n\t\t\t\t\t\t<section class=\"elementor-section elementor-top-section elementor-element elementor-element-515979f3 elementor-section-boxed elementor-section-height-default elementor-section-height-default wpr-particle-no wpr-jarallax-no wpr-parallax-no wpr-sticky-section-no wpr-equal-height-no\" data-id=\"515979f3\" data-element_type=\"section\" data-e-type=\"section\">\n\t\t\t\t\t\t<div class=\"elementor-container elementor-column-gap-default\">\n\t\t\t\t\t<div class=\"elementor-column elementor-col-100 elementor-top-column elementor-element elementor-element-6b9df445\" data-id=\"6b9df445\" data-element_type=\"column\" data-e-type=\"column\">\n\t\t\t<div class=\"elementor-widget-wrap elementor-element-populated\">\n\t\t\t\t\t\t<div class=\"elementor-element elementor-element-28c9d923 elementor-widget elementor-widget-heading\" data-id=\"28c9d923\" data-element_type=\"widget\" data-e-type=\"widget\" data-widget_type=\"heading.default\">\n\t\t\t\t<div class=\"elementor-widget-container\">\n\t\t\t\t\t<h2 class=\"elementor-heading-title elementor-size-default\">Los cambios incluyen ajustes en tarifas, programas humanitarios, permisos de viaje y un cambio en el modelo de visas H-1B.<\/h2>\t\t\t\t<\/div>\n\t\t\t\t<\/div>\n\t\t\t\t\t<\/div>\n\t\t<\/div>\n\t\t\t\t\t<\/div>\n\t\t<\/section>\n\t\t\t\t<section class=\"elementor-section elementor-top-section elementor-element elementor-element-5130ccd3 elementor-section-boxed elementor-section-height-default elementor-section-height-default wpr-particle-no wpr-jarallax-no wpr-parallax-no wpr-sticky-section-no wpr-equal-height-no\" data-id=\"5130ccd3\" data-element_type=\"section\" data-e-type=\"section\">\n\t\t\t\t\t\t<div class=\"elementor-container elementor-column-gap-default\">\n\t\t\t\t\t<div class=\"elementor-column elementor-col-100 elementor-top-column elementor-element elementor-element-6e5e4355\" data-id=\"6e5e4355\" data-element_type=\"column\" data-e-type=\"column\">\n\t\t\t<div class=\"elementor-widget-wrap elementor-element-populated\">\n\t\t\t\t\t\t<div class=\"elementor-element elementor-element-74c2bca4 elementor-widget elementor-widget-text-editor\" data-id=\"74c2bca4\" data-element_type=\"widget\" data-e-type=\"widget\" data-widget_type=\"text-editor.default\">\n\t\t\t\t<div class=\"elementor-widget-container\">\n\t\t\t\t\t\t\t\t\t<p>La entrada de 2026 implic\u00f3 diversas modificaciones relevantes en materia migratoria que pueden impactar no solo a migrantes, sino tambi\u00e9n a solicitantes de visas y a familias con tr\u00e1mites en curso. Estos cambios influyen en los costos de los procesos, la vigencia de ciertos programas de protecci\u00f3n, los requisitos para viajar al extranjero y las oportunidades de empleo temporal en Estados Unidos.<\/p><p>Uno de los cambios inmediatos fue el aumento en las tarifas de los tr\u00e1mites migratorios. Desde el 1 de enero de 2026, el Servicio de Ciudadan\u00eda e Inmigraci\u00f3n (USCIS) ajust\u00f3 sus precios como respuesta a la inflaci\u00f3n. Esto implicar\u00e1 mayores costos para diversos formularios, incluidos los permisos de trabajo. Por ejemplo, el Formulario I-765, utilizado por personas bajo categor\u00edas como asilo o Estatus de Protecci\u00f3n Temporal (TPS) para obtener por primera vez un documento de autorizaci\u00f3n de empleo (EAD), increment\u00f3 su costo a 560 d\u00f3lares y 280 para renovaciones. Asimismo, la tarifa el formulario I-821 para aplicar a TPS ascendi\u00f3 a 510 d\u00f3lares.<\/p>\t\t\t\t\t\t\t\t<\/div>\n\t\t\t\t<\/div>\n\t\t\t\t\t<\/div>\n\t\t<\/div>\n\t\t\t\t\t<\/div>\n\t\t<\/section>\n\t\t\t\t<section class=\"elementor-section elementor-top-section elementor-element elementor-element-4fd3f758 elementor-section-boxed elementor-section-height-default elementor-section-height-default wpr-particle-no wpr-jarallax-no wpr-parallax-no wpr-sticky-section-no wpr-equal-height-no\" data-id=\"4fd3f758\" data-element_type=\"section\" data-e-type=\"section\">\n\t\t\t\t\t\t<div class=\"elementor-container elementor-column-gap-default\">\n\t\t\t\t\t<div class=\"elementor-column elementor-col-50 elementor-top-column elementor-element elementor-element-15ed4985\" data-id=\"15ed4985\" data-element_type=\"column\" data-e-type=\"column\">\n\t\t\t<div class=\"elementor-widget-wrap elementor-element-populated\">\n\t\t\t\t\t\t<div class=\"elementor-element elementor-element-4b0003fa elementor-widget elementor-widget-image\" data-id=\"4b0003fa\" data-element_type=\"widget\" data-e-type=\"widget\" data-widget_type=\"image.default\">\n\t\t\t\t<div class=\"elementor-widget-container\">\n\t\t\t\t\t\t\t\t\t\t\t\t\t\t\t<img fetchpriority=\"high\" decoding=\"async\" width=\"829\" height=\"401\" src=\"https:\/\/accesolatino.org\/wp-content\/uploads\/2026\/02\/cambios-en-leyes-que-afectan-en-el-2026-1.png\" class=\"attachment-full size-full wp-image-70408\" alt=\"\" srcset=\"https:\/\/accesolatino.org\/wp-content\/uploads\/2026\/02\/cambios-en-leyes-que-afectan-en-el-2026-1.png 829w, https:\/\/accesolatino.org\/wp-content\/uploads\/2026\/02\/cambios-en-leyes-que-afectan-en-el-2026-1-300x145.png 300w, https:\/\/accesolatino.org\/wp-content\/uploads\/2026\/02\/cambios-en-leyes-que-afectan-en-el-2026-1-768x371.png 768w, https:\/\/accesolatino.org\/wp-content\/uploads\/2026\/02\/cambios-en-leyes-que-afectan-en-el-2026-1-18x9.png 18w\" sizes=\"(max-width: 829px) 100vw, 829px\" \/>\t\t\t\t\t\t\t\t\t\t\t\t\t\t\t<\/div>\n\t\t\t\t<\/div>\n\t\t\t\t\t<\/div>\n\t\t<\/div>\n\t\t\t\t<div class=\"elementor-column elementor-col-50 elementor-top-column elementor-element elementor-element-3d25bc80\" data-id=\"3d25bc80\" data-element_type=\"column\" data-e-type=\"column\">\n\t\t\t<div class=\"elementor-widget-wrap elementor-element-populated\">\n\t\t\t\t\t\t<div class=\"elementor-element elementor-element-4121c02f elementor-widget elementor-widget-text-editor\" data-id=\"4121c02f\" data-element_type=\"widget\" data-e-type=\"widget\" data-widget_type=\"text-editor.default\">\n\t\t\t\t<div class=\"elementor-widget-container\">\n\t\t\t\t\t\t\t\t\t<p>En 2026 tambi\u00e9n concluir\u00e1n algunos programas migratorios vigentes. Por ejemplo, el 14 de enero concluy\u00f3 el Programa de Parole de Reunificaci\u00f3n Familiar para personas de Colombia, Cuba, Ecuador, El Salvador, Guatemala, Hait\u00ed y Honduras. Quienes ingresaron al pa\u00eds bajo este esquema podr\u00edan perder su permiso de trabajo y su estatus legal si no realizan otros tr\u00e1mites migratorios a tiempo.<\/p>\t\t\t\t\t\t\t\t<\/div>\n\t\t\t\t<\/div>\n\t\t\t\t\t<\/div>\n\t\t<\/div>\n\t\t\t\t\t<\/div>\n\t\t<\/section>\n\t\t\t\t<section class=\"elementor-section elementor-top-section elementor-element elementor-element-6003d4f4 elementor-section-boxed elementor-section-height-default elementor-section-height-default wpr-particle-no wpr-jarallax-no wpr-parallax-no wpr-sticky-section-no wpr-equal-height-no\" data-id=\"6003d4f4\" data-element_type=\"section\" data-e-type=\"section\">\n\t\t\t\t\t\t<div class=\"elementor-container elementor-column-gap-default\">\n\t\t\t\t\t<div class=\"elementor-column elementor-col-100 elementor-top-column elementor-element elementor-element-75348510\" data-id=\"75348510\" data-element_type=\"column\" data-e-type=\"column\">\n\t\t\t<div class=\"elementor-widget-wrap elementor-element-populated\">\n\t\t\t\t\t\t<div class=\"elementor-element elementor-element-348affbf elementor-widget elementor-widget-text-editor\" data-id=\"348affbf\" data-element_type=\"widget\" data-e-type=\"widget\" data-widget_type=\"text-editor.default\">\n\t\t\t\t<div class=\"elementor-widget-container\">\n\t\t\t\t\t\t\t\t\t<p>El TPS tiene m\u00e1s fechas clave, pues para las personas beneficiarias de Hait\u00ed, el TPS expir\u00f3 el 3 de febrero, mientras que para Etiop\u00eda hizo el 13 de febrero. En ambos casos, quienes se encuentren bajo esta protecci\u00f3n deber\u00e1n explorar alternativas legales para permanecer en el pa\u00eds. Por otro lado, para El Salvador, el TPS seguir\u00e1 vigente hasta septiembre de 2026, aunque este a\u00f1o ser\u00e1 determinante para conocer si el programa ser\u00e1 renovado o cancelado.<\/p><p>En el \u00e1mbito de los viajes internacionales, a finales de 2026 entrar\u00e1 en funcionamiento el Sistema Europeo de Informaci\u00f3n y Autorizaci\u00f3n de Viajes (ETIAS). Este permiso ser\u00e1 obligatorio para personas de pa\u00edses que actualmente no requieren visa para ingresar al espacio Schengen, incluidos ciudadanos de Estados Unidos. Aunque no se trata de una visa, deber\u00e1 solicitarse con anticipaci\u00f3n antes de viajar a Europa para estancias cortas.<\/p><p>Otro cambio relevante anunciado para 2026 se relaciona con las visas de trabajo H-1B, ya que partir de febrero, se eliminar\u00e1 el sistema de loter\u00eda utilizado hasta ahora para asignar estas visas. En su lugar, se implementar\u00e1 un proceso de selecci\u00f3n que priorizar\u00e1 a personas extranjeras con mayores niveles de cualificaci\u00f3n y mejores condiciones salariales, con el objetivo de reducir abusos detectados en el modelo anterior.<\/p>\t\t\t\t\t\t\t\t<\/div>\n\t\t\t\t<\/div>\n\t\t\t\t\t<\/div>\n\t\t<\/div>\n\t\t\t\t\t<\/div>\n\t\t<\/section>\n\t\t\t\t<section class=\"elementor-section elementor-top-section elementor-element elementor-element-e4061a8 elementor-section-boxed elementor-section-height-default elementor-section-height-default wpr-particle-no wpr-jarallax-no wpr-parallax-no wpr-sticky-section-no wpr-equal-height-no\" data-id=\"e4061a8\" data-element_type=\"section\" data-e-type=\"section\">\n\t\t\t\t\t\t<div class=\"elementor-container elementor-column-gap-default\">\n\t\t\t\t\t<div class=\"elementor-column elementor-col-100 elementor-top-column elementor-element elementor-element-2afdde42\" data-id=\"2afdde42\" data-element_type=\"column\" data-e-type=\"column\">\n\t\t\t<div class=\"elementor-widget-wrap elementor-element-populated\">\n\t\t\t\t\t\t<div class=\"elementor-element elementor-element-673d0a9e elementor-widget elementor-widget-toggle\" data-id=\"673d0a9e\" data-element_type=\"widget\" data-e-type=\"widget\" data-widget_type=\"toggle.default\">\n\t\t\t\t<div class=\"elementor-widget-container\">\n\t\t\t\t\t\t\t<div class=\"elementor-toggle\">\n\t\t\t\t\t\t\t<div class=\"elementor-toggle-item\">\n\t\t\t\t\t<div id=\"elementor-tab-title-1731\" class=\"elementor-tab-title\" data-tab=\"1\" role=\"button\" aria-controls=\"elementor-tab-content-1731\" aria-expanded=\"false\">\n\t\t\t\t\t\t\t\t\t\t\t\t<span class=\"elementor-toggle-icon elementor-toggle-icon-left\" aria-hidden=\"true\">\n\t\t\t\t\t\t\t\t\t\t\t\t\t\t\t<span class=\"elementor-toggle-icon-closed\"><i class=\"fas fa-caret-right\"><\/i><\/span>\n\t\t\t\t\t\t\t\t<span class=\"elementor-toggle-icon-opened\"><i class=\"elementor-toggle-icon-opened fas fa-caret-up\"><\/i><\/span>\n\t\t\t\t\t\t\t\t\t\t\t\t\t<\/span>\n\t\t\t\t\t\t\t\t\t\t\t\t<a class=\"elementor-toggle-title\" tabindex=\"0\"> BIBLIOGRAPHY<\/a>\n\t\t\t\t\t<\/div>\n\n\t\t\t\t\t<div id=\"elementor-tab-content-1731\" class=\"elementor-tab-content elementor-clearfix\" data-tab=\"1\" role=\"region\" aria-labelledby=\"elementor-tab-title-1731\"><p><strong>USCIS <\/strong><\/p><p><a href=\"https:\/\/www.uscis.gov\/newsroom\/alerts\/uscis-announces-fy-2026-inflation-increase-for-certain-immigration-related-fees\">https:\/\/www.uscis.gov\/newsroom\/alerts\/uscis-announces-fy-2026-inflation-increase-for-certain-immigration-related-fees<\/a><\/p><p><a href=\"https:\/\/www.uscis.gov\/i-821\">https:\/\/www.uscis.gov\/i-821<\/a><\/p><p><a href=\"https:\/\/www.uscis.gov\/humanitarian\/temporary-protected-status\">https:\/\/www.uscis.gov\/humanitarian\/temporary-protected-status<\/a><\/p><p><strong>COMSUMER LAW<\/strong><\/p><p><a href=\"https:\/\/www.consumerlaw.com\/guia-de-cambios-importantes-en-inmigracion-para-el-ano-2026\/\">https:\/\/www.consumerlaw.com\/guia-de-cambios-importantes-en-inmigracion-para-el-ano-2026\/<\/a><\/p><\/div>\n\t\t\t\t<\/div>\n\t\t\t\t\t\t\t\t<\/div>\n\t\t\t\t\t\t<\/div>\n\t\t\t\t<\/div>\n\t\t\t\t\t<\/div>\n\t\t<\/div>\n\t\t\t\t\t<\/div>\n\t\t<\/section>\n\t\t\t\t<\/div>","protected":false},"excerpt":{"rendered":"<p>Los cambios incluyen ajustes en tarifas, programas humanitarios, permisos de viaje y un cambio en el modelo de visas H-1B. La entrada de 2026 implic\u00f3 diversas modificaciones relevantes en materia migratoria que pueden impactar no solo a migrantes, sino tambi\u00e9n a solicitantes de visas y a familias con tr\u00e1mites en curso. Estos cambios influyen en los costos de los procesos, la vigencia de ciertos programas de protecci\u00f3n, los requisitos para viajar al extranjero y las oportunidades de empleo temporal en Estados Unidos. Uno de los cambios inmediatos fue el aumento en las tarifas de los tr\u00e1mites migratorios. Desde el 1 de enero de 2026, el Servicio de Ciudadan\u00eda e Inmigraci\u00f3n (USCIS) ajust\u00f3 sus precios como respuesta a la inflaci\u00f3n. Esto implicar\u00e1 mayores costos para diversos formularios, incluidos los permisos de trabajo. Por ejemplo, el Formulario I-765, utilizado por personas bajo categor\u00edas como asilo o Estatus de Protecci\u00f3n Temporal (TPS) para obtener por primera vez un documento de autorizaci\u00f3n de empleo (EAD), increment\u00f3 su costo a 560 d\u00f3lares y 280 para renovaciones. Asimismo, la tarifa el formulario I-821 para aplicar a TPS ascendi\u00f3 a 510 d\u00f3lares. En 2026 tambi\u00e9n concluir\u00e1n algunos programas migratorios vigentes. Por ejemplo, el 14 de enero concluy\u00f3 el Programa de Parole de Reunificaci\u00f3n Familiar para personas de Colombia, Cuba, Ecuador, El Salvador, Guatemala, Hait\u00ed y Honduras. Quienes ingresaron al pa\u00eds bajo este esquema podr\u00edan perder su permiso de trabajo y su estatus legal si no realizan otros tr\u00e1mites migratorios a tiempo. El TPS tiene m\u00e1s fechas clave, pues para las personas beneficiarias de Hait\u00ed, el TPS expir\u00f3 el 3 de febrero, mientras que para Etiop\u00eda hizo el 13 de febrero. En ambos casos, quienes se encuentren bajo esta protecci\u00f3n deber\u00e1n explorar alternativas legales para permanecer en el pa\u00eds. Por otro lado, para El Salvador, el TPS seguir\u00e1 vigente hasta septiembre de 2026, aunque este a\u00f1o ser\u00e1 determinante para conocer si el programa ser\u00e1 renovado o cancelado. En el \u00e1mbito de los viajes internacionales, a finales de 2026 entrar\u00e1 en funcionamiento el Sistema Europeo de Informaci\u00f3n y Autorizaci\u00f3n de Viajes (ETIAS). Este permiso ser\u00e1 obligatorio para personas de pa\u00edses que actualmente no requieren visa para ingresar al espacio Schengen, incluidos ciudadanos de Estados Unidos. Aunque no se trata de una visa, deber\u00e1 solicitarse con anticipaci\u00f3n antes de viajar a Europa para estancias cortas. Otro cambio relevante anunciado para 2026 se relaciona con las visas de trabajo H-1B, ya que partir de febrero, se eliminar\u00e1 el sistema de loter\u00eda utilizado hasta ahora para asignar estas visas. En su lugar, se implementar\u00e1 un proceso de selecci\u00f3n que priorizar\u00e1 a personas extranjeras con mayores niveles de cualificaci\u00f3n y mejores condiciones salariales, con el objetivo de reducir abusos detectados en el modelo anterior. BIBLIOGRAF\u00cdA USCIS https:\/\/www.uscis.gov\/newsroom\/alerts\/uscis-announces-fy-2026-inflation-increase-for-certain-immigration-related-fees https:\/\/www.uscis.gov\/i-821 https:\/\/www.uscis.gov\/humanitarian\/temporary-protected-status COMSUMER LAW https:\/\/www.consumerlaw.com\/guia-de-cambios-importantes-en-inmigracion-para-el-ano-2026\/<\/p>","protected":false},"author":13,"featured_media":70408,"comment_status":"closed","ping_status":"closed","sticky":false,"template":"","format":"standard","meta":{"_uf_show_specific_survey":0,"_uf_disable_surveys":false,"footnotes":""},"categories":[10],"tags":[4383,1538,415,4384,80],"class_list":["post-70406","post","type-post","status-publish","format-standard","has-post-thumbnail","hentry","category-noticias","tag-etias","tag-h-1b","tag-tarifas","tag-temas-migratorios","tag-tps"],"aioseo_notices":[],"yoast_head":"<!-- This site is optimized with the Yoast SEO plugin v27.4 - https:\/\/yoast.com\/product\/yoast-seo-wordpress\/ -->\n<title>Acceso Latino | Estos son los principales cambios en temas migratorios en 2026<\/title>\n<meta name=\"description\" content=\"Estos son los principales cambios en temas migratorios en 2026, actualizaciones al TPS, cambios al modelo de H-1B y el ETIAS.\" \/>\n<meta name=\"robots\" content=\"index, follow, max-snippet:-1, max-image-preview:large, max-video-preview:-1\" \/>\n<link rel=\"canonical\" href=\"https:\/\/accesolatino.org\/en\/estos-son-los-principales-cambios-en-temas-migratorios-en-2026\/noticias\/\" \/>\n<meta property=\"og:locale\" content=\"en_US\" \/>\n<meta property=\"og:type\" content=\"article\" \/>\n<meta property=\"og:title\" content=\"Estos son los principales cambios en temas migratorios en 2026 | Acceso Latino\" \/>\n<meta property=\"og:description\" content=\"Estos son los principales cambios en temas migratorios en 2026, actualizaciones al TPS, cambios al modelo de H-1B y el ETIAS.\" \/>\n<meta property=\"og:url\" content=\"https:\/\/accesolatino.org\/en\/estos-son-los-principales-cambios-en-temas-migratorios-en-2026\/noticias\/\" \/>\n<meta property=\"og:site_name\" content=\"Acceso Latino\" \/>\n<meta property=\"article:publisher\" content=\"https:\/\/www.facebook.com\/AccesoLatinoOrg\" \/>\n<meta property=\"article:published_time\" content=\"2026-02-13T16:04:03+00:00\" \/>\n<meta property=\"article:modified_time\" content=\"2026-02-13T16:11:26+00:00\" \/>\n<meta property=\"og:image\" content=\"https:\/\/accesolatino.org\/wp-content\/uploads\/2026\/02\/cambios-en-leyes-que-afectan-en-el-2026-1.png\" \/>\n\t<meta property=\"og:image:width\" content=\"829\" \/>\n\t<meta property=\"og:image:height\" content=\"401\" \/>\n\t<meta property=\"og:image:type\" content=\"image\/png\" \/>\n<meta name=\"author\" content=\"Noticias\" \/>\n<meta name=\"twitter:card\" content=\"summary_large_image\" \/>\n<meta name=\"twitter:creator\" content=\"@FAccLatino\" \/>\n<meta name=\"twitter:site\" content=\"@FAccLatino\" \/>\n<meta name=\"twitter:label1\" content=\"Written by\" \/>\n\t<meta name=\"twitter:data1\" content=\"Noticias\" \/>\n\t<meta name=\"twitter:label2\" content=\"Est. reading time\" \/>\n\t<meta name=\"twitter:data2\" content=\"3 minutes\" \/>\n<script type=\"application\/ld+json\" class=\"yoast-schema-graph\">{\"@context\":\"https:\\\/\\\/schema.org\",\"@graph\":[{\"@type\":\"Article\",\"@id\":\"https:\\\/\\\/accesolatino.org\\\/estos-son-los-principales-cambios-en-temas-migratorios-en-2026\\\/noticias\\\/#article\",\"isPartOf\":{\"@id\":\"https:\\\/\\\/accesolatino.org\\\/estos-son-los-principales-cambios-en-temas-migratorios-en-2026\\\/noticias\\\/\"},\"author\":{\"name\":\"Noticias\",\"@id\":\"https:\\\/\\\/accesolatino.org\\\/#\\\/schema\\\/person\\\/6b654926a4e7e4709c9ad12459661666\"},\"headline\":\"Estos son los principales cambios en temas migratorios en 2026\",\"datePublished\":\"2026-02-13T16:04:03+00:00\",\"dateModified\":\"2026-02-13T16:11:26+00:00\",\"mainEntityOfPage\":{\"@id\":\"https:\\\/\\\/accesolatino.org\\\/estos-son-los-principales-cambios-en-temas-migratorios-en-2026\\\/noticias\\\/\"},\"wordCount\":509,\"publisher\":{\"@id\":\"https:\\\/\\\/accesolatino.org\\\/#organization\"},\"image\":{\"@id\":\"https:\\\/\\\/accesolatino.org\\\/estos-son-los-principales-cambios-en-temas-migratorios-en-2026\\\/noticias\\\/#primaryimage\"},\"thumbnailUrl\":\"https:\\\/\\\/accesolatino.org\\\/wp-content\\\/uploads\\\/2026\\\/02\\\/cambios-en-leyes-que-afectan-en-el-2026-1.png\",\"keywords\":[\"ETIAS\",\"H-1B\",\"Tarifas\",\"Temas migratorios\",\"TPS\"],\"articleSection\":[\"Noticias\"],\"inLanguage\":\"en-US\"},{\"@type\":\"WebPage\",\"@id\":\"https:\\\/\\\/accesolatino.org\\\/estos-son-los-principales-cambios-en-temas-migratorios-en-2026\\\/noticias\\\/\",\"url\":\"https:\\\/\\\/accesolatino.org\\\/estos-son-los-principales-cambios-en-temas-migratorios-en-2026\\\/noticias\\\/\",\"name\":\"Acceso Latino | Estos son los principales cambios en temas migratorios en 2026\",\"isPartOf\":{\"@id\":\"https:\\\/\\\/accesolatino.org\\\/#website\"},\"primaryImageOfPage\":{\"@id\":\"https:\\\/\\\/accesolatino.org\\\/estos-son-los-principales-cambios-en-temas-migratorios-en-2026\\\/noticias\\\/#primaryimage\"},\"image\":{\"@id\":\"https:\\\/\\\/accesolatino.org\\\/estos-son-los-principales-cambios-en-temas-migratorios-en-2026\\\/noticias\\\/#primaryimage\"},\"thumbnailUrl\":\"https:\\\/\\\/accesolatino.org\\\/wp-content\\\/uploads\\\/2026\\\/02\\\/cambios-en-leyes-que-afectan-en-el-2026-1.png\",\"datePublished\":\"2026-02-13T16:04:03+00:00\",\"dateModified\":\"2026-02-13T16:11:26+00:00\",\"description\":\"Estos son los principales cambios en temas migratorios en 2026, actualizaciones al TPS, cambios al modelo de H-1B y el ETIAS.\",\"breadcrumb\":{\"@id\":\"https:\\\/\\\/accesolatino.org\\\/estos-son-los-principales-cambios-en-temas-migratorios-en-2026\\\/noticias\\\/#breadcrumb\"},\"inLanguage\":\"en-US\",\"potentialAction\":[{\"@type\":\"ReadAction\",\"target\":[\"https:\\\/\\\/accesolatino.org\\\/estos-son-los-principales-cambios-en-temas-migratorios-en-2026\\\/noticias\\\/\"]}]},{\"@type\":\"ImageObject\",\"inLanguage\":\"en-US\",\"@id\":\"https:\\\/\\\/accesolatino.org\\\/estos-son-los-principales-cambios-en-temas-migratorios-en-2026\\\/noticias\\\/#primaryimage\",\"url\":\"https:\\\/\\\/accesolatino.org\\\/wp-content\\\/uploads\\\/2026\\\/02\\\/cambios-en-leyes-que-afectan-en-el-2026-1.png\",\"contentUrl\":\"https:\\\/\\\/accesolatino.org\\\/wp-content\\\/uploads\\\/2026\\\/02\\\/cambios-en-leyes-que-afectan-en-el-2026-1.png\",\"width\":829,\"height\":401},{\"@type\":\"BreadcrumbList\",\"@id\":\"https:\\\/\\\/accesolatino.org\\\/estos-son-los-principales-cambios-en-temas-migratorios-en-2026\\\/noticias\\\/#breadcrumb\",\"itemListElement\":[{\"@type\":\"ListItem\",\"position\":1,\"name\":\"Portada\",\"item\":\"https:\\\/\\\/accesolatino.org\\\/\"},{\"@type\":\"ListItem\",\"position\":2,\"name\":\"Noticias\",\"item\":\"https:\\\/\\\/accesolatino.org\\\/category\\\/noticias\\\/\"},{\"@type\":\"ListItem\",\"position\":3,\"name\":\"Estos son los principales cambios en temas migratorios en 2026\"}]},{\"@type\":\"WebSite\",\"@id\":\"https:\\\/\\\/accesolatino.org\\\/#website\",\"url\":\"https:\\\/\\\/accesolatino.org\\\/\",\"name\":\"Acceso Latino | Fundaci\u00f3n Carlos Slim\",\"description\":\"Fundaci\u00f3n Carlos Slim\",\"publisher\":{\"@id\":\"https:\\\/\\\/accesolatino.org\\\/#organization\"},\"potentialAction\":[{\"@type\":\"SearchAction\",\"target\":{\"@type\":\"EntryPoint\",\"urlTemplate\":\"https:\\\/\\\/accesolatino.org\\\/?s={search_term_string}\"},\"query-input\":{\"@type\":\"PropertyValueSpecification\",\"valueRequired\":true,\"valueName\":\"search_term_string\"}}],\"inLanguage\":\"en-US\"},{\"@type\":\"Organization\",\"@id\":\"https:\\\/\\\/accesolatino.org\\\/#organization\",\"name\":\"Acceso Latino | Fundaci\u00f3n Carlos Slim\",\"url\":\"https:\\\/\\\/accesolatino.org\\\/\",\"logo\":{\"@type\":\"ImageObject\",\"inLanguage\":\"en-US\",\"@id\":\"https:\\\/\\\/accesolatino.org\\\/#\\\/schema\\\/logo\\\/image\\\/\",\"url\":\"https:\\\/\\\/accesolatino.org\\\/wp-content\\\/uploads\\\/2021\\\/02\\\/logo-footer-acceso-latino.png\",\"contentUrl\":\"https:\\\/\\\/accesolatino.org\\\/wp-content\\\/uploads\\\/2021\\\/02\\\/logo-footer-acceso-latino.png\",\"width\":240,\"height\":40,\"caption\":\"Acceso Latino | Fundaci\u00f3n Carlos Slim\"},\"image\":{\"@id\":\"https:\\\/\\\/accesolatino.org\\\/#\\\/schema\\\/logo\\\/image\\\/\"},\"sameAs\":[\"https:\\\/\\\/www.facebook.com\\\/AccesoLatinoOrg\",\"https:\\\/\\\/x.com\\\/FAccLatino\"]},{\"@type\":\"Person\",\"@id\":\"https:\\\/\\\/accesolatino.org\\\/#\\\/schema\\\/person\\\/6b654926a4e7e4709c9ad12459661666\",\"name\":\"Noticias\"}]}<\/script>\n<!-- \/ Yoast SEO plugin. -->","yoast_head_json":{"title":"Acceso Latino | Estos son los principales cambios en temas migratorios en 2026","description":"Estos son los principales cambios en temas migratorios en 2026, actualizaciones al TPS, cambios al modelo de H-1B y el ETIAS.","robots":{"index":"index","follow":"follow","max-snippet":"max-snippet:-1","max-image-preview":"max-image-preview:large","max-video-preview":"max-video-preview:-1"},"canonical":"https:\/\/accesolatino.org\/en\/estos-son-los-principales-cambios-en-temas-migratorios-en-2026\/noticias\/","og_locale":"en_US","og_type":"article","og_title":"Estos son los principales cambios en temas migratorios en 2026 | Acceso Latino","og_description":"Estos son los principales cambios en temas migratorios en 2026, actualizaciones al TPS, cambios al modelo de H-1B y el ETIAS.","og_url":"https:\/\/accesolatino.org\/en\/estos-son-los-principales-cambios-en-temas-migratorios-en-2026\/noticias\/","og_site_name":"Acceso Latino","article_publisher":"https:\/\/www.facebook.com\/AccesoLatinoOrg","article_published_time":"2026-02-13T16:04:03+00:00","article_modified_time":"2026-02-13T16:11:26+00:00","og_image":[{"width":829,"height":401,"url":"https:\/\/accesolatino.org\/wp-content\/uploads\/2026\/02\/cambios-en-leyes-que-afectan-en-el-2026-1.png","type":"image\/png"}],"author":"Noticias","twitter_card":"summary_large_image","twitter_creator":"@FAccLatino","twitter_site":"@FAccLatino","twitter_misc":{"Written by":"Noticias","Est. reading time":"3 minutes"},"schema":{"@context":"https:\/\/schema.org","@graph":[{"@type":"Article","@id":"https:\/\/accesolatino.org\/estos-son-los-principales-cambios-en-temas-migratorios-en-2026\/noticias\/#article","isPartOf":{"@id":"https:\/\/accesolatino.org\/estos-son-los-principales-cambios-en-temas-migratorios-en-2026\/noticias\/"},"author":{"name":"Noticias","@id":"https:\/\/accesolatino.org\/#\/schema\/person\/6b654926a4e7e4709c9ad12459661666"},"headline":"Estos son los principales cambios en temas migratorios en 2026","datePublished":"2026-02-13T16:04:03+00:00","dateModified":"2026-02-13T16:11:26+00:00","mainEntityOfPage":{"@id":"https:\/\/accesolatino.org\/estos-son-los-principales-cambios-en-temas-migratorios-en-2026\/noticias\/"},"wordCount":509,"publisher":{"@id":"https:\/\/accesolatino.org\/#organization"},"image":{"@id":"https:\/\/accesolatino.org\/estos-son-los-principales-cambios-en-temas-migratorios-en-2026\/noticias\/#primaryimage"},"thumbnailUrl":"https:\/\/accesolatino.org\/wp-content\/uploads\/2026\/02\/cambios-en-leyes-que-afectan-en-el-2026-1.png","keywords":["ETIAS","H-1B","Tarifas","Temas migratorios","TPS"],"articleSection":["Noticias"],"inLanguage":"en-US"},{"@type":"WebPage","@id":"https:\/\/accesolatino.org\/estos-son-los-principales-cambios-en-temas-migratorios-en-2026\/noticias\/","url":"https:\/\/accesolatino.org\/estos-son-los-principales-cambios-en-temas-migratorios-en-2026\/noticias\/","name":"Acceso Latino | Estos son los principales cambios en temas migratorios en 2026","isPartOf":{"@id":"https:\/\/accesolatino.org\/#website"},"primaryImageOfPage":{"@id":"https:\/\/accesolatino.org\/estos-son-los-principales-cambios-en-temas-migratorios-en-2026\/noticias\/#primaryimage"},"image":{"@id":"https:\/\/accesolatino.org\/estos-son-los-principales-cambios-en-temas-migratorios-en-2026\/noticias\/#primaryimage"},"thumbnailUrl":"https:\/\/accesolatino.org\/wp-content\/uploads\/2026\/02\/cambios-en-leyes-que-afectan-en-el-2026-1.png","datePublished":"2026-02-13T16:04:03+00:00","dateModified":"2026-02-13T16:11:26+00:00","description":"Estos son los principales cambios en temas migratorios en 2026, actualizaciones al TPS, cambios al modelo de H-1B y el ETIAS.","breadcrumb":{"@id":"https:\/\/accesolatino.org\/estos-son-los-principales-cambios-en-temas-migratorios-en-2026\/noticias\/#breadcrumb"},"inLanguage":"en-US","potentialAction":[{"@type":"ReadAction","target":["https:\/\/accesolatino.org\/estos-son-los-principales-cambios-en-temas-migratorios-en-2026\/noticias\/"]}]},{"@type":"ImageObject","inLanguage":"en-US","@id":"https:\/\/accesolatino.org\/estos-son-los-principales-cambios-en-temas-migratorios-en-2026\/noticias\/#primaryimage","url":"https:\/\/accesolatino.org\/wp-content\/uploads\/2026\/02\/cambios-en-leyes-que-afectan-en-el-2026-1.png","contentUrl":"https:\/\/accesolatino.org\/wp-content\/uploads\/2026\/02\/cambios-en-leyes-que-afectan-en-el-2026-1.png","width":829,"height":401},{"@type":"BreadcrumbList","@id":"https:\/\/accesolatino.org\/estos-son-los-principales-cambios-en-temas-migratorios-en-2026\/noticias\/#breadcrumb","itemListElement":[{"@type":"ListItem","position":1,"name":"Portada","item":"https:\/\/accesolatino.org\/"},{"@type":"ListItem","position":2,"name":"Noticias","item":"https:\/\/accesolatino.org\/category\/noticias\/"},{"@type":"ListItem","position":3,"name":"Estos son los principales cambios en temas migratorios en 2026"}]},{"@type":"WebSite","@id":"https:\/\/accesolatino.org\/#website","url":"https:\/\/accesolatino.org\/","name":"Acceso Latino | Fundaci\u00f3n Carlos Slim","description":"Fundaci\u00f3n Carlos Slim","publisher":{"@id":"https:\/\/accesolatino.org\/#organization"},"potentialAction":[{"@type":"SearchAction","target":{"@type":"EntryPoint","urlTemplate":"https:\/\/accesolatino.org\/?s={search_term_string}"},"query-input":{"@type":"PropertyValueSpecification","valueRequired":true,"valueName":"search_term_string"}}],"inLanguage":"en-US"},{"@type":"Organization","@id":"https:\/\/accesolatino.org\/#organization","name":"Acceso Latino | Fundaci\u00f3n Carlos Slim","url":"https:\/\/accesolatino.org\/","logo":{"@type":"ImageObject","inLanguage":"en-US","@id":"https:\/\/accesolatino.org\/#\/schema\/logo\/image\/","url":"https:\/\/accesolatino.org\/wp-content\/uploads\/2021\/02\/logo-footer-acceso-latino.png","contentUrl":"https:\/\/accesolatino.org\/wp-content\/uploads\/2021\/02\/logo-footer-acceso-latino.png","width":240,"height":40,"caption":"Acceso Latino | Fundaci\u00f3n Carlos Slim"},"image":{"@id":"https:\/\/accesolatino.org\/#\/schema\/logo\/image\/"},"sameAs":["https:\/\/www.facebook.com\/AccesoLatinoOrg","https:\/\/x.com\/FAccLatino"]},{"@type":"Person","@id":"https:\/\/accesolatino.org\/#\/schema\/person\/6b654926a4e7e4709c9ad12459661666","name":"News"}]}},"_links":{"self":[{"href":"https:\/\/accesolatino.org\/en\/wp-json\/wp\/v2\/posts\/70406","targetHints":{"allow":["GET"]}}],"collection":[{"href":"https:\/\/accesolatino.org\/en\/wp-json\/wp\/v2\/posts"}],"about":[{"href":"https:\/\/accesolatino.org\/en\/wp-json\/wp\/v2\/types\/post"}],"author":[{"embeddable":true,"href":"https:\/\/accesolatino.org\/en\/wp-json\/wp\/v2\/users\/13"}],"replies":[{"embeddable":true,"href":"https:\/\/accesolatino.org\/en\/wp-json\/wp\/v2\/comments?post=70406"}],"version-history":[{"count":7,"href":"https:\/\/accesolatino.org\/en\/wp-json\/wp\/v2\/posts\/70406\/revisions"}],"predecessor-version":[{"id":70419,"href":"https:\/\/accesolatino.org\/en\/wp-json\/wp\/v2\/posts\/70406\/revisions\/70419"}],"wp:featuredmedia":[{"embeddable":true,"href":"https:\/\/accesolatino.org\/en\/wp-json\/wp\/v2\/media\/70408"}],"wp:attachment":[{"href":"https:\/\/accesolatino.org\/en\/wp-json\/wp\/v2\/media?parent=70406"}],"wp:term":[{"taxonomy":"category","embeddable":true,"href":"https:\/\/accesolatino.org\/en\/wp-json\/wp\/v2\/categories?post=70406"},{"taxonomy":"post_tag","embeddable":true,"href":"https:\/\/accesolatino.org\/en\/wp-json\/wp\/v2\/tags?post=70406"}],"curies":[{"name":"wp","href":"https:\/\/api.w.org\/{rel}","templated":true}]}}