{"id":6736,"date":"2016-12-27T01:35:40","date_gmt":"2016-12-27T07:35:40","guid":{"rendered":"https:\/\/accesolatino.org\/?p=6736"},"modified":"2025-10-28T12:07:19","modified_gmt":"2025-10-28T18:07:19","slug":"hispano-pasa-de-ser-trabajador-del-campo-a-ranchero-en-carolina-del-norte","status":"publish","type":"post","link":"https:\/\/accesolatino.org\/en\/hispano-pasa-de-ser-trabajador-del-campo-a-ranchero-en-carolina-del-norte\/orgullo-latino\/","title":{"rendered":"Hispano pasa de ser trabajador del campo a ranchero en Carolina del Norte"},"content":{"rendered":"<p>En un \u00e1rea rural del condado Rowan, en Carolina del Norte, el mexicano David M\u00e9ndez se encarga a diario de cuidar vacas.<\/p>\n<p>En un estado donde la industria agropecuaria depende de la mano de obra hispana, la escena no tendr\u00eda nada de particular si no fuera porque en este caso M\u00e9ndez es el due\u00f1o de las 30 vacas y de los casi 90 acres de terreno que conforman el rancho El Capullo.<\/p>\n<p>Pero alcanzar el sue\u00f1o de tener su propio rancho no ha sido f\u00e1cil para M\u00e9ndez, quien a los 19 a\u00f1os se aventur\u00f3 a cruzar la frontera sur en busca de un futuro mejor en Estados Unidos, dejando atr\u00e1s la pobreza en Villa La Venta, un pueblo de Tabasco, en M\u00e9xico.<\/p>\n<p>\u201cVine con la ilusi\u00f3n de todos de salir adelante\u201d, dijo M\u00e9ndez a Mundo Hisp\u00e1nico. \u201cLlegu\u00e9 al estado de florida a trabajar en los campos de tomate, naranja, pepino y lo que se pudiera\u201d, a\u00f1adi\u00f3.<\/p>\n<p>Mientras trabajaba en los campos de Florida, M\u00e9ndez conoci\u00f3 a su esposa Shelly con quien se cas\u00f3 hace 20 a\u00f1os y tuvo 6 hijos.<\/p>\n<p>\u201cEventualmente nos mudamos con la familia para Carolina donde trabajamos en granjas de puercos y ahorita gracias a Dios ya estamos iniciando el proyecto de nosotros\u201d, dijo M\u00e9ndez.<\/p>\n<p>Trabajando en una de las granjas productoras de cerdos en el condado Cabarrus, M\u00e9ndez comenz\u00f3 a gestar su sue\u00f1o de su rancho propio, el cu\u00e1l hizo realidad en el 2012, gracias a su sacrificio y a los consejos de su patr\u00f3n, a quien considera su mentor.<\/p>\n<p>\u201cComenc\u00e9 en mi casa con una vaca, luego se hicieron y necesitamos un espacio m\u00e1s grande. Empezamos a buscar, rentamos un lugar, luego se necesitaba m\u00e1s y empezamos a hablar de compra. Gracias a Dios sali\u00f3 este rancho aqu\u00ed disponible, a nuestro alcance. Todo se junt\u00f3 y gracias a Dios aqu\u00ed estamos\u201d, cont\u00f3 M\u00e9ndez.<\/p>\n<p><strong>Un granjero respetuoso del medio ambiente<\/strong><\/p>\n<p>Pero adem\u00e1s de haber alcanzado el sue\u00f1o de tener su propio rancho y convertirse en su propio patr\u00f3n, M\u00e9ndez est\u00e1 comprometido a manejar su granja de una manera responsable, respetando el medio ambiente.<\/p>\n<p>En busca de mejorar su rancho, M\u00e9ndez contact\u00f3 al Servicio de Conservaci\u00f3n de Recursos Naturales (NRCS) del Departamento de Agricultura federal, donde encontr\u00f3 asesor\u00eda t\u00e9cnica gratuita y ayuda financiera para mejorar su productividad mediante buenas pr\u00e1cticas ambientales.<\/p>\n<p>A trav\u00e9s de dicha agencia, M\u00e9ndez consigui\u00f3 ayuda para construir cercas, instalar unos bebederos ecol\u00f3gicos para sus vacas y un nuevo pozo de agua en su terreno, adem\u00e1s de asesor\u00eda t\u00e9cnica para sembrar grama.<\/p>\n<p>La agencia federal, ofrece estos servicios a cualquier productor que lo necesite, y cuenta con personal biling\u00fce para asistir a quienes no hablan ingl\u00e9s, seg\u00fan inform\u00f3 Randy Blackwood, supervisor distrital del Servicio de Conservaci\u00f3n de Recursos Naturales en el \u00e1rea de Rowan.<\/p>\n<p>\u201cNosotros queremos trabajar con los due\u00f1os de las tierras y los granjeros en nuestras comunidades para atender sus preocupaciones de una manera que puedan mejorar sus granjas y tambi\u00e9n su productividad\u201d, dijo Blackwood a MundoHisp\u00e1nico.<\/p>\n<p>El funcionario indic\u00f3 que la asistencia t\u00e9cnica est\u00e1 disponible gratuitamente para cualquier persona, pero la ayuda financiera para hacer las mejoras requiere que el beneficiario tenga ya un rancho y sea ciudadano estadounidense o cuente con un estatus legal en el pa\u00eds.<\/p>\n<p>\u201cNosotros tenemos ahora nueve empleados a trav\u00e9s del estado, desde las monta\u00f1as hasta la costa, varios de ellos en Raleigh, para ayudarnos con las traducciones y trabajar con los productores hispanos\u201d, dijo Blackwood.<\/p>\n<p><strong>Trabajo y perseverancia<\/strong><\/p>\n<p>En cuatro a\u00f1os, M\u00e9ndez ha hecho muchas mejoras en su rancho pero todav\u00eda le falta mucho para que El Capullo comience a generar dinero de la producci\u00f3n del ganado vacuno.<\/p>\n<p>Sin embargo, el mexicano conf\u00eda en que lo conseguir\u00e1 con trabajo y perseverancia, las cu\u00e1les considera las claves para el \u00e9xito.<\/p>\n<p>\u201cHay mucho sacrificio y mucho camino por recorrer\u201d, dijo M\u00e9ndez. \u201cHay mucha ayuda, tenemos que investigar, buscar, tocar puertas. A veces toca tocar muchas puertas\u201d.<\/p>\n<p>\u201cGracias a Dios y a mis padres que me ense\u00f1aron a nunca dejar, yo toco una puerta y si me la cierran me voy a otras\u201d, a\u00f1adi\u00f3 M\u00e9ndez quien aconsej\u00f3 a otros hispanos a que sigan luchando por sus sue\u00f1os.<\/p>\n<p>Fuente: <em>Mundo Hisp\u00e1nico.<\/em><\/p>","protected":false},"excerpt":{"rendered":"<p>En un \u00e1rea rural del condado Rowan, en Carolina del Norte, el mexicano David M\u00e9ndez se encarga a diario de cuidar vacas. En un estado donde la industria agropecuaria depende de la mano de obra hispana, la escena no tendr\u00eda nada de particular si no fuera porque en este caso M\u00e9ndez es el due\u00f1o de las 30 vacas y de los casi 90 acres de terreno que conforman el rancho El Capullo. Pero alcanzar el sue\u00f1o de tener su propio rancho no ha sido f\u00e1cil para M\u00e9ndez, quien a los 19 a\u00f1os se aventur\u00f3 a cruzar la frontera sur en busca de un futuro mejor en Estados Unidos, dejando atr\u00e1s la pobreza en Villa La Venta, un pueblo de Tabasco, en M\u00e9xico. \u201cVine con la ilusi\u00f3n de todos de salir adelante\u201d, dijo M\u00e9ndez a Mundo Hisp\u00e1nico. \u201cLlegu\u00e9 al estado de florida a trabajar en los campos de tomate, naranja, pepino y lo que se pudiera\u201d, a\u00f1adi\u00f3. Mientras trabajaba en los campos de Florida, M\u00e9ndez conoci\u00f3 a su esposa Shelly con quien se cas\u00f3 hace 20 a\u00f1os y tuvo 6 hijos. \u201cEventualmente nos mudamos con la familia para Carolina donde trabajamos en granjas de puercos y ahorita gracias a Dios ya estamos iniciando el proyecto de nosotros\u201d, dijo M\u00e9ndez. Trabajando en una de las granjas productoras de cerdos en el condado Cabarrus, M\u00e9ndez comenz\u00f3 a gestar su sue\u00f1o de su rancho propio, el cu\u00e1l hizo realidad en el 2012, gracias a su sacrificio y a los consejos de su patr\u00f3n, a quien considera su mentor. \u201cComenc\u00e9 en mi casa con una vaca, luego se hicieron y necesitamos un espacio m\u00e1s grande. Empezamos a buscar, rentamos un lugar, luego se necesitaba m\u00e1s y empezamos a hablar de compra. Gracias a Dios sali\u00f3 este rancho aqu\u00ed disponible, a nuestro alcance. Todo se junt\u00f3 y gracias a Dios aqu\u00ed estamos\u201d, cont\u00f3 M\u00e9ndez. Un granjero respetuoso del medio ambiente Pero adem\u00e1s de haber alcanzado el sue\u00f1o de tener su propio rancho y convertirse en su propio patr\u00f3n, M\u00e9ndez est\u00e1 comprometido a manejar su granja de una manera responsable, respetando el medio ambiente. En busca de mejorar su rancho, M\u00e9ndez contact\u00f3 al Servicio de Conservaci\u00f3n de Recursos Naturales (NRCS) del Departamento de Agricultura federal, donde encontr\u00f3 asesor\u00eda t\u00e9cnica gratuita y ayuda financiera para mejorar su productividad mediante buenas pr\u00e1cticas ambientales. A trav\u00e9s de dicha agencia, M\u00e9ndez consigui\u00f3 ayuda para construir cercas, instalar unos bebederos ecol\u00f3gicos para sus vacas y un nuevo pozo de agua en su terreno, adem\u00e1s de asesor\u00eda t\u00e9cnica para sembrar grama. La agencia federal, ofrece estos servicios a cualquier productor que lo necesite, y cuenta con personal biling\u00fce para asistir a quienes no hablan ingl\u00e9s, seg\u00fan inform\u00f3 Randy Blackwood, supervisor distrital del Servicio de Conservaci\u00f3n de Recursos Naturales en el \u00e1rea de Rowan. \u201cNosotros queremos trabajar con los due\u00f1os de las tierras y los granjeros en nuestras comunidades para atender sus preocupaciones de una manera que puedan mejorar sus granjas y tambi\u00e9n su productividad\u201d, dijo Blackwood a MundoHisp\u00e1nico. El funcionario indic\u00f3 que la asistencia t\u00e9cnica est\u00e1 disponible gratuitamente para cualquier persona, pero la ayuda financiera para hacer las mejoras requiere que el beneficiario tenga ya un rancho y sea ciudadano estadounidense o cuente con un estatus legal en el pa\u00eds. \u201cNosotros tenemos ahora nueve empleados a trav\u00e9s del estado, desde las monta\u00f1as hasta la costa, varios de ellos en Raleigh, para ayudarnos con las traducciones y trabajar con los productores hispanos\u201d, dijo Blackwood. Trabajo y perseverancia En cuatro a\u00f1os, M\u00e9ndez ha hecho muchas mejoras en su rancho pero todav\u00eda le falta mucho para que El Capullo comience a generar dinero de la producci\u00f3n del ganado vacuno. Sin embargo, el mexicano conf\u00eda en que lo conseguir\u00e1 con trabajo y perseverancia, las cu\u00e1les considera las claves para el \u00e9xito. \u201cHay mucho sacrificio y mucho camino por recorrer\u201d, dijo M\u00e9ndez. \u201cHay mucha ayuda, tenemos que investigar, buscar, tocar puertas. A veces toca tocar muchas puertas\u201d. \u201cGracias a Dios y a mis padres que me ense\u00f1aron a nunca dejar, yo toco una puerta y si me la cierran me voy a otras\u201d, a\u00f1adi\u00f3 M\u00e9ndez quien aconsej\u00f3 a otros hispanos a que sigan luchando por sus sue\u00f1os. Fuente: Mundo Hisp\u00e1nico.<\/p>","protected":false},"author":13,"featured_media":8227,"comment_status":"open","ping_status":"open","sticky":false,"template":"","format":"standard","meta":{"_uf_show_specific_survey":0,"_uf_disable_surveys":false,"footnotes":""},"categories":[9],"tags":[],"class_list":["post-6736","post","type-post","status-publish","format-standard","has-post-thumbnail","hentry","category-orgullo-latino"],"aioseo_notices":[],"yoast_head":"<!-- This site is optimized with the Yoast SEO plugin v27.5 - https:\/\/yoast.com\/product\/yoast-seo-wordpress\/ -->\n<title>Hispano pasa de ser trabajador del campo a ranchero en...<\/title>\n<meta name=\"description\" content=\"Hispano pasa de ser trabajador del campo a ranchero en Carolina del Norte\" \/>\n<meta name=\"robots\" content=\"index, follow, max-snippet:-1, max-image-preview:large, max-video-preview:-1\" \/>\n<link rel=\"canonical\" href=\"https:\/\/accesolatino.org\/en\/hispano-pasa-de-ser-trabajador-del-campo-a-ranchero-en-carolina-del-norte\/orgullo-latino\/\" \/>\n<meta property=\"og:locale\" content=\"en_US\" \/>\n<meta property=\"og:type\" content=\"article\" \/>\n<meta property=\"og:title\" content=\"Hispano pasa de ser trabajador del campo a ranchero en...\" \/>\n<meta property=\"og:description\" content=\"Hispano pasa de ser trabajador del campo a ranchero en Carolina del Norte\" \/>\n<meta property=\"og:url\" content=\"https:\/\/accesolatino.org\/en\/hispano-pasa-de-ser-trabajador-del-campo-a-ranchero-en-carolina-del-norte\/orgullo-latino\/\" \/>\n<meta property=\"og:site_name\" content=\"Acceso Latino\" \/>\n<meta property=\"article:publisher\" content=\"https:\/\/www.facebook.com\/AccesoLatinoOrg\" \/>\n<meta property=\"article:published_time\" content=\"2016-12-27T07:35:40+00:00\" \/>\n<meta property=\"article:modified_time\" content=\"2025-10-28T18:07:19+00:00\" \/>\n<meta property=\"og:image\" content=\"https:\/\/accesolatino.org\/wp-content\/uploads\/2016\/12\/Hispano-pasa-de-ser-trabajador-del-campo-a-ranchero-en-Carolina-del-Norte.jpg\" \/>\n\t<meta property=\"og:image:width\" content=\"600\" \/>\n\t<meta property=\"og:image:height\" content=\"392\" \/>\n\t<meta property=\"og:image:type\" content=\"image\/jpeg\" \/>\n<meta name=\"author\" content=\"Noticias\" \/>\n<meta name=\"twitter:card\" content=\"summary_large_image\" \/>\n<meta name=\"twitter:creator\" content=\"@FAccLatino\" \/>\n<meta name=\"twitter:site\" content=\"@FAccLatino\" \/>\n<meta name=\"twitter:label1\" content=\"Written by\" \/>\n\t<meta name=\"twitter:data1\" content=\"Noticias\" \/>\n\t<meta name=\"twitter:label2\" content=\"Est. reading time\" \/>\n\t<meta name=\"twitter:data2\" content=\"4 minutes\" \/>\n<script type=\"application\/ld+json\" class=\"yoast-schema-graph\">{\"@context\":\"https:\\\/\\\/schema.org\",\"@graph\":[{\"@type\":\"Article\",\"@id\":\"https:\\\/\\\/accesolatino.org\\\/hispano-pasa-de-ser-trabajador-del-campo-a-ranchero-en-carolina-del-norte\\\/orgullo-latino\\\/#article\",\"isPartOf\":{\"@id\":\"https:\\\/\\\/accesolatino.org\\\/hispano-pasa-de-ser-trabajador-del-campo-a-ranchero-en-carolina-del-norte\\\/orgullo-latino\\\/\"},\"author\":{\"name\":\"Noticias\",\"@id\":\"https:\\\/\\\/accesolatino.org\\\/#\\\/schema\\\/person\\\/57bc3bfd2c357610a5255490ca4cd305\"},\"headline\":\"Hispano pasa de ser trabajador del campo a ranchero en Carolina del Norte\",\"datePublished\":\"2016-12-27T07:35:40+00:00\",\"dateModified\":\"2025-10-28T18:07:19+00:00\",\"mainEntityOfPage\":{\"@id\":\"https:\\\/\\\/accesolatino.org\\\/hispano-pasa-de-ser-trabajador-del-campo-a-ranchero-en-carolina-del-norte\\\/orgullo-latino\\\/\"},\"wordCount\":761,\"commentCount\":0,\"publisher\":{\"@id\":\"https:\\\/\\\/accesolatino.org\\\/#organization\"},\"image\":{\"@id\":\"https:\\\/\\\/accesolatino.org\\\/hispano-pasa-de-ser-trabajador-del-campo-a-ranchero-en-carolina-del-norte\\\/orgullo-latino\\\/#primaryimage\"},\"thumbnailUrl\":\"https:\\\/\\\/accesolatino.org\\\/wp-content\\\/uploads\\\/2016\\\/12\\\/Hispano-pasa-de-ser-trabajador-del-campo-a-ranchero-en-Carolina-del-Norte.jpg\",\"articleSection\":[\"Orgullo Latino\"],\"inLanguage\":\"en-US\",\"potentialAction\":[{\"@type\":\"CommentAction\",\"name\":\"Comment\",\"target\":[\"https:\\\/\\\/accesolatino.org\\\/hispano-pasa-de-ser-trabajador-del-campo-a-ranchero-en-carolina-del-norte\\\/orgullo-latino\\\/#respond\"]}]},{\"@type\":\"WebPage\",\"@id\":\"https:\\\/\\\/accesolatino.org\\\/hispano-pasa-de-ser-trabajador-del-campo-a-ranchero-en-carolina-del-norte\\\/orgullo-latino\\\/\",\"url\":\"https:\\\/\\\/accesolatino.org\\\/hispano-pasa-de-ser-trabajador-del-campo-a-ranchero-en-carolina-del-norte\\\/orgullo-latino\\\/\",\"name\":\"Hispano pasa de ser trabajador del campo a ranchero en...\",\"isPartOf\":{\"@id\":\"https:\\\/\\\/accesolatino.org\\\/#website\"},\"primaryImageOfPage\":{\"@id\":\"https:\\\/\\\/accesolatino.org\\\/hispano-pasa-de-ser-trabajador-del-campo-a-ranchero-en-carolina-del-norte\\\/orgullo-latino\\\/#primaryimage\"},\"image\":{\"@id\":\"https:\\\/\\\/accesolatino.org\\\/hispano-pasa-de-ser-trabajador-del-campo-a-ranchero-en-carolina-del-norte\\\/orgullo-latino\\\/#primaryimage\"},\"thumbnailUrl\":\"https:\\\/\\\/accesolatino.org\\\/wp-content\\\/uploads\\\/2016\\\/12\\\/Hispano-pasa-de-ser-trabajador-del-campo-a-ranchero-en-Carolina-del-Norte.jpg\",\"datePublished\":\"2016-12-27T07:35:40+00:00\",\"dateModified\":\"2025-10-28T18:07:19+00:00\",\"description\":\"Hispano pasa de ser trabajador del campo a ranchero en Carolina del Norte\",\"breadcrumb\":{\"@id\":\"https:\\\/\\\/accesolatino.org\\\/hispano-pasa-de-ser-trabajador-del-campo-a-ranchero-en-carolina-del-norte\\\/orgullo-latino\\\/#breadcrumb\"},\"inLanguage\":\"en-US\",\"potentialAction\":[{\"@type\":\"ReadAction\",\"target\":[\"https:\\\/\\\/accesolatino.org\\\/hispano-pasa-de-ser-trabajador-del-campo-a-ranchero-en-carolina-del-norte\\\/orgullo-latino\\\/\"]}]},{\"@type\":\"ImageObject\",\"inLanguage\":\"en-US\",\"@id\":\"https:\\\/\\\/accesolatino.org\\\/hispano-pasa-de-ser-trabajador-del-campo-a-ranchero-en-carolina-del-norte\\\/orgullo-latino\\\/#primaryimage\",\"url\":\"https:\\\/\\\/accesolatino.org\\\/wp-content\\\/uploads\\\/2016\\\/12\\\/Hispano-pasa-de-ser-trabajador-del-campo-a-ranchero-en-Carolina-del-Norte.jpg\",\"contentUrl\":\"https:\\\/\\\/accesolatino.org\\\/wp-content\\\/uploads\\\/2016\\\/12\\\/Hispano-pasa-de-ser-trabajador-del-campo-a-ranchero-en-Carolina-del-Norte.jpg\",\"width\":\"600\",\"height\":\"392\",\"caption\":\"Hispano-pasa-de-ser-trabajador-del-campo-a-ranchero-en-Carolina-del-Norte\"},{\"@type\":\"BreadcrumbList\",\"@id\":\"https:\\\/\\\/accesolatino.org\\\/hispano-pasa-de-ser-trabajador-del-campo-a-ranchero-en-carolina-del-norte\\\/orgullo-latino\\\/#breadcrumb\",\"itemListElement\":[{\"@type\":\"ListItem\",\"position\":1,\"name\":\"Portada\",\"item\":\"https:\\\/\\\/accesolatino.org\\\/\"},{\"@type\":\"ListItem\",\"position\":2,\"name\":\"Orgullo Latino\",\"item\":\"https:\\\/\\\/accesolatino.org\\\/category\\\/orgullo-latino\\\/\"},{\"@type\":\"ListItem\",\"position\":3,\"name\":\"Hispano pasa de ser trabajador del campo a ranchero en Carolina del Norte\"}]},{\"@type\":\"WebSite\",\"@id\":\"https:\\\/\\\/accesolatino.org\\\/#website\",\"url\":\"https:\\\/\\\/accesolatino.org\\\/\",\"name\":\"Acceso Latino | Fundaci\u00f3n Carlos Slim\",\"description\":\"Fundaci\u00f3n Carlos Slim\",\"publisher\":{\"@id\":\"https:\\\/\\\/accesolatino.org\\\/#organization\"},\"potentialAction\":[{\"@type\":\"SearchAction\",\"target\":{\"@type\":\"EntryPoint\",\"urlTemplate\":\"https:\\\/\\\/accesolatino.org\\\/?s={search_term_string}\"},\"query-input\":{\"@type\":\"PropertyValueSpecification\",\"valueRequired\":true,\"valueName\":\"search_term_string\"}}],\"inLanguage\":\"en-US\"},{\"@type\":\"Organization\",\"@id\":\"https:\\\/\\\/accesolatino.org\\\/#organization\",\"name\":\"Acceso Latino | Fundaci\u00f3n Carlos Slim\",\"url\":\"https:\\\/\\\/accesolatino.org\\\/\",\"logo\":{\"@type\":\"ImageObject\",\"inLanguage\":\"en-US\",\"@id\":\"https:\\\/\\\/accesolatino.org\\\/#\\\/schema\\\/logo\\\/image\\\/\",\"url\":\"https:\\\/\\\/accesolatino.org\\\/wp-content\\\/uploads\\\/2021\\\/02\\\/logo-footer-acceso-latino.png\",\"contentUrl\":\"https:\\\/\\\/accesolatino.org\\\/wp-content\\\/uploads\\\/2021\\\/02\\\/logo-footer-acceso-latino.png\",\"width\":240,\"height\":40,\"caption\":\"Acceso Latino | Fundaci\u00f3n Carlos Slim\"},\"image\":{\"@id\":\"https:\\\/\\\/accesolatino.org\\\/#\\\/schema\\\/logo\\\/image\\\/\"},\"sameAs\":[\"https:\\\/\\\/www.facebook.com\\\/AccesoLatinoOrg\",\"https:\\\/\\\/x.com\\\/FAccLatino\"]},{\"@type\":\"Person\",\"@id\":\"https:\\\/\\\/accesolatino.org\\\/#\\\/schema\\\/person\\\/57bc3bfd2c357610a5255490ca4cd305\",\"name\":\"Noticias\"}]}<\/script>\n<!-- \/ Yoast SEO plugin. -->","yoast_head_json":{"title":"Hispano pasa de ser trabajador del campo a ranchero en...","description":"Hispano pasa de ser trabajador del campo a ranchero en Carolina del Norte","robots":{"index":"index","follow":"follow","max-snippet":"max-snippet:-1","max-image-preview":"max-image-preview:large","max-video-preview":"max-video-preview:-1"},"canonical":"https:\/\/accesolatino.org\/en\/hispano-pasa-de-ser-trabajador-del-campo-a-ranchero-en-carolina-del-norte\/orgullo-latino\/","og_locale":"en_US","og_type":"article","og_title":"Hispano pasa de ser trabajador del campo a ranchero en...","og_description":"Hispano pasa de ser trabajador del campo a ranchero en Carolina del Norte","og_url":"https:\/\/accesolatino.org\/en\/hispano-pasa-de-ser-trabajador-del-campo-a-ranchero-en-carolina-del-norte\/orgullo-latino\/","og_site_name":"Acceso Latino","article_publisher":"https:\/\/www.facebook.com\/AccesoLatinoOrg","article_published_time":"2016-12-27T07:35:40+00:00","article_modified_time":"2025-10-28T18:07:19+00:00","og_image":[{"width":600,"height":392,"url":"https:\/\/accesolatino.org\/wp-content\/uploads\/2016\/12\/Hispano-pasa-de-ser-trabajador-del-campo-a-ranchero-en-Carolina-del-Norte.jpg","type":"image\/jpeg"}],"author":"Noticias","twitter_card":"summary_large_image","twitter_creator":"@FAccLatino","twitter_site":"@FAccLatino","twitter_misc":{"Written by":"Noticias","Est. reading time":"4 minutes"},"schema":{"@context":"https:\/\/schema.org","@graph":[{"@type":"Article","@id":"https:\/\/accesolatino.org\/hispano-pasa-de-ser-trabajador-del-campo-a-ranchero-en-carolina-del-norte\/orgullo-latino\/#article","isPartOf":{"@id":"https:\/\/accesolatino.org\/hispano-pasa-de-ser-trabajador-del-campo-a-ranchero-en-carolina-del-norte\/orgullo-latino\/"},"author":{"name":"Noticias","@id":"https:\/\/accesolatino.org\/#\/schema\/person\/57bc3bfd2c357610a5255490ca4cd305"},"headline":"Hispano pasa de ser trabajador del campo a ranchero en Carolina del Norte","datePublished":"2016-12-27T07:35:40+00:00","dateModified":"2025-10-28T18:07:19+00:00","mainEntityOfPage":{"@id":"https:\/\/accesolatino.org\/hispano-pasa-de-ser-trabajador-del-campo-a-ranchero-en-carolina-del-norte\/orgullo-latino\/"},"wordCount":761,"commentCount":0,"publisher":{"@id":"https:\/\/accesolatino.org\/#organization"},"image":{"@id":"https:\/\/accesolatino.org\/hispano-pasa-de-ser-trabajador-del-campo-a-ranchero-en-carolina-del-norte\/orgullo-latino\/#primaryimage"},"thumbnailUrl":"https:\/\/accesolatino.org\/wp-content\/uploads\/2016\/12\/Hispano-pasa-de-ser-trabajador-del-campo-a-ranchero-en-Carolina-del-Norte.jpg","articleSection":["Orgullo Latino"],"inLanguage":"en-US","potentialAction":[{"@type":"CommentAction","name":"Comment","target":["https:\/\/accesolatino.org\/hispano-pasa-de-ser-trabajador-del-campo-a-ranchero-en-carolina-del-norte\/orgullo-latino\/#respond"]}]},{"@type":"WebPage","@id":"https:\/\/accesolatino.org\/hispano-pasa-de-ser-trabajador-del-campo-a-ranchero-en-carolina-del-norte\/orgullo-latino\/","url":"https:\/\/accesolatino.org\/hispano-pasa-de-ser-trabajador-del-campo-a-ranchero-en-carolina-del-norte\/orgullo-latino\/","name":"Hispano pasa de ser trabajador del campo a ranchero en...","isPartOf":{"@id":"https:\/\/accesolatino.org\/#website"},"primaryImageOfPage":{"@id":"https:\/\/accesolatino.org\/hispano-pasa-de-ser-trabajador-del-campo-a-ranchero-en-carolina-del-norte\/orgullo-latino\/#primaryimage"},"image":{"@id":"https:\/\/accesolatino.org\/hispano-pasa-de-ser-trabajador-del-campo-a-ranchero-en-carolina-del-norte\/orgullo-latino\/#primaryimage"},"thumbnailUrl":"https:\/\/accesolatino.org\/wp-content\/uploads\/2016\/12\/Hispano-pasa-de-ser-trabajador-del-campo-a-ranchero-en-Carolina-del-Norte.jpg","datePublished":"2016-12-27T07:35:40+00:00","dateModified":"2025-10-28T18:07:19+00:00","description":"Hispano pasa de ser trabajador del campo a ranchero en Carolina del Norte","breadcrumb":{"@id":"https:\/\/accesolatino.org\/hispano-pasa-de-ser-trabajador-del-campo-a-ranchero-en-carolina-del-norte\/orgullo-latino\/#breadcrumb"},"inLanguage":"en-US","potentialAction":[{"@type":"ReadAction","target":["https:\/\/accesolatino.org\/hispano-pasa-de-ser-trabajador-del-campo-a-ranchero-en-carolina-del-norte\/orgullo-latino\/"]}]},{"@type":"ImageObject","inLanguage":"en-US","@id":"https:\/\/accesolatino.org\/hispano-pasa-de-ser-trabajador-del-campo-a-ranchero-en-carolina-del-norte\/orgullo-latino\/#primaryimage","url":"https:\/\/accesolatino.org\/wp-content\/uploads\/2016\/12\/Hispano-pasa-de-ser-trabajador-del-campo-a-ranchero-en-Carolina-del-Norte.jpg","contentUrl":"https:\/\/accesolatino.org\/wp-content\/uploads\/2016\/12\/Hispano-pasa-de-ser-trabajador-del-campo-a-ranchero-en-Carolina-del-Norte.jpg","width":"600","height":"392","caption":"Hispano-pasa-de-ser-trabajador-del-campo-a-ranchero-en-Carolina-del-Norte"},{"@type":"BreadcrumbList","@id":"https:\/\/accesolatino.org\/hispano-pasa-de-ser-trabajador-del-campo-a-ranchero-en-carolina-del-norte\/orgullo-latino\/#breadcrumb","itemListElement":[{"@type":"ListItem","position":1,"name":"Portada","item":"https:\/\/accesolatino.org\/"},{"@type":"ListItem","position":2,"name":"Orgullo Latino","item":"https:\/\/accesolatino.org\/category\/orgullo-latino\/"},{"@type":"ListItem","position":3,"name":"Hispano pasa de ser trabajador del campo a ranchero en Carolina del Norte"}]},{"@type":"WebSite","@id":"https:\/\/accesolatino.org\/#website","url":"https:\/\/accesolatino.org\/","name":"Acceso Latino | Fundaci\u00f3n Carlos Slim","description":"Fundaci\u00f3n Carlos Slim","publisher":{"@id":"https:\/\/accesolatino.org\/#organization"},"potentialAction":[{"@type":"SearchAction","target":{"@type":"EntryPoint","urlTemplate":"https:\/\/accesolatino.org\/?s={search_term_string}"},"query-input":{"@type":"PropertyValueSpecification","valueRequired":true,"valueName":"search_term_string"}}],"inLanguage":"en-US"},{"@type":"Organization","@id":"https:\/\/accesolatino.org\/#organization","name":"Acceso Latino | Fundaci\u00f3n Carlos Slim","url":"https:\/\/accesolatino.org\/","logo":{"@type":"ImageObject","inLanguage":"en-US","@id":"https:\/\/accesolatino.org\/#\/schema\/logo\/image\/","url":"https:\/\/accesolatino.org\/wp-content\/uploads\/2021\/02\/logo-footer-acceso-latino.png","contentUrl":"https:\/\/accesolatino.org\/wp-content\/uploads\/2021\/02\/logo-footer-acceso-latino.png","width":240,"height":40,"caption":"Acceso Latino | Fundaci\u00f3n Carlos Slim"},"image":{"@id":"https:\/\/accesolatino.org\/#\/schema\/logo\/image\/"},"sameAs":["https:\/\/www.facebook.com\/AccesoLatinoOrg","https:\/\/x.com\/FAccLatino"]},{"@type":"Person","@id":"https:\/\/accesolatino.org\/#\/schema\/person\/57bc3bfd2c357610a5255490ca4cd305","name":"News"}]}},"_links":{"self":[{"href":"https:\/\/accesolatino.org\/en\/wp-json\/wp\/v2\/posts\/6736","targetHints":{"allow":["GET"]}}],"collection":[{"href":"https:\/\/accesolatino.org\/en\/wp-json\/wp\/v2\/posts"}],"about":[{"href":"https:\/\/accesolatino.org\/en\/wp-json\/wp\/v2\/types\/post"}],"author":[{"embeddable":true,"href":"https:\/\/accesolatino.org\/en\/wp-json\/wp\/v2\/users\/13"}],"replies":[{"embeddable":true,"href":"https:\/\/accesolatino.org\/en\/wp-json\/wp\/v2\/comments?post=6736"}],"version-history":[{"count":1,"href":"https:\/\/accesolatino.org\/en\/wp-json\/wp\/v2\/posts\/6736\/revisions"}],"predecessor-version":[{"id":67454,"href":"https:\/\/accesolatino.org\/en\/wp-json\/wp\/v2\/posts\/6736\/revisions\/67454"}],"wp:featuredmedia":[{"embeddable":true,"href":"https:\/\/accesolatino.org\/en\/wp-json\/wp\/v2\/media\/8227"}],"wp:attachment":[{"href":"https:\/\/accesolatino.org\/en\/wp-json\/wp\/v2\/media?parent=6736"}],"wp:term":[{"taxonomy":"category","embeddable":true,"href":"https:\/\/accesolatino.org\/en\/wp-json\/wp\/v2\/categories?post=6736"},{"taxonomy":"post_tag","embeddable":true,"href":"https:\/\/accesolatino.org\/en\/wp-json\/wp\/v2\/tags?post=6736"}],"curies":[{"name":"wp","href":"https:\/\/api.w.org\/{rel}","templated":true}]}}