{"id":6733,"date":"2016-12-26T10:33:07","date_gmt":"2016-12-26T16:33:07","guid":{"rendered":"https:\/\/accesolatino.org\/?p=6733"},"modified":"2025-10-28T12:10:32","modified_gmt":"2025-10-28T18:10:32","slug":"el-primer-abogado-indocumentado","status":"publish","type":"post","link":"https:\/\/accesolatino.org\/en\/el-primer-abogado-indocumentado\/orgullo-latino\/","title":{"rendered":"El primer abogado indocumentado"},"content":{"rendered":"<p>A seis a\u00f1os de obtener su licencia como abogado y un pleito judicial de casi cuatro a\u00f1os por el derecho a ejercer su profesi\u00f3n, en febrero pasado C\u00e9sar Vargas se convirti\u00f3 en el primer abogado indocumentado de Nueva York. El tambi\u00e9n activista, originario de Puebla, se gradu\u00f3 con honores de la escuela de leyes de la Universidad de la Ciudad de Nueva York.<\/p>\n<p>&nbsp;<\/p>\n<p>Hoy d\u00eda, C\u00e9sar es consciente de la preocupaci\u00f3n que existe entre los migrantes sin papeles, en particular la comunidad mexicana. En entrevista, explica que \u201cmuchos j\u00f3venes est\u00e1n tratando de renovar su DACA (Acci\u00f3n Diferida para los Llegados en la Infancia) antes de que de Donald Trump tome posesi\u00f3n del cargo.<\/p>\n<p>\u201cTambi\u00e9n tengo el caso de familias indocumentadas con hijos ciudadanos en las fuerzas armadas y otros casos donde est\u00e1n en proceso de asilo y necesitan aplicarse para cancelar sus deportaciones. Son diferentes casos pero s\u00ed representan a la comunidad mexicana que, muchos de ellos, est\u00e1n preocupados, tienen miedo, y quieren hablar con cualquier experto legal para entender su caso y para ver si hay alivios en el sistema\u201d, detalla el joven poblano.<\/p>\n<p>&#8211; \u00bfQu\u00e9 significa para ti recibir estos casos? &#8211; Es la raz\u00f3n por la que soy abogado, la raz\u00f3n por la que estudi\u00e9 para representar y luchar por mi comunicad. En la mayor\u00eda de los casos no cobro, es gratuito. Lo m\u00e1s importante no es el dinero sino ayudarles. La prioridad es que nuestra comunidad tenga acceso a consejo legal, es lo que mi mam\u00e1 me ense\u00f1\u00f3, a no dar la espalda a la comunidad.<\/p>\n<p>Respecto al plan de deportaciones prometido por el presidente electo de Estados Unidos, Donald Trump, C\u00e9sar comenta que \u201cvamos a darle la oportunidad de que gobierne pero igualmente tenemos que jugar una estrategia defensiva\u201d.<\/p>\n<p>Sobre su \u00faltimo d\u00eda en M\u00e9xico, recuerda que su madre lo llev\u00f3 junto con sus hermanos a la catedral poblana.<\/p>\n<p>\u201cFue un gran impacto en mi vida. Estaba en la escuela, mi maestra me dijo que mi mam\u00e1 hab\u00eda ido a recogerme. En lugar de ir a casa nos fuimos a la catedral de Puebla y mi mam\u00e1 fue directamente al altar, se hinc\u00f3 y empez\u00f3 a rezar. Tengo una foto de ese d\u00eda y representa el sacrificio de mi mam\u00e1\u201d.<\/p>\n<p>Vargas recuerda que \u201cal cruzar la frontera est\u00e1bamos chicos, \u00e9ramos los cuatro peque\u00f1os de la foto, mi mam\u00e1 y el coyote. Para m\u00ed siempre fue una aventura, ten\u00eda cinco a\u00f1os, nunca tuve miedo, Siempre estuve tranquilo porque mi mam\u00e1 estaba conmigo. Entend\u00eda que \u00edbamos a empezar una vida nueva\u201d.<\/p>\n<p>Este joven abogado trabaj\u00f3 en la campa\u00f1a del aspirante presidencial dem\u00f3crata Bernie Sanders como estratega nacional de asuntos latinos.<\/p>\n<p>\u201cSiempre voy amar la cultura mexicana, me siento mexicano y Estados Unidos es mi hogar pero en este momento de nuestra historia, la realidad es que tenemos que construir puentes entre los dos pa\u00edses para asegurar que todos tengan la oportunidad de una vida mejor, no importa si son mexicanos, rusos, o lo que sea. Si mi mam\u00e1 tuvo que huir de su pa\u00eds para buscar nuevas oportunidades, espero que mi trabajo sirva para que otras personas no tengan que pasar por esto\u201d.<\/p>\n<p>Fuente: <em>EL UNIVERSAL.<\/em><\/p>","protected":false},"excerpt":{"rendered":"<p>A seis a\u00f1os de obtener su licencia como abogado y un pleito judicial de casi cuatro a\u00f1os por el derecho a ejercer su profesi\u00f3n, en febrero pasado C\u00e9sar Vargas se convirti\u00f3 en el primer abogado indocumentado de Nueva York. El tambi\u00e9n activista, originario de Puebla, se gradu\u00f3 con honores de la escuela de leyes de la Universidad de la Ciudad de Nueva York. &nbsp; Hoy d\u00eda, C\u00e9sar es consciente de la preocupaci\u00f3n que existe entre los migrantes sin papeles, en particular la comunidad mexicana. En entrevista, explica que \u201cmuchos j\u00f3venes est\u00e1n tratando de renovar su DACA (Acci\u00f3n Diferida para los Llegados en la Infancia) antes de que de Donald Trump tome posesi\u00f3n del cargo. \u201cTambi\u00e9n tengo el caso de familias indocumentadas con hijos ciudadanos en las fuerzas armadas y otros casos donde est\u00e1n en proceso de asilo y necesitan aplicarse para cancelar sus deportaciones. Son diferentes casos pero s\u00ed representan a la comunidad mexicana que, muchos de ellos, est\u00e1n preocupados, tienen miedo, y quieren hablar con cualquier experto legal para entender su caso y para ver si hay alivios en el sistema\u201d, detalla el joven poblano. &#8211; \u00bfQu\u00e9 significa para ti recibir estos casos? &#8211; Es la raz\u00f3n por la que soy abogado, la raz\u00f3n por la que estudi\u00e9 para representar y luchar por mi comunicad. En la mayor\u00eda de los casos no cobro, es gratuito. Lo m\u00e1s importante no es el dinero sino ayudarles. La prioridad es que nuestra comunidad tenga acceso a consejo legal, es lo que mi mam\u00e1 me ense\u00f1\u00f3, a no dar la espalda a la comunidad. Respecto al plan de deportaciones prometido por el presidente electo de Estados Unidos, Donald Trump, C\u00e9sar comenta que \u201cvamos a darle la oportunidad de que gobierne pero igualmente tenemos que jugar una estrategia defensiva\u201d. Sobre su \u00faltimo d\u00eda en M\u00e9xico, recuerda que su madre lo llev\u00f3 junto con sus hermanos a la catedral poblana. \u201cFue un gran impacto en mi vida. Estaba en la escuela, mi maestra me dijo que mi mam\u00e1 hab\u00eda ido a recogerme. En lugar de ir a casa nos fuimos a la catedral de Puebla y mi mam\u00e1 fue directamente al altar, se hinc\u00f3 y empez\u00f3 a rezar. Tengo una foto de ese d\u00eda y representa el sacrificio de mi mam\u00e1\u201d. Vargas recuerda que \u201cal cruzar la frontera est\u00e1bamos chicos, \u00e9ramos los cuatro peque\u00f1os de la foto, mi mam\u00e1 y el coyote. Para m\u00ed siempre fue una aventura, ten\u00eda cinco a\u00f1os, nunca tuve miedo, Siempre estuve tranquilo porque mi mam\u00e1 estaba conmigo. Entend\u00eda que \u00edbamos a empezar una vida nueva\u201d. Este joven abogado trabaj\u00f3 en la campa\u00f1a del aspirante presidencial dem\u00f3crata Bernie Sanders como estratega nacional de asuntos latinos. \u201cSiempre voy amar la cultura mexicana, me siento mexicano y Estados Unidos es mi hogar pero en este momento de nuestra historia, la realidad es que tenemos que construir puentes entre los dos pa\u00edses para asegurar que todos tengan la oportunidad de una vida mejor, no importa si son mexicanos, rusos, o lo que sea. Si mi mam\u00e1 tuvo que huir de su pa\u00eds para buscar nuevas oportunidades, espero que mi trabajo sirva para que otras personas no tengan que pasar por esto\u201d. Fuente: EL UNIVERSAL.<\/p>","protected":false},"author":1,"featured_media":8226,"comment_status":"open","ping_status":"open","sticky":false,"template":"","format":"standard","meta":{"_uf_show_specific_survey":0,"_uf_disable_surveys":false,"footnotes":""},"categories":[9],"tags":[],"class_list":["post-6733","post","type-post","status-publish","format-standard","has-post-thumbnail","hentry","category-orgullo-latino"],"aioseo_notices":[],"yoast_head":"<!-- This site is optimized with the Yoast SEO plugin v27.5 - https:\/\/yoast.com\/product\/yoast-seo-wordpress\/ -->\n<title>El primer abogado indocumentado<\/title>\n<meta name=\"description\" content=\"El primer abogado indocumentado\" \/>\n<meta name=\"robots\" content=\"index, follow, max-snippet:-1, max-image-preview:large, max-video-preview:-1\" \/>\n<link rel=\"canonical\" href=\"https:\/\/accesolatino.org\/en\/el-primer-abogado-indocumentado\/orgullo-latino\/\" \/>\n<meta property=\"og:locale\" content=\"en_US\" \/>\n<meta property=\"og:type\" content=\"article\" \/>\n<meta property=\"og:title\" content=\"El primer abogado indocumentado\" \/>\n<meta property=\"og:description\" content=\"El primer abogado indocumentado\" \/>\n<meta property=\"og:url\" content=\"https:\/\/accesolatino.org\/en\/el-primer-abogado-indocumentado\/orgullo-latino\/\" \/>\n<meta property=\"og:site_name\" content=\"Acceso Latino\" \/>\n<meta property=\"article:publisher\" content=\"https:\/\/www.facebook.com\/AccesoLatinoOrg\" \/>\n<meta property=\"article:published_time\" content=\"2016-12-26T16:33:07+00:00\" \/>\n<meta property=\"article:modified_time\" content=\"2025-10-28T18:10:32+00:00\" \/>\n<meta property=\"og:image\" content=\"https:\/\/accesolatino.org\/wp-content\/uploads\/2016\/12\/El-primer-abogado-indocumentado.jpg\" \/>\n\t<meta property=\"og:image:width\" content=\"600\" \/>\n\t<meta property=\"og:image:height\" content=\"338\" \/>\n\t<meta property=\"og:image:type\" content=\"image\/jpeg\" \/>\n<meta name=\"author\" content=\"admin\" \/>\n<meta name=\"twitter:card\" content=\"summary_large_image\" \/>\n<meta name=\"twitter:creator\" content=\"@FAccLatino\" \/>\n<meta name=\"twitter:site\" content=\"@FAccLatino\" \/>\n<meta name=\"twitter:label1\" content=\"Written by\" \/>\n\t<meta name=\"twitter:data1\" content=\"admin\" \/>\n\t<meta name=\"twitter:label2\" content=\"Est. reading time\" \/>\n\t<meta name=\"twitter:data2\" content=\"3 minutes\" \/>\n<script type=\"application\/ld+json\" class=\"yoast-schema-graph\">{\"@context\":\"https:\\\/\\\/schema.org\",\"@graph\":[{\"@type\":\"Article\",\"@id\":\"https:\\\/\\\/accesolatino.org\\\/el-primer-abogado-indocumentado\\\/orgullo-latino\\\/#article\",\"isPartOf\":{\"@id\":\"https:\\\/\\\/accesolatino.org\\\/el-primer-abogado-indocumentado\\\/orgullo-latino\\\/\"},\"author\":{\"name\":\"admin\",\"@id\":\"https:\\\/\\\/accesolatino.org\\\/#\\\/schema\\\/person\\\/10763acf0565833da11d915ac8549efd\"},\"headline\":\"El primer abogado indocumentado\",\"datePublished\":\"2016-12-26T16:33:07+00:00\",\"dateModified\":\"2025-10-28T18:10:32+00:00\",\"mainEntityOfPage\":{\"@id\":\"https:\\\/\\\/accesolatino.org\\\/el-primer-abogado-indocumentado\\\/orgullo-latino\\\/\"},\"wordCount\":567,\"commentCount\":0,\"publisher\":{\"@id\":\"https:\\\/\\\/accesolatino.org\\\/#organization\"},\"image\":{\"@id\":\"https:\\\/\\\/accesolatino.org\\\/el-primer-abogado-indocumentado\\\/orgullo-latino\\\/#primaryimage\"},\"thumbnailUrl\":\"https:\\\/\\\/accesolatino.org\\\/wp-content\\\/uploads\\\/2016\\\/12\\\/El-primer-abogado-indocumentado.jpg\",\"articleSection\":[\"Orgullo Latino\"],\"inLanguage\":\"en-US\",\"potentialAction\":[{\"@type\":\"CommentAction\",\"name\":\"Comment\",\"target\":[\"https:\\\/\\\/accesolatino.org\\\/el-primer-abogado-indocumentado\\\/orgullo-latino\\\/#respond\"]}]},{\"@type\":\"WebPage\",\"@id\":\"https:\\\/\\\/accesolatino.org\\\/el-primer-abogado-indocumentado\\\/orgullo-latino\\\/\",\"url\":\"https:\\\/\\\/accesolatino.org\\\/el-primer-abogado-indocumentado\\\/orgullo-latino\\\/\",\"name\":\"El primer abogado indocumentado\",\"isPartOf\":{\"@id\":\"https:\\\/\\\/accesolatino.org\\\/#website\"},\"primaryImageOfPage\":{\"@id\":\"https:\\\/\\\/accesolatino.org\\\/el-primer-abogado-indocumentado\\\/orgullo-latino\\\/#primaryimage\"},\"image\":{\"@id\":\"https:\\\/\\\/accesolatino.org\\\/el-primer-abogado-indocumentado\\\/orgullo-latino\\\/#primaryimage\"},\"thumbnailUrl\":\"https:\\\/\\\/accesolatino.org\\\/wp-content\\\/uploads\\\/2016\\\/12\\\/El-primer-abogado-indocumentado.jpg\",\"datePublished\":\"2016-12-26T16:33:07+00:00\",\"dateModified\":\"2025-10-28T18:10:32+00:00\",\"description\":\"El primer abogado indocumentado\",\"breadcrumb\":{\"@id\":\"https:\\\/\\\/accesolatino.org\\\/el-primer-abogado-indocumentado\\\/orgullo-latino\\\/#breadcrumb\"},\"inLanguage\":\"en-US\",\"potentialAction\":[{\"@type\":\"ReadAction\",\"target\":[\"https:\\\/\\\/accesolatino.org\\\/el-primer-abogado-indocumentado\\\/orgullo-latino\\\/\"]}]},{\"@type\":\"ImageObject\",\"inLanguage\":\"en-US\",\"@id\":\"https:\\\/\\\/accesolatino.org\\\/el-primer-abogado-indocumentado\\\/orgullo-latino\\\/#primaryimage\",\"url\":\"https:\\\/\\\/accesolatino.org\\\/wp-content\\\/uploads\\\/2016\\\/12\\\/El-primer-abogado-indocumentado.jpg\",\"contentUrl\":\"https:\\\/\\\/accesolatino.org\\\/wp-content\\\/uploads\\\/2016\\\/12\\\/El-primer-abogado-indocumentado.jpg\",\"width\":\"600\",\"height\":\"338\",\"caption\":\"El-primer-abogado-indocumentado\"},{\"@type\":\"BreadcrumbList\",\"@id\":\"https:\\\/\\\/accesolatino.org\\\/el-primer-abogado-indocumentado\\\/orgullo-latino\\\/#breadcrumb\",\"itemListElement\":[{\"@type\":\"ListItem\",\"position\":1,\"name\":\"Portada\",\"item\":\"https:\\\/\\\/accesolatino.org\\\/\"},{\"@type\":\"ListItem\",\"position\":2,\"name\":\"Orgullo Latino\",\"item\":\"https:\\\/\\\/accesolatino.org\\\/category\\\/orgullo-latino\\\/\"},{\"@type\":\"ListItem\",\"position\":3,\"name\":\"El primer abogado indocumentado\"}]},{\"@type\":\"WebSite\",\"@id\":\"https:\\\/\\\/accesolatino.org\\\/#website\",\"url\":\"https:\\\/\\\/accesolatino.org\\\/\",\"name\":\"Acceso Latino | Fundaci\u00f3n Carlos Slim\",\"description\":\"Fundaci\u00f3n Carlos Slim\",\"publisher\":{\"@id\":\"https:\\\/\\\/accesolatino.org\\\/#organization\"},\"potentialAction\":[{\"@type\":\"SearchAction\",\"target\":{\"@type\":\"EntryPoint\",\"urlTemplate\":\"https:\\\/\\\/accesolatino.org\\\/?s={search_term_string}\"},\"query-input\":{\"@type\":\"PropertyValueSpecification\",\"valueRequired\":true,\"valueName\":\"search_term_string\"}}],\"inLanguage\":\"en-US\"},{\"@type\":\"Organization\",\"@id\":\"https:\\\/\\\/accesolatino.org\\\/#organization\",\"name\":\"Acceso Latino | Fundaci\u00f3n Carlos Slim\",\"url\":\"https:\\\/\\\/accesolatino.org\\\/\",\"logo\":{\"@type\":\"ImageObject\",\"inLanguage\":\"en-US\",\"@id\":\"https:\\\/\\\/accesolatino.org\\\/#\\\/schema\\\/logo\\\/image\\\/\",\"url\":\"https:\\\/\\\/accesolatino.org\\\/wp-content\\\/uploads\\\/2021\\\/02\\\/logo-footer-acceso-latino.png\",\"contentUrl\":\"https:\\\/\\\/accesolatino.org\\\/wp-content\\\/uploads\\\/2021\\\/02\\\/logo-footer-acceso-latino.png\",\"width\":240,\"height\":40,\"caption\":\"Acceso Latino | Fundaci\u00f3n Carlos Slim\"},\"image\":{\"@id\":\"https:\\\/\\\/accesolatino.org\\\/#\\\/schema\\\/logo\\\/image\\\/\"},\"sameAs\":[\"https:\\\/\\\/www.facebook.com\\\/AccesoLatinoOrg\",\"https:\\\/\\\/x.com\\\/FAccLatino\"]},{\"@type\":\"Person\",\"@id\":\"https:\\\/\\\/accesolatino.org\\\/#\\\/schema\\\/person\\\/10763acf0565833da11d915ac8549efd\",\"name\":\"admin\"}]}<\/script>\n<!-- \/ Yoast SEO plugin. -->","yoast_head_json":{"title":"El primer abogado indocumentado","description":"El primer abogado indocumentado","robots":{"index":"index","follow":"follow","max-snippet":"max-snippet:-1","max-image-preview":"max-image-preview:large","max-video-preview":"max-video-preview:-1"},"canonical":"https:\/\/accesolatino.org\/en\/el-primer-abogado-indocumentado\/orgullo-latino\/","og_locale":"en_US","og_type":"article","og_title":"El primer abogado indocumentado","og_description":"El primer abogado indocumentado","og_url":"https:\/\/accesolatino.org\/en\/el-primer-abogado-indocumentado\/orgullo-latino\/","og_site_name":"Acceso Latino","article_publisher":"https:\/\/www.facebook.com\/AccesoLatinoOrg","article_published_time":"2016-12-26T16:33:07+00:00","article_modified_time":"2025-10-28T18:10:32+00:00","og_image":[{"width":600,"height":338,"url":"https:\/\/accesolatino.org\/wp-content\/uploads\/2016\/12\/El-primer-abogado-indocumentado.jpg","type":"image\/jpeg"}],"author":"admin","twitter_card":"summary_large_image","twitter_creator":"@FAccLatino","twitter_site":"@FAccLatino","twitter_misc":{"Written by":"admin","Est. reading time":"3 minutes"},"schema":{"@context":"https:\/\/schema.org","@graph":[{"@type":"Article","@id":"https:\/\/accesolatino.org\/el-primer-abogado-indocumentado\/orgullo-latino\/#article","isPartOf":{"@id":"https:\/\/accesolatino.org\/el-primer-abogado-indocumentado\/orgullo-latino\/"},"author":{"name":"admin","@id":"https:\/\/accesolatino.org\/#\/schema\/person\/10763acf0565833da11d915ac8549efd"},"headline":"El primer abogado indocumentado","datePublished":"2016-12-26T16:33:07+00:00","dateModified":"2025-10-28T18:10:32+00:00","mainEntityOfPage":{"@id":"https:\/\/accesolatino.org\/el-primer-abogado-indocumentado\/orgullo-latino\/"},"wordCount":567,"commentCount":0,"publisher":{"@id":"https:\/\/accesolatino.org\/#organization"},"image":{"@id":"https:\/\/accesolatino.org\/el-primer-abogado-indocumentado\/orgullo-latino\/#primaryimage"},"thumbnailUrl":"https:\/\/accesolatino.org\/wp-content\/uploads\/2016\/12\/El-primer-abogado-indocumentado.jpg","articleSection":["Orgullo Latino"],"inLanguage":"en-US","potentialAction":[{"@type":"CommentAction","name":"Comment","target":["https:\/\/accesolatino.org\/el-primer-abogado-indocumentado\/orgullo-latino\/#respond"]}]},{"@type":"WebPage","@id":"https:\/\/accesolatino.org\/el-primer-abogado-indocumentado\/orgullo-latino\/","url":"https:\/\/accesolatino.org\/el-primer-abogado-indocumentado\/orgullo-latino\/","name":"El primer abogado indocumentado","isPartOf":{"@id":"https:\/\/accesolatino.org\/#website"},"primaryImageOfPage":{"@id":"https:\/\/accesolatino.org\/el-primer-abogado-indocumentado\/orgullo-latino\/#primaryimage"},"image":{"@id":"https:\/\/accesolatino.org\/el-primer-abogado-indocumentado\/orgullo-latino\/#primaryimage"},"thumbnailUrl":"https:\/\/accesolatino.org\/wp-content\/uploads\/2016\/12\/El-primer-abogado-indocumentado.jpg","datePublished":"2016-12-26T16:33:07+00:00","dateModified":"2025-10-28T18:10:32+00:00","description":"El primer abogado indocumentado","breadcrumb":{"@id":"https:\/\/accesolatino.org\/el-primer-abogado-indocumentado\/orgullo-latino\/#breadcrumb"},"inLanguage":"en-US","potentialAction":[{"@type":"ReadAction","target":["https:\/\/accesolatino.org\/el-primer-abogado-indocumentado\/orgullo-latino\/"]}]},{"@type":"ImageObject","inLanguage":"en-US","@id":"https:\/\/accesolatino.org\/el-primer-abogado-indocumentado\/orgullo-latino\/#primaryimage","url":"https:\/\/accesolatino.org\/wp-content\/uploads\/2016\/12\/El-primer-abogado-indocumentado.jpg","contentUrl":"https:\/\/accesolatino.org\/wp-content\/uploads\/2016\/12\/El-primer-abogado-indocumentado.jpg","width":"600","height":"338","caption":"El-primer-abogado-indocumentado"},{"@type":"BreadcrumbList","@id":"https:\/\/accesolatino.org\/el-primer-abogado-indocumentado\/orgullo-latino\/#breadcrumb","itemListElement":[{"@type":"ListItem","position":1,"name":"Portada","item":"https:\/\/accesolatino.org\/"},{"@type":"ListItem","position":2,"name":"Orgullo Latino","item":"https:\/\/accesolatino.org\/category\/orgullo-latino\/"},{"@type":"ListItem","position":3,"name":"El primer abogado indocumentado"}]},{"@type":"WebSite","@id":"https:\/\/accesolatino.org\/#website","url":"https:\/\/accesolatino.org\/","name":"Acceso Latino | Fundaci\u00f3n Carlos Slim","description":"Fundaci\u00f3n Carlos Slim","publisher":{"@id":"https:\/\/accesolatino.org\/#organization"},"potentialAction":[{"@type":"SearchAction","target":{"@type":"EntryPoint","urlTemplate":"https:\/\/accesolatino.org\/?s={search_term_string}"},"query-input":{"@type":"PropertyValueSpecification","valueRequired":true,"valueName":"search_term_string"}}],"inLanguage":"en-US"},{"@type":"Organization","@id":"https:\/\/accesolatino.org\/#organization","name":"Acceso Latino | Fundaci\u00f3n Carlos Slim","url":"https:\/\/accesolatino.org\/","logo":{"@type":"ImageObject","inLanguage":"en-US","@id":"https:\/\/accesolatino.org\/#\/schema\/logo\/image\/","url":"https:\/\/accesolatino.org\/wp-content\/uploads\/2021\/02\/logo-footer-acceso-latino.png","contentUrl":"https:\/\/accesolatino.org\/wp-content\/uploads\/2021\/02\/logo-footer-acceso-latino.png","width":240,"height":40,"caption":"Acceso Latino | Fundaci\u00f3n Carlos Slim"},"image":{"@id":"https:\/\/accesolatino.org\/#\/schema\/logo\/image\/"},"sameAs":["https:\/\/www.facebook.com\/AccesoLatinoOrg","https:\/\/x.com\/FAccLatino"]},{"@type":"Person","@id":"https:\/\/accesolatino.org\/#\/schema\/person\/10763acf0565833da11d915ac8549efd","name":"admin"}]}},"_links":{"self":[{"href":"https:\/\/accesolatino.org\/en\/wp-json\/wp\/v2\/posts\/6733","targetHints":{"allow":["GET"]}}],"collection":[{"href":"https:\/\/accesolatino.org\/en\/wp-json\/wp\/v2\/posts"}],"about":[{"href":"https:\/\/accesolatino.org\/en\/wp-json\/wp\/v2\/types\/post"}],"author":[{"embeddable":true,"href":"https:\/\/accesolatino.org\/en\/wp-json\/wp\/v2\/users\/1"}],"replies":[{"embeddable":true,"href":"https:\/\/accesolatino.org\/en\/wp-json\/wp\/v2\/comments?post=6733"}],"version-history":[{"count":1,"href":"https:\/\/accesolatino.org\/en\/wp-json\/wp\/v2\/posts\/6733\/revisions"}],"predecessor-version":[{"id":67479,"href":"https:\/\/accesolatino.org\/en\/wp-json\/wp\/v2\/posts\/6733\/revisions\/67479"}],"wp:featuredmedia":[{"embeddable":true,"href":"https:\/\/accesolatino.org\/en\/wp-json\/wp\/v2\/media\/8226"}],"wp:attachment":[{"href":"https:\/\/accesolatino.org\/en\/wp-json\/wp\/v2\/media?parent=6733"}],"wp:term":[{"taxonomy":"category","embeddable":true,"href":"https:\/\/accesolatino.org\/en\/wp-json\/wp\/v2\/categories?post=6733"},{"taxonomy":"post_tag","embeddable":true,"href":"https:\/\/accesolatino.org\/en\/wp-json\/wp\/v2\/tags?post=6733"}],"curies":[{"name":"wp","href":"https:\/\/api.w.org\/{rel}","templated":true}]}}