{"id":55154,"date":"2024-07-12T05:56:00","date_gmt":"2024-07-12T11:56:00","guid":{"rendered":"https:\/\/accesolatino.org\/?p=55154"},"modified":"2024-07-11T18:13:57","modified_gmt":"2024-07-12T00:13:57","slug":"beca-agricola-entre-ee-uu-y-mexico-amplia-la-educacion-seguridad-y-vinculos-comerciales","status":"publish","type":"post","link":"https:\/\/accesolatino.org\/en\/beca-agricola-entre-ee-uu-y-mexico-amplia-la-educacion-seguridad-y-vinculos-comerciales\/apoyo-social\/","title":{"rendered":"Beca agr\u00edcola entre EE.UU. y M\u00e9xico amplia la educaci\u00f3n, seguridad y v\u00ednculos comerciales"},"content":{"rendered":"<div data-elementor-type=\"wp-post\" data-elementor-id=\"55154\" class=\"elementor elementor-55154\">\n\t\t\t\t\t\t<section class=\"elementor-section elementor-top-section elementor-element elementor-element-d3e842 elementor-section-boxed elementor-section-height-default elementor-section-height-default wpr-particle-no wpr-jarallax-no wpr-parallax-no wpr-sticky-section-no wpr-equal-height-no\" data-id=\"d3e842\" data-element_type=\"section\" data-e-type=\"section\">\n\t\t\t\t\t\t<div class=\"elementor-container elementor-column-gap-default\">\n\t\t\t\t\t<div class=\"elementor-column elementor-col-100 elementor-top-column elementor-element elementor-element-1dc4c6a3\" data-id=\"1dc4c6a3\" data-element_type=\"column\" data-e-type=\"column\">\n\t\t\t<div class=\"elementor-widget-wrap elementor-element-populated\">\n\t\t\t\t\t\t<div class=\"elementor-element elementor-element-3a94aff7 elementor-widget elementor-widget-heading\" data-id=\"3a94aff7\" data-element_type=\"widget\" data-e-type=\"widget\" data-widget_type=\"heading.default\">\n\t\t\t\t<div class=\"elementor-widget-container\">\n\t\t\t\t\t<h2 class=\"elementor-heading-title elementor-size-default\">Las becas agr\u00edcolas de la Misi\u00f3n Diplom\u00e1tica de EE.UU. en M\u00e9xico buscan aumentar el desarrollo de la fuerza agr\u00edcola. <\/h2>\t\t\t\t<\/div>\n\t\t\t\t<\/div>\n\t\t\t\t\t<\/div>\n\t\t<\/div>\n\t\t\t\t\t<\/div>\n\t\t<\/section>\n\t\t\t\t<section class=\"elementor-section elementor-top-section elementor-element elementor-element-1fb3af08 elementor-section-boxed elementor-section-height-default elementor-section-height-default wpr-particle-no wpr-jarallax-no wpr-parallax-no wpr-sticky-section-no wpr-equal-height-no\" data-id=\"1fb3af08\" data-element_type=\"section\" data-e-type=\"section\">\n\t\t\t\t\t\t<div class=\"elementor-container elementor-column-gap-default\">\n\t\t\t\t\t<div class=\"elementor-column elementor-col-100 elementor-top-column elementor-element elementor-element-15a9f1ea\" data-id=\"15a9f1ea\" data-element_type=\"column\" data-e-type=\"column\">\n\t\t\t<div class=\"elementor-widget-wrap elementor-element-populated\">\n\t\t\t\t\t\t<div class=\"elementor-element elementor-element-6d6a42fa elementor-widget elementor-widget-text-editor\" data-id=\"6d6a42fa\" data-element_type=\"widget\" data-e-type=\"widget\" data-widget_type=\"text-editor.default\">\n\t\t\t\t<div class=\"elementor-widget-container\">\n\t\t\t\t\t\t\t\t\t<p>El 23 de mayo seis becarios completaron el Programa Internacional de Becas de Educaci\u00f3n Agr\u00edcola (IAEFP) en el estado de Puebla en M\u00e9xico. Esta beca, es pionera en el establecimiento de programas agr\u00edcolas en escuelas de nivel medio superior para impulsar la educaci\u00f3n de l\u00edderes agr\u00edcolas en M\u00e9xico. Asimismo, el IAEFP tiene como objetivo reforzar la seguridad alimentaria, impulsar la producci\u00f3n agr\u00edcola sostenible y desarrollar de manera positiva a la juventud.<\/p>\t\t\t\t\t\t\t\t<\/div>\n\t\t\t\t<\/div>\n\t\t\t\t\t<\/div>\n\t\t<\/div>\n\t\t\t\t\t<\/div>\n\t\t<\/section>\n\t\t\t\t<section class=\"elementor-section elementor-top-section elementor-element elementor-element-3e5290e4 elementor-section-boxed elementor-section-height-default elementor-section-height-default wpr-particle-no wpr-jarallax-no wpr-parallax-no wpr-sticky-section-no wpr-equal-height-no\" data-id=\"3e5290e4\" data-element_type=\"section\" data-e-type=\"section\">\n\t\t\t\t\t\t<div class=\"elementor-container elementor-column-gap-default\">\n\t\t\t\t\t<div class=\"elementor-column elementor-col-50 elementor-top-column elementor-element elementor-element-417ed705\" data-id=\"417ed705\" data-element_type=\"column\" data-e-type=\"column\">\n\t\t\t<div class=\"elementor-widget-wrap elementor-element-populated\">\n\t\t\t\t\t\t<div class=\"elementor-element elementor-element-1967cbb8 elementor-widget elementor-widget-image\" data-id=\"1967cbb8\" data-element_type=\"widget\" data-e-type=\"widget\" data-widget_type=\"image.default\">\n\t\t\t\t<div class=\"elementor-widget-container\">\n\t\t\t\t\t\t\t\t\t\t\t\t<figure class=\"wp-caption\">\n\t\t\t\t\t\t\t\t\t\t<img fetchpriority=\"high\" decoding=\"async\" width=\"1024\" height=\"683\" src=\"https:\/\/accesolatino.org\/wp-content\/uploads\/2024\/07\/Beca-agricola-entre-EE.UU_.-y-Mexico-amplia-la-educacion-seguridad-y-vinculos-comerciales.jpg\" class=\"attachment-full size-full wp-image-55155\" alt=\"beca agr\u00edcola\" srcset=\"https:\/\/accesolatino.org\/wp-content\/uploads\/2024\/07\/Beca-agricola-entre-EE.UU_.-y-Mexico-amplia-la-educacion-seguridad-y-vinculos-comerciales.jpg 1024w, https:\/\/accesolatino.org\/wp-content\/uploads\/2024\/07\/Beca-agricola-entre-EE.UU_.-y-Mexico-amplia-la-educacion-seguridad-y-vinculos-comerciales-300x200.jpg 300w, https:\/\/accesolatino.org\/wp-content\/uploads\/2024\/07\/Beca-agricola-entre-EE.UU_.-y-Mexico-amplia-la-educacion-seguridad-y-vinculos-comerciales-768x512.jpg 768w, https:\/\/accesolatino.org\/wp-content\/uploads\/2024\/07\/Beca-agricola-entre-EE.UU_.-y-Mexico-amplia-la-educacion-seguridad-y-vinculos-comerciales-18x12.jpg 18w\" sizes=\"(max-width: 1024px) 100vw, 1024px\" \/>\t\t\t\t\t\t\t\t\t\t\t<figcaption class=\"widget-image-caption wp-caption-text\">beca agr\u00edcola<\/figcaption>\n\t\t\t\t\t\t\t\t\t\t<\/figure>\n\t\t\t\t\t\t\t\t\t<\/div>\n\t\t\t\t<\/div>\n\t\t\t\t\t<\/div>\n\t\t<\/div>\n\t\t\t\t<div class=\"elementor-column elementor-col-50 elementor-top-column elementor-element elementor-element-364a08c4\" data-id=\"364a08c4\" data-element_type=\"column\" data-e-type=\"column\">\n\t\t\t<div class=\"elementor-widget-wrap elementor-element-populated\">\n\t\t\t\t\t\t<div class=\"elementor-element elementor-element-7c292f56 elementor-widget elementor-widget-text-editor\" data-id=\"7c292f56\" data-element_type=\"widget\" data-e-type=\"widget\" data-widget_type=\"text-editor.default\">\n\t\t\t\t<div class=\"elementor-widget-container\">\n\t\t\t\t\t\t\t\t\t<p>Este programa impulsado por la Misi\u00f3n Diplom\u00e1tica de Estados Unidos en M\u00e9xico, permiti\u00f3 que los seis becarios brindaran educaci\u00f3n pr\u00e1ctica a j\u00f3venes de escuelas de nivel medio superior, actividades en el aula y actividades de extensi\u00f3n agr\u00edcola. Estas actividades funcionaron para facilitar el aprendizaje y el liderazgo en la agricultura en la comunidad.<\/p>\t\t\t\t\t\t\t\t<\/div>\n\t\t\t\t<\/div>\n\t\t\t\t\t<\/div>\n\t\t<\/div>\n\t\t\t\t\t<\/div>\n\t\t<\/section>\n\t\t\t\t<section class=\"elementor-section elementor-top-section elementor-element elementor-element-5ee284a0 elementor-section-boxed elementor-section-height-default elementor-section-height-default wpr-particle-no wpr-jarallax-no wpr-parallax-no wpr-sticky-section-no wpr-equal-height-no\" data-id=\"5ee284a0\" data-element_type=\"section\" data-e-type=\"section\">\n\t\t\t\t\t\t<div class=\"elementor-container elementor-column-gap-default\">\n\t\t\t\t\t<div class=\"elementor-column elementor-col-100 elementor-top-column elementor-element elementor-element-27dd7e6\" data-id=\"27dd7e6\" data-element_type=\"column\" data-e-type=\"column\">\n\t\t\t<div class=\"elementor-widget-wrap elementor-element-populated\">\n\t\t\t\t\t\t<div class=\"elementor-element elementor-element-3ef2eb9 elementor-widget elementor-widget-text-editor\" data-id=\"3ef2eb9\" data-element_type=\"widget\" data-e-type=\"widget\" data-widget_type=\"text-editor.default\">\n\t\t\t\t<div class=\"elementor-widget-container\">\n\t\t\t\t\t\t\t\t\t<p>Durante la estancia de los becarios tambi\u00e9n se discutieron temas sobre biocontrol, m\u00e9todos org\u00e1nicos para controlar plagas, uso de tecnolog\u00eda para probar los suelos de agricultores locales, entre otros.<\/p><p>\u201cProgramas como este son m\u00e1s importantes que nunca. Adem\u00e1s de profundizar los v\u00ednculos agr\u00edcolas entre M\u00e9xico y Estados Unidos, los becarios trabajaron con instituciones educativas locales para desarrollar programas basados en ciencia para la juventud y la agricultura\u201d, expres\u00f3 Holly Higgins, ministra consejera del Servicio Agr\u00edcola Exterior del Departamento de Agricultura de Estados Unidos (USDA FAS).<\/p><p>De esta manera, a trav\u00e9s de actividades de salud, jardiner\u00eda, ciencia, agricultura, participaci\u00f3n c\u00edvica y liderazgo, los becarios lograron fortalecer los v\u00ednculos agr\u00edcolas entre M\u00e9xico y Estados Unidos.<\/p><p>Cabe mencionar que m\u00e1s de mil profesionales agr\u00edcolas de M\u00e9xico han participado en los programas de intercambio. Esta clase de iniciativas tienen como objetivo profundizar los v\u00ednculos entre ambos pa\u00edses no solo a nivel pol\u00edtico y econ\u00f3mico, sino tambi\u00e9n a nivel social y cultural.<\/p>\t\t\t\t\t\t\t\t<\/div>\n\t\t\t\t<\/div>\n\t\t\t\t\t<\/div>\n\t\t<\/div>\n\t\t\t\t\t<\/div>\n\t\t<\/section>\n\t\t\t\t<section class=\"elementor-section elementor-top-section elementor-element elementor-element-56fb680b elementor-section-boxed elementor-section-height-default elementor-section-height-default wpr-particle-no wpr-jarallax-no wpr-parallax-no wpr-sticky-section-no wpr-equal-height-no\" data-id=\"56fb680b\" data-element_type=\"section\" data-e-type=\"section\">\n\t\t\t\t\t\t<div class=\"elementor-container elementor-column-gap-default\">\n\t\t\t\t\t<div class=\"elementor-column elementor-col-100 elementor-top-column elementor-element elementor-element-568db9e9\" data-id=\"568db9e9\" data-element_type=\"column\" data-e-type=\"column\">\n\t\t\t<div class=\"elementor-widget-wrap elementor-element-populated\">\n\t\t\t\t\t\t<div class=\"elementor-element elementor-element-db2b9bb elementor-widget elementor-widget-toggle\" data-id=\"db2b9bb\" data-element_type=\"widget\" data-e-type=\"widget\" data-widget_type=\"toggle.default\">\n\t\t\t\t<div class=\"elementor-widget-container\">\n\t\t\t\t\t\t\t<div class=\"elementor-toggle\">\n\t\t\t\t\t\t\t<div class=\"elementor-toggle-item\">\n\t\t\t\t\t<div id=\"elementor-tab-title-2291\" class=\"elementor-tab-title\" data-tab=\"1\" role=\"button\" aria-controls=\"elementor-tab-content-2291\" aria-expanded=\"false\">\n\t\t\t\t\t\t\t\t\t\t\t\t<span class=\"elementor-toggle-icon elementor-toggle-icon-left\" aria-hidden=\"true\">\n\t\t\t\t\t\t\t\t\t\t\t\t\t\t\t<span class=\"elementor-toggle-icon-closed\"><i class=\"fas fa-caret-right\"><\/i><\/span>\n\t\t\t\t\t\t\t\t<span class=\"elementor-toggle-icon-opened\"><i class=\"elementor-toggle-icon-opened fas fa-caret-up\"><\/i><\/span>\n\t\t\t\t\t\t\t\t\t\t\t\t\t<\/span>\n\t\t\t\t\t\t\t\t\t\t\t\t<a class=\"elementor-toggle-title\" tabindex=\"0\"> BIBLIOGRAPHY<\/a>\n\t\t\t\t\t<\/div>\n\n\t\t\t\t\t<div id=\"elementor-tab-content-2291\" class=\"elementor-tab-content elementor-clearfix\" data-tab=\"1\" role=\"region\" aria-labelledby=\"elementor-tab-title-2291\"><p><strong>US EMBASSY<\/strong><\/p><p><a href=\"https:\/\/mx.usembassy.gov\/es\/la-beca-agricola-entre-estados-unidos-y-mexico-primera-en-su-tipo-amplia-la-educacion-agricola-la-seguridad-alimentaria-y-los-vinculos-comerciales\/\">https:\/\/mx.usembassy.gov\/es\/la-beca-agricola-entre-estados-unidos-y-mexico-primera-en-su-tipo-amplia-la-educacion-agricola-la-seguridad-alimentaria-y-los-vinculos-comerciales\/<\/a><\/p><\/div>\n\t\t\t\t<\/div>\n\t\t\t\t\t\t\t\t<\/div>\n\t\t\t\t\t\t<\/div>\n\t\t\t\t<\/div>\n\t\t\t\t\t<\/div>\n\t\t<\/div>\n\t\t\t\t\t<\/div>\n\t\t<\/section>\n\t\t\t\t<\/div>","protected":false},"excerpt":{"rendered":"<p>Las becas agr\u00edcolas de la Misi\u00f3n Diplom\u00e1tica de EE.UU. en M\u00e9xico buscan aumentar el desarrollo de la fuerza agr\u00edcola. <\/p>","protected":false},"author":6,"featured_media":55155,"comment_status":"open","ping_status":"open","sticky":false,"template":"","format":"standard","meta":{"_uf_show_specific_survey":0,"_uf_disable_surveys":false,"footnotes":""},"categories":[90,10],"tags":[3085,171,3086,96,3084],"class_list":["post-55154","post","type-post","status-publish","format-standard","has-post-thumbnail","hentry","category-apoyo-social","category-noticias","tag-beca-agricola","tag-educacion","tag-iaefp","tag-mexico","tag-vinculos-comerciales"],"aioseo_notices":[],"yoast_head":"<!-- This site is optimized with the Yoast SEO plugin v27.4 - https:\/\/yoast.com\/product\/yoast-seo-wordpress\/ -->\n<title>Beca agr\u00edcola entre EE.UU. y M\u00e9xico amplia la educaci\u00f3n, seguridad y v\u00ednculos comerciales<\/title>\n<meta name=\"description\" content=\"El Programa Internacional de Becas de Educaci\u00f3n Agr\u00edcola entre EE.UU. y M\u00e9xico amplia la educaci\u00f3n, seguridad y v\u00ednculos comerciales.\" \/>\n<meta name=\"robots\" content=\"index, follow, max-snippet:-1, max-image-preview:large, max-video-preview:-1\" \/>\n<link rel=\"canonical\" href=\"https:\/\/accesolatino.org\/en\/beca-agricola-entre-ee-uu-y-mexico-amplia-la-educacion-seguridad-y-vinculos-comerciales\/apoyo-social\/\" \/>\n<meta property=\"og:locale\" content=\"en_US\" \/>\n<meta property=\"og:type\" content=\"article\" \/>\n<meta property=\"og:title\" content=\"Beca agr\u00edcola entre EE.UU. y M\u00e9xico amplia la educaci\u00f3n, seguridad y v\u00ednculos comerciales | Acceso Latino\" \/>\n<meta property=\"og:description\" content=\"El Programa Internacional de Becas de Educaci\u00f3n Agr\u00edcola entre EE.UU. y M\u00e9xico amplia la educaci\u00f3n, seguridad y v\u00ednculos comerciales.\" \/>\n<meta property=\"og:url\" content=\"https:\/\/accesolatino.org\/en\/beca-agricola-entre-ee-uu-y-mexico-amplia-la-educacion-seguridad-y-vinculos-comerciales\/apoyo-social\/\" \/>\n<meta property=\"og:site_name\" content=\"Acceso Latino\" \/>\n<meta property=\"article:publisher\" content=\"https:\/\/www.facebook.com\/AccesoLatinoOrg\" \/>\n<meta property=\"article:published_time\" content=\"2024-07-12T11:56:00+00:00\" \/>\n<meta property=\"og:image\" content=\"https:\/\/accesolatino.org\/wp-content\/uploads\/2024\/07\/Beca-agricola-entre-EE.UU_.-y-Mexico-amplia-la-educacion-seguridad-y-vinculos-comerciales.jpg\" \/>\n\t<meta property=\"og:image:width\" content=\"1024\" \/>\n\t<meta property=\"og:image:height\" content=\"683\" \/>\n\t<meta property=\"og:image:type\" content=\"image\/jpeg\" \/>\n<meta name=\"author\" content=\"Apoyos Sociales Apoyos Sociales\" \/>\n<meta name=\"twitter:card\" content=\"summary_large_image\" \/>\n<meta name=\"twitter:title\" content=\"Beca agr\u00edcola entre EE.UU. y M\u00e9xico amplia la educaci\u00f3n, seguridad y v\u00ednculos comerciales | %\" \/>\n<meta name=\"twitter:description\" content=\"El Programa Internacional de Becas de Educaci\u00f3n Agr\u00edcola entre EE.UU. y M\u00e9xico amplia la educaci\u00f3n, seguridad y v\u00ednculos comerciales.\" \/>\n<meta name=\"twitter:image\" content=\"https:\/\/accesolatino.org\/wp-content\/uploads\/2024\/07\/Beca-agricola-entre-EE.UU_.-y-Mexico-amplia-la-educacion-seguridad-y-vinculos-comerciales.jpg\" \/>\n<meta name=\"twitter:creator\" content=\"@FAccLatino\" \/>\n<meta name=\"twitter:site\" content=\"@FAccLatino\" \/>\n<meta name=\"twitter:label1\" content=\"Written by\" \/>\n\t<meta name=\"twitter:data1\" content=\"Apoyos Sociales Apoyos Sociales\" \/>\n\t<meta name=\"twitter:label2\" content=\"Est. reading time\" \/>\n\t<meta name=\"twitter:data2\" content=\"2 minutes\" \/>\n<script type=\"application\/ld+json\" class=\"yoast-schema-graph\">{\"@context\":\"https:\\\/\\\/schema.org\",\"@graph\":[{\"@type\":\"Article\",\"@id\":\"https:\\\/\\\/accesolatino.org\\\/beca-agricola-entre-ee-uu-y-mexico-amplia-la-educacion-seguridad-y-vinculos-comerciales\\\/apoyo-social\\\/#article\",\"isPartOf\":{\"@id\":\"https:\\\/\\\/accesolatino.org\\\/beca-agricola-entre-ee-uu-y-mexico-amplia-la-educacion-seguridad-y-vinculos-comerciales\\\/apoyo-social\\\/\"},\"author\":{\"name\":\"Apoyos Sociales Apoyos Sociales\",\"@id\":\"https:\\\/\\\/accesolatino.org\\\/#\\\/schema\\\/person\\\/76f5d4bb21a0b5c8fdbd9496e388aecb\"},\"headline\":\"Beca agr\u00edcola entre EE.UU. y M\u00e9xico amplia la educaci\u00f3n, seguridad y v\u00ednculos comerciales\",\"datePublished\":\"2024-07-12T11:56:00+00:00\",\"mainEntityOfPage\":{\"@id\":\"https:\\\/\\\/accesolatino.org\\\/beca-agricola-entre-ee-uu-y-mexico-amplia-la-educacion-seguridad-y-vinculos-comerciales\\\/apoyo-social\\\/\"},\"wordCount\":380,\"commentCount\":0,\"publisher\":{\"@id\":\"https:\\\/\\\/accesolatino.org\\\/#organization\"},\"image\":{\"@id\":\"https:\\\/\\\/accesolatino.org\\\/beca-agricola-entre-ee-uu-y-mexico-amplia-la-educacion-seguridad-y-vinculos-comerciales\\\/apoyo-social\\\/#primaryimage\"},\"thumbnailUrl\":\"https:\\\/\\\/accesolatino.org\\\/wp-content\\\/uploads\\\/2024\\\/07\\\/Beca-agricola-entre-EE.UU_.-y-Mexico-amplia-la-educacion-seguridad-y-vinculos-comerciales.jpg\",\"keywords\":[\"Beca agr\u00edcola\",\"Educaci\u00f3n\",\"IAEFP\",\"M\u00e9xico\",\"V\u00ednculos comerciales\"],\"articleSection\":[\"Apoyo Social\",\"Noticias\"],\"inLanguage\":\"en-US\",\"potentialAction\":[{\"@type\":\"CommentAction\",\"name\":\"Comment\",\"target\":[\"https:\\\/\\\/accesolatino.org\\\/beca-agricola-entre-ee-uu-y-mexico-amplia-la-educacion-seguridad-y-vinculos-comerciales\\\/apoyo-social\\\/#respond\"]}]},{\"@type\":\"WebPage\",\"@id\":\"https:\\\/\\\/accesolatino.org\\\/beca-agricola-entre-ee-uu-y-mexico-amplia-la-educacion-seguridad-y-vinculos-comerciales\\\/apoyo-social\\\/\",\"url\":\"https:\\\/\\\/accesolatino.org\\\/beca-agricola-entre-ee-uu-y-mexico-amplia-la-educacion-seguridad-y-vinculos-comerciales\\\/apoyo-social\\\/\",\"name\":\"Beca agr\u00edcola entre EE.UU. y M\u00e9xico amplia la educaci\u00f3n, seguridad y v\u00ednculos comerciales\",\"isPartOf\":{\"@id\":\"https:\\\/\\\/accesolatino.org\\\/#website\"},\"primaryImageOfPage\":{\"@id\":\"https:\\\/\\\/accesolatino.org\\\/beca-agricola-entre-ee-uu-y-mexico-amplia-la-educacion-seguridad-y-vinculos-comerciales\\\/apoyo-social\\\/#primaryimage\"},\"image\":{\"@id\":\"https:\\\/\\\/accesolatino.org\\\/beca-agricola-entre-ee-uu-y-mexico-amplia-la-educacion-seguridad-y-vinculos-comerciales\\\/apoyo-social\\\/#primaryimage\"},\"thumbnailUrl\":\"https:\\\/\\\/accesolatino.org\\\/wp-content\\\/uploads\\\/2024\\\/07\\\/Beca-agricola-entre-EE.UU_.-y-Mexico-amplia-la-educacion-seguridad-y-vinculos-comerciales.jpg\",\"datePublished\":\"2024-07-12T11:56:00+00:00\",\"description\":\"El Programa Internacional de Becas de Educaci\u00f3n Agr\u00edcola entre EE.UU. y M\u00e9xico amplia la educaci\u00f3n, seguridad y v\u00ednculos comerciales.\",\"breadcrumb\":{\"@id\":\"https:\\\/\\\/accesolatino.org\\\/beca-agricola-entre-ee-uu-y-mexico-amplia-la-educacion-seguridad-y-vinculos-comerciales\\\/apoyo-social\\\/#breadcrumb\"},\"inLanguage\":\"en-US\",\"potentialAction\":[{\"@type\":\"ReadAction\",\"target\":[\"https:\\\/\\\/accesolatino.org\\\/beca-agricola-entre-ee-uu-y-mexico-amplia-la-educacion-seguridad-y-vinculos-comerciales\\\/apoyo-social\\\/\"]}]},{\"@type\":\"ImageObject\",\"inLanguage\":\"en-US\",\"@id\":\"https:\\\/\\\/accesolatino.org\\\/beca-agricola-entre-ee-uu-y-mexico-amplia-la-educacion-seguridad-y-vinculos-comerciales\\\/apoyo-social\\\/#primaryimage\",\"url\":\"https:\\\/\\\/accesolatino.org\\\/wp-content\\\/uploads\\\/2024\\\/07\\\/Beca-agricola-entre-EE.UU_.-y-Mexico-amplia-la-educacion-seguridad-y-vinculos-comerciales.jpg\",\"contentUrl\":\"https:\\\/\\\/accesolatino.org\\\/wp-content\\\/uploads\\\/2024\\\/07\\\/Beca-agricola-entre-EE.UU_.-y-Mexico-amplia-la-educacion-seguridad-y-vinculos-comerciales.jpg\",\"width\":1024,\"height\":683,\"caption\":\"beca agr\u00edcola\"},{\"@type\":\"BreadcrumbList\",\"@id\":\"https:\\\/\\\/accesolatino.org\\\/beca-agricola-entre-ee-uu-y-mexico-amplia-la-educacion-seguridad-y-vinculos-comerciales\\\/apoyo-social\\\/#breadcrumb\",\"itemListElement\":[{\"@type\":\"ListItem\",\"position\":1,\"name\":\"Portada\",\"item\":\"https:\\\/\\\/accesolatino.org\\\/\"},{\"@type\":\"ListItem\",\"position\":2,\"name\":\"Apoyo Social\",\"item\":\"https:\\\/\\\/accesolatino.org\\\/en\\\/category\\\/apoyo-social\\\/\"},{\"@type\":\"ListItem\",\"position\":3,\"name\":\"Beca agr\u00edcola entre EE.UU. y M\u00e9xico amplia la educaci\u00f3n, seguridad y v\u00ednculos comerciales\"}]},{\"@type\":\"WebSite\",\"@id\":\"https:\\\/\\\/accesolatino.org\\\/#website\",\"url\":\"https:\\\/\\\/accesolatino.org\\\/\",\"name\":\"Acceso Latino | Fundaci\u00f3n Carlos Slim\",\"description\":\"Fundaci\u00f3n Carlos Slim\",\"publisher\":{\"@id\":\"https:\\\/\\\/accesolatino.org\\\/#organization\"},\"potentialAction\":[{\"@type\":\"SearchAction\",\"target\":{\"@type\":\"EntryPoint\",\"urlTemplate\":\"https:\\\/\\\/accesolatino.org\\\/?s={search_term_string}\"},\"query-input\":{\"@type\":\"PropertyValueSpecification\",\"valueRequired\":true,\"valueName\":\"search_term_string\"}}],\"inLanguage\":\"en-US\"},{\"@type\":\"Organization\",\"@id\":\"https:\\\/\\\/accesolatino.org\\\/#organization\",\"name\":\"Acceso Latino | Fundaci\u00f3n Carlos Slim\",\"url\":\"https:\\\/\\\/accesolatino.org\\\/\",\"logo\":{\"@type\":\"ImageObject\",\"inLanguage\":\"en-US\",\"@id\":\"https:\\\/\\\/accesolatino.org\\\/#\\\/schema\\\/logo\\\/image\\\/\",\"url\":\"https:\\\/\\\/accesolatino.org\\\/wp-content\\\/uploads\\\/2021\\\/02\\\/logo-footer-acceso-latino.png\",\"contentUrl\":\"https:\\\/\\\/accesolatino.org\\\/wp-content\\\/uploads\\\/2021\\\/02\\\/logo-footer-acceso-latino.png\",\"width\":240,\"height\":40,\"caption\":\"Acceso Latino | Fundaci\u00f3n Carlos Slim\"},\"image\":{\"@id\":\"https:\\\/\\\/accesolatino.org\\\/#\\\/schema\\\/logo\\\/image\\\/\"},\"sameAs\":[\"https:\\\/\\\/www.facebook.com\\\/AccesoLatinoOrg\",\"https:\\\/\\\/x.com\\\/FAccLatino\"]},{\"@type\":\"Person\",\"@id\":\"https:\\\/\\\/accesolatino.org\\\/#\\\/schema\\\/person\\\/76f5d4bb21a0b5c8fdbd9496e388aecb\",\"name\":\"Apoyos Sociales Apoyos Sociales\"}]}<\/script>\n<!-- \/ Yoast SEO plugin. -->","yoast_head_json":{"title":"Beca agr\u00edcola entre EE.UU. y M\u00e9xico amplia la educaci\u00f3n, seguridad y v\u00ednculos comerciales","description":"El Programa Internacional de Becas de Educaci\u00f3n Agr\u00edcola entre EE.UU. y M\u00e9xico amplia la educaci\u00f3n, seguridad y v\u00ednculos comerciales.","robots":{"index":"index","follow":"follow","max-snippet":"max-snippet:-1","max-image-preview":"max-image-preview:large","max-video-preview":"max-video-preview:-1"},"canonical":"https:\/\/accesolatino.org\/en\/beca-agricola-entre-ee-uu-y-mexico-amplia-la-educacion-seguridad-y-vinculos-comerciales\/apoyo-social\/","og_locale":"en_US","og_type":"article","og_title":"Beca agr\u00edcola entre EE.UU. y M\u00e9xico amplia la educaci\u00f3n, seguridad y v\u00ednculos comerciales | Acceso Latino","og_description":"El Programa Internacional de Becas de Educaci\u00f3n Agr\u00edcola entre EE.UU. y M\u00e9xico amplia la educaci\u00f3n, seguridad y v\u00ednculos comerciales.","og_url":"https:\/\/accesolatino.org\/en\/beca-agricola-entre-ee-uu-y-mexico-amplia-la-educacion-seguridad-y-vinculos-comerciales\/apoyo-social\/","og_site_name":"Acceso Latino","article_publisher":"https:\/\/www.facebook.com\/AccesoLatinoOrg","article_published_time":"2024-07-12T11:56:00+00:00","og_image":[{"width":1024,"height":683,"url":"https:\/\/accesolatino.org\/wp-content\/uploads\/2024\/07\/Beca-agricola-entre-EE.UU_.-y-Mexico-amplia-la-educacion-seguridad-y-vinculos-comerciales.jpg","type":"image\/jpeg"}],"author":"Apoyos Sociales Apoyos Sociales","twitter_card":"summary_large_image","twitter_title":"Beca agr\u00edcola entre EE.UU. y M\u00e9xico amplia la educaci\u00f3n, seguridad y v\u00ednculos comerciales | %","twitter_description":"El Programa Internacional de Becas de Educaci\u00f3n Agr\u00edcola entre EE.UU. y M\u00e9xico amplia la educaci\u00f3n, seguridad y v\u00ednculos comerciales.","twitter_image":"https:\/\/accesolatino.org\/wp-content\/uploads\/2024\/07\/Beca-agricola-entre-EE.UU_.-y-Mexico-amplia-la-educacion-seguridad-y-vinculos-comerciales.jpg","twitter_creator":"@FAccLatino","twitter_site":"@FAccLatino","twitter_misc":{"Written by":"Apoyos Sociales Apoyos Sociales","Est. reading time":"2 minutes"},"schema":{"@context":"https:\/\/schema.org","@graph":[{"@type":"Article","@id":"https:\/\/accesolatino.org\/beca-agricola-entre-ee-uu-y-mexico-amplia-la-educacion-seguridad-y-vinculos-comerciales\/apoyo-social\/#article","isPartOf":{"@id":"https:\/\/accesolatino.org\/beca-agricola-entre-ee-uu-y-mexico-amplia-la-educacion-seguridad-y-vinculos-comerciales\/apoyo-social\/"},"author":{"name":"Apoyos Sociales Apoyos Sociales","@id":"https:\/\/accesolatino.org\/#\/schema\/person\/76f5d4bb21a0b5c8fdbd9496e388aecb"},"headline":"Beca agr\u00edcola entre EE.UU. y M\u00e9xico amplia la educaci\u00f3n, seguridad y v\u00ednculos comerciales","datePublished":"2024-07-12T11:56:00+00:00","mainEntityOfPage":{"@id":"https:\/\/accesolatino.org\/beca-agricola-entre-ee-uu-y-mexico-amplia-la-educacion-seguridad-y-vinculos-comerciales\/apoyo-social\/"},"wordCount":380,"commentCount":0,"publisher":{"@id":"https:\/\/accesolatino.org\/#organization"},"image":{"@id":"https:\/\/accesolatino.org\/beca-agricola-entre-ee-uu-y-mexico-amplia-la-educacion-seguridad-y-vinculos-comerciales\/apoyo-social\/#primaryimage"},"thumbnailUrl":"https:\/\/accesolatino.org\/wp-content\/uploads\/2024\/07\/Beca-agricola-entre-EE.UU_.-y-Mexico-amplia-la-educacion-seguridad-y-vinculos-comerciales.jpg","keywords":["Beca agr\u00edcola","Educaci\u00f3n","IAEFP","M\u00e9xico","V\u00ednculos comerciales"],"articleSection":["Apoyo Social","Noticias"],"inLanguage":"en-US","potentialAction":[{"@type":"CommentAction","name":"Comment","target":["https:\/\/accesolatino.org\/beca-agricola-entre-ee-uu-y-mexico-amplia-la-educacion-seguridad-y-vinculos-comerciales\/apoyo-social\/#respond"]}]},{"@type":"WebPage","@id":"https:\/\/accesolatino.org\/beca-agricola-entre-ee-uu-y-mexico-amplia-la-educacion-seguridad-y-vinculos-comerciales\/apoyo-social\/","url":"https:\/\/accesolatino.org\/beca-agricola-entre-ee-uu-y-mexico-amplia-la-educacion-seguridad-y-vinculos-comerciales\/apoyo-social\/","name":"Beca agr\u00edcola entre EE.UU. y M\u00e9xico amplia la educaci\u00f3n, seguridad y v\u00ednculos comerciales","isPartOf":{"@id":"https:\/\/accesolatino.org\/#website"},"primaryImageOfPage":{"@id":"https:\/\/accesolatino.org\/beca-agricola-entre-ee-uu-y-mexico-amplia-la-educacion-seguridad-y-vinculos-comerciales\/apoyo-social\/#primaryimage"},"image":{"@id":"https:\/\/accesolatino.org\/beca-agricola-entre-ee-uu-y-mexico-amplia-la-educacion-seguridad-y-vinculos-comerciales\/apoyo-social\/#primaryimage"},"thumbnailUrl":"https:\/\/accesolatino.org\/wp-content\/uploads\/2024\/07\/Beca-agricola-entre-EE.UU_.-y-Mexico-amplia-la-educacion-seguridad-y-vinculos-comerciales.jpg","datePublished":"2024-07-12T11:56:00+00:00","description":"El Programa Internacional de Becas de Educaci\u00f3n Agr\u00edcola entre EE.UU. y M\u00e9xico amplia la educaci\u00f3n, seguridad y v\u00ednculos comerciales.","breadcrumb":{"@id":"https:\/\/accesolatino.org\/beca-agricola-entre-ee-uu-y-mexico-amplia-la-educacion-seguridad-y-vinculos-comerciales\/apoyo-social\/#breadcrumb"},"inLanguage":"en-US","potentialAction":[{"@type":"ReadAction","target":["https:\/\/accesolatino.org\/beca-agricola-entre-ee-uu-y-mexico-amplia-la-educacion-seguridad-y-vinculos-comerciales\/apoyo-social\/"]}]},{"@type":"ImageObject","inLanguage":"en-US","@id":"https:\/\/accesolatino.org\/beca-agricola-entre-ee-uu-y-mexico-amplia-la-educacion-seguridad-y-vinculos-comerciales\/apoyo-social\/#primaryimage","url":"https:\/\/accesolatino.org\/wp-content\/uploads\/2024\/07\/Beca-agricola-entre-EE.UU_.-y-Mexico-amplia-la-educacion-seguridad-y-vinculos-comerciales.jpg","contentUrl":"https:\/\/accesolatino.org\/wp-content\/uploads\/2024\/07\/Beca-agricola-entre-EE.UU_.-y-Mexico-amplia-la-educacion-seguridad-y-vinculos-comerciales.jpg","width":1024,"height":683,"caption":"beca agr\u00edcola"},{"@type":"BreadcrumbList","@id":"https:\/\/accesolatino.org\/beca-agricola-entre-ee-uu-y-mexico-amplia-la-educacion-seguridad-y-vinculos-comerciales\/apoyo-social\/#breadcrumb","itemListElement":[{"@type":"ListItem","position":1,"name":"Portada","item":"https:\/\/accesolatino.org\/"},{"@type":"ListItem","position":2,"name":"Apoyo Social","item":"https:\/\/accesolatino.org\/en\/category\/apoyo-social\/"},{"@type":"ListItem","position":3,"name":"Beca agr\u00edcola entre EE.UU. y M\u00e9xico amplia la educaci\u00f3n, seguridad y v\u00ednculos comerciales"}]},{"@type":"WebSite","@id":"https:\/\/accesolatino.org\/#website","url":"https:\/\/accesolatino.org\/","name":"Acceso Latino | Fundaci\u00f3n Carlos Slim","description":"Fundaci\u00f3n Carlos Slim","publisher":{"@id":"https:\/\/accesolatino.org\/#organization"},"potentialAction":[{"@type":"SearchAction","target":{"@type":"EntryPoint","urlTemplate":"https:\/\/accesolatino.org\/?s={search_term_string}"},"query-input":{"@type":"PropertyValueSpecification","valueRequired":true,"valueName":"search_term_string"}}],"inLanguage":"en-US"},{"@type":"Organization","@id":"https:\/\/accesolatino.org\/#organization","name":"Acceso Latino | Fundaci\u00f3n Carlos Slim","url":"https:\/\/accesolatino.org\/","logo":{"@type":"ImageObject","inLanguage":"en-US","@id":"https:\/\/accesolatino.org\/#\/schema\/logo\/image\/","url":"https:\/\/accesolatino.org\/wp-content\/uploads\/2021\/02\/logo-footer-acceso-latino.png","contentUrl":"https:\/\/accesolatino.org\/wp-content\/uploads\/2021\/02\/logo-footer-acceso-latino.png","width":240,"height":40,"caption":"Acceso Latino | Fundaci\u00f3n Carlos Slim"},"image":{"@id":"https:\/\/accesolatino.org\/#\/schema\/logo\/image\/"},"sameAs":["https:\/\/www.facebook.com\/AccesoLatinoOrg","https:\/\/x.com\/FAccLatino"]},{"@type":"Person","@id":"https:\/\/accesolatino.org\/#\/schema\/person\/76f5d4bb21a0b5c8fdbd9496e388aecb","name":"Apoyos Sociales Apoyos Sociales"}]}},"_links":{"self":[{"href":"https:\/\/accesolatino.org\/en\/wp-json\/wp\/v2\/posts\/55154","targetHints":{"allow":["GET"]}}],"collection":[{"href":"https:\/\/accesolatino.org\/en\/wp-json\/wp\/v2\/posts"}],"about":[{"href":"https:\/\/accesolatino.org\/en\/wp-json\/wp\/v2\/types\/post"}],"author":[{"embeddable":true,"href":"https:\/\/accesolatino.org\/en\/wp-json\/wp\/v2\/users\/6"}],"replies":[{"embeddable":true,"href":"https:\/\/accesolatino.org\/en\/wp-json\/wp\/v2\/comments?post=55154"}],"version-history":[{"count":0,"href":"https:\/\/accesolatino.org\/en\/wp-json\/wp\/v2\/posts\/55154\/revisions"}],"wp:featuredmedia":[{"embeddable":true,"href":"https:\/\/accesolatino.org\/en\/wp-json\/wp\/v2\/media\/55155"}],"wp:attachment":[{"href":"https:\/\/accesolatino.org\/en\/wp-json\/wp\/v2\/media?parent=55154"}],"wp:term":[{"taxonomy":"category","embeddable":true,"href":"https:\/\/accesolatino.org\/en\/wp-json\/wp\/v2\/categories?post=55154"},{"taxonomy":"post_tag","embeddable":true,"href":"https:\/\/accesolatino.org\/en\/wp-json\/wp\/v2\/tags?post=55154"}],"curies":[{"name":"wp","href":"https:\/\/api.w.org\/{rel}","templated":true}]}}