{"id":54721,"date":"2024-06-05T17:55:00","date_gmt":"2024-06-05T23:55:00","guid":{"rendered":"https:\/\/accesolatino.org\/?p=54721"},"modified":"2024-06-05T18:06:05","modified_gmt":"2024-06-06T00:06:05","slug":"fundacion-en-illinois-abre-convocatoria-de-beca-para-estudiantes-latinos-sin-importar-estatus-migratorio","status":"publish","type":"post","link":"https:\/\/accesolatino.org\/en\/fundacion-en-illinois-abre-convocatoria-de-beca-para-estudiantes-latinos-sin-importar-estatus-migratorio\/becas-y-educacion\/","title":{"rendered":"Fundaci\u00f3n en Illinois abre convocatoria de beca para estudiantes latinos sin importar estatus migratorio"},"content":{"rendered":"<div data-elementor-type=\"wp-post\" data-elementor-id=\"54721\" class=\"elementor elementor-54721\">\n\t\t\t\t\t\t<section class=\"elementor-section elementor-top-section elementor-element elementor-element-13e1ae6e elementor-section-boxed elementor-section-height-default elementor-section-height-default wpr-particle-no wpr-jarallax-no wpr-parallax-no wpr-sticky-section-no wpr-equal-height-no\" data-id=\"13e1ae6e\" data-element_type=\"section\" data-e-type=\"section\">\n\t\t\t\t\t\t<div class=\"elementor-container elementor-column-gap-default\">\n\t\t\t\t\t<div class=\"elementor-column elementor-col-100 elementor-top-column elementor-element elementor-element-64ca97fd\" data-id=\"64ca97fd\" data-element_type=\"column\" data-e-type=\"column\">\n\t\t\t<div class=\"elementor-widget-wrap elementor-element-populated\">\n\t\t\t\t\t\t<div class=\"elementor-element elementor-element-49e06247 elementor-widget elementor-widget-heading\" data-id=\"49e06247\" data-element_type=\"widget\" data-e-type=\"widget\" data-widget_type=\"heading.default\">\n\t\t\t\t<div class=\"elementor-widget-container\">\n\t\t\t\t\t<h2 class=\"elementor-heading-title elementor-size-default\">Illinois Legislative Caucus Foundation ofrece 5 mil d\u00f3lares a estudiantes latinos en el estado.<\/h2>\t\t\t\t<\/div>\n\t\t\t\t<\/div>\n\t\t\t\t\t<\/div>\n\t\t<\/div>\n\t\t\t\t\t<\/div>\n\t\t<\/section>\n\t\t\t\t<section class=\"elementor-section elementor-top-section elementor-element elementor-element-4eebe301 elementor-section-boxed elementor-section-height-default elementor-section-height-default wpr-particle-no wpr-jarallax-no wpr-parallax-no wpr-sticky-section-no wpr-equal-height-no\" data-id=\"4eebe301\" data-element_type=\"section\" data-e-type=\"section\">\n\t\t\t\t\t\t<div class=\"elementor-container elementor-column-gap-default\">\n\t\t\t\t\t<div class=\"elementor-column elementor-col-100 elementor-top-column elementor-element elementor-element-7f7e36c8\" data-id=\"7f7e36c8\" data-element_type=\"column\" data-e-type=\"column\">\n\t\t\t<div class=\"elementor-widget-wrap elementor-element-populated\">\n\t\t\t\t\t\t<div class=\"elementor-element elementor-element-2872cc92 elementor-widget elementor-widget-text-editor\" data-id=\"2872cc92\" data-element_type=\"widget\" data-e-type=\"widget\" data-widget_type=\"text-editor.default\">\n\t\t\t\t<div class=\"elementor-widget-container\">\n\t\t\t\t\t\t\t\t\t<p>La Illinois Legislative Caucus Foundation (ILLCF) es una organizaci\u00f3n sin fines de lucro que tiene como misi\u00f3n impulsar a la nueva generaci\u00f3n de l\u00edderes latinos en el estado, as\u00ed como atender las necesidades de la comunidad. Desde su fundaci\u00f3n en 2002, ILLCF ha impulsado pol\u00edticas p\u00fablicas equitativas para impulsar el \u00e9xito y oportunidades nuevas para la comunidad latina a trav\u00e9s de tres programas principales: Next Generation Leadership Program, que incluye el programa de becas; Ra\u00edces: Pol\u00edticas P\u00fablicas y Pl\u00e1ticas.<\/p>\t\t\t\t\t\t\t\t<\/div>\n\t\t\t\t<\/div>\n\t\t\t\t\t<\/div>\n\t\t<\/div>\n\t\t\t\t\t<\/div>\n\t\t<\/section>\n\t\t\t\t<section class=\"elementor-section elementor-top-section elementor-element elementor-element-13ea15e7 elementor-section-boxed elementor-section-height-default elementor-section-height-default wpr-particle-no wpr-jarallax-no wpr-parallax-no wpr-sticky-section-no wpr-equal-height-no\" data-id=\"13ea15e7\" data-element_type=\"section\" data-e-type=\"section\">\n\t\t\t\t\t\t<div class=\"elementor-container elementor-column-gap-default\">\n\t\t\t\t\t<div class=\"elementor-column elementor-col-50 elementor-top-column elementor-element elementor-element-3268b324\" data-id=\"3268b324\" data-element_type=\"column\" data-e-type=\"column\">\n\t\t\t<div class=\"elementor-widget-wrap elementor-element-populated\">\n\t\t\t\t\t\t<div class=\"elementor-element elementor-element-1419f53c elementor-widget elementor-widget-image\" data-id=\"1419f53c\" data-element_type=\"widget\" data-e-type=\"widget\" data-widget_type=\"image.default\">\n\t\t\t\t<div class=\"elementor-widget-container\">\n\t\t\t\t\t\t\t\t\t\t\t\t\t\t\t<img fetchpriority=\"high\" decoding=\"async\" width=\"552\" height=\"267\" src=\"https:\/\/accesolatino.org\/wp-content\/uploads\/2024\/06\/Becaparaestudianteslatinosde5000dolaresenIllinoisantesdel3dejulio.png\" class=\"attachment-full size-full wp-image-54722\" alt=\"beca estudiantes latinos\" srcset=\"https:\/\/accesolatino.org\/wp-content\/uploads\/2024\/06\/Becaparaestudianteslatinosde5000dolaresenIllinoisantesdel3dejulio.png 552w, https:\/\/accesolatino.org\/wp-content\/uploads\/2024\/06\/Becaparaestudianteslatinosde5000dolaresenIllinoisantesdel3dejulio-300x145.png 300w, https:\/\/accesolatino.org\/wp-content\/uploads\/2024\/06\/Becaparaestudianteslatinosde5000dolaresenIllinoisantesdel3dejulio-18x9.png 18w\" sizes=\"(max-width: 552px) 100vw, 552px\" \/>\t\t\t\t\t\t\t\t\t\t\t\t\t\t\t<\/div>\n\t\t\t\t<\/div>\n\t\t\t\t\t<\/div>\n\t\t<\/div>\n\t\t\t\t<div class=\"elementor-column elementor-col-50 elementor-top-column elementor-element elementor-element-3136cd53\" data-id=\"3136cd53\" data-element_type=\"column\" data-e-type=\"column\">\n\t\t\t<div class=\"elementor-widget-wrap elementor-element-populated\">\n\t\t\t\t\t\t<div class=\"elementor-element elementor-element-570be0ec elementor-widget elementor-widget-text-editor\" data-id=\"570be0ec\" data-element_type=\"widget\" data-e-type=\"widget\" data-widget_type=\"text-editor.default\">\n\t\t\t\t<div class=\"elementor-widget-container\">\n\t\t\t\t\t\t\t\t\t<p>En este sentido, la fundaci\u00f3n invita a los estudiantes latinos a aplicar para la beca <strong>Next Generation<\/strong> <strong>Scholarship<\/strong> <strong>2024<\/strong>, anteriormente conocida como la Beca Michael W. Gonz\u00e1lez. Esta beca est\u00e1 dise\u00f1ada para apoyar a los estudiantes en su educaci\u00f3n y desarrollo de liderazgo.<\/p>\t\t\t\t\t\t\t\t<\/div>\n\t\t\t\t<\/div>\n\t\t\t\t\t<\/div>\n\t\t<\/div>\n\t\t\t\t\t<\/div>\n\t\t<\/section>\n\t\t\t\t<section class=\"elementor-section elementor-top-section elementor-element elementor-element-3318a37b elementor-section-boxed elementor-section-height-default elementor-section-height-default wpr-particle-no wpr-jarallax-no wpr-parallax-no wpr-sticky-section-no wpr-equal-height-no\" data-id=\"3318a37b\" data-element_type=\"section\" data-e-type=\"section\">\n\t\t\t\t\t\t<div class=\"elementor-container elementor-column-gap-default\">\n\t\t\t\t\t<div class=\"elementor-column elementor-col-100 elementor-top-column elementor-element elementor-element-557511b2\" data-id=\"557511b2\" data-element_type=\"column\" data-e-type=\"column\">\n\t\t\t<div class=\"elementor-widget-wrap elementor-element-populated\">\n\t\t\t\t\t\t<div class=\"elementor-element elementor-element-73d08fdc elementor-widget elementor-widget-text-editor\" data-id=\"73d08fdc\" data-element_type=\"widget\" data-e-type=\"widget\" data-widget_type=\"text-editor.default\">\n\t\t\t\t<div class=\"elementor-widget-container\">\n\t\t\t\t\t\t\t\t\t<p>La convocatoria est\u00e1 abierta a aplicaciones hasta el 3 de julio de 2024 y los acreedores de la beca ser\u00e1n notificados entre septiembre y octubre de 2024.<\/p><p>Algunos de los beneficios de esta beca son:<\/p><ul><li>$5,000 d\u00f3lares<\/li><li>Participaci\u00f3n en un Seminario de Desarrollo de Liderazgo de fin de semana.<\/li><li>Reconocimiento en la gala anual de la fundaci\u00f3n en noviembre.<\/li><\/ul><p>Los criterios de elegibilidad para aplicar a la Next Generation Scholarship son los siguientes:<\/p><ul><li>Ser de origen latino<\/li><li>No haber recibido previamente la beca de ILLCF<\/li><\/ul><p>Estar inscrito actualmente a tiempo parcial o completo en una universidad o colegio en uno de los siguientes programas:<\/p><ul><li style=\"list-style-type: none;\"><ul><li>Programa de certificaci\u00f3n, escuela vocacional, t\u00e9cnica o de comercio. (certificate, vocational, technical o trade school)<\/li><li>Grado de asociado o licenciatura (BS &amp; Assoc.)<\/li><li>Grado de posgrado (Master o PhD)<\/li><\/ul><\/li><\/ul><p>Cabe mencionar que los estudiantes sin estatus migratorio regular o los beneficiarios de DACA que viven en Illinois son bienvenidos a aplicar para esta beca.<\/p><p>Adem\u00e1s, los solicitantes deben proporcionar una carta de recomendaci\u00f3n o letter of recommendation (LOR). Esta carta puede ser de un profesor, consejero acad\u00e9mico, empleador o mentor que haya atestiguado los m\u00e9ritos, habilidades y aptitudes del estudiante.<\/p><p>De igual forma, los estudiantes deben presentar un documento dependiendo de su grado acad\u00e9mico, desde un texto de 250 palabras para los estudiantes de certificado un personal statement de mil palabras, para BS &amp; Assoc. o un writing prompt para los graduate level.<\/p><p>Una vez que re\u00fanas todos los documentos, completa tu aplicaci\u00f3n en el siguiente enlace: <a href=\"https:\/\/www.illcfoundation.org\/scholarship-program\/application\">https:\/\/www.illcfoundation.org\/scholarship-program\/application<\/a><\/p><p>Si tienes alguna duda o requieres informaci\u00f3n adicional, los interesados puedes contactar a <a href=\"mailto:info@illcfoundation.org\">info@illcfoundation.org<\/a>.<\/p>\t\t\t\t\t\t\t\t<\/div>\n\t\t\t\t<\/div>\n\t\t\t\t\t<\/div>\n\t\t<\/div>\n\t\t\t\t\t<\/div>\n\t\t<\/section>\n\t\t\t\t<section class=\"elementor-section elementor-top-section elementor-element elementor-element-2da62b80 elementor-section-boxed elementor-section-height-default elementor-section-height-default wpr-particle-no wpr-jarallax-no wpr-parallax-no wpr-sticky-section-no wpr-equal-height-no\" data-id=\"2da62b80\" data-element_type=\"section\" data-e-type=\"section\">\n\t\t\t\t\t\t<div class=\"elementor-container elementor-column-gap-default\">\n\t\t\t\t\t<div class=\"elementor-column elementor-col-100 elementor-top-column elementor-element elementor-element-5474e18e\" data-id=\"5474e18e\" data-element_type=\"column\" data-e-type=\"column\">\n\t\t\t<div class=\"elementor-widget-wrap elementor-element-populated\">\n\t\t\t\t\t\t<div class=\"elementor-element elementor-element-2eaf0432 elementor-widget elementor-widget-toggle\" data-id=\"2eaf0432\" data-element_type=\"widget\" data-e-type=\"widget\" data-widget_type=\"toggle.default\">\n\t\t\t\t<div class=\"elementor-widget-container\">\n\t\t\t\t\t\t\t<div class=\"elementor-toggle\">\n\t\t\t\t\t\t\t<div class=\"elementor-toggle-item\">\n\t\t\t\t\t<div id=\"elementor-tab-title-7831\" class=\"elementor-tab-title\" data-tab=\"1\" role=\"button\" aria-controls=\"elementor-tab-content-7831\" aria-expanded=\"false\">\n\t\t\t\t\t\t\t\t\t\t\t\t<span class=\"elementor-toggle-icon elementor-toggle-icon-left\" aria-hidden=\"true\">\n\t\t\t\t\t\t\t\t\t\t\t\t\t\t\t<span class=\"elementor-toggle-icon-closed\"><i class=\"fas fa-caret-right\"><\/i><\/span>\n\t\t\t\t\t\t\t\t<span class=\"elementor-toggle-icon-opened\"><i class=\"elementor-toggle-icon-opened fas fa-caret-up\"><\/i><\/span>\n\t\t\t\t\t\t\t\t\t\t\t\t\t<\/span>\n\t\t\t\t\t\t\t\t\t\t\t\t<a class=\"elementor-toggle-title\" tabindex=\"0\"> BIBLIOGRAPHY<\/a>\n\t\t\t\t\t<\/div>\n\n\t\t\t\t\t<div id=\"elementor-tab-content-7831\" class=\"elementor-tab-content elementor-clearfix\" data-tab=\"1\" role=\"region\" aria-labelledby=\"elementor-tab-title-7831\"><p><strong>ILLCFOUNDATION<\/strong><\/p><p><a href=\"https:\/\/www.illcfoundation.org\/scholarship-program\">https:\/\/www.illcfoundation.org\/scholarship-program<\/a><\/p><\/div>\n\t\t\t\t<\/div>\n\t\t\t\t\t\t\t\t<\/div>\n\t\t\t\t\t\t<\/div>\n\t\t\t\t<\/div>\n\t\t\t\t\t<\/div>\n\t\t<\/div>\n\t\t\t\t\t<\/div>\n\t\t<\/section>\n\t\t\t\t<\/div>","protected":false},"excerpt":{"rendered":"<p>Illinois Legislative Caucus Foundation ofrece 5 mil d\u00f3lares a estudiantes latinos en el estado.<\/p>","protected":false},"author":13,"featured_media":54722,"comment_status":"open","ping_status":"open","sticky":false,"template":"","format":"standard","meta":{"_uf_show_specific_survey":0,"_uf_disable_surveys":false,"footnotes":""},"categories":[1933],"tags":[1515,917,2992,1445,2993],"class_list":["post-54721","post","type-post","status-publish","format-standard","has-post-thumbnail","hentry","category-becas-y-educacion","tag-beca","tag-estudiantes-latinos","tag-illcf","tag-illinois","tag-next-generation-scholarship"],"aioseo_notices":[],"yoast_head":"<!-- This site is optimized with the Yoast SEO plugin v27.4 - https:\/\/yoast.com\/product\/yoast-seo-wordpress\/ -->\n<title>Fundaci\u00f3n en Illinois abre convocatoria de beca para estudiantes latinos sin importar estatus migratorio<\/title>\n<meta name=\"description\" content=\"Illinois Legislative Caucus Foundation ofrece abre convocatoria de beca para estudiantes latinos sin importar estatus migratorio.\" \/>\n<meta name=\"robots\" content=\"index, follow, max-snippet:-1, max-image-preview:large, max-video-preview:-1\" \/>\n<link rel=\"canonical\" href=\"https:\/\/accesolatino.org\/en\/fundacion-en-illinois-abre-convocatoria-de-beca-para-estudiantes-latinos-sin-importar-estatus-migratorio\/becas-y-educacion\/\" \/>\n<meta property=\"og:locale\" content=\"en_US\" \/>\n<meta property=\"og:type\" content=\"article\" \/>\n<meta property=\"og:title\" content=\"Fundaci\u00f3n en Illinois abre convocatoria de beca para estudiantes latinos sin importar estatus migratorio | Acceso Latino\" \/>\n<meta property=\"og:description\" content=\"Illinois Legislative Caucus Foundation ofrece abre convocatoria de beca para estudiantes latinos sin importar estatus migratorio.\" \/>\n<meta property=\"og:url\" content=\"https:\/\/accesolatino.org\/en\/fundacion-en-illinois-abre-convocatoria-de-beca-para-estudiantes-latinos-sin-importar-estatus-migratorio\/becas-y-educacion\/\" \/>\n<meta property=\"og:site_name\" content=\"Acceso Latino\" \/>\n<meta property=\"article:publisher\" content=\"https:\/\/www.facebook.com\/AccesoLatinoOrg\" \/>\n<meta property=\"article:published_time\" content=\"2024-06-05T23:55:00+00:00\" \/>\n<meta property=\"article:modified_time\" content=\"2024-06-06T00:06:05+00:00\" \/>\n<meta property=\"og:image\" content=\"https:\/\/accesolatino.org\/wp-content\/uploads\/2024\/06\/Becaparaestudianteslatinosde5000dolaresenIllinoisantesdel3dejulio.png\" \/>\n\t<meta property=\"og:image:width\" content=\"552\" \/>\n\t<meta property=\"og:image:height\" content=\"267\" \/>\n\t<meta property=\"og:image:type\" content=\"image\/png\" \/>\n<meta name=\"author\" content=\"Noticias\" \/>\n<meta name=\"twitter:card\" content=\"summary_large_image\" \/>\n<meta name=\"twitter:title\" content=\"Fundaci\u00f3n en Illinois abre convocatoria de beca para estudiantes latinos sin importar estatus migratorio | Acceso Latino\" \/>\n<meta name=\"twitter:description\" content=\"Illinois Legislative Caucus Foundation ofrece abre convocatoria de beca para estudiantes latinos sin importar estatus migratorio.\" \/>\n<meta name=\"twitter:image\" content=\"https:\/\/accesolatino.org\/wp-content\/uploads\/2024\/06\/Becaparaestudianteslatinosde5000dolaresenIllinoisantesdel3dejulio.png\" \/>\n<meta name=\"twitter:creator\" content=\"@FAccLatino\" \/>\n<meta name=\"twitter:site\" content=\"@FAccLatino\" \/>\n<meta name=\"twitter:label1\" content=\"Written by\" \/>\n\t<meta name=\"twitter:data1\" content=\"Noticias\" \/>\n\t<meta name=\"twitter:label2\" content=\"Est. reading time\" \/>\n\t<meta name=\"twitter:data2\" content=\"3 minutes\" \/>\n<script type=\"application\/ld+json\" class=\"yoast-schema-graph\">{\"@context\":\"https:\\\/\\\/schema.org\",\"@graph\":[{\"@type\":\"Article\",\"@id\":\"https:\\\/\\\/accesolatino.org\\\/fundacion-en-illinois-abre-convocatoria-de-beca-para-estudiantes-latinos-sin-importar-estatus-migratorio\\\/becas-y-educacion\\\/#article\",\"isPartOf\":{\"@id\":\"https:\\\/\\\/accesolatino.org\\\/fundacion-en-illinois-abre-convocatoria-de-beca-para-estudiantes-latinos-sin-importar-estatus-migratorio\\\/becas-y-educacion\\\/\"},\"author\":{\"name\":\"Noticias\",\"@id\":\"https:\\\/\\\/accesolatino.org\\\/#\\\/schema\\\/person\\\/6b654926a4e7e4709c9ad12459661666\"},\"headline\":\"Fundaci\u00f3n en Illinois abre convocatoria de beca para estudiantes latinos sin importar estatus migratorio\",\"datePublished\":\"2024-06-05T23:55:00+00:00\",\"dateModified\":\"2024-06-06T00:06:05+00:00\",\"mainEntityOfPage\":{\"@id\":\"https:\\\/\\\/accesolatino.org\\\/fundacion-en-illinois-abre-convocatoria-de-beca-para-estudiantes-latinos-sin-importar-estatus-migratorio\\\/becas-y-educacion\\\/\"},\"wordCount\":455,\"commentCount\":0,\"publisher\":{\"@id\":\"https:\\\/\\\/accesolatino.org\\\/#organization\"},\"image\":{\"@id\":\"https:\\\/\\\/accesolatino.org\\\/fundacion-en-illinois-abre-convocatoria-de-beca-para-estudiantes-latinos-sin-importar-estatus-migratorio\\\/becas-y-educacion\\\/#primaryimage\"},\"thumbnailUrl\":\"https:\\\/\\\/accesolatino.org\\\/wp-content\\\/uploads\\\/2024\\\/06\\\/Becaparaestudianteslatinosde5000dolaresenIllinoisantesdel3dejulio.png\",\"keywords\":[\"Beca\",\"Estudiantes latinos\",\"ILLCF\",\"Illinois\",\"Next Generation Scholarship\"],\"articleSection\":[\"Becas y Educaci\u00f3n\"],\"inLanguage\":\"en-US\",\"potentialAction\":[{\"@type\":\"CommentAction\",\"name\":\"Comment\",\"target\":[\"https:\\\/\\\/accesolatino.org\\\/fundacion-en-illinois-abre-convocatoria-de-beca-para-estudiantes-latinos-sin-importar-estatus-migratorio\\\/becas-y-educacion\\\/#respond\"]}]},{\"@type\":\"WebPage\",\"@id\":\"https:\\\/\\\/accesolatino.org\\\/fundacion-en-illinois-abre-convocatoria-de-beca-para-estudiantes-latinos-sin-importar-estatus-migratorio\\\/becas-y-educacion\\\/\",\"url\":\"https:\\\/\\\/accesolatino.org\\\/fundacion-en-illinois-abre-convocatoria-de-beca-para-estudiantes-latinos-sin-importar-estatus-migratorio\\\/becas-y-educacion\\\/\",\"name\":\"Fundaci\u00f3n en Illinois abre convocatoria de beca para estudiantes latinos sin importar estatus migratorio\",\"isPartOf\":{\"@id\":\"https:\\\/\\\/accesolatino.org\\\/#website\"},\"primaryImageOfPage\":{\"@id\":\"https:\\\/\\\/accesolatino.org\\\/fundacion-en-illinois-abre-convocatoria-de-beca-para-estudiantes-latinos-sin-importar-estatus-migratorio\\\/becas-y-educacion\\\/#primaryimage\"},\"image\":{\"@id\":\"https:\\\/\\\/accesolatino.org\\\/fundacion-en-illinois-abre-convocatoria-de-beca-para-estudiantes-latinos-sin-importar-estatus-migratorio\\\/becas-y-educacion\\\/#primaryimage\"},\"thumbnailUrl\":\"https:\\\/\\\/accesolatino.org\\\/wp-content\\\/uploads\\\/2024\\\/06\\\/Becaparaestudianteslatinosde5000dolaresenIllinoisantesdel3dejulio.png\",\"datePublished\":\"2024-06-05T23:55:00+00:00\",\"dateModified\":\"2024-06-06T00:06:05+00:00\",\"description\":\"Illinois Legislative Caucus Foundation ofrece abre convocatoria de beca para estudiantes latinos sin importar estatus migratorio.\",\"breadcrumb\":{\"@id\":\"https:\\\/\\\/accesolatino.org\\\/fundacion-en-illinois-abre-convocatoria-de-beca-para-estudiantes-latinos-sin-importar-estatus-migratorio\\\/becas-y-educacion\\\/#breadcrumb\"},\"inLanguage\":\"en-US\",\"potentialAction\":[{\"@type\":\"ReadAction\",\"target\":[\"https:\\\/\\\/accesolatino.org\\\/fundacion-en-illinois-abre-convocatoria-de-beca-para-estudiantes-latinos-sin-importar-estatus-migratorio\\\/becas-y-educacion\\\/\"]}]},{\"@type\":\"ImageObject\",\"inLanguage\":\"en-US\",\"@id\":\"https:\\\/\\\/accesolatino.org\\\/fundacion-en-illinois-abre-convocatoria-de-beca-para-estudiantes-latinos-sin-importar-estatus-migratorio\\\/becas-y-educacion\\\/#primaryimage\",\"url\":\"https:\\\/\\\/accesolatino.org\\\/wp-content\\\/uploads\\\/2024\\\/06\\\/Becaparaestudianteslatinosde5000dolaresenIllinoisantesdel3dejulio.png\",\"contentUrl\":\"https:\\\/\\\/accesolatino.org\\\/wp-content\\\/uploads\\\/2024\\\/06\\\/Becaparaestudianteslatinosde5000dolaresenIllinoisantesdel3dejulio.png\",\"width\":552,\"height\":267,\"caption\":\"beca estudiantes latinos\"},{\"@type\":\"BreadcrumbList\",\"@id\":\"https:\\\/\\\/accesolatino.org\\\/fundacion-en-illinois-abre-convocatoria-de-beca-para-estudiantes-latinos-sin-importar-estatus-migratorio\\\/becas-y-educacion\\\/#breadcrumb\",\"itemListElement\":[{\"@type\":\"ListItem\",\"position\":1,\"name\":\"Portada\",\"item\":\"https:\\\/\\\/accesolatino.org\\\/\"},{\"@type\":\"ListItem\",\"position\":2,\"name\":\"Becas y Educaci\u00f3n\",\"item\":\"https:\\\/\\\/accesolatino.org\\\/category\\\/becas-y-educacion\\\/\"},{\"@type\":\"ListItem\",\"position\":3,\"name\":\"Fundaci\u00f3n en Illinois abre convocatoria de beca para estudiantes latinos sin importar estatus migratorio\"}]},{\"@type\":\"WebSite\",\"@id\":\"https:\\\/\\\/accesolatino.org\\\/#website\",\"url\":\"https:\\\/\\\/accesolatino.org\\\/\",\"name\":\"Acceso Latino | Fundaci\u00f3n Carlos Slim\",\"description\":\"Fundaci\u00f3n Carlos Slim\",\"publisher\":{\"@id\":\"https:\\\/\\\/accesolatino.org\\\/#organization\"},\"potentialAction\":[{\"@type\":\"SearchAction\",\"target\":{\"@type\":\"EntryPoint\",\"urlTemplate\":\"https:\\\/\\\/accesolatino.org\\\/?s={search_term_string}\"},\"query-input\":{\"@type\":\"PropertyValueSpecification\",\"valueRequired\":true,\"valueName\":\"search_term_string\"}}],\"inLanguage\":\"en-US\"},{\"@type\":\"Organization\",\"@id\":\"https:\\\/\\\/accesolatino.org\\\/#organization\",\"name\":\"Acceso Latino | Fundaci\u00f3n Carlos Slim\",\"url\":\"https:\\\/\\\/accesolatino.org\\\/\",\"logo\":{\"@type\":\"ImageObject\",\"inLanguage\":\"en-US\",\"@id\":\"https:\\\/\\\/accesolatino.org\\\/#\\\/schema\\\/logo\\\/image\\\/\",\"url\":\"https:\\\/\\\/accesolatino.org\\\/wp-content\\\/uploads\\\/2021\\\/02\\\/logo-footer-acceso-latino.png\",\"contentUrl\":\"https:\\\/\\\/accesolatino.org\\\/wp-content\\\/uploads\\\/2021\\\/02\\\/logo-footer-acceso-latino.png\",\"width\":240,\"height\":40,\"caption\":\"Acceso Latino | Fundaci\u00f3n Carlos Slim\"},\"image\":{\"@id\":\"https:\\\/\\\/accesolatino.org\\\/#\\\/schema\\\/logo\\\/image\\\/\"},\"sameAs\":[\"https:\\\/\\\/www.facebook.com\\\/AccesoLatinoOrg\",\"https:\\\/\\\/x.com\\\/FAccLatino\"]},{\"@type\":\"Person\",\"@id\":\"https:\\\/\\\/accesolatino.org\\\/#\\\/schema\\\/person\\\/6b654926a4e7e4709c9ad12459661666\",\"name\":\"Noticias\"}]}<\/script>\n<!-- \/ Yoast SEO plugin. -->","yoast_head_json":{"title":"Fundaci\u00f3n en Illinois abre convocatoria de beca para estudiantes latinos sin importar estatus migratorio","description":"Illinois Legislative Caucus Foundation ofrece abre convocatoria de beca para estudiantes latinos sin importar estatus migratorio.","robots":{"index":"index","follow":"follow","max-snippet":"max-snippet:-1","max-image-preview":"max-image-preview:large","max-video-preview":"max-video-preview:-1"},"canonical":"https:\/\/accesolatino.org\/en\/fundacion-en-illinois-abre-convocatoria-de-beca-para-estudiantes-latinos-sin-importar-estatus-migratorio\/becas-y-educacion\/","og_locale":"en_US","og_type":"article","og_title":"Fundaci\u00f3n en Illinois abre convocatoria de beca para estudiantes latinos sin importar estatus migratorio | Acceso Latino","og_description":"Illinois Legislative Caucus Foundation ofrece abre convocatoria de beca para estudiantes latinos sin importar estatus migratorio.","og_url":"https:\/\/accesolatino.org\/en\/fundacion-en-illinois-abre-convocatoria-de-beca-para-estudiantes-latinos-sin-importar-estatus-migratorio\/becas-y-educacion\/","og_site_name":"Acceso Latino","article_publisher":"https:\/\/www.facebook.com\/AccesoLatinoOrg","article_published_time":"2024-06-05T23:55:00+00:00","article_modified_time":"2024-06-06T00:06:05+00:00","og_image":[{"width":552,"height":267,"url":"https:\/\/accesolatino.org\/wp-content\/uploads\/2024\/06\/Becaparaestudianteslatinosde5000dolaresenIllinoisantesdel3dejulio.png","type":"image\/png"}],"author":"Noticias","twitter_card":"summary_large_image","twitter_title":"Fundaci\u00f3n en Illinois abre convocatoria de beca para estudiantes latinos sin importar estatus migratorio | Acceso Latino","twitter_description":"Illinois Legislative Caucus Foundation ofrece abre convocatoria de beca para estudiantes latinos sin importar estatus migratorio.","twitter_image":"https:\/\/accesolatino.org\/wp-content\/uploads\/2024\/06\/Becaparaestudianteslatinosde5000dolaresenIllinoisantesdel3dejulio.png","twitter_creator":"@FAccLatino","twitter_site":"@FAccLatino","twitter_misc":{"Written by":"Noticias","Est. reading time":"3 minutes"},"schema":{"@context":"https:\/\/schema.org","@graph":[{"@type":"Article","@id":"https:\/\/accesolatino.org\/fundacion-en-illinois-abre-convocatoria-de-beca-para-estudiantes-latinos-sin-importar-estatus-migratorio\/becas-y-educacion\/#article","isPartOf":{"@id":"https:\/\/accesolatino.org\/fundacion-en-illinois-abre-convocatoria-de-beca-para-estudiantes-latinos-sin-importar-estatus-migratorio\/becas-y-educacion\/"},"author":{"name":"Noticias","@id":"https:\/\/accesolatino.org\/#\/schema\/person\/6b654926a4e7e4709c9ad12459661666"},"headline":"Fundaci\u00f3n en Illinois abre convocatoria de beca para estudiantes latinos sin importar estatus migratorio","datePublished":"2024-06-05T23:55:00+00:00","dateModified":"2024-06-06T00:06:05+00:00","mainEntityOfPage":{"@id":"https:\/\/accesolatino.org\/fundacion-en-illinois-abre-convocatoria-de-beca-para-estudiantes-latinos-sin-importar-estatus-migratorio\/becas-y-educacion\/"},"wordCount":455,"commentCount":0,"publisher":{"@id":"https:\/\/accesolatino.org\/#organization"},"image":{"@id":"https:\/\/accesolatino.org\/fundacion-en-illinois-abre-convocatoria-de-beca-para-estudiantes-latinos-sin-importar-estatus-migratorio\/becas-y-educacion\/#primaryimage"},"thumbnailUrl":"https:\/\/accesolatino.org\/wp-content\/uploads\/2024\/06\/Becaparaestudianteslatinosde5000dolaresenIllinoisantesdel3dejulio.png","keywords":["Beca","Estudiantes latinos","ILLCF","Illinois","Next Generation Scholarship"],"articleSection":["Becas y Educaci\u00f3n"],"inLanguage":"en-US","potentialAction":[{"@type":"CommentAction","name":"Comment","target":["https:\/\/accesolatino.org\/fundacion-en-illinois-abre-convocatoria-de-beca-para-estudiantes-latinos-sin-importar-estatus-migratorio\/becas-y-educacion\/#respond"]}]},{"@type":"WebPage","@id":"https:\/\/accesolatino.org\/fundacion-en-illinois-abre-convocatoria-de-beca-para-estudiantes-latinos-sin-importar-estatus-migratorio\/becas-y-educacion\/","url":"https:\/\/accesolatino.org\/fundacion-en-illinois-abre-convocatoria-de-beca-para-estudiantes-latinos-sin-importar-estatus-migratorio\/becas-y-educacion\/","name":"Fundaci\u00f3n en Illinois abre convocatoria de beca para estudiantes latinos sin importar estatus migratorio","isPartOf":{"@id":"https:\/\/accesolatino.org\/#website"},"primaryImageOfPage":{"@id":"https:\/\/accesolatino.org\/fundacion-en-illinois-abre-convocatoria-de-beca-para-estudiantes-latinos-sin-importar-estatus-migratorio\/becas-y-educacion\/#primaryimage"},"image":{"@id":"https:\/\/accesolatino.org\/fundacion-en-illinois-abre-convocatoria-de-beca-para-estudiantes-latinos-sin-importar-estatus-migratorio\/becas-y-educacion\/#primaryimage"},"thumbnailUrl":"https:\/\/accesolatino.org\/wp-content\/uploads\/2024\/06\/Becaparaestudianteslatinosde5000dolaresenIllinoisantesdel3dejulio.png","datePublished":"2024-06-05T23:55:00+00:00","dateModified":"2024-06-06T00:06:05+00:00","description":"Illinois Legislative Caucus Foundation ofrece abre convocatoria de beca para estudiantes latinos sin importar estatus migratorio.","breadcrumb":{"@id":"https:\/\/accesolatino.org\/fundacion-en-illinois-abre-convocatoria-de-beca-para-estudiantes-latinos-sin-importar-estatus-migratorio\/becas-y-educacion\/#breadcrumb"},"inLanguage":"en-US","potentialAction":[{"@type":"ReadAction","target":["https:\/\/accesolatino.org\/fundacion-en-illinois-abre-convocatoria-de-beca-para-estudiantes-latinos-sin-importar-estatus-migratorio\/becas-y-educacion\/"]}]},{"@type":"ImageObject","inLanguage":"en-US","@id":"https:\/\/accesolatino.org\/fundacion-en-illinois-abre-convocatoria-de-beca-para-estudiantes-latinos-sin-importar-estatus-migratorio\/becas-y-educacion\/#primaryimage","url":"https:\/\/accesolatino.org\/wp-content\/uploads\/2024\/06\/Becaparaestudianteslatinosde5000dolaresenIllinoisantesdel3dejulio.png","contentUrl":"https:\/\/accesolatino.org\/wp-content\/uploads\/2024\/06\/Becaparaestudianteslatinosde5000dolaresenIllinoisantesdel3dejulio.png","width":552,"height":267,"caption":"beca estudiantes latinos"},{"@type":"BreadcrumbList","@id":"https:\/\/accesolatino.org\/fundacion-en-illinois-abre-convocatoria-de-beca-para-estudiantes-latinos-sin-importar-estatus-migratorio\/becas-y-educacion\/#breadcrumb","itemListElement":[{"@type":"ListItem","position":1,"name":"Portada","item":"https:\/\/accesolatino.org\/"},{"@type":"ListItem","position":2,"name":"Becas y Educaci\u00f3n","item":"https:\/\/accesolatino.org\/category\/becas-y-educacion\/"},{"@type":"ListItem","position":3,"name":"Fundaci\u00f3n en Illinois abre convocatoria de beca para estudiantes latinos sin importar estatus migratorio"}]},{"@type":"WebSite","@id":"https:\/\/accesolatino.org\/#website","url":"https:\/\/accesolatino.org\/","name":"Acceso Latino | Fundaci\u00f3n Carlos Slim","description":"Fundaci\u00f3n Carlos Slim","publisher":{"@id":"https:\/\/accesolatino.org\/#organization"},"potentialAction":[{"@type":"SearchAction","target":{"@type":"EntryPoint","urlTemplate":"https:\/\/accesolatino.org\/?s={search_term_string}"},"query-input":{"@type":"PropertyValueSpecification","valueRequired":true,"valueName":"search_term_string"}}],"inLanguage":"en-US"},{"@type":"Organization","@id":"https:\/\/accesolatino.org\/#organization","name":"Acceso Latino | Fundaci\u00f3n Carlos Slim","url":"https:\/\/accesolatino.org\/","logo":{"@type":"ImageObject","inLanguage":"en-US","@id":"https:\/\/accesolatino.org\/#\/schema\/logo\/image\/","url":"https:\/\/accesolatino.org\/wp-content\/uploads\/2021\/02\/logo-footer-acceso-latino.png","contentUrl":"https:\/\/accesolatino.org\/wp-content\/uploads\/2021\/02\/logo-footer-acceso-latino.png","width":240,"height":40,"caption":"Acceso Latino | Fundaci\u00f3n Carlos Slim"},"image":{"@id":"https:\/\/accesolatino.org\/#\/schema\/logo\/image\/"},"sameAs":["https:\/\/www.facebook.com\/AccesoLatinoOrg","https:\/\/x.com\/FAccLatino"]},{"@type":"Person","@id":"https:\/\/accesolatino.org\/#\/schema\/person\/6b654926a4e7e4709c9ad12459661666","name":"News"}]}},"_links":{"self":[{"href":"https:\/\/accesolatino.org\/en\/wp-json\/wp\/v2\/posts\/54721","targetHints":{"allow":["GET"]}}],"collection":[{"href":"https:\/\/accesolatino.org\/en\/wp-json\/wp\/v2\/posts"}],"about":[{"href":"https:\/\/accesolatino.org\/en\/wp-json\/wp\/v2\/types\/post"}],"author":[{"embeddable":true,"href":"https:\/\/accesolatino.org\/en\/wp-json\/wp\/v2\/users\/13"}],"replies":[{"embeddable":true,"href":"https:\/\/accesolatino.org\/en\/wp-json\/wp\/v2\/comments?post=54721"}],"version-history":[{"count":0,"href":"https:\/\/accesolatino.org\/en\/wp-json\/wp\/v2\/posts\/54721\/revisions"}],"wp:featuredmedia":[{"embeddable":true,"href":"https:\/\/accesolatino.org\/en\/wp-json\/wp\/v2\/media\/54722"}],"wp:attachment":[{"href":"https:\/\/accesolatino.org\/en\/wp-json\/wp\/v2\/media?parent=54721"}],"wp:term":[{"taxonomy":"category","embeddable":true,"href":"https:\/\/accesolatino.org\/en\/wp-json\/wp\/v2\/categories?post=54721"},{"taxonomy":"post_tag","embeddable":true,"href":"https:\/\/accesolatino.org\/en\/wp-json\/wp\/v2\/tags?post=54721"}],"curies":[{"name":"wp","href":"https:\/\/api.w.org\/{rel}","templated":true}]}}