{"id":54485,"date":"2024-05-10T09:00:00","date_gmt":"2024-05-10T15:00:00","guid":{"rendered":"https:\/\/accesolatino.org\/?p=54485"},"modified":"2024-05-08T14:21:55","modified_gmt":"2024-05-08T20:21:55","slug":"puedo-aplicar-al-seguro-de-desempleo-si-no-soy-ciudadano","status":"publish","type":"post","link":"https:\/\/accesolatino.org\/en\/puedo-aplicar-al-seguro-de-desempleo-si-no-soy-ciudadano\/empleabilidad-y-emprendimiento\/","title":{"rendered":"\u00bfPuedo aplicar al seguro de desempleo si no soy ciudadano?"},"content":{"rendered":"<div data-elementor-type=\"wp-post\" data-elementor-id=\"54485\" class=\"elementor elementor-54485\">\n\t\t\t\t\t\t<section class=\"elementor-section elementor-top-section elementor-element elementor-element-24f20003 elementor-section-boxed elementor-section-height-default elementor-section-height-default wpr-particle-no wpr-jarallax-no wpr-parallax-no wpr-sticky-section-no wpr-equal-height-no\" data-id=\"24f20003\" data-element_type=\"section\" data-e-type=\"section\">\n\t\t\t\t\t\t<div class=\"elementor-container elementor-column-gap-default\">\n\t\t\t\t\t<div class=\"elementor-column elementor-col-100 elementor-top-column elementor-element elementor-element-306b9ac\" data-id=\"306b9ac\" data-element_type=\"column\" data-e-type=\"column\">\n\t\t\t<div class=\"elementor-widget-wrap elementor-element-populated\">\n\t\t\t\t\t\t<div class=\"elementor-element elementor-element-67c93cc2 elementor-widget elementor-widget-heading\" data-id=\"67c93cc2\" data-element_type=\"widget\" data-e-type=\"widget\" data-widget_type=\"heading.default\">\n\t\t\t\t<div class=\"elementor-widget-container\">\n\t\t\t\t\t<h2 class=\"elementor-heading-title elementor-size-default\">Los residentes permanentes y otros trabajadores no ciudadanos pueden obtener un seguro de desempleo al igual que los ciudadanos estadounidenses.<\/h2>\t\t\t\t<\/div>\n\t\t\t\t<\/div>\n\t\t\t\t\t<\/div>\n\t\t<\/div>\n\t\t\t\t\t<\/div>\n\t\t<\/section>\n\t\t\t\t<section class=\"elementor-section elementor-top-section elementor-element elementor-element-9943f83 elementor-section-boxed elementor-section-height-default elementor-section-height-default wpr-particle-no wpr-jarallax-no wpr-parallax-no wpr-sticky-section-no wpr-equal-height-no\" data-id=\"9943f83\" data-element_type=\"section\" data-e-type=\"section\">\n\t\t\t\t\t\t<div class=\"elementor-container elementor-column-gap-default\">\n\t\t\t\t\t<div class=\"elementor-column elementor-col-100 elementor-top-column elementor-element elementor-element-fa8e17d\" data-id=\"fa8e17d\" data-element_type=\"column\" data-e-type=\"column\">\n\t\t\t<div class=\"elementor-widget-wrap elementor-element-populated\">\n\t\t\t\t\t\t<div class=\"elementor-element elementor-element-2f6689dc elementor-widget elementor-widget-text-editor\" data-id=\"2f6689dc\" data-element_type=\"widget\" data-e-type=\"widget\" data-widget_type=\"text-editor.default\">\n\t\t\t\t<div class=\"elementor-widget-container\">\n\t\t\t\t\t\t\t\t\t<p>El seguro de desempleo es un recurso de suma importancia para las personas que pierden su trabajo en Estados Unidos. Al igual que los ciudadanos, los residentes permanentes y otros tipos de trabajadores inmigrantes pueden acceder a este beneficio, sin embargo, presenta distintas particularidades.<\/p><p>En primer lugar, el seguro de desempleo o unemployment insurance (UI) es un programa que proporciona pagos a ciertos trabajadores que se encuentran desempleados por causas ajenas a ellos y que cumplen con ciertos requisitos. El prop\u00f3sito de este seguro es ayudar a los trabajadores a mantenerse activos en la b\u00fasqueda de trabajo al ofrecerles asistencia temporal. Para los residentes permanentes y otros no ciudadanos en Estados Unidos, el acceso al seguro de desempleo est\u00e1 disponible bajo ciertas condiciones.<\/p><p>Para acceder a un UI, es importante haber trabajado en un empleo cubierto por el programa de seguro de desempleo y haber perdido ese trabajo por razones ajenas a su voluntad, como despidos o reducciones de personal. Adem\u00e1s, los no ciudadanos deben cumplir con los requisitos de elegibilidad estatales, que pueden variar seg\u00fan cada estado.<\/p>\t\t\t\t\t\t\t\t<\/div>\n\t\t\t\t<\/div>\n\t\t\t\t\t<\/div>\n\t\t<\/div>\n\t\t\t\t\t<\/div>\n\t\t<\/section>\n\t\t\t\t<section class=\"elementor-section elementor-top-section elementor-element elementor-element-4d297bee elementor-section-boxed elementor-section-height-default elementor-section-height-default wpr-particle-no wpr-jarallax-no wpr-parallax-no wpr-sticky-section-no wpr-equal-height-no\" data-id=\"4d297bee\" data-element_type=\"section\" data-e-type=\"section\">\n\t\t\t\t\t\t<div class=\"elementor-container elementor-column-gap-default\">\n\t\t\t\t\t<div class=\"elementor-column elementor-col-50 elementor-top-column elementor-element elementor-element-346bb5be\" data-id=\"346bb5be\" data-element_type=\"column\" data-e-type=\"column\">\n\t\t\t<div class=\"elementor-widget-wrap elementor-element-populated\">\n\t\t\t\t\t\t<div class=\"elementor-element elementor-element-3182163f elementor-widget elementor-widget-image\" data-id=\"3182163f\" data-element_type=\"widget\" data-e-type=\"widget\" data-widget_type=\"image.default\">\n\t\t\t\t<div class=\"elementor-widget-container\">\n\t\t\t\t\t\t\t\t\t\t\t\t\t\t\t<img fetchpriority=\"high\" decoding=\"async\" width=\"553\" height=\"267\" src=\"https:\/\/accesolatino.org\/wp-content\/uploads\/2024\/05\/Cuales_son_los_inmigrantes_que_pueden_aplicar_para_el_desempleo_en_EE._UU-1.png\" class=\"attachment-full size-full wp-image-54488\" alt=\"seguro de desempleo\" srcset=\"https:\/\/accesolatino.org\/wp-content\/uploads\/2024\/05\/Cuales_son_los_inmigrantes_que_pueden_aplicar_para_el_desempleo_en_EE._UU-1.png 553w, https:\/\/accesolatino.org\/wp-content\/uploads\/2024\/05\/Cuales_son_los_inmigrantes_que_pueden_aplicar_para_el_desempleo_en_EE._UU-1-300x145.png 300w, https:\/\/accesolatino.org\/wp-content\/uploads\/2024\/05\/Cuales_son_los_inmigrantes_que_pueden_aplicar_para_el_desempleo_en_EE._UU-1-18x9.png 18w\" sizes=\"(max-width: 553px) 100vw, 553px\" \/>\t\t\t\t\t\t\t\t\t\t\t\t\t\t\t<\/div>\n\t\t\t\t<\/div>\n\t\t\t\t\t<\/div>\n\t\t<\/div>\n\t\t\t\t<div class=\"elementor-column elementor-col-50 elementor-top-column elementor-element elementor-element-5fd650d4\" data-id=\"5fd650d4\" data-element_type=\"column\" data-e-type=\"column\">\n\t\t\t<div class=\"elementor-widget-wrap elementor-element-populated\">\n\t\t\t\t\t\t<div class=\"elementor-element elementor-element-63c1cd12 elementor-widget elementor-widget-text-editor\" data-id=\"63c1cd12\" data-element_type=\"widget\" data-e-type=\"widget\" data-widget_type=\"text-editor.default\">\n\t\t\t\t<div class=\"elementor-widget-container\">\n\t\t\t\t\t\t\t\t\t<p>Para acceder a un UI es necesario haber trabajado al menos 18 meses a tiempo completo en su \u00faltimo trabajo. Cumpliendo este requisito, lo m\u00e1s seguro es que los trabajadores cumplan con su \u201cperiodo base\u201d para obtener el seguro. No obstante, el beneficio puede reducirse si es que el trabajador no trabaj\u00f3 a tiempo completo durante todo este periodo.<\/p>\t\t\t\t\t\t\t\t<\/div>\n\t\t\t\t<\/div>\n\t\t\t\t\t<\/div>\n\t\t<\/div>\n\t\t\t\t\t<\/div>\n\t\t<\/section>\n\t\t\t\t<section class=\"elementor-section elementor-top-section elementor-element elementor-element-39cf409e elementor-section-boxed elementor-section-height-default elementor-section-height-default wpr-particle-no wpr-jarallax-no wpr-parallax-no wpr-sticky-section-no wpr-equal-height-no\" data-id=\"39cf409e\" data-element_type=\"section\" data-e-type=\"section\">\n\t\t\t\t\t\t<div class=\"elementor-container elementor-column-gap-default\">\n\t\t\t\t\t<div class=\"elementor-column elementor-col-100 elementor-top-column elementor-element elementor-element-4608a769\" data-id=\"4608a769\" data-element_type=\"column\" data-e-type=\"column\">\n\t\t\t<div class=\"elementor-widget-wrap elementor-element-populated\">\n\t\t\t\t\t\t<div class=\"elementor-element elementor-element-75e699ea elementor-widget elementor-widget-text-editor\" data-id=\"75e699ea\" data-element_type=\"widget\" data-e-type=\"widget\" data-widget_type=\"text-editor.default\">\n\t\t\t\t<div class=\"elementor-widget-container\">\n\t\t\t\t\t\t\t\t\t<p>De igual forma, los trabajadores deben estar dispuestos, disponibles y ser capaces de trabajar de manera activa para buscar y aceptar empleo adecuado mientras reciben beneficios de desempleo. De igual manera, deben registrarse en el servicio estatal de b\u00fasqueda de empleo, si es requerido por la agencia estatal de desempleo.<\/p><p>Otro de los requisitos es contar con un documento de autorizaci\u00f3n de empleo, esto hace que otros trabajadores no ciudadanos sean elegibles, por ejemplo, trabajadores con visas de trabajo o beneficiarios DACA.<\/p><p>Es importante tener en cuenta que los no ciudadanos pueden ser elegibles para recibir beneficios de desempleo por un per\u00edodo limitado, que var\u00eda seg\u00fan cada estado y las circunstancias individuales. La mejor opci\u00f3n es permanecer informado sobre las pautas y requisitos de elegibilidad en el estado donde vives, y as\u00ed garantizar que eres elegible para este beneficio en caso de perder tu empleo.<\/p>\t\t\t\t\t\t\t\t<\/div>\n\t\t\t\t<\/div>\n\t\t\t\t\t<\/div>\n\t\t<\/div>\n\t\t\t\t\t<\/div>\n\t\t<\/section>\n\t\t\t\t<section class=\"elementor-section elementor-top-section elementor-element elementor-element-4ad5a1b0 elementor-section-boxed elementor-section-height-default elementor-section-height-default wpr-particle-no wpr-jarallax-no wpr-parallax-no wpr-sticky-section-no wpr-equal-height-no\" data-id=\"4ad5a1b0\" data-element_type=\"section\" data-e-type=\"section\">\n\t\t\t\t\t\t<div class=\"elementor-container elementor-column-gap-default\">\n\t\t\t\t\t<div class=\"elementor-column elementor-col-100 elementor-top-column elementor-element elementor-element-45914303\" data-id=\"45914303\" data-element_type=\"column\" data-e-type=\"column\">\n\t\t\t<div class=\"elementor-widget-wrap elementor-element-populated\">\n\t\t\t\t\t\t<div class=\"elementor-element elementor-element-71a64703 elementor-widget elementor-widget-toggle\" data-id=\"71a64703\" data-element_type=\"widget\" data-e-type=\"widget\" data-widget_type=\"toggle.default\">\n\t\t\t\t<div class=\"elementor-widget-container\">\n\t\t\t\t\t\t\t<div class=\"elementor-toggle\">\n\t\t\t\t\t\t\t<div class=\"elementor-toggle-item\">\n\t\t\t\t\t<div id=\"elementor-tab-title-1901\" class=\"elementor-tab-title\" data-tab=\"1\" role=\"button\" aria-controls=\"elementor-tab-content-1901\" aria-expanded=\"false\">\n\t\t\t\t\t\t\t\t\t\t\t\t<span class=\"elementor-toggle-icon elementor-toggle-icon-left\" aria-hidden=\"true\">\n\t\t\t\t\t\t\t\t\t\t\t\t\t\t\t<span class=\"elementor-toggle-icon-closed\"><i class=\"fas fa-caret-right\"><\/i><\/span>\n\t\t\t\t\t\t\t\t<span class=\"elementor-toggle-icon-opened\"><i class=\"elementor-toggle-icon-opened fas fa-caret-up\"><\/i><\/span>\n\t\t\t\t\t\t\t\t\t\t\t\t\t<\/span>\n\t\t\t\t\t\t\t\t\t\t\t\t<a class=\"elementor-toggle-title\" tabindex=\"0\"> BIBLIOGRAPHY<\/a>\n\t\t\t\t\t<\/div>\n\n\t\t\t\t\t<div id=\"elementor-tab-content-1901\" class=\"elementor-tab-content elementor-clearfix\" data-tab=\"1\" role=\"region\" aria-labelledby=\"elementor-tab-title-1901\"><p><strong>CITIZEN PATH<\/strong><\/p><p><a href=\"https:\/\/citizenpath.com\/unemployment-benefits-for-green-card-holders\/\">https:\/\/citizenpath.com\/unemployment-benefits-for-green-card-holders\/<\/a><\/p><\/div>\n\t\t\t\t<\/div>\n\t\t\t\t\t\t\t\t<\/div>\n\t\t\t\t\t\t<\/div>\n\t\t\t\t<\/div>\n\t\t\t\t\t<\/div>\n\t\t<\/div>\n\t\t\t\t\t<\/div>\n\t\t<\/section>\n\t\t\t\t<\/div>","protected":false},"excerpt":{"rendered":"<p>Los residentes permanentes y otros trabajadores no ciudadanos pueden obtener un seguro de desempleo al igual que los ciudadanos estadounidenses.<\/p>","protected":false},"author":5,"featured_media":54488,"comment_status":"open","ping_status":"open","sticky":false,"template":"","format":"standard","meta":{"_uf_show_specific_survey":0,"_uf_disable_surveys":false,"footnotes":""},"categories":[1931,14],"tags":[68,295,2405,2201,2345],"class_list":["post-54485","post","type-post","status-publish","format-standard","has-post-thumbnail","hentry","category-empleabilidad-y-emprendimiento","category-empleo","tag-daca","tag-no-ciudadanos","tag-residentes-permanentes","tag-seguro-de-desempleo","tag-ui"],"aioseo_notices":[],"yoast_head":"<!-- This site is optimized with the Yoast SEO plugin v27.4 - https:\/\/yoast.com\/product\/yoast-seo-wordpress\/ -->\n<title>\u00bfPuedo aplicar al seguro de desempleo si no soy ciudadano?<\/title>\n<meta name=\"description\" content=\"C\u00f3mo puedo aplicar al seguro de desempleo o UI si soy no ciudadano, como residente permanente, o titular de visa de trabajo.\" \/>\n<meta name=\"robots\" content=\"index, follow, max-snippet:-1, max-image-preview:large, max-video-preview:-1\" \/>\n<link rel=\"canonical\" href=\"https:\/\/accesolatino.org\/en\/puedo-aplicar-al-seguro-de-desempleo-si-no-soy-ciudadano\/empleabilidad-y-emprendimiento\/\" \/>\n<meta property=\"og:locale\" content=\"en_US\" \/>\n<meta property=\"og:type\" content=\"article\" \/>\n<meta property=\"og:title\" content=\"\u00bfPuedo aplicar al seguro de desempleo si no soy ciudadano? | Acceso Latino\" \/>\n<meta property=\"og:description\" content=\"C\u00f3mo puedo aplicar al seguro de desempleo o UI si soy no ciudadano, como residente permanente, o titular de visa de trabajo.\" \/>\n<meta property=\"og:url\" content=\"https:\/\/accesolatino.org\/en\/puedo-aplicar-al-seguro-de-desempleo-si-no-soy-ciudadano\/empleabilidad-y-emprendimiento\/\" \/>\n<meta property=\"og:site_name\" content=\"Acceso Latino\" \/>\n<meta property=\"article:publisher\" content=\"https:\/\/www.facebook.com\/AccesoLatinoOrg\" \/>\n<meta property=\"article:published_time\" content=\"2024-05-10T15:00:00+00:00\" \/>\n<meta property=\"og:image\" content=\"https:\/\/accesolatino.org\/wp-content\/uploads\/2024\/05\/Cuales_son_los_inmigrantes_que_pueden_aplicar_para_el_desempleo_en_EE._UU-1.png\" \/>\n\t<meta property=\"og:image:width\" content=\"553\" \/>\n\t<meta property=\"og:image:height\" content=\"267\" \/>\n\t<meta property=\"og:image:type\" content=\"image\/png\" \/>\n<meta name=\"author\" content=\"Empleo Empleo\" \/>\n<meta name=\"twitter:card\" content=\"summary_large_image\" \/>\n<meta name=\"twitter:title\" content=\"\u00bfPuedo aplicar al seguro de desempleo si no soy ciudadano? | Acceso Latino\" \/>\n<meta name=\"twitter:description\" content=\"C\u00f3mo puedo aplicar al seguro de desempleo o UI si soy no ciudadano, como residente permanente, o titular de visa de trabajo.\" \/>\n<meta name=\"twitter:image\" content=\"https:\/\/accesolatino.org\/wp-content\/uploads\/2024\/05\/Cuales_son_los_inmigrantes_que_pueden_aplicar_para_el_desempleo_en_EE._UU.png\" \/>\n<meta name=\"twitter:creator\" content=\"@FAccLatino\" \/>\n<meta name=\"twitter:site\" content=\"@FAccLatino\" \/>\n<meta name=\"twitter:label1\" content=\"Written by\" \/>\n\t<meta name=\"twitter:data1\" content=\"Empleo Empleo\" \/>\n\t<meta name=\"twitter:label2\" content=\"Est. reading time\" \/>\n\t<meta name=\"twitter:data2\" content=\"3 minutes\" \/>\n<script type=\"application\/ld+json\" class=\"yoast-schema-graph\">{\"@context\":\"https:\\\/\\\/schema.org\",\"@graph\":[{\"@type\":\"Article\",\"@id\":\"https:\\\/\\\/accesolatino.org\\\/puedo-aplicar-al-seguro-de-desempleo-si-no-soy-ciudadano\\\/empleabilidad-y-emprendimiento\\\/#article\",\"isPartOf\":{\"@id\":\"https:\\\/\\\/accesolatino.org\\\/puedo-aplicar-al-seguro-de-desempleo-si-no-soy-ciudadano\\\/empleabilidad-y-emprendimiento\\\/\"},\"author\":{\"name\":\"Empleo Empleo\",\"@id\":\"https:\\\/\\\/accesolatino.org\\\/#\\\/schema\\\/person\\\/4b39bc01e39caf7029e5493c390140f0\"},\"headline\":\"\u00bfPuedo aplicar al seguro de desempleo si no soy ciudadano?\",\"datePublished\":\"2024-05-10T15:00:00+00:00\",\"mainEntityOfPage\":{\"@id\":\"https:\\\/\\\/accesolatino.org\\\/puedo-aplicar-al-seguro-de-desempleo-si-no-soy-ciudadano\\\/empleabilidad-y-emprendimiento\\\/\"},\"wordCount\":430,\"commentCount\":0,\"publisher\":{\"@id\":\"https:\\\/\\\/accesolatino.org\\\/#organization\"},\"image\":{\"@id\":\"https:\\\/\\\/accesolatino.org\\\/puedo-aplicar-al-seguro-de-desempleo-si-no-soy-ciudadano\\\/empleabilidad-y-emprendimiento\\\/#primaryimage\"},\"thumbnailUrl\":\"https:\\\/\\\/accesolatino.org\\\/wp-content\\\/uploads\\\/2024\\\/05\\\/Cuales_son_los_inmigrantes_que_pueden_aplicar_para_el_desempleo_en_EE._UU-1.png\",\"keywords\":[\"DACA\",\"No ciudadanos\",\"Residentes permanentes\",\"Seguro de desempleo\",\"UI\"],\"articleSection\":[\"Empleabilidad y emprendimiento\",\"Empleo\"],\"inLanguage\":\"en-US\",\"potentialAction\":[{\"@type\":\"CommentAction\",\"name\":\"Comment\",\"target\":[\"https:\\\/\\\/accesolatino.org\\\/puedo-aplicar-al-seguro-de-desempleo-si-no-soy-ciudadano\\\/empleabilidad-y-emprendimiento\\\/#respond\"]}]},{\"@type\":\"WebPage\",\"@id\":\"https:\\\/\\\/accesolatino.org\\\/puedo-aplicar-al-seguro-de-desempleo-si-no-soy-ciudadano\\\/empleabilidad-y-emprendimiento\\\/\",\"url\":\"https:\\\/\\\/accesolatino.org\\\/puedo-aplicar-al-seguro-de-desempleo-si-no-soy-ciudadano\\\/empleabilidad-y-emprendimiento\\\/\",\"name\":\"\u00bfPuedo aplicar al seguro de desempleo si no soy ciudadano?\",\"isPartOf\":{\"@id\":\"https:\\\/\\\/accesolatino.org\\\/#website\"},\"primaryImageOfPage\":{\"@id\":\"https:\\\/\\\/accesolatino.org\\\/puedo-aplicar-al-seguro-de-desempleo-si-no-soy-ciudadano\\\/empleabilidad-y-emprendimiento\\\/#primaryimage\"},\"image\":{\"@id\":\"https:\\\/\\\/accesolatino.org\\\/puedo-aplicar-al-seguro-de-desempleo-si-no-soy-ciudadano\\\/empleabilidad-y-emprendimiento\\\/#primaryimage\"},\"thumbnailUrl\":\"https:\\\/\\\/accesolatino.org\\\/wp-content\\\/uploads\\\/2024\\\/05\\\/Cuales_son_los_inmigrantes_que_pueden_aplicar_para_el_desempleo_en_EE._UU-1.png\",\"datePublished\":\"2024-05-10T15:00:00+00:00\",\"description\":\"C\u00f3mo puedo aplicar al seguro de desempleo o UI si soy no ciudadano, como residente permanente, o titular de visa de trabajo.\",\"breadcrumb\":{\"@id\":\"https:\\\/\\\/accesolatino.org\\\/puedo-aplicar-al-seguro-de-desempleo-si-no-soy-ciudadano\\\/empleabilidad-y-emprendimiento\\\/#breadcrumb\"},\"inLanguage\":\"en-US\",\"potentialAction\":[{\"@type\":\"ReadAction\",\"target\":[\"https:\\\/\\\/accesolatino.org\\\/puedo-aplicar-al-seguro-de-desempleo-si-no-soy-ciudadano\\\/empleabilidad-y-emprendimiento\\\/\"]}]},{\"@type\":\"ImageObject\",\"inLanguage\":\"en-US\",\"@id\":\"https:\\\/\\\/accesolatino.org\\\/puedo-aplicar-al-seguro-de-desempleo-si-no-soy-ciudadano\\\/empleabilidad-y-emprendimiento\\\/#primaryimage\",\"url\":\"https:\\\/\\\/accesolatino.org\\\/wp-content\\\/uploads\\\/2024\\\/05\\\/Cuales_son_los_inmigrantes_que_pueden_aplicar_para_el_desempleo_en_EE._UU-1.png\",\"contentUrl\":\"https:\\\/\\\/accesolatino.org\\\/wp-content\\\/uploads\\\/2024\\\/05\\\/Cuales_son_los_inmigrantes_que_pueden_aplicar_para_el_desempleo_en_EE._UU-1.png\",\"width\":553,\"height\":267,\"caption\":\"seguro de desempleo\"},{\"@type\":\"BreadcrumbList\",\"@id\":\"https:\\\/\\\/accesolatino.org\\\/puedo-aplicar-al-seguro-de-desempleo-si-no-soy-ciudadano\\\/empleabilidad-y-emprendimiento\\\/#breadcrumb\",\"itemListElement\":[{\"@type\":\"ListItem\",\"position\":1,\"name\":\"Portada\",\"item\":\"https:\\\/\\\/accesolatino.org\\\/\"},{\"@type\":\"ListItem\",\"position\":2,\"name\":\"Empleabilidad y emprendimiento\",\"item\":\"https:\\\/\\\/accesolatino.org\\\/category\\\/empleabilidad-y-emprendimiento\\\/\"},{\"@type\":\"ListItem\",\"position\":3,\"name\":\"\u00bfPuedo aplicar al seguro de desempleo si no soy ciudadano?\"}]},{\"@type\":\"WebSite\",\"@id\":\"https:\\\/\\\/accesolatino.org\\\/#website\",\"url\":\"https:\\\/\\\/accesolatino.org\\\/\",\"name\":\"Acceso Latino | Fundaci\u00f3n Carlos Slim\",\"description\":\"Fundaci\u00f3n Carlos Slim\",\"publisher\":{\"@id\":\"https:\\\/\\\/accesolatino.org\\\/#organization\"},\"potentialAction\":[{\"@type\":\"SearchAction\",\"target\":{\"@type\":\"EntryPoint\",\"urlTemplate\":\"https:\\\/\\\/accesolatino.org\\\/?s={search_term_string}\"},\"query-input\":{\"@type\":\"PropertyValueSpecification\",\"valueRequired\":true,\"valueName\":\"search_term_string\"}}],\"inLanguage\":\"en-US\"},{\"@type\":\"Organization\",\"@id\":\"https:\\\/\\\/accesolatino.org\\\/#organization\",\"name\":\"Acceso Latino | Fundaci\u00f3n Carlos Slim\",\"url\":\"https:\\\/\\\/accesolatino.org\\\/\",\"logo\":{\"@type\":\"ImageObject\",\"inLanguage\":\"en-US\",\"@id\":\"https:\\\/\\\/accesolatino.org\\\/#\\\/schema\\\/logo\\\/image\\\/\",\"url\":\"https:\\\/\\\/accesolatino.org\\\/wp-content\\\/uploads\\\/2021\\\/02\\\/logo-footer-acceso-latino.png\",\"contentUrl\":\"https:\\\/\\\/accesolatino.org\\\/wp-content\\\/uploads\\\/2021\\\/02\\\/logo-footer-acceso-latino.png\",\"width\":240,\"height\":40,\"caption\":\"Acceso Latino | Fundaci\u00f3n Carlos Slim\"},\"image\":{\"@id\":\"https:\\\/\\\/accesolatino.org\\\/#\\\/schema\\\/logo\\\/image\\\/\"},\"sameAs\":[\"https:\\\/\\\/www.facebook.com\\\/AccesoLatinoOrg\",\"https:\\\/\\\/x.com\\\/FAccLatino\"]},{\"@type\":\"Person\",\"@id\":\"https:\\\/\\\/accesolatino.org\\\/#\\\/schema\\\/person\\\/4b39bc01e39caf7029e5493c390140f0\",\"name\":\"Empleo Empleo\"}]}<\/script>\n<!-- \/ Yoast SEO plugin. -->","yoast_head_json":{"title":"\u00bfPuedo aplicar al seguro de desempleo si no soy ciudadano?","description":"C\u00f3mo puedo aplicar al seguro de desempleo o UI si soy no ciudadano, como residente permanente, o titular de visa de trabajo.","robots":{"index":"index","follow":"follow","max-snippet":"max-snippet:-1","max-image-preview":"max-image-preview:large","max-video-preview":"max-video-preview:-1"},"canonical":"https:\/\/accesolatino.org\/en\/puedo-aplicar-al-seguro-de-desempleo-si-no-soy-ciudadano\/empleabilidad-y-emprendimiento\/","og_locale":"en_US","og_type":"article","og_title":"\u00bfPuedo aplicar al seguro de desempleo si no soy ciudadano? | Acceso Latino","og_description":"C\u00f3mo puedo aplicar al seguro de desempleo o UI si soy no ciudadano, como residente permanente, o titular de visa de trabajo.","og_url":"https:\/\/accesolatino.org\/en\/puedo-aplicar-al-seguro-de-desempleo-si-no-soy-ciudadano\/empleabilidad-y-emprendimiento\/","og_site_name":"Acceso Latino","article_publisher":"https:\/\/www.facebook.com\/AccesoLatinoOrg","article_published_time":"2024-05-10T15:00:00+00:00","og_image":[{"width":553,"height":267,"url":"https:\/\/accesolatino.org\/wp-content\/uploads\/2024\/05\/Cuales_son_los_inmigrantes_que_pueden_aplicar_para_el_desempleo_en_EE._UU-1.png","type":"image\/png"}],"author":"Empleo Empleo","twitter_card":"summary_large_image","twitter_title":"\u00bfPuedo aplicar al seguro de desempleo si no soy ciudadano? | Acceso Latino","twitter_description":"C\u00f3mo puedo aplicar al seguro de desempleo o UI si soy no ciudadano, como residente permanente, o titular de visa de trabajo.","twitter_image":"https:\/\/accesolatino.org\/wp-content\/uploads\/2024\/05\/Cuales_son_los_inmigrantes_que_pueden_aplicar_para_el_desempleo_en_EE._UU.png","twitter_creator":"@FAccLatino","twitter_site":"@FAccLatino","twitter_misc":{"Written by":"Empleo Empleo","Est. reading time":"3 minutes"},"schema":{"@context":"https:\/\/schema.org","@graph":[{"@type":"Article","@id":"https:\/\/accesolatino.org\/puedo-aplicar-al-seguro-de-desempleo-si-no-soy-ciudadano\/empleabilidad-y-emprendimiento\/#article","isPartOf":{"@id":"https:\/\/accesolatino.org\/puedo-aplicar-al-seguro-de-desempleo-si-no-soy-ciudadano\/empleabilidad-y-emprendimiento\/"},"author":{"name":"Empleo Empleo","@id":"https:\/\/accesolatino.org\/#\/schema\/person\/4b39bc01e39caf7029e5493c390140f0"},"headline":"\u00bfPuedo aplicar al seguro de desempleo si no soy ciudadano?","datePublished":"2024-05-10T15:00:00+00:00","mainEntityOfPage":{"@id":"https:\/\/accesolatino.org\/puedo-aplicar-al-seguro-de-desempleo-si-no-soy-ciudadano\/empleabilidad-y-emprendimiento\/"},"wordCount":430,"commentCount":0,"publisher":{"@id":"https:\/\/accesolatino.org\/#organization"},"image":{"@id":"https:\/\/accesolatino.org\/puedo-aplicar-al-seguro-de-desempleo-si-no-soy-ciudadano\/empleabilidad-y-emprendimiento\/#primaryimage"},"thumbnailUrl":"https:\/\/accesolatino.org\/wp-content\/uploads\/2024\/05\/Cuales_son_los_inmigrantes_que_pueden_aplicar_para_el_desempleo_en_EE._UU-1.png","keywords":["DACA","No ciudadanos","Residentes permanentes","Seguro de desempleo","UI"],"articleSection":["Empleabilidad y emprendimiento","Empleo"],"inLanguage":"en-US","potentialAction":[{"@type":"CommentAction","name":"Comment","target":["https:\/\/accesolatino.org\/puedo-aplicar-al-seguro-de-desempleo-si-no-soy-ciudadano\/empleabilidad-y-emprendimiento\/#respond"]}]},{"@type":"WebPage","@id":"https:\/\/accesolatino.org\/puedo-aplicar-al-seguro-de-desempleo-si-no-soy-ciudadano\/empleabilidad-y-emprendimiento\/","url":"https:\/\/accesolatino.org\/puedo-aplicar-al-seguro-de-desempleo-si-no-soy-ciudadano\/empleabilidad-y-emprendimiento\/","name":"\u00bfPuedo aplicar al seguro de desempleo si no soy ciudadano?","isPartOf":{"@id":"https:\/\/accesolatino.org\/#website"},"primaryImageOfPage":{"@id":"https:\/\/accesolatino.org\/puedo-aplicar-al-seguro-de-desempleo-si-no-soy-ciudadano\/empleabilidad-y-emprendimiento\/#primaryimage"},"image":{"@id":"https:\/\/accesolatino.org\/puedo-aplicar-al-seguro-de-desempleo-si-no-soy-ciudadano\/empleabilidad-y-emprendimiento\/#primaryimage"},"thumbnailUrl":"https:\/\/accesolatino.org\/wp-content\/uploads\/2024\/05\/Cuales_son_los_inmigrantes_que_pueden_aplicar_para_el_desempleo_en_EE._UU-1.png","datePublished":"2024-05-10T15:00:00+00:00","description":"C\u00f3mo puedo aplicar al seguro de desempleo o UI si soy no ciudadano, como residente permanente, o titular de visa de trabajo.","breadcrumb":{"@id":"https:\/\/accesolatino.org\/puedo-aplicar-al-seguro-de-desempleo-si-no-soy-ciudadano\/empleabilidad-y-emprendimiento\/#breadcrumb"},"inLanguage":"en-US","potentialAction":[{"@type":"ReadAction","target":["https:\/\/accesolatino.org\/puedo-aplicar-al-seguro-de-desempleo-si-no-soy-ciudadano\/empleabilidad-y-emprendimiento\/"]}]},{"@type":"ImageObject","inLanguage":"en-US","@id":"https:\/\/accesolatino.org\/puedo-aplicar-al-seguro-de-desempleo-si-no-soy-ciudadano\/empleabilidad-y-emprendimiento\/#primaryimage","url":"https:\/\/accesolatino.org\/wp-content\/uploads\/2024\/05\/Cuales_son_los_inmigrantes_que_pueden_aplicar_para_el_desempleo_en_EE._UU-1.png","contentUrl":"https:\/\/accesolatino.org\/wp-content\/uploads\/2024\/05\/Cuales_son_los_inmigrantes_que_pueden_aplicar_para_el_desempleo_en_EE._UU-1.png","width":553,"height":267,"caption":"seguro de desempleo"},{"@type":"BreadcrumbList","@id":"https:\/\/accesolatino.org\/puedo-aplicar-al-seguro-de-desempleo-si-no-soy-ciudadano\/empleabilidad-y-emprendimiento\/#breadcrumb","itemListElement":[{"@type":"ListItem","position":1,"name":"Portada","item":"https:\/\/accesolatino.org\/"},{"@type":"ListItem","position":2,"name":"Empleabilidad y emprendimiento","item":"https:\/\/accesolatino.org\/category\/empleabilidad-y-emprendimiento\/"},{"@type":"ListItem","position":3,"name":"\u00bfPuedo aplicar al seguro de desempleo si no soy ciudadano?"}]},{"@type":"WebSite","@id":"https:\/\/accesolatino.org\/#website","url":"https:\/\/accesolatino.org\/","name":"Acceso Latino | Fundaci\u00f3n Carlos Slim","description":"Fundaci\u00f3n Carlos Slim","publisher":{"@id":"https:\/\/accesolatino.org\/#organization"},"potentialAction":[{"@type":"SearchAction","target":{"@type":"EntryPoint","urlTemplate":"https:\/\/accesolatino.org\/?s={search_term_string}"},"query-input":{"@type":"PropertyValueSpecification","valueRequired":true,"valueName":"search_term_string"}}],"inLanguage":"en-US"},{"@type":"Organization","@id":"https:\/\/accesolatino.org\/#organization","name":"Acceso Latino | Fundaci\u00f3n Carlos Slim","url":"https:\/\/accesolatino.org\/","logo":{"@type":"ImageObject","inLanguage":"en-US","@id":"https:\/\/accesolatino.org\/#\/schema\/logo\/image\/","url":"https:\/\/accesolatino.org\/wp-content\/uploads\/2021\/02\/logo-footer-acceso-latino.png","contentUrl":"https:\/\/accesolatino.org\/wp-content\/uploads\/2021\/02\/logo-footer-acceso-latino.png","width":240,"height":40,"caption":"Acceso Latino | Fundaci\u00f3n Carlos Slim"},"image":{"@id":"https:\/\/accesolatino.org\/#\/schema\/logo\/image\/"},"sameAs":["https:\/\/www.facebook.com\/AccesoLatinoOrg","https:\/\/x.com\/FAccLatino"]},{"@type":"Person","@id":"https:\/\/accesolatino.org\/#\/schema\/person\/4b39bc01e39caf7029e5493c390140f0","name":"Empleo Empleo"}]}},"_links":{"self":[{"href":"https:\/\/accesolatino.org\/en\/wp-json\/wp\/v2\/posts\/54485","targetHints":{"allow":["GET"]}}],"collection":[{"href":"https:\/\/accesolatino.org\/en\/wp-json\/wp\/v2\/posts"}],"about":[{"href":"https:\/\/accesolatino.org\/en\/wp-json\/wp\/v2\/types\/post"}],"author":[{"embeddable":true,"href":"https:\/\/accesolatino.org\/en\/wp-json\/wp\/v2\/users\/5"}],"replies":[{"embeddable":true,"href":"https:\/\/accesolatino.org\/en\/wp-json\/wp\/v2\/comments?post=54485"}],"version-history":[{"count":0,"href":"https:\/\/accesolatino.org\/en\/wp-json\/wp\/v2\/posts\/54485\/revisions"}],"wp:featuredmedia":[{"embeddable":true,"href":"https:\/\/accesolatino.org\/en\/wp-json\/wp\/v2\/media\/54488"}],"wp:attachment":[{"href":"https:\/\/accesolatino.org\/en\/wp-json\/wp\/v2\/media?parent=54485"}],"wp:term":[{"taxonomy":"category","embeddable":true,"href":"https:\/\/accesolatino.org\/en\/wp-json\/wp\/v2\/categories?post=54485"},{"taxonomy":"post_tag","embeddable":true,"href":"https:\/\/accesolatino.org\/en\/wp-json\/wp\/v2\/tags?post=54485"}],"curies":[{"name":"wp","href":"https:\/\/api.w.org\/{rel}","templated":true}]}}