{"id":52320,"date":"2023-12-20T18:33:51","date_gmt":"2023-12-21T00:33:51","guid":{"rendered":"https:\/\/accesolatino.org\/?p=52320"},"modified":"2025-11-18T19:23:29","modified_gmt":"2025-11-19T01:23:29","slug":"la-actualidad-de-daca-beneficios-actualizaciones-y-futuro-del-programa","status":"publish","type":"post","link":"https:\/\/accesolatino.org\/en\/la-actualidad-de-daca-beneficios-actualizaciones-y-futuro-del-programa\/derecho\/","title":{"rendered":"La actualidad de DACA: Beneficios, actualizaciones y futuro del programa"},"content":{"rendered":"<div data-elementor-type=\"wp-post\" data-elementor-id=\"52320\" class=\"elementor elementor-52320\">\n\t\t\t\t\t\t<section class=\"elementor-section elementor-top-section elementor-element elementor-element-493bb53e elementor-section-boxed elementor-section-height-default elementor-section-height-default wpr-particle-no wpr-jarallax-no wpr-parallax-no wpr-sticky-section-no wpr-equal-height-no\" data-id=\"493bb53e\" data-element_type=\"section\" data-e-type=\"section\">\n\t\t\t\t\t\t<div class=\"elementor-container elementor-column-gap-default\">\n\t\t\t\t\t<div class=\"elementor-column elementor-col-100 elementor-top-column elementor-element elementor-element-576d4728\" data-id=\"576d4728\" data-element_type=\"column\" data-e-type=\"column\">\n\t\t\t<div class=\"elementor-widget-wrap elementor-element-populated\">\n\t\t\t\t\t\t<div class=\"elementor-element elementor-element-37f6db55 elementor-widget elementor-widget-heading\" data-id=\"37f6db55\" data-element_type=\"widget\" data-e-type=\"widget\" data-widget_type=\"heading.default\">\n\t\t\t\t<div class=\"elementor-widget-container\">\n\t\t\t\t\t<h2 class=\"elementor-heading-title elementor-size-default\">El programa DACA se encuentra suspendido y actualmente solo acepta renovaciones de beneficiarios actuales. <\/h2>\t\t\t\t<\/div>\n\t\t\t\t<\/div>\n\t\t\t\t\t<\/div>\n\t\t<\/div>\n\t\t\t\t\t<\/div>\n\t\t<\/section>\n\t\t\t\t<section class=\"elementor-section elementor-top-section elementor-element elementor-element-2db90b9f elementor-section-boxed elementor-section-height-default elementor-section-height-default wpr-particle-no wpr-jarallax-no wpr-parallax-no wpr-sticky-section-no wpr-equal-height-no\" data-id=\"2db90b9f\" data-element_type=\"section\" data-e-type=\"section\">\n\t\t\t\t\t\t<div class=\"elementor-container elementor-column-gap-default\">\n\t\t\t\t\t<div class=\"elementor-column elementor-col-100 elementor-top-column elementor-element elementor-element-7dbd0be4\" data-id=\"7dbd0be4\" data-element_type=\"column\" data-e-type=\"column\">\n\t\t\t<div class=\"elementor-widget-wrap elementor-element-populated\">\n\t\t\t\t\t\t<div class=\"elementor-element elementor-element-1dea67e3 elementor-widget elementor-widget-text-editor\" data-id=\"1dea67e3\" data-element_type=\"widget\" data-e-type=\"widget\" data-widget_type=\"text-editor.default\">\n\t\t\t\t<div class=\"elementor-widget-container\">\n\t\t\t\t\t\t\t\t\t<p>La Acci\u00f3n Diferida para los Llegados en la Infancia Como lo indica su nombre, es un programa que permite que no ciudadanos indocumentados que llegaron siendo ni\u00f1os a Estados Unidos puedan obtener la protecci\u00f3n contra la deportaci\u00f3n y adem\u00e1s un documento de autorizaci\u00f3n de empleo (EAD), para trabajar legalmente. Aunque no es un estatus migratorio, DACA brinda beneficios por dos a\u00f1os con opci\u00f3n a renovaciones peri\u00f3dicas a los Dreamers que llegaron al pa\u00eds antes de cumplir 16 a\u00f1os y que eran menores de 31 a\u00f1os de edad al 15 de junio de 2012.\u00a0<\/p><p>Actualmente, DACA enfrenta una orden judicial de la cuenta Tribunal de Distrito de Estados Unidos para el Distrito Sur de Texas emitida el 16 de julio de 2022. Esta orden fue confirmada por el Tribunal de Apelaciones de Estados Unidos para el Quinto Circuito, y en octubre de 2022 fue atendida por el tribunal de distrito a la regla final de DACA, un movimiento realizado por el gobierno federal para proteger el programa.<\/p>\t\t\t\t\t\t\t\t<\/div>\n\t\t\t\t<\/div>\n\t\t\t\t\t<\/div>\n\t\t<\/div>\n\t\t\t\t\t<\/div>\n\t\t<\/section>\n\t\t\t\t<section class=\"elementor-section elementor-top-section elementor-element elementor-element-20900331 elementor-section-boxed elementor-section-height-default elementor-section-height-default wpr-particle-no wpr-jarallax-no wpr-parallax-no wpr-sticky-section-no wpr-equal-height-no\" data-id=\"20900331\" data-element_type=\"section\" data-e-type=\"section\">\n\t\t\t\t\t\t<div class=\"elementor-container elementor-column-gap-default\">\n\t\t\t\t\t<div class=\"elementor-column elementor-col-50 elementor-top-column elementor-element elementor-element-d3fd092\" data-id=\"d3fd092\" data-element_type=\"column\" data-e-type=\"column\">\n\t\t\t<div class=\"elementor-widget-wrap elementor-element-populated\">\n\t\t\t\t\t\t<div class=\"elementor-element elementor-element-51e40244 elementor-widget elementor-widget-image\" data-id=\"51e40244\" data-element_type=\"widget\" data-e-type=\"widget\" data-widget_type=\"image.default\">\n\t\t\t\t<div class=\"elementor-widget-container\">\n\t\t\t\t\t\t\t\t\t\t\t\t\t\t\t<img fetchpriority=\"high\" decoding=\"async\" width=\"626\" height=\"417\" src=\"https:\/\/accesolatino.org\/wp-content\/uploads\/2021\/04\/Derechos_de_los_migrantes.jpg\" class=\"attachment-full size-full wp-image-35774\" alt=\"\" srcset=\"https:\/\/accesolatino.org\/wp-content\/uploads\/2021\/04\/Derechos_de_los_migrantes.jpg 626w, https:\/\/accesolatino.org\/wp-content\/uploads\/2021\/04\/Derechos_de_los_migrantes-300x200.jpg 300w, https:\/\/accesolatino.org\/wp-content\/uploads\/2021\/04\/Derechos_de_los_migrantes-16x12.jpg 16w\" sizes=\"(max-width: 626px) 100vw, 626px\" \/>\t\t\t\t\t\t\t\t\t\t\t\t\t\t\t<\/div>\n\t\t\t\t<\/div>\n\t\t\t\t\t<\/div>\n\t\t<\/div>\n\t\t\t\t<div class=\"elementor-column elementor-col-50 elementor-top-column elementor-element elementor-element-3e432b9c\" data-id=\"3e432b9c\" data-element_type=\"column\" data-e-type=\"column\">\n\t\t\t<div class=\"elementor-widget-wrap elementor-element-populated\">\n\t\t\t\t\t\t<div class=\"elementor-element elementor-element-77b3495 elementor-widget elementor-widget-text-editor\" data-id=\"77b3495\" data-element_type=\"widget\" data-e-type=\"widget\" data-widget_type=\"text-editor.default\">\n\t\t\t\t<div class=\"elementor-widget-container\">\n\t\t\t\t\t\t\t\t\t<p>De esta forma el Departamento de Seguridad Nacional (DHS), tiene prohibido otorgar nuevas peticiones de DACA y EAD relacionadas con los beneficiarios del programa. Sin embargo, el Servicio de Ciudadan\u00eda e Inmigraci\u00f3n (USCIS), es capaz de procesar renovaciones de DACA. Es decir, no acepta nuevas solicitudes de personas elegibles.<\/p><p>\u00a0<\/p>\t\t\t\t\t\t\t\t<\/div>\n\t\t\t\t<\/div>\n\t\t\t\t\t<\/div>\n\t\t<\/div>\n\t\t\t\t\t<\/div>\n\t\t<\/section>\n\t\t\t\t<section class=\"elementor-section elementor-top-section elementor-element elementor-element-2627a0e elementor-section-boxed elementor-section-height-default elementor-section-height-default wpr-particle-no wpr-jarallax-no wpr-parallax-no wpr-sticky-section-no wpr-equal-height-no\" data-id=\"2627a0e\" data-element_type=\"section\" data-e-type=\"section\">\n\t\t\t\t\t\t<div class=\"elementor-container elementor-column-gap-default\">\n\t\t\t\t\t<div class=\"elementor-column elementor-col-100 elementor-top-column elementor-element elementor-element-7d027e2f\" data-id=\"7d027e2f\" data-element_type=\"column\" data-e-type=\"column\">\n\t\t\t<div class=\"elementor-widget-wrap elementor-element-populated\">\n\t\t\t\t\t\t<div class=\"elementor-element elementor-element-6f96cc20 elementor-widget elementor-widget-text-editor\" data-id=\"6f96cc20\" data-element_type=\"widget\" data-e-type=\"widget\" data-widget_type=\"text-editor.default\">\n\t\t\t\t<div class=\"elementor-widget-container\">\n\t\t\t\t\t\t\t\t\t<p>Por otra parte, m\u00e1s all\u00e1 de que est\u00e9 ocurriendo en los tribunales, mientras no se tome una decisi\u00f3n final, los beneficiarios de DACA contin\u00faan protegidos contra la deportaci\u00f3n y pueden seguir renovando su permiso y su EAD.<\/p><p>Seg\u00fan organizaciones especializadas como United We Dream, lo m\u00e1s probable es que la decisi\u00f3n final sobre DACA sea tomada en la Suprema Corte nuevamente, por lo que la \u00fanica soluci\u00f3n viable para los millones de indocumentados en Estados Unidos es la acci\u00f3n del Congreso. El mismo presidente Joe Biden ha instado en reiteradas ocasiones al Congreso a tomar acci\u00f3n para aprobar una reforma integral que brinde un camino a la ciudadan\u00eda a cerca de 11 millones de indocumentados.<\/p><p>En este sentido, organizaciones de trabajadores y grandes compa\u00f1\u00edas tambi\u00e9n han solicitado al Congreso, a trav\u00e9s de una carta firmada en noviembre, tomar acci\u00f3n para proteger a DACA y ofrecer una soluci\u00f3n permanente a sus beneficiarios.<\/p>\t\t\t\t\t\t\t\t<\/div>\n\t\t\t\t<\/div>\n\t\t\t\t\t<\/div>\n\t\t<\/div>\n\t\t\t\t\t<\/div>\n\t\t<\/section>\n\t\t\t\t<section class=\"elementor-section elementor-top-section elementor-element elementor-element-1fb14183 elementor-section-boxed elementor-section-height-default elementor-section-height-default wpr-particle-no wpr-jarallax-no wpr-parallax-no wpr-sticky-section-no wpr-equal-height-no\" data-id=\"1fb14183\" data-element_type=\"section\" data-e-type=\"section\">\n\t\t\t\t\t\t<div class=\"elementor-container elementor-column-gap-default\">\n\t\t\t\t\t<div class=\"elementor-column elementor-col-100 elementor-top-column elementor-element elementor-element-2925aa79\" data-id=\"2925aa79\" data-element_type=\"column\" data-e-type=\"column\">\n\t\t\t<div class=\"elementor-widget-wrap elementor-element-populated\">\n\t\t\t\t\t\t<div class=\"elementor-element elementor-element-384c8aa5 elementor-widget elementor-widget-toggle\" data-id=\"384c8aa5\" data-element_type=\"widget\" data-e-type=\"widget\" data-widget_type=\"toggle.default\">\n\t\t\t\t<div class=\"elementor-widget-container\">\n\t\t\t\t\t\t\t<div class=\"elementor-toggle\">\n\t\t\t\t\t\t\t<div class=\"elementor-toggle-item\">\n\t\t\t\t\t<div id=\"elementor-tab-title-9441\" class=\"elementor-tab-title\" data-tab=\"1\" role=\"button\" aria-controls=\"elementor-tab-content-9441\" aria-expanded=\"false\">\n\t\t\t\t\t\t\t\t\t\t\t\t<span class=\"elementor-toggle-icon elementor-toggle-icon-left\" aria-hidden=\"true\">\n\t\t\t\t\t\t\t\t\t\t\t\t\t\t\t<span class=\"elementor-toggle-icon-closed\"><i class=\"fas fa-caret-right\"><\/i><\/span>\n\t\t\t\t\t\t\t\t<span class=\"elementor-toggle-icon-opened\"><i class=\"elementor-toggle-icon-opened fas fa-caret-up\"><\/i><\/span>\n\t\t\t\t\t\t\t\t\t\t\t\t\t<\/span>\n\t\t\t\t\t\t\t\t\t\t\t\t<a class=\"elementor-toggle-title\" tabindex=\"0\"> BIBLIOGRAPHY<\/a>\n\t\t\t\t\t<\/div>\n\n\t\t\t\t\t<div id=\"elementor-tab-content-9441\" class=\"elementor-tab-content elementor-clearfix\" data-tab=\"1\" role=\"region\" aria-labelledby=\"elementor-tab-title-9441\"><p><strong>USICS<\/strong><\/p><p><a href=\"\/en\/www.uscis.gov\/\">www.uscis.gov<\/a><\/p><p><strong>MIGRATION POLICY INSTITUTE\u00a0 <\/strong><\/p><p><a href=\"https:\/\/www.migrationpolicy.org\/programs\/data-hub\/deferred-action-childhood-arrivals-daca-profiles\">https:\/\/www.migrationpolicy.org\/programs\/data-hub\/deferred-action-childhood-arrivals-daca-profiles<\/a><\/p><p><strong>ACLU<\/strong><\/p><p><a href=\"https:\/\/www.aclu.org\/know-your-rights\/know-your-rights-about-daca\">https:\/\/www.aclu.org\/know-your-rights\/know-your-rights-about-daca<\/a><\/p><p><strong>UNITED WE DREAM<\/strong><\/p><p><a href=\"https:\/\/unitedwedream.org\/our-work\/daca\">https:\/\/unitedwedream.org\/our-work\/daca<\/a><\/p><\/div>\n\t\t\t\t<\/div>\n\t\t\t\t\t\t\t\t<\/div>\n\t\t\t\t\t\t<\/div>\n\t\t\t\t<\/div>\n\t\t\t\t\t<\/div>\n\t\t<\/div>\n\t\t\t\t\t<\/div>\n\t\t<\/section>\n\t\t\t\t<\/div>","protected":false},"excerpt":{"rendered":"<p>El programa DACA se encuentra suspendido y actualmente solo acepta renovaciones de beneficiarios actuales. <\/p>","protected":false},"author":12,"featured_media":35774,"comment_status":"open","ping_status":"open","sticky":false,"template":"","format":"standard","meta":{"_uf_show_specific_survey":0,"_uf_disable_surveys":false,"footnotes":""},"categories":[181],"tags":[279,68,61,443,2671],"class_list":["post-52320","post","type-post","status-publish","format-standard","has-post-thumbnail","hentry","category-derecho","tag-beneficios","tag-daca","tag-dreamers","tag-indocumentados","tag-ordenes-judiciales"],"aioseo_notices":[],"yoast_head":"<!-- This site is optimized with the Yoast SEO plugin v27.5 - https:\/\/yoast.com\/product\/yoast-seo-wordpress\/ -->\n<title>La actualidad de DACA: Beneficios, actualizaciones y futuro del programa<\/title>\n<meta name=\"description\" content=\"Conoce cu\u00e1l es la actualidad de DACA: Beneficios, actualizaciones y futuro del programa ante las ordenes judiciales que lo mantienen suspendido.\" \/>\n<meta name=\"robots\" content=\"index, follow, max-snippet:-1, max-image-preview:large, max-video-preview:-1\" \/>\n<link rel=\"canonical\" href=\"https:\/\/accesolatino.org\/en\/la-actualidad-de-daca-beneficios-actualizaciones-y-futuro-del-programa\/derecho\/\" \/>\n<meta property=\"og:locale\" content=\"en_US\" \/>\n<meta property=\"og:type\" content=\"article\" \/>\n<meta property=\"og:title\" content=\"La actualidad de DACA: Beneficios, actualizaciones y futuro del programa | Acceso Latino\" \/>\n<meta property=\"og:description\" content=\"Conoce cu\u00e1l es la actualidad de DACA: Beneficios, actualizaciones y futuro del programa ante las ordenes judiciales que lo mantienen suspendido.\" \/>\n<meta property=\"og:url\" content=\"https:\/\/accesolatino.org\/en\/la-actualidad-de-daca-beneficios-actualizaciones-y-futuro-del-programa\/derecho\/\" \/>\n<meta property=\"og:site_name\" content=\"Acceso Latino\" \/>\n<meta property=\"article:publisher\" content=\"https:\/\/www.facebook.com\/AccesoLatinoOrg\" \/>\n<meta property=\"article:published_time\" content=\"2023-12-21T00:33:51+00:00\" \/>\n<meta property=\"article:modified_time\" content=\"2025-11-19T01:23:29+00:00\" \/>\n<meta property=\"og:image\" content=\"https:\/\/accesolatino.org\/wp-content\/uploads\/2021\/04\/Derechos_de_los_migrantes.jpg\" \/>\n\t<meta property=\"og:image:width\" content=\"626\" \/>\n\t<meta property=\"og:image:height\" content=\"417\" \/>\n\t<meta property=\"og:image:type\" content=\"image\/jpeg\" \/>\n<meta name=\"author\" content=\"Derechos Derechos\" \/>\n<meta name=\"twitter:card\" content=\"summary_large_image\" \/>\n<meta name=\"twitter:title\" content=\"La actualidad de DACA: Beneficios, actualizaciones y futuro del programa | Acceso Latino\" \/>\n<meta name=\"twitter:description\" content=\"Conoce cu\u00e1l es la actualidad de DACA: Beneficios, actualizaciones y futuro del programa ante las ordenes judiciales que lo mantienen suspendido.\" \/>\n<meta name=\"twitter:image\" content=\"https:\/\/accesolatino.org\/wp-content\/uploads\/2021\/04\/Derechos_de_los_migrantes.jpg\" \/>\n<meta name=\"twitter:creator\" content=\"@FAccLatino\" \/>\n<meta name=\"twitter:site\" content=\"@FAccLatino\" \/>\n<meta name=\"twitter:label1\" content=\"Written by\" \/>\n\t<meta name=\"twitter:data1\" content=\"Derechos Derechos\" \/>\n\t<meta name=\"twitter:label2\" content=\"Est. reading time\" \/>\n\t<meta name=\"twitter:data2\" content=\"3 minutes\" \/>\n<script type=\"application\/ld+json\" class=\"yoast-schema-graph\">{\"@context\":\"https:\\\/\\\/schema.org\",\"@graph\":[{\"@type\":\"Article\",\"@id\":\"https:\\\/\\\/accesolatino.org\\\/la-actualidad-de-daca-beneficios-actualizaciones-y-futuro-del-programa\\\/derecho\\\/#article\",\"isPartOf\":{\"@id\":\"https:\\\/\\\/accesolatino.org\\\/la-actualidad-de-daca-beneficios-actualizaciones-y-futuro-del-programa\\\/derecho\\\/\"},\"author\":{\"name\":\"Derechos Derechos\",\"@id\":\"https:\\\/\\\/accesolatino.org\\\/#\\\/schema\\\/person\\\/bcfa499c6ec65f79b2b3b9f755595a5e\"},\"headline\":\"La actualidad de DACA: Beneficios, actualizaciones y futuro del programa\",\"datePublished\":\"2023-12-21T00:33:51+00:00\",\"dateModified\":\"2025-11-19T01:23:29+00:00\",\"mainEntityOfPage\":{\"@id\":\"https:\\\/\\\/accesolatino.org\\\/la-actualidad-de-daca-beneficios-actualizaciones-y-futuro-del-programa\\\/derecho\\\/\"},\"wordCount\":446,\"commentCount\":0,\"publisher\":{\"@id\":\"https:\\\/\\\/accesolatino.org\\\/#organization\"},\"image\":{\"@id\":\"https:\\\/\\\/accesolatino.org\\\/la-actualidad-de-daca-beneficios-actualizaciones-y-futuro-del-programa\\\/derecho\\\/#primaryimage\"},\"thumbnailUrl\":\"https:\\\/\\\/accesolatino.org\\\/wp-content\\\/uploads\\\/2021\\\/04\\\/Derechos_de_los_migrantes.jpg\",\"keywords\":[\"Beneficios\",\"DACA\",\"Dreamers\",\"Indocumentados\",\"\u00d3rdenes judiciales\"],\"articleSection\":[\"Derecho\"],\"inLanguage\":\"en-US\",\"potentialAction\":[{\"@type\":\"CommentAction\",\"name\":\"Comment\",\"target\":[\"https:\\\/\\\/accesolatino.org\\\/la-actualidad-de-daca-beneficios-actualizaciones-y-futuro-del-programa\\\/derecho\\\/#respond\"]}]},{\"@type\":\"WebPage\",\"@id\":\"https:\\\/\\\/accesolatino.org\\\/la-actualidad-de-daca-beneficios-actualizaciones-y-futuro-del-programa\\\/derecho\\\/\",\"url\":\"https:\\\/\\\/accesolatino.org\\\/la-actualidad-de-daca-beneficios-actualizaciones-y-futuro-del-programa\\\/derecho\\\/\",\"name\":\"La actualidad de DACA: Beneficios, actualizaciones y futuro del programa\",\"isPartOf\":{\"@id\":\"https:\\\/\\\/accesolatino.org\\\/#website\"},\"primaryImageOfPage\":{\"@id\":\"https:\\\/\\\/accesolatino.org\\\/la-actualidad-de-daca-beneficios-actualizaciones-y-futuro-del-programa\\\/derecho\\\/#primaryimage\"},\"image\":{\"@id\":\"https:\\\/\\\/accesolatino.org\\\/la-actualidad-de-daca-beneficios-actualizaciones-y-futuro-del-programa\\\/derecho\\\/#primaryimage\"},\"thumbnailUrl\":\"https:\\\/\\\/accesolatino.org\\\/wp-content\\\/uploads\\\/2021\\\/04\\\/Derechos_de_los_migrantes.jpg\",\"datePublished\":\"2023-12-21T00:33:51+00:00\",\"dateModified\":\"2025-11-19T01:23:29+00:00\",\"description\":\"Conoce cu\u00e1l es la actualidad de DACA: Beneficios, actualizaciones y futuro del programa ante las ordenes judiciales que lo mantienen suspendido.\",\"breadcrumb\":{\"@id\":\"https:\\\/\\\/accesolatino.org\\\/la-actualidad-de-daca-beneficios-actualizaciones-y-futuro-del-programa\\\/derecho\\\/#breadcrumb\"},\"inLanguage\":\"en-US\",\"potentialAction\":[{\"@type\":\"ReadAction\",\"target\":[\"https:\\\/\\\/accesolatino.org\\\/la-actualidad-de-daca-beneficios-actualizaciones-y-futuro-del-programa\\\/derecho\\\/\"]}]},{\"@type\":\"ImageObject\",\"inLanguage\":\"en-US\",\"@id\":\"https:\\\/\\\/accesolatino.org\\\/la-actualidad-de-daca-beneficios-actualizaciones-y-futuro-del-programa\\\/derecho\\\/#primaryimage\",\"url\":\"https:\\\/\\\/accesolatino.org\\\/wp-content\\\/uploads\\\/2021\\\/04\\\/Derechos_de_los_migrantes.jpg\",\"contentUrl\":\"https:\\\/\\\/accesolatino.org\\\/wp-content\\\/uploads\\\/2021\\\/04\\\/Derechos_de_los_migrantes.jpg\",\"width\":626,\"height\":417},{\"@type\":\"BreadcrumbList\",\"@id\":\"https:\\\/\\\/accesolatino.org\\\/la-actualidad-de-daca-beneficios-actualizaciones-y-futuro-del-programa\\\/derecho\\\/#breadcrumb\",\"itemListElement\":[{\"@type\":\"ListItem\",\"position\":1,\"name\":\"Portada\",\"item\":\"https:\\\/\\\/accesolatino.org\\\/\"},{\"@type\":\"ListItem\",\"position\":2,\"name\":\"Derecho\",\"item\":\"https:\\\/\\\/accesolatino.org\\\/category\\\/derecho\\\/\"},{\"@type\":\"ListItem\",\"position\":3,\"name\":\"La actualidad de DACA: Beneficios, actualizaciones y futuro del programa\"}]},{\"@type\":\"WebSite\",\"@id\":\"https:\\\/\\\/accesolatino.org\\\/#website\",\"url\":\"https:\\\/\\\/accesolatino.org\\\/\",\"name\":\"Acceso Latino | Fundaci\u00f3n Carlos Slim\",\"description\":\"Fundaci\u00f3n Carlos Slim\",\"publisher\":{\"@id\":\"https:\\\/\\\/accesolatino.org\\\/#organization\"},\"potentialAction\":[{\"@type\":\"SearchAction\",\"target\":{\"@type\":\"EntryPoint\",\"urlTemplate\":\"https:\\\/\\\/accesolatino.org\\\/?s={search_term_string}\"},\"query-input\":{\"@type\":\"PropertyValueSpecification\",\"valueRequired\":true,\"valueName\":\"search_term_string\"}}],\"inLanguage\":\"en-US\"},{\"@type\":\"Organization\",\"@id\":\"https:\\\/\\\/accesolatino.org\\\/#organization\",\"name\":\"Acceso Latino | Fundaci\u00f3n Carlos Slim\",\"url\":\"https:\\\/\\\/accesolatino.org\\\/\",\"logo\":{\"@type\":\"ImageObject\",\"inLanguage\":\"en-US\",\"@id\":\"https:\\\/\\\/accesolatino.org\\\/#\\\/schema\\\/logo\\\/image\\\/\",\"url\":\"https:\\\/\\\/accesolatino.org\\\/wp-content\\\/uploads\\\/2021\\\/02\\\/logo-footer-acceso-latino.png\",\"contentUrl\":\"https:\\\/\\\/accesolatino.org\\\/wp-content\\\/uploads\\\/2021\\\/02\\\/logo-footer-acceso-latino.png\",\"width\":240,\"height\":40,\"caption\":\"Acceso Latino | Fundaci\u00f3n Carlos Slim\"},\"image\":{\"@id\":\"https:\\\/\\\/accesolatino.org\\\/#\\\/schema\\\/logo\\\/image\\\/\"},\"sameAs\":[\"https:\\\/\\\/www.facebook.com\\\/AccesoLatinoOrg\",\"https:\\\/\\\/x.com\\\/FAccLatino\"]},{\"@type\":\"Person\",\"@id\":\"https:\\\/\\\/accesolatino.org\\\/#\\\/schema\\\/person\\\/bcfa499c6ec65f79b2b3b9f755595a5e\",\"name\":\"Derechos Derechos\"}]}<\/script>\n<!-- \/ Yoast SEO plugin. -->","yoast_head_json":{"title":"La actualidad de DACA: Beneficios, actualizaciones y futuro del programa","description":"Conoce cu\u00e1l es la actualidad de DACA: Beneficios, actualizaciones y futuro del programa ante las ordenes judiciales que lo mantienen suspendido.","robots":{"index":"index","follow":"follow","max-snippet":"max-snippet:-1","max-image-preview":"max-image-preview:large","max-video-preview":"max-video-preview:-1"},"canonical":"https:\/\/accesolatino.org\/en\/la-actualidad-de-daca-beneficios-actualizaciones-y-futuro-del-programa\/derecho\/","og_locale":"en_US","og_type":"article","og_title":"La actualidad de DACA: Beneficios, actualizaciones y futuro del programa | Acceso Latino","og_description":"Conoce cu\u00e1l es la actualidad de DACA: Beneficios, actualizaciones y futuro del programa ante las ordenes judiciales que lo mantienen suspendido.","og_url":"https:\/\/accesolatino.org\/en\/la-actualidad-de-daca-beneficios-actualizaciones-y-futuro-del-programa\/derecho\/","og_site_name":"Acceso Latino","article_publisher":"https:\/\/www.facebook.com\/AccesoLatinoOrg","article_published_time":"2023-12-21T00:33:51+00:00","article_modified_time":"2025-11-19T01:23:29+00:00","og_image":[{"width":626,"height":417,"url":"https:\/\/accesolatino.org\/wp-content\/uploads\/2021\/04\/Derechos_de_los_migrantes.jpg","type":"image\/jpeg"}],"author":"Derechos Derechos","twitter_card":"summary_large_image","twitter_title":"La actualidad de DACA: Beneficios, actualizaciones y futuro del programa | Acceso Latino","twitter_description":"Conoce cu\u00e1l es la actualidad de DACA: Beneficios, actualizaciones y futuro del programa ante las ordenes judiciales que lo mantienen suspendido.","twitter_image":"https:\/\/accesolatino.org\/wp-content\/uploads\/2021\/04\/Derechos_de_los_migrantes.jpg","twitter_creator":"@FAccLatino","twitter_site":"@FAccLatino","twitter_misc":{"Written by":"Derechos Derechos","Est. reading time":"3 minutes"},"schema":{"@context":"https:\/\/schema.org","@graph":[{"@type":"Article","@id":"https:\/\/accesolatino.org\/la-actualidad-de-daca-beneficios-actualizaciones-y-futuro-del-programa\/derecho\/#article","isPartOf":{"@id":"https:\/\/accesolatino.org\/la-actualidad-de-daca-beneficios-actualizaciones-y-futuro-del-programa\/derecho\/"},"author":{"name":"Derechos Derechos","@id":"https:\/\/accesolatino.org\/#\/schema\/person\/bcfa499c6ec65f79b2b3b9f755595a5e"},"headline":"La actualidad de DACA: Beneficios, actualizaciones y futuro del programa","datePublished":"2023-12-21T00:33:51+00:00","dateModified":"2025-11-19T01:23:29+00:00","mainEntityOfPage":{"@id":"https:\/\/accesolatino.org\/la-actualidad-de-daca-beneficios-actualizaciones-y-futuro-del-programa\/derecho\/"},"wordCount":446,"commentCount":0,"publisher":{"@id":"https:\/\/accesolatino.org\/#organization"},"image":{"@id":"https:\/\/accesolatino.org\/la-actualidad-de-daca-beneficios-actualizaciones-y-futuro-del-programa\/derecho\/#primaryimage"},"thumbnailUrl":"https:\/\/accesolatino.org\/wp-content\/uploads\/2021\/04\/Derechos_de_los_migrantes.jpg","keywords":["Beneficios","DACA","Dreamers","Indocumentados","\u00d3rdenes judiciales"],"articleSection":["Derecho"],"inLanguage":"en-US","potentialAction":[{"@type":"CommentAction","name":"Comment","target":["https:\/\/accesolatino.org\/la-actualidad-de-daca-beneficios-actualizaciones-y-futuro-del-programa\/derecho\/#respond"]}]},{"@type":"WebPage","@id":"https:\/\/accesolatino.org\/la-actualidad-de-daca-beneficios-actualizaciones-y-futuro-del-programa\/derecho\/","url":"https:\/\/accesolatino.org\/la-actualidad-de-daca-beneficios-actualizaciones-y-futuro-del-programa\/derecho\/","name":"La actualidad de DACA: Beneficios, actualizaciones y futuro del programa","isPartOf":{"@id":"https:\/\/accesolatino.org\/#website"},"primaryImageOfPage":{"@id":"https:\/\/accesolatino.org\/la-actualidad-de-daca-beneficios-actualizaciones-y-futuro-del-programa\/derecho\/#primaryimage"},"image":{"@id":"https:\/\/accesolatino.org\/la-actualidad-de-daca-beneficios-actualizaciones-y-futuro-del-programa\/derecho\/#primaryimage"},"thumbnailUrl":"https:\/\/accesolatino.org\/wp-content\/uploads\/2021\/04\/Derechos_de_los_migrantes.jpg","datePublished":"2023-12-21T00:33:51+00:00","dateModified":"2025-11-19T01:23:29+00:00","description":"Conoce cu\u00e1l es la actualidad de DACA: Beneficios, actualizaciones y futuro del programa ante las ordenes judiciales que lo mantienen suspendido.","breadcrumb":{"@id":"https:\/\/accesolatino.org\/la-actualidad-de-daca-beneficios-actualizaciones-y-futuro-del-programa\/derecho\/#breadcrumb"},"inLanguage":"en-US","potentialAction":[{"@type":"ReadAction","target":["https:\/\/accesolatino.org\/la-actualidad-de-daca-beneficios-actualizaciones-y-futuro-del-programa\/derecho\/"]}]},{"@type":"ImageObject","inLanguage":"en-US","@id":"https:\/\/accesolatino.org\/la-actualidad-de-daca-beneficios-actualizaciones-y-futuro-del-programa\/derecho\/#primaryimage","url":"https:\/\/accesolatino.org\/wp-content\/uploads\/2021\/04\/Derechos_de_los_migrantes.jpg","contentUrl":"https:\/\/accesolatino.org\/wp-content\/uploads\/2021\/04\/Derechos_de_los_migrantes.jpg","width":626,"height":417},{"@type":"BreadcrumbList","@id":"https:\/\/accesolatino.org\/la-actualidad-de-daca-beneficios-actualizaciones-y-futuro-del-programa\/derecho\/#breadcrumb","itemListElement":[{"@type":"ListItem","position":1,"name":"Portada","item":"https:\/\/accesolatino.org\/"},{"@type":"ListItem","position":2,"name":"Derecho","item":"https:\/\/accesolatino.org\/category\/derecho\/"},{"@type":"ListItem","position":3,"name":"La actualidad de DACA: Beneficios, actualizaciones y futuro del programa"}]},{"@type":"WebSite","@id":"https:\/\/accesolatino.org\/#website","url":"https:\/\/accesolatino.org\/","name":"Acceso Latino | Fundaci\u00f3n Carlos Slim","description":"Fundaci\u00f3n Carlos Slim","publisher":{"@id":"https:\/\/accesolatino.org\/#organization"},"potentialAction":[{"@type":"SearchAction","target":{"@type":"EntryPoint","urlTemplate":"https:\/\/accesolatino.org\/?s={search_term_string}"},"query-input":{"@type":"PropertyValueSpecification","valueRequired":true,"valueName":"search_term_string"}}],"inLanguage":"en-US"},{"@type":"Organization","@id":"https:\/\/accesolatino.org\/#organization","name":"Acceso Latino | Fundaci\u00f3n Carlos Slim","url":"https:\/\/accesolatino.org\/","logo":{"@type":"ImageObject","inLanguage":"en-US","@id":"https:\/\/accesolatino.org\/#\/schema\/logo\/image\/","url":"https:\/\/accesolatino.org\/wp-content\/uploads\/2021\/02\/logo-footer-acceso-latino.png","contentUrl":"https:\/\/accesolatino.org\/wp-content\/uploads\/2021\/02\/logo-footer-acceso-latino.png","width":240,"height":40,"caption":"Acceso Latino | Fundaci\u00f3n Carlos Slim"},"image":{"@id":"https:\/\/accesolatino.org\/#\/schema\/logo\/image\/"},"sameAs":["https:\/\/www.facebook.com\/AccesoLatinoOrg","https:\/\/x.com\/FAccLatino"]},{"@type":"Person","@id":"https:\/\/accesolatino.org\/#\/schema\/person\/bcfa499c6ec65f79b2b3b9f755595a5e","name":"Derechos Derechos"}]}},"_links":{"self":[{"href":"https:\/\/accesolatino.org\/en\/wp-json\/wp\/v2\/posts\/52320","targetHints":{"allow":["GET"]}}],"collection":[{"href":"https:\/\/accesolatino.org\/en\/wp-json\/wp\/v2\/posts"}],"about":[{"href":"https:\/\/accesolatino.org\/en\/wp-json\/wp\/v2\/types\/post"}],"author":[{"embeddable":true,"href":"https:\/\/accesolatino.org\/en\/wp-json\/wp\/v2\/users\/12"}],"replies":[{"embeddable":true,"href":"https:\/\/accesolatino.org\/en\/wp-json\/wp\/v2\/comments?post=52320"}],"version-history":[{"count":1,"href":"https:\/\/accesolatino.org\/en\/wp-json\/wp\/v2\/posts\/52320\/revisions"}],"predecessor-version":[{"id":68884,"href":"https:\/\/accesolatino.org\/en\/wp-json\/wp\/v2\/posts\/52320\/revisions\/68884"}],"wp:featuredmedia":[{"embeddable":true,"href":"https:\/\/accesolatino.org\/en\/wp-json\/wp\/v2\/media\/35774"}],"wp:attachment":[{"href":"https:\/\/accesolatino.org\/en\/wp-json\/wp\/v2\/media?parent=52320"}],"wp:term":[{"taxonomy":"category","embeddable":true,"href":"https:\/\/accesolatino.org\/en\/wp-json\/wp\/v2\/categories?post=52320"},{"taxonomy":"post_tag","embeddable":true,"href":"https:\/\/accesolatino.org\/en\/wp-json\/wp\/v2\/tags?post=52320"}],"curies":[{"name":"wp","href":"https:\/\/api.w.org\/{rel}","templated":true}]}}