{"id":52257,"date":"2023-12-13T08:39:00","date_gmt":"2023-12-13T14:39:00","guid":{"rendered":"https:\/\/accesolatino.org\/?p=52257"},"modified":"2023-12-12T13:01:33","modified_gmt":"2023-12-12T19:01:33","slug":"como-lidiar-con-la-discriminacion-y-el-racismo-en-estados-unidos","status":"publish","type":"post","link":"https:\/\/accesolatino.org\/en\/como-lidiar-con-la-discriminacion-y-el-racismo-en-estados-unidos\/vida-diaria\/","title":{"rendered":"C\u00f3mo lidiar con la discriminaci\u00f3n y el racismo en Estados Unidos"},"content":{"rendered":"<div data-elementor-type=\"wp-post\" data-elementor-id=\"52257\" class=\"elementor elementor-52257\">\n\t\t\t\t\t\t<section class=\"elementor-section elementor-top-section elementor-element elementor-element-1a290b27 elementor-section-boxed elementor-section-height-default elementor-section-height-default wpr-particle-no wpr-jarallax-no wpr-parallax-no wpr-sticky-section-no wpr-equal-height-no\" data-id=\"1a290b27\" data-element_type=\"section\" data-e-type=\"section\">\n\t\t\t\t\t\t<div class=\"elementor-container elementor-column-gap-default\">\n\t\t\t\t\t<div class=\"elementor-column elementor-col-100 elementor-top-column elementor-element elementor-element-658fa3e9\" data-id=\"658fa3e9\" data-element_type=\"column\" data-e-type=\"column\">\n\t\t\t<div class=\"elementor-widget-wrap elementor-element-populated\">\n\t\t\t\t\t\t<div class=\"elementor-element elementor-element-5399d30a elementor-widget elementor-widget-heading\" data-id=\"5399d30a\" data-element_type=\"widget\" data-e-type=\"widget\" data-widget_type=\"heading.default\">\n\t\t\t\t<div class=\"elementor-widget-container\">\n\t\t\t\t\t<h2 class=\"elementor-heading-title elementor-size-default\">Recursos para afrontar y abordar situaciones de discriminaci\u00f3n racial como inmigrante en Estados Unidos.<\/h2>\t\t\t\t<\/div>\n\t\t\t\t<\/div>\n\t\t\t\t\t<\/div>\n\t\t<\/div>\n\t\t\t\t\t<\/div>\n\t\t<\/section>\n\t\t\t\t<section class=\"elementor-section elementor-top-section elementor-element elementor-element-4b6770ca elementor-section-boxed elementor-section-height-default elementor-section-height-default wpr-particle-no wpr-jarallax-no wpr-parallax-no wpr-sticky-section-no wpr-equal-height-no\" data-id=\"4b6770ca\" data-element_type=\"section\" data-e-type=\"section\">\n\t\t\t\t\t\t<div class=\"elementor-container elementor-column-gap-default\">\n\t\t\t\t\t<div class=\"elementor-column elementor-col-100 elementor-top-column elementor-element elementor-element-37ead53b\" data-id=\"37ead53b\" data-element_type=\"column\" data-e-type=\"column\">\n\t\t\t<div class=\"elementor-widget-wrap elementor-element-populated\">\n\t\t\t\t\t\t<div class=\"elementor-element elementor-element-75dd58cb elementor-widget elementor-widget-text-editor\" data-id=\"75dd58cb\" data-element_type=\"widget\" data-e-type=\"widget\" data-widget_type=\"text-editor.default\">\n\t\t\t\t<div class=\"elementor-widget-container\">\n\t\t\t\t\t\t\t\t\t<p>La discriminaci\u00f3n y el racismo son desaf\u00edos persistentes que muchas personas enfrentan a diario. En los Estados Unidos, estas situaciones pueden ser complejas y desgarradoras. Es fundamental conocer los recursos disponibles para lidiar con estos problemas y encontrar apoyo en momentos dif\u00edciles.<\/p><ul><li>Conocer tus derechos: Entender tus derechos legales es crucial. Organizaciones como la American Civil Liberties Union (ACLU) ofrecen informaci\u00f3n valiosa sobre derechos civiles y c\u00f3mo actuar frente a la discriminaci\u00f3n.<\/li><li>Recursos comunitarios: Busca apoyo en organizaciones locales que se centren en los derechos de los inmigrantes. Grupos como United We Dream y Hispanic Federation brindan asesoramiento y apoyo a inmigrantes que enfrentan discriminaci\u00f3n.<ul><li>Asesoramiento y ayuda emocional: Enfrentar la discriminaci\u00f3n puede ser emocionalmente agotador. Busca servicios de asesoramiento y terapia culturalmente sensibles para inmigrantes. Organizaciones como Immigrant Hope y National Immigrant Justice Center ofrecen servicios de asesoramiento.<\/li><li>Educaci\u00f3n y sensibilizaci\u00f3n: Aprender sobre la historia y los desaf\u00edos actuales de la discriminaci\u00f3n en Estados Unidos puede proporcionar herramientas para abordar estas situaciones. Recursos como el Centro Nacional de Derechos de los Inmigrantes y el Museo de la Inmigraci\u00f3n Ellis Island ofrecen informaci\u00f3n y perspectivas hist\u00f3ricas.<\/li><\/ul><\/li><\/ul>\t\t\t\t\t\t\t\t<\/div>\n\t\t\t\t<\/div>\n\t\t\t\t\t<\/div>\n\t\t<\/div>\n\t\t\t\t\t<\/div>\n\t\t<\/section>\n\t\t\t\t<section class=\"elementor-section elementor-top-section elementor-element elementor-element-4d1fcc0a elementor-section-boxed elementor-section-height-default elementor-section-height-default wpr-particle-no wpr-jarallax-no wpr-parallax-no wpr-sticky-section-no wpr-equal-height-no\" data-id=\"4d1fcc0a\" data-element_type=\"section\" data-e-type=\"section\">\n\t\t\t\t\t\t<div class=\"elementor-container elementor-column-gap-default\">\n\t\t\t\t\t<div class=\"elementor-column elementor-col-50 elementor-top-column elementor-element elementor-element-434dc4b0\" data-id=\"434dc4b0\" data-element_type=\"column\" data-e-type=\"column\">\n\t\t\t<div class=\"elementor-widget-wrap elementor-element-populated\">\n\t\t\t\t\t\t<div class=\"elementor-element elementor-element-13d05565 elementor-widget elementor-widget-image\" data-id=\"13d05565\" data-element_type=\"widget\" data-e-type=\"widget\" data-widget_type=\"image.default\">\n\t\t\t\t<div class=\"elementor-widget-container\">\n\t\t\t\t\t\t\t\t\t\t\t\t\t\t\t<img fetchpriority=\"high\" decoding=\"async\" width=\"553\" height=\"267\" src=\"https:\/\/accesolatino.org\/wp-content\/uploads\/2023\/12\/Como_lidiar_con_la_discriminacion_y_el_racismo.png\" class=\"attachment-full size-full wp-image-52258\" alt=\"\" srcset=\"https:\/\/accesolatino.org\/wp-content\/uploads\/2023\/12\/Como_lidiar_con_la_discriminacion_y_el_racismo.png 553w, https:\/\/accesolatino.org\/wp-content\/uploads\/2023\/12\/Como_lidiar_con_la_discriminacion_y_el_racismo-300x145.png 300w, https:\/\/accesolatino.org\/wp-content\/uploads\/2023\/12\/Como_lidiar_con_la_discriminacion_y_el_racismo-18x9.png 18w\" sizes=\"(max-width: 553px) 100vw, 553px\" \/>\t\t\t\t\t\t\t\t\t\t\t\t\t\t\t<\/div>\n\t\t\t\t<\/div>\n\t\t\t\t\t<\/div>\n\t\t<\/div>\n\t\t\t\t<div class=\"elementor-column elementor-col-50 elementor-top-column elementor-element elementor-element-151ad388\" data-id=\"151ad388\" data-element_type=\"column\" data-e-type=\"column\">\n\t\t\t<div class=\"elementor-widget-wrap elementor-element-populated\">\n\t\t\t\t\t\t<div class=\"elementor-element elementor-element-7ff435d7 elementor-widget elementor-widget-text-editor\" data-id=\"7ff435d7\" data-element_type=\"widget\" data-e-type=\"widget\" data-widget_type=\"text-editor.default\">\n\t\t\t\t<div class=\"elementor-widget-container\">\n\t\t\t\t\t\t\t\t\t<p>Lidiar con la discriminaci\u00f3n y el racismo es desafiante, pero hay recursos y comunidades dispuestas a brindar apoyo. La educaci\u00f3n, el conocimiento de tus derechos y la b\u00fasqueda de ayuda emocional son pasos valiosos para enfrentar estas dificultades.<\/p>\t\t\t\t\t\t\t\t<\/div>\n\t\t\t\t<\/div>\n\t\t\t\t\t<\/div>\n\t\t<\/div>\n\t\t\t\t\t<\/div>\n\t\t<\/section>\n\t\t\t\t<section class=\"elementor-section elementor-top-section elementor-element elementor-element-2fe8f6be elementor-section-boxed elementor-section-height-default elementor-section-height-default wpr-particle-no wpr-jarallax-no wpr-parallax-no wpr-sticky-section-no wpr-equal-height-no\" data-id=\"2fe8f6be\" data-element_type=\"section\" data-e-type=\"section\">\n\t\t\t\t\t\t<div class=\"elementor-container elementor-column-gap-default\">\n\t\t\t\t\t<div class=\"elementor-column elementor-col-100 elementor-top-column elementor-element elementor-element-6576d1c1\" data-id=\"6576d1c1\" data-element_type=\"column\" data-e-type=\"column\">\n\t\t\t<div class=\"elementor-widget-wrap elementor-element-populated\">\n\t\t\t\t\t\t<div class=\"elementor-element elementor-element-75f3b688 elementor-widget elementor-widget-text-editor\" data-id=\"75f3b688\" data-element_type=\"widget\" data-e-type=\"widget\" data-widget_type=\"text-editor.default\">\n\t\t\t\t<div class=\"elementor-widget-container\">\n\t\t\t\t\t\t\t\t\t<p>Para m\u00e1s informaci\u00f3n y apoyo espec\u00edfico, se recomienda buscar recursos locales y organizaciones comunitarias que puedan ofrecer orientaci\u00f3n y apoyo personalizado.<\/p>\t\t\t\t\t\t\t\t<\/div>\n\t\t\t\t<\/div>\n\t\t\t\t\t<\/div>\n\t\t<\/div>\n\t\t\t\t\t<\/div>\n\t\t<\/section>\n\t\t\t\t<\/div>","protected":false},"excerpt":{"rendered":"<p>Recursos para afrontar y abordar situaciones de discriminaci\u00f3n racial como inmigrante en Estados Unidos.<\/p>","protected":false},"author":13,"featured_media":52258,"comment_status":"open","ping_status":"open","sticky":false,"template":"","format":"standard","meta":{"_uf_show_specific_survey":0,"_uf_disable_surveys":false,"footnotes":""},"categories":[10,1935],"tags":[110,87,152,2657,1629],"class_list":["post-52257","post","type-post","status-publish","format-standard","has-post-thumbnail","hentry","category-noticias","category-vida-diaria","tag-discriminacion","tag-inmigrantes","tag-organizaciones","tag-racismo","tag-recursos"],"aioseo_notices":[],"yoast_head":"<!-- This site is optimized with the Yoast SEO plugin v27.5 - https:\/\/yoast.com\/product\/yoast-seo-wordpress\/ -->\n<title>C\u00f3mo lidiar con la discriminaci\u00f3n y el racismo en Estados Unidos<\/title>\n<meta name=\"description\" content=\"C\u00f3mo lidiar con la discriminaci\u00f3n y el racismo en Estados Unidos; consulta recursos y organizaciones que pueden ofrecerte su apoyo.\" \/>\n<meta name=\"robots\" content=\"index, follow, max-snippet:-1, max-image-preview:large, max-video-preview:-1\" \/>\n<link rel=\"canonical\" href=\"https:\/\/accesolatino.org\/en\/como-lidiar-con-la-discriminacion-y-el-racismo-en-estados-unidos\/vida-diaria\/\" \/>\n<meta property=\"og:locale\" content=\"en_US\" \/>\n<meta property=\"og:type\" content=\"article\" \/>\n<meta property=\"og:title\" content=\"C\u00f3mo lidiar con la discriminaci\u00f3n y el racismo en Estados Unidos % | Acceso Latino\" \/>\n<meta property=\"og:description\" content=\"C\u00f3mo lidiar con la discriminaci\u00f3n y el racismo en Estados Unidos; consulta recursos y organizaciones que pueden ofrecerte su apoyo.\" \/>\n<meta property=\"og:url\" content=\"https:\/\/accesolatino.org\/en\/como-lidiar-con-la-discriminacion-y-el-racismo-en-estados-unidos\/vida-diaria\/\" \/>\n<meta property=\"og:site_name\" content=\"Acceso Latino\" \/>\n<meta property=\"article:publisher\" content=\"https:\/\/www.facebook.com\/AccesoLatinoOrg\" \/>\n<meta property=\"article:published_time\" content=\"2023-12-13T14:39:00+00:00\" \/>\n<meta property=\"og:image\" content=\"https:\/\/accesolatino.org\/wp-content\/uploads\/2023\/12\/Como_lidiar_con_la_discriminacion_y_el_racismo.png\" \/>\n\t<meta property=\"og:image:width\" content=\"553\" \/>\n\t<meta property=\"og:image:height\" content=\"267\" \/>\n\t<meta property=\"og:image:type\" content=\"image\/png\" \/>\n<meta name=\"author\" content=\"Noticias\" \/>\n<meta name=\"twitter:card\" content=\"summary_large_image\" \/>\n<meta name=\"twitter:title\" content=\"C\u00f3mo lidiar con la discriminaci\u00f3n y el racismo en Estados Unidos | Acceso Latino\" \/>\n<meta name=\"twitter:description\" content=\"C\u00f3mo lidiar con la discriminaci\u00f3n y el racismo en Estados Unidos; consulta recursos y organizaciones que pueden ofrecerte su apoyo.\" \/>\n<meta name=\"twitter:image\" content=\"https:\/\/accesolatino.org\/wp-content\/uploads\/2023\/12\/Como_lidiar_con_la_discriminacion_y_el_racismo.png\" \/>\n<meta name=\"twitter:creator\" content=\"@FAccLatino\" \/>\n<meta name=\"twitter:site\" content=\"@FAccLatino\" \/>\n<meta name=\"twitter:label1\" content=\"Written by\" \/>\n\t<meta name=\"twitter:data1\" content=\"Noticias\" \/>\n\t<meta name=\"twitter:label2\" content=\"Est. reading time\" \/>\n\t<meta name=\"twitter:data2\" content=\"2 minutes\" \/>\n<script type=\"application\/ld+json\" class=\"yoast-schema-graph\">{\"@context\":\"https:\\\/\\\/schema.org\",\"@graph\":[{\"@type\":\"Article\",\"@id\":\"https:\\\/\\\/accesolatino.org\\\/en\\\/como-lidiar-con-la-discriminacion-y-el-racismo-en-estados-unidos\\\/vida-diaria\\\/#article\",\"isPartOf\":{\"@id\":\"https:\\\/\\\/accesolatino.org\\\/en\\\/como-lidiar-con-la-discriminacion-y-el-racismo-en-estados-unidos\\\/vida-diaria\\\/\"},\"author\":{\"name\":\"Noticias\",\"@id\":\"https:\\\/\\\/accesolatino.org\\\/#\\\/schema\\\/person\\\/57bc3bfd2c357610a5255490ca4cd305\"},\"headline\":\"C\u00f3mo lidiar con la discriminaci\u00f3n y el racismo en Estados Unidos\",\"datePublished\":\"2023-12-13T14:39:00+00:00\",\"mainEntityOfPage\":{\"@id\":\"https:\\\/\\\/accesolatino.org\\\/en\\\/como-lidiar-con-la-discriminacion-y-el-racismo-en-estados-unidos\\\/vida-diaria\\\/\"},\"wordCount\":295,\"commentCount\":0,\"publisher\":{\"@id\":\"https:\\\/\\\/accesolatino.org\\\/#organization\"},\"image\":{\"@id\":\"https:\\\/\\\/accesolatino.org\\\/en\\\/como-lidiar-con-la-discriminacion-y-el-racismo-en-estados-unidos\\\/vida-diaria\\\/#primaryimage\"},\"thumbnailUrl\":\"https:\\\/\\\/accesolatino.org\\\/wp-content\\\/uploads\\\/2023\\\/12\\\/Como_lidiar_con_la_discriminacion_y_el_racismo.png\",\"keywords\":[\"Discriminaci\u00f3n\",\"Inmigrantes\",\"Organizaciones\",\"Racismo\",\"Recursos\"],\"articleSection\":[\"Noticias\",\"Vida Diaria\"],\"inLanguage\":\"en-US\",\"potentialAction\":[{\"@type\":\"CommentAction\",\"name\":\"Comment\",\"target\":[\"https:\\\/\\\/accesolatino.org\\\/en\\\/como-lidiar-con-la-discriminacion-y-el-racismo-en-estados-unidos\\\/vida-diaria\\\/#respond\"]}]},{\"@type\":\"WebPage\",\"@id\":\"https:\\\/\\\/accesolatino.org\\\/en\\\/como-lidiar-con-la-discriminacion-y-el-racismo-en-estados-unidos\\\/vida-diaria\\\/\",\"url\":\"https:\\\/\\\/accesolatino.org\\\/en\\\/como-lidiar-con-la-discriminacion-y-el-racismo-en-estados-unidos\\\/vida-diaria\\\/\",\"name\":\"C\u00f3mo lidiar con la discriminaci\u00f3n y el racismo en Estados Unidos\",\"isPartOf\":{\"@id\":\"https:\\\/\\\/accesolatino.org\\\/#website\"},\"primaryImageOfPage\":{\"@id\":\"https:\\\/\\\/accesolatino.org\\\/en\\\/como-lidiar-con-la-discriminacion-y-el-racismo-en-estados-unidos\\\/vida-diaria\\\/#primaryimage\"},\"image\":{\"@id\":\"https:\\\/\\\/accesolatino.org\\\/en\\\/como-lidiar-con-la-discriminacion-y-el-racismo-en-estados-unidos\\\/vida-diaria\\\/#primaryimage\"},\"thumbnailUrl\":\"https:\\\/\\\/accesolatino.org\\\/wp-content\\\/uploads\\\/2023\\\/12\\\/Como_lidiar_con_la_discriminacion_y_el_racismo.png\",\"datePublished\":\"2023-12-13T14:39:00+00:00\",\"description\":\"C\u00f3mo lidiar con la discriminaci\u00f3n y el racismo en Estados Unidos; consulta recursos y organizaciones que pueden ofrecerte su apoyo.\",\"breadcrumb\":{\"@id\":\"https:\\\/\\\/accesolatino.org\\\/en\\\/como-lidiar-con-la-discriminacion-y-el-racismo-en-estados-unidos\\\/vida-diaria\\\/#breadcrumb\"},\"inLanguage\":\"en-US\",\"potentialAction\":[{\"@type\":\"ReadAction\",\"target\":[\"https:\\\/\\\/accesolatino.org\\\/en\\\/como-lidiar-con-la-discriminacion-y-el-racismo-en-estados-unidos\\\/vida-diaria\\\/\"]}]},{\"@type\":\"ImageObject\",\"inLanguage\":\"en-US\",\"@id\":\"https:\\\/\\\/accesolatino.org\\\/en\\\/como-lidiar-con-la-discriminacion-y-el-racismo-en-estados-unidos\\\/vida-diaria\\\/#primaryimage\",\"url\":\"https:\\\/\\\/accesolatino.org\\\/wp-content\\\/uploads\\\/2023\\\/12\\\/Como_lidiar_con_la_discriminacion_y_el_racismo.png\",\"contentUrl\":\"https:\\\/\\\/accesolatino.org\\\/wp-content\\\/uploads\\\/2023\\\/12\\\/Como_lidiar_con_la_discriminacion_y_el_racismo.png\",\"width\":553,\"height\":267},{\"@type\":\"BreadcrumbList\",\"@id\":\"https:\\\/\\\/accesolatino.org\\\/en\\\/como-lidiar-con-la-discriminacion-y-el-racismo-en-estados-unidos\\\/vida-diaria\\\/#breadcrumb\",\"itemListElement\":[{\"@type\":\"ListItem\",\"position\":1,\"name\":\"Portada\",\"item\":\"https:\\\/\\\/accesolatino.org\\\/\"},{\"@type\":\"ListItem\",\"position\":2,\"name\":\"Vida Diaria\",\"item\":\"https:\\\/\\\/accesolatino.org\\\/category\\\/vida-diaria\\\/\"},{\"@type\":\"ListItem\",\"position\":3,\"name\":\"C\u00f3mo lidiar con la discriminaci\u00f3n y el racismo en Estados Unidos\"}]},{\"@type\":\"WebSite\",\"@id\":\"https:\\\/\\\/accesolatino.org\\\/#website\",\"url\":\"https:\\\/\\\/accesolatino.org\\\/\",\"name\":\"Acceso Latino | Fundaci\u00f3n Carlos Slim\",\"description\":\"Fundaci\u00f3n Carlos Slim\",\"publisher\":{\"@id\":\"https:\\\/\\\/accesolatino.org\\\/#organization\"},\"potentialAction\":[{\"@type\":\"SearchAction\",\"target\":{\"@type\":\"EntryPoint\",\"urlTemplate\":\"https:\\\/\\\/accesolatino.org\\\/?s={search_term_string}\"},\"query-input\":{\"@type\":\"PropertyValueSpecification\",\"valueRequired\":true,\"valueName\":\"search_term_string\"}}],\"inLanguage\":\"en-US\"},{\"@type\":\"Organization\",\"@id\":\"https:\\\/\\\/accesolatino.org\\\/#organization\",\"name\":\"Acceso Latino | Fundaci\u00f3n Carlos Slim\",\"url\":\"https:\\\/\\\/accesolatino.org\\\/\",\"logo\":{\"@type\":\"ImageObject\",\"inLanguage\":\"en-US\",\"@id\":\"https:\\\/\\\/accesolatino.org\\\/#\\\/schema\\\/logo\\\/image\\\/\",\"url\":\"https:\\\/\\\/accesolatino.org\\\/wp-content\\\/uploads\\\/2021\\\/02\\\/logo-footer-acceso-latino.png\",\"contentUrl\":\"https:\\\/\\\/accesolatino.org\\\/wp-content\\\/uploads\\\/2021\\\/02\\\/logo-footer-acceso-latino.png\",\"width\":240,\"height\":40,\"caption\":\"Acceso Latino | Fundaci\u00f3n Carlos Slim\"},\"image\":{\"@id\":\"https:\\\/\\\/accesolatino.org\\\/#\\\/schema\\\/logo\\\/image\\\/\"},\"sameAs\":[\"https:\\\/\\\/www.facebook.com\\\/AccesoLatinoOrg\",\"https:\\\/\\\/x.com\\\/FAccLatino\"]},{\"@type\":\"Person\",\"@id\":\"https:\\\/\\\/accesolatino.org\\\/#\\\/schema\\\/person\\\/57bc3bfd2c357610a5255490ca4cd305\",\"name\":\"Noticias\"}]}<\/script>\n<!-- \/ Yoast SEO plugin. -->","yoast_head_json":{"title":"C\u00f3mo lidiar con la discriminaci\u00f3n y el racismo en Estados Unidos","description":"C\u00f3mo lidiar con la discriminaci\u00f3n y el racismo en Estados Unidos; consulta recursos y organizaciones que pueden ofrecerte su apoyo.","robots":{"index":"index","follow":"follow","max-snippet":"max-snippet:-1","max-image-preview":"max-image-preview:large","max-video-preview":"max-video-preview:-1"},"canonical":"https:\/\/accesolatino.org\/en\/como-lidiar-con-la-discriminacion-y-el-racismo-en-estados-unidos\/vida-diaria\/","og_locale":"en_US","og_type":"article","og_title":"C\u00f3mo lidiar con la discriminaci\u00f3n y el racismo en Estados Unidos % | Acceso Latino","og_description":"C\u00f3mo lidiar con la discriminaci\u00f3n y el racismo en Estados Unidos; consulta recursos y organizaciones que pueden ofrecerte su apoyo.","og_url":"https:\/\/accesolatino.org\/en\/como-lidiar-con-la-discriminacion-y-el-racismo-en-estados-unidos\/vida-diaria\/","og_site_name":"Acceso Latino","article_publisher":"https:\/\/www.facebook.com\/AccesoLatinoOrg","article_published_time":"2023-12-13T14:39:00+00:00","og_image":[{"width":553,"height":267,"url":"https:\/\/accesolatino.org\/wp-content\/uploads\/2023\/12\/Como_lidiar_con_la_discriminacion_y_el_racismo.png","type":"image\/png"}],"author":"Noticias","twitter_card":"summary_large_image","twitter_title":"C\u00f3mo lidiar con la discriminaci\u00f3n y el racismo en Estados Unidos | Acceso Latino","twitter_description":"C\u00f3mo lidiar con la discriminaci\u00f3n y el racismo en Estados Unidos; consulta recursos y organizaciones que pueden ofrecerte su apoyo.","twitter_image":"https:\/\/accesolatino.org\/wp-content\/uploads\/2023\/12\/Como_lidiar_con_la_discriminacion_y_el_racismo.png","twitter_creator":"@FAccLatino","twitter_site":"@FAccLatino","twitter_misc":{"Written by":"Noticias","Est. reading time":"2 minutes"},"schema":{"@context":"https:\/\/schema.org","@graph":[{"@type":"Article","@id":"https:\/\/accesolatino.org\/en\/como-lidiar-con-la-discriminacion-y-el-racismo-en-estados-unidos\/vida-diaria\/#article","isPartOf":{"@id":"https:\/\/accesolatino.org\/en\/como-lidiar-con-la-discriminacion-y-el-racismo-en-estados-unidos\/vida-diaria\/"},"author":{"name":"Noticias","@id":"https:\/\/accesolatino.org\/#\/schema\/person\/57bc3bfd2c357610a5255490ca4cd305"},"headline":"C\u00f3mo lidiar con la discriminaci\u00f3n y el racismo en Estados Unidos","datePublished":"2023-12-13T14:39:00+00:00","mainEntityOfPage":{"@id":"https:\/\/accesolatino.org\/en\/como-lidiar-con-la-discriminacion-y-el-racismo-en-estados-unidos\/vida-diaria\/"},"wordCount":295,"commentCount":0,"publisher":{"@id":"https:\/\/accesolatino.org\/#organization"},"image":{"@id":"https:\/\/accesolatino.org\/en\/como-lidiar-con-la-discriminacion-y-el-racismo-en-estados-unidos\/vida-diaria\/#primaryimage"},"thumbnailUrl":"https:\/\/accesolatino.org\/wp-content\/uploads\/2023\/12\/Como_lidiar_con_la_discriminacion_y_el_racismo.png","keywords":["Discriminaci\u00f3n","Inmigrantes","Organizaciones","Racismo","Recursos"],"articleSection":["Noticias","Vida Diaria"],"inLanguage":"en-US","potentialAction":[{"@type":"CommentAction","name":"Comment","target":["https:\/\/accesolatino.org\/en\/como-lidiar-con-la-discriminacion-y-el-racismo-en-estados-unidos\/vida-diaria\/#respond"]}]},{"@type":"WebPage","@id":"https:\/\/accesolatino.org\/en\/como-lidiar-con-la-discriminacion-y-el-racismo-en-estados-unidos\/vida-diaria\/","url":"https:\/\/accesolatino.org\/en\/como-lidiar-con-la-discriminacion-y-el-racismo-en-estados-unidos\/vida-diaria\/","name":"C\u00f3mo lidiar con la discriminaci\u00f3n y el racismo en Estados Unidos","isPartOf":{"@id":"https:\/\/accesolatino.org\/#website"},"primaryImageOfPage":{"@id":"https:\/\/accesolatino.org\/en\/como-lidiar-con-la-discriminacion-y-el-racismo-en-estados-unidos\/vida-diaria\/#primaryimage"},"image":{"@id":"https:\/\/accesolatino.org\/en\/como-lidiar-con-la-discriminacion-y-el-racismo-en-estados-unidos\/vida-diaria\/#primaryimage"},"thumbnailUrl":"https:\/\/accesolatino.org\/wp-content\/uploads\/2023\/12\/Como_lidiar_con_la_discriminacion_y_el_racismo.png","datePublished":"2023-12-13T14:39:00+00:00","description":"C\u00f3mo lidiar con la discriminaci\u00f3n y el racismo en Estados Unidos; consulta recursos y organizaciones que pueden ofrecerte su apoyo.","breadcrumb":{"@id":"https:\/\/accesolatino.org\/en\/como-lidiar-con-la-discriminacion-y-el-racismo-en-estados-unidos\/vida-diaria\/#breadcrumb"},"inLanguage":"en-US","potentialAction":[{"@type":"ReadAction","target":["https:\/\/accesolatino.org\/en\/como-lidiar-con-la-discriminacion-y-el-racismo-en-estados-unidos\/vida-diaria\/"]}]},{"@type":"ImageObject","inLanguage":"en-US","@id":"https:\/\/accesolatino.org\/en\/como-lidiar-con-la-discriminacion-y-el-racismo-en-estados-unidos\/vida-diaria\/#primaryimage","url":"https:\/\/accesolatino.org\/wp-content\/uploads\/2023\/12\/Como_lidiar_con_la_discriminacion_y_el_racismo.png","contentUrl":"https:\/\/accesolatino.org\/wp-content\/uploads\/2023\/12\/Como_lidiar_con_la_discriminacion_y_el_racismo.png","width":553,"height":267},{"@type":"BreadcrumbList","@id":"https:\/\/accesolatino.org\/en\/como-lidiar-con-la-discriminacion-y-el-racismo-en-estados-unidos\/vida-diaria\/#breadcrumb","itemListElement":[{"@type":"ListItem","position":1,"name":"Portada","item":"https:\/\/accesolatino.org\/"},{"@type":"ListItem","position":2,"name":"Vida Diaria","item":"https:\/\/accesolatino.org\/category\/vida-diaria\/"},{"@type":"ListItem","position":3,"name":"C\u00f3mo lidiar con la discriminaci\u00f3n y el racismo en Estados Unidos"}]},{"@type":"WebSite","@id":"https:\/\/accesolatino.org\/#website","url":"https:\/\/accesolatino.org\/","name":"Acceso Latino | Fundaci\u00f3n Carlos Slim","description":"Fundaci\u00f3n Carlos Slim","publisher":{"@id":"https:\/\/accesolatino.org\/#organization"},"potentialAction":[{"@type":"SearchAction","target":{"@type":"EntryPoint","urlTemplate":"https:\/\/accesolatino.org\/?s={search_term_string}"},"query-input":{"@type":"PropertyValueSpecification","valueRequired":true,"valueName":"search_term_string"}}],"inLanguage":"en-US"},{"@type":"Organization","@id":"https:\/\/accesolatino.org\/#organization","name":"Acceso Latino | Fundaci\u00f3n Carlos Slim","url":"https:\/\/accesolatino.org\/","logo":{"@type":"ImageObject","inLanguage":"en-US","@id":"https:\/\/accesolatino.org\/#\/schema\/logo\/image\/","url":"https:\/\/accesolatino.org\/wp-content\/uploads\/2021\/02\/logo-footer-acceso-latino.png","contentUrl":"https:\/\/accesolatino.org\/wp-content\/uploads\/2021\/02\/logo-footer-acceso-latino.png","width":240,"height":40,"caption":"Acceso Latino | Fundaci\u00f3n Carlos Slim"},"image":{"@id":"https:\/\/accesolatino.org\/#\/schema\/logo\/image\/"},"sameAs":["https:\/\/www.facebook.com\/AccesoLatinoOrg","https:\/\/x.com\/FAccLatino"]},{"@type":"Person","@id":"https:\/\/accesolatino.org\/#\/schema\/person\/57bc3bfd2c357610a5255490ca4cd305","name":"News"}]}},"_links":{"self":[{"href":"https:\/\/accesolatino.org\/en\/wp-json\/wp\/v2\/posts\/52257","targetHints":{"allow":["GET"]}}],"collection":[{"href":"https:\/\/accesolatino.org\/en\/wp-json\/wp\/v2\/posts"}],"about":[{"href":"https:\/\/accesolatino.org\/en\/wp-json\/wp\/v2\/types\/post"}],"author":[{"embeddable":true,"href":"https:\/\/accesolatino.org\/en\/wp-json\/wp\/v2\/users\/13"}],"replies":[{"embeddable":true,"href":"https:\/\/accesolatino.org\/en\/wp-json\/wp\/v2\/comments?post=52257"}],"version-history":[{"count":0,"href":"https:\/\/accesolatino.org\/en\/wp-json\/wp\/v2\/posts\/52257\/revisions"}],"wp:featuredmedia":[{"embeddable":true,"href":"https:\/\/accesolatino.org\/en\/wp-json\/wp\/v2\/media\/52258"}],"wp:attachment":[{"href":"https:\/\/accesolatino.org\/en\/wp-json\/wp\/v2\/media?parent=52257"}],"wp:term":[{"taxonomy":"category","embeddable":true,"href":"https:\/\/accesolatino.org\/en\/wp-json\/wp\/v2\/categories?post=52257"},{"taxonomy":"post_tag","embeddable":true,"href":"https:\/\/accesolatino.org\/en\/wp-json\/wp\/v2\/tags?post=52257"}],"curies":[{"name":"wp","href":"https:\/\/api.w.org\/{rel}","templated":true}]}}