{"id":49797,"date":"2023-07-06T10:17:04","date_gmt":"2023-07-06T16:17:04","guid":{"rendered":"https:\/\/accesolatino.org\/?p=49797"},"modified":"2025-10-20T13:10:17","modified_gmt":"2025-10-20T19:10:17","slug":"conoce-tus-derechos-ante-la-nueva-ley-antimigrante-de-florida","status":"publish","type":"post","link":"https:\/\/accesolatino.org\/en\/conoce-tus-derechos-ante-la-nueva-ley-antimigrante-de-florida\/derecho\/","title":{"rendered":"Know your rights before the new Florida anti-immigrant law"},"content":{"rendered":"<div data-elementor-type=\"wp-post\" data-elementor-id=\"49797\" class=\"elementor elementor-49797\">\n\t\t\t\t\t\t<section class=\"elementor-section elementor-top-section elementor-element elementor-element-4730911e elementor-section-boxed elementor-section-height-default elementor-section-height-default wpr-particle-no wpr-jarallax-no wpr-parallax-no wpr-sticky-section-no wpr-equal-height-no\" data-id=\"4730911e\" data-element_type=\"section\" data-e-type=\"section\">\n\t\t\t\t\t\t<div class=\"elementor-container elementor-column-gap-default\">\n\t\t\t\t\t<div class=\"elementor-column elementor-col-100 elementor-top-column elementor-element elementor-element-2abdc863\" data-id=\"2abdc863\" data-element_type=\"column\" data-e-type=\"column\">\n\t\t\t<div class=\"elementor-widget-wrap elementor-element-populated\">\n\t\t\t\t\t\t<div class=\"elementor-element elementor-element-935b3ca elementor-widget elementor-widget-heading\" data-id=\"935b3ca\" data-element_type=\"widget\" data-e-type=\"widget\" data-widget_type=\"heading.default\">\n\t\t\t\t<div class=\"elementor-widget-container\">\n\t\t\t\t\t<h2 class=\"elementor-heading-title elementor-size-default\">The United We Dream organization invites you to a webinar on the rights of immigrants in the United States in the face of anti-immigration policies.<\/h2>\t\t\t\t<\/div>\n\t\t\t\t<\/div>\n\t\t\t\t\t<\/div>\n\t\t<\/div>\n\t\t\t\t\t<\/div>\n\t\t<\/section>\n\t\t\t\t<section class=\"elementor-section elementor-top-section elementor-element elementor-element-45f408b1 elementor-section-boxed elementor-section-height-default elementor-section-height-default wpr-particle-no wpr-jarallax-no wpr-parallax-no wpr-sticky-section-no wpr-equal-height-no\" data-id=\"45f408b1\" data-element_type=\"section\" data-e-type=\"section\">\n\t\t\t\t\t\t<div class=\"elementor-container elementor-column-gap-default\">\n\t\t\t\t\t<div class=\"elementor-column elementor-col-100 elementor-top-column elementor-element elementor-element-32b54124\" data-id=\"32b54124\" data-element_type=\"column\" data-e-type=\"column\">\n\t\t\t<div class=\"elementor-widget-wrap elementor-element-populated\">\n\t\t\t\t\t\t<div class=\"elementor-element elementor-element-2d1f267d elementor-widget elementor-widget-text-editor\" data-id=\"2d1f267d\" data-element_type=\"widget\" data-e-type=\"widget\" data-widget_type=\"text-editor.default\">\n\t\t\t\t<div class=\"elementor-widget-container\">\n\t\t\t\t\t\t\t\t\t<p>The United States is recently facing policies and lawsuits that affect the migrant community across the country. Uncertainty about DACA and the court order challenging it currently or more recently Florida's anti-immigrant law SB 1718 that went into effect on July 1. However, there are organizations that continue to fight for the rights of communities and generate resources to keep migrants informed and protected.<\/p><p>For example, United We Dream, the largest youth-led immigrant organization in the United States, with more than a million members nationwide, offers venues for youth regardless of their immigration status.<\/p>\t\t\t\t\t\t\t\t<\/div>\n\t\t\t\t<\/div>\n\t\t\t\t\t<\/div>\n\t\t<\/div>\n\t\t\t\t\t<\/div>\n\t\t<\/section>\n\t\t\t\t<section class=\"elementor-section elementor-top-section elementor-element elementor-element-108b4b16 elementor-section-boxed elementor-section-height-default elementor-section-height-default wpr-particle-no wpr-jarallax-no wpr-parallax-no wpr-sticky-section-no wpr-equal-height-no\" data-id=\"108b4b16\" data-element_type=\"section\" data-e-type=\"section\">\n\t\t\t\t\t\t<div class=\"elementor-container elementor-column-gap-default\">\n\t\t\t\t\t<div class=\"elementor-column elementor-col-50 elementor-top-column elementor-element elementor-element-16fdc53b\" data-id=\"16fdc53b\" data-element_type=\"column\" data-e-type=\"column\">\n\t\t\t<div class=\"elementor-widget-wrap elementor-element-populated\">\n\t\t\t\t\t\t<div class=\"elementor-element elementor-element-233a351a elementor-widget elementor-widget-image\" data-id=\"233a351a\" data-element_type=\"widget\" data-e-type=\"widget\" data-widget_type=\"image.default\">\n\t\t\t\t<div class=\"elementor-widget-container\">\n\t\t\t\t\t\t\t\t\t\t\t\t\t\t\t<img fetchpriority=\"high\" decoding=\"async\" width=\"2400\" height=\"1260\" src=\"https:\/\/accesolatino.org\/wp-content\/uploads\/2023\/07\/2_KYP.png\" class=\"attachment-full size-full wp-image-49798\" alt=\"\" srcset=\"https:\/\/accesolatino.org\/wp-content\/uploads\/2023\/07\/2_KYP.png 2400w, https:\/\/accesolatino.org\/wp-content\/uploads\/2023\/07\/2_KYP-300x158.png 300w, https:\/\/accesolatino.org\/wp-content\/uploads\/2023\/07\/2_KYP-1024x538.png 1024w, https:\/\/accesolatino.org\/wp-content\/uploads\/2023\/07\/2_KYP-768x403.png 768w, https:\/\/accesolatino.org\/wp-content\/uploads\/2023\/07\/2_KYP-1536x806.png 1536w, https:\/\/accesolatino.org\/wp-content\/uploads\/2023\/07\/2_KYP-2048x1075.png 2048w, https:\/\/accesolatino.org\/wp-content\/uploads\/2023\/07\/2_KYP-18x9.png 18w\" sizes=\"(max-width: 2400px) 100vw, 2400px\" \/>\t\t\t\t\t\t\t\t\t\t\t\t\t\t\t<\/div>\n\t\t\t\t<\/div>\n\t\t\t\t\t<\/div>\n\t\t<\/div>\n\t\t\t\t<div class=\"elementor-column elementor-col-50 elementor-top-column elementor-element elementor-element-545db6e7\" data-id=\"545db6e7\" data-element_type=\"column\" data-e-type=\"column\">\n\t\t\t<div class=\"elementor-widget-wrap elementor-element-populated\">\n\t\t\t\t\t\t<div class=\"elementor-element elementor-element-4ec75fd3 elementor-widget elementor-widget-text-editor\" data-id=\"4ec75fd3\" data-element_type=\"widget\" data-e-type=\"widget\" data-widget_type=\"text-editor.default\">\n\t\t\t\t<div class=\"elementor-widget-container\">\n\t\t\t\t\t\t\t\t\t<p>After the implementation of the law against immigrants in Florida, United We Dream seeks to provide resources to undocumented people about their constitutional rights. This organization has a Deportation Defense team, which is organizing a space to help immigrants create a plan and learn about their rights in the face of policies such as SB 1718, not only in Florida but throughout the country.<\/p>\t\t\t\t\t\t\t\t<\/div>\n\t\t\t\t<\/div>\n\t\t\t\t\t<\/div>\n\t\t<\/div>\n\t\t\t\t\t<\/div>\n\t\t<\/section>\n\t\t\t\t<section class=\"elementor-section elementor-top-section elementor-element elementor-element-40b69e5d elementor-section-boxed elementor-section-height-default elementor-section-height-default wpr-particle-no wpr-jarallax-no wpr-parallax-no wpr-sticky-section-no wpr-equal-height-no\" data-id=\"40b69e5d\" data-element_type=\"section\" data-e-type=\"section\">\n\t\t\t\t\t\t<div class=\"elementor-container elementor-column-gap-default\">\n\t\t\t\t\t<div class=\"elementor-column elementor-col-100 elementor-top-column elementor-element elementor-element-48277784\" data-id=\"48277784\" data-element_type=\"column\" data-e-type=\"column\">\n\t\t\t<div class=\"elementor-widget-wrap elementor-element-populated\">\n\t\t\t\t\t\t<div class=\"elementor-element elementor-element-3e70f39 elementor-widget elementor-widget-text-editor\" data-id=\"3e70f39\" data-element_type=\"widget\" data-e-type=\"widget\" data-widget_type=\"text-editor.default\">\n\t\t\t\t<div class=\"elementor-widget-container\">\n\t\t\t\t\t\t\t\t\t<p>On July 25 United We Dream will hold the webinar \u201c<strong>Know Your Power: Florida &amp; Beyond<\/strong>\u201d, cuyo objetivo es ofrecer informaci\u00f3n a la comunidad para vivir con seguridad, dignidad y sin amenazas de detenci\u00f3n o deportaci\u00f3n por parte de las autoridades, en espec\u00edfico en el contexto de Florida, donde la nueva ley juega en contra de las libertades de los migrantes.<\/p><p class=\"translation-block\">The webinar will take place on July 25 at 5 PM ET and you can register at the following link: <a href=\"https:\/\/actionnetwork.org\/events\/know-your-power-florida-and-beyond\/ ?source=social.tw\" target=\"_self\" role=\"link\">https:\/\/actionnetwork.org\/events\/know-your-power-florida-and-beyond\/<\/a><\/p><p>Tambi\u00e9n puedes conocer m\u00e1s sobre los recursos disponibles de United We Dream en su sitio web: <a href=\"https:\/\/unitedwedream.org\/resources\/\">https:\/\/unitedwedream.org\/resources\/<\/a><\/p>\t\t\t\t\t\t\t\t<\/div>\n\t\t\t\t<\/div>\n\t\t\t\t\t<\/div>\n\t\t<\/div>\n\t\t\t\t\t<\/div>\n\t\t<\/section>\n\t\t\t\t<section class=\"elementor-section elementor-top-section elementor-element elementor-element-77ff27c4 elementor-section-boxed elementor-section-height-default elementor-section-height-default wpr-particle-no wpr-jarallax-no wpr-parallax-no wpr-sticky-section-no wpr-equal-height-no\" data-id=\"77ff27c4\" data-element_type=\"section\" data-e-type=\"section\">\n\t\t\t\t\t\t<div class=\"elementor-container elementor-column-gap-default\">\n\t\t\t\t\t<div class=\"elementor-column elementor-col-100 elementor-top-column elementor-element elementor-element-3a28bb61\" data-id=\"3a28bb61\" data-element_type=\"column\" data-e-type=\"column\">\n\t\t\t<div class=\"elementor-widget-wrap elementor-element-populated\">\n\t\t\t\t\t\t<div class=\"elementor-element elementor-element-23209323 elementor-widget elementor-widget-toggle\" data-id=\"23209323\" data-element_type=\"widget\" data-e-type=\"widget\" data-widget_type=\"toggle.default\">\n\t\t\t\t<div class=\"elementor-widget-container\">\n\t\t\t\t\t\t\t<div class=\"elementor-toggle\">\n\t\t\t\t\t\t\t<div class=\"elementor-toggle-item\">\n\t\t\t\t\t<div id=\"elementor-tab-title-5891\" class=\"elementor-tab-title\" data-tab=\"1\" role=\"button\" aria-controls=\"elementor-tab-content-5891\" aria-expanded=\"false\">\n\t\t\t\t\t\t\t\t\t\t\t\t<span class=\"elementor-toggle-icon elementor-toggle-icon-left\" aria-hidden=\"true\">\n\t\t\t\t\t\t\t\t\t\t\t\t\t\t\t<span class=\"elementor-toggle-icon-closed\"><i class=\"fas fa-caret-right\"><\/i><\/span>\n\t\t\t\t\t\t\t\t<span class=\"elementor-toggle-icon-opened\"><i class=\"elementor-toggle-icon-opened fas fa-caret-up\"><\/i><\/span>\n\t\t\t\t\t\t\t\t\t\t\t\t\t<\/span>\n\t\t\t\t\t\t\t\t\t\t\t\t<a class=\"elementor-toggle-title\" tabindex=\"0\"> BIBLIOGRAPHY<\/a>\n\t\t\t\t\t<\/div>\n\n\t\t\t\t\t<div id=\"elementor-tab-content-5891\" class=\"elementor-tab-content elementor-clearfix\" data-tab=\"1\" role=\"region\" aria-labelledby=\"elementor-tab-title-5891\"><p><strong>ACTION NETWORK<\/strong><\/p><p><a href=\"https:\/\/actionnetwork.org\/events\/know-your-power-florida-and-beyond\/?source=social.tw\">https:\/\/actionnetwork.org\/events\/know-your-power-florida-and-beyond\/?source=social.tw<\/a><\/p><p><strong>UNITED WE DREAM<\/strong><\/p><p><a href=\"https:\/\/unitedwedream.org\/who-we-are\/\">https:\/\/unitedwedream.org\/who-we-are\/<\/a><\/p><\/div>\n\t\t\t\t<\/div>\n\t\t\t\t\t\t\t\t<\/div>\n\t\t\t\t\t\t<\/div>\n\t\t\t\t<\/div>\n\t\t\t\t\t<\/div>\n\t\t<\/div>\n\t\t\t\t\t<\/div>\n\t\t<\/section>\n\t\t\t\t<\/div>","protected":false},"excerpt":{"rendered":"<p>The United We Dream organization invites you to a webinar on the rights of immigrants in the United States in the face of anti-immigration policies.<\/p>","protected":false},"author":12,"featured_media":49798,"comment_status":"open","ping_status":"open","sticky":false,"template":"","format":"standard","meta":{"_uf_show_specific_survey":0,"_uf_disable_surveys":false,"footnotes":""},"categories":[181],"tags":[354,1148,2319,2191,439],"class_list":["post-49797","post","type-post","status-publish","format-standard","has-post-thumbnail","hentry","category-derecho","tag-derechos","tag-florida","tag-ley-antimigrante","tag-migrantes-indocumentados","tag-united-we-dream"],"aioseo_notices":[],"yoast_head":"<!-- This site is optimized with the Yoast SEO plugin v27.5 - https:\/\/yoast.com\/product\/yoast-seo-wordpress\/ -->\n<title>Conoce tus derechos ante la nueva ley antimigrante de Florida<\/title>\n<meta name=\"description\" content=\"Conoce tus derechos ante la nueva ley antimigrante de Florida a trav\u00e9s del webinar de United We Dream \u201cKnow Your Power: Florida &amp; Beyond\u201d\" \/>\n<meta name=\"robots\" content=\"index, follow, max-snippet:-1, max-image-preview:large, max-video-preview:-1\" \/>\n<link rel=\"canonical\" href=\"https:\/\/accesolatino.org\/en\/conoce-tus-derechos-ante-la-nueva-ley-antimigrante-de-florida\/derecho\/\" \/>\n<meta property=\"og:locale\" content=\"en_US\" \/>\n<meta property=\"og:type\" content=\"article\" \/>\n<meta property=\"og:title\" content=\"Conoce tus derechos ante la nueva ley antimigrante de Florida | Acceso Latino\" \/>\n<meta property=\"og:description\" content=\"Conoce tus derechos ante la nueva ley antimigrante de Florida a trav\u00e9s del webinar de United We Dream \u201cKnow Your Power: Florida &amp; Beyond\u201d\" \/>\n<meta property=\"og:url\" content=\"https:\/\/accesolatino.org\/en\/conoce-tus-derechos-ante-la-nueva-ley-antimigrante-de-florida\/derecho\/\" \/>\n<meta property=\"og:site_name\" content=\"Acceso Latino\" \/>\n<meta property=\"article:publisher\" content=\"https:\/\/www.facebook.com\/AccesoLatinoOrg\" \/>\n<meta property=\"article:published_time\" content=\"2023-07-06T16:17:04+00:00\" \/>\n<meta property=\"article:modified_time\" content=\"2025-10-20T19:10:17+00:00\" \/>\n<meta property=\"og:image\" content=\"https:\/\/accesolatino.org\/wp-content\/uploads\/2023\/07\/2_KYP.png\" \/>\n\t<meta property=\"og:image:width\" content=\"2400\" \/>\n\t<meta property=\"og:image:height\" content=\"1260\" \/>\n\t<meta property=\"og:image:type\" content=\"image\/png\" \/>\n<meta name=\"author\" content=\"Derechos Derechos\" \/>\n<meta name=\"twitter:card\" content=\"summary_large_image\" \/>\n<meta name=\"twitter:title\" content=\"Conoce tus derechos ante la nueva ley antimigrante de Florida | Acceso Latino\" \/>\n<meta name=\"twitter:description\" content=\"Conoce tus derechos ante la nueva ley antimigrante de Florida a trav\u00e9s del webinar de United We Dream \u201cKnow Your Power: Florida &amp; Beyond\u201d\" \/>\n<meta name=\"twitter:image\" content=\"https:\/\/accesolatino.org\/wp-content\/uploads\/2023\/07\/2_KYP.png\" \/>\n<meta name=\"twitter:creator\" content=\"@FAccLatino\" \/>\n<meta name=\"twitter:site\" content=\"@FAccLatino\" \/>\n<meta name=\"twitter:label1\" content=\"Written by\" \/>\n\t<meta name=\"twitter:data1\" content=\"Derechos Derechos\" \/>\n\t<meta name=\"twitter:label2\" content=\"Est. reading time\" \/>\n\t<meta name=\"twitter:data2\" content=\"2 minutes\" \/>\n<script type=\"application\/ld+json\" class=\"yoast-schema-graph\">{\"@context\":\"https:\\\/\\\/schema.org\",\"@graph\":[{\"@type\":\"Article\",\"@id\":\"https:\\\/\\\/accesolatino.org\\\/conoce-tus-derechos-ante-la-nueva-ley-antimigrante-de-florida\\\/derecho\\\/#article\",\"isPartOf\":{\"@id\":\"https:\\\/\\\/accesolatino.org\\\/conoce-tus-derechos-ante-la-nueva-ley-antimigrante-de-florida\\\/derecho\\\/\"},\"author\":{\"name\":\"Derechos Derechos\",\"@id\":\"https:\\\/\\\/accesolatino.org\\\/#\\\/schema\\\/person\\\/bcfa499c6ec65f79b2b3b9f755595a5e\"},\"headline\":\"Conoce tus derechos ante la nueva ley antimigrante de Florida\",\"datePublished\":\"2023-07-06T16:17:04+00:00\",\"dateModified\":\"2025-10-20T19:10:17+00:00\",\"mainEntityOfPage\":{\"@id\":\"https:\\\/\\\/accesolatino.org\\\/conoce-tus-derechos-ante-la-nueva-ley-antimigrante-de-florida\\\/derecho\\\/\"},\"wordCount\":362,\"commentCount\":0,\"publisher\":{\"@id\":\"https:\\\/\\\/accesolatino.org\\\/#organization\"},\"image\":{\"@id\":\"https:\\\/\\\/accesolatino.org\\\/conoce-tus-derechos-ante-la-nueva-ley-antimigrante-de-florida\\\/derecho\\\/#primaryimage\"},\"thumbnailUrl\":\"https:\\\/\\\/accesolatino.org\\\/wp-content\\\/uploads\\\/2023\\\/07\\\/2_KYP.png\",\"keywords\":[\"Derechos\",\"Florida\",\"Ley antimigrante\",\"Migrantes indocumentados\",\"United We Dream\"],\"articleSection\":[\"Derecho\"],\"inLanguage\":\"en-US\",\"potentialAction\":[{\"@type\":\"CommentAction\",\"name\":\"Comment\",\"target\":[\"https:\\\/\\\/accesolatino.org\\\/conoce-tus-derechos-ante-la-nueva-ley-antimigrante-de-florida\\\/derecho\\\/#respond\"]}]},{\"@type\":\"WebPage\",\"@id\":\"https:\\\/\\\/accesolatino.org\\\/conoce-tus-derechos-ante-la-nueva-ley-antimigrante-de-florida\\\/derecho\\\/\",\"url\":\"https:\\\/\\\/accesolatino.org\\\/conoce-tus-derechos-ante-la-nueva-ley-antimigrante-de-florida\\\/derecho\\\/\",\"name\":\"Conoce tus derechos ante la nueva ley antimigrante de Florida\",\"isPartOf\":{\"@id\":\"https:\\\/\\\/accesolatino.org\\\/#website\"},\"primaryImageOfPage\":{\"@id\":\"https:\\\/\\\/accesolatino.org\\\/conoce-tus-derechos-ante-la-nueva-ley-antimigrante-de-florida\\\/derecho\\\/#primaryimage\"},\"image\":{\"@id\":\"https:\\\/\\\/accesolatino.org\\\/conoce-tus-derechos-ante-la-nueva-ley-antimigrante-de-florida\\\/derecho\\\/#primaryimage\"},\"thumbnailUrl\":\"https:\\\/\\\/accesolatino.org\\\/wp-content\\\/uploads\\\/2023\\\/07\\\/2_KYP.png\",\"datePublished\":\"2023-07-06T16:17:04+00:00\",\"dateModified\":\"2025-10-20T19:10:17+00:00\",\"description\":\"Conoce tus derechos ante la nueva ley antimigrante de Florida a trav\u00e9s del webinar de United We Dream \u201cKnow Your Power: Florida & Beyond\u201d\",\"breadcrumb\":{\"@id\":\"https:\\\/\\\/accesolatino.org\\\/conoce-tus-derechos-ante-la-nueva-ley-antimigrante-de-florida\\\/derecho\\\/#breadcrumb\"},\"inLanguage\":\"en-US\",\"potentialAction\":[{\"@type\":\"ReadAction\",\"target\":[\"https:\\\/\\\/accesolatino.org\\\/conoce-tus-derechos-ante-la-nueva-ley-antimigrante-de-florida\\\/derecho\\\/\"]}]},{\"@type\":\"ImageObject\",\"inLanguage\":\"en-US\",\"@id\":\"https:\\\/\\\/accesolatino.org\\\/conoce-tus-derechos-ante-la-nueva-ley-antimigrante-de-florida\\\/derecho\\\/#primaryimage\",\"url\":\"https:\\\/\\\/accesolatino.org\\\/wp-content\\\/uploads\\\/2023\\\/07\\\/2_KYP.png\",\"contentUrl\":\"https:\\\/\\\/accesolatino.org\\\/wp-content\\\/uploads\\\/2023\\\/07\\\/2_KYP.png\",\"width\":2400,\"height\":1260},{\"@type\":\"BreadcrumbList\",\"@id\":\"https:\\\/\\\/accesolatino.org\\\/conoce-tus-derechos-ante-la-nueva-ley-antimigrante-de-florida\\\/derecho\\\/#breadcrumb\",\"itemListElement\":[{\"@type\":\"ListItem\",\"position\":1,\"name\":\"Portada\",\"item\":\"https:\\\/\\\/accesolatino.org\\\/\"},{\"@type\":\"ListItem\",\"position\":2,\"name\":\"Derecho\",\"item\":\"https:\\\/\\\/accesolatino.org\\\/category\\\/derecho\\\/\"},{\"@type\":\"ListItem\",\"position\":3,\"name\":\"Conoce tus derechos ante la nueva ley antimigrante de Florida\"}]},{\"@type\":\"WebSite\",\"@id\":\"https:\\\/\\\/accesolatino.org\\\/#website\",\"url\":\"https:\\\/\\\/accesolatino.org\\\/\",\"name\":\"Acceso Latino | Fundaci\u00f3n Carlos Slim\",\"description\":\"Fundaci\u00f3n Carlos Slim\",\"publisher\":{\"@id\":\"https:\\\/\\\/accesolatino.org\\\/#organization\"},\"potentialAction\":[{\"@type\":\"SearchAction\",\"target\":{\"@type\":\"EntryPoint\",\"urlTemplate\":\"https:\\\/\\\/accesolatino.org\\\/?s={search_term_string}\"},\"query-input\":{\"@type\":\"PropertyValueSpecification\",\"valueRequired\":true,\"valueName\":\"search_term_string\"}}],\"inLanguage\":\"en-US\"},{\"@type\":\"Organization\",\"@id\":\"https:\\\/\\\/accesolatino.org\\\/#organization\",\"name\":\"Acceso Latino | Fundaci\u00f3n Carlos Slim\",\"url\":\"https:\\\/\\\/accesolatino.org\\\/\",\"logo\":{\"@type\":\"ImageObject\",\"inLanguage\":\"en-US\",\"@id\":\"https:\\\/\\\/accesolatino.org\\\/#\\\/schema\\\/logo\\\/image\\\/\",\"url\":\"https:\\\/\\\/accesolatino.org\\\/wp-content\\\/uploads\\\/2021\\\/02\\\/logo-footer-acceso-latino.png\",\"contentUrl\":\"https:\\\/\\\/accesolatino.org\\\/wp-content\\\/uploads\\\/2021\\\/02\\\/logo-footer-acceso-latino.png\",\"width\":240,\"height\":40,\"caption\":\"Acceso Latino | Fundaci\u00f3n Carlos Slim\"},\"image\":{\"@id\":\"https:\\\/\\\/accesolatino.org\\\/#\\\/schema\\\/logo\\\/image\\\/\"},\"sameAs\":[\"https:\\\/\\\/www.facebook.com\\\/AccesoLatinoOrg\",\"https:\\\/\\\/x.com\\\/FAccLatino\"]},{\"@type\":\"Person\",\"@id\":\"https:\\\/\\\/accesolatino.org\\\/#\\\/schema\\\/person\\\/bcfa499c6ec65f79b2b3b9f755595a5e\",\"name\":\"Derechos Derechos\"}]}<\/script>\n<!-- \/ Yoast SEO plugin. -->","yoast_head_json":{"title":"Know your rights before the new Florida anti-immigrant law","description":"Conoce tus derechos ante la nueva ley antimigrante de Florida a trav\u00e9s del webinar de United We Dream \u201cKnow Your Power: Florida & Beyond\u201d","robots":{"index":"index","follow":"follow","max-snippet":"max-snippet:-1","max-image-preview":"max-image-preview:large","max-video-preview":"max-video-preview:-1"},"canonical":"https:\/\/accesolatino.org\/en\/conoce-tus-derechos-ante-la-nueva-ley-antimigrante-de-florida\/derecho\/","og_locale":"en_US","og_type":"article","og_title":"Conoce tus derechos ante la nueva ley antimigrante de Florida | Acceso Latino","og_description":"Conoce tus derechos ante la nueva ley antimigrante de Florida a trav\u00e9s del webinar de United We Dream \u201cKnow Your Power: Florida & Beyond\u201d","og_url":"https:\/\/accesolatino.org\/en\/conoce-tus-derechos-ante-la-nueva-ley-antimigrante-de-florida\/derecho\/","og_site_name":"Acceso Latino","article_publisher":"https:\/\/www.facebook.com\/AccesoLatinoOrg","article_published_time":"2023-07-06T16:17:04+00:00","article_modified_time":"2025-10-20T19:10:17+00:00","og_image":[{"width":2400,"height":1260,"url":"https:\/\/accesolatino.org\/wp-content\/uploads\/2023\/07\/2_KYP.png","type":"image\/png"}],"author":"Derechos Derechos","twitter_card":"summary_large_image","twitter_title":"Conoce tus derechos ante la nueva ley antimigrante de Florida | Acceso Latino","twitter_description":"Conoce tus derechos ante la nueva ley antimigrante de Florida a trav\u00e9s del webinar de United We Dream \u201cKnow Your Power: Florida & Beyond\u201d","twitter_image":"https:\/\/accesolatino.org\/wp-content\/uploads\/2023\/07\/2_KYP.png","twitter_creator":"@FAccLatino","twitter_site":"@FAccLatino","twitter_misc":{"Written by":"Derechos Derechos","Est. reading time":"2 minutes"},"schema":{"@context":"https:\/\/schema.org","@graph":[{"@type":"Article","@id":"https:\/\/accesolatino.org\/conoce-tus-derechos-ante-la-nueva-ley-antimigrante-de-florida\/derecho\/#article","isPartOf":{"@id":"https:\/\/accesolatino.org\/conoce-tus-derechos-ante-la-nueva-ley-antimigrante-de-florida\/derecho\/"},"author":{"name":"Derechos Derechos","@id":"https:\/\/accesolatino.org\/#\/schema\/person\/bcfa499c6ec65f79b2b3b9f755595a5e"},"headline":"Conoce tus derechos ante la nueva ley antimigrante de Florida","datePublished":"2023-07-06T16:17:04+00:00","dateModified":"2025-10-20T19:10:17+00:00","mainEntityOfPage":{"@id":"https:\/\/accesolatino.org\/conoce-tus-derechos-ante-la-nueva-ley-antimigrante-de-florida\/derecho\/"},"wordCount":362,"commentCount":0,"publisher":{"@id":"https:\/\/accesolatino.org\/#organization"},"image":{"@id":"https:\/\/accesolatino.org\/conoce-tus-derechos-ante-la-nueva-ley-antimigrante-de-florida\/derecho\/#primaryimage"},"thumbnailUrl":"https:\/\/accesolatino.org\/wp-content\/uploads\/2023\/07\/2_KYP.png","keywords":["Derechos","Florida","Ley antimigrante","Migrantes indocumentados","United We Dream"],"articleSection":["Derecho"],"inLanguage":"en-US","potentialAction":[{"@type":"CommentAction","name":"Comment","target":["https:\/\/accesolatino.org\/conoce-tus-derechos-ante-la-nueva-ley-antimigrante-de-florida\/derecho\/#respond"]}]},{"@type":"WebPage","@id":"https:\/\/accesolatino.org\/conoce-tus-derechos-ante-la-nueva-ley-antimigrante-de-florida\/derecho\/","url":"https:\/\/accesolatino.org\/conoce-tus-derechos-ante-la-nueva-ley-antimigrante-de-florida\/derecho\/","name":"Know your rights before the new Florida anti-immigrant law","isPartOf":{"@id":"https:\/\/accesolatino.org\/#website"},"primaryImageOfPage":{"@id":"https:\/\/accesolatino.org\/conoce-tus-derechos-ante-la-nueva-ley-antimigrante-de-florida\/derecho\/#primaryimage"},"image":{"@id":"https:\/\/accesolatino.org\/conoce-tus-derechos-ante-la-nueva-ley-antimigrante-de-florida\/derecho\/#primaryimage"},"thumbnailUrl":"https:\/\/accesolatino.org\/wp-content\/uploads\/2023\/07\/2_KYP.png","datePublished":"2023-07-06T16:17:04+00:00","dateModified":"2025-10-20T19:10:17+00:00","description":"Conoce tus derechos ante la nueva ley antimigrante de Florida a trav\u00e9s del webinar de United We Dream \u201cKnow Your Power: Florida & Beyond\u201d","breadcrumb":{"@id":"https:\/\/accesolatino.org\/conoce-tus-derechos-ante-la-nueva-ley-antimigrante-de-florida\/derecho\/#breadcrumb"},"inLanguage":"en-US","potentialAction":[{"@type":"ReadAction","target":["https:\/\/accesolatino.org\/conoce-tus-derechos-ante-la-nueva-ley-antimigrante-de-florida\/derecho\/"]}]},{"@type":"ImageObject","inLanguage":"en-US","@id":"https:\/\/accesolatino.org\/conoce-tus-derechos-ante-la-nueva-ley-antimigrante-de-florida\/derecho\/#primaryimage","url":"https:\/\/accesolatino.org\/wp-content\/uploads\/2023\/07\/2_KYP.png","contentUrl":"https:\/\/accesolatino.org\/wp-content\/uploads\/2023\/07\/2_KYP.png","width":2400,"height":1260},{"@type":"BreadcrumbList","@id":"https:\/\/accesolatino.org\/conoce-tus-derechos-ante-la-nueva-ley-antimigrante-de-florida\/derecho\/#breadcrumb","itemListElement":[{"@type":"ListItem","position":1,"name":"Portada","item":"https:\/\/accesolatino.org\/"},{"@type":"ListItem","position":2,"name":"Derecho","item":"https:\/\/accesolatino.org\/category\/derecho\/"},{"@type":"ListItem","position":3,"name":"Conoce tus derechos ante la nueva ley antimigrante de Florida"}]},{"@type":"WebSite","@id":"https:\/\/accesolatino.org\/#website","url":"https:\/\/accesolatino.org\/","name":"Acceso Latino | Fundaci\u00f3n Carlos Slim","description":"Fundaci\u00f3n Carlos Slim","publisher":{"@id":"https:\/\/accesolatino.org\/#organization"},"potentialAction":[{"@type":"SearchAction","target":{"@type":"EntryPoint","urlTemplate":"https:\/\/accesolatino.org\/?s={search_term_string}"},"query-input":{"@type":"PropertyValueSpecification","valueRequired":true,"valueName":"search_term_string"}}],"inLanguage":"en-US"},{"@type":"Organization","@id":"https:\/\/accesolatino.org\/#organization","name":"Acceso Latino | Fundaci\u00f3n Carlos Slim","url":"https:\/\/accesolatino.org\/","logo":{"@type":"ImageObject","inLanguage":"en-US","@id":"https:\/\/accesolatino.org\/#\/schema\/logo\/image\/","url":"https:\/\/accesolatino.org\/wp-content\/uploads\/2021\/02\/logo-footer-acceso-latino.png","contentUrl":"https:\/\/accesolatino.org\/wp-content\/uploads\/2021\/02\/logo-footer-acceso-latino.png","width":240,"height":40,"caption":"Acceso Latino | Fundaci\u00f3n Carlos Slim"},"image":{"@id":"https:\/\/accesolatino.org\/#\/schema\/logo\/image\/"},"sameAs":["https:\/\/www.facebook.com\/AccesoLatinoOrg","https:\/\/x.com\/FAccLatino"]},{"@type":"Person","@id":"https:\/\/accesolatino.org\/#\/schema\/person\/bcfa499c6ec65f79b2b3b9f755595a5e","name":"Derechos Derechos"}]}},"_links":{"self":[{"href":"https:\/\/accesolatino.org\/en\/wp-json\/wp\/v2\/posts\/49797","targetHints":{"allow":["GET"]}}],"collection":[{"href":"https:\/\/accesolatino.org\/en\/wp-json\/wp\/v2\/posts"}],"about":[{"href":"https:\/\/accesolatino.org\/en\/wp-json\/wp\/v2\/types\/post"}],"author":[{"embeddable":true,"href":"https:\/\/accesolatino.org\/en\/wp-json\/wp\/v2\/users\/12"}],"replies":[{"embeddable":true,"href":"https:\/\/accesolatino.org\/en\/wp-json\/wp\/v2\/comments?post=49797"}],"version-history":[{"count":1,"href":"https:\/\/accesolatino.org\/en\/wp-json\/wp\/v2\/posts\/49797\/revisions"}],"predecessor-version":[{"id":64318,"href":"https:\/\/accesolatino.org\/en\/wp-json\/wp\/v2\/posts\/49797\/revisions\/64318"}],"wp:featuredmedia":[{"embeddable":true,"href":"https:\/\/accesolatino.org\/en\/wp-json\/wp\/v2\/media\/49798"}],"wp:attachment":[{"href":"https:\/\/accesolatino.org\/en\/wp-json\/wp\/v2\/media?parent=49797"}],"wp:term":[{"taxonomy":"category","embeddable":true,"href":"https:\/\/accesolatino.org\/en\/wp-json\/wp\/v2\/categories?post=49797"},{"taxonomy":"post_tag","embeddable":true,"href":"https:\/\/accesolatino.org\/en\/wp-json\/wp\/v2\/tags?post=49797"}],"curies":[{"name":"wp","href":"https:\/\/api.w.org\/{rel}","templated":true}]}}