{"id":49632,"date":"2023-06-21T11:20:40","date_gmt":"2023-06-21T17:20:40","guid":{"rendered":"https:\/\/accesolatino.org\/?p=49632"},"modified":"2025-10-20T13:17:08","modified_gmt":"2025-10-20T19:17:08","slug":"dhs-extiende-el-estatus-de-proteccion-temporal-por-18-meses-a-beneficiarios-actuales","status":"publish","type":"post","link":"https:\/\/accesolatino.org\/en\/dhs-extiende-el-estatus-de-proteccion-temporal-por-18-meses-a-beneficiarios-actuales\/temas-de-interes\/","title":{"rendered":"DHS extiende el Estatus de Protecci\u00f3n Temporal por 18 meses a beneficiarios actuales"},"content":{"rendered":"<div data-elementor-type=\"wp-post\" data-elementor-id=\"49632\" class=\"elementor elementor-49632\">\n\t\t\t\t\t\t<section class=\"elementor-section elementor-top-section elementor-element elementor-element-3bbc1665 elementor-section-boxed elementor-section-height-default elementor-section-height-default wpr-particle-no wpr-jarallax-no wpr-parallax-no wpr-sticky-section-no wpr-equal-height-no\" data-id=\"3bbc1665\" data-element_type=\"section\" data-e-type=\"section\">\n\t\t\t\t\t\t<div class=\"elementor-container elementor-column-gap-default\">\n\t\t\t\t\t<div class=\"elementor-column elementor-col-100 elementor-top-column elementor-element elementor-element-2389502b\" data-id=\"2389502b\" data-element_type=\"column\" data-e-type=\"column\">\n\t\t\t<div class=\"elementor-widget-wrap elementor-element-populated\">\n\t\t\t\t\t\t<div class=\"elementor-element elementor-element-144da59a elementor-widget elementor-widget-heading\" data-id=\"144da59a\" data-element_type=\"widget\" data-e-type=\"widget\" data-widget_type=\"heading.default\">\n\t\t\t\t<div class=\"elementor-widget-container\">\n\t\t\t\t\t<h2 class=\"elementor-heading-title elementor-size-default\">El Departamento de Seguridad Nacional anunci\u00f3 la extensi\u00f3n del Estatus de Protecci\u00f3n Temporal para algunos.<\/h2>\t\t\t\t<\/div>\n\t\t\t\t<\/div>\n\t\t\t\t\t<\/div>\n\t\t<\/div>\n\t\t\t\t\t<\/div>\n\t\t<\/section>\n\t\t\t\t<section class=\"elementor-section elementor-top-section elementor-element elementor-element-18ec9c75 elementor-section-boxed elementor-section-height-default elementor-section-height-default wpr-particle-no wpr-jarallax-no wpr-parallax-no wpr-sticky-section-no wpr-equal-height-no\" data-id=\"18ec9c75\" data-element_type=\"section\" data-e-type=\"section\">\n\t\t\t\t\t\t<div class=\"elementor-container elementor-column-gap-default\">\n\t\t\t\t\t<div class=\"elementor-column elementor-col-100 elementor-top-column elementor-element elementor-element-6559eae5\" data-id=\"6559eae5\" data-element_type=\"column\" data-e-type=\"column\">\n\t\t\t<div class=\"elementor-widget-wrap elementor-element-populated\">\n\t\t\t\t\t\t<div class=\"elementor-element elementor-element-66068d52 elementor-widget elementor-widget-text-editor\" data-id=\"66068d52\" data-element_type=\"widget\" data-e-type=\"widget\" data-widget_type=\"text-editor.default\">\n\t\t\t\t<div class=\"elementor-widget-container\">\n\t\t\t\t\t\t\t\t\t<p>El Estatus de Protecci\u00f3n Temporal (TPS) es un programa migratorio implementado por el gobierno de Estados Unidos que brinda protecci\u00f3n temporal y oportunidad para trabajar legalmente a ciudadanos extranjeros de ciertos pa\u00edses que se encuentran en situaciones extraordinarias y temporales, como conflictos armados, desastres naturales u otras circunstancias que impidan el regreso seguro de sus ciudadanos a su pa\u00eds de origen.<\/p><p>El 13 de junio, el Departamento de Seguridad Nacional (DHS), anunci\u00f3 la recesi\u00f3n de las cancelaciones realizadas por la administraci\u00f3n anterior de las designaciones de TPS para El Salvador, Honduras, Nepal y Nicaragua. Asimismo, el DHS anunci\u00f3 una extensi\u00f3n de TPS para estos pa\u00edses por 18 meses.<\/p>\t\t\t\t\t\t\t\t<\/div>\n\t\t\t\t<\/div>\n\t\t\t\t\t<\/div>\n\t\t<\/div>\n\t\t\t\t\t<\/div>\n\t\t<\/section>\n\t\t\t\t<section class=\"elementor-section elementor-top-section elementor-element elementor-element-5197c8c5 elementor-section-boxed elementor-section-height-default elementor-section-height-default wpr-particle-no wpr-jarallax-no wpr-parallax-no wpr-sticky-section-no wpr-equal-height-no\" data-id=\"5197c8c5\" data-element_type=\"section\" data-e-type=\"section\">\n\t\t\t\t\t\t<div class=\"elementor-container elementor-column-gap-default\">\n\t\t\t\t\t<div class=\"elementor-column elementor-col-50 elementor-top-column elementor-element elementor-element-1cd0b53\" data-id=\"1cd0b53\" data-element_type=\"column\" data-e-type=\"column\">\n\t\t\t<div class=\"elementor-widget-wrap elementor-element-populated\">\n\t\t\t\t\t\t<div class=\"elementor-element elementor-element-18ff5a57 elementor-widget elementor-widget-image\" data-id=\"18ff5a57\" data-element_type=\"widget\" data-e-type=\"widget\" data-widget_type=\"image.default\">\n\t\t\t\t<div class=\"elementor-widget-container\">\n\t\t\t\t\t\t\t\t\t\t\t\t<figure class=\"wp-caption\">\n\t\t\t\t\t\t\t\t\t\t<img fetchpriority=\"high\" decoding=\"async\" width=\"540\" height=\"540\" src=\"https:\/\/accesolatino.org\/wp-content\/uploads\/2023\/06\/\u00bfQue_significa_la_nueva_extension_del_TPS____redaccion.png\" class=\"attachment-full size-full wp-image-49633\" alt=\"\" srcset=\"https:\/\/accesolatino.org\/wp-content\/uploads\/2023\/06\/\u00bfQue_significa_la_nueva_extension_del_TPS____redaccion.png 540w, https:\/\/accesolatino.org\/wp-content\/uploads\/2023\/06\/\u00bfQue_significa_la_nueva_extension_del_TPS____redaccion-300x300.png 300w, https:\/\/accesolatino.org\/wp-content\/uploads\/2023\/06\/\u00bfQue_significa_la_nueva_extension_del_TPS____redaccion-150x150.png 150w, https:\/\/accesolatino.org\/wp-content\/uploads\/2023\/06\/\u00bfQue_significa_la_nueva_extension_del_TPS____redaccion-12x12.png 12w\" sizes=\"(max-width: 540px) 100vw, 540px\" \/>\t\t\t\t\t\t\t\t\t\t\t<figcaption class=\"widget-image-caption wp-caption-text\">Foto: EnlaceLatino<\/figcaption>\n\t\t\t\t\t\t\t\t\t\t<\/figure>\n\t\t\t\t\t\t\t\t\t<\/div>\n\t\t\t\t<\/div>\n\t\t\t\t\t<\/div>\n\t\t<\/div>\n\t\t\t\t<div class=\"elementor-column elementor-col-50 elementor-top-column elementor-element elementor-element-7fd7b57d\" data-id=\"7fd7b57d\" data-element_type=\"column\" data-e-type=\"column\">\n\t\t\t<div class=\"elementor-widget-wrap elementor-element-populated\">\n\t\t\t\t\t\t<div class=\"elementor-element elementor-element-3f813c elementor-widget elementor-widget-text-editor\" data-id=\"3f813c\" data-element_type=\"widget\" data-e-type=\"widget\" data-widget_type=\"text-editor.default\">\n\t\t\t\t<div class=\"elementor-widget-container\">\n\t\t\t\t\t\t\t\t\t<p>A trav\u00e9s de la extensi\u00f3n del Estatus de Protecci\u00f3n Temporal, podemos ofrecer seguridad y protecci\u00f3n continua a los beneficiarios actuales que son ciudadanos de El Salvador, Honduras, Nepal y Nicaragua que ya est\u00e1n presentes en los Estados Unidos y no pueden regresar debido a los impactos de desastres ambientales\u201d, dijo el secretario de Seguridad Nacional, Alejandro N. Mayorkas. Adem\u00e1s, resalt\u00f3 que las autoridades estadounidenses continuar\u00e1n ofreciendo ayuda humanitaria a trav\u00e9s de este programa de manera temporal.<\/p>\t\t\t\t\t\t\t\t<\/div>\n\t\t\t\t<\/div>\n\t\t\t\t\t<\/div>\n\t\t<\/div>\n\t\t\t\t\t<\/div>\n\t\t<\/section>\n\t\t\t\t<section class=\"elementor-section elementor-top-section elementor-element elementor-element-421b5c29 elementor-section-boxed elementor-section-height-default elementor-section-height-default wpr-particle-no wpr-jarallax-no wpr-parallax-no wpr-sticky-section-no wpr-equal-height-no\" data-id=\"421b5c29\" data-element_type=\"section\" data-e-type=\"section\">\n\t\t\t\t\t\t<div class=\"elementor-container elementor-column-gap-default\">\n\t\t\t\t\t<div class=\"elementor-column elementor-col-100 elementor-top-column elementor-element elementor-element-195d698c\" data-id=\"195d698c\" data-element_type=\"column\" data-e-type=\"column\">\n\t\t\t<div class=\"elementor-widget-wrap elementor-element-populated\">\n\t\t\t\t\t\t<div class=\"elementor-element elementor-element-54bc67c0 elementor-widget elementor-widget-text-editor\" data-id=\"54bc67c0\" data-element_type=\"widget\" data-e-type=\"widget\" data-widget_type=\"text-editor.default\">\n\t\t\t\t<div class=\"elementor-widget-container\">\n\t\t\t\t\t\t\t\t\t<p>Las fechas y periodos de extensi\u00f3n de las designaciones del TPS son las siguientes:<\/p><ul><li>El Salvador, por 18 meses, desde el 10 de septiembre de 2023 hasta el 9 de marzo de 2025<\/li><li>Honduras, por 18 meses, desde el 6 de enero de 2024 hasta el 5 de julio de 2025<\/li><li>Nepal, por 18 meses, desde el 25 de diciembre de 2023 hasta el 24 de junio de 2025<\/li><li>Nicaragua, por 18 meses, desde el 6 de enero de 2024 hasta el 5 de julio de 2025<\/li><\/ul><p>Asimismo, las fechas para extender su estatus durante el periodo de reinscripci\u00f3n de 60 d\u00edas son los siguientes:<\/p><ul><li>El Salvador: Del 12 de julio hasta el 10 de septiembre de 2023<\/li><li>Honduras: Del 6 de noviembre de 2023 hasta el 5 de enero de 2024<\/li><li>Nicaragua: Del 6 de noviembre de 2023 hasta el 5 de enero de 2024<\/li><\/ul><p>Sin embargo, procedimientos necesarios para que los beneficiarios actuales vuelvan a registrarse para el TPS y renueven sus Documentos de Autorizaci\u00f3n de Empleo (EAD) ser\u00e1n comunicados pr\u00f3ximamente.<\/p><p>La nueva extensi\u00f3n permitir\u00e1 que alrededor de 239 mil beneficiarios actuales de TPS de origen salvadore\u00f1o puedan volver a registrarse y continuar con los beneficios, as\u00ed como 76 mil de origen hondure\u00f1o y 4 mil de origen nicarag\u00fcense.<\/p><p>Bajo el TPS, los beneficiarios pueden trabajar legalmente y obtienen protecci\u00f3n contra la deportaci\u00f3n durante el per\u00edodo designado, que suele ser de 6 a 18 meses y puede ser renovado por decisiones del gobierno cono ocurri\u00f3 en esta ocasi\u00f3n.<\/p><p>Tambi\u00e9n es importante tener en cuenta que el TPS es una medida temporal y no otorga una v\u00eda hacia la residencia permanente o la ciudadan\u00eda. Sin embargo, en algunos casos, los beneficiarios del TPS pueden ser elegibles para otros beneficios migratorios si cumplen con los requisitos establecidos por las leyes de inmigraci\u00f3n.<\/p>\t\t\t\t\t\t\t\t<\/div>\n\t\t\t\t<\/div>\n\t\t\t\t\t<\/div>\n\t\t<\/div>\n\t\t\t\t\t<\/div>\n\t\t<\/section>\n\t\t\t\t<section class=\"elementor-section elementor-top-section elementor-element elementor-element-4ae3f488 elementor-section-boxed elementor-section-height-default elementor-section-height-default wpr-particle-no wpr-jarallax-no wpr-parallax-no wpr-sticky-section-no wpr-equal-height-no\" data-id=\"4ae3f488\" data-element_type=\"section\" data-e-type=\"section\">\n\t\t\t\t\t\t<div class=\"elementor-container elementor-column-gap-default\">\n\t\t\t\t\t<div class=\"elementor-column elementor-col-100 elementor-top-column elementor-element elementor-element-52eccf3c\" data-id=\"52eccf3c\" data-element_type=\"column\" data-e-type=\"column\">\n\t\t\t<div class=\"elementor-widget-wrap elementor-element-populated\">\n\t\t\t\t\t\t<div class=\"elementor-element elementor-element-69dd955d elementor-widget elementor-widget-toggle\" data-id=\"69dd955d\" data-element_type=\"widget\" data-e-type=\"widget\" data-widget_type=\"toggle.default\">\n\t\t\t\t<div class=\"elementor-widget-container\">\n\t\t\t\t\t\t\t<div class=\"elementor-toggle\">\n\t\t\t\t\t\t\t<div class=\"elementor-toggle-item\">\n\t\t\t\t\t<div id=\"elementor-tab-title-1771\" class=\"elementor-tab-title\" data-tab=\"1\" role=\"button\" aria-controls=\"elementor-tab-content-1771\" aria-expanded=\"false\">\n\t\t\t\t\t\t\t\t\t\t\t\t<span class=\"elementor-toggle-icon elementor-toggle-icon-left\" aria-hidden=\"true\">\n\t\t\t\t\t\t\t\t\t\t\t\t\t\t\t<span class=\"elementor-toggle-icon-closed\"><i class=\"fas fa-caret-right\"><\/i><\/span>\n\t\t\t\t\t\t\t\t<span class=\"elementor-toggle-icon-opened\"><i class=\"elementor-toggle-icon-opened fas fa-caret-up\"><\/i><\/span>\n\t\t\t\t\t\t\t\t\t\t\t\t\t<\/span>\n\t\t\t\t\t\t\t\t\t\t\t\t<a class=\"elementor-toggle-title\" tabindex=\"0\"> BIBLIOGRAPHY<\/a>\n\t\t\t\t\t<\/div>\n\n\t\t\t\t\t<div id=\"elementor-tab-content-1771\" class=\"elementor-tab-content elementor-clearfix\" data-tab=\"1\" role=\"region\" aria-labelledby=\"elementor-tab-title-1771\"><p><strong>DHS<\/strong><\/p><p><a href=\"https:\/\/www.dhs.gov\/news\/2023\/06\/13\/dhs-rescinds-prior-administrations-termination-temporary-protected-status\">https:\/\/www.dhs.gov\/news\/2023\/06\/13\/dhs-rescinds-prior-administrations-termination-temporary-protected-status<\/a><\/p><p><strong>USCIS<\/strong><\/p><p><a href=\"https:\/\/www.uscis.gov\/es\/programas-humanitarios\/estatus-de-proteccion-temporal\">https:\/\/www.uscis.gov\/es\/programas-humanitarios\/estatus-de-proteccion-temporal<\/a><\/p><\/div>\n\t\t\t\t<\/div>\n\t\t\t\t\t\t\t\t<\/div>\n\t\t\t\t\t\t<\/div>\n\t\t\t\t<\/div>\n\t\t\t\t\t<\/div>\n\t\t<\/div>\n\t\t\t\t\t<\/div>\n\t\t<\/section>\n\t\t\t\t<\/div>","protected":false},"excerpt":{"rendered":"<p>El Departamento de Seguridad Nacional anunci\u00f3 la extensi\u00f3n del Estatus de Protecci\u00f3n Temporal para algunos.<\/p>","protected":false},"author":13,"featured_media":49633,"comment_status":"open","ping_status":"open","sticky":false,"template":"","format":"standard","meta":{"_uf_show_specific_survey":0,"_uf_disable_surveys":false,"footnotes":""},"categories":[1],"tags":[2293,315,2292,2291,80],"class_list":["post-49632","post","type-post","status-publish","format-standard","has-post-thumbnail","hentry","category-temas-de-interes","tag-el-salvador","tag-estatus-de-proteccion-temporal","tag-honduras","tag-nicaragua","tag-tps"],"aioseo_notices":[],"yoast_head":"<!-- This site is optimized with the Yoast SEO plugin v27.5 - https:\/\/yoast.com\/product\/yoast-seo-wordpress\/ -->\n<title>DHS extiende el Estatus de Protecci\u00f3n Temporal por 18 meses a beneficiarios actuales<\/title>\n<meta name=\"description\" content=\"DHS extiende el Estatus de Protecci\u00f3n Temporal por 18 meses a beneficiarios actuales de Honduras, El Salvador, Nicaragua y Nepal.\" \/>\n<meta name=\"robots\" content=\"index, follow, max-snippet:-1, max-image-preview:large, max-video-preview:-1\" \/>\n<link rel=\"canonical\" href=\"https:\/\/accesolatino.org\/en\/dhs-extiende-el-estatus-de-proteccion-temporal-por-18-meses-a-beneficiarios-actuales\/temas-de-interes\/\" \/>\n<meta property=\"og:locale\" content=\"en_US\" \/>\n<meta property=\"og:type\" content=\"article\" \/>\n<meta property=\"og:title\" content=\"DHS extiende el Estatus de Protecci\u00f3n Temporal por 18 meses a beneficiarios actuales | Acceso Latino\" \/>\n<meta property=\"og:description\" content=\"DHS extiende el Estatus de Protecci\u00f3n Temporal por 18 meses a beneficiarios actuales de Honduras, El Salvador, Nicaragua y Nepal.\" \/>\n<meta property=\"og:url\" content=\"https:\/\/accesolatino.org\/en\/dhs-extiende-el-estatus-de-proteccion-temporal-por-18-meses-a-beneficiarios-actuales\/temas-de-interes\/\" \/>\n<meta property=\"og:site_name\" content=\"Acceso Latino\" \/>\n<meta property=\"article:publisher\" content=\"https:\/\/www.facebook.com\/AccesoLatinoOrg\" \/>\n<meta property=\"article:published_time\" content=\"2023-06-21T17:20:40+00:00\" \/>\n<meta property=\"article:modified_time\" content=\"2025-10-20T19:17:08+00:00\" \/>\n<meta property=\"og:image\" content=\"https:\/\/accesolatino.org\/wp-content\/uploads\/2023\/06\/\u00bfQue_significa_la_nueva_extension_del_TPS____redaccion.png\" \/>\n\t<meta property=\"og:image:width\" content=\"540\" \/>\n\t<meta property=\"og:image:height\" content=\"540\" \/>\n\t<meta property=\"og:image:type\" content=\"image\/png\" \/>\n<meta name=\"author\" content=\"Noticias\" \/>\n<meta name=\"twitter:card\" content=\"summary_large_image\" \/>\n<meta name=\"twitter:title\" content=\"DHS extiende el Estatus de Protecci\u00f3n Temporal por 18 meses a beneficiarios actuales | Acceso Latino\" \/>\n<meta name=\"twitter:description\" content=\"DHS extiende el Estatus de Protecci\u00f3n Temporal por 18 meses a beneficiarios actuales de Honduras, El Salvador, Nicaragua y Nepal.\" \/>\n<meta name=\"twitter:image\" content=\"https:\/\/accesolatino.org\/wp-content\/uploads\/2023\/06\/\u00bfQue_significa_la_nueva_extension_del_TPS____redaccion.png\" \/>\n<meta name=\"twitter:creator\" content=\"@FAccLatino\" \/>\n<meta name=\"twitter:site\" content=\"@FAccLatino\" \/>\n<meta name=\"twitter:label1\" content=\"Written by\" \/>\n\t<meta name=\"twitter:data1\" content=\"Noticias\" \/>\n\t<meta name=\"twitter:label2\" content=\"Est. reading time\" \/>\n\t<meta name=\"twitter:data2\" content=\"3 minutes\" \/>\n<script type=\"application\/ld+json\" class=\"yoast-schema-graph\">{\"@context\":\"https:\\\/\\\/schema.org\",\"@graph\":[{\"@type\":\"Article\",\"@id\":\"https:\\\/\\\/accesolatino.org\\\/dhs-extiende-el-estatus-de-proteccion-temporal-por-18-meses-a-beneficiarios-actuales\\\/temas-de-interes\\\/#article\",\"isPartOf\":{\"@id\":\"https:\\\/\\\/accesolatino.org\\\/dhs-extiende-el-estatus-de-proteccion-temporal-por-18-meses-a-beneficiarios-actuales\\\/temas-de-interes\\\/\"},\"author\":{\"name\":\"Noticias\",\"@id\":\"https:\\\/\\\/accesolatino.org\\\/#\\\/schema\\\/person\\\/57bc3bfd2c357610a5255490ca4cd305\"},\"headline\":\"DHS extiende el Estatus de Protecci\u00f3n Temporal por 18 meses a beneficiarios actuales\",\"datePublished\":\"2023-06-21T17:20:40+00:00\",\"dateModified\":\"2025-10-20T19:17:08+00:00\",\"mainEntityOfPage\":{\"@id\":\"https:\\\/\\\/accesolatino.org\\\/dhs-extiende-el-estatus-de-proteccion-temporal-por-18-meses-a-beneficiarios-actuales\\\/temas-de-interes\\\/\"},\"wordCount\":530,\"commentCount\":0,\"publisher\":{\"@id\":\"https:\\\/\\\/accesolatino.org\\\/#organization\"},\"image\":{\"@id\":\"https:\\\/\\\/accesolatino.org\\\/dhs-extiende-el-estatus-de-proteccion-temporal-por-18-meses-a-beneficiarios-actuales\\\/temas-de-interes\\\/#primaryimage\"},\"thumbnailUrl\":\"https:\\\/\\\/accesolatino.org\\\/wp-content\\\/uploads\\\/2023\\\/06\\\/\u00bfQue_significa_la_nueva_extension_del_TPS____redaccion.png\",\"keywords\":[\"El Salvador\",\"Estatus de Protecci\u00f3n Temporal\",\"Honduras\",\"Nicaragua\",\"TPS\"],\"articleSection\":[\"Temas de inter\u00e9s\"],\"inLanguage\":\"en-US\",\"potentialAction\":[{\"@type\":\"CommentAction\",\"name\":\"Comment\",\"target\":[\"https:\\\/\\\/accesolatino.org\\\/dhs-extiende-el-estatus-de-proteccion-temporal-por-18-meses-a-beneficiarios-actuales\\\/temas-de-interes\\\/#respond\"]}]},{\"@type\":\"WebPage\",\"@id\":\"https:\\\/\\\/accesolatino.org\\\/dhs-extiende-el-estatus-de-proteccion-temporal-por-18-meses-a-beneficiarios-actuales\\\/temas-de-interes\\\/\",\"url\":\"https:\\\/\\\/accesolatino.org\\\/dhs-extiende-el-estatus-de-proteccion-temporal-por-18-meses-a-beneficiarios-actuales\\\/temas-de-interes\\\/\",\"name\":\"DHS extiende el Estatus de Protecci\u00f3n Temporal por 18 meses a beneficiarios actuales\",\"isPartOf\":{\"@id\":\"https:\\\/\\\/accesolatino.org\\\/#website\"},\"primaryImageOfPage\":{\"@id\":\"https:\\\/\\\/accesolatino.org\\\/dhs-extiende-el-estatus-de-proteccion-temporal-por-18-meses-a-beneficiarios-actuales\\\/temas-de-interes\\\/#primaryimage\"},\"image\":{\"@id\":\"https:\\\/\\\/accesolatino.org\\\/dhs-extiende-el-estatus-de-proteccion-temporal-por-18-meses-a-beneficiarios-actuales\\\/temas-de-interes\\\/#primaryimage\"},\"thumbnailUrl\":\"https:\\\/\\\/accesolatino.org\\\/wp-content\\\/uploads\\\/2023\\\/06\\\/\u00bfQue_significa_la_nueva_extension_del_TPS____redaccion.png\",\"datePublished\":\"2023-06-21T17:20:40+00:00\",\"dateModified\":\"2025-10-20T19:17:08+00:00\",\"description\":\"DHS extiende el Estatus de Protecci\u00f3n Temporal por 18 meses a beneficiarios actuales de Honduras, El Salvador, Nicaragua y Nepal.\",\"breadcrumb\":{\"@id\":\"https:\\\/\\\/accesolatino.org\\\/dhs-extiende-el-estatus-de-proteccion-temporal-por-18-meses-a-beneficiarios-actuales\\\/temas-de-interes\\\/#breadcrumb\"},\"inLanguage\":\"en-US\",\"potentialAction\":[{\"@type\":\"ReadAction\",\"target\":[\"https:\\\/\\\/accesolatino.org\\\/dhs-extiende-el-estatus-de-proteccion-temporal-por-18-meses-a-beneficiarios-actuales\\\/temas-de-interes\\\/\"]}]},{\"@type\":\"ImageObject\",\"inLanguage\":\"en-US\",\"@id\":\"https:\\\/\\\/accesolatino.org\\\/dhs-extiende-el-estatus-de-proteccion-temporal-por-18-meses-a-beneficiarios-actuales\\\/temas-de-interes\\\/#primaryimage\",\"url\":\"https:\\\/\\\/accesolatino.org\\\/wp-content\\\/uploads\\\/2023\\\/06\\\/\u00bfQue_significa_la_nueva_extension_del_TPS____redaccion.png\",\"contentUrl\":\"https:\\\/\\\/accesolatino.org\\\/wp-content\\\/uploads\\\/2023\\\/06\\\/\u00bfQue_significa_la_nueva_extension_del_TPS____redaccion.png\",\"width\":540,\"height\":540,\"caption\":\"Foto: EnlaceLatino\"},{\"@type\":\"BreadcrumbList\",\"@id\":\"https:\\\/\\\/accesolatino.org\\\/dhs-extiende-el-estatus-de-proteccion-temporal-por-18-meses-a-beneficiarios-actuales\\\/temas-de-interes\\\/#breadcrumb\",\"itemListElement\":[{\"@type\":\"ListItem\",\"position\":1,\"name\":\"Portada\",\"item\":\"https:\\\/\\\/accesolatino.org\\\/\"},{\"@type\":\"ListItem\",\"position\":2,\"name\":\"Temas de inter\u00e9s\",\"item\":\"https:\\\/\\\/accesolatino.org\\\/category\\\/temas-de-interes\\\/\"},{\"@type\":\"ListItem\",\"position\":3,\"name\":\"DHS extiende el Estatus de Protecci\u00f3n Temporal por 18 meses a beneficiarios actuales\"}]},{\"@type\":\"WebSite\",\"@id\":\"https:\\\/\\\/accesolatino.org\\\/#website\",\"url\":\"https:\\\/\\\/accesolatino.org\\\/\",\"name\":\"Acceso Latino | Fundaci\u00f3n Carlos Slim\",\"description\":\"Fundaci\u00f3n Carlos Slim\",\"publisher\":{\"@id\":\"https:\\\/\\\/accesolatino.org\\\/#organization\"},\"potentialAction\":[{\"@type\":\"SearchAction\",\"target\":{\"@type\":\"EntryPoint\",\"urlTemplate\":\"https:\\\/\\\/accesolatino.org\\\/?s={search_term_string}\"},\"query-input\":{\"@type\":\"PropertyValueSpecification\",\"valueRequired\":true,\"valueName\":\"search_term_string\"}}],\"inLanguage\":\"en-US\"},{\"@type\":\"Organization\",\"@id\":\"https:\\\/\\\/accesolatino.org\\\/#organization\",\"name\":\"Acceso Latino | Fundaci\u00f3n Carlos Slim\",\"url\":\"https:\\\/\\\/accesolatino.org\\\/\",\"logo\":{\"@type\":\"ImageObject\",\"inLanguage\":\"en-US\",\"@id\":\"https:\\\/\\\/accesolatino.org\\\/#\\\/schema\\\/logo\\\/image\\\/\",\"url\":\"https:\\\/\\\/accesolatino.org\\\/wp-content\\\/uploads\\\/2021\\\/02\\\/logo-footer-acceso-latino.png\",\"contentUrl\":\"https:\\\/\\\/accesolatino.org\\\/wp-content\\\/uploads\\\/2021\\\/02\\\/logo-footer-acceso-latino.png\",\"width\":240,\"height\":40,\"caption\":\"Acceso Latino | Fundaci\u00f3n Carlos Slim\"},\"image\":{\"@id\":\"https:\\\/\\\/accesolatino.org\\\/#\\\/schema\\\/logo\\\/image\\\/\"},\"sameAs\":[\"https:\\\/\\\/www.facebook.com\\\/AccesoLatinoOrg\",\"https:\\\/\\\/x.com\\\/FAccLatino\"]},{\"@type\":\"Person\",\"@id\":\"https:\\\/\\\/accesolatino.org\\\/#\\\/schema\\\/person\\\/57bc3bfd2c357610a5255490ca4cd305\",\"name\":\"Noticias\"}]}<\/script>\n<!-- \/ Yoast SEO plugin. -->","yoast_head_json":{"title":"DHS extiende el Estatus de Protecci\u00f3n Temporal por 18 meses a beneficiarios actuales","description":"DHS extiende el Estatus de Protecci\u00f3n Temporal por 18 meses a beneficiarios actuales de Honduras, El Salvador, Nicaragua y Nepal.","robots":{"index":"index","follow":"follow","max-snippet":"max-snippet:-1","max-image-preview":"max-image-preview:large","max-video-preview":"max-video-preview:-1"},"canonical":"https:\/\/accesolatino.org\/en\/dhs-extiende-el-estatus-de-proteccion-temporal-por-18-meses-a-beneficiarios-actuales\/temas-de-interes\/","og_locale":"en_US","og_type":"article","og_title":"DHS extiende el Estatus de Protecci\u00f3n Temporal por 18 meses a beneficiarios actuales | Acceso Latino","og_description":"DHS extiende el Estatus de Protecci\u00f3n Temporal por 18 meses a beneficiarios actuales de Honduras, El Salvador, Nicaragua y Nepal.","og_url":"https:\/\/accesolatino.org\/en\/dhs-extiende-el-estatus-de-proteccion-temporal-por-18-meses-a-beneficiarios-actuales\/temas-de-interes\/","og_site_name":"Acceso Latino","article_publisher":"https:\/\/www.facebook.com\/AccesoLatinoOrg","article_published_time":"2023-06-21T17:20:40+00:00","article_modified_time":"2025-10-20T19:17:08+00:00","og_image":[{"width":540,"height":540,"url":"https:\/\/accesolatino.org\/wp-content\/uploads\/2023\/06\/\u00bfQue_significa_la_nueva_extension_del_TPS____redaccion.png","type":"image\/png"}],"author":"Noticias","twitter_card":"summary_large_image","twitter_title":"DHS extiende el Estatus de Protecci\u00f3n Temporal por 18 meses a beneficiarios actuales | Acceso Latino","twitter_description":"DHS extiende el Estatus de Protecci\u00f3n Temporal por 18 meses a beneficiarios actuales de Honduras, El Salvador, Nicaragua y Nepal.","twitter_image":"https:\/\/accesolatino.org\/wp-content\/uploads\/2023\/06\/\u00bfQue_significa_la_nueva_extension_del_TPS____redaccion.png","twitter_creator":"@FAccLatino","twitter_site":"@FAccLatino","twitter_misc":{"Written by":"Noticias","Est. reading time":"3 minutes"},"schema":{"@context":"https:\/\/schema.org","@graph":[{"@type":"Article","@id":"https:\/\/accesolatino.org\/dhs-extiende-el-estatus-de-proteccion-temporal-por-18-meses-a-beneficiarios-actuales\/temas-de-interes\/#article","isPartOf":{"@id":"https:\/\/accesolatino.org\/dhs-extiende-el-estatus-de-proteccion-temporal-por-18-meses-a-beneficiarios-actuales\/temas-de-interes\/"},"author":{"name":"Noticias","@id":"https:\/\/accesolatino.org\/#\/schema\/person\/57bc3bfd2c357610a5255490ca4cd305"},"headline":"DHS extiende el Estatus de Protecci\u00f3n Temporal por 18 meses a beneficiarios actuales","datePublished":"2023-06-21T17:20:40+00:00","dateModified":"2025-10-20T19:17:08+00:00","mainEntityOfPage":{"@id":"https:\/\/accesolatino.org\/dhs-extiende-el-estatus-de-proteccion-temporal-por-18-meses-a-beneficiarios-actuales\/temas-de-interes\/"},"wordCount":530,"commentCount":0,"publisher":{"@id":"https:\/\/accesolatino.org\/#organization"},"image":{"@id":"https:\/\/accesolatino.org\/dhs-extiende-el-estatus-de-proteccion-temporal-por-18-meses-a-beneficiarios-actuales\/temas-de-interes\/#primaryimage"},"thumbnailUrl":"https:\/\/accesolatino.org\/wp-content\/uploads\/2023\/06\/\u00bfQue_significa_la_nueva_extension_del_TPS____redaccion.png","keywords":["El Salvador","Estatus de Protecci\u00f3n Temporal","Honduras","Nicaragua","TPS"],"articleSection":["Temas de inter\u00e9s"],"inLanguage":"en-US","potentialAction":[{"@type":"CommentAction","name":"Comment","target":["https:\/\/accesolatino.org\/dhs-extiende-el-estatus-de-proteccion-temporal-por-18-meses-a-beneficiarios-actuales\/temas-de-interes\/#respond"]}]},{"@type":"WebPage","@id":"https:\/\/accesolatino.org\/dhs-extiende-el-estatus-de-proteccion-temporal-por-18-meses-a-beneficiarios-actuales\/temas-de-interes\/","url":"https:\/\/accesolatino.org\/dhs-extiende-el-estatus-de-proteccion-temporal-por-18-meses-a-beneficiarios-actuales\/temas-de-interes\/","name":"DHS extiende el Estatus de Protecci\u00f3n Temporal por 18 meses a beneficiarios actuales","isPartOf":{"@id":"https:\/\/accesolatino.org\/#website"},"primaryImageOfPage":{"@id":"https:\/\/accesolatino.org\/dhs-extiende-el-estatus-de-proteccion-temporal-por-18-meses-a-beneficiarios-actuales\/temas-de-interes\/#primaryimage"},"image":{"@id":"https:\/\/accesolatino.org\/dhs-extiende-el-estatus-de-proteccion-temporal-por-18-meses-a-beneficiarios-actuales\/temas-de-interes\/#primaryimage"},"thumbnailUrl":"https:\/\/accesolatino.org\/wp-content\/uploads\/2023\/06\/\u00bfQue_significa_la_nueva_extension_del_TPS____redaccion.png","datePublished":"2023-06-21T17:20:40+00:00","dateModified":"2025-10-20T19:17:08+00:00","description":"DHS extiende el Estatus de Protecci\u00f3n Temporal por 18 meses a beneficiarios actuales de Honduras, El Salvador, Nicaragua y Nepal.","breadcrumb":{"@id":"https:\/\/accesolatino.org\/dhs-extiende-el-estatus-de-proteccion-temporal-por-18-meses-a-beneficiarios-actuales\/temas-de-interes\/#breadcrumb"},"inLanguage":"en-US","potentialAction":[{"@type":"ReadAction","target":["https:\/\/accesolatino.org\/dhs-extiende-el-estatus-de-proteccion-temporal-por-18-meses-a-beneficiarios-actuales\/temas-de-interes\/"]}]},{"@type":"ImageObject","inLanguage":"en-US","@id":"https:\/\/accesolatino.org\/dhs-extiende-el-estatus-de-proteccion-temporal-por-18-meses-a-beneficiarios-actuales\/temas-de-interes\/#primaryimage","url":"https:\/\/accesolatino.org\/wp-content\/uploads\/2023\/06\/\u00bfQue_significa_la_nueva_extension_del_TPS____redaccion.png","contentUrl":"https:\/\/accesolatino.org\/wp-content\/uploads\/2023\/06\/\u00bfQue_significa_la_nueva_extension_del_TPS____redaccion.png","width":540,"height":540,"caption":"Foto: EnlaceLatino"},{"@type":"BreadcrumbList","@id":"https:\/\/accesolatino.org\/dhs-extiende-el-estatus-de-proteccion-temporal-por-18-meses-a-beneficiarios-actuales\/temas-de-interes\/#breadcrumb","itemListElement":[{"@type":"ListItem","position":1,"name":"Portada","item":"https:\/\/accesolatino.org\/"},{"@type":"ListItem","position":2,"name":"Temas de inter\u00e9s","item":"https:\/\/accesolatino.org\/category\/temas-de-interes\/"},{"@type":"ListItem","position":3,"name":"DHS extiende el Estatus de Protecci\u00f3n Temporal por 18 meses a beneficiarios actuales"}]},{"@type":"WebSite","@id":"https:\/\/accesolatino.org\/#website","url":"https:\/\/accesolatino.org\/","name":"Acceso Latino | Fundaci\u00f3n Carlos Slim","description":"Fundaci\u00f3n Carlos Slim","publisher":{"@id":"https:\/\/accesolatino.org\/#organization"},"potentialAction":[{"@type":"SearchAction","target":{"@type":"EntryPoint","urlTemplate":"https:\/\/accesolatino.org\/?s={search_term_string}"},"query-input":{"@type":"PropertyValueSpecification","valueRequired":true,"valueName":"search_term_string"}}],"inLanguage":"en-US"},{"@type":"Organization","@id":"https:\/\/accesolatino.org\/#organization","name":"Acceso Latino | Fundaci\u00f3n Carlos Slim","url":"https:\/\/accesolatino.org\/","logo":{"@type":"ImageObject","inLanguage":"en-US","@id":"https:\/\/accesolatino.org\/#\/schema\/logo\/image\/","url":"https:\/\/accesolatino.org\/wp-content\/uploads\/2021\/02\/logo-footer-acceso-latino.png","contentUrl":"https:\/\/accesolatino.org\/wp-content\/uploads\/2021\/02\/logo-footer-acceso-latino.png","width":240,"height":40,"caption":"Acceso Latino | Fundaci\u00f3n Carlos Slim"},"image":{"@id":"https:\/\/accesolatino.org\/#\/schema\/logo\/image\/"},"sameAs":["https:\/\/www.facebook.com\/AccesoLatinoOrg","https:\/\/x.com\/FAccLatino"]},{"@type":"Person","@id":"https:\/\/accesolatino.org\/#\/schema\/person\/57bc3bfd2c357610a5255490ca4cd305","name":"News"}]}},"_links":{"self":[{"href":"https:\/\/accesolatino.org\/en\/wp-json\/wp\/v2\/posts\/49632","targetHints":{"allow":["GET"]}}],"collection":[{"href":"https:\/\/accesolatino.org\/en\/wp-json\/wp\/v2\/posts"}],"about":[{"href":"https:\/\/accesolatino.org\/en\/wp-json\/wp\/v2\/types\/post"}],"author":[{"embeddable":true,"href":"https:\/\/accesolatino.org\/en\/wp-json\/wp\/v2\/users\/13"}],"replies":[{"embeddable":true,"href":"https:\/\/accesolatino.org\/en\/wp-json\/wp\/v2\/comments?post=49632"}],"version-history":[{"count":1,"href":"https:\/\/accesolatino.org\/en\/wp-json\/wp\/v2\/posts\/49632\/revisions"}],"predecessor-version":[{"id":64334,"href":"https:\/\/accesolatino.org\/en\/wp-json\/wp\/v2\/posts\/49632\/revisions\/64334"}],"wp:featuredmedia":[{"embeddable":true,"href":"https:\/\/accesolatino.org\/en\/wp-json\/wp\/v2\/media\/49633"}],"wp:attachment":[{"href":"https:\/\/accesolatino.org\/en\/wp-json\/wp\/v2\/media?parent=49632"}],"wp:term":[{"taxonomy":"category","embeddable":true,"href":"https:\/\/accesolatino.org\/en\/wp-json\/wp\/v2\/categories?post=49632"},{"taxonomy":"post_tag","embeddable":true,"href":"https:\/\/accesolatino.org\/en\/wp-json\/wp\/v2\/tags?post=49632"}],"curies":[{"name":"wp","href":"https:\/\/api.w.org\/{rel}","templated":true}]}}