{"id":49455,"date":"2023-06-08T09:42:31","date_gmt":"2023-06-08T15:42:31","guid":{"rendered":"https:\/\/accesolatino.org\/?p=49455"},"modified":"2024-02-27T11:04:44","modified_gmt":"2024-02-27T17:04:44","slug":"dreamer-mexicano-logra-graduarse-como-medico-gracias-a-los-beneficios-de-daca","status":"publish","type":"post","link":"https:\/\/accesolatino.org\/en\/dreamer-mexicano-logra-graduarse-como-medico-gracias-a-los-beneficios-de-daca\/orgullo-latino\/","title":{"rendered":"Mexican Dreamer manages to graduate as a doctor thanks to the benefits of DACA"},"content":{"rendered":"<div data-elementor-type=\"wp-post\" data-elementor-id=\"49455\" class=\"elementor elementor-49455\">\n\t\t\t\t\t\t<section class=\"elementor-section elementor-top-section elementor-element elementor-element-1a0dc3e2 elementor-section-boxed elementor-section-height-default elementor-section-height-default wpr-particle-no wpr-jarallax-no wpr-parallax-no wpr-sticky-section-no wpr-equal-height-no\" data-id=\"1a0dc3e2\" data-element_type=\"section\" data-e-type=\"section\">\n\t\t\t\t\t\t<div class=\"elementor-container elementor-column-gap-default\">\n\t\t\t\t\t<div class=\"elementor-column elementor-col-100 elementor-top-column elementor-element elementor-element-75c35028\" data-id=\"75c35028\" data-element_type=\"column\" data-e-type=\"column\">\n\t\t\t<div class=\"elementor-widget-wrap elementor-element-populated\">\n\t\t\t\t\t\t<div class=\"elementor-element elementor-element-7fa2d51b elementor-widget elementor-widget-heading\" data-id=\"7fa2d51b\" data-element_type=\"widget\" data-e-type=\"widget\" data-widget_type=\"heading.default\">\n\t\t\t\t<div class=\"elementor-widget-container\">\n\t\t\t\t\t<h2 class=\"elementor-heading-title elementor-size-default\">The Mexican Dreamer Joaqu\u00edn Zetina Huesca managed to receive a doctor's degree and also being the only undocumented Hispanic of his generation.<\/h2>\t\t\t\t<\/div>\n\t\t\t\t<\/div>\n\t\t\t\t\t<\/div>\n\t\t<\/div>\n\t\t\t\t\t<\/div>\n\t\t<\/section>\n\t\t\t\t<section class=\"elementor-section elementor-top-section elementor-element elementor-element-1fd93e0a elementor-section-boxed elementor-section-height-default elementor-section-height-default wpr-particle-no wpr-jarallax-no wpr-parallax-no wpr-sticky-section-no wpr-equal-height-no\" data-id=\"1fd93e0a\" data-element_type=\"section\" data-e-type=\"section\">\n\t\t\t\t\t\t<div class=\"elementor-container elementor-column-gap-default\">\n\t\t\t\t\t<div class=\"elementor-column elementor-col-100 elementor-top-column elementor-element elementor-element-15f47f6c\" data-id=\"15f47f6c\" data-element_type=\"column\" data-e-type=\"column\">\n\t\t\t<div class=\"elementor-widget-wrap elementor-element-populated\">\n\t\t\t\t\t\t<div class=\"elementor-element elementor-element-6ec7418a elementor-widget elementor-widget-text-editor\" data-id=\"6ec7418a\" data-element_type=\"widget\" data-e-type=\"widget\" data-widget_type=\"text-editor.default\">\n\t\t\t\t<div class=\"elementor-widget-container\">\n\t\t\t\t\t\t\t\t\t<p>Joaqu\u00edn Zetina Huesca is the only Hispanic recipient of Deferred Action (DACA) of his generation and recently received his medical degree from the University of Utah (U of U). Zetina Huesca arrived in the United States as an undocumented immigrant with his mother, when he was just 11 years old and since then, like thousands of Dreamers, he has faced cultural, linguistic and social barriers in the United States.<\/p>\t\t\t\t\t\t\t\t<\/div>\n\t\t\t\t<\/div>\n\t\t\t\t\t<\/div>\n\t\t<\/div>\n\t\t\t\t\t<\/div>\n\t\t<\/section>\n\t\t\t\t<section class=\"elementor-section elementor-top-section elementor-element elementor-element-1346a86b elementor-section-boxed elementor-section-height-default elementor-section-height-default wpr-particle-no wpr-jarallax-no wpr-parallax-no wpr-sticky-section-no wpr-equal-height-no\" data-id=\"1346a86b\" data-element_type=\"section\" data-e-type=\"section\">\n\t\t\t\t\t\t<div class=\"elementor-container elementor-column-gap-default\">\n\t\t\t\t\t<div class=\"elementor-column elementor-col-50 elementor-top-column elementor-element elementor-element-419ddd7d\" data-id=\"419ddd7d\" data-element_type=\"column\" data-e-type=\"column\">\n\t\t\t<div class=\"elementor-widget-wrap elementor-element-populated\">\n\t\t\t\t\t\t<div class=\"elementor-element elementor-element-4d6116ec elementor-widget elementor-widget-image\" data-id=\"4d6116ec\" data-element_type=\"widget\" data-e-type=\"widget\" data-widget_type=\"image.default\">\n\t\t\t\t<div class=\"elementor-widget-container\">\n\t\t\t\t\t\t\t\t\t\t\t\t<figure class=\"wp-caption\">\n\t\t\t\t\t\t\t\t\t\t<img fetchpriority=\"high\" decoding=\"async\" width=\"1200\" height=\"675\" src=\"https:\/\/accesolatino.org\/wp-content\/uploads\/2023\/06\/Medico-DACA.jpg\" class=\"attachment-full size-full wp-image-49456\" alt=\"\" srcset=\"https:\/\/accesolatino.org\/wp-content\/uploads\/2023\/06\/Medico-DACA.jpg 1200w, https:\/\/accesolatino.org\/wp-content\/uploads\/2023\/06\/Medico-DACA-300x169.jpg 300w, https:\/\/accesolatino.org\/wp-content\/uploads\/2023\/06\/Medico-DACA-1024x576.jpg 1024w, https:\/\/accesolatino.org\/wp-content\/uploads\/2023\/06\/Medico-DACA-768x432.jpg 768w, https:\/\/accesolatino.org\/wp-content\/uploads\/2023\/06\/Medico-DACA-18x10.jpg 18w\" sizes=\"(max-width: 1200px) 100vw, 1200px\" \/>\t\t\t\t\t\t\t\t\t\t\t<figcaption class=\"widget-image-caption wp-caption-text\">Foto: Telemundo<\/figcaption>\n\t\t\t\t\t\t\t\t\t\t<\/figure>\n\t\t\t\t\t\t\t\t\t<\/div>\n\t\t\t\t<\/div>\n\t\t\t\t\t<\/div>\n\t\t<\/div>\n\t\t\t\t<div class=\"elementor-column elementor-col-50 elementor-top-column elementor-element elementor-element-409bb035\" data-id=\"409bb035\" data-element_type=\"column\" data-e-type=\"column\">\n\t\t\t<div class=\"elementor-widget-wrap elementor-element-populated\">\n\t\t\t\t\t\t<div class=\"elementor-element elementor-element-3d70b204 elementor-widget elementor-widget-text-editor\" data-id=\"3d70b204\" data-element_type=\"widget\" data-e-type=\"widget\" data-widget_type=\"text-editor.default\">\n\t\t\t\t<div class=\"elementor-widget-container\">\n\t\t\t\t\t\t\t\t\t<p>After various difficulties during his first years in the United States as an undocumented immigrant, in 2013 he obtained DACA protection. It was thanks to the work permit obtained through DACA that he ventured into the medical field by starting to work in laboratories taking blood samples. Subsequently, he entered university and earned a degree in medical laboratory science.<\/p>\t\t\t\t\t\t\t\t<\/div>\n\t\t\t\t<\/div>\n\t\t\t\t\t<\/div>\n\t\t<\/div>\n\t\t\t\t\t<\/div>\n\t\t<\/section>\n\t\t\t\t<section class=\"elementor-section elementor-top-section elementor-element elementor-element-5e26adbc elementor-section-boxed elementor-section-height-default elementor-section-height-default wpr-particle-no wpr-jarallax-no wpr-parallax-no wpr-sticky-section-no wpr-equal-height-no\" data-id=\"5e26adbc\" data-element_type=\"section\" data-e-type=\"section\">\n\t\t\t\t\t\t<div class=\"elementor-container elementor-column-gap-default\">\n\t\t\t\t\t<div class=\"elementor-column elementor-col-100 elementor-top-column elementor-element elementor-element-674460b7\" data-id=\"674460b7\" data-element_type=\"column\" data-e-type=\"column\">\n\t\t\t<div class=\"elementor-widget-wrap elementor-element-populated\">\n\t\t\t\t\t\t<div class=\"elementor-element elementor-element-57ff78e1 elementor-widget elementor-widget-text-editor\" data-id=\"57ff78e1\" data-element_type=\"widget\" data-e-type=\"widget\" data-widget_type=\"text-editor.default\">\n\t\t\t\t<div class=\"elementor-widget-container\">\n\t\t\t\t\t\t\t\t\t<p>El Dreamer, says that his experiences with the Hispanic and undocumented community motivated him to pursue a career in the health field, with the aim of serving those who do not have the same opportunities.<\/p><p>Zetina Huesca explained that \"my dream has been fulfilled, but I know that the dream of many has not yet been fulfilled and that is why I feel it is important to say that I am a DACA, that I am a Dreamer to tell people, young people more than anything if you can\u201d. In addition, she explained that education is key for undocumented youth in the United States, since it is a way to get ahead.<\/p><p>Currently, after completing his studies as a doctor at the U of U, he will undertake a new challenge by moving to Chicago with his wife and son, to carry out his medical residency. \u201cAs my mother always says, the no is always guaranteed and you have to look for the yes. Sometimes they tell us no, they close doors, but if you keep knocking, a door opens, and sometimes you have to go through the window, \u201dhe explains.<\/p>\t\t\t\t\t\t\t\t<\/div>\n\t\t\t\t<\/div>\n\t\t\t\t\t<\/div>\n\t\t<\/div>\n\t\t\t\t\t<\/div>\n\t\t<\/section>\n\t\t\t\t<section class=\"elementor-section elementor-top-section elementor-element elementor-element-78bda311 elementor-section-boxed elementor-section-height-default elementor-section-height-default wpr-particle-no wpr-jarallax-no wpr-parallax-no wpr-sticky-section-no wpr-equal-height-no\" data-id=\"78bda311\" data-element_type=\"section\" data-e-type=\"section\">\n\t\t\t\t\t\t<div class=\"elementor-container elementor-column-gap-default\">\n\t\t\t\t\t<div class=\"elementor-column elementor-col-100 elementor-top-column elementor-element elementor-element-6184f98a\" data-id=\"6184f98a\" data-element_type=\"column\" data-e-type=\"column\">\n\t\t\t<div class=\"elementor-widget-wrap elementor-element-populated\">\n\t\t\t\t\t\t<div class=\"elementor-element elementor-element-46ec85a5 elementor-widget elementor-widget-toggle\" data-id=\"46ec85a5\" data-element_type=\"widget\" data-e-type=\"widget\" data-widget_type=\"toggle.default\">\n\t\t\t\t<div class=\"elementor-widget-container\">\n\t\t\t\t\t\t\t<div class=\"elementor-toggle\">\n\t\t\t\t\t\t\t<div class=\"elementor-toggle-item\">\n\t\t\t\t\t<div id=\"elementor-tab-title-1181\" class=\"elementor-tab-title\" data-tab=\"1\" role=\"button\" aria-controls=\"elementor-tab-content-1181\" aria-expanded=\"false\">\n\t\t\t\t\t\t\t\t\t\t\t\t<span class=\"elementor-toggle-icon elementor-toggle-icon-left\" aria-hidden=\"true\">\n\t\t\t\t\t\t\t\t\t\t\t\t\t\t\t<span class=\"elementor-toggle-icon-closed\"><i class=\"fas fa-caret-right\"><\/i><\/span>\n\t\t\t\t\t\t\t\t<span class=\"elementor-toggle-icon-opened\"><i class=\"elementor-toggle-icon-opened fas fa-caret-up\"><\/i><\/span>\n\t\t\t\t\t\t\t\t\t\t\t\t\t<\/span>\n\t\t\t\t\t\t\t\t\t\t\t\t<a class=\"elementor-toggle-title\" tabindex=\"0\"> BIBLIOGRAPHY<\/a>\n\t\t\t\t\t<\/div>\n\n\t\t\t\t\t<div id=\"elementor-tab-content-1181\" class=\"elementor-tab-content elementor-clearfix\" data-tab=\"1\" role=\"region\" aria-labelledby=\"elementor-tab-title-1181\"><p><strong>TELEMUNDO UTAH<\/strong><\/p><p><a href=\"https:\/\/www.telemundoutah.com\/noticias\/local\/me-leyo-la-mano-cuando-tenia-4-anos-y-dijo-que-seria-medico-joven-sonador-se-gradua-en-la-u-of-u\/2210093\/\">https:\/\/www.telemundoutah.com\/noticias\/local\/me-leyo-la-mano-cuando-tenia-4-anos-y-dijo-que-seria-medico-joven-sonador-se-gradua-en-la-u-of-u\/2210093\/<\/a><\/p><\/div>\n\t\t\t\t<\/div>\n\t\t\t\t\t\t\t\t<\/div>\n\t\t\t\t\t\t<\/div>\n\t\t\t\t<\/div>\n\t\t\t\t\t<\/div>\n\t\t<\/div>\n\t\t\t\t\t<\/div>\n\t\t<\/section>\n\t\t\t\t<\/div>","protected":false},"excerpt":{"rendered":"<p>The Mexican Dreamer Joaqu\u00edn Zetina Huesca managed to receive a doctor's degree and also being the only undocumented Hispanic of his generation.<\/p>","protected":false},"author":14,"featured_media":49456,"comment_status":"open","ping_status":"open","sticky":false,"template":"","format":"standard","meta":{"_uf_show_specific_survey":0,"_uf_disable_surveys":false,"footnotes":""},"categories":[9,30],"tags":[68,766,2261,332,2260],"class_list":["post-49455","post","type-post","status-publish","format-standard","has-post-thumbnail","hentry","category-orgullo-latino","category-testimoniales","tag-daca","tag-dreamer","tag-medico","tag-mexicano","tag-u-of-u"],"aioseo_notices":[],"yoast_head":"<!-- This site is optimized with the Yoast SEO plugin v27.5 - https:\/\/yoast.com\/product\/yoast-seo-wordpress\/ -->\n<title>Dreamer mexicano logra graduarse como m\u00e9dico gracias a los beneficios de DACA<\/title>\n<meta name=\"description\" content=\"El Dreamer mexicano Joaqu\u00edn Zetina Huesca logr\u00f3 graduarse como m\u00e9dico siendo el \u00fanico beneficiario de DACA de su generaci\u00f3n.\" \/>\n<meta name=\"robots\" content=\"index, follow, max-snippet:-1, max-image-preview:large, max-video-preview:-1\" \/>\n<link rel=\"canonical\" href=\"https:\/\/accesolatino.org\/en\/dreamer-mexicano-logra-graduarse-como-medico-gracias-a-los-beneficios-de-daca\/orgullo-latino\/\" \/>\n<meta property=\"og:locale\" content=\"en_US\" \/>\n<meta property=\"og:type\" content=\"article\" \/>\n<meta property=\"og:title\" content=\"Dreamer mexicano logra graduarse como m\u00e9dico gracias a los beneficios de DACA | Acceso Latino\" \/>\n<meta property=\"og:description\" content=\"El Dreamer mexicano Joaqu\u00edn Zetina Huesca logr\u00f3 graduarse como m\u00e9dico siendo el \u00fanico beneficiario de DACA de su generaci\u00f3n.\" \/>\n<meta property=\"og:url\" content=\"https:\/\/accesolatino.org\/en\/dreamer-mexicano-logra-graduarse-como-medico-gracias-a-los-beneficios-de-daca\/orgullo-latino\/\" \/>\n<meta property=\"og:site_name\" content=\"Acceso Latino\" \/>\n<meta property=\"article:publisher\" content=\"https:\/\/www.facebook.com\/AccesoLatinoOrg\" \/>\n<meta property=\"article:published_time\" content=\"2023-06-08T15:42:31+00:00\" \/>\n<meta property=\"article:modified_time\" content=\"2024-02-27T17:04:44+00:00\" \/>\n<meta property=\"og:image\" content=\"https:\/\/accesolatino.org\/wp-content\/uploads\/2023\/06\/Medico-DACA.jpg\" \/>\n\t<meta property=\"og:image:width\" content=\"1200\" \/>\n\t<meta property=\"og:image:height\" content=\"675\" \/>\n\t<meta property=\"og:image:type\" content=\"image\/jpeg\" \/>\n<meta name=\"author\" content=\"Testimoniales\" \/>\n<meta name=\"twitter:card\" content=\"summary_large_image\" \/>\n<meta name=\"twitter:title\" content=\"Dreamer mexicano logra graduarse como m\u00e9dico gracias a los beneficios de DACA | Acceso Latino\" \/>\n<meta name=\"twitter:description\" content=\"El Dreamer mexicano Joaqu\u00edn Zetina Huesca logr\u00f3 graduarse como m\u00e9dico siendo el \u00fanico beneficiario de DACA de su generaci\u00f3n.\" \/>\n<meta name=\"twitter:image\" content=\"https:\/\/accesolatino.org\/wp-content\/uploads\/2023\/06\/Medico-DACA.jpg\" \/>\n<meta name=\"twitter:creator\" content=\"@FAccLatino\" \/>\n<meta name=\"twitter:site\" content=\"@FAccLatino\" \/>\n<meta name=\"twitter:label1\" content=\"Written by\" \/>\n\t<meta name=\"twitter:data1\" content=\"Testimoniales\" \/>\n\t<meta name=\"twitter:label2\" content=\"Est. reading time\" \/>\n\t<meta name=\"twitter:data2\" content=\"2 minutes\" \/>\n<script type=\"application\/ld+json\" class=\"yoast-schema-graph\">{\"@context\":\"https:\\\/\\\/schema.org\",\"@graph\":[{\"@type\":\"Article\",\"@id\":\"https:\\\/\\\/accesolatino.org\\\/dreamer-mexicano-logra-graduarse-como-medico-gracias-a-los-beneficios-de-daca\\\/orgullo-latino\\\/#article\",\"isPartOf\":{\"@id\":\"https:\\\/\\\/accesolatino.org\\\/dreamer-mexicano-logra-graduarse-como-medico-gracias-a-los-beneficios-de-daca\\\/orgullo-latino\\\/\"},\"author\":{\"name\":\"Testimoniales\",\"@id\":\"https:\\\/\\\/accesolatino.org\\\/#\\\/schema\\\/person\\\/79c29837daea856f29afadee8243315d\"},\"headline\":\"Dreamer mexicano logra graduarse como m\u00e9dico gracias a los beneficios de DACA\",\"datePublished\":\"2023-06-08T15:42:31+00:00\",\"dateModified\":\"2024-02-27T17:04:44+00:00\",\"mainEntityOfPage\":{\"@id\":\"https:\\\/\\\/accesolatino.org\\\/dreamer-mexicano-logra-graduarse-como-medico-gracias-a-los-beneficios-de-daca\\\/orgullo-latino\\\/\"},\"wordCount\":384,\"commentCount\":0,\"publisher\":{\"@id\":\"https:\\\/\\\/accesolatino.org\\\/#organization\"},\"image\":{\"@id\":\"https:\\\/\\\/accesolatino.org\\\/dreamer-mexicano-logra-graduarse-como-medico-gracias-a-los-beneficios-de-daca\\\/orgullo-latino\\\/#primaryimage\"},\"thumbnailUrl\":\"https:\\\/\\\/accesolatino.org\\\/wp-content\\\/uploads\\\/2023\\\/06\\\/Medico-DACA.jpg\",\"keywords\":[\"DACA\",\"dreamer\",\"M\u00e9dico\",\"mexicano\",\"U of U\"],\"articleSection\":[\"Orgullo Latino\",\"Testimoniales\"],\"inLanguage\":\"en-US\",\"potentialAction\":[{\"@type\":\"CommentAction\",\"name\":\"Comment\",\"target\":[\"https:\\\/\\\/accesolatino.org\\\/dreamer-mexicano-logra-graduarse-como-medico-gracias-a-los-beneficios-de-daca\\\/orgullo-latino\\\/#respond\"]}]},{\"@type\":\"WebPage\",\"@id\":\"https:\\\/\\\/accesolatino.org\\\/dreamer-mexicano-logra-graduarse-como-medico-gracias-a-los-beneficios-de-daca\\\/orgullo-latino\\\/\",\"url\":\"https:\\\/\\\/accesolatino.org\\\/dreamer-mexicano-logra-graduarse-como-medico-gracias-a-los-beneficios-de-daca\\\/orgullo-latino\\\/\",\"name\":\"Dreamer mexicano logra graduarse como m\u00e9dico gracias a los beneficios de DACA\",\"isPartOf\":{\"@id\":\"https:\\\/\\\/accesolatino.org\\\/#website\"},\"primaryImageOfPage\":{\"@id\":\"https:\\\/\\\/accesolatino.org\\\/dreamer-mexicano-logra-graduarse-como-medico-gracias-a-los-beneficios-de-daca\\\/orgullo-latino\\\/#primaryimage\"},\"image\":{\"@id\":\"https:\\\/\\\/accesolatino.org\\\/dreamer-mexicano-logra-graduarse-como-medico-gracias-a-los-beneficios-de-daca\\\/orgullo-latino\\\/#primaryimage\"},\"thumbnailUrl\":\"https:\\\/\\\/accesolatino.org\\\/wp-content\\\/uploads\\\/2023\\\/06\\\/Medico-DACA.jpg\",\"datePublished\":\"2023-06-08T15:42:31+00:00\",\"dateModified\":\"2024-02-27T17:04:44+00:00\",\"description\":\"El Dreamer mexicano Joaqu\u00edn Zetina Huesca logr\u00f3 graduarse como m\u00e9dico siendo el \u00fanico beneficiario de DACA de su generaci\u00f3n.\",\"breadcrumb\":{\"@id\":\"https:\\\/\\\/accesolatino.org\\\/dreamer-mexicano-logra-graduarse-como-medico-gracias-a-los-beneficios-de-daca\\\/orgullo-latino\\\/#breadcrumb\"},\"inLanguage\":\"en-US\",\"potentialAction\":[{\"@type\":\"ReadAction\",\"target\":[\"https:\\\/\\\/accesolatino.org\\\/dreamer-mexicano-logra-graduarse-como-medico-gracias-a-los-beneficios-de-daca\\\/orgullo-latino\\\/\"]}]},{\"@type\":\"ImageObject\",\"inLanguage\":\"en-US\",\"@id\":\"https:\\\/\\\/accesolatino.org\\\/dreamer-mexicano-logra-graduarse-como-medico-gracias-a-los-beneficios-de-daca\\\/orgullo-latino\\\/#primaryimage\",\"url\":\"https:\\\/\\\/accesolatino.org\\\/wp-content\\\/uploads\\\/2023\\\/06\\\/Medico-DACA.jpg\",\"contentUrl\":\"https:\\\/\\\/accesolatino.org\\\/wp-content\\\/uploads\\\/2023\\\/06\\\/Medico-DACA.jpg\",\"width\":1200,\"height\":675,\"caption\":\"Foto: Telemundo\"},{\"@type\":\"BreadcrumbList\",\"@id\":\"https:\\\/\\\/accesolatino.org\\\/dreamer-mexicano-logra-graduarse-como-medico-gracias-a-los-beneficios-de-daca\\\/orgullo-latino\\\/#breadcrumb\",\"itemListElement\":[{\"@type\":\"ListItem\",\"position\":1,\"name\":\"Portada\",\"item\":\"https:\\\/\\\/accesolatino.org\\\/\"},{\"@type\":\"ListItem\",\"position\":2,\"name\":\"Orgullo Latino\",\"item\":\"https:\\\/\\\/accesolatino.org\\\/category\\\/orgullo-latino\\\/\"},{\"@type\":\"ListItem\",\"position\":3,\"name\":\"Dreamer mexicano logra graduarse como m\u00e9dico gracias a los beneficios de DACA\"}]},{\"@type\":\"WebSite\",\"@id\":\"https:\\\/\\\/accesolatino.org\\\/#website\",\"url\":\"https:\\\/\\\/accesolatino.org\\\/\",\"name\":\"Acceso Latino | Fundaci\u00f3n Carlos Slim\",\"description\":\"Fundaci\u00f3n Carlos Slim\",\"publisher\":{\"@id\":\"https:\\\/\\\/accesolatino.org\\\/#organization\"},\"potentialAction\":[{\"@type\":\"SearchAction\",\"target\":{\"@type\":\"EntryPoint\",\"urlTemplate\":\"https:\\\/\\\/accesolatino.org\\\/?s={search_term_string}\"},\"query-input\":{\"@type\":\"PropertyValueSpecification\",\"valueRequired\":true,\"valueName\":\"search_term_string\"}}],\"inLanguage\":\"en-US\"},{\"@type\":\"Organization\",\"@id\":\"https:\\\/\\\/accesolatino.org\\\/#organization\",\"name\":\"Acceso Latino | Fundaci\u00f3n Carlos Slim\",\"url\":\"https:\\\/\\\/accesolatino.org\\\/\",\"logo\":{\"@type\":\"ImageObject\",\"inLanguage\":\"en-US\",\"@id\":\"https:\\\/\\\/accesolatino.org\\\/#\\\/schema\\\/logo\\\/image\\\/\",\"url\":\"https:\\\/\\\/accesolatino.org\\\/wp-content\\\/uploads\\\/2021\\\/02\\\/logo-footer-acceso-latino.png\",\"contentUrl\":\"https:\\\/\\\/accesolatino.org\\\/wp-content\\\/uploads\\\/2021\\\/02\\\/logo-footer-acceso-latino.png\",\"width\":240,\"height\":40,\"caption\":\"Acceso Latino | Fundaci\u00f3n Carlos Slim\"},\"image\":{\"@id\":\"https:\\\/\\\/accesolatino.org\\\/#\\\/schema\\\/logo\\\/image\\\/\"},\"sameAs\":[\"https:\\\/\\\/www.facebook.com\\\/AccesoLatinoOrg\",\"https:\\\/\\\/x.com\\\/FAccLatino\"]},{\"@type\":\"Person\",\"@id\":\"https:\\\/\\\/accesolatino.org\\\/#\\\/schema\\\/person\\\/79c29837daea856f29afadee8243315d\",\"name\":\"Testimoniales\"}]}<\/script>\n<!-- \/ Yoast SEO plugin. -->","yoast_head_json":{"title":"Mexican Dreamer manages to graduate as a doctor thanks to the benefits of DACA","description":"El Dreamer mexicano Joaqu\u00edn Zetina Huesca logr\u00f3 graduarse como m\u00e9dico siendo el \u00fanico beneficiario de DACA de su generaci\u00f3n.","robots":{"index":"index","follow":"follow","max-snippet":"max-snippet:-1","max-image-preview":"max-image-preview:large","max-video-preview":"max-video-preview:-1"},"canonical":"https:\/\/accesolatino.org\/en\/dreamer-mexicano-logra-graduarse-como-medico-gracias-a-los-beneficios-de-daca\/orgullo-latino\/","og_locale":"en_US","og_type":"article","og_title":"Dreamer mexicano logra graduarse como m\u00e9dico gracias a los beneficios de DACA | Acceso Latino","og_description":"El Dreamer mexicano Joaqu\u00edn Zetina Huesca logr\u00f3 graduarse como m\u00e9dico siendo el \u00fanico beneficiario de DACA de su generaci\u00f3n.","og_url":"https:\/\/accesolatino.org\/en\/dreamer-mexicano-logra-graduarse-como-medico-gracias-a-los-beneficios-de-daca\/orgullo-latino\/","og_site_name":"Acceso Latino","article_publisher":"https:\/\/www.facebook.com\/AccesoLatinoOrg","article_published_time":"2023-06-08T15:42:31+00:00","article_modified_time":"2024-02-27T17:04:44+00:00","og_image":[{"width":1200,"height":675,"url":"https:\/\/accesolatino.org\/wp-content\/uploads\/2023\/06\/Medico-DACA.jpg","type":"image\/jpeg"}],"author":"Testimoniales","twitter_card":"summary_large_image","twitter_title":"Dreamer mexicano logra graduarse como m\u00e9dico gracias a los beneficios de DACA | Acceso Latino","twitter_description":"El Dreamer mexicano Joaqu\u00edn Zetina Huesca logr\u00f3 graduarse como m\u00e9dico siendo el \u00fanico beneficiario de DACA de su generaci\u00f3n.","twitter_image":"https:\/\/accesolatino.org\/wp-content\/uploads\/2023\/06\/Medico-DACA.jpg","twitter_creator":"@FAccLatino","twitter_site":"@FAccLatino","twitter_misc":{"Written by":"Testimoniales","Est. reading time":"2 minutes"},"schema":{"@context":"https:\/\/schema.org","@graph":[{"@type":"Article","@id":"https:\/\/accesolatino.org\/dreamer-mexicano-logra-graduarse-como-medico-gracias-a-los-beneficios-de-daca\/orgullo-latino\/#article","isPartOf":{"@id":"https:\/\/accesolatino.org\/dreamer-mexicano-logra-graduarse-como-medico-gracias-a-los-beneficios-de-daca\/orgullo-latino\/"},"author":{"name":"Testimoniales","@id":"https:\/\/accesolatino.org\/#\/schema\/person\/79c29837daea856f29afadee8243315d"},"headline":"Dreamer mexicano logra graduarse como m\u00e9dico gracias a los beneficios de DACA","datePublished":"2023-06-08T15:42:31+00:00","dateModified":"2024-02-27T17:04:44+00:00","mainEntityOfPage":{"@id":"https:\/\/accesolatino.org\/dreamer-mexicano-logra-graduarse-como-medico-gracias-a-los-beneficios-de-daca\/orgullo-latino\/"},"wordCount":384,"commentCount":0,"publisher":{"@id":"https:\/\/accesolatino.org\/#organization"},"image":{"@id":"https:\/\/accesolatino.org\/dreamer-mexicano-logra-graduarse-como-medico-gracias-a-los-beneficios-de-daca\/orgullo-latino\/#primaryimage"},"thumbnailUrl":"https:\/\/accesolatino.org\/wp-content\/uploads\/2023\/06\/Medico-DACA.jpg","keywords":["DACA","dreamer","M\u00e9dico","mexicano","U of U"],"articleSection":["Orgullo Latino","Testimoniales"],"inLanguage":"en-US","potentialAction":[{"@type":"CommentAction","name":"Comment","target":["https:\/\/accesolatino.org\/dreamer-mexicano-logra-graduarse-como-medico-gracias-a-los-beneficios-de-daca\/orgullo-latino\/#respond"]}]},{"@type":"WebPage","@id":"https:\/\/accesolatino.org\/dreamer-mexicano-logra-graduarse-como-medico-gracias-a-los-beneficios-de-daca\/orgullo-latino\/","url":"https:\/\/accesolatino.org\/dreamer-mexicano-logra-graduarse-como-medico-gracias-a-los-beneficios-de-daca\/orgullo-latino\/","name":"Mexican Dreamer manages to graduate as a doctor thanks to the benefits of DACA","isPartOf":{"@id":"https:\/\/accesolatino.org\/#website"},"primaryImageOfPage":{"@id":"https:\/\/accesolatino.org\/dreamer-mexicano-logra-graduarse-como-medico-gracias-a-los-beneficios-de-daca\/orgullo-latino\/#primaryimage"},"image":{"@id":"https:\/\/accesolatino.org\/dreamer-mexicano-logra-graduarse-como-medico-gracias-a-los-beneficios-de-daca\/orgullo-latino\/#primaryimage"},"thumbnailUrl":"https:\/\/accesolatino.org\/wp-content\/uploads\/2023\/06\/Medico-DACA.jpg","datePublished":"2023-06-08T15:42:31+00:00","dateModified":"2024-02-27T17:04:44+00:00","description":"El Dreamer mexicano Joaqu\u00edn Zetina Huesca logr\u00f3 graduarse como m\u00e9dico siendo el \u00fanico beneficiario de DACA de su generaci\u00f3n.","breadcrumb":{"@id":"https:\/\/accesolatino.org\/dreamer-mexicano-logra-graduarse-como-medico-gracias-a-los-beneficios-de-daca\/orgullo-latino\/#breadcrumb"},"inLanguage":"en-US","potentialAction":[{"@type":"ReadAction","target":["https:\/\/accesolatino.org\/dreamer-mexicano-logra-graduarse-como-medico-gracias-a-los-beneficios-de-daca\/orgullo-latino\/"]}]},{"@type":"ImageObject","inLanguage":"en-US","@id":"https:\/\/accesolatino.org\/dreamer-mexicano-logra-graduarse-como-medico-gracias-a-los-beneficios-de-daca\/orgullo-latino\/#primaryimage","url":"https:\/\/accesolatino.org\/wp-content\/uploads\/2023\/06\/Medico-DACA.jpg","contentUrl":"https:\/\/accesolatino.org\/wp-content\/uploads\/2023\/06\/Medico-DACA.jpg","width":1200,"height":675,"caption":"Foto: Telemundo"},{"@type":"BreadcrumbList","@id":"https:\/\/accesolatino.org\/dreamer-mexicano-logra-graduarse-como-medico-gracias-a-los-beneficios-de-daca\/orgullo-latino\/#breadcrumb","itemListElement":[{"@type":"ListItem","position":1,"name":"Portada","item":"https:\/\/accesolatino.org\/"},{"@type":"ListItem","position":2,"name":"Orgullo Latino","item":"https:\/\/accesolatino.org\/category\/orgullo-latino\/"},{"@type":"ListItem","position":3,"name":"Dreamer mexicano logra graduarse como m\u00e9dico gracias a los beneficios de DACA"}]},{"@type":"WebSite","@id":"https:\/\/accesolatino.org\/#website","url":"https:\/\/accesolatino.org\/","name":"Acceso Latino | Fundaci\u00f3n Carlos Slim","description":"Fundaci\u00f3n Carlos Slim","publisher":{"@id":"https:\/\/accesolatino.org\/#organization"},"potentialAction":[{"@type":"SearchAction","target":{"@type":"EntryPoint","urlTemplate":"https:\/\/accesolatino.org\/?s={search_term_string}"},"query-input":{"@type":"PropertyValueSpecification","valueRequired":true,"valueName":"search_term_string"}}],"inLanguage":"en-US"},{"@type":"Organization","@id":"https:\/\/accesolatino.org\/#organization","name":"Acceso Latino | Fundaci\u00f3n Carlos Slim","url":"https:\/\/accesolatino.org\/","logo":{"@type":"ImageObject","inLanguage":"en-US","@id":"https:\/\/accesolatino.org\/#\/schema\/logo\/image\/","url":"https:\/\/accesolatino.org\/wp-content\/uploads\/2021\/02\/logo-footer-acceso-latino.png","contentUrl":"https:\/\/accesolatino.org\/wp-content\/uploads\/2021\/02\/logo-footer-acceso-latino.png","width":240,"height":40,"caption":"Acceso Latino | Fundaci\u00f3n Carlos Slim"},"image":{"@id":"https:\/\/accesolatino.org\/#\/schema\/logo\/image\/"},"sameAs":["https:\/\/www.facebook.com\/AccesoLatinoOrg","https:\/\/x.com\/FAccLatino"]},{"@type":"Person","@id":"https:\/\/accesolatino.org\/#\/schema\/person\/79c29837daea856f29afadee8243315d","name":"Testimonials"}]}},"_links":{"self":[{"href":"https:\/\/accesolatino.org\/en\/wp-json\/wp\/v2\/posts\/49455","targetHints":{"allow":["GET"]}}],"collection":[{"href":"https:\/\/accesolatino.org\/en\/wp-json\/wp\/v2\/posts"}],"about":[{"href":"https:\/\/accesolatino.org\/en\/wp-json\/wp\/v2\/types\/post"}],"author":[{"embeddable":true,"href":"https:\/\/accesolatino.org\/en\/wp-json\/wp\/v2\/users\/14"}],"replies":[{"embeddable":true,"href":"https:\/\/accesolatino.org\/en\/wp-json\/wp\/v2\/comments?post=49455"}],"version-history":[{"count":0,"href":"https:\/\/accesolatino.org\/en\/wp-json\/wp\/v2\/posts\/49455\/revisions"}],"wp:featuredmedia":[{"embeddable":true,"href":"https:\/\/accesolatino.org\/en\/wp-json\/wp\/v2\/media\/49456"}],"wp:attachment":[{"href":"https:\/\/accesolatino.org\/en\/wp-json\/wp\/v2\/media?parent=49455"}],"wp:term":[{"taxonomy":"category","embeddable":true,"href":"https:\/\/accesolatino.org\/en\/wp-json\/wp\/v2\/categories?post=49455"},{"taxonomy":"post_tag","embeddable":true,"href":"https:\/\/accesolatino.org\/en\/wp-json\/wp\/v2\/tags?post=49455"}],"curies":[{"name":"wp","href":"https:\/\/api.w.org\/{rel}","templated":true}]}}