{"id":44294,"date":"2022-11-11T05:42:00","date_gmt":"2022-11-11T11:42:00","guid":{"rendered":"https:\/\/accesolatino.org\/?p=44294"},"modified":"2025-10-21T18:56:46","modified_gmt":"2025-10-22T00:56:46","slug":"uscis-publica-comunicado-sobre-la-implementacion-de-daca-bajo-la-regla-final","status":"publish","type":"post","link":"https:\/\/accesolatino.org\/en\/uscis-publica-comunicado-sobre-la-implementacion-de-daca-bajo-la-regla-final\/noticias\/","title":{"rendered":"USCIS publishes statement on the implementation of DACA under the final rule"},"content":{"rendered":"<div data-elementor-type=\"wp-post\" data-elementor-id=\"44294\" class=\"elementor elementor-44294\">\n\t\t\t\t\t\t<section class=\"elementor-section elementor-top-section elementor-element elementor-element-69c0be13 elementor-section-boxed elementor-section-height-default elementor-section-height-default wpr-particle-no wpr-jarallax-no wpr-parallax-no wpr-sticky-section-no wpr-equal-height-no\" data-id=\"69c0be13\" data-element_type=\"section\" data-e-type=\"section\">\n\t\t\t\t\t\t<div class=\"elementor-container elementor-column-gap-default\">\n\t\t\t\t\t<div class=\"elementor-column elementor-col-100 elementor-top-column elementor-element elementor-element-4c213415\" data-id=\"4c213415\" data-element_type=\"column\" data-e-type=\"column\">\n\t\t\t<div class=\"elementor-widget-wrap elementor-element-populated\">\n\t\t\t\t\t\t<div class=\"elementor-element elementor-element-3c498805 elementor-widget elementor-widget-heading\" data-id=\"3c498805\" data-element_type=\"widget\" data-e-type=\"widget\" data-widget_type=\"heading.default\">\n\t\t\t\t<div class=\"elementor-widget-container\">\n\t\t\t\t\t<h2 class=\"elementor-heading-title elementor-size-default\">The Department of Homeland Security (DHS) has begun limited implementation of the Deferred Action for Childhood Arrivals (DACA) final rule.<\/h2>\t\t\t\t<\/div>\n\t\t\t\t<\/div>\n\t\t\t\t\t<\/div>\n\t\t<\/div>\n\t\t\t\t\t<\/div>\n\t\t<\/section>\n\t\t\t\t<section class=\"elementor-section elementor-top-section elementor-element elementor-element-74ce1814 elementor-section-boxed elementor-section-height-default elementor-section-height-default wpr-particle-no wpr-jarallax-no wpr-parallax-no wpr-sticky-section-no wpr-equal-height-no\" data-id=\"74ce1814\" data-element_type=\"section\" data-e-type=\"section\">\n\t\t\t\t\t\t<div class=\"elementor-container elementor-column-gap-default\">\n\t\t\t\t\t<div class=\"elementor-column elementor-col-100 elementor-top-column elementor-element elementor-element-1041709\" data-id=\"1041709\" data-element_type=\"column\" data-e-type=\"column\">\n\t\t\t<div class=\"elementor-widget-wrap elementor-element-populated\">\n\t\t\t\t\t\t<div class=\"elementor-element elementor-element-10750a8c elementor-widget elementor-widget-text-editor\" data-id=\"10750a8c\" data-element_type=\"widget\" data-e-type=\"widget\" data-widget_type=\"text-editor.default\">\n\t\t\t\t<div class=\"elementor-widget-container\">\n\t\t\t\t\t\t\t\t\t<p>On October 31, the final DACA rule, announced by DHS in August of this year, went into effect. The implementation of the final rule allows DACA to be based on a formal regulation, which favors its preservation and strengthens its foundations, in the face of current litigation in court. This changes the original status of DACA, which was based on a policy memorandum issued by DHS in 2012.<\/p><p>The limited implementation of the final rule is due to the fact that on October 14 the United States District Court for the Southern District of Texas issued an order partially suspending this rule.<\/p>\t\t\t\t\t\t\t\t<\/div>\n\t\t\t\t<\/div>\n\t\t\t\t\t<\/div>\n\t\t<\/div>\n\t\t\t\t\t<\/div>\n\t\t<\/section>\n\t\t\t\t<section class=\"elementor-section elementor-top-section elementor-element elementor-element-2aa52db0 elementor-section-boxed elementor-section-height-default elementor-section-height-default wpr-particle-no wpr-jarallax-no wpr-parallax-no wpr-sticky-section-no wpr-equal-height-no\" data-id=\"2aa52db0\" data-element_type=\"section\" data-e-type=\"section\">\n\t\t\t\t\t\t<div class=\"elementor-container elementor-column-gap-default\">\n\t\t\t\t\t<div class=\"elementor-column elementor-col-50 elementor-top-column elementor-element elementor-element-26e56bc5\" data-id=\"26e56bc5\" data-element_type=\"column\" data-e-type=\"column\">\n\t\t\t<div class=\"elementor-widget-wrap elementor-element-populated\">\n\t\t\t\t\t\t<div class=\"elementor-element elementor-element-440a9a3d elementor-widget elementor-widget-image\" data-id=\"440a9a3d\" data-element_type=\"widget\" data-e-type=\"widget\" data-widget_type=\"image.default\">\n\t\t\t\t<div class=\"elementor-widget-container\">\n\t\t\t\t\t\t\t\t\t\t\t\t\t\t\t<img fetchpriority=\"high\" decoding=\"async\" width=\"1000\" height=\"700\" src=\"https:\/\/accesolatino.org\/wp-content\/uploads\/2022\/11\/DHS-comienza-a-implementar-DACA-bajo-la-regla-que-autoriza-tra\u0301mites-a-quienes-ya-esta\u0301n-registrados.png\" class=\"attachment-full size-full wp-image-44295\" alt=\"\" srcset=\"https:\/\/accesolatino.org\/wp-content\/uploads\/2022\/11\/DHS-comienza-a-implementar-DACA-bajo-la-regla-que-autoriza-tra\u0301mites-a-quienes-ya-esta\u0301n-registrados.png 1000w, https:\/\/accesolatino.org\/wp-content\/uploads\/2022\/11\/DHS-comienza-a-implementar-DACA-bajo-la-regla-que-autoriza-tra\u0301mites-a-quienes-ya-esta\u0301n-registrados-300x210.png 300w, https:\/\/accesolatino.org\/wp-content\/uploads\/2022\/11\/DHS-comienza-a-implementar-DACA-bajo-la-regla-que-autoriza-tra\u0301mites-a-quienes-ya-esta\u0301n-registrados-768x538.png 768w, https:\/\/accesolatino.org\/wp-content\/uploads\/2022\/11\/DHS-comienza-a-implementar-DACA-bajo-la-regla-que-autoriza-tra\u0301mites-a-quienes-ya-esta\u0301n-registrados-18x12.png 18w\" sizes=\"(max-width: 1000px) 100vw, 1000px\" \/>\t\t\t\t\t\t\t\t\t\t\t\t\t\t\t<\/div>\n\t\t\t\t<\/div>\n\t\t\t\t\t<\/div>\n\t\t<\/div>\n\t\t\t\t<div class=\"elementor-column elementor-col-50 elementor-top-column elementor-element elementor-element-543f296b\" data-id=\"543f296b\" data-element_type=\"column\" data-e-type=\"column\">\n\t\t\t<div class=\"elementor-widget-wrap elementor-element-populated\">\n\t\t\t\t\t\t<div class=\"elementor-element elementor-element-4f1a26a3 elementor-widget elementor-widget-text-editor\" data-id=\"4f1a26a3\" data-element_type=\"widget\" data-e-type=\"widget\" data-widget_type=\"text-editor.default\">\n\t\t\t\t<div class=\"elementor-widget-container\">\n\t\t\t\t\t\t\t\t\t<p>\u201cThis final rule is our effort to preserve and strengthen DACA to the greatest extent possible,\u201d explained Alejandro N. Mayorkas, Secretary of Homeland Security. In addition, he insisted that Congress urgently needs to pass legislation that provides permanent protection for Dreamers.<\/p><p>On the other hand, the director of USCIS, Ur M. Jaddou, explained that the implementation of the final rule is a sign of the agency's continued commitment to Dreamers. \u201cWhile court orders prevent us from adjudicating the petitions of individuals who file an initial application, we will continue the important work of renewing and continuing the protections for current DACA recipients, as outlined in this final rule,\u201d she added.<\/p>\t\t\t\t\t\t\t\t<\/div>\n\t\t\t\t<\/div>\n\t\t\t\t\t<\/div>\n\t\t<\/div>\n\t\t\t\t\t<\/div>\n\t\t<\/section>\n\t\t\t\t<section class=\"elementor-section elementor-top-section elementor-element elementor-element-4ac53fe3 elementor-section-boxed elementor-section-height-default elementor-section-height-default wpr-particle-no wpr-jarallax-no wpr-parallax-no wpr-sticky-section-no wpr-equal-height-no\" data-id=\"4ac53fe3\" data-element_type=\"section\" data-e-type=\"section\">\n\t\t\t\t\t\t<div class=\"elementor-container elementor-column-gap-default\">\n\t\t\t\t\t<div class=\"elementor-column elementor-col-100 elementor-top-column elementor-element elementor-element-62e098b3\" data-id=\"62e098b3\" data-element_type=\"column\" data-e-type=\"column\">\n\t\t\t<div class=\"elementor-widget-wrap elementor-element-populated\">\n\t\t\t\t\t\t<div class=\"elementor-element elementor-element-61ecdaf5 elementor-widget elementor-widget-text-editor\" data-id=\"61ecdaf5\" data-element_type=\"widget\" data-e-type=\"widget\" data-widget_type=\"text-editor.default\">\n\t\t\t\t<div class=\"elementor-widget-container\">\n\t\t\t\t\t\t\t\t\t<p>It is worth mentioning that the final rule reaffirms the current benefits of DACA, such as protection against deportation and the employment authorization document. It also clarifies that DACA is not a form of lawful status, but DACA recipients are considered \"lawfully present\" for certain purposes.<\/p><p>Additionally, due to pending litigation, DHS is prohibited from granting DACA to new applicants, therefore only renewal petitions will continue to be processed.<\/p>\t\t\t\t\t\t\t\t<\/div>\n\t\t\t\t<\/div>\n\t\t\t\t\t<\/div>\n\t\t<\/div>\n\t\t\t\t\t<\/div>\n\t\t<\/section>\n\t\t\t\t<section class=\"elementor-section elementor-top-section elementor-element elementor-element-3589873 elementor-section-boxed elementor-section-height-default elementor-section-height-default wpr-particle-no wpr-jarallax-no wpr-parallax-no wpr-sticky-section-no wpr-equal-height-no\" data-id=\"3589873\" data-element_type=\"section\" data-e-type=\"section\">\n\t\t\t\t\t\t<div class=\"elementor-container elementor-column-gap-default\">\n\t\t\t\t\t<div class=\"elementor-column elementor-col-100 elementor-top-column elementor-element elementor-element-12201b08\" data-id=\"12201b08\" data-element_type=\"column\" data-e-type=\"column\">\n\t\t\t<div class=\"elementor-widget-wrap elementor-element-populated\">\n\t\t\t\t\t\t<div class=\"elementor-element elementor-element-76b4b293 elementor-widget elementor-widget-toggle\" data-id=\"76b4b293\" data-element_type=\"widget\" data-e-type=\"widget\" data-widget_type=\"toggle.default\">\n\t\t\t\t<div class=\"elementor-widget-container\">\n\t\t\t\t\t\t\t<div class=\"elementor-toggle\">\n\t\t\t\t\t\t\t<div class=\"elementor-toggle-item\">\n\t\t\t\t\t<div id=\"elementor-tab-title-1991\" class=\"elementor-tab-title\" data-tab=\"1\" role=\"button\" aria-controls=\"elementor-tab-content-1991\" aria-expanded=\"false\">\n\t\t\t\t\t\t\t\t\t\t\t\t<span class=\"elementor-toggle-icon elementor-toggle-icon-left\" aria-hidden=\"true\">\n\t\t\t\t\t\t\t\t\t\t\t\t\t\t\t<span class=\"elementor-toggle-icon-closed\"><i class=\"fas fa-caret-right\"><\/i><\/span>\n\t\t\t\t\t\t\t\t<span class=\"elementor-toggle-icon-opened\"><i class=\"elementor-toggle-icon-opened fas fa-caret-up\"><\/i><\/span>\n\t\t\t\t\t\t\t\t\t\t\t\t\t<\/span>\n\t\t\t\t\t\t\t\t\t\t\t\t<a class=\"elementor-toggle-title\" tabindex=\"0\">BIBLIOGRAPHY<\/a>\n\t\t\t\t\t<\/div>\n\n\t\t\t\t\t<div id=\"elementor-tab-content-1991\" class=\"elementor-tab-content elementor-clearfix\" data-tab=\"1\" role=\"region\" aria-labelledby=\"elementor-tab-title-1991\"><p><strong>USCIS<\/strong><\/p><p><a href=\"https:\/\/www.uscis.gov\/es\/noticias\/comunicados-de-prensa\/dhs-comienza-implementacion-limitada-de-daca-bajo-la-regla-final\">https:\/\/www.uscis.gov\/es\/noticias\/comunicados-de-prensa\/dhs-comienza-implementacion-limitada-de-daca-bajo-la-regla-final<\/a><\/p><\/div>\n\t\t\t\t<\/div>\n\t\t\t\t\t\t\t\t<\/div>\n\t\t\t\t\t\t<\/div>\n\t\t\t\t<\/div>\n\t\t\t\t\t<\/div>\n\t\t<\/div>\n\t\t\t\t\t<\/div>\n\t\t<\/section>\n\t\t\t\t<\/div>","protected":false},"excerpt":{"rendered":"<p>The Department of Homeland Security (DHS) has begun limited implementation of the Deferred Action for Childhood Arrivals (DACA) final rule.<\/p>","protected":false},"author":13,"featured_media":44295,"comment_status":"open","ping_status":"open","sticky":false,"template":"","format":"standard","meta":{"_uf_show_specific_survey":0,"_uf_disable_surveys":false,"footnotes":""},"categories":[10],"tags":[68,283,1849,1706,173],"class_list":["post-44294","post","type-post","status-publish","format-standard","has-post-thumbnail","hentry","category-noticias","tag-daca","tag-dhs","tag-final-rule","tag-regla-final","tag-uscis"],"aioseo_notices":[],"yoast_head":"<!-- This site is optimized with the Yoast SEO plugin v27.5 - https:\/\/yoast.com\/product\/yoast-seo-wordpress\/ -->\n<title>USCIS publica comunicado sobre la implementaci\u00f3n de DACA bajo la regla final<\/title>\n<meta name=\"description\" content=\"El Servicio de Ciudadan\u00eda e Inmigraci\u00f3n public\u00f3 un comunicado sobre la implementaci\u00f3n limitada de DACA bajo la regla final.\" \/>\n<meta name=\"robots\" content=\"index, follow, max-snippet:-1, max-image-preview:large, max-video-preview:-1\" \/>\n<link rel=\"canonical\" href=\"https:\/\/accesolatino.org\/en\/uscis-publica-comunicado-sobre-la-implementacion-de-daca-bajo-la-regla-final\/noticias\/\" \/>\n<meta property=\"og:locale\" content=\"en_US\" \/>\n<meta property=\"og:type\" content=\"article\" \/>\n<meta property=\"og:title\" content=\"USCIS publica comunicado sobre la implementaci\u00f3n de DACA bajo la regla final | Acceso Latino\" \/>\n<meta property=\"og:description\" content=\"El Servicio de Ciudadan\u00eda e Inmigraci\u00f3n public\u00f3 un comunicado sobre la implementaci\u00f3n limitada de DACA bajo la regla final.\" \/>\n<meta property=\"og:url\" content=\"https:\/\/accesolatino.org\/en\/uscis-publica-comunicado-sobre-la-implementacion-de-daca-bajo-la-regla-final\/noticias\/\" \/>\n<meta property=\"og:site_name\" content=\"Acceso Latino\" \/>\n<meta property=\"article:publisher\" content=\"https:\/\/www.facebook.com\/AccesoLatinoOrg\" \/>\n<meta property=\"article:published_time\" content=\"2022-11-11T11:42:00+00:00\" \/>\n<meta property=\"article:modified_time\" content=\"2025-10-22T00:56:46+00:00\" \/>\n<meta property=\"og:image\" content=\"https:\/\/accesolatino.org\/wp-content\/uploads\/2022\/11\/DHS-comienza-a-implementar-DACA-bajo-la-regla-que-autoriza-tra\u0301mites-a-quienes-ya-esta\u0301n-registrados.png\" \/>\n\t<meta property=\"og:image:width\" content=\"1000\" \/>\n\t<meta property=\"og:image:height\" content=\"700\" \/>\n\t<meta property=\"og:image:type\" content=\"image\/png\" \/>\n<meta name=\"author\" content=\"Noticias\" \/>\n<meta name=\"twitter:card\" content=\"summary_large_image\" \/>\n<meta name=\"twitter:title\" content=\"USCIS publica comunicado sobre la implementaci\u00f3n de DACA bajo la regla final | Acceso Latino\" \/>\n<meta name=\"twitter:description\" content=\"El Servicio de Ciudadan\u00eda e Inmigraci\u00f3n public\u00f3 un comunicado sobre la implementaci\u00f3n limitada de DACA bajo la regla final.\" \/>\n<meta name=\"twitter:image\" content=\"https:\/\/accesolatino.org\/wp-content\/uploads\/2022\/11\/DHS-comienza-a-implementar-DACA-bajo-la-regla-que-autoriza-tra\u0301mites-a-quienes-ya-esta\u0301n-registrados.png\" \/>\n<meta name=\"twitter:creator\" content=\"@FAccLatino\" \/>\n<meta name=\"twitter:site\" content=\"@FAccLatino\" \/>\n<meta name=\"twitter:label1\" content=\"Written by\" \/>\n\t<meta name=\"twitter:data1\" content=\"Noticias\" \/>\n\t<meta name=\"twitter:label2\" content=\"Est. reading time\" \/>\n\t<meta name=\"twitter:data2\" content=\"2 minutes\" \/>\n<script type=\"application\/ld+json\" class=\"yoast-schema-graph\">{\"@context\":\"https:\\\/\\\/schema.org\",\"@graph\":[{\"@type\":\"Article\",\"@id\":\"https:\\\/\\\/accesolatino.org\\\/uscis-publica-comunicado-sobre-la-implementacion-de-daca-bajo-la-regla-final\\\/noticias\\\/#article\",\"isPartOf\":{\"@id\":\"https:\\\/\\\/accesolatino.org\\\/uscis-publica-comunicado-sobre-la-implementacion-de-daca-bajo-la-regla-final\\\/noticias\\\/\"},\"author\":{\"name\":\"Noticias\",\"@id\":\"https:\\\/\\\/accesolatino.org\\\/#\\\/schema\\\/person\\\/57bc3bfd2c357610a5255490ca4cd305\"},\"headline\":\"USCIS publica comunicado sobre la implementaci\u00f3n de DACA bajo la regla final\",\"datePublished\":\"2022-11-11T11:42:00+00:00\",\"dateModified\":\"2025-10-22T00:56:46+00:00\",\"mainEntityOfPage\":{\"@id\":\"https:\\\/\\\/accesolatino.org\\\/uscis-publica-comunicado-sobre-la-implementacion-de-daca-bajo-la-regla-final\\\/noticias\\\/\"},\"wordCount\":368,\"commentCount\":0,\"publisher\":{\"@id\":\"https:\\\/\\\/accesolatino.org\\\/#organization\"},\"image\":{\"@id\":\"https:\\\/\\\/accesolatino.org\\\/uscis-publica-comunicado-sobre-la-implementacion-de-daca-bajo-la-regla-final\\\/noticias\\\/#primaryimage\"},\"thumbnailUrl\":\"https:\\\/\\\/accesolatino.org\\\/wp-content\\\/uploads\\\/2022\\\/11\\\/DHS-comienza-a-implementar-DACA-bajo-la-regla-que-autoriza-tra\u0301mites-a-quienes-ya-esta\u0301n-registrados.png\",\"keywords\":[\"DACA\",\"DHS\",\"Final Rule\",\"Regla final\",\"USCIS\"],\"articleSection\":[\"Noticias\"],\"inLanguage\":\"en-US\",\"potentialAction\":[{\"@type\":\"CommentAction\",\"name\":\"Comment\",\"target\":[\"https:\\\/\\\/accesolatino.org\\\/uscis-publica-comunicado-sobre-la-implementacion-de-daca-bajo-la-regla-final\\\/noticias\\\/#respond\"]}]},{\"@type\":\"WebPage\",\"@id\":\"https:\\\/\\\/accesolatino.org\\\/uscis-publica-comunicado-sobre-la-implementacion-de-daca-bajo-la-regla-final\\\/noticias\\\/\",\"url\":\"https:\\\/\\\/accesolatino.org\\\/uscis-publica-comunicado-sobre-la-implementacion-de-daca-bajo-la-regla-final\\\/noticias\\\/\",\"name\":\"USCIS publica comunicado sobre la implementaci\u00f3n de DACA bajo la regla final\",\"isPartOf\":{\"@id\":\"https:\\\/\\\/accesolatino.org\\\/#website\"},\"primaryImageOfPage\":{\"@id\":\"https:\\\/\\\/accesolatino.org\\\/uscis-publica-comunicado-sobre-la-implementacion-de-daca-bajo-la-regla-final\\\/noticias\\\/#primaryimage\"},\"image\":{\"@id\":\"https:\\\/\\\/accesolatino.org\\\/uscis-publica-comunicado-sobre-la-implementacion-de-daca-bajo-la-regla-final\\\/noticias\\\/#primaryimage\"},\"thumbnailUrl\":\"https:\\\/\\\/accesolatino.org\\\/wp-content\\\/uploads\\\/2022\\\/11\\\/DHS-comienza-a-implementar-DACA-bajo-la-regla-que-autoriza-tra\u0301mites-a-quienes-ya-esta\u0301n-registrados.png\",\"datePublished\":\"2022-11-11T11:42:00+00:00\",\"dateModified\":\"2025-10-22T00:56:46+00:00\",\"description\":\"El Servicio de Ciudadan\u00eda e Inmigraci\u00f3n public\u00f3 un comunicado sobre la implementaci\u00f3n limitada de DACA bajo la regla final.\",\"breadcrumb\":{\"@id\":\"https:\\\/\\\/accesolatino.org\\\/uscis-publica-comunicado-sobre-la-implementacion-de-daca-bajo-la-regla-final\\\/noticias\\\/#breadcrumb\"},\"inLanguage\":\"en-US\",\"potentialAction\":[{\"@type\":\"ReadAction\",\"target\":[\"https:\\\/\\\/accesolatino.org\\\/uscis-publica-comunicado-sobre-la-implementacion-de-daca-bajo-la-regla-final\\\/noticias\\\/\"]}]},{\"@type\":\"ImageObject\",\"inLanguage\":\"en-US\",\"@id\":\"https:\\\/\\\/accesolatino.org\\\/uscis-publica-comunicado-sobre-la-implementacion-de-daca-bajo-la-regla-final\\\/noticias\\\/#primaryimage\",\"url\":\"https:\\\/\\\/accesolatino.org\\\/wp-content\\\/uploads\\\/2022\\\/11\\\/DHS-comienza-a-implementar-DACA-bajo-la-regla-que-autoriza-tra\u0301mites-a-quienes-ya-esta\u0301n-registrados.png\",\"contentUrl\":\"https:\\\/\\\/accesolatino.org\\\/wp-content\\\/uploads\\\/2022\\\/11\\\/DHS-comienza-a-implementar-DACA-bajo-la-regla-que-autoriza-tra\u0301mites-a-quienes-ya-esta\u0301n-registrados.png\",\"width\":1000,\"height\":700},{\"@type\":\"BreadcrumbList\",\"@id\":\"https:\\\/\\\/accesolatino.org\\\/uscis-publica-comunicado-sobre-la-implementacion-de-daca-bajo-la-regla-final\\\/noticias\\\/#breadcrumb\",\"itemListElement\":[{\"@type\":\"ListItem\",\"position\":1,\"name\":\"Portada\",\"item\":\"https:\\\/\\\/accesolatino.org\\\/\"},{\"@type\":\"ListItem\",\"position\":2,\"name\":\"Noticias\",\"item\":\"https:\\\/\\\/accesolatino.org\\\/category\\\/noticias\\\/\"},{\"@type\":\"ListItem\",\"position\":3,\"name\":\"USCIS publica comunicado sobre la implementaci\u00f3n de DACA bajo la regla final\"}]},{\"@type\":\"WebSite\",\"@id\":\"https:\\\/\\\/accesolatino.org\\\/#website\",\"url\":\"https:\\\/\\\/accesolatino.org\\\/\",\"name\":\"Acceso Latino | Fundaci\u00f3n Carlos Slim\",\"description\":\"Fundaci\u00f3n Carlos Slim\",\"publisher\":{\"@id\":\"https:\\\/\\\/accesolatino.org\\\/#organization\"},\"potentialAction\":[{\"@type\":\"SearchAction\",\"target\":{\"@type\":\"EntryPoint\",\"urlTemplate\":\"https:\\\/\\\/accesolatino.org\\\/?s={search_term_string}\"},\"query-input\":{\"@type\":\"PropertyValueSpecification\",\"valueRequired\":true,\"valueName\":\"search_term_string\"}}],\"inLanguage\":\"en-US\"},{\"@type\":\"Organization\",\"@id\":\"https:\\\/\\\/accesolatino.org\\\/#organization\",\"name\":\"Acceso Latino | Fundaci\u00f3n Carlos Slim\",\"url\":\"https:\\\/\\\/accesolatino.org\\\/\",\"logo\":{\"@type\":\"ImageObject\",\"inLanguage\":\"en-US\",\"@id\":\"https:\\\/\\\/accesolatino.org\\\/#\\\/schema\\\/logo\\\/image\\\/\",\"url\":\"https:\\\/\\\/accesolatino.org\\\/wp-content\\\/uploads\\\/2021\\\/02\\\/logo-footer-acceso-latino.png\",\"contentUrl\":\"https:\\\/\\\/accesolatino.org\\\/wp-content\\\/uploads\\\/2021\\\/02\\\/logo-footer-acceso-latino.png\",\"width\":240,\"height\":40,\"caption\":\"Acceso Latino | Fundaci\u00f3n Carlos Slim\"},\"image\":{\"@id\":\"https:\\\/\\\/accesolatino.org\\\/#\\\/schema\\\/logo\\\/image\\\/\"},\"sameAs\":[\"https:\\\/\\\/www.facebook.com\\\/AccesoLatinoOrg\",\"https:\\\/\\\/x.com\\\/FAccLatino\"]},{\"@type\":\"Person\",\"@id\":\"https:\\\/\\\/accesolatino.org\\\/#\\\/schema\\\/person\\\/57bc3bfd2c357610a5255490ca4cd305\",\"name\":\"Noticias\"}]}<\/script>\n<!-- \/ Yoast SEO plugin. -->","yoast_head_json":{"title":"USCIS publishes statement on the implementation of DACA under the final rule","description":"El Servicio de Ciudadan\u00eda e Inmigraci\u00f3n public\u00f3 un comunicado sobre la implementaci\u00f3n limitada de DACA bajo la regla final.","robots":{"index":"index","follow":"follow","max-snippet":"max-snippet:-1","max-image-preview":"max-image-preview:large","max-video-preview":"max-video-preview:-1"},"canonical":"https:\/\/accesolatino.org\/en\/uscis-publica-comunicado-sobre-la-implementacion-de-daca-bajo-la-regla-final\/noticias\/","og_locale":"en_US","og_type":"article","og_title":"USCIS publica comunicado sobre la implementaci\u00f3n de DACA bajo la regla final | Acceso Latino","og_description":"El Servicio de Ciudadan\u00eda e Inmigraci\u00f3n public\u00f3 un comunicado sobre la implementaci\u00f3n limitada de DACA bajo la regla final.","og_url":"https:\/\/accesolatino.org\/en\/uscis-publica-comunicado-sobre-la-implementacion-de-daca-bajo-la-regla-final\/noticias\/","og_site_name":"Acceso Latino","article_publisher":"https:\/\/www.facebook.com\/AccesoLatinoOrg","article_published_time":"2022-11-11T11:42:00+00:00","article_modified_time":"2025-10-22T00:56:46+00:00","og_image":[{"width":1000,"height":700,"url":"https:\/\/accesolatino.org\/wp-content\/uploads\/2022\/11\/DHS-comienza-a-implementar-DACA-bajo-la-regla-que-autoriza-tra\u0301mites-a-quienes-ya-esta\u0301n-registrados.png","type":"image\/png"}],"author":"Noticias","twitter_card":"summary_large_image","twitter_title":"USCIS publica comunicado sobre la implementaci\u00f3n de DACA bajo la regla final | Acceso Latino","twitter_description":"El Servicio de Ciudadan\u00eda e Inmigraci\u00f3n public\u00f3 un comunicado sobre la implementaci\u00f3n limitada de DACA bajo la regla final.","twitter_image":"https:\/\/accesolatino.org\/wp-content\/uploads\/2022\/11\/DHS-comienza-a-implementar-DACA-bajo-la-regla-que-autoriza-tra\u0301mites-a-quienes-ya-esta\u0301n-registrados.png","twitter_creator":"@FAccLatino","twitter_site":"@FAccLatino","twitter_misc":{"Written by":"Noticias","Est. reading time":"2 minutes"},"schema":{"@context":"https:\/\/schema.org","@graph":[{"@type":"Article","@id":"https:\/\/accesolatino.org\/uscis-publica-comunicado-sobre-la-implementacion-de-daca-bajo-la-regla-final\/noticias\/#article","isPartOf":{"@id":"https:\/\/accesolatino.org\/uscis-publica-comunicado-sobre-la-implementacion-de-daca-bajo-la-regla-final\/noticias\/"},"author":{"name":"Noticias","@id":"https:\/\/accesolatino.org\/#\/schema\/person\/57bc3bfd2c357610a5255490ca4cd305"},"headline":"USCIS publica comunicado sobre la implementaci\u00f3n de DACA bajo la regla final","datePublished":"2022-11-11T11:42:00+00:00","dateModified":"2025-10-22T00:56:46+00:00","mainEntityOfPage":{"@id":"https:\/\/accesolatino.org\/uscis-publica-comunicado-sobre-la-implementacion-de-daca-bajo-la-regla-final\/noticias\/"},"wordCount":368,"commentCount":0,"publisher":{"@id":"https:\/\/accesolatino.org\/#organization"},"image":{"@id":"https:\/\/accesolatino.org\/uscis-publica-comunicado-sobre-la-implementacion-de-daca-bajo-la-regla-final\/noticias\/#primaryimage"},"thumbnailUrl":"https:\/\/accesolatino.org\/wp-content\/uploads\/2022\/11\/DHS-comienza-a-implementar-DACA-bajo-la-regla-que-autoriza-tra\u0301mites-a-quienes-ya-esta\u0301n-registrados.png","keywords":["DACA","DHS","Final Rule","Regla final","USCIS"],"articleSection":["Noticias"],"inLanguage":"en-US","potentialAction":[{"@type":"CommentAction","name":"Comment","target":["https:\/\/accesolatino.org\/uscis-publica-comunicado-sobre-la-implementacion-de-daca-bajo-la-regla-final\/noticias\/#respond"]}]},{"@type":"WebPage","@id":"https:\/\/accesolatino.org\/uscis-publica-comunicado-sobre-la-implementacion-de-daca-bajo-la-regla-final\/noticias\/","url":"https:\/\/accesolatino.org\/uscis-publica-comunicado-sobre-la-implementacion-de-daca-bajo-la-regla-final\/noticias\/","name":"USCIS publishes statement on the implementation of DACA under the final rule","isPartOf":{"@id":"https:\/\/accesolatino.org\/#website"},"primaryImageOfPage":{"@id":"https:\/\/accesolatino.org\/uscis-publica-comunicado-sobre-la-implementacion-de-daca-bajo-la-regla-final\/noticias\/#primaryimage"},"image":{"@id":"https:\/\/accesolatino.org\/uscis-publica-comunicado-sobre-la-implementacion-de-daca-bajo-la-regla-final\/noticias\/#primaryimage"},"thumbnailUrl":"https:\/\/accesolatino.org\/wp-content\/uploads\/2022\/11\/DHS-comienza-a-implementar-DACA-bajo-la-regla-que-autoriza-tra\u0301mites-a-quienes-ya-esta\u0301n-registrados.png","datePublished":"2022-11-11T11:42:00+00:00","dateModified":"2025-10-22T00:56:46+00:00","description":"El Servicio de Ciudadan\u00eda e Inmigraci\u00f3n public\u00f3 un comunicado sobre la implementaci\u00f3n limitada de DACA bajo la regla final.","breadcrumb":{"@id":"https:\/\/accesolatino.org\/uscis-publica-comunicado-sobre-la-implementacion-de-daca-bajo-la-regla-final\/noticias\/#breadcrumb"},"inLanguage":"en-US","potentialAction":[{"@type":"ReadAction","target":["https:\/\/accesolatino.org\/uscis-publica-comunicado-sobre-la-implementacion-de-daca-bajo-la-regla-final\/noticias\/"]}]},{"@type":"ImageObject","inLanguage":"en-US","@id":"https:\/\/accesolatino.org\/uscis-publica-comunicado-sobre-la-implementacion-de-daca-bajo-la-regla-final\/noticias\/#primaryimage","url":"https:\/\/accesolatino.org\/wp-content\/uploads\/2022\/11\/DHS-comienza-a-implementar-DACA-bajo-la-regla-que-autoriza-tra\u0301mites-a-quienes-ya-esta\u0301n-registrados.png","contentUrl":"https:\/\/accesolatino.org\/wp-content\/uploads\/2022\/11\/DHS-comienza-a-implementar-DACA-bajo-la-regla-que-autoriza-tra\u0301mites-a-quienes-ya-esta\u0301n-registrados.png","width":1000,"height":700},{"@type":"BreadcrumbList","@id":"https:\/\/accesolatino.org\/uscis-publica-comunicado-sobre-la-implementacion-de-daca-bajo-la-regla-final\/noticias\/#breadcrumb","itemListElement":[{"@type":"ListItem","position":1,"name":"Portada","item":"https:\/\/accesolatino.org\/"},{"@type":"ListItem","position":2,"name":"Noticias","item":"https:\/\/accesolatino.org\/category\/noticias\/"},{"@type":"ListItem","position":3,"name":"USCIS publica comunicado sobre la implementaci\u00f3n de DACA bajo la regla final"}]},{"@type":"WebSite","@id":"https:\/\/accesolatino.org\/#website","url":"https:\/\/accesolatino.org\/","name":"Acceso Latino | Fundaci\u00f3n Carlos Slim","description":"Fundaci\u00f3n Carlos Slim","publisher":{"@id":"https:\/\/accesolatino.org\/#organization"},"potentialAction":[{"@type":"SearchAction","target":{"@type":"EntryPoint","urlTemplate":"https:\/\/accesolatino.org\/?s={search_term_string}"},"query-input":{"@type":"PropertyValueSpecification","valueRequired":true,"valueName":"search_term_string"}}],"inLanguage":"en-US"},{"@type":"Organization","@id":"https:\/\/accesolatino.org\/#organization","name":"Acceso Latino | Fundaci\u00f3n Carlos Slim","url":"https:\/\/accesolatino.org\/","logo":{"@type":"ImageObject","inLanguage":"en-US","@id":"https:\/\/accesolatino.org\/#\/schema\/logo\/image\/","url":"https:\/\/accesolatino.org\/wp-content\/uploads\/2021\/02\/logo-footer-acceso-latino.png","contentUrl":"https:\/\/accesolatino.org\/wp-content\/uploads\/2021\/02\/logo-footer-acceso-latino.png","width":240,"height":40,"caption":"Acceso Latino | Fundaci\u00f3n Carlos Slim"},"image":{"@id":"https:\/\/accesolatino.org\/#\/schema\/logo\/image\/"},"sameAs":["https:\/\/www.facebook.com\/AccesoLatinoOrg","https:\/\/x.com\/FAccLatino"]},{"@type":"Person","@id":"https:\/\/accesolatino.org\/#\/schema\/person\/57bc3bfd2c357610a5255490ca4cd305","name":"News"}]}},"_links":{"self":[{"href":"https:\/\/accesolatino.org\/en\/wp-json\/wp\/v2\/posts\/44294","targetHints":{"allow":["GET"]}}],"collection":[{"href":"https:\/\/accesolatino.org\/en\/wp-json\/wp\/v2\/posts"}],"about":[{"href":"https:\/\/accesolatino.org\/en\/wp-json\/wp\/v2\/types\/post"}],"author":[{"embeddable":true,"href":"https:\/\/accesolatino.org\/en\/wp-json\/wp\/v2\/users\/13"}],"replies":[{"embeddable":true,"href":"https:\/\/accesolatino.org\/en\/wp-json\/wp\/v2\/comments?post=44294"}],"version-history":[{"count":1,"href":"https:\/\/accesolatino.org\/en\/wp-json\/wp\/v2\/posts\/44294\/revisions"}],"predecessor-version":[{"id":64650,"href":"https:\/\/accesolatino.org\/en\/wp-json\/wp\/v2\/posts\/44294\/revisions\/64650"}],"wp:featuredmedia":[{"embeddable":true,"href":"https:\/\/accesolatino.org\/en\/wp-json\/wp\/v2\/media\/44295"}],"wp:attachment":[{"href":"https:\/\/accesolatino.org\/en\/wp-json\/wp\/v2\/media?parent=44294"}],"wp:term":[{"taxonomy":"category","embeddable":true,"href":"https:\/\/accesolatino.org\/en\/wp-json\/wp\/v2\/categories?post=44294"},{"taxonomy":"post_tag","embeddable":true,"href":"https:\/\/accesolatino.org\/en\/wp-json\/wp\/v2\/tags?post=44294"}],"curies":[{"name":"wp","href":"https:\/\/api.w.org\/{rel}","templated":true}]}}