{"id":43709,"date":"2022-09-27T08:34:00","date_gmt":"2022-09-27T13:34:00","guid":{"rendered":"https:\/\/accesolatino.org\/?p=43709"},"modified":"2025-10-21T19:20:31","modified_gmt":"2025-10-22T01:20:31","slug":"mlb-conmemora-la-contribucion-de-la-comunidad-latina-durante-el-mes-de-la-herencia-hispana","status":"publish","type":"post","link":"https:\/\/accesolatino.org\/en\/mlb-conmemora-la-contribucion-de-la-comunidad-latina-durante-el-mes-de-la-herencia-hispana\/testimoniales\/","title":{"rendered":"MLB conmemora la contribuci\u00f3n de la comunidad latina durante el Mes de la Herencia Hispana"},"content":{"rendered":"<div data-elementor-type=\"wp-post\" data-elementor-id=\"43709\" class=\"elementor elementor-43709\">\n\t\t\t\t\t\t<section class=\"elementor-section elementor-top-section elementor-element elementor-element-3be06cdf elementor-section-boxed elementor-section-height-default elementor-section-height-default wpr-particle-no wpr-jarallax-no wpr-parallax-no wpr-sticky-section-no wpr-equal-height-no\" data-id=\"3be06cdf\" data-element_type=\"section\" data-e-type=\"section\">\n\t\t\t\t\t\t<div class=\"elementor-container elementor-column-gap-default\">\n\t\t\t\t\t<div class=\"elementor-column elementor-col-100 elementor-top-column elementor-element elementor-element-1eceb292\" data-id=\"1eceb292\" data-element_type=\"column\" data-e-type=\"column\">\n\t\t\t<div class=\"elementor-widget-wrap elementor-element-populated\">\n\t\t\t\t\t\t<div class=\"elementor-element elementor-element-220ff0a4 elementor-widget elementor-widget-heading\" data-id=\"220ff0a4\" data-element_type=\"widget\" data-e-type=\"widget\" data-widget_type=\"heading.default\">\n\t\t\t\t<div class=\"elementor-widget-container\">\n\t\t\t\t\t<h2 class=\"elementor-heading-title elementor-size-default\">La Mayor League Baseball (MLB) celebra la comunidad y la cultura latina al estrenar una docuserie Fuera del Ballpark durante el Mes de la Herencia Hispana.<\/h2>\t\t\t\t<\/div>\n\t\t\t\t<\/div>\n\t\t\t\t\t<\/div>\n\t\t<\/div>\n\t\t\t\t\t<\/div>\n\t\t<\/section>\n\t\t\t\t<section class=\"elementor-section elementor-top-section elementor-element elementor-element-5deaf9b5 elementor-section-boxed elementor-section-height-default elementor-section-height-default wpr-particle-no wpr-jarallax-no wpr-parallax-no wpr-sticky-section-no wpr-equal-height-no\" data-id=\"5deaf9b5\" data-element_type=\"section\" data-e-type=\"section\">\n\t\t\t\t\t\t<div class=\"elementor-container elementor-column-gap-default\">\n\t\t\t\t\t<div class=\"elementor-column elementor-col-100 elementor-top-column elementor-element elementor-element-2b645387\" data-id=\"2b645387\" data-element_type=\"column\" data-e-type=\"column\">\n\t\t\t<div class=\"elementor-widget-wrap elementor-element-populated\">\n\t\t\t\t\t\t<div class=\"elementor-element elementor-element-ee7525d elementor-widget elementor-widget-text-editor\" data-id=\"ee7525d\" data-element_type=\"widget\" data-e-type=\"widget\" data-widget_type=\"text-editor.default\">\n\t\t\t\t<div class=\"elementor-widget-container\">\n\t\t\t\t\t\t\t\t\t<p>La MLB celebra con orgullo el impacto de la comunidad latinoamericana y sus contribuciones para el desarrollo del beisbol en Estados Unidos. Para ello han creado contenido especial que destaca las historias y personajes relevantes que han logrado que la comunidad latina sea parte importante de la MLB.<\/p><p>De esta forma, MLB Originals estren\u00f3 la nueva docuserie \u201cFuera del Ballpark\u201d de tres episodios, que contar\u00e1 la historia de beisbolistas latinoamericanos destacados y su influencia fuera de los campos de juego.\u00a0 Entre ellos se encuentra el filme &#8220;Clemente x Siempre&#8221; que cuenta la historia de Roberto Clemente, uno de los beisbolistas puertorrique\u00f1os y latinos m\u00e1s destacados de la historia del beisbol.<\/p>\t\t\t\t\t\t\t\t<\/div>\n\t\t\t\t<\/div>\n\t\t\t\t\t<\/div>\n\t\t<\/div>\n\t\t\t\t\t<\/div>\n\t\t<\/section>\n\t\t\t\t<section class=\"elementor-section elementor-top-section elementor-element elementor-element-1f22174a elementor-section-boxed elementor-section-height-default elementor-section-height-default wpr-particle-no wpr-jarallax-no wpr-parallax-no wpr-sticky-section-no wpr-equal-height-no\" data-id=\"1f22174a\" data-element_type=\"section\" data-e-type=\"section\">\n\t\t\t\t\t\t<div class=\"elementor-container elementor-column-gap-default\">\n\t\t\t\t\t<div class=\"elementor-column elementor-col-50 elementor-top-column elementor-element elementor-element-c471c2a\" data-id=\"c471c2a\" data-element_type=\"column\" data-e-type=\"column\">\n\t\t\t<div class=\"elementor-widget-wrap elementor-element-populated\">\n\t\t\t\t\t\t<div class=\"elementor-element elementor-element-7c88ebd elementor-widget elementor-widget-image\" data-id=\"7c88ebd\" data-element_type=\"widget\" data-e-type=\"widget\" data-widget_type=\"image.default\">\n\t\t\t\t<div class=\"elementor-widget-container\">\n\t\t\t\t\t\t\t\t\t\t\t\t\t\t\t<img fetchpriority=\"high\" decoding=\"async\" width=\"1000\" height=\"463\" src=\"https:\/\/accesolatino.org\/wp-content\/uploads\/2022\/09\/PW-Mes-de-la-Herencia-Hispana-Clemente-x-siempre.png\" class=\"attachment-full size-full wp-image-43710\" alt=\"\" srcset=\"https:\/\/accesolatino.org\/wp-content\/uploads\/2022\/09\/PW-Mes-de-la-Herencia-Hispana-Clemente-x-siempre.png 1000w, https:\/\/accesolatino.org\/wp-content\/uploads\/2022\/09\/PW-Mes-de-la-Herencia-Hispana-Clemente-x-siempre-300x139.png 300w, https:\/\/accesolatino.org\/wp-content\/uploads\/2022\/09\/PW-Mes-de-la-Herencia-Hispana-Clemente-x-siempre-768x356.png 768w, https:\/\/accesolatino.org\/wp-content\/uploads\/2022\/09\/PW-Mes-de-la-Herencia-Hispana-Clemente-x-siempre-18x8.png 18w\" sizes=\"(max-width: 1000px) 100vw, 1000px\" \/>\t\t\t\t\t\t\t\t\t\t\t\t\t\t\t<\/div>\n\t\t\t\t<\/div>\n\t\t\t\t\t<\/div>\n\t\t<\/div>\n\t\t\t\t<div class=\"elementor-column elementor-col-50 elementor-top-column elementor-element elementor-element-6b778506\" data-id=\"6b778506\" data-element_type=\"column\" data-e-type=\"column\">\n\t\t\t<div class=\"elementor-widget-wrap elementor-element-populated\">\n\t\t\t\t\t\t<div class=\"elementor-element elementor-element-34b06010 elementor-widget elementor-widget-text-editor\" data-id=\"34b06010\" data-element_type=\"widget\" data-e-type=\"widget\" data-widget_type=\"text-editor.default\">\n\t\t\t\t<div class=\"elementor-widget-container\">\n\t\t\t\t\t\t\t\t\t<p>Clemente x Siempre, cuenta la historia de dos artistas de distintas generaciones que se inspiraron en el legado de Roberto Clemente para lograr un impacto en sus comunidades.\u00a0 El resultado es la fusi\u00f3n de dos estilos art\u00edsticos para la creaci\u00f3n de un mural en honor a Clemente.<\/p><p>Por otra parte, los otros dos episodios\/filmes de Fuera del Ball Park, ser\u00e1n estrenados durante el Mes de la Herencia Hispana y estar\u00e1n disponibles en MLB.TV y en el canal oficial de YouTube de la MLB: <a href=\"https:\/\/www.youtube.com\/c\/mlb\">https:\/\/www.youtube.com\/c\/mlb<\/a>.<\/p>\t\t\t\t\t\t\t\t<\/div>\n\t\t\t\t<\/div>\n\t\t\t\t\t<\/div>\n\t\t<\/div>\n\t\t\t\t\t<\/div>\n\t\t<\/section>\n\t\t\t\t<section class=\"elementor-section elementor-top-section elementor-element elementor-element-700c11be elementor-section-boxed elementor-section-height-default elementor-section-height-default wpr-particle-no wpr-jarallax-no wpr-parallax-no wpr-sticky-section-no wpr-equal-height-no\" data-id=\"700c11be\" data-element_type=\"section\" data-e-type=\"section\">\n\t\t\t\t\t\t<div class=\"elementor-container elementor-column-gap-default\">\n\t\t\t\t\t<div class=\"elementor-column elementor-col-100 elementor-top-column elementor-element elementor-element-31c081e6\" data-id=\"31c081e6\" data-element_type=\"column\" data-e-type=\"column\">\n\t\t\t<div class=\"elementor-widget-wrap elementor-element-populated\">\n\t\t\t\t\t\t<div class=\"elementor-element elementor-element-62da1355 elementor-widget elementor-widget-text-editor\" data-id=\"62da1355\" data-element_type=\"widget\" data-e-type=\"widget\" data-widget_type=\"text-editor.default\">\n\t\t\t\t<div class=\"elementor-widget-container\">\n\t\t\t\t\t\t\t\t\t<p>Por otra parte, la mayor\u00eda de los equipos, tanto de la Liga Nacional como de la Liga Americana, han realizado eventos y actividades relacionadas con el Mes de la Herencia Hispana. Por ejemplo, Los Angeles Dodgers realizar dos D\u00eda De Los Dodgers Community Heroe, donde entregaran reconocimientos a miembros de la comunidad hispana.<\/p><p>Otros equipos han creado art\u00edculos y prendas conmemorativos al Mes de la Herencia Hispana. Por ejemplo, el 14 de septiembre los jugadores de Seattle Mariners utilizaron en juego un jersey con el nombre \u201cMarineros\u201d bordado al frente.<\/p>\t\t\t\t\t\t\t\t<\/div>\n\t\t\t\t<\/div>\n\t\t\t\t\t<\/div>\n\t\t<\/div>\n\t\t\t\t\t<\/div>\n\t\t<\/section>\n\t\t\t\t<section class=\"elementor-section elementor-top-section elementor-element elementor-element-3526a278 elementor-section-boxed elementor-section-height-default elementor-section-height-default wpr-particle-no wpr-jarallax-no wpr-parallax-no wpr-sticky-section-no wpr-equal-height-no\" data-id=\"3526a278\" data-element_type=\"section\" data-e-type=\"section\">\n\t\t\t\t\t\t<div class=\"elementor-container elementor-column-gap-default\">\n\t\t\t\t\t<div class=\"elementor-column elementor-col-100 elementor-top-column elementor-element elementor-element-253ab1a3\" data-id=\"253ab1a3\" data-element_type=\"column\" data-e-type=\"column\">\n\t\t\t<div class=\"elementor-widget-wrap elementor-element-populated\">\n\t\t\t\t\t\t<div class=\"elementor-element elementor-element-476a96cf elementor-widget elementor-widget-toggle\" data-id=\"476a96cf\" data-element_type=\"widget\" data-e-type=\"widget\" data-widget_type=\"toggle.default\">\n\t\t\t\t<div class=\"elementor-widget-container\">\n\t\t\t\t\t\t\t<div class=\"elementor-toggle\">\n\t\t\t\t\t\t\t<div class=\"elementor-toggle-item\">\n\t\t\t\t\t<div id=\"elementor-tab-title-1191\" class=\"elementor-tab-title\" data-tab=\"1\" role=\"button\" aria-controls=\"elementor-tab-content-1191\" aria-expanded=\"false\">\n\t\t\t\t\t\t\t\t\t\t\t\t<span class=\"elementor-toggle-icon elementor-toggle-icon-left\" aria-hidden=\"true\">\n\t\t\t\t\t\t\t\t\t\t\t\t\t\t\t<span class=\"elementor-toggle-icon-closed\"><i class=\"fas fa-caret-right\"><\/i><\/span>\n\t\t\t\t\t\t\t\t<span class=\"elementor-toggle-icon-opened\"><i class=\"elementor-toggle-icon-opened fas fa-caret-up\"><\/i><\/span>\n\t\t\t\t\t\t\t\t\t\t\t\t\t<\/span>\n\t\t\t\t\t\t\t\t\t\t\t\t<a class=\"elementor-toggle-title\" tabindex=\"0\">BIBLIOGRAPHY<\/a>\n\t\t\t\t\t<\/div>\n\n\t\t\t\t\t<div id=\"elementor-tab-content-1191\" class=\"elementor-tab-content elementor-clearfix\" data-tab=\"1\" role=\"region\" aria-labelledby=\"elementor-tab-title-1191\"><p><strong>MLB<\/strong><\/p><p><a href=\"https:\/\/www.mlb.com\/press-release\/press-release-mlb-celebrates-latino-culture-community-during-hispanic-heritage-m\">https:\/\/www.mlb.com\/press-release\/press-release-mlb-celebrates-latino-culture-community-during-hispanic-heritage-m<\/a><\/p><\/div>\n\t\t\t\t<\/div>\n\t\t\t\t\t\t\t\t<\/div>\n\t\t\t\t\t\t<\/div>\n\t\t\t\t<\/div>\n\t\t\t\t\t<\/div>\n\t\t<\/div>\n\t\t\t\t\t<\/div>\n\t\t<\/section>\n\t\t\t\t<\/div>","protected":false},"excerpt":{"rendered":"<p>La Mayor League Baseball (MLB) celebra la comunidad y la cultura latina al estrenar una docuserie Fuera del Ballpark durante el Mes de la Herencia Hispana.<\/p>","protected":false},"author":14,"featured_media":43710,"comment_status":"open","ping_status":"open","sticky":false,"template":"","format":"standard","meta":{"_uf_show_specific_survey":0,"_uf_disable_surveys":false,"footnotes":""},"categories":[9,30],"tags":[1274,1741,87,1705,86,795,1740],"class_list":["post-43709","post","type-post","status-publish","format-standard","has-post-thumbnail","hentry","category-orgullo-latino","category-testimoniales","tag-comunidad-latina","tag-fuera-del-ballpark","tag-inmigrantes","tag-mes-de-la-herencia-hispana","tag-migrantes","tag-mlb","tag-roberto-clemente"],"aioseo_notices":[],"yoast_head":"<!-- This site is optimized with the Yoast SEO plugin v27.5 - https:\/\/yoast.com\/product\/yoast-seo-wordpress\/ -->\n<title>MLB conmemora la contribuci\u00f3n de la comunidad latina durante el Mes de la Herencia Hispana<\/title>\n<meta name=\"description\" content=\"MLB y sus equipos conmemoran la contribuci\u00f3n de la comunidad latina durante el Mes Nacional de la Herencia Hispana.\" \/>\n<meta name=\"robots\" content=\"index, follow, max-snippet:-1, max-image-preview:large, max-video-preview:-1\" \/>\n<link rel=\"canonical\" href=\"https:\/\/accesolatino.org\/en\/mlb-conmemora-la-contribucion-de-la-comunidad-latina-durante-el-mes-de-la-herencia-hispana\/testimoniales\/\" \/>\n<meta property=\"og:locale\" content=\"en_US\" \/>\n<meta property=\"og:type\" content=\"article\" \/>\n<meta property=\"og:title\" content=\"MLB conmemora la contribuci\u00f3n de la comunidad latina durante el Mes de la Herencia Hispana | Acceso Latino\" \/>\n<meta property=\"og:description\" content=\"MLB y sus equipos conmemoran la contribuci\u00f3n de la comunidad latina durante el Mes Nacional de la Herencia Hispana.\" \/>\n<meta property=\"og:url\" content=\"https:\/\/accesolatino.org\/en\/mlb-conmemora-la-contribucion-de-la-comunidad-latina-durante-el-mes-de-la-herencia-hispana\/testimoniales\/\" \/>\n<meta property=\"og:site_name\" content=\"Acceso Latino\" \/>\n<meta property=\"article:publisher\" content=\"https:\/\/www.facebook.com\/AccesoLatinoOrg\" \/>\n<meta property=\"article:published_time\" content=\"2022-09-27T13:34:00+00:00\" \/>\n<meta property=\"article:modified_time\" content=\"2025-10-22T01:20:31+00:00\" \/>\n<meta property=\"og:image\" content=\"https:\/\/accesolatino.org\/wp-content\/uploads\/2022\/09\/PW-Mes-de-la-Herencia-Hispana-Clemente-x-siempre.png\" \/>\n\t<meta property=\"og:image:width\" content=\"1000\" \/>\n\t<meta property=\"og:image:height\" content=\"463\" \/>\n\t<meta property=\"og:image:type\" content=\"image\/png\" \/>\n<meta name=\"author\" content=\"Testimoniales\" \/>\n<meta name=\"twitter:card\" content=\"summary_large_image\" \/>\n<meta name=\"twitter:title\" content=\"MLB conmemora la contribuci\u00f3n de la comunidad latina durante el Mes de la Herencia Hispana | Acceso Latino\" \/>\n<meta name=\"twitter:description\" content=\"MLB y sus equipos conmemoran la contribuci\u00f3n de la comunidad latina durante el Mes Nacional de la Herencia Hispana.\" \/>\n<meta name=\"twitter:image\" content=\"https:\/\/accesolatino.org\/wp-content\/uploads\/2022\/09\/PW-Mes-de-la-Herencia-Hispana-Clemente-x-siempre.png\" \/>\n<meta name=\"twitter:creator\" content=\"@FAccLatino\" \/>\n<meta name=\"twitter:site\" content=\"@FAccLatino\" \/>\n<meta name=\"twitter:label1\" content=\"Written by\" \/>\n\t<meta name=\"twitter:data1\" content=\"Testimoniales\" \/>\n\t<meta name=\"twitter:label2\" content=\"Est. reading time\" \/>\n\t<meta name=\"twitter:data2\" content=\"2 minutes\" \/>\n<script type=\"application\/ld+json\" class=\"yoast-schema-graph\">{\"@context\":\"https:\\\/\\\/schema.org\",\"@graph\":[{\"@type\":\"Article\",\"@id\":\"https:\\\/\\\/accesolatino.org\\\/mlb-conmemora-la-contribucion-de-la-comunidad-latina-durante-el-mes-de-la-herencia-hispana\\\/testimoniales\\\/#article\",\"isPartOf\":{\"@id\":\"https:\\\/\\\/accesolatino.org\\\/mlb-conmemora-la-contribucion-de-la-comunidad-latina-durante-el-mes-de-la-herencia-hispana\\\/testimoniales\\\/\"},\"author\":{\"name\":\"Testimoniales\",\"@id\":\"https:\\\/\\\/accesolatino.org\\\/#\\\/schema\\\/person\\\/79c29837daea856f29afadee8243315d\"},\"headline\":\"MLB conmemora la contribuci\u00f3n de la comunidad latina durante el Mes de la Herencia Hispana\",\"datePublished\":\"2022-09-27T13:34:00+00:00\",\"dateModified\":\"2025-10-22T01:20:31+00:00\",\"mainEntityOfPage\":{\"@id\":\"https:\\\/\\\/accesolatino.org\\\/mlb-conmemora-la-contribucion-de-la-comunidad-latina-durante-el-mes-de-la-herencia-hispana\\\/testimoniales\\\/\"},\"wordCount\":353,\"commentCount\":0,\"publisher\":{\"@id\":\"https:\\\/\\\/accesolatino.org\\\/#organization\"},\"image\":{\"@id\":\"https:\\\/\\\/accesolatino.org\\\/mlb-conmemora-la-contribucion-de-la-comunidad-latina-durante-el-mes-de-la-herencia-hispana\\\/testimoniales\\\/#primaryimage\"},\"thumbnailUrl\":\"https:\\\/\\\/accesolatino.org\\\/wp-content\\\/uploads\\\/2022\\\/09\\\/PW-Mes-de-la-Herencia-Hispana-Clemente-x-siempre.png\",\"keywords\":[\"Comunidad latina\",\"Fuera del Ballpark\",\"Inmigrantes\",\"Mes de la Herencia Hispana\",\"Migrantes\",\"MLB\",\"Roberto Clemente\"],\"articleSection\":[\"Orgullo Latino\",\"Testimoniales\"],\"inLanguage\":\"en-US\",\"potentialAction\":[{\"@type\":\"CommentAction\",\"name\":\"Comment\",\"target\":[\"https:\\\/\\\/accesolatino.org\\\/mlb-conmemora-la-contribucion-de-la-comunidad-latina-durante-el-mes-de-la-herencia-hispana\\\/testimoniales\\\/#respond\"]}]},{\"@type\":\"WebPage\",\"@id\":\"https:\\\/\\\/accesolatino.org\\\/mlb-conmemora-la-contribucion-de-la-comunidad-latina-durante-el-mes-de-la-herencia-hispana\\\/testimoniales\\\/\",\"url\":\"https:\\\/\\\/accesolatino.org\\\/mlb-conmemora-la-contribucion-de-la-comunidad-latina-durante-el-mes-de-la-herencia-hispana\\\/testimoniales\\\/\",\"name\":\"MLB conmemora la contribuci\u00f3n de la comunidad latina durante el Mes de la Herencia Hispana\",\"isPartOf\":{\"@id\":\"https:\\\/\\\/accesolatino.org\\\/#website\"},\"primaryImageOfPage\":{\"@id\":\"https:\\\/\\\/accesolatino.org\\\/mlb-conmemora-la-contribucion-de-la-comunidad-latina-durante-el-mes-de-la-herencia-hispana\\\/testimoniales\\\/#primaryimage\"},\"image\":{\"@id\":\"https:\\\/\\\/accesolatino.org\\\/mlb-conmemora-la-contribucion-de-la-comunidad-latina-durante-el-mes-de-la-herencia-hispana\\\/testimoniales\\\/#primaryimage\"},\"thumbnailUrl\":\"https:\\\/\\\/accesolatino.org\\\/wp-content\\\/uploads\\\/2022\\\/09\\\/PW-Mes-de-la-Herencia-Hispana-Clemente-x-siempre.png\",\"datePublished\":\"2022-09-27T13:34:00+00:00\",\"dateModified\":\"2025-10-22T01:20:31+00:00\",\"description\":\"MLB y sus equipos conmemoran la contribuci\u00f3n de la comunidad latina durante el Mes Nacional de la Herencia Hispana.\",\"breadcrumb\":{\"@id\":\"https:\\\/\\\/accesolatino.org\\\/mlb-conmemora-la-contribucion-de-la-comunidad-latina-durante-el-mes-de-la-herencia-hispana\\\/testimoniales\\\/#breadcrumb\"},\"inLanguage\":\"en-US\",\"potentialAction\":[{\"@type\":\"ReadAction\",\"target\":[\"https:\\\/\\\/accesolatino.org\\\/mlb-conmemora-la-contribucion-de-la-comunidad-latina-durante-el-mes-de-la-herencia-hispana\\\/testimoniales\\\/\"]}]},{\"@type\":\"ImageObject\",\"inLanguage\":\"en-US\",\"@id\":\"https:\\\/\\\/accesolatino.org\\\/mlb-conmemora-la-contribucion-de-la-comunidad-latina-durante-el-mes-de-la-herencia-hispana\\\/testimoniales\\\/#primaryimage\",\"url\":\"https:\\\/\\\/accesolatino.org\\\/wp-content\\\/uploads\\\/2022\\\/09\\\/PW-Mes-de-la-Herencia-Hispana-Clemente-x-siempre.png\",\"contentUrl\":\"https:\\\/\\\/accesolatino.org\\\/wp-content\\\/uploads\\\/2022\\\/09\\\/PW-Mes-de-la-Herencia-Hispana-Clemente-x-siempre.png\",\"width\":1000,\"height\":463},{\"@type\":\"BreadcrumbList\",\"@id\":\"https:\\\/\\\/accesolatino.org\\\/mlb-conmemora-la-contribucion-de-la-comunidad-latina-durante-el-mes-de-la-herencia-hispana\\\/testimoniales\\\/#breadcrumb\",\"itemListElement\":[{\"@type\":\"ListItem\",\"position\":1,\"name\":\"Portada\",\"item\":\"https:\\\/\\\/accesolatino.org\\\/\"},{\"@type\":\"ListItem\",\"position\":2,\"name\":\"Testimoniales\",\"item\":\"https:\\\/\\\/accesolatino.org\\\/category\\\/testimoniales\\\/\"},{\"@type\":\"ListItem\",\"position\":3,\"name\":\"MLB conmemora la contribuci\u00f3n de la comunidad latina durante el Mes de la Herencia Hispana\"}]},{\"@type\":\"WebSite\",\"@id\":\"https:\\\/\\\/accesolatino.org\\\/#website\",\"url\":\"https:\\\/\\\/accesolatino.org\\\/\",\"name\":\"Acceso Latino | Fundaci\u00f3n Carlos Slim\",\"description\":\"Fundaci\u00f3n Carlos Slim\",\"publisher\":{\"@id\":\"https:\\\/\\\/accesolatino.org\\\/#organization\"},\"potentialAction\":[{\"@type\":\"SearchAction\",\"target\":{\"@type\":\"EntryPoint\",\"urlTemplate\":\"https:\\\/\\\/accesolatino.org\\\/?s={search_term_string}\"},\"query-input\":{\"@type\":\"PropertyValueSpecification\",\"valueRequired\":true,\"valueName\":\"search_term_string\"}}],\"inLanguage\":\"en-US\"},{\"@type\":\"Organization\",\"@id\":\"https:\\\/\\\/accesolatino.org\\\/#organization\",\"name\":\"Acceso Latino | Fundaci\u00f3n Carlos Slim\",\"url\":\"https:\\\/\\\/accesolatino.org\\\/\",\"logo\":{\"@type\":\"ImageObject\",\"inLanguage\":\"en-US\",\"@id\":\"https:\\\/\\\/accesolatino.org\\\/#\\\/schema\\\/logo\\\/image\\\/\",\"url\":\"https:\\\/\\\/accesolatino.org\\\/wp-content\\\/uploads\\\/2021\\\/02\\\/logo-footer-acceso-latino.png\",\"contentUrl\":\"https:\\\/\\\/accesolatino.org\\\/wp-content\\\/uploads\\\/2021\\\/02\\\/logo-footer-acceso-latino.png\",\"width\":240,\"height\":40,\"caption\":\"Acceso Latino | Fundaci\u00f3n Carlos Slim\"},\"image\":{\"@id\":\"https:\\\/\\\/accesolatino.org\\\/#\\\/schema\\\/logo\\\/image\\\/\"},\"sameAs\":[\"https:\\\/\\\/www.facebook.com\\\/AccesoLatinoOrg\",\"https:\\\/\\\/x.com\\\/FAccLatino\"]},{\"@type\":\"Person\",\"@id\":\"https:\\\/\\\/accesolatino.org\\\/#\\\/schema\\\/person\\\/79c29837daea856f29afadee8243315d\",\"name\":\"Testimoniales\"}]}<\/script>\n<!-- \/ Yoast SEO plugin. -->","yoast_head_json":{"title":"MLB conmemora la contribuci\u00f3n de la comunidad latina durante el Mes de la Herencia Hispana","description":"MLB y sus equipos conmemoran la contribuci\u00f3n de la comunidad latina durante el Mes Nacional de la Herencia Hispana.","robots":{"index":"index","follow":"follow","max-snippet":"max-snippet:-1","max-image-preview":"max-image-preview:large","max-video-preview":"max-video-preview:-1"},"canonical":"https:\/\/accesolatino.org\/en\/mlb-conmemora-la-contribucion-de-la-comunidad-latina-durante-el-mes-de-la-herencia-hispana\/testimoniales\/","og_locale":"en_US","og_type":"article","og_title":"MLB conmemora la contribuci\u00f3n de la comunidad latina durante el Mes de la Herencia Hispana | Acceso Latino","og_description":"MLB y sus equipos conmemoran la contribuci\u00f3n de la comunidad latina durante el Mes Nacional de la Herencia Hispana.","og_url":"https:\/\/accesolatino.org\/en\/mlb-conmemora-la-contribucion-de-la-comunidad-latina-durante-el-mes-de-la-herencia-hispana\/testimoniales\/","og_site_name":"Acceso Latino","article_publisher":"https:\/\/www.facebook.com\/AccesoLatinoOrg","article_published_time":"2022-09-27T13:34:00+00:00","article_modified_time":"2025-10-22T01:20:31+00:00","og_image":[{"width":1000,"height":463,"url":"https:\/\/accesolatino.org\/wp-content\/uploads\/2022\/09\/PW-Mes-de-la-Herencia-Hispana-Clemente-x-siempre.png","type":"image\/png"}],"author":"Testimoniales","twitter_card":"summary_large_image","twitter_title":"MLB conmemora la contribuci\u00f3n de la comunidad latina durante el Mes de la Herencia Hispana | Acceso Latino","twitter_description":"MLB y sus equipos conmemoran la contribuci\u00f3n de la comunidad latina durante el Mes Nacional de la Herencia Hispana.","twitter_image":"https:\/\/accesolatino.org\/wp-content\/uploads\/2022\/09\/PW-Mes-de-la-Herencia-Hispana-Clemente-x-siempre.png","twitter_creator":"@FAccLatino","twitter_site":"@FAccLatino","twitter_misc":{"Written by":"Testimoniales","Est. reading time":"2 minutes"},"schema":{"@context":"https:\/\/schema.org","@graph":[{"@type":"Article","@id":"https:\/\/accesolatino.org\/mlb-conmemora-la-contribucion-de-la-comunidad-latina-durante-el-mes-de-la-herencia-hispana\/testimoniales\/#article","isPartOf":{"@id":"https:\/\/accesolatino.org\/mlb-conmemora-la-contribucion-de-la-comunidad-latina-durante-el-mes-de-la-herencia-hispana\/testimoniales\/"},"author":{"name":"Testimoniales","@id":"https:\/\/accesolatino.org\/#\/schema\/person\/79c29837daea856f29afadee8243315d"},"headline":"MLB conmemora la contribuci\u00f3n de la comunidad latina durante el Mes de la Herencia Hispana","datePublished":"2022-09-27T13:34:00+00:00","dateModified":"2025-10-22T01:20:31+00:00","mainEntityOfPage":{"@id":"https:\/\/accesolatino.org\/mlb-conmemora-la-contribucion-de-la-comunidad-latina-durante-el-mes-de-la-herencia-hispana\/testimoniales\/"},"wordCount":353,"commentCount":0,"publisher":{"@id":"https:\/\/accesolatino.org\/#organization"},"image":{"@id":"https:\/\/accesolatino.org\/mlb-conmemora-la-contribucion-de-la-comunidad-latina-durante-el-mes-de-la-herencia-hispana\/testimoniales\/#primaryimage"},"thumbnailUrl":"https:\/\/accesolatino.org\/wp-content\/uploads\/2022\/09\/PW-Mes-de-la-Herencia-Hispana-Clemente-x-siempre.png","keywords":["Comunidad latina","Fuera del Ballpark","Inmigrantes","Mes de la Herencia Hispana","Migrantes","MLB","Roberto Clemente"],"articleSection":["Orgullo Latino","Testimoniales"],"inLanguage":"en-US","potentialAction":[{"@type":"CommentAction","name":"Comment","target":["https:\/\/accesolatino.org\/mlb-conmemora-la-contribucion-de-la-comunidad-latina-durante-el-mes-de-la-herencia-hispana\/testimoniales\/#respond"]}]},{"@type":"WebPage","@id":"https:\/\/accesolatino.org\/mlb-conmemora-la-contribucion-de-la-comunidad-latina-durante-el-mes-de-la-herencia-hispana\/testimoniales\/","url":"https:\/\/accesolatino.org\/mlb-conmemora-la-contribucion-de-la-comunidad-latina-durante-el-mes-de-la-herencia-hispana\/testimoniales\/","name":"MLB conmemora la contribuci\u00f3n de la comunidad latina durante el Mes de la Herencia Hispana","isPartOf":{"@id":"https:\/\/accesolatino.org\/#website"},"primaryImageOfPage":{"@id":"https:\/\/accesolatino.org\/mlb-conmemora-la-contribucion-de-la-comunidad-latina-durante-el-mes-de-la-herencia-hispana\/testimoniales\/#primaryimage"},"image":{"@id":"https:\/\/accesolatino.org\/mlb-conmemora-la-contribucion-de-la-comunidad-latina-durante-el-mes-de-la-herencia-hispana\/testimoniales\/#primaryimage"},"thumbnailUrl":"https:\/\/accesolatino.org\/wp-content\/uploads\/2022\/09\/PW-Mes-de-la-Herencia-Hispana-Clemente-x-siempre.png","datePublished":"2022-09-27T13:34:00+00:00","dateModified":"2025-10-22T01:20:31+00:00","description":"MLB y sus equipos conmemoran la contribuci\u00f3n de la comunidad latina durante el Mes Nacional de la Herencia Hispana.","breadcrumb":{"@id":"https:\/\/accesolatino.org\/mlb-conmemora-la-contribucion-de-la-comunidad-latina-durante-el-mes-de-la-herencia-hispana\/testimoniales\/#breadcrumb"},"inLanguage":"en-US","potentialAction":[{"@type":"ReadAction","target":["https:\/\/accesolatino.org\/mlb-conmemora-la-contribucion-de-la-comunidad-latina-durante-el-mes-de-la-herencia-hispana\/testimoniales\/"]}]},{"@type":"ImageObject","inLanguage":"en-US","@id":"https:\/\/accesolatino.org\/mlb-conmemora-la-contribucion-de-la-comunidad-latina-durante-el-mes-de-la-herencia-hispana\/testimoniales\/#primaryimage","url":"https:\/\/accesolatino.org\/wp-content\/uploads\/2022\/09\/PW-Mes-de-la-Herencia-Hispana-Clemente-x-siempre.png","contentUrl":"https:\/\/accesolatino.org\/wp-content\/uploads\/2022\/09\/PW-Mes-de-la-Herencia-Hispana-Clemente-x-siempre.png","width":1000,"height":463},{"@type":"BreadcrumbList","@id":"https:\/\/accesolatino.org\/mlb-conmemora-la-contribucion-de-la-comunidad-latina-durante-el-mes-de-la-herencia-hispana\/testimoniales\/#breadcrumb","itemListElement":[{"@type":"ListItem","position":1,"name":"Portada","item":"https:\/\/accesolatino.org\/"},{"@type":"ListItem","position":2,"name":"Testimoniales","item":"https:\/\/accesolatino.org\/category\/testimoniales\/"},{"@type":"ListItem","position":3,"name":"MLB conmemora la contribuci\u00f3n de la comunidad latina durante el Mes de la Herencia Hispana"}]},{"@type":"WebSite","@id":"https:\/\/accesolatino.org\/#website","url":"https:\/\/accesolatino.org\/","name":"Acceso Latino | Fundaci\u00f3n Carlos Slim","description":"Fundaci\u00f3n Carlos Slim","publisher":{"@id":"https:\/\/accesolatino.org\/#organization"},"potentialAction":[{"@type":"SearchAction","target":{"@type":"EntryPoint","urlTemplate":"https:\/\/accesolatino.org\/?s={search_term_string}"},"query-input":{"@type":"PropertyValueSpecification","valueRequired":true,"valueName":"search_term_string"}}],"inLanguage":"en-US"},{"@type":"Organization","@id":"https:\/\/accesolatino.org\/#organization","name":"Acceso Latino | Fundaci\u00f3n Carlos Slim","url":"https:\/\/accesolatino.org\/","logo":{"@type":"ImageObject","inLanguage":"en-US","@id":"https:\/\/accesolatino.org\/#\/schema\/logo\/image\/","url":"https:\/\/accesolatino.org\/wp-content\/uploads\/2021\/02\/logo-footer-acceso-latino.png","contentUrl":"https:\/\/accesolatino.org\/wp-content\/uploads\/2021\/02\/logo-footer-acceso-latino.png","width":240,"height":40,"caption":"Acceso Latino | Fundaci\u00f3n Carlos Slim"},"image":{"@id":"https:\/\/accesolatino.org\/#\/schema\/logo\/image\/"},"sameAs":["https:\/\/www.facebook.com\/AccesoLatinoOrg","https:\/\/x.com\/FAccLatino"]},{"@type":"Person","@id":"https:\/\/accesolatino.org\/#\/schema\/person\/79c29837daea856f29afadee8243315d","name":"Testimonials"}]}},"_links":{"self":[{"href":"https:\/\/accesolatino.org\/en\/wp-json\/wp\/v2\/posts\/43709","targetHints":{"allow":["GET"]}}],"collection":[{"href":"https:\/\/accesolatino.org\/en\/wp-json\/wp\/v2\/posts"}],"about":[{"href":"https:\/\/accesolatino.org\/en\/wp-json\/wp\/v2\/types\/post"}],"author":[{"embeddable":true,"href":"https:\/\/accesolatino.org\/en\/wp-json\/wp\/v2\/users\/14"}],"replies":[{"embeddable":true,"href":"https:\/\/accesolatino.org\/en\/wp-json\/wp\/v2\/comments?post=43709"}],"version-history":[{"count":1,"href":"https:\/\/accesolatino.org\/en\/wp-json\/wp\/v2\/posts\/43709\/revisions"}],"predecessor-version":[{"id":64715,"href":"https:\/\/accesolatino.org\/en\/wp-json\/wp\/v2\/posts\/43709\/revisions\/64715"}],"wp:featuredmedia":[{"embeddable":true,"href":"https:\/\/accesolatino.org\/en\/wp-json\/wp\/v2\/media\/43710"}],"wp:attachment":[{"href":"https:\/\/accesolatino.org\/en\/wp-json\/wp\/v2\/media?parent=43709"}],"wp:term":[{"taxonomy":"category","embeddable":true,"href":"https:\/\/accesolatino.org\/en\/wp-json\/wp\/v2\/categories?post=43709"},{"taxonomy":"post_tag","embeddable":true,"href":"https:\/\/accesolatino.org\/en\/wp-json\/wp\/v2\/tags?post=43709"}],"curies":[{"name":"wp","href":"https:\/\/api.w.org\/{rel}","templated":true}]}}