{"id":38306,"date":"2021-07-29T09:00:00","date_gmt":"2021-07-29T14:00:00","guid":{"rendered":"https:\/\/accesolatino.org\/?p=38306"},"modified":"2025-10-24T15:43:36","modified_gmt":"2025-10-24T21:43:36","slug":"en-estas-lineas-telefonicas-recibiras-asesoria-y-apoyo-en-temas-migratorios","status":"publish","type":"post","link":"https:\/\/accesolatino.org\/en\/en-estas-lineas-telefonicas-recibiras-asesoria-y-apoyo-en-temas-migratorios\/orientacion-legal\/","title":{"rendered":"In these telephone lines you will receive advice and support on immigration issues"},"content":{"rendered":"<div data-elementor-type=\"wp-post\" data-elementor-id=\"38306\" class=\"elementor elementor-38306\">\n\t\t\t\t\t\t<section class=\"elementor-section elementor-top-section elementor-element elementor-element-a956c73 elementor-section-boxed elementor-section-height-default elementor-section-height-default wpr-particle-no wpr-jarallax-no wpr-parallax-no wpr-sticky-section-no wpr-equal-height-no\" data-id=\"a956c73\" data-element_type=\"section\" data-e-type=\"section\">\n\t\t\t\t\t\t<div class=\"elementor-container elementor-column-gap-default\">\n\t\t\t\t\t<div class=\"elementor-column elementor-col-100 elementor-top-column elementor-element elementor-element-321d5e77\" data-id=\"321d5e77\" data-element_type=\"column\" data-e-type=\"column\">\n\t\t\t<div class=\"elementor-widget-wrap elementor-element-populated\">\n\t\t\t\t\t\t<div class=\"elementor-element elementor-element-5f31fbf2 elementor-widget elementor-widget-heading\" data-id=\"5f31fbf2\" data-element_type=\"widget\" data-e-type=\"widget\" data-widget_type=\"heading.default\">\n\t\t\t\t<div class=\"elementor-widget-container\">\n\t\t\t\t\t<h2 class=\"elementor-heading-title elementor-size-default\">Acceso Latino brings you closer to the following organizations where you will find advice on Deferred Action for Childhood Arrivals (DACA), immigration processes, and other important information for the migrant community in the United States.<\/h2>\t\t\t\t<\/div>\n\t\t\t\t<\/div>\n\t\t\t\t\t<\/div>\n\t\t<\/div>\n\t\t\t\t\t<\/div>\n\t\t<\/section>\n\t\t\t\t<section class=\"elementor-section elementor-top-section elementor-element elementor-element-4731b467 elementor-section-boxed elementor-section-height-default elementor-section-height-default wpr-particle-no wpr-jarallax-no wpr-parallax-no wpr-sticky-section-no wpr-equal-height-no\" data-id=\"4731b467\" data-element_type=\"section\" data-e-type=\"section\">\n\t\t\t\t\t\t<div class=\"elementor-container elementor-column-gap-default\">\n\t\t\t\t\t<div class=\"elementor-column elementor-col-100 elementor-top-column elementor-element elementor-element-68ec6695\" data-id=\"68ec6695\" data-element_type=\"column\" data-e-type=\"column\">\n\t\t\t<div class=\"elementor-widget-wrap elementor-element-populated\">\n\t\t\t\t\t\t<div class=\"elementor-element elementor-element-4fabd1a0 elementor-widget elementor-widget-text-editor\" data-id=\"4fabd1a0\" data-element_type=\"widget\" data-e-type=\"widget\" data-widget_type=\"text-editor.default\">\n\t\t\t\t<div class=\"elementor-widget-container\">\n\t\t\t\t\t\t\t\t\t<p>For more information about this program and more services, you will find them in the section \u00a0<a href=\"https:\/\/accesolatino.org\/en\/orientacion-legal\/\">https:\/\/accesolatino.org\/en\/orientacion-legal\/<\/a> \u00a0\u00a0los encontrar\u00e1s.\u00a0<\/p>\t\t\t\t\t\t\t\t<\/div>\n\t\t\t\t<\/div>\n\t\t\t\t\t<\/div>\n\t\t<\/div>\n\t\t\t\t\t<\/div>\n\t\t<\/section>\n\t\t\t\t<section class=\"elementor-section elementor-top-section elementor-element elementor-element-77c093a9 elementor-section-boxed elementor-section-height-default elementor-section-height-default wpr-particle-no wpr-jarallax-no wpr-parallax-no wpr-sticky-section-no wpr-equal-height-no\" data-id=\"77c093a9\" data-element_type=\"section\" data-e-type=\"section\">\n\t\t\t\t\t\t<div class=\"elementor-container elementor-column-gap-default\">\n\t\t\t\t\t<div class=\"elementor-column elementor-col-50 elementor-top-column elementor-element elementor-element-5beb1676\" data-id=\"5beb1676\" data-element_type=\"column\" data-e-type=\"column\">\n\t\t\t<div class=\"elementor-widget-wrap elementor-element-populated\">\n\t\t\t\t\t\t<div class=\"elementor-element elementor-element-348172ab elementor-widget elementor-widget-image\" data-id=\"348172ab\" data-element_type=\"widget\" data-e-type=\"widget\" data-widget_type=\"image.default\">\n\t\t\t\t<div class=\"elementor-widget-container\">\n\t\t\t\t\t\t\t\t\t\t\t\t<figure class=\"wp-caption\">\n\t\t\t\t\t\t\t\t\t\t<img fetchpriority=\"high\" decoding=\"async\" width=\"800\" height=\"491\" src=\"https:\/\/accesolatino.org\/wp-content\/uploads\/2021\/07\/NALEO-educational-fund.png\" class=\"attachment-full size-full wp-image-37888\" alt=\"\" srcset=\"https:\/\/accesolatino.org\/wp-content\/uploads\/2021\/07\/NALEO-educational-fund.png 800w, https:\/\/accesolatino.org\/wp-content\/uploads\/2021\/07\/NALEO-educational-fund-300x184.png 300w, https:\/\/accesolatino.org\/wp-content\/uploads\/2021\/07\/NALEO-educational-fund-768x471.png 768w, https:\/\/accesolatino.org\/wp-content\/uploads\/2021\/07\/NALEO-educational-fund-16x10.png 16w\" sizes=\"(max-width: 800px) 100vw, 800px\" \/>\t\t\t\t\t\t\t\t\t\t\t<figcaption class=\"widget-image-caption wp-caption-text\">NALEO Educational Fund:  https:\/\/naleo.org\/<\/figcaption>\n\t\t\t\t\t\t\t\t\t\t<\/figure>\n\t\t\t\t\t\t\t\t\t<\/div>\n\t\t\t\t<\/div>\n\t\t\t\t\t<\/div>\n\t\t<\/div>\n\t\t\t\t<div class=\"elementor-column elementor-col-50 elementor-top-column elementor-element elementor-element-2afe411f\" data-id=\"2afe411f\" data-element_type=\"column\" data-e-type=\"column\">\n\t\t\t<div class=\"elementor-widget-wrap elementor-element-populated\">\n\t\t\t\t\t\t<div class=\"elementor-element elementor-element-5ee11705 elementor-widget elementor-widget-text-editor\" data-id=\"5ee11705\" data-element_type=\"widget\" data-e-type=\"widget\" data-widget_type=\"text-editor.default\">\n\t\t\t\t<div class=\"elementor-widget-container\">\n\t\t\t\t\t\t\t\t\t<p>The National Association of Elected Latinos or <a href=\"https:\/\/naleo.org\/\"><strong>NALEO<\/strong><\/a>, is a non-profit organization founded in 1976. NALEO is a leader in the fight for Latino participation in the political processes of the United States. Her goals include supporting Latino immigrants from obtaining citizenship to public service.<\/p><p>NALEO has a bilingual hotline that offers up-to-date information on the application process for US citizenship, DACA application, voting and more:\u00a0 <strong>888-839-8682.<\/strong><\/p><p><strong>\u00a0<\/strong>Learn more about NALEO and its support to the Latino community: <a href=\"https:\/\/naleo.org\/how-do-i\/\">https:\/\/naleo.org\/how-do-i\/<\/a><\/p>\t\t\t\t\t\t\t\t<\/div>\n\t\t\t\t<\/div>\n\t\t\t\t\t<\/div>\n\t\t<\/div>\n\t\t\t\t\t<\/div>\n\t\t<\/section>\n\t\t\t\t<section class=\"elementor-section elementor-top-section elementor-element elementor-element-39b930a elementor-section-boxed elementor-section-height-default elementor-section-height-default wpr-particle-no wpr-jarallax-no wpr-parallax-no wpr-sticky-section-no wpr-equal-height-no\" data-id=\"39b930a\" data-element_type=\"section\" data-e-type=\"section\">\n\t\t\t\t\t\t<div class=\"elementor-container elementor-column-gap-default\">\n\t\t\t\t\t<div class=\"elementor-column elementor-col-50 elementor-top-column elementor-element elementor-element-e7ded3b\" data-id=\"e7ded3b\" data-element_type=\"column\" data-e-type=\"column\">\n\t\t\t<div class=\"elementor-widget-wrap elementor-element-populated\">\n\t\t\t\t\t\t<div class=\"elementor-element elementor-element-fde85f8 elementor-widget elementor-widget-text-editor\" data-id=\"fde85f8\" data-element_type=\"widget\" data-e-type=\"widget\" data-widget_type=\"text-editor.default\">\n\t\t\t\t<div class=\"elementor-widget-container\">\n\t\t\t\t\t\t\t\t\t<p>Another initiative is\u00a0 <a href=\"https:\/\/unitedwedream.org\/heretostay\/know-your-power\/\"><strong>United We Dream<\/strong><\/a>, the largest youth-led community and its mission is to create welcoming spaces for immigrants regardless of their immigration status and involve them so that their voice is heard. Visit their website: <a href=\"https:\/\/unitedwedream.org\/\">https:\/\/unitedwedream.org\/<\/a><\/p><p>United We Dream is part of <strong>Migrawatch initiative<\/strong>, with a support hotline in cases of immigration detention and \/ or deportation. In addition, you can make a report on the activities of ICE (Immigration and Customs Enforcement) agents in your community. Their phone is: <strong>1-844-363-1423<\/strong>.<\/p><p>\u00a0<\/p>\t\t\t\t\t\t\t\t<\/div>\n\t\t\t\t<\/div>\n\t\t\t\t\t<\/div>\n\t\t<\/div>\n\t\t\t\t<div class=\"elementor-column elementor-col-50 elementor-top-column elementor-element elementor-element-e5f17a7\" data-id=\"e5f17a7\" data-element_type=\"column\" data-e-type=\"column\">\n\t\t\t<div class=\"elementor-widget-wrap elementor-element-populated\">\n\t\t\t\t\t\t<div class=\"elementor-element elementor-element-dbd63a0 elementor-widget elementor-widget-image\" data-id=\"dbd63a0\" data-element_type=\"widget\" data-e-type=\"widget\" data-widget_type=\"image.default\">\n\t\t\t\t<div class=\"elementor-widget-container\">\n\t\t\t\t\t\t\t\t\t\t\t\t<figure class=\"wp-caption\">\n\t\t\t\t\t\t\t\t\t\t<img decoding=\"async\" width=\"750\" height=\"500\" src=\"https:\/\/accesolatino.org\/wp-content\/uploads\/2021\/07\/dream-act-1.jpg\" class=\"attachment-full size-full wp-image-38311\" alt=\"\" srcset=\"https:\/\/accesolatino.org\/wp-content\/uploads\/2021\/07\/dream-act-1.jpg 750w, https:\/\/accesolatino.org\/wp-content\/uploads\/2021\/07\/dream-act-1-300x200.jpg 300w, https:\/\/accesolatino.org\/wp-content\/uploads\/2021\/07\/dream-act-1-16x12.jpg 16w\" sizes=\"(max-width: 750px) 100vw, 750px\" \/>\t\t\t\t\t\t\t\t\t\t\t<figcaption class=\"widget-image-caption wp-caption-text\">United We Dream: https:\/\/unitedwedream.org\/<\/figcaption>\n\t\t\t\t\t\t\t\t\t\t<\/figure>\n\t\t\t\t\t\t\t\t\t<\/div>\n\t\t\t\t<\/div>\n\t\t\t\t\t<\/div>\n\t\t<\/div>\n\t\t\t\t\t<\/div>\n\t\t<\/section>\n\t\t\t\t<section class=\"elementor-section elementor-top-section elementor-element elementor-element-baf5c1b elementor-section-boxed elementor-section-height-default elementor-section-height-default wpr-particle-no wpr-jarallax-no wpr-parallax-no wpr-sticky-section-no wpr-equal-height-no\" data-id=\"baf5c1b\" data-element_type=\"section\" data-e-type=\"section\">\n\t\t\t\t\t\t<div class=\"elementor-container elementor-column-gap-default\">\n\t\t\t\t\t<div class=\"elementor-column elementor-col-50 elementor-top-column elementor-element elementor-element-1d3d587\" data-id=\"1d3d587\" data-element_type=\"column\" data-e-type=\"column\">\n\t\t\t<div class=\"elementor-widget-wrap elementor-element-populated\">\n\t\t\t\t\t\t<div class=\"elementor-element elementor-element-5e070df elementor-widget elementor-widget-image\" data-id=\"5e070df\" data-element_type=\"widget\" data-e-type=\"widget\" data-widget_type=\"image.default\">\n\t\t\t\t<div class=\"elementor-widget-container\">\n\t\t\t\t\t\t\t\t\t\t\t\t<figure class=\"wp-caption\">\n\t\t\t\t\t\t\t\t\t\t<img decoding=\"async\" width=\"305\" height=\"72\" src=\"https:\/\/accesolatino.org\/wp-content\/uploads\/2021\/07\/logo_bottom.png\" class=\"attachment-full size-full wp-image-38309\" alt=\"\" srcset=\"https:\/\/accesolatino.org\/wp-content\/uploads\/2021\/07\/logo_bottom.png 305w, https:\/\/accesolatino.org\/wp-content\/uploads\/2021\/07\/logo_bottom-300x71.png 300w, https:\/\/accesolatino.org\/wp-content\/uploads\/2021\/07\/logo_bottom-16x4.png 16w\" sizes=\"(max-width: 305px) 100vw, 305px\" \/>\t\t\t\t\t\t\t\t\t\t\t<figcaption class=\"widget-image-caption wp-caption-text\">Hispanic Federation: https:\/\/hispanicfederation.org\/<\/figcaption>\n\t\t\t\t\t\t\t\t\t\t<\/figure>\n\t\t\t\t\t\t\t\t\t<\/div>\n\t\t\t\t<\/div>\n\t\t\t\t\t<\/div>\n\t\t<\/div>\n\t\t\t\t<div class=\"elementor-column elementor-col-50 elementor-top-column elementor-element elementor-element-69b4705\" data-id=\"69b4705\" data-element_type=\"column\" data-e-type=\"column\">\n\t\t\t<div class=\"elementor-widget-wrap elementor-element-populated\">\n\t\t\t\t\t\t<div class=\"elementor-element elementor-element-68ccf2b elementor-widget elementor-widget-text-editor\" data-id=\"68ccf2b\" data-element_type=\"widget\" data-e-type=\"widget\" data-widget_type=\"text-editor.default\">\n\t\t\t\t<div class=\"elementor-widget-container\">\n\t\t\t\t\t\t\t\t\t<p><strong>Hispanic Federation<\/strong> is another organization that supports Latinos. It was founded in 1990, with the goal of empowering and supporting Hispanic families through initiatives in education, health, immigration, civic engagement, economic empowerment, and the environment.\u00a0<\/p><p>It has telephone lines for direct support to Latino communities: <strong>1-844-432-9832 y 1-866 HF-AYUDA<\/strong>. Learn more about their important work at: <a href=\"https:\/\/hispanicfederation.org\/\">https:\/\/hispanicfederation.org\/<\/a><\/p>\t\t\t\t\t\t\t\t<\/div>\n\t\t\t\t<\/div>\n\t\t\t\t\t<\/div>\n\t\t<\/div>\n\t\t\t\t\t<\/div>\n\t\t<\/section>\n\t\t\t\t<section class=\"elementor-section elementor-top-section elementor-element elementor-element-4321f178 elementor-section-boxed elementor-section-height-default elementor-section-height-default wpr-particle-no wpr-jarallax-no wpr-parallax-no wpr-sticky-section-no wpr-equal-height-no\" data-id=\"4321f178\" data-element_type=\"section\" data-e-type=\"section\">\n\t\t\t\t\t\t<div class=\"elementor-container elementor-column-gap-default\">\n\t\t\t\t\t<div class=\"elementor-column elementor-col-100 elementor-top-column elementor-element elementor-element-c516005\" data-id=\"c516005\" data-element_type=\"column\" data-e-type=\"column\">\n\t\t\t<div class=\"elementor-widget-wrap elementor-element-populated\">\n\t\t\t\t\t\t<div class=\"elementor-element elementor-element-24ccb38f elementor-widget elementor-widget-toggle\" data-id=\"24ccb38f\" data-element_type=\"widget\" data-e-type=\"widget\" data-widget_type=\"toggle.default\">\n\t\t\t\t<div class=\"elementor-widget-container\">\n\t\t\t\t\t\t\t<div class=\"elementor-toggle\">\n\t\t\t\t\t\t\t<div class=\"elementor-toggle-item\">\n\t\t\t\t\t<div id=\"elementor-tab-title-6171\" class=\"elementor-tab-title\" data-tab=\"1\" role=\"button\" aria-controls=\"elementor-tab-content-6171\" aria-expanded=\"false\">\n\t\t\t\t\t\t\t\t\t\t\t\t<span class=\"elementor-toggle-icon elementor-toggle-icon-left\" aria-hidden=\"true\">\n\t\t\t\t\t\t\t\t\t\t\t\t\t\t\t<span class=\"elementor-toggle-icon-closed\"><i class=\"fas fa-caret-right\"><\/i><\/span>\n\t\t\t\t\t\t\t\t<span class=\"elementor-toggle-icon-opened\"><i class=\"elementor-toggle-icon-opened fas fa-caret-up\"><\/i><\/span>\n\t\t\t\t\t\t\t\t\t\t\t\t\t<\/span>\n\t\t\t\t\t\t\t\t\t\t\t\t<a class=\"elementor-toggle-title\" tabindex=\"0\">BIBLIOGRAPHY<\/a>\n\t\t\t\t\t<\/div>\n\n\t\t\t\t\t<div id=\"elementor-tab-content-6171\" class=\"elementor-tab-content elementor-clearfix\" data-tab=\"1\" role=\"region\" aria-labelledby=\"elementor-tab-title-6171\"><p><strong>NALEO<\/strong><\/p><p><a href=\"https:\/\/naleo.org\/how-do-i\/\">https:\/\/naleo.org\/how-do-i\/<\/a><\/p><p><strong>UNITED WE DREAM<\/strong><\/p><p><a href=\"https:\/\/unitedwedream.org\/\">https:\/\/unitedwedream.org\/<\/a><\/p><p><strong>\u00a0<\/strong><strong>HISPANIC FEDERATION<\/strong><\/p><p><a href=\"https:\/\/hispanicfederation.org\/programs\/\">https:\/\/hispanicfederation.org\/programs\/<\/a><\/p><\/div>\n\t\t\t\t<\/div>\n\t\t\t\t\t\t\t\t<\/div>\n\t\t\t\t\t\t<\/div>\n\t\t\t\t<\/div>\n\t\t\t\t\t<\/div>\n\t\t<\/div>\n\t\t\t\t\t<\/div>\n\t\t<\/section>\n\t\t\t\t<\/div>","protected":false},"excerpt":{"rendered":"<p>Acceso Latino brings you closer to the following organizations where you will find advice on Deferred Action for Childhood Arrivals (DACA), immigration processes, and other important information for the migrant community in the United States.<\/p>","protected":false},"author":13,"featured_media":38310,"comment_status":"open","ping_status":"open","sticky":false,"template":"","format":"standard","meta":{"_uf_show_specific_survey":0,"_uf_disable_surveys":false,"footnotes":""},"categories":[225],"tags":[131,68,61,87,86,335,141,439],"class_list":["post-38306","post","type-post","status-publish","format-standard","has-post-thumbnail","hentry","category-orientacion-legal","tag-apoyo-legal","tag-daca","tag-dreamers","tag-inmigrantes","tag-migrantes","tag-naleo","tag-orientacion-legal","tag-united-we-dream"],"aioseo_notices":[],"yoast_head":"<!-- This site is optimized with the Yoast SEO plugin v27.5 - https:\/\/yoast.com\/product\/yoast-seo-wordpress\/ -->\n<title>En estas l\u00edneas telef\u00f3nicas recibir\u00e1s asesor\u00eda y apoyo en temas migratorios<\/title>\n<meta name=\"description\" content=\"L\u00edneas telef\u00f3nicas especializadas en ofrecer asesor\u00eda legal y apoyo en temas migratorios, por parte de diversas organizaciones sin fines de lucro de EE.UU.\" \/>\n<meta name=\"robots\" content=\"index, follow, max-snippet:-1, max-image-preview:large, max-video-preview:-1\" \/>\n<link rel=\"canonical\" href=\"https:\/\/accesolatino.org\/en\/en-estas-lineas-telefonicas-recibiras-asesoria-y-apoyo-en-temas-migratorios\/orientacion-legal\/\" \/>\n<meta property=\"og:locale\" content=\"en_US\" \/>\n<meta property=\"og:type\" content=\"article\" \/>\n<meta property=\"og:title\" content=\"En estas l\u00edneas telef\u00f3nicas recibir\u00e1s asesor\u00eda y apoyo en temas migratorios | Acceso Latino\" \/>\n<meta property=\"og:description\" content=\"L\u00edneas telef\u00f3nicas especializadas en ofrecer asesor\u00eda legal y apoyo en temas migratorios, por parte de diversas organizaciones sin fines de lucro de EE.UU.\" \/>\n<meta property=\"og:url\" content=\"https:\/\/accesolatino.org\/en\/en-estas-lineas-telefonicas-recibiras-asesoria-y-apoyo-en-temas-migratorios\/orientacion-legal\/\" \/>\n<meta property=\"og:site_name\" content=\"Acceso Latino\" \/>\n<meta property=\"article:publisher\" content=\"https:\/\/www.facebook.com\/AccesoLatinoOrg\" \/>\n<meta property=\"article:published_time\" content=\"2021-07-29T14:00:00+00:00\" \/>\n<meta property=\"article:modified_time\" content=\"2025-10-24T21:43:36+00:00\" \/>\n<meta property=\"og:image\" content=\"https:\/\/accesolatino.org\/wp-content\/uploads\/2021\/07\/Tele\u0301fono-de-Ayuda.jpg\" \/>\n\t<meta property=\"og:image:width\" content=\"1000\" \/>\n\t<meta property=\"og:image:height\" content=\"667\" \/>\n\t<meta property=\"og:image:type\" content=\"image\/jpeg\" \/>\n<meta name=\"author\" content=\"Noticias\" \/>\n<meta name=\"twitter:card\" content=\"summary_large_image\" \/>\n<meta name=\"twitter:title\" content=\"En estas l\u00edneas telef\u00f3nicas recibir\u00e1s asesor\u00eda y apoyo en temas migratorios | Acceso Latino\" \/>\n<meta name=\"twitter:description\" content=\"L\u00edneas telef\u00f3nicas especializadas en ofrecer asesor\u00eda legal y apoyo en temas migratorios, por parte de diversas organizaciones sin fines de lucro de EE.UU.\" \/>\n<meta name=\"twitter:image\" content=\"https:\/\/accesolatino.org\/wp-content\/uploads\/2021\/07\/Tele\u0301fono-de-Ayuda.jpg\" \/>\n<meta name=\"twitter:creator\" content=\"@FAccLatino\" \/>\n<meta name=\"twitter:site\" content=\"@FAccLatino\" \/>\n<meta name=\"twitter:label1\" content=\"Written by\" \/>\n\t<meta name=\"twitter:data1\" content=\"Noticias\" \/>\n\t<meta name=\"twitter:label2\" content=\"Est. reading time\" \/>\n\t<meta name=\"twitter:data2\" content=\"3 minutes\" \/>\n<script type=\"application\/ld+json\" class=\"yoast-schema-graph\">{\"@context\":\"https:\\\/\\\/schema.org\",\"@graph\":[{\"@type\":\"Article\",\"@id\":\"https:\\\/\\\/accesolatino.org\\\/en-estas-lineas-telefonicas-recibiras-asesoria-y-apoyo-en-temas-migratorios\\\/orientacion-legal\\\/#article\",\"isPartOf\":{\"@id\":\"https:\\\/\\\/accesolatino.org\\\/en-estas-lineas-telefonicas-recibiras-asesoria-y-apoyo-en-temas-migratorios\\\/orientacion-legal\\\/\"},\"author\":{\"name\":\"Noticias\",\"@id\":\"https:\\\/\\\/accesolatino.org\\\/#\\\/schema\\\/person\\\/57bc3bfd2c357610a5255490ca4cd305\"},\"headline\":\"En estas l\u00edneas telef\u00f3nicas recibir\u00e1s asesor\u00eda y apoyo en temas migratorios\",\"datePublished\":\"2021-07-29T14:00:00+00:00\",\"dateModified\":\"2025-10-24T21:43:36+00:00\",\"mainEntityOfPage\":{\"@id\":\"https:\\\/\\\/accesolatino.org\\\/en-estas-lineas-telefonicas-recibiras-asesoria-y-apoyo-en-temas-migratorios\\\/orientacion-legal\\\/\"},\"wordCount\":413,\"commentCount\":0,\"publisher\":{\"@id\":\"https:\\\/\\\/accesolatino.org\\\/#organization\"},\"image\":{\"@id\":\"https:\\\/\\\/accesolatino.org\\\/en-estas-lineas-telefonicas-recibiras-asesoria-y-apoyo-en-temas-migratorios\\\/orientacion-legal\\\/#primaryimage\"},\"thumbnailUrl\":\"https:\\\/\\\/accesolatino.org\\\/wp-content\\\/uploads\\\/2021\\\/07\\\/Tele\u0301fono-de-Ayuda.jpg\",\"keywords\":[\"Apoyo legal\",\"DACA\",\"Dreamers\",\"Inmigrantes\",\"Migrantes\",\"NALEO\",\"Orientaci\u00f3n legal\",\"United We Dream\"],\"articleSection\":[\"Orientaci\u00f3n Legal\"],\"inLanguage\":\"en-US\",\"potentialAction\":[{\"@type\":\"CommentAction\",\"name\":\"Comment\",\"target\":[\"https:\\\/\\\/accesolatino.org\\\/en-estas-lineas-telefonicas-recibiras-asesoria-y-apoyo-en-temas-migratorios\\\/orientacion-legal\\\/#respond\"]}]},{\"@type\":\"WebPage\",\"@id\":\"https:\\\/\\\/accesolatino.org\\\/en-estas-lineas-telefonicas-recibiras-asesoria-y-apoyo-en-temas-migratorios\\\/orientacion-legal\\\/\",\"url\":\"https:\\\/\\\/accesolatino.org\\\/en-estas-lineas-telefonicas-recibiras-asesoria-y-apoyo-en-temas-migratorios\\\/orientacion-legal\\\/\",\"name\":\"En estas l\u00edneas telef\u00f3nicas recibir\u00e1s asesor\u00eda y apoyo en temas migratorios\",\"isPartOf\":{\"@id\":\"https:\\\/\\\/accesolatino.org\\\/#website\"},\"primaryImageOfPage\":{\"@id\":\"https:\\\/\\\/accesolatino.org\\\/en-estas-lineas-telefonicas-recibiras-asesoria-y-apoyo-en-temas-migratorios\\\/orientacion-legal\\\/#primaryimage\"},\"image\":{\"@id\":\"https:\\\/\\\/accesolatino.org\\\/en-estas-lineas-telefonicas-recibiras-asesoria-y-apoyo-en-temas-migratorios\\\/orientacion-legal\\\/#primaryimage\"},\"thumbnailUrl\":\"https:\\\/\\\/accesolatino.org\\\/wp-content\\\/uploads\\\/2021\\\/07\\\/Tele\u0301fono-de-Ayuda.jpg\",\"datePublished\":\"2021-07-29T14:00:00+00:00\",\"dateModified\":\"2025-10-24T21:43:36+00:00\",\"description\":\"L\u00edneas telef\u00f3nicas especializadas en ofrecer asesor\u00eda legal y apoyo en temas migratorios, por parte de diversas organizaciones sin fines de lucro de EE.UU.\",\"breadcrumb\":{\"@id\":\"https:\\\/\\\/accesolatino.org\\\/en-estas-lineas-telefonicas-recibiras-asesoria-y-apoyo-en-temas-migratorios\\\/orientacion-legal\\\/#breadcrumb\"},\"inLanguage\":\"en-US\",\"potentialAction\":[{\"@type\":\"ReadAction\",\"target\":[\"https:\\\/\\\/accesolatino.org\\\/en-estas-lineas-telefonicas-recibiras-asesoria-y-apoyo-en-temas-migratorios\\\/orientacion-legal\\\/\"]}]},{\"@type\":\"ImageObject\",\"inLanguage\":\"en-US\",\"@id\":\"https:\\\/\\\/accesolatino.org\\\/en-estas-lineas-telefonicas-recibiras-asesoria-y-apoyo-en-temas-migratorios\\\/orientacion-legal\\\/#primaryimage\",\"url\":\"https:\\\/\\\/accesolatino.org\\\/wp-content\\\/uploads\\\/2021\\\/07\\\/Tele\u0301fono-de-Ayuda.jpg\",\"contentUrl\":\"https:\\\/\\\/accesolatino.org\\\/wp-content\\\/uploads\\\/2021\\\/07\\\/Tele\u0301fono-de-Ayuda.jpg\",\"width\":1000,\"height\":667},{\"@type\":\"BreadcrumbList\",\"@id\":\"https:\\\/\\\/accesolatino.org\\\/en-estas-lineas-telefonicas-recibiras-asesoria-y-apoyo-en-temas-migratorios\\\/orientacion-legal\\\/#breadcrumb\",\"itemListElement\":[{\"@type\":\"ListItem\",\"position\":1,\"name\":\"Portada\",\"item\":\"https:\\\/\\\/accesolatino.org\\\/\"},{\"@type\":\"ListItem\",\"position\":2,\"name\":\"Orientaci\u00f3n Legal\",\"item\":\"https:\\\/\\\/accesolatino.org\\\/category\\\/orientacion-legal\\\/\"},{\"@type\":\"ListItem\",\"position\":3,\"name\":\"En estas l\u00edneas telef\u00f3nicas recibir\u00e1s asesor\u00eda y apoyo en temas migratorios\"}]},{\"@type\":\"WebSite\",\"@id\":\"https:\\\/\\\/accesolatino.org\\\/#website\",\"url\":\"https:\\\/\\\/accesolatino.org\\\/\",\"name\":\"Acceso Latino | Fundaci\u00f3n Carlos Slim\",\"description\":\"Fundaci\u00f3n Carlos Slim\",\"publisher\":{\"@id\":\"https:\\\/\\\/accesolatino.org\\\/#organization\"},\"potentialAction\":[{\"@type\":\"SearchAction\",\"target\":{\"@type\":\"EntryPoint\",\"urlTemplate\":\"https:\\\/\\\/accesolatino.org\\\/?s={search_term_string}\"},\"query-input\":{\"@type\":\"PropertyValueSpecification\",\"valueRequired\":true,\"valueName\":\"search_term_string\"}}],\"inLanguage\":\"en-US\"},{\"@type\":\"Organization\",\"@id\":\"https:\\\/\\\/accesolatino.org\\\/#organization\",\"name\":\"Acceso Latino | Fundaci\u00f3n Carlos Slim\",\"url\":\"https:\\\/\\\/accesolatino.org\\\/\",\"logo\":{\"@type\":\"ImageObject\",\"inLanguage\":\"en-US\",\"@id\":\"https:\\\/\\\/accesolatino.org\\\/#\\\/schema\\\/logo\\\/image\\\/\",\"url\":\"https:\\\/\\\/accesolatino.org\\\/wp-content\\\/uploads\\\/2021\\\/02\\\/logo-footer-acceso-latino.png\",\"contentUrl\":\"https:\\\/\\\/accesolatino.org\\\/wp-content\\\/uploads\\\/2021\\\/02\\\/logo-footer-acceso-latino.png\",\"width\":240,\"height\":40,\"caption\":\"Acceso Latino | Fundaci\u00f3n Carlos Slim\"},\"image\":{\"@id\":\"https:\\\/\\\/accesolatino.org\\\/#\\\/schema\\\/logo\\\/image\\\/\"},\"sameAs\":[\"https:\\\/\\\/www.facebook.com\\\/AccesoLatinoOrg\",\"https:\\\/\\\/x.com\\\/FAccLatino\"]},{\"@type\":\"Person\",\"@id\":\"https:\\\/\\\/accesolatino.org\\\/#\\\/schema\\\/person\\\/57bc3bfd2c357610a5255490ca4cd305\",\"name\":\"Noticias\"}]}<\/script>\n<!-- \/ Yoast SEO plugin. -->","yoast_head_json":{"title":"In these telephone lines you will receive advice and support on immigration issues","description":"L\u00edneas telef\u00f3nicas especializadas en ofrecer asesor\u00eda legal y apoyo en temas migratorios, por parte de diversas organizaciones sin fines de lucro de EE.UU.","robots":{"index":"index","follow":"follow","max-snippet":"max-snippet:-1","max-image-preview":"max-image-preview:large","max-video-preview":"max-video-preview:-1"},"canonical":"https:\/\/accesolatino.org\/en\/en-estas-lineas-telefonicas-recibiras-asesoria-y-apoyo-en-temas-migratorios\/orientacion-legal\/","og_locale":"en_US","og_type":"article","og_title":"En estas l\u00edneas telef\u00f3nicas recibir\u00e1s asesor\u00eda y apoyo en temas migratorios | Acceso Latino","og_description":"L\u00edneas telef\u00f3nicas especializadas en ofrecer asesor\u00eda legal y apoyo en temas migratorios, por parte de diversas organizaciones sin fines de lucro de EE.UU.","og_url":"https:\/\/accesolatino.org\/en\/en-estas-lineas-telefonicas-recibiras-asesoria-y-apoyo-en-temas-migratorios\/orientacion-legal\/","og_site_name":"Acceso Latino","article_publisher":"https:\/\/www.facebook.com\/AccesoLatinoOrg","article_published_time":"2021-07-29T14:00:00+00:00","article_modified_time":"2025-10-24T21:43:36+00:00","og_image":[{"width":1000,"height":667,"url":"https:\/\/accesolatino.org\/wp-content\/uploads\/2021\/07\/Tele\u0301fono-de-Ayuda.jpg","type":"image\/jpeg"}],"author":"Noticias","twitter_card":"summary_large_image","twitter_title":"En estas l\u00edneas telef\u00f3nicas recibir\u00e1s asesor\u00eda y apoyo en temas migratorios | Acceso Latino","twitter_description":"L\u00edneas telef\u00f3nicas especializadas en ofrecer asesor\u00eda legal y apoyo en temas migratorios, por parte de diversas organizaciones sin fines de lucro de EE.UU.","twitter_image":"https:\/\/accesolatino.org\/wp-content\/uploads\/2021\/07\/Tele\u0301fono-de-Ayuda.jpg","twitter_creator":"@FAccLatino","twitter_site":"@FAccLatino","twitter_misc":{"Written by":"Noticias","Est. reading time":"3 minutes"},"schema":{"@context":"https:\/\/schema.org","@graph":[{"@type":"Article","@id":"https:\/\/accesolatino.org\/en-estas-lineas-telefonicas-recibiras-asesoria-y-apoyo-en-temas-migratorios\/orientacion-legal\/#article","isPartOf":{"@id":"https:\/\/accesolatino.org\/en-estas-lineas-telefonicas-recibiras-asesoria-y-apoyo-en-temas-migratorios\/orientacion-legal\/"},"author":{"name":"Noticias","@id":"https:\/\/accesolatino.org\/#\/schema\/person\/57bc3bfd2c357610a5255490ca4cd305"},"headline":"En estas l\u00edneas telef\u00f3nicas recibir\u00e1s asesor\u00eda y apoyo en temas migratorios","datePublished":"2021-07-29T14:00:00+00:00","dateModified":"2025-10-24T21:43:36+00:00","mainEntityOfPage":{"@id":"https:\/\/accesolatino.org\/en-estas-lineas-telefonicas-recibiras-asesoria-y-apoyo-en-temas-migratorios\/orientacion-legal\/"},"wordCount":413,"commentCount":0,"publisher":{"@id":"https:\/\/accesolatino.org\/#organization"},"image":{"@id":"https:\/\/accesolatino.org\/en-estas-lineas-telefonicas-recibiras-asesoria-y-apoyo-en-temas-migratorios\/orientacion-legal\/#primaryimage"},"thumbnailUrl":"https:\/\/accesolatino.org\/wp-content\/uploads\/2021\/07\/Tele\u0301fono-de-Ayuda.jpg","keywords":["Apoyo legal","DACA","Dreamers","Inmigrantes","Migrantes","NALEO","Orientaci\u00f3n legal","United We Dream"],"articleSection":["Orientaci\u00f3n Legal"],"inLanguage":"en-US","potentialAction":[{"@type":"CommentAction","name":"Comment","target":["https:\/\/accesolatino.org\/en-estas-lineas-telefonicas-recibiras-asesoria-y-apoyo-en-temas-migratorios\/orientacion-legal\/#respond"]}]},{"@type":"WebPage","@id":"https:\/\/accesolatino.org\/en-estas-lineas-telefonicas-recibiras-asesoria-y-apoyo-en-temas-migratorios\/orientacion-legal\/","url":"https:\/\/accesolatino.org\/en-estas-lineas-telefonicas-recibiras-asesoria-y-apoyo-en-temas-migratorios\/orientacion-legal\/","name":"In these telephone lines you will receive advice and support on immigration issues","isPartOf":{"@id":"https:\/\/accesolatino.org\/#website"},"primaryImageOfPage":{"@id":"https:\/\/accesolatino.org\/en-estas-lineas-telefonicas-recibiras-asesoria-y-apoyo-en-temas-migratorios\/orientacion-legal\/#primaryimage"},"image":{"@id":"https:\/\/accesolatino.org\/en-estas-lineas-telefonicas-recibiras-asesoria-y-apoyo-en-temas-migratorios\/orientacion-legal\/#primaryimage"},"thumbnailUrl":"https:\/\/accesolatino.org\/wp-content\/uploads\/2021\/07\/Tele\u0301fono-de-Ayuda.jpg","datePublished":"2021-07-29T14:00:00+00:00","dateModified":"2025-10-24T21:43:36+00:00","description":"L\u00edneas telef\u00f3nicas especializadas en ofrecer asesor\u00eda legal y apoyo en temas migratorios, por parte de diversas organizaciones sin fines de lucro de EE.UU.","breadcrumb":{"@id":"https:\/\/accesolatino.org\/en-estas-lineas-telefonicas-recibiras-asesoria-y-apoyo-en-temas-migratorios\/orientacion-legal\/#breadcrumb"},"inLanguage":"en-US","potentialAction":[{"@type":"ReadAction","target":["https:\/\/accesolatino.org\/en-estas-lineas-telefonicas-recibiras-asesoria-y-apoyo-en-temas-migratorios\/orientacion-legal\/"]}]},{"@type":"ImageObject","inLanguage":"en-US","@id":"https:\/\/accesolatino.org\/en-estas-lineas-telefonicas-recibiras-asesoria-y-apoyo-en-temas-migratorios\/orientacion-legal\/#primaryimage","url":"https:\/\/accesolatino.org\/wp-content\/uploads\/2021\/07\/Tele\u0301fono-de-Ayuda.jpg","contentUrl":"https:\/\/accesolatino.org\/wp-content\/uploads\/2021\/07\/Tele\u0301fono-de-Ayuda.jpg","width":1000,"height":667},{"@type":"BreadcrumbList","@id":"https:\/\/accesolatino.org\/en-estas-lineas-telefonicas-recibiras-asesoria-y-apoyo-en-temas-migratorios\/orientacion-legal\/#breadcrumb","itemListElement":[{"@type":"ListItem","position":1,"name":"Portada","item":"https:\/\/accesolatino.org\/"},{"@type":"ListItem","position":2,"name":"Orientaci\u00f3n Legal","item":"https:\/\/accesolatino.org\/category\/orientacion-legal\/"},{"@type":"ListItem","position":3,"name":"En estas l\u00edneas telef\u00f3nicas recibir\u00e1s asesor\u00eda y apoyo en temas migratorios"}]},{"@type":"WebSite","@id":"https:\/\/accesolatino.org\/#website","url":"https:\/\/accesolatino.org\/","name":"Acceso Latino | Fundaci\u00f3n Carlos Slim","description":"Fundaci\u00f3n Carlos Slim","publisher":{"@id":"https:\/\/accesolatino.org\/#organization"},"potentialAction":[{"@type":"SearchAction","target":{"@type":"EntryPoint","urlTemplate":"https:\/\/accesolatino.org\/?s={search_term_string}"},"query-input":{"@type":"PropertyValueSpecification","valueRequired":true,"valueName":"search_term_string"}}],"inLanguage":"en-US"},{"@type":"Organization","@id":"https:\/\/accesolatino.org\/#organization","name":"Acceso Latino | Fundaci\u00f3n Carlos Slim","url":"https:\/\/accesolatino.org\/","logo":{"@type":"ImageObject","inLanguage":"en-US","@id":"https:\/\/accesolatino.org\/#\/schema\/logo\/image\/","url":"https:\/\/accesolatino.org\/wp-content\/uploads\/2021\/02\/logo-footer-acceso-latino.png","contentUrl":"https:\/\/accesolatino.org\/wp-content\/uploads\/2021\/02\/logo-footer-acceso-latino.png","width":240,"height":40,"caption":"Acceso Latino | Fundaci\u00f3n Carlos Slim"},"image":{"@id":"https:\/\/accesolatino.org\/#\/schema\/logo\/image\/"},"sameAs":["https:\/\/www.facebook.com\/AccesoLatinoOrg","https:\/\/x.com\/FAccLatino"]},{"@type":"Person","@id":"https:\/\/accesolatino.org\/#\/schema\/person\/57bc3bfd2c357610a5255490ca4cd305","name":"News"}]}},"_links":{"self":[{"href":"https:\/\/accesolatino.org\/en\/wp-json\/wp\/v2\/posts\/38306","targetHints":{"allow":["GET"]}}],"collection":[{"href":"https:\/\/accesolatino.org\/en\/wp-json\/wp\/v2\/posts"}],"about":[{"href":"https:\/\/accesolatino.org\/en\/wp-json\/wp\/v2\/types\/post"}],"author":[{"embeddable":true,"href":"https:\/\/accesolatino.org\/en\/wp-json\/wp\/v2\/users\/13"}],"replies":[{"embeddable":true,"href":"https:\/\/accesolatino.org\/en\/wp-json\/wp\/v2\/comments?post=38306"}],"version-history":[{"count":1,"href":"https:\/\/accesolatino.org\/en\/wp-json\/wp\/v2\/posts\/38306\/revisions"}],"predecessor-version":[{"id":65355,"href":"https:\/\/accesolatino.org\/en\/wp-json\/wp\/v2\/posts\/38306\/revisions\/65355"}],"wp:featuredmedia":[{"embeddable":true,"href":"https:\/\/accesolatino.org\/en\/wp-json\/wp\/v2\/media\/38310"}],"wp:attachment":[{"href":"https:\/\/accesolatino.org\/en\/wp-json\/wp\/v2\/media?parent=38306"}],"wp:term":[{"taxonomy":"category","embeddable":true,"href":"https:\/\/accesolatino.org\/en\/wp-json\/wp\/v2\/categories?post=38306"},{"taxonomy":"post_tag","embeddable":true,"href":"https:\/\/accesolatino.org\/en\/wp-json\/wp\/v2\/tags?post=38306"}],"curies":[{"name":"wp","href":"https:\/\/api.w.org\/{rel}","templated":true}]}}