{"id":37544,"date":"2021-06-30T09:33:44","date_gmt":"2021-06-30T14:33:44","guid":{"rendered":"https:\/\/accesolatino.org\/?p=37544"},"modified":"2025-10-24T16:23:30","modified_gmt":"2025-10-24T22:23:30","slug":"dreamers-encontraran-ayuda-legal-en-nuestra-herramienta-orientacion-legal","status":"publish","type":"post","link":"https:\/\/accesolatino.org\/en\/dreamers-encontraran-ayuda-legal-en-nuestra-herramienta-orientacion-legal\/orientacion-legal\/","title":{"rendered":"Dreamers will find legal help in our Legal Orientation tool"},"content":{"rendered":"<div data-elementor-type=\"wp-post\" data-elementor-id=\"37544\" class=\"elementor elementor-37544\">\n\t\t\t\t\t\t<section class=\"elementor-section elementor-top-section elementor-element elementor-element-44b97c89 elementor-section-boxed elementor-section-height-default elementor-section-height-default wpr-particle-no wpr-jarallax-no wpr-parallax-no wpr-sticky-section-no wpr-equal-height-no\" data-id=\"44b97c89\" data-element_type=\"section\" data-e-type=\"section\">\n\t\t\t\t\t\t<div class=\"elementor-container elementor-column-gap-default\">\n\t\t\t\t\t<div class=\"elementor-column elementor-col-100 elementor-top-column elementor-element elementor-element-c5aed4c\" data-id=\"c5aed4c\" data-element_type=\"column\" data-e-type=\"column\">\n\t\t\t<div class=\"elementor-widget-wrap elementor-element-populated\">\n\t\t\t\t\t\t<div class=\"elementor-element elementor-element-619dd2ed elementor-widget elementor-widget-heading\" data-id=\"619dd2ed\" data-element_type=\"widget\" data-e-type=\"widget\" data-widget_type=\"heading.default\">\n\t\t\t\t<div class=\"elementor-widget-container\">\n\t\t\t\t\t<h2 class=\"elementor-heading-title elementor-size-default\">Updates on the DACA program resumed at the beginning of the current administration<\/h2>\t\t\t\t<\/div>\n\t\t\t\t<\/div>\n\t\t\t\t\t<\/div>\n\t\t<\/div>\n\t\t\t\t\t<\/div>\n\t\t<\/section>\n\t\t\t\t<section class=\"elementor-section elementor-top-section elementor-element elementor-element-4b50c85 elementor-section-boxed elementor-section-height-default elementor-section-height-default wpr-particle-no wpr-jarallax-no wpr-parallax-no wpr-sticky-section-no wpr-equal-height-no\" data-id=\"4b50c85\" data-element_type=\"section\" data-e-type=\"section\">\n\t\t\t\t\t\t<div class=\"elementor-container elementor-column-gap-default\">\n\t\t\t\t\t<div class=\"elementor-column elementor-col-100 elementor-top-column elementor-element elementor-element-6e704dfc\" data-id=\"6e704dfc\" data-element_type=\"column\" data-e-type=\"column\">\n\t\t\t<div class=\"elementor-widget-wrap elementor-element-populated\">\n\t\t\t\t\t\t<div class=\"elementor-element elementor-element-3f4a86b7 elementor-widget elementor-widget-text-editor\" data-id=\"3f4a86b7\" data-element_type=\"widget\" data-e-type=\"widget\" data-widget_type=\"text-editor.default\">\n\t\t\t\t<div class=\"elementor-widget-container\">\n\t\t\t\t\t\t\t\t\t<p>From the beginning of his administration, President Joe Biden issued a memorandum on preserving and strengthening Deferred Action for Childhood Arrivals (DACA). The past administration began the annulment of DACA in September 2017, however, in January of this year the first applications since December 2017 were accepted.<\/p>\t\t\t\t\t\t\t\t<\/div>\n\t\t\t\t<\/div>\n\t\t\t\t\t<\/div>\n\t\t<\/div>\n\t\t\t\t\t<\/div>\n\t\t<\/section>\n\t\t\t\t<section class=\"elementor-section elementor-top-section elementor-element elementor-element-58d9fc79 elementor-section-boxed elementor-section-height-default elementor-section-height-default wpr-particle-no wpr-jarallax-no wpr-parallax-no wpr-sticky-section-no wpr-equal-height-no\" data-id=\"58d9fc79\" data-element_type=\"section\" data-e-type=\"section\">\n\t\t\t\t\t\t<div class=\"elementor-container elementor-column-gap-default\">\n\t\t\t\t\t<div class=\"elementor-column elementor-col-50 elementor-top-column elementor-element elementor-element-39f28db9\" data-id=\"39f28db9\" data-element_type=\"column\" data-e-type=\"column\">\n\t\t\t<div class=\"elementor-widget-wrap elementor-element-populated\">\n\t\t\t\t\t\t<div class=\"elementor-element elementor-element-53e7d25a elementor-widget elementor-widget-image\" data-id=\"53e7d25a\" data-element_type=\"widget\" data-e-type=\"widget\" data-widget_type=\"image.default\">\n\t\t\t\t<div class=\"elementor-widget-container\">\n\t\t\t\t\t\t\t\t\t\t\t\t\t\t\t<img fetchpriority=\"high\" decoding=\"async\" width=\"1726\" height=\"1204\" src=\"https:\/\/accesolatino.org\/wp-content\/uploads\/2021\/06\/SAUL_LOEB___AFP.jpg\" class=\"attachment-full size-full wp-image-37545\" alt=\"\" srcset=\"https:\/\/accesolatino.org\/wp-content\/uploads\/2021\/06\/SAUL_LOEB___AFP.jpg 1726w, https:\/\/accesolatino.org\/wp-content\/uploads\/2021\/06\/SAUL_LOEB___AFP-300x209.jpg 300w, https:\/\/accesolatino.org\/wp-content\/uploads\/2021\/06\/SAUL_LOEB___AFP-1024x714.jpg 1024w, https:\/\/accesolatino.org\/wp-content\/uploads\/2021\/06\/SAUL_LOEB___AFP-768x536.jpg 768w, https:\/\/accesolatino.org\/wp-content\/uploads\/2021\/06\/SAUL_LOEB___AFP-1536x1071.jpg 1536w, https:\/\/accesolatino.org\/wp-content\/uploads\/2021\/06\/SAUL_LOEB___AFP-16x12.jpg 16w\" sizes=\"(max-width: 1726px) 100vw, 1726px\" \/>\t\t\t\t\t\t\t\t\t\t\t\t\t\t\t<\/div>\n\t\t\t\t<\/div>\n\t\t\t\t\t<\/div>\n\t\t<\/div>\n\t\t\t\t<div class=\"elementor-column elementor-col-50 elementor-top-column elementor-element elementor-element-319270bd\" data-id=\"319270bd\" data-element_type=\"column\" data-e-type=\"column\">\n\t\t\t<div class=\"elementor-widget-wrap elementor-element-populated\">\n\t\t\t\t\t\t<div class=\"elementor-element elementor-element-4cc7ff1c elementor-widget elementor-widget-text-editor\" data-id=\"4cc7ff1c\" data-element_type=\"widget\" data-e-type=\"widget\" data-widget_type=\"text-editor.default\">\n\t\t\t\t<div class=\"elementor-widget-container\">\n\t\t\t\t\t\t\t\t\t<p>Acceso Latino provides information to <em>dreamers<\/em> and DACA recipients in the <a href=\"https:\/\/accesolatino.org\/en\/orientacion-legal\/\">Legal Guidance<\/a>. In this section you will find links to official information from the United States Citizenship and Immigration Services (USCIS), about the new measures on DACA beneficiaries.<\/p><p>You will also find information on organizations that offer advice on DACA to immigrants, such as the National Association of Elected Latinos (NALEO), which has a bilingual phone line to keep you informed and answer your questions about DACA.<\/p><p>\u00a0<\/p><p>Click on the following link to learn more: <a href=\"https:\/\/accesolatino.org\/en\/orientacion-legal\/\">https:\/\/accesolatino.org\/en\/orientacion-legal\/<\/a><\/p>\t\t\t\t\t\t\t\t<\/div>\n\t\t\t\t<\/div>\n\t\t\t\t\t<\/div>\n\t\t<\/div>\n\t\t\t\t\t<\/div>\n\t\t<\/section>\n\t\t\t\t<section class=\"elementor-section elementor-top-section elementor-element elementor-element-3dbf07ae elementor-section-boxed elementor-section-height-default elementor-section-height-default wpr-particle-no wpr-jarallax-no wpr-parallax-no wpr-sticky-section-no wpr-equal-height-no\" data-id=\"3dbf07ae\" data-element_type=\"section\" data-e-type=\"section\">\n\t\t\t\t\t\t<div class=\"elementor-container elementor-column-gap-default\">\n\t\t\t\t\t<div class=\"elementor-column elementor-col-100 elementor-top-column elementor-element elementor-element-1151f8\" data-id=\"1151f8\" data-element_type=\"column\" data-e-type=\"column\">\n\t\t\t<div class=\"elementor-widget-wrap elementor-element-populated\">\n\t\t\t\t\t\t<div class=\"elementor-element elementor-element-4576f3fe elementor-widget elementor-widget-toggle\" data-id=\"4576f3fe\" data-element_type=\"widget\" data-e-type=\"widget\" data-widget_type=\"toggle.default\">\n\t\t\t\t<div class=\"elementor-widget-container\">\n\t\t\t\t\t\t\t<div class=\"elementor-toggle\">\n\t\t\t\t\t\t\t<div class=\"elementor-toggle-item\">\n\t\t\t\t\t<div id=\"elementor-tab-title-1161\" class=\"elementor-tab-title\" data-tab=\"1\" role=\"button\" aria-controls=\"elementor-tab-content-1161\" aria-expanded=\"false\">\n\t\t\t\t\t\t\t\t\t\t\t\t<span class=\"elementor-toggle-icon elementor-toggle-icon-left\" aria-hidden=\"true\">\n\t\t\t\t\t\t\t\t\t\t\t\t\t\t\t<span class=\"elementor-toggle-icon-closed\"><i class=\"fas fa-caret-right\"><\/i><\/span>\n\t\t\t\t\t\t\t\t<span class=\"elementor-toggle-icon-opened\"><i class=\"elementor-toggle-icon-opened fas fa-caret-up\"><\/i><\/span>\n\t\t\t\t\t\t\t\t\t\t\t\t\t<\/span>\n\t\t\t\t\t\t\t\t\t\t\t\t<a class=\"elementor-toggle-title\" tabindex=\"0\">BIBLIOGRAPHY<\/a>\n\t\t\t\t\t<\/div>\n\n\t\t\t\t\t<div id=\"elementor-tab-content-1161\" class=\"elementor-tab-content elementor-clearfix\" data-tab=\"1\" role=\"region\" aria-labelledby=\"elementor-tab-title-1161\"><p><strong>USCIS<\/strong><\/p><p><a href=\"https:\/\/www.uscis.gov\/es\/programas-humanitarios\/consideracion-de-accion-diferida-para-los-llegados-en-la-infancia-daca\/preguntas-frecuentes\">https:\/\/www.uscis.gov\/es\/programas-humanitarios\/consideracion-de-accion-diferida-para-los-llegados-en-la-infancia-daca\/preguntas-frecuentes<\/a><\/p><\/div>\n\t\t\t\t<\/div>\n\t\t\t\t\t\t\t\t<\/div>\n\t\t\t\t\t\t<\/div>\n\t\t\t\t<\/div>\n\t\t\t\t\t<\/div>\n\t\t<\/div>\n\t\t\t\t\t<\/div>\n\t\t<\/section>\n\t\t\t\t<\/div>","protected":false},"excerpt":{"rendered":"<p>Orientaci\u00f3n Legal sobre DACA en Acceso Latino.<\/p>","protected":false},"author":8,"featured_media":37545,"comment_status":"open","ping_status":"open","sticky":false,"template":"","format":"standard","meta":{"_uf_show_specific_survey":0,"_uf_disable_surveys":false,"footnotes":""},"categories":[225],"tags":[269,68,61],"class_list":["post-37544","post","type-post","status-publish","format-standard","has-post-thumbnail","hentry","category-orientacion-legal","tag-accion-diferida-para-los-llegados-en-la-infancia","tag-daca","tag-dreamers"],"aioseo_notices":[],"yoast_head":"<!-- This site is optimized with the Yoast SEO plugin v27.5 - https:\/\/yoast.com\/product\/yoast-seo-wordpress\/ -->\n<title>Dreamers encontrar\u00e1n ayuda legal en nuestra herramienta Orientaci\u00f3n Legal<\/title>\n<meta name=\"description\" content=\"Orientaci\u00f3n Legal sobre DACA en Acceso Latino.\" \/>\n<meta name=\"robots\" content=\"index, follow, max-snippet:-1, max-image-preview:large, max-video-preview:-1\" \/>\n<link rel=\"canonical\" href=\"https:\/\/accesolatino.org\/en\/dreamers-encontraran-ayuda-legal-en-nuestra-herramienta-orientacion-legal\/orientacion-legal\/\" \/>\n<meta property=\"og:locale\" content=\"en_US\" \/>\n<meta property=\"og:type\" content=\"article\" \/>\n<meta property=\"og:title\" content=\"Acceso Latino | Dreamers encontrar\u00e1n ayuda legal en nuestra herramienta Orientaci\u00f3n Legal\" \/>\n<meta property=\"og:description\" content=\"Orientaci\u00f3n Legal sobre DACA en Acceso Latino.\" \/>\n<meta property=\"og:url\" content=\"https:\/\/accesolatino.org\/en\/dreamers-encontraran-ayuda-legal-en-nuestra-herramienta-orientacion-legal\/orientacion-legal\/\" \/>\n<meta property=\"og:site_name\" content=\"Acceso Latino\" \/>\n<meta property=\"article:publisher\" content=\"https:\/\/www.facebook.com\/AccesoLatinoOrg\" \/>\n<meta property=\"article:published_time\" content=\"2021-06-30T14:33:44+00:00\" \/>\n<meta property=\"article:modified_time\" content=\"2025-10-24T22:23:30+00:00\" \/>\n<meta property=\"og:image\" content=\"https:\/\/accesolatino.org\/wp-content\/uploads\/2021\/06\/SAUL_LOEB___AFP.jpg\" \/>\n\t<meta property=\"og:image:width\" content=\"1726\" \/>\n\t<meta property=\"og:image:height\" content=\"1204\" \/>\n\t<meta property=\"og:image:type\" content=\"image\/jpeg\" \/>\n<meta name=\"author\" content=\"Orientacion Orientacion\" \/>\n<meta name=\"twitter:card\" content=\"summary_large_image\" \/>\n<meta name=\"twitter:title\" content=\"Acceso Latino | Dreamers encontrar\u00e1n ayuda legal en nuestra herramienta Orientaci\u00f3n Legal\" \/>\n<meta name=\"twitter:description\" content=\"Orientaci\u00f3n Legal sobre DACA en Acceso Latino.\" \/>\n<meta name=\"twitter:image\" content=\"https:\/\/accesolatino.org\/wp-content\/uploads\/2021\/06\/SAUL_LOEB___AFP.jpg\" \/>\n<meta name=\"twitter:creator\" content=\"@FAccLatino\" \/>\n<meta name=\"twitter:site\" content=\"@FAccLatino\" \/>\n<meta name=\"twitter:label1\" content=\"Written by\" \/>\n\t<meta name=\"twitter:data1\" content=\"Orientacion Orientacion\" \/>\n\t<meta name=\"twitter:label2\" content=\"Est. reading time\" \/>\n\t<meta name=\"twitter:data2\" content=\"2 minutes\" \/>\n<script type=\"application\/ld+json\" class=\"yoast-schema-graph\">{\"@context\":\"https:\\\/\\\/schema.org\",\"@graph\":[{\"@type\":\"Article\",\"@id\":\"https:\\\/\\\/accesolatino.org\\\/dreamers-encontraran-ayuda-legal-en-nuestra-herramienta-orientacion-legal\\\/orientacion-legal\\\/#article\",\"isPartOf\":{\"@id\":\"https:\\\/\\\/accesolatino.org\\\/dreamers-encontraran-ayuda-legal-en-nuestra-herramienta-orientacion-legal\\\/orientacion-legal\\\/\"},\"author\":{\"name\":\"Orientacion Orientacion\",\"@id\":\"https:\\\/\\\/accesolatino.org\\\/#\\\/schema\\\/person\\\/cbf7a2e54351694cd139bd382de2fcbb\"},\"headline\":\"Dreamers encontrar\u00e1n ayuda legal en nuestra herramienta Orientaci\u00f3n Legal\",\"datePublished\":\"2021-06-30T14:33:44+00:00\",\"dateModified\":\"2025-10-24T22:23:30+00:00\",\"mainEntityOfPage\":{\"@id\":\"https:\\\/\\\/accesolatino.org\\\/dreamers-encontraran-ayuda-legal-en-nuestra-herramienta-orientacion-legal\\\/orientacion-legal\\\/\"},\"wordCount\":207,\"commentCount\":0,\"publisher\":{\"@id\":\"https:\\\/\\\/accesolatino.org\\\/#organization\"},\"image\":{\"@id\":\"https:\\\/\\\/accesolatino.org\\\/dreamers-encontraran-ayuda-legal-en-nuestra-herramienta-orientacion-legal\\\/orientacion-legal\\\/#primaryimage\"},\"thumbnailUrl\":\"https:\\\/\\\/accesolatino.org\\\/wp-content\\\/uploads\\\/2021\\\/06\\\/SAUL_LOEB___AFP.jpg\",\"keywords\":[\"Acci\u00f3n Diferida para los Llegados en la Infancia\",\"DACA\",\"Dreamers\"],\"articleSection\":[\"Orientaci\u00f3n Legal\"],\"inLanguage\":\"en-US\",\"potentialAction\":[{\"@type\":\"CommentAction\",\"name\":\"Comment\",\"target\":[\"https:\\\/\\\/accesolatino.org\\\/dreamers-encontraran-ayuda-legal-en-nuestra-herramienta-orientacion-legal\\\/orientacion-legal\\\/#respond\"]}]},{\"@type\":\"WebPage\",\"@id\":\"https:\\\/\\\/accesolatino.org\\\/dreamers-encontraran-ayuda-legal-en-nuestra-herramienta-orientacion-legal\\\/orientacion-legal\\\/\",\"url\":\"https:\\\/\\\/accesolatino.org\\\/dreamers-encontraran-ayuda-legal-en-nuestra-herramienta-orientacion-legal\\\/orientacion-legal\\\/\",\"name\":\"Dreamers encontrar\u00e1n ayuda legal en nuestra herramienta Orientaci\u00f3n Legal\",\"isPartOf\":{\"@id\":\"https:\\\/\\\/accesolatino.org\\\/#website\"},\"primaryImageOfPage\":{\"@id\":\"https:\\\/\\\/accesolatino.org\\\/dreamers-encontraran-ayuda-legal-en-nuestra-herramienta-orientacion-legal\\\/orientacion-legal\\\/#primaryimage\"},\"image\":{\"@id\":\"https:\\\/\\\/accesolatino.org\\\/dreamers-encontraran-ayuda-legal-en-nuestra-herramienta-orientacion-legal\\\/orientacion-legal\\\/#primaryimage\"},\"thumbnailUrl\":\"https:\\\/\\\/accesolatino.org\\\/wp-content\\\/uploads\\\/2021\\\/06\\\/SAUL_LOEB___AFP.jpg\",\"datePublished\":\"2021-06-30T14:33:44+00:00\",\"dateModified\":\"2025-10-24T22:23:30+00:00\",\"description\":\"Orientaci\u00f3n Legal sobre DACA en Acceso Latino.\",\"breadcrumb\":{\"@id\":\"https:\\\/\\\/accesolatino.org\\\/dreamers-encontraran-ayuda-legal-en-nuestra-herramienta-orientacion-legal\\\/orientacion-legal\\\/#breadcrumb\"},\"inLanguage\":\"en-US\",\"potentialAction\":[{\"@type\":\"ReadAction\",\"target\":[\"https:\\\/\\\/accesolatino.org\\\/dreamers-encontraran-ayuda-legal-en-nuestra-herramienta-orientacion-legal\\\/orientacion-legal\\\/\"]}]},{\"@type\":\"ImageObject\",\"inLanguage\":\"en-US\",\"@id\":\"https:\\\/\\\/accesolatino.org\\\/dreamers-encontraran-ayuda-legal-en-nuestra-herramienta-orientacion-legal\\\/orientacion-legal\\\/#primaryimage\",\"url\":\"https:\\\/\\\/accesolatino.org\\\/wp-content\\\/uploads\\\/2021\\\/06\\\/SAUL_LOEB___AFP.jpg\",\"contentUrl\":\"https:\\\/\\\/accesolatino.org\\\/wp-content\\\/uploads\\\/2021\\\/06\\\/SAUL_LOEB___AFP.jpg\",\"width\":1726,\"height\":1204},{\"@type\":\"BreadcrumbList\",\"@id\":\"https:\\\/\\\/accesolatino.org\\\/dreamers-encontraran-ayuda-legal-en-nuestra-herramienta-orientacion-legal\\\/orientacion-legal\\\/#breadcrumb\",\"itemListElement\":[{\"@type\":\"ListItem\",\"position\":1,\"name\":\"Portada\",\"item\":\"https:\\\/\\\/accesolatino.org\\\/\"},{\"@type\":\"ListItem\",\"position\":2,\"name\":\"Orientaci\u00f3n Legal\",\"item\":\"https:\\\/\\\/accesolatino.org\\\/category\\\/orientacion-legal\\\/\"},{\"@type\":\"ListItem\",\"position\":3,\"name\":\"Dreamers encontrar\u00e1n ayuda legal en nuestra herramienta Orientaci\u00f3n Legal\"}]},{\"@type\":\"WebSite\",\"@id\":\"https:\\\/\\\/accesolatino.org\\\/#website\",\"url\":\"https:\\\/\\\/accesolatino.org\\\/\",\"name\":\"Acceso Latino | Fundaci\u00f3n Carlos Slim\",\"description\":\"Fundaci\u00f3n Carlos Slim\",\"publisher\":{\"@id\":\"https:\\\/\\\/accesolatino.org\\\/#organization\"},\"potentialAction\":[{\"@type\":\"SearchAction\",\"target\":{\"@type\":\"EntryPoint\",\"urlTemplate\":\"https:\\\/\\\/accesolatino.org\\\/?s={search_term_string}\"},\"query-input\":{\"@type\":\"PropertyValueSpecification\",\"valueRequired\":true,\"valueName\":\"search_term_string\"}}],\"inLanguage\":\"en-US\"},{\"@type\":\"Organization\",\"@id\":\"https:\\\/\\\/accesolatino.org\\\/#organization\",\"name\":\"Acceso Latino | Fundaci\u00f3n Carlos Slim\",\"url\":\"https:\\\/\\\/accesolatino.org\\\/\",\"logo\":{\"@type\":\"ImageObject\",\"inLanguage\":\"en-US\",\"@id\":\"https:\\\/\\\/accesolatino.org\\\/#\\\/schema\\\/logo\\\/image\\\/\",\"url\":\"https:\\\/\\\/accesolatino.org\\\/wp-content\\\/uploads\\\/2021\\\/02\\\/logo-footer-acceso-latino.png\",\"contentUrl\":\"https:\\\/\\\/accesolatino.org\\\/wp-content\\\/uploads\\\/2021\\\/02\\\/logo-footer-acceso-latino.png\",\"width\":240,\"height\":40,\"caption\":\"Acceso Latino | Fundaci\u00f3n Carlos Slim\"},\"image\":{\"@id\":\"https:\\\/\\\/accesolatino.org\\\/#\\\/schema\\\/logo\\\/image\\\/\"},\"sameAs\":[\"https:\\\/\\\/www.facebook.com\\\/AccesoLatinoOrg\",\"https:\\\/\\\/x.com\\\/FAccLatino\"]},{\"@type\":\"Person\",\"@id\":\"https:\\\/\\\/accesolatino.org\\\/#\\\/schema\\\/person\\\/cbf7a2e54351694cd139bd382de2fcbb\",\"name\":\"Orientacion Orientacion\"}]}<\/script>\n<!-- \/ Yoast SEO plugin. -->","yoast_head_json":{"title":"Dreamers will find legal help in our Legal Orientation tool","description":"Orientaci\u00f3n Legal sobre DACA en Acceso Latino.","robots":{"index":"index","follow":"follow","max-snippet":"max-snippet:-1","max-image-preview":"max-image-preview:large","max-video-preview":"max-video-preview:-1"},"canonical":"https:\/\/accesolatino.org\/en\/dreamers-encontraran-ayuda-legal-en-nuestra-herramienta-orientacion-legal\/orientacion-legal\/","og_locale":"en_US","og_type":"article","og_title":"Acceso Latino | Dreamers encontrar\u00e1n ayuda legal en nuestra herramienta Orientaci\u00f3n Legal","og_description":"Orientaci\u00f3n Legal sobre DACA en Acceso Latino.","og_url":"https:\/\/accesolatino.org\/en\/dreamers-encontraran-ayuda-legal-en-nuestra-herramienta-orientacion-legal\/orientacion-legal\/","og_site_name":"Acceso Latino","article_publisher":"https:\/\/www.facebook.com\/AccesoLatinoOrg","article_published_time":"2021-06-30T14:33:44+00:00","article_modified_time":"2025-10-24T22:23:30+00:00","og_image":[{"width":1726,"height":1204,"url":"https:\/\/accesolatino.org\/wp-content\/uploads\/2021\/06\/SAUL_LOEB___AFP.jpg","type":"image\/jpeg"}],"author":"Orientacion Orientacion","twitter_card":"summary_large_image","twitter_title":"Acceso Latino | Dreamers encontrar\u00e1n ayuda legal en nuestra herramienta Orientaci\u00f3n Legal","twitter_description":"Orientaci\u00f3n Legal sobre DACA en Acceso Latino.","twitter_image":"https:\/\/accesolatino.org\/wp-content\/uploads\/2021\/06\/SAUL_LOEB___AFP.jpg","twitter_creator":"@FAccLatino","twitter_site":"@FAccLatino","twitter_misc":{"Written by":"Orientacion Orientacion","Est. reading time":"2 minutes"},"schema":{"@context":"https:\/\/schema.org","@graph":[{"@type":"Article","@id":"https:\/\/accesolatino.org\/dreamers-encontraran-ayuda-legal-en-nuestra-herramienta-orientacion-legal\/orientacion-legal\/#article","isPartOf":{"@id":"https:\/\/accesolatino.org\/dreamers-encontraran-ayuda-legal-en-nuestra-herramienta-orientacion-legal\/orientacion-legal\/"},"author":{"name":"Orientacion Orientacion","@id":"https:\/\/accesolatino.org\/#\/schema\/person\/cbf7a2e54351694cd139bd382de2fcbb"},"headline":"Dreamers encontrar\u00e1n ayuda legal en nuestra herramienta Orientaci\u00f3n Legal","datePublished":"2021-06-30T14:33:44+00:00","dateModified":"2025-10-24T22:23:30+00:00","mainEntityOfPage":{"@id":"https:\/\/accesolatino.org\/dreamers-encontraran-ayuda-legal-en-nuestra-herramienta-orientacion-legal\/orientacion-legal\/"},"wordCount":207,"commentCount":0,"publisher":{"@id":"https:\/\/accesolatino.org\/#organization"},"image":{"@id":"https:\/\/accesolatino.org\/dreamers-encontraran-ayuda-legal-en-nuestra-herramienta-orientacion-legal\/orientacion-legal\/#primaryimage"},"thumbnailUrl":"https:\/\/accesolatino.org\/wp-content\/uploads\/2021\/06\/SAUL_LOEB___AFP.jpg","keywords":["Acci\u00f3n Diferida para los Llegados en la Infancia","DACA","Dreamers"],"articleSection":["Orientaci\u00f3n Legal"],"inLanguage":"en-US","potentialAction":[{"@type":"CommentAction","name":"Comment","target":["https:\/\/accesolatino.org\/dreamers-encontraran-ayuda-legal-en-nuestra-herramienta-orientacion-legal\/orientacion-legal\/#respond"]}]},{"@type":"WebPage","@id":"https:\/\/accesolatino.org\/dreamers-encontraran-ayuda-legal-en-nuestra-herramienta-orientacion-legal\/orientacion-legal\/","url":"https:\/\/accesolatino.org\/dreamers-encontraran-ayuda-legal-en-nuestra-herramienta-orientacion-legal\/orientacion-legal\/","name":"Dreamers will find legal help in our Legal Orientation tool","isPartOf":{"@id":"https:\/\/accesolatino.org\/#website"},"primaryImageOfPage":{"@id":"https:\/\/accesolatino.org\/dreamers-encontraran-ayuda-legal-en-nuestra-herramienta-orientacion-legal\/orientacion-legal\/#primaryimage"},"image":{"@id":"https:\/\/accesolatino.org\/dreamers-encontraran-ayuda-legal-en-nuestra-herramienta-orientacion-legal\/orientacion-legal\/#primaryimage"},"thumbnailUrl":"https:\/\/accesolatino.org\/wp-content\/uploads\/2021\/06\/SAUL_LOEB___AFP.jpg","datePublished":"2021-06-30T14:33:44+00:00","dateModified":"2025-10-24T22:23:30+00:00","description":"Orientaci\u00f3n Legal sobre DACA en Acceso Latino.","breadcrumb":{"@id":"https:\/\/accesolatino.org\/dreamers-encontraran-ayuda-legal-en-nuestra-herramienta-orientacion-legal\/orientacion-legal\/#breadcrumb"},"inLanguage":"en-US","potentialAction":[{"@type":"ReadAction","target":["https:\/\/accesolatino.org\/dreamers-encontraran-ayuda-legal-en-nuestra-herramienta-orientacion-legal\/orientacion-legal\/"]}]},{"@type":"ImageObject","inLanguage":"en-US","@id":"https:\/\/accesolatino.org\/dreamers-encontraran-ayuda-legal-en-nuestra-herramienta-orientacion-legal\/orientacion-legal\/#primaryimage","url":"https:\/\/accesolatino.org\/wp-content\/uploads\/2021\/06\/SAUL_LOEB___AFP.jpg","contentUrl":"https:\/\/accesolatino.org\/wp-content\/uploads\/2021\/06\/SAUL_LOEB___AFP.jpg","width":1726,"height":1204},{"@type":"BreadcrumbList","@id":"https:\/\/accesolatino.org\/dreamers-encontraran-ayuda-legal-en-nuestra-herramienta-orientacion-legal\/orientacion-legal\/#breadcrumb","itemListElement":[{"@type":"ListItem","position":1,"name":"Portada","item":"https:\/\/accesolatino.org\/"},{"@type":"ListItem","position":2,"name":"Orientaci\u00f3n Legal","item":"https:\/\/accesolatino.org\/category\/orientacion-legal\/"},{"@type":"ListItem","position":3,"name":"Dreamers encontrar\u00e1n ayuda legal en nuestra herramienta Orientaci\u00f3n Legal"}]},{"@type":"WebSite","@id":"https:\/\/accesolatino.org\/#website","url":"https:\/\/accesolatino.org\/","name":"Acceso Latino | Fundaci\u00f3n Carlos Slim","description":"Fundaci\u00f3n Carlos Slim","publisher":{"@id":"https:\/\/accesolatino.org\/#organization"},"potentialAction":[{"@type":"SearchAction","target":{"@type":"EntryPoint","urlTemplate":"https:\/\/accesolatino.org\/?s={search_term_string}"},"query-input":{"@type":"PropertyValueSpecification","valueRequired":true,"valueName":"search_term_string"}}],"inLanguage":"en-US"},{"@type":"Organization","@id":"https:\/\/accesolatino.org\/#organization","name":"Acceso Latino | Fundaci\u00f3n Carlos Slim","url":"https:\/\/accesolatino.org\/","logo":{"@type":"ImageObject","inLanguage":"en-US","@id":"https:\/\/accesolatino.org\/#\/schema\/logo\/image\/","url":"https:\/\/accesolatino.org\/wp-content\/uploads\/2021\/02\/logo-footer-acceso-latino.png","contentUrl":"https:\/\/accesolatino.org\/wp-content\/uploads\/2021\/02\/logo-footer-acceso-latino.png","width":240,"height":40,"caption":"Acceso Latino | Fundaci\u00f3n Carlos Slim"},"image":{"@id":"https:\/\/accesolatino.org\/#\/schema\/logo\/image\/"},"sameAs":["https:\/\/www.facebook.com\/AccesoLatinoOrg","https:\/\/x.com\/FAccLatino"]},{"@type":"Person","@id":"https:\/\/accesolatino.org\/#\/schema\/person\/cbf7a2e54351694cd139bd382de2fcbb","name":"Orientacion Orientacion"}]}},"_links":{"self":[{"href":"https:\/\/accesolatino.org\/en\/wp-json\/wp\/v2\/posts\/37544","targetHints":{"allow":["GET"]}}],"collection":[{"href":"https:\/\/accesolatino.org\/en\/wp-json\/wp\/v2\/posts"}],"about":[{"href":"https:\/\/accesolatino.org\/en\/wp-json\/wp\/v2\/types\/post"}],"author":[{"embeddable":true,"href":"https:\/\/accesolatino.org\/en\/wp-json\/wp\/v2\/users\/8"}],"replies":[{"embeddable":true,"href":"https:\/\/accesolatino.org\/en\/wp-json\/wp\/v2\/comments?post=37544"}],"version-history":[{"count":1,"href":"https:\/\/accesolatino.org\/en\/wp-json\/wp\/v2\/posts\/37544\/revisions"}],"predecessor-version":[{"id":65399,"href":"https:\/\/accesolatino.org\/en\/wp-json\/wp\/v2\/posts\/37544\/revisions\/65399"}],"wp:featuredmedia":[{"embeddable":true,"href":"https:\/\/accesolatino.org\/en\/wp-json\/wp\/v2\/media\/37545"}],"wp:attachment":[{"href":"https:\/\/accesolatino.org\/en\/wp-json\/wp\/v2\/media?parent=37544"}],"wp:term":[{"taxonomy":"category","embeddable":true,"href":"https:\/\/accesolatino.org\/en\/wp-json\/wp\/v2\/categories?post=37544"},{"taxonomy":"post_tag","embeddable":true,"href":"https:\/\/accesolatino.org\/en\/wp-json\/wp\/v2\/tags?post=37544"}],"curies":[{"name":"wp","href":"https:\/\/api.w.org\/{rel}","templated":true}]}}