{"id":34776,"date":"2021-04-09T10:03:37","date_gmt":"2021-04-09T15:03:37","guid":{"rendered":"https:\/\/accesolatino.org\/?p=34776"},"modified":"2025-10-24T19:20:44","modified_gmt":"2025-10-25T01:20:44","slug":"derechos-de-los-migrantes-en-mexico-los-derechos-de-la-comunidad-migrante-en-mexico","status":"publish","type":"post","link":"https:\/\/accesolatino.org\/en\/derechos-de-los-migrantes-en-mexico-los-derechos-de-la-comunidad-migrante-en-mexico\/noticias\/","title":{"rendered":"Derechos de los migrantes en M\u00e9xico"},"content":{"rendered":"<div data-elementor-type=\"wp-post\" data-elementor-id=\"34776\" class=\"elementor elementor-34776\">\n\t\t\t\t\t\t<section class=\"elementor-section elementor-top-section elementor-element elementor-element-53a9fd66 elementor-section-boxed elementor-section-height-default elementor-section-height-default wpr-particle-no wpr-jarallax-no wpr-parallax-no wpr-sticky-section-no wpr-equal-height-no\" data-id=\"53a9fd66\" data-element_type=\"section\" data-e-type=\"section\">\n\t\t\t\t\t\t<div class=\"elementor-container elementor-column-gap-default\">\n\t\t\t\t\t<div class=\"elementor-column elementor-col-100 elementor-top-column elementor-element elementor-element-2ef719cc\" data-id=\"2ef719cc\" data-element_type=\"column\" data-e-type=\"column\">\n\t\t\t<div class=\"elementor-widget-wrap elementor-element-populated\">\n\t\t\t\t\t\t<div class=\"elementor-element elementor-element-57199369 elementor-widget elementor-widget-heading\" data-id=\"57199369\" data-element_type=\"widget\" data-e-type=\"widget\" data-widget_type=\"heading.default\">\n\t\t\t\t<div class=\"elementor-widget-container\">\n\t\t\t\t\t<h2 class=\"elementor-heading-title elementor-size-default\">El art\u00edculo 1 de la Constituci\u00f3n Pol\u00edtica de los Estados Unidos Mexicanos, reconoce el derecho de los migrante a gozar de los derechos reconocidos por el Estado Mexicano.<\/h2>\t\t\t\t<\/div>\n\t\t\t\t<\/div>\n\t\t\t\t\t<\/div>\n\t\t<\/div>\n\t\t\t\t\t<\/div>\n\t\t<\/section>\n\t\t\t\t<section class=\"elementor-section elementor-top-section elementor-element elementor-element-667772c3 elementor-section-boxed elementor-section-height-default elementor-section-height-default wpr-particle-no wpr-jarallax-no wpr-parallax-no wpr-sticky-section-no wpr-equal-height-no\" data-id=\"667772c3\" data-element_type=\"section\" data-e-type=\"section\">\n\t\t\t\t\t\t<div class=\"elementor-container elementor-column-gap-default\">\n\t\t\t\t\t<div class=\"elementor-column elementor-col-100 elementor-top-column elementor-element elementor-element-39d9982c\" data-id=\"39d9982c\" data-element_type=\"column\" data-e-type=\"column\">\n\t\t\t<div class=\"elementor-widget-wrap elementor-element-populated\">\n\t\t\t\t\t\t<div class=\"elementor-element elementor-element-2dbcde62 elementor-widget elementor-widget-text-editor\" data-id=\"2dbcde62\" data-element_type=\"widget\" data-e-type=\"widget\" data-widget_type=\"text-editor.default\">\n\t\t\t\t<div class=\"elementor-widget-container\">\n\t\t\t\t\t\t\t\t\t<p>La Ley de Migraci\u00f3n publicada el 25 de mayo de 2011 y su \u00faltima reforma fue publicada el 7 de enero del presente a\u00f1o. \u00a0El art\u00edculo 1 menciona lo siguiente sobre el fen\u00f3meno migratorio en M\u00e9xico: \u201cEnfoque integral acorde con la complejidad de la movilidad internacional de personas, que atienda las diversas manifestaciones de migraci\u00f3n en M\u00e9xico como pa\u00eds de origen, tr\u00e1nsito, destino y retorno de migrantes, considerando sus causas estructurales y sus consecuencias inmediatas y futuras&#8221;.<\/p><p>As the National Human Rights Commission (CNDH) explains, cross-border migration (United States and Mexico-Central America) is a regional and complex phenomenon that must be addressed from a human rights and human dignity perspective, to prevent the population from migrant suffers unfavorable situations or conditions.<\/p>\t\t\t\t\t\t\t\t<\/div>\n\t\t\t\t<\/div>\n\t\t\t\t\t<\/div>\n\t\t<\/div>\n\t\t\t\t\t<\/div>\n\t\t<\/section>\n\t\t\t\t<section class=\"elementor-section elementor-top-section elementor-element elementor-element-774dfb59 elementor-section-boxed elementor-section-height-default elementor-section-height-default wpr-particle-no wpr-jarallax-no wpr-parallax-no wpr-sticky-section-no wpr-equal-height-no\" data-id=\"774dfb59\" data-element_type=\"section\" data-e-type=\"section\">\n\t\t\t\t\t\t<div class=\"elementor-container elementor-column-gap-default\">\n\t\t\t\t\t<div class=\"elementor-column elementor-col-50 elementor-top-column elementor-element elementor-element-1ebae85f\" data-id=\"1ebae85f\" data-element_type=\"column\" data-e-type=\"column\">\n\t\t\t<div class=\"elementor-widget-wrap elementor-element-populated\">\n\t\t\t\t\t\t<div class=\"elementor-element elementor-element-6213e985 elementor-widget elementor-widget-image\" data-id=\"6213e985\" data-element_type=\"widget\" data-e-type=\"widget\" data-widget_type=\"image.default\">\n\t\t\t\t<div class=\"elementor-widget-container\">\n\t\t\t\t\t\t\t\t\t\t\t\t\t\t\t<img fetchpriority=\"high\" decoding=\"async\" width=\"700\" height=\"450\" src=\"https:\/\/accesolatino.org\/wp-content\/uploads\/2021\/04\/Derechos-Humanos.jpg\" class=\"attachment-full size-full wp-image-34777\" alt=\"\" srcset=\"https:\/\/accesolatino.org\/wp-content\/uploads\/2021\/04\/Derechos-Humanos.jpg 700w, https:\/\/accesolatino.org\/wp-content\/uploads\/2021\/04\/Derechos-Humanos-300x193.jpg 300w, https:\/\/accesolatino.org\/wp-content\/uploads\/2021\/04\/Derechos-Humanos-16x10.jpg 16w\" sizes=\"(max-width: 700px) 100vw, 700px\" \/>\t\t\t\t\t\t\t\t\t\t\t\t\t\t\t<\/div>\n\t\t\t\t<\/div>\n\t\t\t\t\t<\/div>\n\t\t<\/div>\n\t\t\t\t<div class=\"elementor-column elementor-col-50 elementor-top-column elementor-element elementor-element-2bcd757f\" data-id=\"2bcd757f\" data-element_type=\"column\" data-e-type=\"column\">\n\t\t\t<div class=\"elementor-widget-wrap elementor-element-populated\">\n\t\t\t\t\t\t<div class=\"elementor-element elementor-element-5e0add19 elementor-widget elementor-widget-text-editor\" data-id=\"5e0add19\" data-element_type=\"widget\" data-e-type=\"widget\" data-widget_type=\"text-editor.default\">\n\t\t\t\t<div class=\"elementor-widget-container\">\n\t\t\t\t\t\t\t\t\t<p>En M\u00e9xico los migrantes con independencia de su condici\u00f3n jur\u00eddica en el pa\u00eds le deben ser reconocidos todos sus derechos: Derecho a la nacionalidad; derecho a la libertad de tr\u00e1nsito; derecho a la seguridad jur\u00eddica y al debido proceso en cualquier proceso administrativo o judicial; derecho a la asistencia consular; derecho a la no discriminaci\u00f3n ya se por motivo de origen \u00e9tnico o nacional, de g\u00e9nero, preferencia sexual, edad discapacidad, condiciones sociales, de religi\u00f3n y de salud.<\/p><p>In addition, migrants also have the right to request asylum for political reasons and the right to request recognition of refugee status. On the other hand, the best interests of children specify the right to protection of the family unit.<\/p>\t\t\t\t\t\t\t\t<\/div>\n\t\t\t\t<\/div>\n\t\t\t\t\t<\/div>\n\t\t<\/div>\n\t\t\t\t\t<\/div>\n\t\t<\/section>\n\t\t\t\t<section class=\"elementor-section elementor-top-section elementor-element elementor-element-184fc02f elementor-section-boxed elementor-section-height-default elementor-section-height-default wpr-particle-no wpr-jarallax-no wpr-parallax-no wpr-sticky-section-no wpr-equal-height-no\" data-id=\"184fc02f\" data-element_type=\"section\" data-e-type=\"section\">\n\t\t\t\t\t\t<div class=\"elementor-container elementor-column-gap-default\">\n\t\t\t\t\t<div class=\"elementor-column elementor-col-100 elementor-top-column elementor-element elementor-element-59cd28a2\" data-id=\"59cd28a2\" data-element_type=\"column\" data-e-type=\"column\">\n\t\t\t<div class=\"elementor-widget-wrap elementor-element-populated\">\n\t\t\t\t\t\t<div class=\"elementor-element elementor-element-54acc339 elementor-widget elementor-widget-text-editor\" data-id=\"54acc339\" data-element_type=\"widget\" data-e-type=\"widget\" data-widget_type=\"text-editor.default\">\n\t\t\t\t<div class=\"elementor-widget-container\">\n\t\t\t\t\t\t\t\t\t<p>The right not to be criminalized, non-formal entry into the country represents an administrative offense, not a criminal offense, so the migrant population should not be criminalized for their actions to enter the country.<\/p><p>Sobre las autoridades migratorias, de acuerdo al Art\u00edculo 76 de la Ley de Migraci\u00f3n, estas no pueden realizar detenciones de personas migrantes cuando \u00e9stas se encuentren en albergues y sus inmediaciones. Asimismo, las autoridades migratorias, s\u00ed tienen la obligaci\u00f3n de proporcionar int\u00e9rpretes o traductores a las personas migrantes que lo requieran.<\/p><p>On the CNDH site you can find complete information: as well as other relevant documents for the protection of the rights of migrants on Mexican soil: <a href=\"https:\/\/www.cndh.org.mx\/programas\/derechos-de-todos-los-trabajadores-migratorios-y-de-sus-familias-y-su-mecanismo-de\">https:\/\/www.cndh.org.mx\/programas\/derechos-de-todos-los-trabajadores-migratorios-y-de-sus-familias-y-su-mecanismo-de<\/a><\/p><p>Guide for the protection of the rights of migrant women: <a href=\"http:\/\/appweb.cndh.org.mx\/biblioteca\/archivos\/pdfs\/cartilla_DerechosMujeresMigrantes.pdf\">http:\/\/appweb.cndh.org.mx\/biblioteca\/archivos\/pdfs\/cartilla_DerechosMujeresMigrantes.pdf<\/a>\u00a0<\/p><p>Portal of the migrant care program: <a href=\"https:\/\/www.cndh.org.mx\/programa\/9\/atencion-migrantes\">https:\/\/www.cndh.org.mx\/programa\/9\/atencion-migrantes<\/a><\/p>\t\t\t\t\t\t\t\t<\/div>\n\t\t\t\t<\/div>\n\t\t\t\t\t<\/div>\n\t\t<\/div>\n\t\t\t\t\t<\/div>\n\t\t<\/section>\n\t\t\t\t<section class=\"elementor-section elementor-top-section elementor-element elementor-element-7d5350b5 elementor-section-boxed elementor-section-height-default elementor-section-height-default wpr-particle-no wpr-jarallax-no wpr-parallax-no wpr-sticky-section-no wpr-equal-height-no\" data-id=\"7d5350b5\" data-element_type=\"section\" data-e-type=\"section\">\n\t\t\t\t\t\t<div class=\"elementor-container elementor-column-gap-default\">\n\t\t\t\t\t<div class=\"elementor-column elementor-col-100 elementor-top-column elementor-element elementor-element-779013d\" data-id=\"779013d\" data-element_type=\"column\" data-e-type=\"column\">\n\t\t\t<div class=\"elementor-widget-wrap elementor-element-populated\">\n\t\t\t\t\t\t<div class=\"elementor-element elementor-element-7d425ef3 elementor-widget elementor-widget-toggle\" data-id=\"7d425ef3\" data-element_type=\"widget\" data-e-type=\"widget\" data-widget_type=\"toggle.default\">\n\t\t\t\t<div class=\"elementor-widget-container\">\n\t\t\t\t\t\t\t<div class=\"elementor-toggle\">\n\t\t\t\t\t\t\t<div class=\"elementor-toggle-item\">\n\t\t\t\t\t<div id=\"elementor-tab-title-2101\" class=\"elementor-tab-title\" data-tab=\"1\" role=\"button\" aria-controls=\"elementor-tab-content-2101\" aria-expanded=\"false\">\n\t\t\t\t\t\t\t\t\t\t\t\t<span class=\"elementor-toggle-icon elementor-toggle-icon-left\" aria-hidden=\"true\">\n\t\t\t\t\t\t\t\t\t\t\t\t\t\t\t<span class=\"elementor-toggle-icon-closed\"><i class=\"fas fa-caret-right\"><\/i><\/span>\n\t\t\t\t\t\t\t\t<span class=\"elementor-toggle-icon-opened\"><i class=\"elementor-toggle-icon-opened fas fa-caret-up\"><\/i><\/span>\n\t\t\t\t\t\t\t\t\t\t\t\t\t<\/span>\n\t\t\t\t\t\t\t\t\t\t\t\t<a class=\"elementor-toggle-title\" tabindex=\"0\">BIBLIOGRAPHY<\/a>\n\t\t\t\t\t<\/div>\n\n\t\t\t\t\t<div id=\"elementor-tab-content-2101\" class=\"elementor-tab-content elementor-clearfix\" data-tab=\"1\" role=\"region\" aria-labelledby=\"elementor-tab-title-2101\"><p><strong>CNDH <\/strong><\/p><p><a href=\"https:\/\/www.cndh.org.mx\/programa\/9\/atencion-migrantes\">https:\/\/www.cndh.org.mx\/programa\/9\/atencion-migrantes<\/a><\/p><p>\u00a0<\/p><p><a href=\"https:\/\/www.cndh.org.mx\/programas\/derechos-de-todos-los-trabajadores-migratorios-y-de-sus-familias-y-su-mecanismo-de\">https:\/\/www.cndh.org.mx\/programas\/derechos-de-todos-los-trabajadores-migratorios-y-de-sus-familias-y-su-mecanismo-de<\/a><\/p><p>\u00a0<\/p><p><strong>DIPUTADOS <\/strong><\/p><p><a href=\"http:\/\/www.diputados.gob.mx\/LeyesBiblio\/pdf\/LMigra_070121.pdf\">http:\/\/www.diputados.gob.mx\/LeyesBiblio\/pdf\/LMigra_070121.pdf<\/a><\/p><\/div>\n\t\t\t\t<\/div>\n\t\t\t\t\t\t\t\t<\/div>\n\t\t\t\t\t\t<\/div>\n\t\t\t\t<\/div>\n\t\t\t\t\t<\/div>\n\t\t<\/div>\n\t\t\t\t\t<\/div>\n\t\t<\/section>\n\t\t\t\t<\/div>","protected":false},"excerpt":{"rendered":"<p>El art\u00edculo 1 de la Constituci\u00f3n Pol\u00edtica de los Estados Unidos Mexicanos, reconoce el derecho de los migrante a gozar de los derechos reconocidos por el Estado Mexicano. La Ley de Migraci\u00f3n publicada el 25 de mayo de 2011 y su \u00faltima reforma fue publicada el 7 de enero del presente a\u00f1o. &nbsp;El art\u00edculo 1 menciona lo siguiente sobre el fen\u00f3meno migratorio en M\u00e9xico: \u201cEnfoque integral acorde con la complejidad de la movilidad internacional de personas, que atienda las diversas manifestaciones de migraci\u00f3n en M\u00e9xico como pa\u00eds de origen, tr\u00e1nsito, destino y retorno de migrantes, considerando sus causas estructurales y sus consecuencias inmediatas y futuras&#8221;. Como explica la Comisi\u00f3n Nacional de los Derechos Humanos (CNDH), la migraci\u00f3n transfronteriza (Estados Unidos y M\u00e9xico-Centroam\u00e9rica), es un fen\u00f3meno regional y complejo que debe ser atendida con una perspectiva de derechos humanos y dignidad humana, para evitar que la poblaci\u00f3n migrante sufra situaciones o condiciones desfavorables. En M\u00e9xico los migrantes con independencia de su condici\u00f3n jur\u00eddica en el pa\u00eds le deben ser reconocidos todos sus derechos: Derecho a la nacionalidad; derecho a la libertad de tr\u00e1nsito; derecho a la seguridad jur\u00eddica y al debido proceso en cualquier proceso administrativo o judicial; derecho a la asistencia consular; derecho a la no discriminaci\u00f3n ya se por motivo de origen \u00e9tnico o nacional, de g\u00e9nero, preferencia sexual, edad discapacidad, condiciones sociales, de religi\u00f3n y de salud. Adem\u00e1s, los migrantes tambi\u00e9n tienen derecho a solicitar asilo por motivos de orden pol\u00edtico y derecho a solicitar reconocimiento de la condici\u00f3n de refugiado. Por otra parte, el inter\u00e9s superior en la ni\u00f1ez puntualiza el derecho a la protecci\u00f3n de la unidad familiar. El derecho a no ser criminalizado, el ingreso no formal al pa\u00eds representa una infracci\u00f3n administrativa no un il\u00edcito penal, por lo que a la poblaci\u00f3n migrante no se le deber\u00e1 criminalizar su actuar de ingresar al pa\u00eds. Sobre las autoridades migratorias, de acuerdo al Art\u00edculo 76 de la Ley de Migraci\u00f3n, estas no pueden realizar detenciones de personas migrantes cuando \u00e9stas se encuentren en albergues y sus inmediaciones. Asimismo, las autoridades migratorias, s\u00ed tienen la obligaci\u00f3n de proporcionar int\u00e9rpretes o traductores a las personas migrantes que lo requieran. En el sitio de la CNDH podr\u00e1s encontrar la informaci\u00f3n completa: as\u00ed como otros documentos relevantes para la protecci\u00f3n de los derechos de los migrantes en suelo mexicano: https:\/\/www.cndh.org.mx\/programas\/derechos-de-todos-los-trabajadores-migratorios-y-de-sus-familias-y-su-mecanismo-de Gu\u00eda para protecci\u00f3n de los derechos de las mujeres migrantes: http:\/\/appweb.cndh.org.mx\/biblioteca\/archivos\/pdfs\/cartilla_DerechosMujeresMigrantes.pdf&nbsp; Portal del programa de atenci\u00f3n a migrantes: https:\/\/www.cndh.org.mx\/programa\/9\/atencion-migrantes BIBLIOGRAF\u00cdA CNDH https:\/\/www.cndh.org.mx\/programa\/9\/atencion-migrantes https:\/\/www.cndh.org.mx\/programas\/derechos-de-todos-los-trabajadores-migratorios-y-de-sus-familias-y-su-mecanismo-de DIPUTADOS http:\/\/www.diputados.gob.mx\/LeyesBiblio\/pdf\/LMigra_070121.pdf<\/p>","protected":false},"author":13,"featured_media":34777,"comment_status":"open","ping_status":"open","sticky":false,"template":"","format":"standard","meta":{"_uf_show_specific_survey":0,"_uf_disable_surveys":false,"footnotes":""},"categories":[10],"tags":[97,96,86],"class_list":["post-34776","post","type-post","status-publish","format-standard","has-post-thumbnail","hentry","category-noticias","tag-ley-de-migracion","tag-mexico","tag-migrantes"],"aioseo_notices":[],"yoast_head":"<!-- This site is optimized with the Yoast SEO plugin v27.4 - https:\/\/yoast.com\/product\/yoast-seo-wordpress\/ -->\n<title>Derechos de los migrantes en M\u00e9xico<\/title>\n<meta name=\"description\" content=\"Los derechos de la comunidad migrante en M\u00e9xico.\" \/>\n<meta name=\"robots\" content=\"index, follow, max-snippet:-1, max-image-preview:large, max-video-preview:-1\" \/>\n<link rel=\"canonical\" href=\"https:\/\/accesolatino.org\/en\/derechos-de-los-migrantes-en-mexico-los-derechos-de-la-comunidad-migrante-en-mexico\/noticias\/\" \/>\n<meta property=\"og:locale\" content=\"en_US\" \/>\n<meta property=\"og:type\" content=\"article\" \/>\n<meta property=\"og:title\" content=\"Acceso Latino | Derechos de los migrantes en M\u00e9xico\" \/>\n<meta property=\"og:description\" content=\"Los derechos de la comunidad migrante en M\u00e9xico.\" \/>\n<meta property=\"og:url\" content=\"https:\/\/accesolatino.org\/en\/derechos-de-los-migrantes-en-mexico-los-derechos-de-la-comunidad-migrante-en-mexico\/noticias\/\" \/>\n<meta property=\"og:site_name\" content=\"Acceso Latino\" \/>\n<meta property=\"article:publisher\" content=\"https:\/\/www.facebook.com\/AccesoLatinoOrg\" \/>\n<meta property=\"article:published_time\" content=\"2021-04-09T15:03:37+00:00\" \/>\n<meta property=\"article:modified_time\" content=\"2025-10-25T01:20:44+00:00\" \/>\n<meta property=\"og:image\" content=\"https:\/\/accesolatino.org\/wp-content\/uploads\/2021\/04\/Derechos-Humanos.jpg\" \/>\n\t<meta property=\"og:image:width\" content=\"700\" \/>\n\t<meta property=\"og:image:height\" content=\"450\" \/>\n\t<meta property=\"og:image:type\" content=\"image\/jpeg\" \/>\n<meta name=\"author\" content=\"Noticias\" \/>\n<meta name=\"twitter:card\" content=\"summary_large_image\" \/>\n<meta name=\"twitter:title\" content=\"Acceso Latino | Derechos de los migrantes en M\u00e9xico\" \/>\n<meta name=\"twitter:description\" content=\"Los derechos de la comunidad migrante en M\u00e9xico.\" \/>\n<meta name=\"twitter:image\" content=\"https:\/\/accesolatino.org\/wp-content\/uploads\/2021\/04\/Derechos-Humanos.jpg\" \/>\n<meta name=\"twitter:creator\" content=\"@FAccLatino\" \/>\n<meta name=\"twitter:site\" content=\"@FAccLatino\" \/>\n<meta name=\"twitter:label1\" content=\"Written by\" \/>\n\t<meta name=\"twitter:data1\" content=\"Noticias\" \/>\n\t<meta name=\"twitter:label2\" content=\"Est. reading time\" \/>\n\t<meta name=\"twitter:data2\" content=\"3 minutes\" \/>\n<script type=\"application\/ld+json\" class=\"yoast-schema-graph\">{\"@context\":\"https:\\\/\\\/schema.org\",\"@graph\":[{\"@type\":\"Article\",\"@id\":\"https:\\\/\\\/accesolatino.org\\\/derechos-de-los-migrantes-en-mexico-los-derechos-de-la-comunidad-migrante-en-mexico\\\/noticias\\\/#article\",\"isPartOf\":{\"@id\":\"https:\\\/\\\/accesolatino.org\\\/derechos-de-los-migrantes-en-mexico-los-derechos-de-la-comunidad-migrante-en-mexico\\\/noticias\\\/\"},\"author\":{\"name\":\"Noticias\",\"@id\":\"https:\\\/\\\/accesolatino.org\\\/#\\\/schema\\\/person\\\/6b654926a4e7e4709c9ad12459661666\"},\"headline\":\"Derechos de los migrantes en M\u00e9xico\",\"datePublished\":\"2021-04-09T15:03:37+00:00\",\"dateModified\":\"2025-10-25T01:20:44+00:00\",\"mainEntityOfPage\":{\"@id\":\"https:\\\/\\\/accesolatino.org\\\/derechos-de-los-migrantes-en-mexico-los-derechos-de-la-comunidad-migrante-en-mexico\\\/noticias\\\/\"},\"wordCount\":510,\"commentCount\":0,\"publisher\":{\"@id\":\"https:\\\/\\\/accesolatino.org\\\/#organization\"},\"image\":{\"@id\":\"https:\\\/\\\/accesolatino.org\\\/derechos-de-los-migrantes-en-mexico-los-derechos-de-la-comunidad-migrante-en-mexico\\\/noticias\\\/#primaryimage\"},\"thumbnailUrl\":\"https:\\\/\\\/accesolatino.org\\\/wp-content\\\/uploads\\\/2021\\\/04\\\/Derechos-Humanos.jpg\",\"keywords\":[\"Ley de Migraci\u00f3n\",\"M\u00e9xico\",\"Migrantes\"],\"articleSection\":[\"Noticias\"],\"inLanguage\":\"en-US\",\"potentialAction\":[{\"@type\":\"CommentAction\",\"name\":\"Comment\",\"target\":[\"https:\\\/\\\/accesolatino.org\\\/derechos-de-los-migrantes-en-mexico-los-derechos-de-la-comunidad-migrante-en-mexico\\\/noticias\\\/#respond\"]}]},{\"@type\":\"WebPage\",\"@id\":\"https:\\\/\\\/accesolatino.org\\\/derechos-de-los-migrantes-en-mexico-los-derechos-de-la-comunidad-migrante-en-mexico\\\/noticias\\\/\",\"url\":\"https:\\\/\\\/accesolatino.org\\\/derechos-de-los-migrantes-en-mexico-los-derechos-de-la-comunidad-migrante-en-mexico\\\/noticias\\\/\",\"name\":\"Derechos de los migrantes en M\u00e9xico\",\"isPartOf\":{\"@id\":\"https:\\\/\\\/accesolatino.org\\\/#website\"},\"primaryImageOfPage\":{\"@id\":\"https:\\\/\\\/accesolatino.org\\\/derechos-de-los-migrantes-en-mexico-los-derechos-de-la-comunidad-migrante-en-mexico\\\/noticias\\\/#primaryimage\"},\"image\":{\"@id\":\"https:\\\/\\\/accesolatino.org\\\/derechos-de-los-migrantes-en-mexico-los-derechos-de-la-comunidad-migrante-en-mexico\\\/noticias\\\/#primaryimage\"},\"thumbnailUrl\":\"https:\\\/\\\/accesolatino.org\\\/wp-content\\\/uploads\\\/2021\\\/04\\\/Derechos-Humanos.jpg\",\"datePublished\":\"2021-04-09T15:03:37+00:00\",\"dateModified\":\"2025-10-25T01:20:44+00:00\",\"description\":\"Los derechos de la comunidad migrante en M\u00e9xico.\",\"breadcrumb\":{\"@id\":\"https:\\\/\\\/accesolatino.org\\\/derechos-de-los-migrantes-en-mexico-los-derechos-de-la-comunidad-migrante-en-mexico\\\/noticias\\\/#breadcrumb\"},\"inLanguage\":\"en-US\",\"potentialAction\":[{\"@type\":\"ReadAction\",\"target\":[\"https:\\\/\\\/accesolatino.org\\\/derechos-de-los-migrantes-en-mexico-los-derechos-de-la-comunidad-migrante-en-mexico\\\/noticias\\\/\"]}]},{\"@type\":\"ImageObject\",\"inLanguage\":\"en-US\",\"@id\":\"https:\\\/\\\/accesolatino.org\\\/derechos-de-los-migrantes-en-mexico-los-derechos-de-la-comunidad-migrante-en-mexico\\\/noticias\\\/#primaryimage\",\"url\":\"https:\\\/\\\/accesolatino.org\\\/wp-content\\\/uploads\\\/2021\\\/04\\\/Derechos-Humanos.jpg\",\"contentUrl\":\"https:\\\/\\\/accesolatino.org\\\/wp-content\\\/uploads\\\/2021\\\/04\\\/Derechos-Humanos.jpg\",\"width\":700,\"height\":450},{\"@type\":\"BreadcrumbList\",\"@id\":\"https:\\\/\\\/accesolatino.org\\\/derechos-de-los-migrantes-en-mexico-los-derechos-de-la-comunidad-migrante-en-mexico\\\/noticias\\\/#breadcrumb\",\"itemListElement\":[{\"@type\":\"ListItem\",\"position\":1,\"name\":\"Portada\",\"item\":\"https:\\\/\\\/accesolatino.org\\\/\"},{\"@type\":\"ListItem\",\"position\":2,\"name\":\"Noticias\",\"item\":\"https:\\\/\\\/accesolatino.org\\\/category\\\/noticias\\\/\"},{\"@type\":\"ListItem\",\"position\":3,\"name\":\"Derechos de los migrantes en M\u00e9xico\"}]},{\"@type\":\"WebSite\",\"@id\":\"https:\\\/\\\/accesolatino.org\\\/#website\",\"url\":\"https:\\\/\\\/accesolatino.org\\\/\",\"name\":\"Acceso Latino | Fundaci\u00f3n Carlos Slim\",\"description\":\"Fundaci\u00f3n Carlos Slim\",\"publisher\":{\"@id\":\"https:\\\/\\\/accesolatino.org\\\/#organization\"},\"potentialAction\":[{\"@type\":\"SearchAction\",\"target\":{\"@type\":\"EntryPoint\",\"urlTemplate\":\"https:\\\/\\\/accesolatino.org\\\/?s={search_term_string}\"},\"query-input\":{\"@type\":\"PropertyValueSpecification\",\"valueRequired\":true,\"valueName\":\"search_term_string\"}}],\"inLanguage\":\"en-US\"},{\"@type\":\"Organization\",\"@id\":\"https:\\\/\\\/accesolatino.org\\\/#organization\",\"name\":\"Acceso Latino | Fundaci\u00f3n Carlos Slim\",\"url\":\"https:\\\/\\\/accesolatino.org\\\/\",\"logo\":{\"@type\":\"ImageObject\",\"inLanguage\":\"en-US\",\"@id\":\"https:\\\/\\\/accesolatino.org\\\/#\\\/schema\\\/logo\\\/image\\\/\",\"url\":\"https:\\\/\\\/accesolatino.org\\\/wp-content\\\/uploads\\\/2021\\\/02\\\/logo-footer-acceso-latino.png\",\"contentUrl\":\"https:\\\/\\\/accesolatino.org\\\/wp-content\\\/uploads\\\/2021\\\/02\\\/logo-footer-acceso-latino.png\",\"width\":240,\"height\":40,\"caption\":\"Acceso Latino | Fundaci\u00f3n Carlos Slim\"},\"image\":{\"@id\":\"https:\\\/\\\/accesolatino.org\\\/#\\\/schema\\\/logo\\\/image\\\/\"},\"sameAs\":[\"https:\\\/\\\/www.facebook.com\\\/AccesoLatinoOrg\",\"https:\\\/\\\/x.com\\\/FAccLatino\"]},{\"@type\":\"Person\",\"@id\":\"https:\\\/\\\/accesolatino.org\\\/#\\\/schema\\\/person\\\/6b654926a4e7e4709c9ad12459661666\",\"name\":\"Noticias\"}]}<\/script>\n<!-- \/ Yoast SEO plugin. -->","yoast_head_json":{"title":"Derechos de los migrantes en M\u00e9xico","description":"Los derechos de la comunidad migrante en M\u00e9xico.","robots":{"index":"index","follow":"follow","max-snippet":"max-snippet:-1","max-image-preview":"max-image-preview:large","max-video-preview":"max-video-preview:-1"},"canonical":"https:\/\/accesolatino.org\/en\/derechos-de-los-migrantes-en-mexico-los-derechos-de-la-comunidad-migrante-en-mexico\/noticias\/","og_locale":"en_US","og_type":"article","og_title":"Acceso Latino | Derechos de los migrantes en M\u00e9xico","og_description":"Los derechos de la comunidad migrante en M\u00e9xico.","og_url":"https:\/\/accesolatino.org\/en\/derechos-de-los-migrantes-en-mexico-los-derechos-de-la-comunidad-migrante-en-mexico\/noticias\/","og_site_name":"Acceso Latino","article_publisher":"https:\/\/www.facebook.com\/AccesoLatinoOrg","article_published_time":"2021-04-09T15:03:37+00:00","article_modified_time":"2025-10-25T01:20:44+00:00","og_image":[{"width":700,"height":450,"url":"https:\/\/accesolatino.org\/wp-content\/uploads\/2021\/04\/Derechos-Humanos.jpg","type":"image\/jpeg"}],"author":"Noticias","twitter_card":"summary_large_image","twitter_title":"Acceso Latino | Derechos de los migrantes en M\u00e9xico","twitter_description":"Los derechos de la comunidad migrante en M\u00e9xico.","twitter_image":"https:\/\/accesolatino.org\/wp-content\/uploads\/2021\/04\/Derechos-Humanos.jpg","twitter_creator":"@FAccLatino","twitter_site":"@FAccLatino","twitter_misc":{"Written by":"Noticias","Est. reading time":"3 minutes"},"schema":{"@context":"https:\/\/schema.org","@graph":[{"@type":"Article","@id":"https:\/\/accesolatino.org\/derechos-de-los-migrantes-en-mexico-los-derechos-de-la-comunidad-migrante-en-mexico\/noticias\/#article","isPartOf":{"@id":"https:\/\/accesolatino.org\/derechos-de-los-migrantes-en-mexico-los-derechos-de-la-comunidad-migrante-en-mexico\/noticias\/"},"author":{"name":"Noticias","@id":"https:\/\/accesolatino.org\/#\/schema\/person\/6b654926a4e7e4709c9ad12459661666"},"headline":"Derechos de los migrantes en M\u00e9xico","datePublished":"2021-04-09T15:03:37+00:00","dateModified":"2025-10-25T01:20:44+00:00","mainEntityOfPage":{"@id":"https:\/\/accesolatino.org\/derechos-de-los-migrantes-en-mexico-los-derechos-de-la-comunidad-migrante-en-mexico\/noticias\/"},"wordCount":510,"commentCount":0,"publisher":{"@id":"https:\/\/accesolatino.org\/#organization"},"image":{"@id":"https:\/\/accesolatino.org\/derechos-de-los-migrantes-en-mexico-los-derechos-de-la-comunidad-migrante-en-mexico\/noticias\/#primaryimage"},"thumbnailUrl":"https:\/\/accesolatino.org\/wp-content\/uploads\/2021\/04\/Derechos-Humanos.jpg","keywords":["Ley de Migraci\u00f3n","M\u00e9xico","Migrantes"],"articleSection":["Noticias"],"inLanguage":"en-US","potentialAction":[{"@type":"CommentAction","name":"Comment","target":["https:\/\/accesolatino.org\/derechos-de-los-migrantes-en-mexico-los-derechos-de-la-comunidad-migrante-en-mexico\/noticias\/#respond"]}]},{"@type":"WebPage","@id":"https:\/\/accesolatino.org\/derechos-de-los-migrantes-en-mexico-los-derechos-de-la-comunidad-migrante-en-mexico\/noticias\/","url":"https:\/\/accesolatino.org\/derechos-de-los-migrantes-en-mexico-los-derechos-de-la-comunidad-migrante-en-mexico\/noticias\/","name":"Derechos de los migrantes en M\u00e9xico","isPartOf":{"@id":"https:\/\/accesolatino.org\/#website"},"primaryImageOfPage":{"@id":"https:\/\/accesolatino.org\/derechos-de-los-migrantes-en-mexico-los-derechos-de-la-comunidad-migrante-en-mexico\/noticias\/#primaryimage"},"image":{"@id":"https:\/\/accesolatino.org\/derechos-de-los-migrantes-en-mexico-los-derechos-de-la-comunidad-migrante-en-mexico\/noticias\/#primaryimage"},"thumbnailUrl":"https:\/\/accesolatino.org\/wp-content\/uploads\/2021\/04\/Derechos-Humanos.jpg","datePublished":"2021-04-09T15:03:37+00:00","dateModified":"2025-10-25T01:20:44+00:00","description":"Los derechos de la comunidad migrante en M\u00e9xico.","breadcrumb":{"@id":"https:\/\/accesolatino.org\/derechos-de-los-migrantes-en-mexico-los-derechos-de-la-comunidad-migrante-en-mexico\/noticias\/#breadcrumb"},"inLanguage":"en-US","potentialAction":[{"@type":"ReadAction","target":["https:\/\/accesolatino.org\/derechos-de-los-migrantes-en-mexico-los-derechos-de-la-comunidad-migrante-en-mexico\/noticias\/"]}]},{"@type":"ImageObject","inLanguage":"en-US","@id":"https:\/\/accesolatino.org\/derechos-de-los-migrantes-en-mexico-los-derechos-de-la-comunidad-migrante-en-mexico\/noticias\/#primaryimage","url":"https:\/\/accesolatino.org\/wp-content\/uploads\/2021\/04\/Derechos-Humanos.jpg","contentUrl":"https:\/\/accesolatino.org\/wp-content\/uploads\/2021\/04\/Derechos-Humanos.jpg","width":700,"height":450},{"@type":"BreadcrumbList","@id":"https:\/\/accesolatino.org\/derechos-de-los-migrantes-en-mexico-los-derechos-de-la-comunidad-migrante-en-mexico\/noticias\/#breadcrumb","itemListElement":[{"@type":"ListItem","position":1,"name":"Portada","item":"https:\/\/accesolatino.org\/"},{"@type":"ListItem","position":2,"name":"Noticias","item":"https:\/\/accesolatino.org\/category\/noticias\/"},{"@type":"ListItem","position":3,"name":"Derechos de los migrantes en M\u00e9xico"}]},{"@type":"WebSite","@id":"https:\/\/accesolatino.org\/#website","url":"https:\/\/accesolatino.org\/","name":"Acceso Latino | Fundaci\u00f3n Carlos Slim","description":"Fundaci\u00f3n Carlos Slim","publisher":{"@id":"https:\/\/accesolatino.org\/#organization"},"potentialAction":[{"@type":"SearchAction","target":{"@type":"EntryPoint","urlTemplate":"https:\/\/accesolatino.org\/?s={search_term_string}"},"query-input":{"@type":"PropertyValueSpecification","valueRequired":true,"valueName":"search_term_string"}}],"inLanguage":"en-US"},{"@type":"Organization","@id":"https:\/\/accesolatino.org\/#organization","name":"Acceso Latino | Fundaci\u00f3n Carlos Slim","url":"https:\/\/accesolatino.org\/","logo":{"@type":"ImageObject","inLanguage":"en-US","@id":"https:\/\/accesolatino.org\/#\/schema\/logo\/image\/","url":"https:\/\/accesolatino.org\/wp-content\/uploads\/2021\/02\/logo-footer-acceso-latino.png","contentUrl":"https:\/\/accesolatino.org\/wp-content\/uploads\/2021\/02\/logo-footer-acceso-latino.png","width":240,"height":40,"caption":"Acceso Latino | Fundaci\u00f3n Carlos Slim"},"image":{"@id":"https:\/\/accesolatino.org\/#\/schema\/logo\/image\/"},"sameAs":["https:\/\/www.facebook.com\/AccesoLatinoOrg","https:\/\/x.com\/FAccLatino"]},{"@type":"Person","@id":"https:\/\/accesolatino.org\/#\/schema\/person\/6b654926a4e7e4709c9ad12459661666","name":"News"}]}},"_links":{"self":[{"href":"https:\/\/accesolatino.org\/en\/wp-json\/wp\/v2\/posts\/34776","targetHints":{"allow":["GET"]}}],"collection":[{"href":"https:\/\/accesolatino.org\/en\/wp-json\/wp\/v2\/posts"}],"about":[{"href":"https:\/\/accesolatino.org\/en\/wp-json\/wp\/v2\/types\/post"}],"author":[{"embeddable":true,"href":"https:\/\/accesolatino.org\/en\/wp-json\/wp\/v2\/users\/13"}],"replies":[{"embeddable":true,"href":"https:\/\/accesolatino.org\/en\/wp-json\/wp\/v2\/comments?post=34776"}],"version-history":[{"count":1,"href":"https:\/\/accesolatino.org\/en\/wp-json\/wp\/v2\/posts\/34776\/revisions"}],"predecessor-version":[{"id":65514,"href":"https:\/\/accesolatino.org\/en\/wp-json\/wp\/v2\/posts\/34776\/revisions\/65514"}],"wp:featuredmedia":[{"embeddable":true,"href":"https:\/\/accesolatino.org\/en\/wp-json\/wp\/v2\/media\/34777"}],"wp:attachment":[{"href":"https:\/\/accesolatino.org\/en\/wp-json\/wp\/v2\/media?parent=34776"}],"wp:term":[{"taxonomy":"category","embeddable":true,"href":"https:\/\/accesolatino.org\/en\/wp-json\/wp\/v2\/categories?post=34776"},{"taxonomy":"post_tag","embeddable":true,"href":"https:\/\/accesolatino.org\/en\/wp-json\/wp\/v2\/tags?post=34776"}],"curies":[{"name":"wp","href":"https:\/\/api.w.org\/{rel}","templated":true}]}}