{"id":22857,"date":"2020-09-17T12:18:06","date_gmt":"2020-09-17T17:18:06","guid":{"rendered":"https:\/\/accesolatino.org\/?p=22857"},"modified":"2025-10-25T16:20:01","modified_gmt":"2025-10-25T22:20:01","slug":"corte-aprueba-terminar-tps-para-el-salvador-honduras-haiti-y-sudan","status":"publish","type":"post","link":"https:\/\/accesolatino.org\/en\/corte-aprueba-terminar-tps-para-el-salvador-honduras-haiti-y-sudan\/noticias\/","title":{"rendered":"Corte aprueba terminar TPS para El Salvador, Honduras, Hait\u00ed y Sud\u00e1n"},"content":{"rendered":"<div data-elementor-type=\"wp-post\" data-elementor-id=\"22857\" class=\"elementor elementor-22857\">\n\t\t\t\t\t\t<section class=\"elementor-section elementor-top-section elementor-element elementor-element-2ae491ef elementor-section-boxed elementor-section-height-default elementor-section-height-default wpr-particle-no wpr-jarallax-no wpr-parallax-no wpr-sticky-section-no wpr-equal-height-no\" data-id=\"2ae491ef\" data-element_type=\"section\" data-e-type=\"section\">\n\t\t\t\t\t\t<div class=\"elementor-container elementor-column-gap-default\">\n\t\t\t\t\t<div class=\"elementor-column elementor-col-100 elementor-top-column elementor-element elementor-element-29caa9c0\" data-id=\"29caa9c0\" data-element_type=\"column\" data-e-type=\"column\">\n\t\t\t<div class=\"elementor-widget-wrap elementor-element-populated\">\n\t\t\t\t\t\t<div class=\"elementor-element elementor-element-2572709e elementor-widget elementor-widget-text-editor\" data-id=\"2572709e\" data-element_type=\"widget\" data-e-type=\"widget\" data-widget_type=\"text-editor.default\">\n\t\t\t\t<div class=\"elementor-widget-container\">\n\t\t\t\t\t\t\t\t\t<p>El Noveno Circuito de Apelaciones concedi\u00f3 al gobierno terminar con el programa de Estatus de Protecci\u00f3n Temporal (TPS, por sus siglas en ingl\u00e9s) para El Salvador, Honduras, Hait\u00ed y Sud\u00e1n.<\/p><p>\u201cEste es un d\u00eda oscuro\u201d, expres\u00f3 Elissa D\u00edaz, asociada de Pol\u00edticas de <em>Church World Service<\/em> y presidenta de la Coalici\u00f3n de Inmigraci\u00f3n Interreligiosa. \u201cEl impacto de esta decisi\u00f3n es dif\u00edcil de afrontar. Las vidas de cientos de miles de personas\u2026 est\u00e1n nuevamente en peligro. Ellos y sus hijos y familiares nacidos en Estados Unidos deben estar de luto\u201d.<\/p><p>A\u00f1adi\u00f3 que el Congreso deber\u00eda aprobar el <em>Dream and Promise Act<\/em> que establecer\u00eda un medio a la ciudadan\u00eda para <em>dreamers<\/em> y \u201ctepesianos\u201d despu\u00e9s de la decisi\u00f3n del tribunal en una votaci\u00f3n 2 a 1.<\/p><p>M\u00e1s de 130 mil trabajadores esenciales podr\u00edan ser perjudicados por este fallo, de acuerdo a <em>Church World Service<\/em>.\u00a0<\/p><p>\u201cLos titulares de TPS son miembros integrales de nuestras comunidades. Pagan impuestos, inician negocios, se ofrecen como voluntarios y durante una pandemia que est\u00e1 asolando nuestra naci\u00f3n, est\u00e1n prestando servicio en primera l\u00ednea\u201d, precis\u00f3 el revendo John L. McCullough, presidente y director ejecutivo de <em>Church World Service<\/em>. \u201cQuitarles su estado de protecci\u00f3n es cruel, no s\u00f3lo porque destruir\u00e1 todo lo que han construido aqu\u00ed, sino porque podr\u00eda devolverlos a condiciones potencialmente peligrosas\u201d.\u00a0<\/p><p>Culp\u00f3 al Gobierno de que en lugar de protegerlos los \u201ccontin\u00faan marginando, excluyendo y deportando\u201d, afectando a sus familias, la mayor\u00eda con hijos estadounidenses.<\/p><p>El TPS fue establecido en 1990 para proteger a aquellos que huyen de pa\u00edses arrasados por guerras y desastres con el fin de tener protecci\u00f3n migratoria y autorizaci\u00f3n de empleo. Por 20 a\u00f1os, dem\u00f3cratas y republicanos hab\u00edan ampliado el programa por cada pa\u00eds hasta que se tom\u00f3 la decisi\u00f3n de terminarlo.<\/p><p>\u201cMe enter\u00e9 del TPS cuando el presidente trat\u00f3 de ponerle fin para mi mam\u00e1. Pero como hija de una titular de TPS, no lo pens\u00e9 dos veces antes de enfrentarme al presidente para defender a mi madre y a nuestra familia\u201d, dijo Crista Ramos, una adolescente nacida en EEUU que es la principal demandante en el caso Ramos vs. Wolf (antes Ramos vs. Nielsen) presentado por la Fundaci\u00f3n ACLU del Sur de California, <em>National Day Laborer Organizing Network<\/em> y Sidley Austin LLP en nombre de nueve personas con TPS y cinco ni\u00f1os ciudadanos estadounidenses.<\/p><p>De igual forma, la organizaci\u00f3n CLINIC tambi\u00e9n alz\u00f3 la voz sobre la conclusi\u00f3n de este programa: \u201cEl Congreso cre\u00f3 el Estatus de Protecci\u00f3n Temporal hace m\u00e1s de 30 a\u00f1os con raz\u00f3n, porque ser\u00eda inconcebible deportar a las personas a situaciones de crisis y conflicto\u201d, sentenci\u00f3 Anna Gallagher, directora ejecutiva de CLINIC. \u201cNinguna familia deber\u00eda enfrentarse a la opci\u00f3n de separarse o mudar a toda su familia, incluidos los ni\u00f1os ciudadanos estadounidenses, a un pa\u00eds donde corran peligro\u201d.<\/p><p>USCIS analizar\u00e1 el dictamen del tribunal votado en contra por la juez Morgan Christen.\u00a0<\/p>\t\t\t\t\t\t\t\t<\/div>\n\t\t\t\t<\/div>\n\t\t\t\t\t<\/div>\n\t\t<\/div>\n\t\t\t\t\t<\/div>\n\t\t<\/section>\n\t\t\t\t<\/div>","protected":false},"excerpt":{"rendered":"<p>El Noveno Circuito de Apelaciones concedi\u00f3 al gobierno terminar con el programa de Estatus de Protecci\u00f3n Temporal (TPS, por sus siglas en ingl\u00e9s) para El Salvador, Honduras, Hait\u00ed y Sud\u00e1n. <\/p>","protected":false},"author":13,"featured_media":22860,"comment_status":"open","ping_status":"open","sticky":false,"template":"elementor_header_footer","format":"standard","meta":{"_uf_show_specific_survey":0,"_uf_disable_surveys":false,"footnotes":""},"categories":[10,1],"tags":[],"class_list":["post-22857","post","type-post","status-publish","format-standard","has-post-thumbnail","hentry","category-noticias","category-temas-de-interes"],"aioseo_notices":[],"yoast_head":"<!-- This site is optimized with the Yoast SEO plugin v27.4 - https:\/\/yoast.com\/product\/yoast-seo-wordpress\/ -->\n<title>Corte aprueba terminar TPS para El Salvador, Honduras, Hait\u00ed y Sud\u00e1n<\/title>\n<meta name=\"description\" content=\"El Noveno Circuito de Apelaciones concedi\u00f3 al gobierno terminar con el programa de Estatus de Protecci\u00f3n Temporal\" \/>\n<meta name=\"robots\" content=\"index, follow, max-snippet:-1, max-image-preview:large, max-video-preview:-1\" \/>\n<link rel=\"canonical\" href=\"https:\/\/accesolatino.org\/en\/corte-aprueba-terminar-tps-para-el-salvador-honduras-haiti-y-sudan\/noticias\/\" \/>\n<meta property=\"og:locale\" content=\"en_US\" \/>\n<meta property=\"og:type\" content=\"article\" \/>\n<meta property=\"og:title\" content=\"Corte aprueba terminar TPS para El Salvador, Honduras, Hait\u00ed y Sud\u00e1n\" \/>\n<meta property=\"og:description\" content=\"El Noveno Circuito de Apelaciones concedi\u00f3 al gobierno terminar con el programa de Estatus de Protecci\u00f3n Temporal\" \/>\n<meta property=\"og:url\" content=\"https:\/\/accesolatino.org\/en\/corte-aprueba-terminar-tps-para-el-salvador-honduras-haiti-y-sudan\/noticias\/\" \/>\n<meta property=\"og:site_name\" content=\"Acceso Latino\" \/>\n<meta property=\"article:publisher\" content=\"https:\/\/www.facebook.com\/AccesoLatinoOrg\" \/>\n<meta property=\"article:published_time\" content=\"2020-09-17T17:18:06+00:00\" \/>\n<meta property=\"article:modified_time\" content=\"2025-10-25T22:20:01+00:00\" \/>\n<meta property=\"og:image\" content=\"https:\/\/accesolatino.org\/wp-content\/uploads\/2020\/09\/Corte-aprueba-terminar-TPS-El-Salvador-Honduras.jpg\" \/>\n\t<meta property=\"og:image:width\" content=\"600\" \/>\n\t<meta property=\"og:image:height\" content=\"336\" \/>\n\t<meta property=\"og:image:type\" content=\"image\/jpeg\" \/>\n<meta name=\"author\" content=\"Noticias\" \/>\n<meta name=\"twitter:card\" content=\"summary_large_image\" \/>\n<meta name=\"twitter:creator\" content=\"@FAccLatino\" \/>\n<meta name=\"twitter:site\" content=\"@FAccLatino\" \/>\n<meta name=\"twitter:label1\" content=\"Written by\" \/>\n\t<meta name=\"twitter:data1\" content=\"Noticias\" \/>\n\t<meta name=\"twitter:label2\" content=\"Est. reading time\" \/>\n\t<meta name=\"twitter:data2\" content=\"3 minutes\" \/>\n<script type=\"application\/ld+json\" class=\"yoast-schema-graph\">{\"@context\":\"https:\\\/\\\/schema.org\",\"@graph\":[{\"@type\":\"Article\",\"@id\":\"https:\\\/\\\/accesolatino.org\\\/corte-aprueba-terminar-tps-para-el-salvador-honduras-haiti-y-sudan\\\/noticias\\\/#article\",\"isPartOf\":{\"@id\":\"https:\\\/\\\/accesolatino.org\\\/corte-aprueba-terminar-tps-para-el-salvador-honduras-haiti-y-sudan\\\/noticias\\\/\"},\"author\":{\"name\":\"Noticias\",\"@id\":\"https:\\\/\\\/accesolatino.org\\\/#\\\/schema\\\/person\\\/6b654926a4e7e4709c9ad12459661666\"},\"headline\":\"Corte aprueba terminar TPS para El Salvador, Honduras, Hait\u00ed y Sud\u00e1n\",\"datePublished\":\"2020-09-17T17:18:06+00:00\",\"dateModified\":\"2025-10-25T22:20:01+00:00\",\"mainEntityOfPage\":{\"@id\":\"https:\\\/\\\/accesolatino.org\\\/corte-aprueba-terminar-tps-para-el-salvador-honduras-haiti-y-sudan\\\/noticias\\\/\"},\"wordCount\":531,\"commentCount\":0,\"publisher\":{\"@id\":\"https:\\\/\\\/accesolatino.org\\\/#organization\"},\"image\":{\"@id\":\"https:\\\/\\\/accesolatino.org\\\/corte-aprueba-terminar-tps-para-el-salvador-honduras-haiti-y-sudan\\\/noticias\\\/#primaryimage\"},\"thumbnailUrl\":\"https:\\\/\\\/accesolatino.org\\\/wp-content\\\/uploads\\\/2020\\\/09\\\/Corte-aprueba-terminar-TPS-El-Salvador-Honduras.jpg\",\"articleSection\":[\"Noticias\",\"Temas de inter\u00e9s\"],\"inLanguage\":\"en-US\",\"potentialAction\":[{\"@type\":\"CommentAction\",\"name\":\"Comment\",\"target\":[\"https:\\\/\\\/accesolatino.org\\\/corte-aprueba-terminar-tps-para-el-salvador-honduras-haiti-y-sudan\\\/noticias\\\/#respond\"]}]},{\"@type\":\"WebPage\",\"@id\":\"https:\\\/\\\/accesolatino.org\\\/corte-aprueba-terminar-tps-para-el-salvador-honduras-haiti-y-sudan\\\/noticias\\\/\",\"url\":\"https:\\\/\\\/accesolatino.org\\\/corte-aprueba-terminar-tps-para-el-salvador-honduras-haiti-y-sudan\\\/noticias\\\/\",\"name\":\"Corte aprueba terminar TPS para El Salvador, Honduras, Hait\u00ed y Sud\u00e1n\",\"isPartOf\":{\"@id\":\"https:\\\/\\\/accesolatino.org\\\/#website\"},\"primaryImageOfPage\":{\"@id\":\"https:\\\/\\\/accesolatino.org\\\/corte-aprueba-terminar-tps-para-el-salvador-honduras-haiti-y-sudan\\\/noticias\\\/#primaryimage\"},\"image\":{\"@id\":\"https:\\\/\\\/accesolatino.org\\\/corte-aprueba-terminar-tps-para-el-salvador-honduras-haiti-y-sudan\\\/noticias\\\/#primaryimage\"},\"thumbnailUrl\":\"https:\\\/\\\/accesolatino.org\\\/wp-content\\\/uploads\\\/2020\\\/09\\\/Corte-aprueba-terminar-TPS-El-Salvador-Honduras.jpg\",\"datePublished\":\"2020-09-17T17:18:06+00:00\",\"dateModified\":\"2025-10-25T22:20:01+00:00\",\"description\":\"El Noveno Circuito de Apelaciones concedi\u00f3 al gobierno terminar con el programa de Estatus de Protecci\u00f3n Temporal\",\"breadcrumb\":{\"@id\":\"https:\\\/\\\/accesolatino.org\\\/corte-aprueba-terminar-tps-para-el-salvador-honduras-haiti-y-sudan\\\/noticias\\\/#breadcrumb\"},\"inLanguage\":\"en-US\",\"potentialAction\":[{\"@type\":\"ReadAction\",\"target\":[\"https:\\\/\\\/accesolatino.org\\\/corte-aprueba-terminar-tps-para-el-salvador-honduras-haiti-y-sudan\\\/noticias\\\/\"]}]},{\"@type\":\"ImageObject\",\"inLanguage\":\"en-US\",\"@id\":\"https:\\\/\\\/accesolatino.org\\\/corte-aprueba-terminar-tps-para-el-salvador-honduras-haiti-y-sudan\\\/noticias\\\/#primaryimage\",\"url\":\"https:\\\/\\\/accesolatino.org\\\/wp-content\\\/uploads\\\/2020\\\/09\\\/Corte-aprueba-terminar-TPS-El-Salvador-Honduras.jpg\",\"contentUrl\":\"https:\\\/\\\/accesolatino.org\\\/wp-content\\\/uploads\\\/2020\\\/09\\\/Corte-aprueba-terminar-TPS-El-Salvador-Honduras.jpg\",\"width\":600,\"height\":336},{\"@type\":\"BreadcrumbList\",\"@id\":\"https:\\\/\\\/accesolatino.org\\\/corte-aprueba-terminar-tps-para-el-salvador-honduras-haiti-y-sudan\\\/noticias\\\/#breadcrumb\",\"itemListElement\":[{\"@type\":\"ListItem\",\"position\":1,\"name\":\"Portada\",\"item\":\"https:\\\/\\\/accesolatino.org\\\/\"},{\"@type\":\"ListItem\",\"position\":2,\"name\":\"Noticias\",\"item\":\"https:\\\/\\\/accesolatino.org\\\/category\\\/noticias\\\/\"},{\"@type\":\"ListItem\",\"position\":3,\"name\":\"Corte aprueba terminar TPS para El Salvador, Honduras, Hait\u00ed y Sud\u00e1n\"}]},{\"@type\":\"WebSite\",\"@id\":\"https:\\\/\\\/accesolatino.org\\\/#website\",\"url\":\"https:\\\/\\\/accesolatino.org\\\/\",\"name\":\"Acceso Latino | Fundaci\u00f3n Carlos Slim\",\"description\":\"Fundaci\u00f3n Carlos Slim\",\"publisher\":{\"@id\":\"https:\\\/\\\/accesolatino.org\\\/#organization\"},\"potentialAction\":[{\"@type\":\"SearchAction\",\"target\":{\"@type\":\"EntryPoint\",\"urlTemplate\":\"https:\\\/\\\/accesolatino.org\\\/?s={search_term_string}\"},\"query-input\":{\"@type\":\"PropertyValueSpecification\",\"valueRequired\":true,\"valueName\":\"search_term_string\"}}],\"inLanguage\":\"en-US\"},{\"@type\":\"Organization\",\"@id\":\"https:\\\/\\\/accesolatino.org\\\/#organization\",\"name\":\"Acceso Latino | Fundaci\u00f3n Carlos Slim\",\"url\":\"https:\\\/\\\/accesolatino.org\\\/\",\"logo\":{\"@type\":\"ImageObject\",\"inLanguage\":\"en-US\",\"@id\":\"https:\\\/\\\/accesolatino.org\\\/#\\\/schema\\\/logo\\\/image\\\/\",\"url\":\"https:\\\/\\\/accesolatino.org\\\/wp-content\\\/uploads\\\/2021\\\/02\\\/logo-footer-acceso-latino.png\",\"contentUrl\":\"https:\\\/\\\/accesolatino.org\\\/wp-content\\\/uploads\\\/2021\\\/02\\\/logo-footer-acceso-latino.png\",\"width\":240,\"height\":40,\"caption\":\"Acceso Latino | Fundaci\u00f3n Carlos Slim\"},\"image\":{\"@id\":\"https:\\\/\\\/accesolatino.org\\\/#\\\/schema\\\/logo\\\/image\\\/\"},\"sameAs\":[\"https:\\\/\\\/www.facebook.com\\\/AccesoLatinoOrg\",\"https:\\\/\\\/x.com\\\/FAccLatino\"]},{\"@type\":\"Person\",\"@id\":\"https:\\\/\\\/accesolatino.org\\\/#\\\/schema\\\/person\\\/6b654926a4e7e4709c9ad12459661666\",\"name\":\"Noticias\"}]}<\/script>\n<!-- \/ Yoast SEO plugin. -->","yoast_head_json":{"title":"Corte aprueba terminar TPS para El Salvador, Honduras, Hait\u00ed y Sud\u00e1n","description":"El Noveno Circuito de Apelaciones concedi\u00f3 al gobierno terminar con el programa de Estatus de Protecci\u00f3n Temporal","robots":{"index":"index","follow":"follow","max-snippet":"max-snippet:-1","max-image-preview":"max-image-preview:large","max-video-preview":"max-video-preview:-1"},"canonical":"https:\/\/accesolatino.org\/en\/corte-aprueba-terminar-tps-para-el-salvador-honduras-haiti-y-sudan\/noticias\/","og_locale":"en_US","og_type":"article","og_title":"Corte aprueba terminar TPS para El Salvador, Honduras, Hait\u00ed y Sud\u00e1n","og_description":"El Noveno Circuito de Apelaciones concedi\u00f3 al gobierno terminar con el programa de Estatus de Protecci\u00f3n Temporal","og_url":"https:\/\/accesolatino.org\/en\/corte-aprueba-terminar-tps-para-el-salvador-honduras-haiti-y-sudan\/noticias\/","og_site_name":"Acceso Latino","article_publisher":"https:\/\/www.facebook.com\/AccesoLatinoOrg","article_published_time":"2020-09-17T17:18:06+00:00","article_modified_time":"2025-10-25T22:20:01+00:00","og_image":[{"width":600,"height":336,"url":"https:\/\/accesolatino.org\/wp-content\/uploads\/2020\/09\/Corte-aprueba-terminar-TPS-El-Salvador-Honduras.jpg","type":"image\/jpeg"}],"author":"Noticias","twitter_card":"summary_large_image","twitter_creator":"@FAccLatino","twitter_site":"@FAccLatino","twitter_misc":{"Written by":"Noticias","Est. reading time":"3 minutes"},"schema":{"@context":"https:\/\/schema.org","@graph":[{"@type":"Article","@id":"https:\/\/accesolatino.org\/corte-aprueba-terminar-tps-para-el-salvador-honduras-haiti-y-sudan\/noticias\/#article","isPartOf":{"@id":"https:\/\/accesolatino.org\/corte-aprueba-terminar-tps-para-el-salvador-honduras-haiti-y-sudan\/noticias\/"},"author":{"name":"Noticias","@id":"https:\/\/accesolatino.org\/#\/schema\/person\/6b654926a4e7e4709c9ad12459661666"},"headline":"Corte aprueba terminar TPS para El Salvador, Honduras, Hait\u00ed y Sud\u00e1n","datePublished":"2020-09-17T17:18:06+00:00","dateModified":"2025-10-25T22:20:01+00:00","mainEntityOfPage":{"@id":"https:\/\/accesolatino.org\/corte-aprueba-terminar-tps-para-el-salvador-honduras-haiti-y-sudan\/noticias\/"},"wordCount":531,"commentCount":0,"publisher":{"@id":"https:\/\/accesolatino.org\/#organization"},"image":{"@id":"https:\/\/accesolatino.org\/corte-aprueba-terminar-tps-para-el-salvador-honduras-haiti-y-sudan\/noticias\/#primaryimage"},"thumbnailUrl":"https:\/\/accesolatino.org\/wp-content\/uploads\/2020\/09\/Corte-aprueba-terminar-TPS-El-Salvador-Honduras.jpg","articleSection":["Noticias","Temas de inter\u00e9s"],"inLanguage":"en-US","potentialAction":[{"@type":"CommentAction","name":"Comment","target":["https:\/\/accesolatino.org\/corte-aprueba-terminar-tps-para-el-salvador-honduras-haiti-y-sudan\/noticias\/#respond"]}]},{"@type":"WebPage","@id":"https:\/\/accesolatino.org\/corte-aprueba-terminar-tps-para-el-salvador-honduras-haiti-y-sudan\/noticias\/","url":"https:\/\/accesolatino.org\/corte-aprueba-terminar-tps-para-el-salvador-honduras-haiti-y-sudan\/noticias\/","name":"Corte aprueba terminar TPS para El Salvador, Honduras, Hait\u00ed y Sud\u00e1n","isPartOf":{"@id":"https:\/\/accesolatino.org\/#website"},"primaryImageOfPage":{"@id":"https:\/\/accesolatino.org\/corte-aprueba-terminar-tps-para-el-salvador-honduras-haiti-y-sudan\/noticias\/#primaryimage"},"image":{"@id":"https:\/\/accesolatino.org\/corte-aprueba-terminar-tps-para-el-salvador-honduras-haiti-y-sudan\/noticias\/#primaryimage"},"thumbnailUrl":"https:\/\/accesolatino.org\/wp-content\/uploads\/2020\/09\/Corte-aprueba-terminar-TPS-El-Salvador-Honduras.jpg","datePublished":"2020-09-17T17:18:06+00:00","dateModified":"2025-10-25T22:20:01+00:00","description":"El Noveno Circuito de Apelaciones concedi\u00f3 al gobierno terminar con el programa de Estatus de Protecci\u00f3n Temporal","breadcrumb":{"@id":"https:\/\/accesolatino.org\/corte-aprueba-terminar-tps-para-el-salvador-honduras-haiti-y-sudan\/noticias\/#breadcrumb"},"inLanguage":"en-US","potentialAction":[{"@type":"ReadAction","target":["https:\/\/accesolatino.org\/corte-aprueba-terminar-tps-para-el-salvador-honduras-haiti-y-sudan\/noticias\/"]}]},{"@type":"ImageObject","inLanguage":"en-US","@id":"https:\/\/accesolatino.org\/corte-aprueba-terminar-tps-para-el-salvador-honduras-haiti-y-sudan\/noticias\/#primaryimage","url":"https:\/\/accesolatino.org\/wp-content\/uploads\/2020\/09\/Corte-aprueba-terminar-TPS-El-Salvador-Honduras.jpg","contentUrl":"https:\/\/accesolatino.org\/wp-content\/uploads\/2020\/09\/Corte-aprueba-terminar-TPS-El-Salvador-Honduras.jpg","width":600,"height":336},{"@type":"BreadcrumbList","@id":"https:\/\/accesolatino.org\/corte-aprueba-terminar-tps-para-el-salvador-honduras-haiti-y-sudan\/noticias\/#breadcrumb","itemListElement":[{"@type":"ListItem","position":1,"name":"Portada","item":"https:\/\/accesolatino.org\/"},{"@type":"ListItem","position":2,"name":"Noticias","item":"https:\/\/accesolatino.org\/category\/noticias\/"},{"@type":"ListItem","position":3,"name":"Corte aprueba terminar TPS para El Salvador, Honduras, Hait\u00ed y Sud\u00e1n"}]},{"@type":"WebSite","@id":"https:\/\/accesolatino.org\/#website","url":"https:\/\/accesolatino.org\/","name":"Acceso Latino | Fundaci\u00f3n Carlos Slim","description":"Fundaci\u00f3n Carlos Slim","publisher":{"@id":"https:\/\/accesolatino.org\/#organization"},"potentialAction":[{"@type":"SearchAction","target":{"@type":"EntryPoint","urlTemplate":"https:\/\/accesolatino.org\/?s={search_term_string}"},"query-input":{"@type":"PropertyValueSpecification","valueRequired":true,"valueName":"search_term_string"}}],"inLanguage":"en-US"},{"@type":"Organization","@id":"https:\/\/accesolatino.org\/#organization","name":"Acceso Latino | Fundaci\u00f3n Carlos Slim","url":"https:\/\/accesolatino.org\/","logo":{"@type":"ImageObject","inLanguage":"en-US","@id":"https:\/\/accesolatino.org\/#\/schema\/logo\/image\/","url":"https:\/\/accesolatino.org\/wp-content\/uploads\/2021\/02\/logo-footer-acceso-latino.png","contentUrl":"https:\/\/accesolatino.org\/wp-content\/uploads\/2021\/02\/logo-footer-acceso-latino.png","width":240,"height":40,"caption":"Acceso Latino | Fundaci\u00f3n Carlos Slim"},"image":{"@id":"https:\/\/accesolatino.org\/#\/schema\/logo\/image\/"},"sameAs":["https:\/\/www.facebook.com\/AccesoLatinoOrg","https:\/\/x.com\/FAccLatino"]},{"@type":"Person","@id":"https:\/\/accesolatino.org\/#\/schema\/person\/6b654926a4e7e4709c9ad12459661666","name":"News"}]}},"_links":{"self":[{"href":"https:\/\/accesolatino.org\/en\/wp-json\/wp\/v2\/posts\/22857","targetHints":{"allow":["GET"]}}],"collection":[{"href":"https:\/\/accesolatino.org\/en\/wp-json\/wp\/v2\/posts"}],"about":[{"href":"https:\/\/accesolatino.org\/en\/wp-json\/wp\/v2\/types\/post"}],"author":[{"embeddable":true,"href":"https:\/\/accesolatino.org\/en\/wp-json\/wp\/v2\/users\/13"}],"replies":[{"embeddable":true,"href":"https:\/\/accesolatino.org\/en\/wp-json\/wp\/v2\/comments?post=22857"}],"version-history":[{"count":1,"href":"https:\/\/accesolatino.org\/en\/wp-json\/wp\/v2\/posts\/22857\/revisions"}],"predecessor-version":[{"id":65748,"href":"https:\/\/accesolatino.org\/en\/wp-json\/wp\/v2\/posts\/22857\/revisions\/65748"}],"wp:featuredmedia":[{"embeddable":true,"href":"https:\/\/accesolatino.org\/en\/wp-json\/wp\/v2\/media\/22860"}],"wp:attachment":[{"href":"https:\/\/accesolatino.org\/en\/wp-json\/wp\/v2\/media?parent=22857"}],"wp:term":[{"taxonomy":"category","embeddable":true,"href":"https:\/\/accesolatino.org\/en\/wp-json\/wp\/v2\/categories?post=22857"},{"taxonomy":"post_tag","embeddable":true,"href":"https:\/\/accesolatino.org\/en\/wp-json\/wp\/v2\/tags?post=22857"}],"curies":[{"name":"wp","href":"https:\/\/api.w.org\/{rel}","templated":true}]}}