{"id":22840,"date":"2020-09-16T15:04:05","date_gmt":"2020-09-16T20:04:05","guid":{"rendered":"https:\/\/accesolatino.org\/?p=22840"},"modified":"2025-10-25T16:19:25","modified_gmt":"2025-10-25T22:19:25","slug":"ley-cares-excluye-a-estudiantes-indocumentados","status":"publish","type":"post","link":"https:\/\/accesolatino.org\/en\/ley-cares-excluye-a-estudiantes-indocumentados\/noticias\/","title":{"rendered":"Ley CARES excluye a estudiantes indocumentados"},"content":{"rendered":"<div data-elementor-type=\"wp-post\" data-elementor-id=\"22840\" class=\"elementor elementor-22840\">\n\t\t\t\t\t\t<section class=\"elementor-section elementor-top-section elementor-element elementor-element-2ae491ef elementor-section-boxed elementor-section-height-default elementor-section-height-default wpr-particle-no wpr-jarallax-no wpr-parallax-no wpr-sticky-section-no wpr-equal-height-no\" data-id=\"2ae491ef\" data-element_type=\"section\" data-e-type=\"section\">\n\t\t\t\t\t\t<div class=\"elementor-container elementor-column-gap-default\">\n\t\t\t\t\t<div class=\"elementor-column elementor-col-100 elementor-top-column elementor-element elementor-element-29caa9c0\" data-id=\"29caa9c0\" data-element_type=\"column\" data-e-type=\"column\">\n\t\t\t<div class=\"elementor-widget-wrap elementor-element-populated\">\n\t\t\t\t\t\t<div class=\"elementor-element elementor-element-2572709e elementor-widget elementor-widget-text-editor\" data-id=\"2572709e\" data-element_type=\"widget\" data-e-type=\"widget\" data-widget_type=\"text-editor.default\">\n\t\t\t\t<div class=\"elementor-widget-container\">\n\t\t\t\t\t\t\t\t\t<p>El viernes, la jueza Dabney Friedrich no fall\u00f3 a favor de los j\u00f3venes estudiantes indocumentados, por lo que los excluy\u00f3 de la Ley CARES la cual les brindaba ayuda, as\u00ed lo reconoci\u00f3 la organizaci\u00f3n <em>United We Dream<\/em>.<\/p><p>Los activistas comentaron que la jueza Friedrich hab\u00eda derogado el reglamento del Departamento de Educaci\u00f3n, comandado por la secretaria Betsy DeVos, pero la decisi\u00f3n del Tribunal Federal en Washington D.C. es reducido.<\/p><p>\u201cTras una revisi\u00f3n adicional, esta decisi\u00f3n de la Corte no fue tan completa como se pensaba anteriormente y no se aplica a los fondos de la Ley CARES para estudiantes indocumentados en colegios y universidades\u201d, admite este grupo. \u201cEl fallo s\u00f3lo se aplica a la secci\u00f3n sobre financiamiento y asignaci\u00f3n de K-12 entre escuelas p\u00fablicas y privadas\u201d.<\/p><p>Por esta raz\u00f3n, los <em>dreamers<\/em> universitarios no podr\u00e1n beneficiarse de la Ley de Ayuda, Alivio y Seguridad Econ\u00f3mica por Coronavirus (CARES por sus siglas en ingl\u00e9s), sobre pr\u00e9stamos estudiantiles y otros beneficios como se hab\u00eda estimado.<\/p><p>Sin embargo, <em>United We Dream<\/em>, asegura que la sentencia judicial es una \u201cvictoria\u201d para las comunidades, ya que el Departamento de Educaci\u00f3n no podr\u00e1 transferir fondos de las escuelas p\u00fablicas a las privadas K-12.<\/p><p>Los estudiantes universitarios de California, Washington y Massachusetts s\u00ed han sido favorecidos con otras decisiones en el pasado, resaltan los activistas.<\/p><p>\u201cLa regla establecida por la secretaria DeVos para prohibir la financiaci\u00f3n de los estudiantes indocumentados es insensible e innecesaria, \u00a1y seguimos exigiendo que ella y el Departamento de Educaci\u00f3n que la retiren!\u201d, declararon en un comunicado.<\/p><p>El 1\u00b0 de julio de este a\u00f1o, el Departamento de Educaci\u00f3n emiti\u00f3 una regla provisional (IFR, por sus siglas en ingl\u00e9s) con relaci\u00f3n a los servicios equitativos bajo CARES, pero el 4 de septiembre despu\u00e9s de la demanda NAACP vs DeVos, la corte del Distrito de Columbia present\u00f3 una opini\u00f3n y una orden de anulaci\u00f3n.<\/p>\t\t\t\t\t\t\t\t<\/div>\n\t\t\t\t<\/div>\n\t\t\t\t\t<\/div>\n\t\t<\/div>\n\t\t\t\t\t<\/div>\n\t\t<\/section>\n\t\t\t\t<\/div>","protected":false},"excerpt":{"rendered":"<p>El viernes, la jueza Dabney Friedrich no fall\u00f3 a favor de los j\u00f3venes estudiantes indocumentados, por lo que los excluy\u00f3 de la Ley CARES la cual les brindaba ayuda, as\u00ed lo reconoci\u00f3 la organizaci\u00f3n United We Dream.<\/p>","protected":false},"author":13,"featured_media":22843,"comment_status":"open","ping_status":"open","sticky":false,"template":"elementor_header_footer","format":"standard","meta":{"_uf_show_specific_survey":0,"_uf_disable_surveys":false,"footnotes":""},"categories":[10,1],"tags":[],"class_list":["post-22840","post","type-post","status-publish","format-standard","has-post-thumbnail","hentry","category-noticias","category-temas-de-interes"],"aioseo_notices":[],"yoast_head":"<!-- This site is optimized with the Yoast SEO plugin v27.4 - https:\/\/yoast.com\/product\/yoast-seo-wordpress\/ -->\n<title>Ley CARES excluye a estudiantes indocumentados<\/title>\n<meta name=\"description\" content=\"El viernes, la jueza Dabney Friedrich no fall\u00f3 a favor de los j\u00f3venes estudiantes indocumentados, por lo que los excluy\u00f3 de la Ley CARES\" \/>\n<meta name=\"robots\" content=\"index, follow, max-snippet:-1, max-image-preview:large, max-video-preview:-1\" \/>\n<link rel=\"canonical\" href=\"https:\/\/accesolatino.org\/en\/ley-cares-excluye-a-estudiantes-indocumentados\/noticias\/\" \/>\n<meta property=\"og:locale\" content=\"en_US\" \/>\n<meta property=\"og:type\" content=\"article\" \/>\n<meta property=\"og:title\" content=\"Ley CARES excluye a estudiantes indocumentados\" \/>\n<meta property=\"og:description\" content=\"El viernes, la jueza Dabney Friedrich no fall\u00f3 a favor de los j\u00f3venes estudiantes indocumentados, por lo que los excluy\u00f3 de la Ley CARES\" \/>\n<meta property=\"og:url\" content=\"https:\/\/accesolatino.org\/en\/ley-cares-excluye-a-estudiantes-indocumentados\/noticias\/\" \/>\n<meta property=\"og:site_name\" content=\"Acceso Latino\" \/>\n<meta property=\"article:publisher\" content=\"https:\/\/www.facebook.com\/AccesoLatinoOrg\" \/>\n<meta property=\"article:published_time\" content=\"2020-09-16T20:04:05+00:00\" \/>\n<meta property=\"article:modified_time\" content=\"2025-10-25T22:19:25+00:00\" \/>\n<meta property=\"og:image\" content=\"https:\/\/accesolatino.org\/wp-content\/uploads\/2020\/09\/Ley-CARES-excluye-a-estudiantes-indocumentados.jpg\" \/>\n\t<meta property=\"og:image:width\" content=\"600\" \/>\n\t<meta property=\"og:image:height\" content=\"338\" \/>\n\t<meta property=\"og:image:type\" content=\"image\/jpeg\" \/>\n<meta name=\"author\" content=\"Noticias\" \/>\n<meta name=\"twitter:card\" content=\"summary_large_image\" \/>\n<meta name=\"twitter:creator\" content=\"@FAccLatino\" \/>\n<meta name=\"twitter:site\" content=\"@FAccLatino\" \/>\n<meta name=\"twitter:label1\" content=\"Written by\" \/>\n\t<meta name=\"twitter:data1\" content=\"Noticias\" \/>\n\t<meta name=\"twitter:label2\" content=\"Est. reading time\" \/>\n\t<meta name=\"twitter:data2\" content=\"2 minutes\" \/>\n<script type=\"application\/ld+json\" class=\"yoast-schema-graph\">{\"@context\":\"https:\\\/\\\/schema.org\",\"@graph\":[{\"@type\":\"Article\",\"@id\":\"https:\\\/\\\/accesolatino.org\\\/ley-cares-excluye-a-estudiantes-indocumentados\\\/noticias\\\/#article\",\"isPartOf\":{\"@id\":\"https:\\\/\\\/accesolatino.org\\\/ley-cares-excluye-a-estudiantes-indocumentados\\\/noticias\\\/\"},\"author\":{\"name\":\"Noticias\",\"@id\":\"https:\\\/\\\/accesolatino.org\\\/#\\\/schema\\\/person\\\/6b654926a4e7e4709c9ad12459661666\"},\"headline\":\"Ley CARES excluye a estudiantes indocumentados\",\"datePublished\":\"2020-09-16T20:04:05+00:00\",\"dateModified\":\"2025-10-25T22:19:25+00:00\",\"mainEntityOfPage\":{\"@id\":\"https:\\\/\\\/accesolatino.org\\\/ley-cares-excluye-a-estudiantes-indocumentados\\\/noticias\\\/\"},\"wordCount\":341,\"commentCount\":0,\"publisher\":{\"@id\":\"https:\\\/\\\/accesolatino.org\\\/#organization\"},\"image\":{\"@id\":\"https:\\\/\\\/accesolatino.org\\\/ley-cares-excluye-a-estudiantes-indocumentados\\\/noticias\\\/#primaryimage\"},\"thumbnailUrl\":\"https:\\\/\\\/accesolatino.org\\\/wp-content\\\/uploads\\\/2020\\\/09\\\/Ley-CARES-excluye-a-estudiantes-indocumentados.jpg\",\"articleSection\":[\"Noticias\",\"Temas de inter\u00e9s\"],\"inLanguage\":\"en-US\",\"potentialAction\":[{\"@type\":\"CommentAction\",\"name\":\"Comment\",\"target\":[\"https:\\\/\\\/accesolatino.org\\\/ley-cares-excluye-a-estudiantes-indocumentados\\\/noticias\\\/#respond\"]}]},{\"@type\":\"WebPage\",\"@id\":\"https:\\\/\\\/accesolatino.org\\\/ley-cares-excluye-a-estudiantes-indocumentados\\\/noticias\\\/\",\"url\":\"https:\\\/\\\/accesolatino.org\\\/ley-cares-excluye-a-estudiantes-indocumentados\\\/noticias\\\/\",\"name\":\"Ley CARES excluye a estudiantes indocumentados\",\"isPartOf\":{\"@id\":\"https:\\\/\\\/accesolatino.org\\\/#website\"},\"primaryImageOfPage\":{\"@id\":\"https:\\\/\\\/accesolatino.org\\\/ley-cares-excluye-a-estudiantes-indocumentados\\\/noticias\\\/#primaryimage\"},\"image\":{\"@id\":\"https:\\\/\\\/accesolatino.org\\\/ley-cares-excluye-a-estudiantes-indocumentados\\\/noticias\\\/#primaryimage\"},\"thumbnailUrl\":\"https:\\\/\\\/accesolatino.org\\\/wp-content\\\/uploads\\\/2020\\\/09\\\/Ley-CARES-excluye-a-estudiantes-indocumentados.jpg\",\"datePublished\":\"2020-09-16T20:04:05+00:00\",\"dateModified\":\"2025-10-25T22:19:25+00:00\",\"description\":\"El viernes, la jueza Dabney Friedrich no fall\u00f3 a favor de los j\u00f3venes estudiantes indocumentados, por lo que los excluy\u00f3 de la Ley CARES\",\"breadcrumb\":{\"@id\":\"https:\\\/\\\/accesolatino.org\\\/ley-cares-excluye-a-estudiantes-indocumentados\\\/noticias\\\/#breadcrumb\"},\"inLanguage\":\"en-US\",\"potentialAction\":[{\"@type\":\"ReadAction\",\"target\":[\"https:\\\/\\\/accesolatino.org\\\/ley-cares-excluye-a-estudiantes-indocumentados\\\/noticias\\\/\"]}]},{\"@type\":\"ImageObject\",\"inLanguage\":\"en-US\",\"@id\":\"https:\\\/\\\/accesolatino.org\\\/ley-cares-excluye-a-estudiantes-indocumentados\\\/noticias\\\/#primaryimage\",\"url\":\"https:\\\/\\\/accesolatino.org\\\/wp-content\\\/uploads\\\/2020\\\/09\\\/Ley-CARES-excluye-a-estudiantes-indocumentados.jpg\",\"contentUrl\":\"https:\\\/\\\/accesolatino.org\\\/wp-content\\\/uploads\\\/2020\\\/09\\\/Ley-CARES-excluye-a-estudiantes-indocumentados.jpg\",\"width\":600,\"height\":338},{\"@type\":\"BreadcrumbList\",\"@id\":\"https:\\\/\\\/accesolatino.org\\\/ley-cares-excluye-a-estudiantes-indocumentados\\\/noticias\\\/#breadcrumb\",\"itemListElement\":[{\"@type\":\"ListItem\",\"position\":1,\"name\":\"Portada\",\"item\":\"https:\\\/\\\/accesolatino.org\\\/\"},{\"@type\":\"ListItem\",\"position\":2,\"name\":\"Noticias\",\"item\":\"https:\\\/\\\/accesolatino.org\\\/category\\\/noticias\\\/\"},{\"@type\":\"ListItem\",\"position\":3,\"name\":\"Ley CARES excluye a estudiantes indocumentados\"}]},{\"@type\":\"WebSite\",\"@id\":\"https:\\\/\\\/accesolatino.org\\\/#website\",\"url\":\"https:\\\/\\\/accesolatino.org\\\/\",\"name\":\"Acceso Latino | Fundaci\u00f3n Carlos Slim\",\"description\":\"Fundaci\u00f3n Carlos Slim\",\"publisher\":{\"@id\":\"https:\\\/\\\/accesolatino.org\\\/#organization\"},\"potentialAction\":[{\"@type\":\"SearchAction\",\"target\":{\"@type\":\"EntryPoint\",\"urlTemplate\":\"https:\\\/\\\/accesolatino.org\\\/?s={search_term_string}\"},\"query-input\":{\"@type\":\"PropertyValueSpecification\",\"valueRequired\":true,\"valueName\":\"search_term_string\"}}],\"inLanguage\":\"en-US\"},{\"@type\":\"Organization\",\"@id\":\"https:\\\/\\\/accesolatino.org\\\/#organization\",\"name\":\"Acceso Latino | Fundaci\u00f3n Carlos Slim\",\"url\":\"https:\\\/\\\/accesolatino.org\\\/\",\"logo\":{\"@type\":\"ImageObject\",\"inLanguage\":\"en-US\",\"@id\":\"https:\\\/\\\/accesolatino.org\\\/#\\\/schema\\\/logo\\\/image\\\/\",\"url\":\"https:\\\/\\\/accesolatino.org\\\/wp-content\\\/uploads\\\/2021\\\/02\\\/logo-footer-acceso-latino.png\",\"contentUrl\":\"https:\\\/\\\/accesolatino.org\\\/wp-content\\\/uploads\\\/2021\\\/02\\\/logo-footer-acceso-latino.png\",\"width\":240,\"height\":40,\"caption\":\"Acceso Latino | Fundaci\u00f3n Carlos Slim\"},\"image\":{\"@id\":\"https:\\\/\\\/accesolatino.org\\\/#\\\/schema\\\/logo\\\/image\\\/\"},\"sameAs\":[\"https:\\\/\\\/www.facebook.com\\\/AccesoLatinoOrg\",\"https:\\\/\\\/x.com\\\/FAccLatino\"]},{\"@type\":\"Person\",\"@id\":\"https:\\\/\\\/accesolatino.org\\\/#\\\/schema\\\/person\\\/6b654926a4e7e4709c9ad12459661666\",\"name\":\"Noticias\"}]}<\/script>\n<!-- \/ Yoast SEO plugin. -->","yoast_head_json":{"title":"Ley CARES excluye a estudiantes indocumentados","description":"El viernes, la jueza Dabney Friedrich no fall\u00f3 a favor de los j\u00f3venes estudiantes indocumentados, por lo que los excluy\u00f3 de la Ley CARES","robots":{"index":"index","follow":"follow","max-snippet":"max-snippet:-1","max-image-preview":"max-image-preview:large","max-video-preview":"max-video-preview:-1"},"canonical":"https:\/\/accesolatino.org\/en\/ley-cares-excluye-a-estudiantes-indocumentados\/noticias\/","og_locale":"en_US","og_type":"article","og_title":"Ley CARES excluye a estudiantes indocumentados","og_description":"El viernes, la jueza Dabney Friedrich no fall\u00f3 a favor de los j\u00f3venes estudiantes indocumentados, por lo que los excluy\u00f3 de la Ley CARES","og_url":"https:\/\/accesolatino.org\/en\/ley-cares-excluye-a-estudiantes-indocumentados\/noticias\/","og_site_name":"Acceso Latino","article_publisher":"https:\/\/www.facebook.com\/AccesoLatinoOrg","article_published_time":"2020-09-16T20:04:05+00:00","article_modified_time":"2025-10-25T22:19:25+00:00","og_image":[{"width":600,"height":338,"url":"https:\/\/accesolatino.org\/wp-content\/uploads\/2020\/09\/Ley-CARES-excluye-a-estudiantes-indocumentados.jpg","type":"image\/jpeg"}],"author":"Noticias","twitter_card":"summary_large_image","twitter_creator":"@FAccLatino","twitter_site":"@FAccLatino","twitter_misc":{"Written by":"Noticias","Est. reading time":"2 minutes"},"schema":{"@context":"https:\/\/schema.org","@graph":[{"@type":"Article","@id":"https:\/\/accesolatino.org\/ley-cares-excluye-a-estudiantes-indocumentados\/noticias\/#article","isPartOf":{"@id":"https:\/\/accesolatino.org\/ley-cares-excluye-a-estudiantes-indocumentados\/noticias\/"},"author":{"name":"Noticias","@id":"https:\/\/accesolatino.org\/#\/schema\/person\/6b654926a4e7e4709c9ad12459661666"},"headline":"Ley CARES excluye a estudiantes indocumentados","datePublished":"2020-09-16T20:04:05+00:00","dateModified":"2025-10-25T22:19:25+00:00","mainEntityOfPage":{"@id":"https:\/\/accesolatino.org\/ley-cares-excluye-a-estudiantes-indocumentados\/noticias\/"},"wordCount":341,"commentCount":0,"publisher":{"@id":"https:\/\/accesolatino.org\/#organization"},"image":{"@id":"https:\/\/accesolatino.org\/ley-cares-excluye-a-estudiantes-indocumentados\/noticias\/#primaryimage"},"thumbnailUrl":"https:\/\/accesolatino.org\/wp-content\/uploads\/2020\/09\/Ley-CARES-excluye-a-estudiantes-indocumentados.jpg","articleSection":["Noticias","Temas de inter\u00e9s"],"inLanguage":"en-US","potentialAction":[{"@type":"CommentAction","name":"Comment","target":["https:\/\/accesolatino.org\/ley-cares-excluye-a-estudiantes-indocumentados\/noticias\/#respond"]}]},{"@type":"WebPage","@id":"https:\/\/accesolatino.org\/ley-cares-excluye-a-estudiantes-indocumentados\/noticias\/","url":"https:\/\/accesolatino.org\/ley-cares-excluye-a-estudiantes-indocumentados\/noticias\/","name":"Ley CARES excluye a estudiantes indocumentados","isPartOf":{"@id":"https:\/\/accesolatino.org\/#website"},"primaryImageOfPage":{"@id":"https:\/\/accesolatino.org\/ley-cares-excluye-a-estudiantes-indocumentados\/noticias\/#primaryimage"},"image":{"@id":"https:\/\/accesolatino.org\/ley-cares-excluye-a-estudiantes-indocumentados\/noticias\/#primaryimage"},"thumbnailUrl":"https:\/\/accesolatino.org\/wp-content\/uploads\/2020\/09\/Ley-CARES-excluye-a-estudiantes-indocumentados.jpg","datePublished":"2020-09-16T20:04:05+00:00","dateModified":"2025-10-25T22:19:25+00:00","description":"El viernes, la jueza Dabney Friedrich no fall\u00f3 a favor de los j\u00f3venes estudiantes indocumentados, por lo que los excluy\u00f3 de la Ley CARES","breadcrumb":{"@id":"https:\/\/accesolatino.org\/ley-cares-excluye-a-estudiantes-indocumentados\/noticias\/#breadcrumb"},"inLanguage":"en-US","potentialAction":[{"@type":"ReadAction","target":["https:\/\/accesolatino.org\/ley-cares-excluye-a-estudiantes-indocumentados\/noticias\/"]}]},{"@type":"ImageObject","inLanguage":"en-US","@id":"https:\/\/accesolatino.org\/ley-cares-excluye-a-estudiantes-indocumentados\/noticias\/#primaryimage","url":"https:\/\/accesolatino.org\/wp-content\/uploads\/2020\/09\/Ley-CARES-excluye-a-estudiantes-indocumentados.jpg","contentUrl":"https:\/\/accesolatino.org\/wp-content\/uploads\/2020\/09\/Ley-CARES-excluye-a-estudiantes-indocumentados.jpg","width":600,"height":338},{"@type":"BreadcrumbList","@id":"https:\/\/accesolatino.org\/ley-cares-excluye-a-estudiantes-indocumentados\/noticias\/#breadcrumb","itemListElement":[{"@type":"ListItem","position":1,"name":"Portada","item":"https:\/\/accesolatino.org\/"},{"@type":"ListItem","position":2,"name":"Noticias","item":"https:\/\/accesolatino.org\/category\/noticias\/"},{"@type":"ListItem","position":3,"name":"Ley CARES excluye a estudiantes indocumentados"}]},{"@type":"WebSite","@id":"https:\/\/accesolatino.org\/#website","url":"https:\/\/accesolatino.org\/","name":"Acceso Latino | Fundaci\u00f3n Carlos Slim","description":"Fundaci\u00f3n Carlos Slim","publisher":{"@id":"https:\/\/accesolatino.org\/#organization"},"potentialAction":[{"@type":"SearchAction","target":{"@type":"EntryPoint","urlTemplate":"https:\/\/accesolatino.org\/?s={search_term_string}"},"query-input":{"@type":"PropertyValueSpecification","valueRequired":true,"valueName":"search_term_string"}}],"inLanguage":"en-US"},{"@type":"Organization","@id":"https:\/\/accesolatino.org\/#organization","name":"Acceso Latino | Fundaci\u00f3n Carlos Slim","url":"https:\/\/accesolatino.org\/","logo":{"@type":"ImageObject","inLanguage":"en-US","@id":"https:\/\/accesolatino.org\/#\/schema\/logo\/image\/","url":"https:\/\/accesolatino.org\/wp-content\/uploads\/2021\/02\/logo-footer-acceso-latino.png","contentUrl":"https:\/\/accesolatino.org\/wp-content\/uploads\/2021\/02\/logo-footer-acceso-latino.png","width":240,"height":40,"caption":"Acceso Latino | Fundaci\u00f3n Carlos Slim"},"image":{"@id":"https:\/\/accesolatino.org\/#\/schema\/logo\/image\/"},"sameAs":["https:\/\/www.facebook.com\/AccesoLatinoOrg","https:\/\/x.com\/FAccLatino"]},{"@type":"Person","@id":"https:\/\/accesolatino.org\/#\/schema\/person\/6b654926a4e7e4709c9ad12459661666","name":"News"}]}},"_links":{"self":[{"href":"https:\/\/accesolatino.org\/en\/wp-json\/wp\/v2\/posts\/22840","targetHints":{"allow":["GET"]}}],"collection":[{"href":"https:\/\/accesolatino.org\/en\/wp-json\/wp\/v2\/posts"}],"about":[{"href":"https:\/\/accesolatino.org\/en\/wp-json\/wp\/v2\/types\/post"}],"author":[{"embeddable":true,"href":"https:\/\/accesolatino.org\/en\/wp-json\/wp\/v2\/users\/13"}],"replies":[{"embeddable":true,"href":"https:\/\/accesolatino.org\/en\/wp-json\/wp\/v2\/comments?post=22840"}],"version-history":[{"count":1,"href":"https:\/\/accesolatino.org\/en\/wp-json\/wp\/v2\/posts\/22840\/revisions"}],"predecessor-version":[{"id":65746,"href":"https:\/\/accesolatino.org\/en\/wp-json\/wp\/v2\/posts\/22840\/revisions\/65746"}],"wp:featuredmedia":[{"embeddable":true,"href":"https:\/\/accesolatino.org\/en\/wp-json\/wp\/v2\/media\/22843"}],"wp:attachment":[{"href":"https:\/\/accesolatino.org\/en\/wp-json\/wp\/v2\/media?parent=22840"}],"wp:term":[{"taxonomy":"category","embeddable":true,"href":"https:\/\/accesolatino.org\/en\/wp-json\/wp\/v2\/categories?post=22840"},{"taxonomy":"post_tag","embeddable":true,"href":"https:\/\/accesolatino.org\/en\/wp-json\/wp\/v2\/tags?post=22840"}],"curies":[{"name":"wp","href":"https:\/\/api.w.org\/{rel}","templated":true}]}}