{"id":22822,"date":"2020-09-15T06:00:00","date_gmt":"2020-09-15T11:00:00","guid":{"rendered":"https:\/\/accesolatino.org\/?p=22822"},"modified":"2025-10-25T16:19:14","modified_gmt":"2025-10-25T22:19:14","slug":"mes-de-la-herencia-hispana-descubre-estos-5-datos","status":"publish","type":"post","link":"https:\/\/accesolatino.org\/en\/mes-de-la-herencia-hispana-descubre-estos-5-datos\/noticias\/","title":{"rendered":"Mes de la Herencia Hispana: descubre estos 5 datos"},"content":{"rendered":"<div data-elementor-type=\"wp-post\" data-elementor-id=\"22822\" class=\"elementor elementor-22822\">\n\t\t\t\t\t\t<section class=\"elementor-section elementor-top-section elementor-element elementor-element-2ae491ef elementor-section-boxed elementor-section-height-default elementor-section-height-default wpr-particle-no wpr-jarallax-no wpr-parallax-no wpr-sticky-section-no wpr-equal-height-no\" data-id=\"2ae491ef\" data-element_type=\"section\" data-e-type=\"section\">\n\t\t\t\t\t\t<div class=\"elementor-container elementor-column-gap-default\">\n\t\t\t\t\t<div class=\"elementor-column elementor-col-100 elementor-top-column elementor-element elementor-element-29caa9c0\" data-id=\"29caa9c0\" data-element_type=\"column\" data-e-type=\"column\">\n\t\t\t<div class=\"elementor-widget-wrap elementor-element-populated\">\n\t\t\t\t\t\t<div class=\"elementor-element elementor-element-2572709e elementor-widget elementor-widget-text-editor\" data-id=\"2572709e\" data-element_type=\"widget\" data-e-type=\"widget\" data-widget_type=\"text-editor.default\">\n\t\t\t\t<div class=\"elementor-widget-container\">\n\t\t\t\t\t\t\t\t\t<p>Esta fecha lleva m\u00e1s de 40 a\u00f1os celebr\u00e1ndose en Estados Unidos, resaltando el orgullo y la diversidad que sienten millones de hispanos que viven en este pa\u00eds.<\/p><p>Por esta raz\u00f3n, te presentamos 5 datos para que conozcas sobre esta importante celebraci\u00f3n:<\/p><ol><li><strong>\u00bfQu\u00e9 es el Mes de la Herencia Hispana?<\/strong><\/li><\/ol><p>Celebra la historia, cultura e influenza de generaciones que llegaron de Espa\u00f1a, M\u00e9xico, el Caribe, Centro y Sudam\u00e9rica, a nivel nacional.<\/p><p>En 1968, el entonces presidente Lyndon Johnson, la instaur\u00f3 como la \u201cSemana de la Herencia Hispana\u201d, pero fue Ronald Reagan quien la ampli\u00f3 a todo un mes, y el 17 de agosto de 1988 se convirti\u00f3 en ley.<\/p><ol start=\"2\"><li><strong>\u00bfCu\u00e1ndo se celebra?<\/strong><\/li><\/ol><p>Esta fiesta abarca del 15 de septiembre al 15 de octubre, y se conoce como el <strong>Mes Nacional de la Herencia Hispana. <\/strong>Empieza a mediados de mes, porque ese d\u00eda se conmemora la independencia de Costa Rica, El Salvador, Guatemala, Honduras y Nicaragua.<\/p><p>Le siguen los aniversarios de la independencia de M\u00e9xico (el 16) y de Chile (el 18). Tambi\u00e9n cubre el D\u00eda de la Raza que se festeja el 12 de octubre.<\/p><ol start=\"3\"><li><strong>\u00bfQu\u00e9 quiere decir \u201chispano\u201d?<\/strong><\/li><\/ol><p>Aunque \u201clatino\u201d e \u201chispano\u201d se usan como sin\u00f3nimos, la realidad es que no es as\u00ed. Una persona hispana proviene o es descendiente de alguien que vino de alg\u00fan pa\u00eds de habla hispana; mientras que latino es para una persona que es o desciende de alguien que viene de Am\u00e9rica Latina.<\/p><p>Se puede ser hispano y latino a la vez, pero no viceversa, ya que los brasile\u00f1os, por ejemplo, no hablan espa\u00f1ol. Asimismo, no todos los hispanos son latinos ya que los espa\u00f1oles por vivir en Europa no lo pueden ser.<\/p><p>Es por eso que aclaramos cu\u00e1les son los pa\u00edses hispanos y cu\u00e1les los latinos:<\/p><p><u>Pa\u00edses hispanos<\/u>: Argentina, Bolivia, Chile, Colombia, Costa Rica, Cuba, Ecuador, El Salvador, Espa\u00f1a, Guatemala, Guinea Ecuatorial, Honduras, M\u00e9xico, Nicaragua, Panam\u00e1, Paraguay, Per\u00fa, Puerto Rico, Rep\u00fablica Dominicana, Uruguay y Venezuela.<\/p><p><u>Pa\u00edses latinos<\/u>: Argentina, Bolivia, Brasil, Chile, Colombia, Costa Rica, Cuba, Ecuador, El Salvador, Guayana Francesa, Guadalupe, Guatemala, Hait\u00ed, Honduras, Martinica, M\u00e9xico, Nicaragua, Panam\u00e1, Paraguay, Per\u00fa, Puerto Rico, Rep\u00fablica Dominicana, San Bartolom\u00e9, San Mart\u00edn, Uruguay y Venezuela.<\/p><ol start=\"4\"><li><strong>\u00bfCu\u00e1ntos hispanos hay en Estados Unidos?<\/strong><\/li><\/ol><p>La Oficina del Censo estima que desde el 1\u00b0 de julio de 2017, hay 58.9 millones en todo el pa\u00eds, siendo el segundo grupo \u00e9tnico despu\u00e9s de los asi\u00e1ticos con m\u00e1s crecimiento, seg\u00fan informaci\u00f3n del <em>Pew Research Center<\/em>. Los hispanos conforman el 18.1% de la poblaci\u00f3n.<\/p><ol start=\"5\"><li><strong>\u00bfC\u00f3mo celebrar?<\/strong><\/li><\/ol><p>Hay quienes hacen donaciones a organizaciones ben\u00e9ficas para demostrar su orgullo; otros consumen alimentos de los diferentes pa\u00edses, aprenden de sus culturas, y rinden homenaje a hispanos que han impactado a la sociedad.<\/p>\t\t\t\t\t\t\t\t<\/div>\n\t\t\t\t<\/div>\n\t\t\t\t\t<\/div>\n\t\t<\/div>\n\t\t\t\t\t<\/div>\n\t\t<\/section>\n\t\t\t\t<\/div>","protected":false},"excerpt":{"rendered":"<p>Esta fecha lleva m\u00e1s de 40 a\u00f1os celebr\u00e1ndose en Estados Unidos, resaltando el orgullo y la diversidad que sienten millones de hispanos que viven en este pa\u00eds.<\/p>","protected":false},"author":13,"featured_media":22827,"comment_status":"open","ping_status":"open","sticky":false,"template":"elementor_header_footer","format":"standard","meta":{"_uf_show_specific_survey":0,"_uf_disable_surveys":false,"footnotes":""},"categories":[10,1],"tags":[],"class_list":["post-22822","post","type-post","status-publish","format-standard","has-post-thumbnail","hentry","category-noticias","category-temas-de-interes"],"aioseo_notices":[],"yoast_head":"<!-- This site is optimized with the Yoast SEO plugin v27.4 - https:\/\/yoast.com\/product\/yoast-seo-wordpress\/ -->\n<title>Mes de la Herencia Hispana: descubre estos 5 datos<\/title>\n<meta name=\"description\" content=\"Esta fecha lleva m\u00e1s de 40 a\u00f1os celebr\u00e1ndose en Estados Unidos, resaltando el orgullo y la diversidad que sienten millones de hispanos\" \/>\n<meta name=\"robots\" content=\"index, follow, max-snippet:-1, max-image-preview:large, max-video-preview:-1\" \/>\n<link rel=\"canonical\" href=\"https:\/\/accesolatino.org\/en\/mes-de-la-herencia-hispana-descubre-estos-5-datos\/noticias\/\" \/>\n<meta property=\"og:locale\" content=\"en_US\" \/>\n<meta property=\"og:type\" content=\"article\" \/>\n<meta property=\"og:title\" content=\"Mes de la Herencia Hispana: descubre estos 5 datos\" \/>\n<meta property=\"og:description\" content=\"Esta fecha lleva m\u00e1s de 40 a\u00f1os celebr\u00e1ndose en Estados Unidos, resaltando el orgullo y la diversidad que sienten millones de hispanos\" \/>\n<meta property=\"og:url\" content=\"https:\/\/accesolatino.org\/en\/mes-de-la-herencia-hispana-descubre-estos-5-datos\/noticias\/\" \/>\n<meta property=\"og:site_name\" content=\"Acceso Latino\" \/>\n<meta property=\"article:publisher\" content=\"https:\/\/www.facebook.com\/AccesoLatinoOrg\" \/>\n<meta property=\"article:published_time\" content=\"2020-09-15T11:00:00+00:00\" \/>\n<meta property=\"article:modified_time\" content=\"2025-10-25T22:19:14+00:00\" \/>\n<meta property=\"og:image\" content=\"https:\/\/accesolatino.org\/wp-content\/uploads\/2020\/09\/Mes-de-la-Herencia-Hispana-descubre-estos-5-datos.jpg\" \/>\n\t<meta property=\"og:image:width\" content=\"600\" \/>\n\t<meta property=\"og:image:height\" content=\"338\" \/>\n\t<meta property=\"og:image:type\" content=\"image\/jpeg\" \/>\n<meta name=\"author\" content=\"Noticias\" \/>\n<meta name=\"twitter:card\" content=\"summary_large_image\" \/>\n<meta name=\"twitter:creator\" content=\"@FAccLatino\" \/>\n<meta name=\"twitter:site\" content=\"@FAccLatino\" \/>\n<meta name=\"twitter:label1\" content=\"Written by\" \/>\n\t<meta name=\"twitter:data1\" content=\"Noticias\" \/>\n\t<meta name=\"twitter:label2\" content=\"Est. reading time\" \/>\n\t<meta name=\"twitter:data2\" content=\"3 minutes\" \/>\n<script type=\"application\/ld+json\" class=\"yoast-schema-graph\">{\"@context\":\"https:\\\/\\\/schema.org\",\"@graph\":[{\"@type\":\"Article\",\"@id\":\"https:\\\/\\\/accesolatino.org\\\/mes-de-la-herencia-hispana-descubre-estos-5-datos\\\/noticias\\\/#article\",\"isPartOf\":{\"@id\":\"https:\\\/\\\/accesolatino.org\\\/mes-de-la-herencia-hispana-descubre-estos-5-datos\\\/noticias\\\/\"},\"author\":{\"name\":\"Noticias\",\"@id\":\"https:\\\/\\\/accesolatino.org\\\/#\\\/schema\\\/person\\\/6b654926a4e7e4709c9ad12459661666\"},\"headline\":\"Mes de la Herencia Hispana: descubre estos 5 datos\",\"datePublished\":\"2020-09-15T11:00:00+00:00\",\"dateModified\":\"2025-10-25T22:19:14+00:00\",\"mainEntityOfPage\":{\"@id\":\"https:\\\/\\\/accesolatino.org\\\/mes-de-la-herencia-hispana-descubre-estos-5-datos\\\/noticias\\\/\"},\"wordCount\":481,\"commentCount\":0,\"publisher\":{\"@id\":\"https:\\\/\\\/accesolatino.org\\\/#organization\"},\"image\":{\"@id\":\"https:\\\/\\\/accesolatino.org\\\/mes-de-la-herencia-hispana-descubre-estos-5-datos\\\/noticias\\\/#primaryimage\"},\"thumbnailUrl\":\"https:\\\/\\\/accesolatino.org\\\/wp-content\\\/uploads\\\/2020\\\/09\\\/Mes-de-la-Herencia-Hispana-descubre-estos-5-datos.jpg\",\"articleSection\":[\"Noticias\",\"Temas de inter\u00e9s\"],\"inLanguage\":\"en-US\",\"potentialAction\":[{\"@type\":\"CommentAction\",\"name\":\"Comment\",\"target\":[\"https:\\\/\\\/accesolatino.org\\\/mes-de-la-herencia-hispana-descubre-estos-5-datos\\\/noticias\\\/#respond\"]}]},{\"@type\":\"WebPage\",\"@id\":\"https:\\\/\\\/accesolatino.org\\\/mes-de-la-herencia-hispana-descubre-estos-5-datos\\\/noticias\\\/\",\"url\":\"https:\\\/\\\/accesolatino.org\\\/mes-de-la-herencia-hispana-descubre-estos-5-datos\\\/noticias\\\/\",\"name\":\"Mes de la Herencia Hispana: descubre estos 5 datos\",\"isPartOf\":{\"@id\":\"https:\\\/\\\/accesolatino.org\\\/#website\"},\"primaryImageOfPage\":{\"@id\":\"https:\\\/\\\/accesolatino.org\\\/mes-de-la-herencia-hispana-descubre-estos-5-datos\\\/noticias\\\/#primaryimage\"},\"image\":{\"@id\":\"https:\\\/\\\/accesolatino.org\\\/mes-de-la-herencia-hispana-descubre-estos-5-datos\\\/noticias\\\/#primaryimage\"},\"thumbnailUrl\":\"https:\\\/\\\/accesolatino.org\\\/wp-content\\\/uploads\\\/2020\\\/09\\\/Mes-de-la-Herencia-Hispana-descubre-estos-5-datos.jpg\",\"datePublished\":\"2020-09-15T11:00:00+00:00\",\"dateModified\":\"2025-10-25T22:19:14+00:00\",\"description\":\"Esta fecha lleva m\u00e1s de 40 a\u00f1os celebr\u00e1ndose en Estados Unidos, resaltando el orgullo y la diversidad que sienten millones de hispanos\",\"breadcrumb\":{\"@id\":\"https:\\\/\\\/accesolatino.org\\\/mes-de-la-herencia-hispana-descubre-estos-5-datos\\\/noticias\\\/#breadcrumb\"},\"inLanguage\":\"en-US\",\"potentialAction\":[{\"@type\":\"ReadAction\",\"target\":[\"https:\\\/\\\/accesolatino.org\\\/mes-de-la-herencia-hispana-descubre-estos-5-datos\\\/noticias\\\/\"]}]},{\"@type\":\"ImageObject\",\"inLanguage\":\"en-US\",\"@id\":\"https:\\\/\\\/accesolatino.org\\\/mes-de-la-herencia-hispana-descubre-estos-5-datos\\\/noticias\\\/#primaryimage\",\"url\":\"https:\\\/\\\/accesolatino.org\\\/wp-content\\\/uploads\\\/2020\\\/09\\\/Mes-de-la-Herencia-Hispana-descubre-estos-5-datos.jpg\",\"contentUrl\":\"https:\\\/\\\/accesolatino.org\\\/wp-content\\\/uploads\\\/2020\\\/09\\\/Mes-de-la-Herencia-Hispana-descubre-estos-5-datos.jpg\",\"width\":600,\"height\":338},{\"@type\":\"BreadcrumbList\",\"@id\":\"https:\\\/\\\/accesolatino.org\\\/mes-de-la-herencia-hispana-descubre-estos-5-datos\\\/noticias\\\/#breadcrumb\",\"itemListElement\":[{\"@type\":\"ListItem\",\"position\":1,\"name\":\"Portada\",\"item\":\"https:\\\/\\\/accesolatino.org\\\/\"},{\"@type\":\"ListItem\",\"position\":2,\"name\":\"Noticias\",\"item\":\"https:\\\/\\\/accesolatino.org\\\/category\\\/noticias\\\/\"},{\"@type\":\"ListItem\",\"position\":3,\"name\":\"Mes de la Herencia Hispana: descubre estos 5 datos\"}]},{\"@type\":\"WebSite\",\"@id\":\"https:\\\/\\\/accesolatino.org\\\/#website\",\"url\":\"https:\\\/\\\/accesolatino.org\\\/\",\"name\":\"Acceso Latino | Fundaci\u00f3n Carlos Slim\",\"description\":\"Fundaci\u00f3n Carlos Slim\",\"publisher\":{\"@id\":\"https:\\\/\\\/accesolatino.org\\\/#organization\"},\"potentialAction\":[{\"@type\":\"SearchAction\",\"target\":{\"@type\":\"EntryPoint\",\"urlTemplate\":\"https:\\\/\\\/accesolatino.org\\\/?s={search_term_string}\"},\"query-input\":{\"@type\":\"PropertyValueSpecification\",\"valueRequired\":true,\"valueName\":\"search_term_string\"}}],\"inLanguage\":\"en-US\"},{\"@type\":\"Organization\",\"@id\":\"https:\\\/\\\/accesolatino.org\\\/#organization\",\"name\":\"Acceso Latino | Fundaci\u00f3n Carlos Slim\",\"url\":\"https:\\\/\\\/accesolatino.org\\\/\",\"logo\":{\"@type\":\"ImageObject\",\"inLanguage\":\"en-US\",\"@id\":\"https:\\\/\\\/accesolatino.org\\\/#\\\/schema\\\/logo\\\/image\\\/\",\"url\":\"https:\\\/\\\/accesolatino.org\\\/wp-content\\\/uploads\\\/2021\\\/02\\\/logo-footer-acceso-latino.png\",\"contentUrl\":\"https:\\\/\\\/accesolatino.org\\\/wp-content\\\/uploads\\\/2021\\\/02\\\/logo-footer-acceso-latino.png\",\"width\":240,\"height\":40,\"caption\":\"Acceso Latino | Fundaci\u00f3n Carlos Slim\"},\"image\":{\"@id\":\"https:\\\/\\\/accesolatino.org\\\/#\\\/schema\\\/logo\\\/image\\\/\"},\"sameAs\":[\"https:\\\/\\\/www.facebook.com\\\/AccesoLatinoOrg\",\"https:\\\/\\\/x.com\\\/FAccLatino\"]},{\"@type\":\"Person\",\"@id\":\"https:\\\/\\\/accesolatino.org\\\/#\\\/schema\\\/person\\\/6b654926a4e7e4709c9ad12459661666\",\"name\":\"Noticias\"}]}<\/script>\n<!-- \/ Yoast SEO plugin. -->","yoast_head_json":{"title":"Mes de la Herencia Hispana: descubre estos 5 datos","description":"Esta fecha lleva m\u00e1s de 40 a\u00f1os celebr\u00e1ndose en Estados Unidos, resaltando el orgullo y la diversidad que sienten millones de hispanos","robots":{"index":"index","follow":"follow","max-snippet":"max-snippet:-1","max-image-preview":"max-image-preview:large","max-video-preview":"max-video-preview:-1"},"canonical":"https:\/\/accesolatino.org\/en\/mes-de-la-herencia-hispana-descubre-estos-5-datos\/noticias\/","og_locale":"en_US","og_type":"article","og_title":"Mes de la Herencia Hispana: descubre estos 5 datos","og_description":"Esta fecha lleva m\u00e1s de 40 a\u00f1os celebr\u00e1ndose en Estados Unidos, resaltando el orgullo y la diversidad que sienten millones de hispanos","og_url":"https:\/\/accesolatino.org\/en\/mes-de-la-herencia-hispana-descubre-estos-5-datos\/noticias\/","og_site_name":"Acceso Latino","article_publisher":"https:\/\/www.facebook.com\/AccesoLatinoOrg","article_published_time":"2020-09-15T11:00:00+00:00","article_modified_time":"2025-10-25T22:19:14+00:00","og_image":[{"width":600,"height":338,"url":"https:\/\/accesolatino.org\/wp-content\/uploads\/2020\/09\/Mes-de-la-Herencia-Hispana-descubre-estos-5-datos.jpg","type":"image\/jpeg"}],"author":"Noticias","twitter_card":"summary_large_image","twitter_creator":"@FAccLatino","twitter_site":"@FAccLatino","twitter_misc":{"Written by":"Noticias","Est. reading time":"3 minutes"},"schema":{"@context":"https:\/\/schema.org","@graph":[{"@type":"Article","@id":"https:\/\/accesolatino.org\/mes-de-la-herencia-hispana-descubre-estos-5-datos\/noticias\/#article","isPartOf":{"@id":"https:\/\/accesolatino.org\/mes-de-la-herencia-hispana-descubre-estos-5-datos\/noticias\/"},"author":{"name":"Noticias","@id":"https:\/\/accesolatino.org\/#\/schema\/person\/6b654926a4e7e4709c9ad12459661666"},"headline":"Mes de la Herencia Hispana: descubre estos 5 datos","datePublished":"2020-09-15T11:00:00+00:00","dateModified":"2025-10-25T22:19:14+00:00","mainEntityOfPage":{"@id":"https:\/\/accesolatino.org\/mes-de-la-herencia-hispana-descubre-estos-5-datos\/noticias\/"},"wordCount":481,"commentCount":0,"publisher":{"@id":"https:\/\/accesolatino.org\/#organization"},"image":{"@id":"https:\/\/accesolatino.org\/mes-de-la-herencia-hispana-descubre-estos-5-datos\/noticias\/#primaryimage"},"thumbnailUrl":"https:\/\/accesolatino.org\/wp-content\/uploads\/2020\/09\/Mes-de-la-Herencia-Hispana-descubre-estos-5-datos.jpg","articleSection":["Noticias","Temas de inter\u00e9s"],"inLanguage":"en-US","potentialAction":[{"@type":"CommentAction","name":"Comment","target":["https:\/\/accesolatino.org\/mes-de-la-herencia-hispana-descubre-estos-5-datos\/noticias\/#respond"]}]},{"@type":"WebPage","@id":"https:\/\/accesolatino.org\/mes-de-la-herencia-hispana-descubre-estos-5-datos\/noticias\/","url":"https:\/\/accesolatino.org\/mes-de-la-herencia-hispana-descubre-estos-5-datos\/noticias\/","name":"Mes de la Herencia Hispana: descubre estos 5 datos","isPartOf":{"@id":"https:\/\/accesolatino.org\/#website"},"primaryImageOfPage":{"@id":"https:\/\/accesolatino.org\/mes-de-la-herencia-hispana-descubre-estos-5-datos\/noticias\/#primaryimage"},"image":{"@id":"https:\/\/accesolatino.org\/mes-de-la-herencia-hispana-descubre-estos-5-datos\/noticias\/#primaryimage"},"thumbnailUrl":"https:\/\/accesolatino.org\/wp-content\/uploads\/2020\/09\/Mes-de-la-Herencia-Hispana-descubre-estos-5-datos.jpg","datePublished":"2020-09-15T11:00:00+00:00","dateModified":"2025-10-25T22:19:14+00:00","description":"Esta fecha lleva m\u00e1s de 40 a\u00f1os celebr\u00e1ndose en Estados Unidos, resaltando el orgullo y la diversidad que sienten millones de hispanos","breadcrumb":{"@id":"https:\/\/accesolatino.org\/mes-de-la-herencia-hispana-descubre-estos-5-datos\/noticias\/#breadcrumb"},"inLanguage":"en-US","potentialAction":[{"@type":"ReadAction","target":["https:\/\/accesolatino.org\/mes-de-la-herencia-hispana-descubre-estos-5-datos\/noticias\/"]}]},{"@type":"ImageObject","inLanguage":"en-US","@id":"https:\/\/accesolatino.org\/mes-de-la-herencia-hispana-descubre-estos-5-datos\/noticias\/#primaryimage","url":"https:\/\/accesolatino.org\/wp-content\/uploads\/2020\/09\/Mes-de-la-Herencia-Hispana-descubre-estos-5-datos.jpg","contentUrl":"https:\/\/accesolatino.org\/wp-content\/uploads\/2020\/09\/Mes-de-la-Herencia-Hispana-descubre-estos-5-datos.jpg","width":600,"height":338},{"@type":"BreadcrumbList","@id":"https:\/\/accesolatino.org\/mes-de-la-herencia-hispana-descubre-estos-5-datos\/noticias\/#breadcrumb","itemListElement":[{"@type":"ListItem","position":1,"name":"Portada","item":"https:\/\/accesolatino.org\/"},{"@type":"ListItem","position":2,"name":"Noticias","item":"https:\/\/accesolatino.org\/category\/noticias\/"},{"@type":"ListItem","position":3,"name":"Mes de la Herencia Hispana: descubre estos 5 datos"}]},{"@type":"WebSite","@id":"https:\/\/accesolatino.org\/#website","url":"https:\/\/accesolatino.org\/","name":"Acceso Latino | Fundaci\u00f3n Carlos Slim","description":"Fundaci\u00f3n Carlos Slim","publisher":{"@id":"https:\/\/accesolatino.org\/#organization"},"potentialAction":[{"@type":"SearchAction","target":{"@type":"EntryPoint","urlTemplate":"https:\/\/accesolatino.org\/?s={search_term_string}"},"query-input":{"@type":"PropertyValueSpecification","valueRequired":true,"valueName":"search_term_string"}}],"inLanguage":"en-US"},{"@type":"Organization","@id":"https:\/\/accesolatino.org\/#organization","name":"Acceso Latino | Fundaci\u00f3n Carlos Slim","url":"https:\/\/accesolatino.org\/","logo":{"@type":"ImageObject","inLanguage":"en-US","@id":"https:\/\/accesolatino.org\/#\/schema\/logo\/image\/","url":"https:\/\/accesolatino.org\/wp-content\/uploads\/2021\/02\/logo-footer-acceso-latino.png","contentUrl":"https:\/\/accesolatino.org\/wp-content\/uploads\/2021\/02\/logo-footer-acceso-latino.png","width":240,"height":40,"caption":"Acceso Latino | Fundaci\u00f3n Carlos Slim"},"image":{"@id":"https:\/\/accesolatino.org\/#\/schema\/logo\/image\/"},"sameAs":["https:\/\/www.facebook.com\/AccesoLatinoOrg","https:\/\/x.com\/FAccLatino"]},{"@type":"Person","@id":"https:\/\/accesolatino.org\/#\/schema\/person\/6b654926a4e7e4709c9ad12459661666","name":"News"}]}},"_links":{"self":[{"href":"https:\/\/accesolatino.org\/en\/wp-json\/wp\/v2\/posts\/22822","targetHints":{"allow":["GET"]}}],"collection":[{"href":"https:\/\/accesolatino.org\/en\/wp-json\/wp\/v2\/posts"}],"about":[{"href":"https:\/\/accesolatino.org\/en\/wp-json\/wp\/v2\/types\/post"}],"author":[{"embeddable":true,"href":"https:\/\/accesolatino.org\/en\/wp-json\/wp\/v2\/users\/13"}],"replies":[{"embeddable":true,"href":"https:\/\/accesolatino.org\/en\/wp-json\/wp\/v2\/comments?post=22822"}],"version-history":[{"count":1,"href":"https:\/\/accesolatino.org\/en\/wp-json\/wp\/v2\/posts\/22822\/revisions"}],"predecessor-version":[{"id":65745,"href":"https:\/\/accesolatino.org\/en\/wp-json\/wp\/v2\/posts\/22822\/revisions\/65745"}],"wp:featuredmedia":[{"embeddable":true,"href":"https:\/\/accesolatino.org\/en\/wp-json\/wp\/v2\/media\/22827"}],"wp:attachment":[{"href":"https:\/\/accesolatino.org\/en\/wp-json\/wp\/v2\/media?parent=22822"}],"wp:term":[{"taxonomy":"category","embeddable":true,"href":"https:\/\/accesolatino.org\/en\/wp-json\/wp\/v2\/categories?post=22822"},{"taxonomy":"post_tag","embeddable":true,"href":"https:\/\/accesolatino.org\/en\/wp-json\/wp\/v2\/tags?post=22822"}],"curies":[{"name":"wp","href":"https:\/\/api.w.org\/{rel}","templated":true}]}}