{"id":22771,"date":"2020-09-10T10:43:51","date_gmt":"2020-09-10T15:43:51","guid":{"rendered":"https:\/\/accesolatino.org\/?p=22771"},"modified":"2025-10-25T16:17:39","modified_gmt":"2025-10-25T22:17:39","slug":"activistas-demandan-a-uscis-por-alza-en-tramites-de-naturalizacion","status":"publish","type":"post","link":"https:\/\/accesolatino.org\/en\/activistas-demandan-a-uscis-por-alza-en-tramites-de-naturalizacion\/noticias\/","title":{"rendered":"Activistas demandan a USCIS por alza en tr\u00e1mites de naturalizaci\u00f3n"},"content":{"rendered":"<div data-elementor-type=\"wp-post\" data-elementor-id=\"22771\" class=\"elementor elementor-22771\">\n\t\t\t\t\t\t<section class=\"elementor-section elementor-top-section elementor-element elementor-element-2ae491ef elementor-section-boxed elementor-section-height-default elementor-section-height-default wpr-particle-no wpr-jarallax-no wpr-parallax-no wpr-sticky-section-no wpr-equal-height-no\" data-id=\"2ae491ef\" data-element_type=\"section\" data-e-type=\"section\">\n\t\t\t\t\t\t<div class=\"elementor-container elementor-column-gap-default\">\n\t\t\t\t\t<div class=\"elementor-column elementor-col-100 elementor-top-column elementor-element elementor-element-29caa9c0\" data-id=\"29caa9c0\" data-element_type=\"column\" data-e-type=\"column\">\n\t\t\t<div class=\"elementor-widget-wrap elementor-element-populated\">\n\t\t\t\t\t\t<div class=\"elementor-element elementor-element-2572709e elementor-widget elementor-widget-text-editor\" data-id=\"2572709e\" data-element_type=\"widget\" data-e-type=\"widget\" data-widget_type=\"text-editor.default\">\n\t\t\t\t<div class=\"elementor-widget-container\">\n\t\t\t\t\t\t\t\t\t<p>La organizaci\u00f3n Project Citizenship, apoyada por la firma Ropes &amp; Gray, demand\u00f3 al Departamento de Seguridad Nacional (DHS) y a USCIS (Servicios de Ciudadan\u00eda e Inmigraci\u00f3n) porque cree que el alza a los tr\u00e1mites de naturalizaci\u00f3n se trata de una manera de calificar la riqueza de los inmigrantes.<\/p><p>La demanda busca que el incremento del 83% de la tarifa, que a partir del 2 de octubre pasar\u00e1 de US$725 a US$1,170, sea frenado y, por si fuera poco, una exenci\u00f3n de tarifas para inmigrantes de escasos recursos, tampoco se considerar\u00e1.<\/p><p>\u201cEl cambio propuesto crea una prueba de riqueza para la naturalizaci\u00f3n, lo que hace que la ciudadan\u00eda sea completamente inaccesible para los inmigrantes de bajos ingresos\u201d, denuncian los activistas.<\/p><p>La organizaci\u00f3n asegura que esta medida se efectuar\u00e1 \u201cjusto a tiempo\u201d de cara a las elecciones del 3 de noviembre, pero le solicitan al Tribunal de Massachusetts, donde se present\u00f3 la demanda, que declare \u201cla regla ilegal\u201d, \u201canulaci\u00f3n\u201d y brindarles a los demandantes los costos de abogados y reparaciones que consideren justas.<\/p><p>USCIS desde el 2011 no aument\u00f3 sus tarifas para los solicitantes que demostraban no tener suficientes recursos econ\u00f3micos, pero s\u00ed contaban con los requisitos necesarios para lograr su ciudadan\u00eda. Las personas que eran protegidas por esa exenci\u00f3n eran aquellas cuyos ingresos eran inferiores al 150% de las Pautas Federales de Pobreza, o que hab\u00edan perdido su trabajo, o hab\u00edan gastado mucho en servicios m\u00e9dicos.<\/p><p>En el 2017, casi el 40% de las solicitudes de naturalizaci\u00f3n contuvieron una exenci\u00f3n de tarifas. \u201cEn efecto, este cambio constituye una prueba de riqueza para la ciudadan\u00eda, evitando que un gran n\u00famero de residentes permanentes de bajos ingresos se conviertan en ciudadanos, y sus hijos LPR (con residencia permanente) obtengan la ciudadan\u00eda, a pesar de que califican para ello\u201d, se lee en la demanda de 99 p\u00e1ginas, que incluye los anexos de formularios y los memor\u00e1ndums de nuevas tarifas de USCIS.<\/p><p>Project Citizenship propone la naturalizaci\u00f3n permanente de residentes por medio de servicios legales gratuitos. Adem\u00e1s, el 70% de sus clientes viven en la pobreza.<\/p><p>Sugieren que quienes quieran aplicar por su <em>Green Card holders<\/em> lo hagan antes de que se cumpla el incremento.<\/p>\t\t\t\t\t\t\t\t<\/div>\n\t\t\t\t<\/div>\n\t\t\t\t\t<\/div>\n\t\t<\/div>\n\t\t\t\t\t<\/div>\n\t\t<\/section>\n\t\t\t\t<\/div>","protected":false},"excerpt":{"rendered":"<p>La organizaci\u00f3n Project Citizenship, apoyada por la firma Ropes &#038; Gray, demand\u00f3 al Departamento de Seguridad Nacional (DHS) y a USCIS (Servicios de Ciudadan\u00eda e Inmigraci\u00f3n) porque cree que el alza a los tr\u00e1mites de naturalizaci\u00f3n se trata de una manera de calificar la riqueza de los inmigrantes.<\/p>","protected":false},"author":13,"featured_media":22776,"comment_status":"open","ping_status":"open","sticky":false,"template":"elementor_header_footer","format":"standard","meta":{"_uf_show_specific_survey":0,"_uf_disable_surveys":false,"footnotes":""},"categories":[10,1],"tags":[],"class_list":["post-22771","post","type-post","status-publish","format-standard","has-post-thumbnail","hentry","category-noticias","category-temas-de-interes"],"aioseo_notices":[],"yoast_head":"<!-- This site is optimized with the Yoast SEO plugin v27.4 - https:\/\/yoast.com\/product\/yoast-seo-wordpress\/ -->\n<title>Activistas demandan a USCIS por alza en tr\u00e1mites de naturalizaci\u00f3n<\/title>\n<meta name=\"description\" content=\"La organizaci\u00f3n Project Citizenship, apoyada por la firma Ropes &amp; Gray, demand\u00f3 al Departamento de Seguridad Nacional (DHS) y a USCIS\" \/>\n<meta name=\"robots\" content=\"index, follow, max-snippet:-1, max-image-preview:large, max-video-preview:-1\" \/>\n<link rel=\"canonical\" href=\"https:\/\/accesolatino.org\/en\/activistas-demandan-a-uscis-por-alza-en-tramites-de-naturalizacion\/noticias\/\" \/>\n<meta property=\"og:locale\" content=\"en_US\" \/>\n<meta property=\"og:type\" content=\"article\" \/>\n<meta property=\"og:title\" content=\"Activistas demandan a USCIS por alza en tr\u00e1mites de naturalizaci\u00f3n\" \/>\n<meta property=\"og:description\" content=\"La organizaci\u00f3n Project Citizenship, apoyada por la firma Ropes &amp; Gray, demand\u00f3 al Departamento de Seguridad Nacional (DHS) y a USCIS\" \/>\n<meta property=\"og:url\" content=\"https:\/\/accesolatino.org\/en\/activistas-demandan-a-uscis-por-alza-en-tramites-de-naturalizacion\/noticias\/\" \/>\n<meta property=\"og:site_name\" content=\"Acceso Latino\" \/>\n<meta property=\"article:publisher\" content=\"https:\/\/www.facebook.com\/AccesoLatinoOrg\" \/>\n<meta property=\"article:published_time\" content=\"2020-09-10T15:43:51+00:00\" \/>\n<meta property=\"article:modified_time\" content=\"2025-10-25T22:17:39+00:00\" \/>\n<meta property=\"og:image\" content=\"https:\/\/accesolatino.org\/wp-content\/uploads\/2020\/09\/Activistas-demandan-a-USCIS-por-alza-en-tramites-de-naturalizacion.jpg\" \/>\n\t<meta property=\"og:image:width\" content=\"600\" \/>\n\t<meta property=\"og:image:height\" content=\"336\" \/>\n\t<meta property=\"og:image:type\" content=\"image\/jpeg\" \/>\n<meta name=\"author\" content=\"Noticias\" \/>\n<meta name=\"twitter:card\" content=\"summary_large_image\" \/>\n<meta name=\"twitter:creator\" content=\"@FAccLatino\" \/>\n<meta name=\"twitter:site\" content=\"@FAccLatino\" \/>\n<meta name=\"twitter:label1\" content=\"Written by\" \/>\n\t<meta name=\"twitter:data1\" content=\"Noticias\" \/>\n\t<meta name=\"twitter:label2\" content=\"Est. reading time\" \/>\n\t<meta name=\"twitter:data2\" content=\"2 minutes\" \/>\n<script type=\"application\/ld+json\" class=\"yoast-schema-graph\">{\"@context\":\"https:\\\/\\\/schema.org\",\"@graph\":[{\"@type\":\"Article\",\"@id\":\"https:\\\/\\\/accesolatino.org\\\/activistas-demandan-a-uscis-por-alza-en-tramites-de-naturalizacion\\\/noticias\\\/#article\",\"isPartOf\":{\"@id\":\"https:\\\/\\\/accesolatino.org\\\/activistas-demandan-a-uscis-por-alza-en-tramites-de-naturalizacion\\\/noticias\\\/\"},\"author\":{\"name\":\"Noticias\",\"@id\":\"https:\\\/\\\/accesolatino.org\\\/#\\\/schema\\\/person\\\/6b654926a4e7e4709c9ad12459661666\"},\"headline\":\"Activistas demandan a USCIS por alza en tr\u00e1mites de naturalizaci\u00f3n\",\"datePublished\":\"2020-09-10T15:43:51+00:00\",\"dateModified\":\"2025-10-25T22:17:39+00:00\",\"mainEntityOfPage\":{\"@id\":\"https:\\\/\\\/accesolatino.org\\\/activistas-demandan-a-uscis-por-alza-en-tramites-de-naturalizacion\\\/noticias\\\/\"},\"wordCount\":387,\"commentCount\":0,\"publisher\":{\"@id\":\"https:\\\/\\\/accesolatino.org\\\/#organization\"},\"image\":{\"@id\":\"https:\\\/\\\/accesolatino.org\\\/activistas-demandan-a-uscis-por-alza-en-tramites-de-naturalizacion\\\/noticias\\\/#primaryimage\"},\"thumbnailUrl\":\"https:\\\/\\\/accesolatino.org\\\/wp-content\\\/uploads\\\/2020\\\/09\\\/Activistas-demandan-a-USCIS-por-alza-en-tramites-de-naturalizacion.jpg\",\"articleSection\":[\"Noticias\",\"Temas de inter\u00e9s\"],\"inLanguage\":\"en-US\",\"potentialAction\":[{\"@type\":\"CommentAction\",\"name\":\"Comment\",\"target\":[\"https:\\\/\\\/accesolatino.org\\\/activistas-demandan-a-uscis-por-alza-en-tramites-de-naturalizacion\\\/noticias\\\/#respond\"]}]},{\"@type\":\"WebPage\",\"@id\":\"https:\\\/\\\/accesolatino.org\\\/activistas-demandan-a-uscis-por-alza-en-tramites-de-naturalizacion\\\/noticias\\\/\",\"url\":\"https:\\\/\\\/accesolatino.org\\\/activistas-demandan-a-uscis-por-alza-en-tramites-de-naturalizacion\\\/noticias\\\/\",\"name\":\"Activistas demandan a USCIS por alza en tr\u00e1mites de naturalizaci\u00f3n\",\"isPartOf\":{\"@id\":\"https:\\\/\\\/accesolatino.org\\\/#website\"},\"primaryImageOfPage\":{\"@id\":\"https:\\\/\\\/accesolatino.org\\\/activistas-demandan-a-uscis-por-alza-en-tramites-de-naturalizacion\\\/noticias\\\/#primaryimage\"},\"image\":{\"@id\":\"https:\\\/\\\/accesolatino.org\\\/activistas-demandan-a-uscis-por-alza-en-tramites-de-naturalizacion\\\/noticias\\\/#primaryimage\"},\"thumbnailUrl\":\"https:\\\/\\\/accesolatino.org\\\/wp-content\\\/uploads\\\/2020\\\/09\\\/Activistas-demandan-a-USCIS-por-alza-en-tramites-de-naturalizacion.jpg\",\"datePublished\":\"2020-09-10T15:43:51+00:00\",\"dateModified\":\"2025-10-25T22:17:39+00:00\",\"description\":\"La organizaci\u00f3n Project Citizenship, apoyada por la firma Ropes & Gray, demand\u00f3 al Departamento de Seguridad Nacional (DHS) y a USCIS\",\"breadcrumb\":{\"@id\":\"https:\\\/\\\/accesolatino.org\\\/activistas-demandan-a-uscis-por-alza-en-tramites-de-naturalizacion\\\/noticias\\\/#breadcrumb\"},\"inLanguage\":\"en-US\",\"potentialAction\":[{\"@type\":\"ReadAction\",\"target\":[\"https:\\\/\\\/accesolatino.org\\\/activistas-demandan-a-uscis-por-alza-en-tramites-de-naturalizacion\\\/noticias\\\/\"]}]},{\"@type\":\"ImageObject\",\"inLanguage\":\"en-US\",\"@id\":\"https:\\\/\\\/accesolatino.org\\\/activistas-demandan-a-uscis-por-alza-en-tramites-de-naturalizacion\\\/noticias\\\/#primaryimage\",\"url\":\"https:\\\/\\\/accesolatino.org\\\/wp-content\\\/uploads\\\/2020\\\/09\\\/Activistas-demandan-a-USCIS-por-alza-en-tramites-de-naturalizacion.jpg\",\"contentUrl\":\"https:\\\/\\\/accesolatino.org\\\/wp-content\\\/uploads\\\/2020\\\/09\\\/Activistas-demandan-a-USCIS-por-alza-en-tramites-de-naturalizacion.jpg\",\"width\":600,\"height\":336},{\"@type\":\"BreadcrumbList\",\"@id\":\"https:\\\/\\\/accesolatino.org\\\/activistas-demandan-a-uscis-por-alza-en-tramites-de-naturalizacion\\\/noticias\\\/#breadcrumb\",\"itemListElement\":[{\"@type\":\"ListItem\",\"position\":1,\"name\":\"Portada\",\"item\":\"https:\\\/\\\/accesolatino.org\\\/\"},{\"@type\":\"ListItem\",\"position\":2,\"name\":\"Noticias\",\"item\":\"https:\\\/\\\/accesolatino.org\\\/category\\\/noticias\\\/\"},{\"@type\":\"ListItem\",\"position\":3,\"name\":\"Activistas demandan a USCIS por alza en tr\u00e1mites de naturalizaci\u00f3n\"}]},{\"@type\":\"WebSite\",\"@id\":\"https:\\\/\\\/accesolatino.org\\\/#website\",\"url\":\"https:\\\/\\\/accesolatino.org\\\/\",\"name\":\"Acceso Latino | Fundaci\u00f3n Carlos Slim\",\"description\":\"Fundaci\u00f3n Carlos Slim\",\"publisher\":{\"@id\":\"https:\\\/\\\/accesolatino.org\\\/#organization\"},\"potentialAction\":[{\"@type\":\"SearchAction\",\"target\":{\"@type\":\"EntryPoint\",\"urlTemplate\":\"https:\\\/\\\/accesolatino.org\\\/?s={search_term_string}\"},\"query-input\":{\"@type\":\"PropertyValueSpecification\",\"valueRequired\":true,\"valueName\":\"search_term_string\"}}],\"inLanguage\":\"en-US\"},{\"@type\":\"Organization\",\"@id\":\"https:\\\/\\\/accesolatino.org\\\/#organization\",\"name\":\"Acceso Latino | Fundaci\u00f3n Carlos Slim\",\"url\":\"https:\\\/\\\/accesolatino.org\\\/\",\"logo\":{\"@type\":\"ImageObject\",\"inLanguage\":\"en-US\",\"@id\":\"https:\\\/\\\/accesolatino.org\\\/#\\\/schema\\\/logo\\\/image\\\/\",\"url\":\"https:\\\/\\\/accesolatino.org\\\/wp-content\\\/uploads\\\/2021\\\/02\\\/logo-footer-acceso-latino.png\",\"contentUrl\":\"https:\\\/\\\/accesolatino.org\\\/wp-content\\\/uploads\\\/2021\\\/02\\\/logo-footer-acceso-latino.png\",\"width\":240,\"height\":40,\"caption\":\"Acceso Latino | Fundaci\u00f3n Carlos Slim\"},\"image\":{\"@id\":\"https:\\\/\\\/accesolatino.org\\\/#\\\/schema\\\/logo\\\/image\\\/\"},\"sameAs\":[\"https:\\\/\\\/www.facebook.com\\\/AccesoLatinoOrg\",\"https:\\\/\\\/x.com\\\/FAccLatino\"]},{\"@type\":\"Person\",\"@id\":\"https:\\\/\\\/accesolatino.org\\\/#\\\/schema\\\/person\\\/6b654926a4e7e4709c9ad12459661666\",\"name\":\"Noticias\"}]}<\/script>\n<!-- \/ Yoast SEO plugin. -->","yoast_head_json":{"title":"Activistas demandan a USCIS por alza en tr\u00e1mites de naturalizaci\u00f3n","description":"La organizaci\u00f3n Project Citizenship, apoyada por la firma Ropes & Gray, demand\u00f3 al Departamento de Seguridad Nacional (DHS) y a USCIS","robots":{"index":"index","follow":"follow","max-snippet":"max-snippet:-1","max-image-preview":"max-image-preview:large","max-video-preview":"max-video-preview:-1"},"canonical":"https:\/\/accesolatino.org\/en\/activistas-demandan-a-uscis-por-alza-en-tramites-de-naturalizacion\/noticias\/","og_locale":"en_US","og_type":"article","og_title":"Activistas demandan a USCIS por alza en tr\u00e1mites de naturalizaci\u00f3n","og_description":"La organizaci\u00f3n Project Citizenship, apoyada por la firma Ropes & Gray, demand\u00f3 al Departamento de Seguridad Nacional (DHS) y a USCIS","og_url":"https:\/\/accesolatino.org\/en\/activistas-demandan-a-uscis-por-alza-en-tramites-de-naturalizacion\/noticias\/","og_site_name":"Acceso Latino","article_publisher":"https:\/\/www.facebook.com\/AccesoLatinoOrg","article_published_time":"2020-09-10T15:43:51+00:00","article_modified_time":"2025-10-25T22:17:39+00:00","og_image":[{"width":600,"height":336,"url":"https:\/\/accesolatino.org\/wp-content\/uploads\/2020\/09\/Activistas-demandan-a-USCIS-por-alza-en-tramites-de-naturalizacion.jpg","type":"image\/jpeg"}],"author":"Noticias","twitter_card":"summary_large_image","twitter_creator":"@FAccLatino","twitter_site":"@FAccLatino","twitter_misc":{"Written by":"Noticias","Est. reading time":"2 minutes"},"schema":{"@context":"https:\/\/schema.org","@graph":[{"@type":"Article","@id":"https:\/\/accesolatino.org\/activistas-demandan-a-uscis-por-alza-en-tramites-de-naturalizacion\/noticias\/#article","isPartOf":{"@id":"https:\/\/accesolatino.org\/activistas-demandan-a-uscis-por-alza-en-tramites-de-naturalizacion\/noticias\/"},"author":{"name":"Noticias","@id":"https:\/\/accesolatino.org\/#\/schema\/person\/6b654926a4e7e4709c9ad12459661666"},"headline":"Activistas demandan a USCIS por alza en tr\u00e1mites de naturalizaci\u00f3n","datePublished":"2020-09-10T15:43:51+00:00","dateModified":"2025-10-25T22:17:39+00:00","mainEntityOfPage":{"@id":"https:\/\/accesolatino.org\/activistas-demandan-a-uscis-por-alza-en-tramites-de-naturalizacion\/noticias\/"},"wordCount":387,"commentCount":0,"publisher":{"@id":"https:\/\/accesolatino.org\/#organization"},"image":{"@id":"https:\/\/accesolatino.org\/activistas-demandan-a-uscis-por-alza-en-tramites-de-naturalizacion\/noticias\/#primaryimage"},"thumbnailUrl":"https:\/\/accesolatino.org\/wp-content\/uploads\/2020\/09\/Activistas-demandan-a-USCIS-por-alza-en-tramites-de-naturalizacion.jpg","articleSection":["Noticias","Temas de inter\u00e9s"],"inLanguage":"en-US","potentialAction":[{"@type":"CommentAction","name":"Comment","target":["https:\/\/accesolatino.org\/activistas-demandan-a-uscis-por-alza-en-tramites-de-naturalizacion\/noticias\/#respond"]}]},{"@type":"WebPage","@id":"https:\/\/accesolatino.org\/activistas-demandan-a-uscis-por-alza-en-tramites-de-naturalizacion\/noticias\/","url":"https:\/\/accesolatino.org\/activistas-demandan-a-uscis-por-alza-en-tramites-de-naturalizacion\/noticias\/","name":"Activistas demandan a USCIS por alza en tr\u00e1mites de naturalizaci\u00f3n","isPartOf":{"@id":"https:\/\/accesolatino.org\/#website"},"primaryImageOfPage":{"@id":"https:\/\/accesolatino.org\/activistas-demandan-a-uscis-por-alza-en-tramites-de-naturalizacion\/noticias\/#primaryimage"},"image":{"@id":"https:\/\/accesolatino.org\/activistas-demandan-a-uscis-por-alza-en-tramites-de-naturalizacion\/noticias\/#primaryimage"},"thumbnailUrl":"https:\/\/accesolatino.org\/wp-content\/uploads\/2020\/09\/Activistas-demandan-a-USCIS-por-alza-en-tramites-de-naturalizacion.jpg","datePublished":"2020-09-10T15:43:51+00:00","dateModified":"2025-10-25T22:17:39+00:00","description":"La organizaci\u00f3n Project Citizenship, apoyada por la firma Ropes & Gray, demand\u00f3 al Departamento de Seguridad Nacional (DHS) y a USCIS","breadcrumb":{"@id":"https:\/\/accesolatino.org\/activistas-demandan-a-uscis-por-alza-en-tramites-de-naturalizacion\/noticias\/#breadcrumb"},"inLanguage":"en-US","potentialAction":[{"@type":"ReadAction","target":["https:\/\/accesolatino.org\/activistas-demandan-a-uscis-por-alza-en-tramites-de-naturalizacion\/noticias\/"]}]},{"@type":"ImageObject","inLanguage":"en-US","@id":"https:\/\/accesolatino.org\/activistas-demandan-a-uscis-por-alza-en-tramites-de-naturalizacion\/noticias\/#primaryimage","url":"https:\/\/accesolatino.org\/wp-content\/uploads\/2020\/09\/Activistas-demandan-a-USCIS-por-alza-en-tramites-de-naturalizacion.jpg","contentUrl":"https:\/\/accesolatino.org\/wp-content\/uploads\/2020\/09\/Activistas-demandan-a-USCIS-por-alza-en-tramites-de-naturalizacion.jpg","width":600,"height":336},{"@type":"BreadcrumbList","@id":"https:\/\/accesolatino.org\/activistas-demandan-a-uscis-por-alza-en-tramites-de-naturalizacion\/noticias\/#breadcrumb","itemListElement":[{"@type":"ListItem","position":1,"name":"Portada","item":"https:\/\/accesolatino.org\/"},{"@type":"ListItem","position":2,"name":"Noticias","item":"https:\/\/accesolatino.org\/category\/noticias\/"},{"@type":"ListItem","position":3,"name":"Activistas demandan a USCIS por alza en tr\u00e1mites de naturalizaci\u00f3n"}]},{"@type":"WebSite","@id":"https:\/\/accesolatino.org\/#website","url":"https:\/\/accesolatino.org\/","name":"Acceso Latino | Fundaci\u00f3n Carlos Slim","description":"Fundaci\u00f3n Carlos Slim","publisher":{"@id":"https:\/\/accesolatino.org\/#organization"},"potentialAction":[{"@type":"SearchAction","target":{"@type":"EntryPoint","urlTemplate":"https:\/\/accesolatino.org\/?s={search_term_string}"},"query-input":{"@type":"PropertyValueSpecification","valueRequired":true,"valueName":"search_term_string"}}],"inLanguage":"en-US"},{"@type":"Organization","@id":"https:\/\/accesolatino.org\/#organization","name":"Acceso Latino | Fundaci\u00f3n Carlos Slim","url":"https:\/\/accesolatino.org\/","logo":{"@type":"ImageObject","inLanguage":"en-US","@id":"https:\/\/accesolatino.org\/#\/schema\/logo\/image\/","url":"https:\/\/accesolatino.org\/wp-content\/uploads\/2021\/02\/logo-footer-acceso-latino.png","contentUrl":"https:\/\/accesolatino.org\/wp-content\/uploads\/2021\/02\/logo-footer-acceso-latino.png","width":240,"height":40,"caption":"Acceso Latino | Fundaci\u00f3n Carlos Slim"},"image":{"@id":"https:\/\/accesolatino.org\/#\/schema\/logo\/image\/"},"sameAs":["https:\/\/www.facebook.com\/AccesoLatinoOrg","https:\/\/x.com\/FAccLatino"]},{"@type":"Person","@id":"https:\/\/accesolatino.org\/#\/schema\/person\/6b654926a4e7e4709c9ad12459661666","name":"News"}]}},"_links":{"self":[{"href":"https:\/\/accesolatino.org\/en\/wp-json\/wp\/v2\/posts\/22771","targetHints":{"allow":["GET"]}}],"collection":[{"href":"https:\/\/accesolatino.org\/en\/wp-json\/wp\/v2\/posts"}],"about":[{"href":"https:\/\/accesolatino.org\/en\/wp-json\/wp\/v2\/types\/post"}],"author":[{"embeddable":true,"href":"https:\/\/accesolatino.org\/en\/wp-json\/wp\/v2\/users\/13"}],"replies":[{"embeddable":true,"href":"https:\/\/accesolatino.org\/en\/wp-json\/wp\/v2\/comments?post=22771"}],"version-history":[{"count":1,"href":"https:\/\/accesolatino.org\/en\/wp-json\/wp\/v2\/posts\/22771\/revisions"}],"predecessor-version":[{"id":65738,"href":"https:\/\/accesolatino.org\/en\/wp-json\/wp\/v2\/posts\/22771\/revisions\/65738"}],"wp:featuredmedia":[{"embeddable":true,"href":"https:\/\/accesolatino.org\/en\/wp-json\/wp\/v2\/media\/22776"}],"wp:attachment":[{"href":"https:\/\/accesolatino.org\/en\/wp-json\/wp\/v2\/media?parent=22771"}],"wp:term":[{"taxonomy":"category","embeddable":true,"href":"https:\/\/accesolatino.org\/en\/wp-json\/wp\/v2\/categories?post=22771"},{"taxonomy":"post_tag","embeddable":true,"href":"https:\/\/accesolatino.org\/en\/wp-json\/wp\/v2\/tags?post=22771"}],"curies":[{"name":"wp","href":"https:\/\/api.w.org\/{rel}","templated":true}]}}