{"id":22770,"date":"2020-09-10T10:44:48","date_gmt":"2020-09-10T15:44:48","guid":{"rendered":"https:\/\/accesolatino.org\/?p=22770"},"modified":"2025-10-25T16:17:47","modified_gmt":"2025-10-25T22:17:47","slug":"evita-el-dolor-de-espalda-por-home-office","status":"publish","type":"post","link":"https:\/\/accesolatino.org\/en\/evita-el-dolor-de-espalda-por-home-office\/noticias\/","title":{"rendered":"Evita el dolor de espalda por home office"},"content":{"rendered":"<div data-elementor-type=\"wp-post\" data-elementor-id=\"22770\" class=\"elementor elementor-22770\">\n\t\t\t\t\t\t<section class=\"elementor-section elementor-top-section elementor-element elementor-element-2ae491ef elementor-section-boxed elementor-section-height-default elementor-section-height-default wpr-particle-no wpr-jarallax-no wpr-parallax-no wpr-sticky-section-no wpr-equal-height-no\" data-id=\"2ae491ef\" data-element_type=\"section\" data-e-type=\"section\">\n\t\t\t\t\t\t<div class=\"elementor-container elementor-column-gap-default\">\n\t\t\t\t\t<div class=\"elementor-column elementor-col-100 elementor-top-column elementor-element elementor-element-29caa9c0\" data-id=\"29caa9c0\" data-element_type=\"column\" data-e-type=\"column\">\n\t\t\t<div class=\"elementor-widget-wrap elementor-element-populated\">\n\t\t\t\t\t\t<div class=\"elementor-element elementor-element-2572709e elementor-widget elementor-widget-text-editor\" data-id=\"2572709e\" data-element_type=\"widget\" data-e-type=\"widget\" data-widget_type=\"text-editor.default\">\n\t\t\t\t<div class=\"elementor-widget-container\">\n\t\t\t\t\t\t\t\t\t<p>Al principio de la pandemia, no pens\u00e1bamos que fuera a durar tanto, y por eso el estar en casa se nos hac\u00eda una gran idea; sin embargo, nunca nos imagin\u00e1bamos las consecuencias que esto nos podr\u00eda traer, como el dolor de espalda.<\/p><p>Esta molestia provoca que no nos concentremos bien debido al dolor de cabeza causado por la mala postura.<\/p><p>Por esto te presentamos algunas soluciones que quitar\u00e1n este malestar:<\/p><ul><li><strong>Caminar: <\/strong>nuestro cuerpo no est\u00e1 acostumbrado a estar sentado todo el tiempo, por lo que hay que movernos. Trata de caminar, de preferencia, antes de que empieces a trabajar o si no te es posible, despu\u00e9s, pero lo importante es que no estemos inactivos.<\/li><li><strong>Estirar y hacer ejercicios: <\/strong>lev\u00e1ntate de tu silla cada hora y est\u00edrate por 5 minutos. Mientras estas sentado, realiza ejercicios.<\/li><li><strong>Trabajar de pie: <\/strong>si te es posible, trabaja de pie, tratando de que la computadora est\u00e9 a la altura de tus ojos. Esto aliviar\u00e1 la presi\u00f3n sobre el cuello y la espalda. La Cl\u00ednica Mayo aconseja que si est\u00e1s parado por mucho tiempo, coloques un banquito para alternar los pies, haciendo que tu zona lumbar no sufra tanto.<\/li><li><strong>Usar soportes para espalda baja: <\/strong>enrolla una toalla peque\u00f1a y col\u00f3cala detr\u00e1s de tu espalda baja. Con esto, la mantendr\u00e1s derecha y no te sentar\u00e1s sobre tu coxis. De igual forma, no subas los pies a la silla; procura que tus rodillas y caderas est\u00e9n al mismo nivel.<\/li><li><strong>Acudir con un fisioterapeuta: <\/strong>si las dolencias contin\u00faan, lo mejor es que acudas con este especialista que te tratar\u00e1 con t\u00e9cnicas especializadas.<\/li><\/ul>\t\t\t\t\t\t\t\t<\/div>\n\t\t\t\t<\/div>\n\t\t\t\t\t<\/div>\n\t\t<\/div>\n\t\t\t\t\t<\/div>\n\t\t<\/section>\n\t\t\t\t<\/div>","protected":false},"excerpt":{"rendered":"<p>Al principio de la pandemia, no pens\u00e1bamos que fuera a durar tanto, y por eso el estar en casa se nos hac\u00eda una gran idea; sin embargo, nunca nos imagin\u00e1bamos las consecuencias que esto nos podr\u00eda traer, como el dolor de espalda.<\/p>","protected":false},"author":13,"featured_media":22775,"comment_status":"open","ping_status":"open","sticky":false,"template":"elementor_header_footer","format":"standard","meta":{"_uf_show_specific_survey":0,"_uf_disable_surveys":false,"footnotes":""},"categories":[10,1],"tags":[],"class_list":["post-22770","post","type-post","status-publish","format-standard","has-post-thumbnail","hentry","category-noticias","category-temas-de-interes"],"aioseo_notices":[],"yoast_head":"<!-- This site is optimized with the Yoast SEO plugin v27.4 - https:\/\/yoast.com\/product\/yoast-seo-wordpress\/ -->\n<title>Evita el dolor de espalda por home office<\/title>\n<meta name=\"description\" content=\"Al principio de la pandemia, no pens\u00e1bamos que fuera a durar tanto, y por eso el estar en casa se nos hac\u00eda una gran idea; sin embargo\" \/>\n<meta name=\"robots\" content=\"index, follow, max-snippet:-1, max-image-preview:large, max-video-preview:-1\" \/>\n<link rel=\"canonical\" href=\"https:\/\/accesolatino.org\/en\/evita-el-dolor-de-espalda-por-home-office\/noticias\/\" \/>\n<meta property=\"og:locale\" content=\"en_US\" \/>\n<meta property=\"og:type\" content=\"article\" \/>\n<meta property=\"og:title\" content=\"Evita el dolor de espalda por home office\" \/>\n<meta property=\"og:description\" content=\"Al principio de la pandemia, no pens\u00e1bamos que fuera a durar tanto, y por eso el estar en casa se nos hac\u00eda una gran idea; sin embargo\" \/>\n<meta property=\"og:url\" content=\"https:\/\/accesolatino.org\/en\/evita-el-dolor-de-espalda-por-home-office\/noticias\/\" \/>\n<meta property=\"og:site_name\" content=\"Acceso Latino\" \/>\n<meta property=\"article:publisher\" content=\"https:\/\/www.facebook.com\/AccesoLatinoOrg\" \/>\n<meta property=\"article:published_time\" content=\"2020-09-10T15:44:48+00:00\" \/>\n<meta property=\"article:modified_time\" content=\"2025-10-25T22:17:47+00:00\" \/>\n<meta property=\"og:image\" content=\"https:\/\/accesolatino.org\/wp-content\/uploads\/2020\/09\/Evita-el-dolor-de-espalda-por-home-office.jpg\" \/>\n\t<meta property=\"og:image:width\" content=\"600\" \/>\n\t<meta property=\"og:image:height\" content=\"336\" \/>\n\t<meta property=\"og:image:type\" content=\"image\/jpeg\" \/>\n<meta name=\"author\" content=\"Noticias\" \/>\n<meta name=\"twitter:card\" content=\"summary_large_image\" \/>\n<meta name=\"twitter:creator\" content=\"@FAccLatino\" \/>\n<meta name=\"twitter:site\" content=\"@FAccLatino\" \/>\n<meta name=\"twitter:label1\" content=\"Written by\" \/>\n\t<meta name=\"twitter:data1\" content=\"Noticias\" \/>\n\t<meta name=\"twitter:label2\" content=\"Est. reading time\" \/>\n\t<meta name=\"twitter:data2\" content=\"2 minutes\" \/>\n<script type=\"application\/ld+json\" class=\"yoast-schema-graph\">{\"@context\":\"https:\\\/\\\/schema.org\",\"@graph\":[{\"@type\":\"Article\",\"@id\":\"https:\\\/\\\/accesolatino.org\\\/evita-el-dolor-de-espalda-por-home-office\\\/noticias\\\/#article\",\"isPartOf\":{\"@id\":\"https:\\\/\\\/accesolatino.org\\\/evita-el-dolor-de-espalda-por-home-office\\\/noticias\\\/\"},\"author\":{\"name\":\"Noticias\",\"@id\":\"https:\\\/\\\/accesolatino.org\\\/#\\\/schema\\\/person\\\/6b654926a4e7e4709c9ad12459661666\"},\"headline\":\"Evita el dolor de espalda por home office\",\"datePublished\":\"2020-09-10T15:44:48+00:00\",\"dateModified\":\"2025-10-25T22:17:47+00:00\",\"mainEntityOfPage\":{\"@id\":\"https:\\\/\\\/accesolatino.org\\\/evita-el-dolor-de-espalda-por-home-office\\\/noticias\\\/\"},\"wordCount\":288,\"commentCount\":0,\"publisher\":{\"@id\":\"https:\\\/\\\/accesolatino.org\\\/#organization\"},\"image\":{\"@id\":\"https:\\\/\\\/accesolatino.org\\\/evita-el-dolor-de-espalda-por-home-office\\\/noticias\\\/#primaryimage\"},\"thumbnailUrl\":\"https:\\\/\\\/accesolatino.org\\\/wp-content\\\/uploads\\\/2020\\\/09\\\/Evita-el-dolor-de-espalda-por-home-office.jpg\",\"articleSection\":[\"Noticias\",\"Temas de inter\u00e9s\"],\"inLanguage\":\"en-US\",\"potentialAction\":[{\"@type\":\"CommentAction\",\"name\":\"Comment\",\"target\":[\"https:\\\/\\\/accesolatino.org\\\/evita-el-dolor-de-espalda-por-home-office\\\/noticias\\\/#respond\"]}]},{\"@type\":\"WebPage\",\"@id\":\"https:\\\/\\\/accesolatino.org\\\/evita-el-dolor-de-espalda-por-home-office\\\/noticias\\\/\",\"url\":\"https:\\\/\\\/accesolatino.org\\\/evita-el-dolor-de-espalda-por-home-office\\\/noticias\\\/\",\"name\":\"Evita el dolor de espalda por home office\",\"isPartOf\":{\"@id\":\"https:\\\/\\\/accesolatino.org\\\/#website\"},\"primaryImageOfPage\":{\"@id\":\"https:\\\/\\\/accesolatino.org\\\/evita-el-dolor-de-espalda-por-home-office\\\/noticias\\\/#primaryimage\"},\"image\":{\"@id\":\"https:\\\/\\\/accesolatino.org\\\/evita-el-dolor-de-espalda-por-home-office\\\/noticias\\\/#primaryimage\"},\"thumbnailUrl\":\"https:\\\/\\\/accesolatino.org\\\/wp-content\\\/uploads\\\/2020\\\/09\\\/Evita-el-dolor-de-espalda-por-home-office.jpg\",\"datePublished\":\"2020-09-10T15:44:48+00:00\",\"dateModified\":\"2025-10-25T22:17:47+00:00\",\"description\":\"Al principio de la pandemia, no pens\u00e1bamos que fuera a durar tanto, y por eso el estar en casa se nos hac\u00eda una gran idea; sin embargo\",\"breadcrumb\":{\"@id\":\"https:\\\/\\\/accesolatino.org\\\/evita-el-dolor-de-espalda-por-home-office\\\/noticias\\\/#breadcrumb\"},\"inLanguage\":\"en-US\",\"potentialAction\":[{\"@type\":\"ReadAction\",\"target\":[\"https:\\\/\\\/accesolatino.org\\\/evita-el-dolor-de-espalda-por-home-office\\\/noticias\\\/\"]}]},{\"@type\":\"ImageObject\",\"inLanguage\":\"en-US\",\"@id\":\"https:\\\/\\\/accesolatino.org\\\/evita-el-dolor-de-espalda-por-home-office\\\/noticias\\\/#primaryimage\",\"url\":\"https:\\\/\\\/accesolatino.org\\\/wp-content\\\/uploads\\\/2020\\\/09\\\/Evita-el-dolor-de-espalda-por-home-office.jpg\",\"contentUrl\":\"https:\\\/\\\/accesolatino.org\\\/wp-content\\\/uploads\\\/2020\\\/09\\\/Evita-el-dolor-de-espalda-por-home-office.jpg\",\"width\":600,\"height\":336},{\"@type\":\"BreadcrumbList\",\"@id\":\"https:\\\/\\\/accesolatino.org\\\/evita-el-dolor-de-espalda-por-home-office\\\/noticias\\\/#breadcrumb\",\"itemListElement\":[{\"@type\":\"ListItem\",\"position\":1,\"name\":\"Portada\",\"item\":\"https:\\\/\\\/accesolatino.org\\\/\"},{\"@type\":\"ListItem\",\"position\":2,\"name\":\"Noticias\",\"item\":\"https:\\\/\\\/accesolatino.org\\\/category\\\/noticias\\\/\"},{\"@type\":\"ListItem\",\"position\":3,\"name\":\"Evita el dolor de espalda por home office\"}]},{\"@type\":\"WebSite\",\"@id\":\"https:\\\/\\\/accesolatino.org\\\/#website\",\"url\":\"https:\\\/\\\/accesolatino.org\\\/\",\"name\":\"Acceso Latino | Fundaci\u00f3n Carlos Slim\",\"description\":\"Fundaci\u00f3n Carlos Slim\",\"publisher\":{\"@id\":\"https:\\\/\\\/accesolatino.org\\\/#organization\"},\"potentialAction\":[{\"@type\":\"SearchAction\",\"target\":{\"@type\":\"EntryPoint\",\"urlTemplate\":\"https:\\\/\\\/accesolatino.org\\\/?s={search_term_string}\"},\"query-input\":{\"@type\":\"PropertyValueSpecification\",\"valueRequired\":true,\"valueName\":\"search_term_string\"}}],\"inLanguage\":\"en-US\"},{\"@type\":\"Organization\",\"@id\":\"https:\\\/\\\/accesolatino.org\\\/#organization\",\"name\":\"Acceso Latino | Fundaci\u00f3n Carlos Slim\",\"url\":\"https:\\\/\\\/accesolatino.org\\\/\",\"logo\":{\"@type\":\"ImageObject\",\"inLanguage\":\"en-US\",\"@id\":\"https:\\\/\\\/accesolatino.org\\\/#\\\/schema\\\/logo\\\/image\\\/\",\"url\":\"https:\\\/\\\/accesolatino.org\\\/wp-content\\\/uploads\\\/2021\\\/02\\\/logo-footer-acceso-latino.png\",\"contentUrl\":\"https:\\\/\\\/accesolatino.org\\\/wp-content\\\/uploads\\\/2021\\\/02\\\/logo-footer-acceso-latino.png\",\"width\":240,\"height\":40,\"caption\":\"Acceso Latino | Fundaci\u00f3n Carlos Slim\"},\"image\":{\"@id\":\"https:\\\/\\\/accesolatino.org\\\/#\\\/schema\\\/logo\\\/image\\\/\"},\"sameAs\":[\"https:\\\/\\\/www.facebook.com\\\/AccesoLatinoOrg\",\"https:\\\/\\\/x.com\\\/FAccLatino\"]},{\"@type\":\"Person\",\"@id\":\"https:\\\/\\\/accesolatino.org\\\/#\\\/schema\\\/person\\\/6b654926a4e7e4709c9ad12459661666\",\"name\":\"Noticias\"}]}<\/script>\n<!-- \/ Yoast SEO plugin. -->","yoast_head_json":{"title":"Evita el dolor de espalda por home office","description":"Al principio de la pandemia, no pens\u00e1bamos que fuera a durar tanto, y por eso el estar en casa se nos hac\u00eda una gran idea; sin embargo","robots":{"index":"index","follow":"follow","max-snippet":"max-snippet:-1","max-image-preview":"max-image-preview:large","max-video-preview":"max-video-preview:-1"},"canonical":"https:\/\/accesolatino.org\/en\/evita-el-dolor-de-espalda-por-home-office\/noticias\/","og_locale":"en_US","og_type":"article","og_title":"Evita el dolor de espalda por home office","og_description":"Al principio de la pandemia, no pens\u00e1bamos que fuera a durar tanto, y por eso el estar en casa se nos hac\u00eda una gran idea; sin embargo","og_url":"https:\/\/accesolatino.org\/en\/evita-el-dolor-de-espalda-por-home-office\/noticias\/","og_site_name":"Acceso Latino","article_publisher":"https:\/\/www.facebook.com\/AccesoLatinoOrg","article_published_time":"2020-09-10T15:44:48+00:00","article_modified_time":"2025-10-25T22:17:47+00:00","og_image":[{"width":600,"height":336,"url":"https:\/\/accesolatino.org\/wp-content\/uploads\/2020\/09\/Evita-el-dolor-de-espalda-por-home-office.jpg","type":"image\/jpeg"}],"author":"Noticias","twitter_card":"summary_large_image","twitter_creator":"@FAccLatino","twitter_site":"@FAccLatino","twitter_misc":{"Written by":"Noticias","Est. reading time":"2 minutes"},"schema":{"@context":"https:\/\/schema.org","@graph":[{"@type":"Article","@id":"https:\/\/accesolatino.org\/evita-el-dolor-de-espalda-por-home-office\/noticias\/#article","isPartOf":{"@id":"https:\/\/accesolatino.org\/evita-el-dolor-de-espalda-por-home-office\/noticias\/"},"author":{"name":"Noticias","@id":"https:\/\/accesolatino.org\/#\/schema\/person\/6b654926a4e7e4709c9ad12459661666"},"headline":"Evita el dolor de espalda por home office","datePublished":"2020-09-10T15:44:48+00:00","dateModified":"2025-10-25T22:17:47+00:00","mainEntityOfPage":{"@id":"https:\/\/accesolatino.org\/evita-el-dolor-de-espalda-por-home-office\/noticias\/"},"wordCount":288,"commentCount":0,"publisher":{"@id":"https:\/\/accesolatino.org\/#organization"},"image":{"@id":"https:\/\/accesolatino.org\/evita-el-dolor-de-espalda-por-home-office\/noticias\/#primaryimage"},"thumbnailUrl":"https:\/\/accesolatino.org\/wp-content\/uploads\/2020\/09\/Evita-el-dolor-de-espalda-por-home-office.jpg","articleSection":["Noticias","Temas de inter\u00e9s"],"inLanguage":"en-US","potentialAction":[{"@type":"CommentAction","name":"Comment","target":["https:\/\/accesolatino.org\/evita-el-dolor-de-espalda-por-home-office\/noticias\/#respond"]}]},{"@type":"WebPage","@id":"https:\/\/accesolatino.org\/evita-el-dolor-de-espalda-por-home-office\/noticias\/","url":"https:\/\/accesolatino.org\/evita-el-dolor-de-espalda-por-home-office\/noticias\/","name":"Evita el dolor de espalda por home office","isPartOf":{"@id":"https:\/\/accesolatino.org\/#website"},"primaryImageOfPage":{"@id":"https:\/\/accesolatino.org\/evita-el-dolor-de-espalda-por-home-office\/noticias\/#primaryimage"},"image":{"@id":"https:\/\/accesolatino.org\/evita-el-dolor-de-espalda-por-home-office\/noticias\/#primaryimage"},"thumbnailUrl":"https:\/\/accesolatino.org\/wp-content\/uploads\/2020\/09\/Evita-el-dolor-de-espalda-por-home-office.jpg","datePublished":"2020-09-10T15:44:48+00:00","dateModified":"2025-10-25T22:17:47+00:00","description":"Al principio de la pandemia, no pens\u00e1bamos que fuera a durar tanto, y por eso el estar en casa se nos hac\u00eda una gran idea; sin embargo","breadcrumb":{"@id":"https:\/\/accesolatino.org\/evita-el-dolor-de-espalda-por-home-office\/noticias\/#breadcrumb"},"inLanguage":"en-US","potentialAction":[{"@type":"ReadAction","target":["https:\/\/accesolatino.org\/evita-el-dolor-de-espalda-por-home-office\/noticias\/"]}]},{"@type":"ImageObject","inLanguage":"en-US","@id":"https:\/\/accesolatino.org\/evita-el-dolor-de-espalda-por-home-office\/noticias\/#primaryimage","url":"https:\/\/accesolatino.org\/wp-content\/uploads\/2020\/09\/Evita-el-dolor-de-espalda-por-home-office.jpg","contentUrl":"https:\/\/accesolatino.org\/wp-content\/uploads\/2020\/09\/Evita-el-dolor-de-espalda-por-home-office.jpg","width":600,"height":336},{"@type":"BreadcrumbList","@id":"https:\/\/accesolatino.org\/evita-el-dolor-de-espalda-por-home-office\/noticias\/#breadcrumb","itemListElement":[{"@type":"ListItem","position":1,"name":"Portada","item":"https:\/\/accesolatino.org\/"},{"@type":"ListItem","position":2,"name":"Noticias","item":"https:\/\/accesolatino.org\/category\/noticias\/"},{"@type":"ListItem","position":3,"name":"Evita el dolor de espalda por home office"}]},{"@type":"WebSite","@id":"https:\/\/accesolatino.org\/#website","url":"https:\/\/accesolatino.org\/","name":"Acceso Latino | Fundaci\u00f3n Carlos Slim","description":"Fundaci\u00f3n Carlos Slim","publisher":{"@id":"https:\/\/accesolatino.org\/#organization"},"potentialAction":[{"@type":"SearchAction","target":{"@type":"EntryPoint","urlTemplate":"https:\/\/accesolatino.org\/?s={search_term_string}"},"query-input":{"@type":"PropertyValueSpecification","valueRequired":true,"valueName":"search_term_string"}}],"inLanguage":"en-US"},{"@type":"Organization","@id":"https:\/\/accesolatino.org\/#organization","name":"Acceso Latino | Fundaci\u00f3n Carlos Slim","url":"https:\/\/accesolatino.org\/","logo":{"@type":"ImageObject","inLanguage":"en-US","@id":"https:\/\/accesolatino.org\/#\/schema\/logo\/image\/","url":"https:\/\/accesolatino.org\/wp-content\/uploads\/2021\/02\/logo-footer-acceso-latino.png","contentUrl":"https:\/\/accesolatino.org\/wp-content\/uploads\/2021\/02\/logo-footer-acceso-latino.png","width":240,"height":40,"caption":"Acceso Latino | Fundaci\u00f3n Carlos Slim"},"image":{"@id":"https:\/\/accesolatino.org\/#\/schema\/logo\/image\/"},"sameAs":["https:\/\/www.facebook.com\/AccesoLatinoOrg","https:\/\/x.com\/FAccLatino"]},{"@type":"Person","@id":"https:\/\/accesolatino.org\/#\/schema\/person\/6b654926a4e7e4709c9ad12459661666","name":"News"}]}},"_links":{"self":[{"href":"https:\/\/accesolatino.org\/en\/wp-json\/wp\/v2\/posts\/22770","targetHints":{"allow":["GET"]}}],"collection":[{"href":"https:\/\/accesolatino.org\/en\/wp-json\/wp\/v2\/posts"}],"about":[{"href":"https:\/\/accesolatino.org\/en\/wp-json\/wp\/v2\/types\/post"}],"author":[{"embeddable":true,"href":"https:\/\/accesolatino.org\/en\/wp-json\/wp\/v2\/users\/13"}],"replies":[{"embeddable":true,"href":"https:\/\/accesolatino.org\/en\/wp-json\/wp\/v2\/comments?post=22770"}],"version-history":[{"count":1,"href":"https:\/\/accesolatino.org\/en\/wp-json\/wp\/v2\/posts\/22770\/revisions"}],"predecessor-version":[{"id":65739,"href":"https:\/\/accesolatino.org\/en\/wp-json\/wp\/v2\/posts\/22770\/revisions\/65739"}],"wp:featuredmedia":[{"embeddable":true,"href":"https:\/\/accesolatino.org\/en\/wp-json\/wp\/v2\/media\/22775"}],"wp:attachment":[{"href":"https:\/\/accesolatino.org\/en\/wp-json\/wp\/v2\/media?parent=22770"}],"wp:term":[{"taxonomy":"category","embeddable":true,"href":"https:\/\/accesolatino.org\/en\/wp-json\/wp\/v2\/categories?post=22770"},{"taxonomy":"post_tag","embeddable":true,"href":"https:\/\/accesolatino.org\/en\/wp-json\/wp\/v2\/tags?post=22770"}],"curies":[{"name":"wp","href":"https:\/\/api.w.org\/{rel}","templated":true}]}}