{"id":22761,"date":"2020-09-09T07:46:28","date_gmt":"2020-09-09T12:46:28","guid":{"rendered":"https:\/\/accesolatino.org\/?p=22761"},"modified":"2025-10-25T16:17:29","modified_gmt":"2025-10-25T22:17:29","slug":"cientificos-de-la-unam-crean-prueba-para-detectar-el-covid-19-con-saliva","status":"publish","type":"post","link":"https:\/\/accesolatino.org\/en\/cientificos-de-la-unam-crean-prueba-para-detectar-el-covid-19-con-saliva\/noticias\/","title":{"rendered":"Cient\u00edficos de la UNAM crean prueba para detectar el Covid-19 con saliva"},"content":{"rendered":"<div data-elementor-type=\"wp-post\" data-elementor-id=\"22761\" class=\"elementor elementor-22761\">\n\t\t\t\t\t\t<section class=\"elementor-section elementor-top-section elementor-element elementor-element-2ae491ef elementor-section-boxed elementor-section-height-default elementor-section-height-default wpr-particle-no wpr-jarallax-no wpr-parallax-no wpr-sticky-section-no wpr-equal-height-no\" data-id=\"2ae491ef\" data-element_type=\"section\" data-e-type=\"section\">\n\t\t\t\t\t\t<div class=\"elementor-container elementor-column-gap-default\">\n\t\t\t\t\t<div class=\"elementor-column elementor-col-100 elementor-top-column elementor-element elementor-element-29caa9c0\" data-id=\"29caa9c0\" data-element_type=\"column\" data-e-type=\"column\">\n\t\t\t<div class=\"elementor-widget-wrap elementor-element-populated\">\n\t\t\t\t\t\t<div class=\"elementor-element elementor-element-2572709e elementor-widget elementor-widget-text-editor\" data-id=\"2572709e\" data-element_type=\"widget\" data-e-type=\"widget\" data-widget_type=\"text-editor.default\">\n\t\t\t\t<div class=\"elementor-widget-container\">\n\t\t\t\t\t\t\t\t\t<p>Cient\u00edficos de la Universidad Nacional Aut\u00f3noma de M\u00e9xico (UNAM) dise\u00f1aron una prueba para detectar el Covid-19 con saliva, con el prop\u00f3sito de que el personal de salud no se contagie y que el diagn\u00f3stico sea m\u00e1s r\u00e1pido.<\/p><p>Susana L\u00f3pez Charret\u00f3n, investigadora del Departamento de Gen\u00e9tica del Desarrollo y Fisiolog\u00eda Molecular del Instituto de Biotecnolog\u00eda (IBt), explic\u00f3 que el m\u00e9todo consiste en utilizar solamente 2ml de saliva. En Morelos, muchos pacientes ya han sido sometidos a esta prueba.<\/p><p>El procedimiento es mucho m\u00e1s barato que el de PCR e inclusive el propio paciente la podr\u00eda hacer solo, de acuerdo con un bolet\u00edn de la UNAM.<\/p><p>Sin embargo, la experta aclara que aunque sea m\u00e1s barata y r\u00e1pida, &#8220;esto no tiene nada qu\u00e9 ver con la prueba diagn\u00f3stica, que sigue siendo el RT-qPCR, la prueba de oro para la detecci\u00f3n del virus&#8221;.<\/p><p>La alta demanda de los reactivos y materiales necesarios para las pruebas RT-qPCR ha provocado la escasez de los mismos a nivel mundial, por lo que este nuevo m\u00e9todo puede ser una alternativa viable.<\/p><p>Estados Unidos, a trav\u00e9s de la Universidad de Yale, recibi\u00f3 el visto bueno de la FDA (en ingl\u00e9s Administraci\u00f3n de Alimentos y F\u00e1rmacos) para poner en marcha una t\u00e9cnica similar. Jap\u00f3n tambi\u00e9n ya comenz\u00f3 a realizarla de manera masiva.<\/p><p>L\u00f3pez Charret\u00f3n recalc\u00f3 que el personal de salud estar\u00e1 m\u00e1s seguro ya que se \u201cautodeposita\u201d la saliva en un peque\u00f1o tubo, por lo que ya no tendr\u00e1n que usar los hisopos que llegan a ser muy molestos. &#8220;Con este procedimiento, esos trabajadores est\u00e1n m\u00e1s seguros y protegidos contra una posible infecci\u00f3n del coronavirus&#8221;, destac\u00f3.<\/p><p>Los tests PCR (reacci\u00f3n en cadena de la polimerasa) consisten en que el personal m\u00e9dico tome una muestra nasofar\u00edngea del paciente, que puede ocasionar tos o estornudos, y por consecuente el contagio de los trabajadores.<\/p><p>Por \u00faltimo hay otro examen r\u00e1pido de diagn\u00f3stico que detecta las prote\u00ednas del virus y la presencia de infecci\u00f3n; se toma mediante la sangre y detecta anticuerpos producidos 7 d\u00edas despu\u00e9s de la aparici\u00f3n de los s\u00edntomas. Sin embargo, no son muy efectivas porque pueden existir falsos positivos.<\/p><p>M\u00e9xico se encuentra en el \u00faltimo lugar de pa\u00edses que pertenecen a la OCDE (Organizaci\u00f3n para la Cooperaci\u00f3n y el Desarrollo Econ\u00f3micos) en hacer pruebas de detecci\u00f3n.<\/p>\t\t\t\t\t\t\t\t<\/div>\n\t\t\t\t<\/div>\n\t\t\t\t\t<\/div>\n\t\t<\/div>\n\t\t\t\t\t<\/div>\n\t\t<\/section>\n\t\t\t\t<\/div>","protected":false},"excerpt":{"rendered":"<p>Cient\u00edficos de la Universidad Nacional Aut\u00f3noma de M\u00e9xico (UNAM) dise\u00f1aron una prueba para detectar el Covid-19 con saliva, con el prop\u00f3sito de que el personal de salud no se contagie y que el diagn\u00f3stico sea m\u00e1s r\u00e1pido.<\/p>","protected":false},"author":13,"featured_media":22757,"comment_status":"open","ping_status":"open","sticky":false,"template":"elementor_header_footer","format":"standard","meta":{"_uf_show_specific_survey":0,"_uf_disable_surveys":false,"footnotes":""},"categories":[10,1],"tags":[],"class_list":["post-22761","post","type-post","status-publish","format-standard","has-post-thumbnail","hentry","category-noticias","category-temas-de-interes"],"aioseo_notices":[],"yoast_head":"<!-- This site is optimized with the Yoast SEO plugin v27.4 - https:\/\/yoast.com\/product\/yoast-seo-wordpress\/ -->\n<title>Cient\u00edficos de la UNAM crean prueba para detectar el Covid-19 con saliva<\/title>\n<meta name=\"description\" content=\"Cient\u00edficos de la Universidad Nacional Aut\u00f3noma de M\u00e9xico (UNAM) dise\u00f1aron una prueba para detectar el Covid-19 con saliva, con el prop\u00f3sito\" \/>\n<meta name=\"robots\" content=\"index, follow, max-snippet:-1, max-image-preview:large, max-video-preview:-1\" \/>\n<link rel=\"canonical\" href=\"https:\/\/accesolatino.org\/en\/cientificos-de-la-unam-crean-prueba-para-detectar-el-covid-19-con-saliva\/noticias\/\" \/>\n<meta property=\"og:locale\" content=\"en_US\" \/>\n<meta property=\"og:type\" content=\"article\" \/>\n<meta property=\"og:title\" content=\"Cient\u00edficos de la UNAM crean prueba para detectar el Covid-19 con saliva\" \/>\n<meta property=\"og:description\" content=\"Cient\u00edficos de la Universidad Nacional Aut\u00f3noma de M\u00e9xico (UNAM) dise\u00f1aron una prueba para detectar el Covid-19 con saliva, con el prop\u00f3sito\" \/>\n<meta property=\"og:url\" content=\"https:\/\/accesolatino.org\/en\/cientificos-de-la-unam-crean-prueba-para-detectar-el-covid-19-con-saliva\/noticias\/\" \/>\n<meta property=\"og:site_name\" content=\"Acceso Latino\" \/>\n<meta property=\"article:publisher\" content=\"https:\/\/www.facebook.com\/AccesoLatinoOrg\" \/>\n<meta property=\"article:published_time\" content=\"2020-09-09T12:46:28+00:00\" \/>\n<meta property=\"article:modified_time\" content=\"2025-10-25T22:17:29+00:00\" \/>\n<meta property=\"og:image\" content=\"https:\/\/accesolatino.org\/wp-content\/uploads\/2020\/09\/Cientificos-de-la-UNAM-crean-prueba-detectar-el-Covid-19-con-saliva.jpg\" \/>\n\t<meta property=\"og:image:width\" content=\"600\" \/>\n\t<meta property=\"og:image:height\" content=\"336\" \/>\n\t<meta property=\"og:image:type\" content=\"image\/jpeg\" \/>\n<meta name=\"author\" content=\"Noticias\" \/>\n<meta name=\"twitter:card\" content=\"summary_large_image\" \/>\n<meta name=\"twitter:creator\" content=\"@FAccLatino\" \/>\n<meta name=\"twitter:site\" content=\"@FAccLatino\" \/>\n<meta name=\"twitter:label1\" content=\"Written by\" \/>\n\t<meta name=\"twitter:data1\" content=\"Noticias\" \/>\n\t<meta name=\"twitter:label2\" content=\"Est. reading time\" \/>\n\t<meta name=\"twitter:data2\" content=\"2 minutes\" \/>\n<script type=\"application\/ld+json\" class=\"yoast-schema-graph\">{\"@context\":\"https:\\\/\\\/schema.org\",\"@graph\":[{\"@type\":\"Article\",\"@id\":\"https:\\\/\\\/accesolatino.org\\\/cientificos-de-la-unam-crean-prueba-para-detectar-el-covid-19-con-saliva\\\/noticias\\\/#article\",\"isPartOf\":{\"@id\":\"https:\\\/\\\/accesolatino.org\\\/cientificos-de-la-unam-crean-prueba-para-detectar-el-covid-19-con-saliva\\\/noticias\\\/\"},\"author\":{\"name\":\"Noticias\",\"@id\":\"https:\\\/\\\/accesolatino.org\\\/#\\\/schema\\\/person\\\/6b654926a4e7e4709c9ad12459661666\"},\"headline\":\"Cient\u00edficos de la UNAM crean prueba para detectar el Covid-19 con saliva\",\"datePublished\":\"2020-09-09T12:46:28+00:00\",\"dateModified\":\"2025-10-25T22:17:29+00:00\",\"mainEntityOfPage\":{\"@id\":\"https:\\\/\\\/accesolatino.org\\\/cientificos-de-la-unam-crean-prueba-para-detectar-el-covid-19-con-saliva\\\/noticias\\\/\"},\"wordCount\":443,\"commentCount\":0,\"publisher\":{\"@id\":\"https:\\\/\\\/accesolatino.org\\\/#organization\"},\"image\":{\"@id\":\"https:\\\/\\\/accesolatino.org\\\/cientificos-de-la-unam-crean-prueba-para-detectar-el-covid-19-con-saliva\\\/noticias\\\/#primaryimage\"},\"thumbnailUrl\":\"https:\\\/\\\/accesolatino.org\\\/wp-content\\\/uploads\\\/2020\\\/09\\\/Cientificos-de-la-UNAM-crean-prueba-detectar-el-Covid-19-con-saliva.jpg\",\"articleSection\":[\"Noticias\",\"Temas de inter\u00e9s\"],\"inLanguage\":\"en-US\",\"potentialAction\":[{\"@type\":\"CommentAction\",\"name\":\"Comment\",\"target\":[\"https:\\\/\\\/accesolatino.org\\\/cientificos-de-la-unam-crean-prueba-para-detectar-el-covid-19-con-saliva\\\/noticias\\\/#respond\"]}]},{\"@type\":\"WebPage\",\"@id\":\"https:\\\/\\\/accesolatino.org\\\/cientificos-de-la-unam-crean-prueba-para-detectar-el-covid-19-con-saliva\\\/noticias\\\/\",\"url\":\"https:\\\/\\\/accesolatino.org\\\/cientificos-de-la-unam-crean-prueba-para-detectar-el-covid-19-con-saliva\\\/noticias\\\/\",\"name\":\"Cient\u00edficos de la UNAM crean prueba para detectar el Covid-19 con saliva\",\"isPartOf\":{\"@id\":\"https:\\\/\\\/accesolatino.org\\\/#website\"},\"primaryImageOfPage\":{\"@id\":\"https:\\\/\\\/accesolatino.org\\\/cientificos-de-la-unam-crean-prueba-para-detectar-el-covid-19-con-saliva\\\/noticias\\\/#primaryimage\"},\"image\":{\"@id\":\"https:\\\/\\\/accesolatino.org\\\/cientificos-de-la-unam-crean-prueba-para-detectar-el-covid-19-con-saliva\\\/noticias\\\/#primaryimage\"},\"thumbnailUrl\":\"https:\\\/\\\/accesolatino.org\\\/wp-content\\\/uploads\\\/2020\\\/09\\\/Cientificos-de-la-UNAM-crean-prueba-detectar-el-Covid-19-con-saliva.jpg\",\"datePublished\":\"2020-09-09T12:46:28+00:00\",\"dateModified\":\"2025-10-25T22:17:29+00:00\",\"description\":\"Cient\u00edficos de la Universidad Nacional Aut\u00f3noma de M\u00e9xico (UNAM) dise\u00f1aron una prueba para detectar el Covid-19 con saliva, con el prop\u00f3sito\",\"breadcrumb\":{\"@id\":\"https:\\\/\\\/accesolatino.org\\\/cientificos-de-la-unam-crean-prueba-para-detectar-el-covid-19-con-saliva\\\/noticias\\\/#breadcrumb\"},\"inLanguage\":\"en-US\",\"potentialAction\":[{\"@type\":\"ReadAction\",\"target\":[\"https:\\\/\\\/accesolatino.org\\\/cientificos-de-la-unam-crean-prueba-para-detectar-el-covid-19-con-saliva\\\/noticias\\\/\"]}]},{\"@type\":\"ImageObject\",\"inLanguage\":\"en-US\",\"@id\":\"https:\\\/\\\/accesolatino.org\\\/cientificos-de-la-unam-crean-prueba-para-detectar-el-covid-19-con-saliva\\\/noticias\\\/#primaryimage\",\"url\":\"https:\\\/\\\/accesolatino.org\\\/wp-content\\\/uploads\\\/2020\\\/09\\\/Cientificos-de-la-UNAM-crean-prueba-detectar-el-Covid-19-con-saliva.jpg\",\"contentUrl\":\"https:\\\/\\\/accesolatino.org\\\/wp-content\\\/uploads\\\/2020\\\/09\\\/Cientificos-de-la-UNAM-crean-prueba-detectar-el-Covid-19-con-saliva.jpg\",\"width\":600,\"height\":336},{\"@type\":\"BreadcrumbList\",\"@id\":\"https:\\\/\\\/accesolatino.org\\\/cientificos-de-la-unam-crean-prueba-para-detectar-el-covid-19-con-saliva\\\/noticias\\\/#breadcrumb\",\"itemListElement\":[{\"@type\":\"ListItem\",\"position\":1,\"name\":\"Portada\",\"item\":\"https:\\\/\\\/accesolatino.org\\\/\"},{\"@type\":\"ListItem\",\"position\":2,\"name\":\"Noticias\",\"item\":\"https:\\\/\\\/accesolatino.org\\\/category\\\/noticias\\\/\"},{\"@type\":\"ListItem\",\"position\":3,\"name\":\"Cient\u00edficos de la UNAM crean prueba para detectar el Covid-19 con saliva\"}]},{\"@type\":\"WebSite\",\"@id\":\"https:\\\/\\\/accesolatino.org\\\/#website\",\"url\":\"https:\\\/\\\/accesolatino.org\\\/\",\"name\":\"Acceso Latino | Fundaci\u00f3n Carlos Slim\",\"description\":\"Fundaci\u00f3n Carlos Slim\",\"publisher\":{\"@id\":\"https:\\\/\\\/accesolatino.org\\\/#organization\"},\"potentialAction\":[{\"@type\":\"SearchAction\",\"target\":{\"@type\":\"EntryPoint\",\"urlTemplate\":\"https:\\\/\\\/accesolatino.org\\\/?s={search_term_string}\"},\"query-input\":{\"@type\":\"PropertyValueSpecification\",\"valueRequired\":true,\"valueName\":\"search_term_string\"}}],\"inLanguage\":\"en-US\"},{\"@type\":\"Organization\",\"@id\":\"https:\\\/\\\/accesolatino.org\\\/#organization\",\"name\":\"Acceso Latino | Fundaci\u00f3n Carlos Slim\",\"url\":\"https:\\\/\\\/accesolatino.org\\\/\",\"logo\":{\"@type\":\"ImageObject\",\"inLanguage\":\"en-US\",\"@id\":\"https:\\\/\\\/accesolatino.org\\\/#\\\/schema\\\/logo\\\/image\\\/\",\"url\":\"https:\\\/\\\/accesolatino.org\\\/wp-content\\\/uploads\\\/2021\\\/02\\\/logo-footer-acceso-latino.png\",\"contentUrl\":\"https:\\\/\\\/accesolatino.org\\\/wp-content\\\/uploads\\\/2021\\\/02\\\/logo-footer-acceso-latino.png\",\"width\":240,\"height\":40,\"caption\":\"Acceso Latino | Fundaci\u00f3n Carlos Slim\"},\"image\":{\"@id\":\"https:\\\/\\\/accesolatino.org\\\/#\\\/schema\\\/logo\\\/image\\\/\"},\"sameAs\":[\"https:\\\/\\\/www.facebook.com\\\/AccesoLatinoOrg\",\"https:\\\/\\\/x.com\\\/FAccLatino\"]},{\"@type\":\"Person\",\"@id\":\"https:\\\/\\\/accesolatino.org\\\/#\\\/schema\\\/person\\\/6b654926a4e7e4709c9ad12459661666\",\"name\":\"Noticias\"}]}<\/script>\n<!-- \/ Yoast SEO plugin. -->","yoast_head_json":{"title":"Cient\u00edficos de la UNAM crean prueba para detectar el Covid-19 con saliva","description":"Cient\u00edficos de la Universidad Nacional Aut\u00f3noma de M\u00e9xico (UNAM) dise\u00f1aron una prueba para detectar el Covid-19 con saliva, con el prop\u00f3sito","robots":{"index":"index","follow":"follow","max-snippet":"max-snippet:-1","max-image-preview":"max-image-preview:large","max-video-preview":"max-video-preview:-1"},"canonical":"https:\/\/accesolatino.org\/en\/cientificos-de-la-unam-crean-prueba-para-detectar-el-covid-19-con-saliva\/noticias\/","og_locale":"en_US","og_type":"article","og_title":"Cient\u00edficos de la UNAM crean prueba para detectar el Covid-19 con saliva","og_description":"Cient\u00edficos de la Universidad Nacional Aut\u00f3noma de M\u00e9xico (UNAM) dise\u00f1aron una prueba para detectar el Covid-19 con saliva, con el prop\u00f3sito","og_url":"https:\/\/accesolatino.org\/en\/cientificos-de-la-unam-crean-prueba-para-detectar-el-covid-19-con-saliva\/noticias\/","og_site_name":"Acceso Latino","article_publisher":"https:\/\/www.facebook.com\/AccesoLatinoOrg","article_published_time":"2020-09-09T12:46:28+00:00","article_modified_time":"2025-10-25T22:17:29+00:00","og_image":[{"width":600,"height":336,"url":"https:\/\/accesolatino.org\/wp-content\/uploads\/2020\/09\/Cientificos-de-la-UNAM-crean-prueba-detectar-el-Covid-19-con-saliva.jpg","type":"image\/jpeg"}],"author":"Noticias","twitter_card":"summary_large_image","twitter_creator":"@FAccLatino","twitter_site":"@FAccLatino","twitter_misc":{"Written by":"Noticias","Est. reading time":"2 minutes"},"schema":{"@context":"https:\/\/schema.org","@graph":[{"@type":"Article","@id":"https:\/\/accesolatino.org\/cientificos-de-la-unam-crean-prueba-para-detectar-el-covid-19-con-saliva\/noticias\/#article","isPartOf":{"@id":"https:\/\/accesolatino.org\/cientificos-de-la-unam-crean-prueba-para-detectar-el-covid-19-con-saliva\/noticias\/"},"author":{"name":"Noticias","@id":"https:\/\/accesolatino.org\/#\/schema\/person\/6b654926a4e7e4709c9ad12459661666"},"headline":"Cient\u00edficos de la UNAM crean prueba para detectar el Covid-19 con saliva","datePublished":"2020-09-09T12:46:28+00:00","dateModified":"2025-10-25T22:17:29+00:00","mainEntityOfPage":{"@id":"https:\/\/accesolatino.org\/cientificos-de-la-unam-crean-prueba-para-detectar-el-covid-19-con-saliva\/noticias\/"},"wordCount":443,"commentCount":0,"publisher":{"@id":"https:\/\/accesolatino.org\/#organization"},"image":{"@id":"https:\/\/accesolatino.org\/cientificos-de-la-unam-crean-prueba-para-detectar-el-covid-19-con-saliva\/noticias\/#primaryimage"},"thumbnailUrl":"https:\/\/accesolatino.org\/wp-content\/uploads\/2020\/09\/Cientificos-de-la-UNAM-crean-prueba-detectar-el-Covid-19-con-saliva.jpg","articleSection":["Noticias","Temas de inter\u00e9s"],"inLanguage":"en-US","potentialAction":[{"@type":"CommentAction","name":"Comment","target":["https:\/\/accesolatino.org\/cientificos-de-la-unam-crean-prueba-para-detectar-el-covid-19-con-saliva\/noticias\/#respond"]}]},{"@type":"WebPage","@id":"https:\/\/accesolatino.org\/cientificos-de-la-unam-crean-prueba-para-detectar-el-covid-19-con-saliva\/noticias\/","url":"https:\/\/accesolatino.org\/cientificos-de-la-unam-crean-prueba-para-detectar-el-covid-19-con-saliva\/noticias\/","name":"Cient\u00edficos de la UNAM crean prueba para detectar el Covid-19 con saliva","isPartOf":{"@id":"https:\/\/accesolatino.org\/#website"},"primaryImageOfPage":{"@id":"https:\/\/accesolatino.org\/cientificos-de-la-unam-crean-prueba-para-detectar-el-covid-19-con-saliva\/noticias\/#primaryimage"},"image":{"@id":"https:\/\/accesolatino.org\/cientificos-de-la-unam-crean-prueba-para-detectar-el-covid-19-con-saliva\/noticias\/#primaryimage"},"thumbnailUrl":"https:\/\/accesolatino.org\/wp-content\/uploads\/2020\/09\/Cientificos-de-la-UNAM-crean-prueba-detectar-el-Covid-19-con-saliva.jpg","datePublished":"2020-09-09T12:46:28+00:00","dateModified":"2025-10-25T22:17:29+00:00","description":"Cient\u00edficos de la Universidad Nacional Aut\u00f3noma de M\u00e9xico (UNAM) dise\u00f1aron una prueba para detectar el Covid-19 con saliva, con el prop\u00f3sito","breadcrumb":{"@id":"https:\/\/accesolatino.org\/cientificos-de-la-unam-crean-prueba-para-detectar-el-covid-19-con-saliva\/noticias\/#breadcrumb"},"inLanguage":"en-US","potentialAction":[{"@type":"ReadAction","target":["https:\/\/accesolatino.org\/cientificos-de-la-unam-crean-prueba-para-detectar-el-covid-19-con-saliva\/noticias\/"]}]},{"@type":"ImageObject","inLanguage":"en-US","@id":"https:\/\/accesolatino.org\/cientificos-de-la-unam-crean-prueba-para-detectar-el-covid-19-con-saliva\/noticias\/#primaryimage","url":"https:\/\/accesolatino.org\/wp-content\/uploads\/2020\/09\/Cientificos-de-la-UNAM-crean-prueba-detectar-el-Covid-19-con-saliva.jpg","contentUrl":"https:\/\/accesolatino.org\/wp-content\/uploads\/2020\/09\/Cientificos-de-la-UNAM-crean-prueba-detectar-el-Covid-19-con-saliva.jpg","width":600,"height":336},{"@type":"BreadcrumbList","@id":"https:\/\/accesolatino.org\/cientificos-de-la-unam-crean-prueba-para-detectar-el-covid-19-con-saliva\/noticias\/#breadcrumb","itemListElement":[{"@type":"ListItem","position":1,"name":"Portada","item":"https:\/\/accesolatino.org\/"},{"@type":"ListItem","position":2,"name":"Noticias","item":"https:\/\/accesolatino.org\/category\/noticias\/"},{"@type":"ListItem","position":3,"name":"Cient\u00edficos de la UNAM crean prueba para detectar el Covid-19 con saliva"}]},{"@type":"WebSite","@id":"https:\/\/accesolatino.org\/#website","url":"https:\/\/accesolatino.org\/","name":"Acceso Latino | Fundaci\u00f3n Carlos Slim","description":"Fundaci\u00f3n Carlos Slim","publisher":{"@id":"https:\/\/accesolatino.org\/#organization"},"potentialAction":[{"@type":"SearchAction","target":{"@type":"EntryPoint","urlTemplate":"https:\/\/accesolatino.org\/?s={search_term_string}"},"query-input":{"@type":"PropertyValueSpecification","valueRequired":true,"valueName":"search_term_string"}}],"inLanguage":"en-US"},{"@type":"Organization","@id":"https:\/\/accesolatino.org\/#organization","name":"Acceso Latino | Fundaci\u00f3n Carlos Slim","url":"https:\/\/accesolatino.org\/","logo":{"@type":"ImageObject","inLanguage":"en-US","@id":"https:\/\/accesolatino.org\/#\/schema\/logo\/image\/","url":"https:\/\/accesolatino.org\/wp-content\/uploads\/2021\/02\/logo-footer-acceso-latino.png","contentUrl":"https:\/\/accesolatino.org\/wp-content\/uploads\/2021\/02\/logo-footer-acceso-latino.png","width":240,"height":40,"caption":"Acceso Latino | Fundaci\u00f3n Carlos Slim"},"image":{"@id":"https:\/\/accesolatino.org\/#\/schema\/logo\/image\/"},"sameAs":["https:\/\/www.facebook.com\/AccesoLatinoOrg","https:\/\/x.com\/FAccLatino"]},{"@type":"Person","@id":"https:\/\/accesolatino.org\/#\/schema\/person\/6b654926a4e7e4709c9ad12459661666","name":"News"}]}},"_links":{"self":[{"href":"https:\/\/accesolatino.org\/en\/wp-json\/wp\/v2\/posts\/22761","targetHints":{"allow":["GET"]}}],"collection":[{"href":"https:\/\/accesolatino.org\/en\/wp-json\/wp\/v2\/posts"}],"about":[{"href":"https:\/\/accesolatino.org\/en\/wp-json\/wp\/v2\/types\/post"}],"author":[{"embeddable":true,"href":"https:\/\/accesolatino.org\/en\/wp-json\/wp\/v2\/users\/13"}],"replies":[{"embeddable":true,"href":"https:\/\/accesolatino.org\/en\/wp-json\/wp\/v2\/comments?post=22761"}],"version-history":[{"count":1,"href":"https:\/\/accesolatino.org\/en\/wp-json\/wp\/v2\/posts\/22761\/revisions"}],"predecessor-version":[{"id":65735,"href":"https:\/\/accesolatino.org\/en\/wp-json\/wp\/v2\/posts\/22761\/revisions\/65735"}],"wp:featuredmedia":[{"embeddable":true,"href":"https:\/\/accesolatino.org\/en\/wp-json\/wp\/v2\/media\/22757"}],"wp:attachment":[{"href":"https:\/\/accesolatino.org\/en\/wp-json\/wp\/v2\/media?parent=22761"}],"wp:term":[{"taxonomy":"category","embeddable":true,"href":"https:\/\/accesolatino.org\/en\/wp-json\/wp\/v2\/categories?post=22761"},{"taxonomy":"post_tag","embeddable":true,"href":"https:\/\/accesolatino.org\/en\/wp-json\/wp\/v2\/tags?post=22761"}],"curies":[{"name":"wp","href":"https:\/\/api.w.org\/{rel}","templated":true}]}}