{"id":22754,"date":"2020-09-09T07:40:59","date_gmt":"2020-09-09T12:40:59","guid":{"rendered":"https:\/\/accesolatino.org\/?p=22754"},"modified":"2025-10-25T16:17:39","modified_gmt":"2025-10-25T22:17:39","slug":"latinos-los-mas-afectados-por-covid-19-en-cuanto-a-empleo","status":"publish","type":"post","link":"https:\/\/accesolatino.org\/en\/latinos-los-mas-afectados-por-covid-19-en-cuanto-a-empleo\/noticias\/","title":{"rendered":"Latinos, los m\u00e1s afectados por Covid-19 en cuanto a empleo"},"content":{"rendered":"<div data-elementor-type=\"wp-post\" data-elementor-id=\"22754\" class=\"elementor elementor-22754\">\n\t\t\t\t\t\t<section class=\"elementor-section elementor-top-section elementor-element elementor-element-2ae491ef elementor-section-boxed elementor-section-height-default elementor-section-height-default wpr-particle-no wpr-jarallax-no wpr-parallax-no wpr-sticky-section-no wpr-equal-height-no\" data-id=\"2ae491ef\" data-element_type=\"section\" data-e-type=\"section\">\n\t\t\t\t\t\t<div class=\"elementor-container elementor-column-gap-default\">\n\t\t\t\t\t<div class=\"elementor-column elementor-col-100 elementor-top-column elementor-element elementor-element-29caa9c0\" data-id=\"29caa9c0\" data-element_type=\"column\" data-e-type=\"column\">\n\t\t\t<div class=\"elementor-widget-wrap elementor-element-populated\">\n\t\t\t\t\t\t<div class=\"elementor-element elementor-element-2572709e elementor-widget elementor-widget-text-editor\" data-id=\"2572709e\" data-element_type=\"widget\" data-e-type=\"widget\" data-widget_type=\"text-editor.default\">\n\t\t\t\t<div class=\"elementor-widget-container\">\n\t\t\t\t\t\t\t\t\t<p>El desempleo desafortunadamente sigue a la alza en la poblaci\u00f3n latina, con una tasa del 10.5% en el mes de agosto, seg\u00fan ha dado a conocer un informe de la organizaci\u00f3n UnidosUS (antes Consejo Nacional de La Raza).<\/p><p>\u201cEl crecimiento contin\u00faa lento por segundo mes consecutivo para la industria hotelera, donde los latinos est\u00e1n representados de manera desproporcionada\u201d, se\u00f1ala el reporte.<\/p><p>Otra industria que ha sido perjudicada es la de ventas al menudeo, ya que su crecimiento ha sido mucho m\u00e1s lento. \u201cCon el 18% de los latinos trabajando en la industria de las ventas por menudeo este crecimiento, a pesar de todo es bueno\u201d, expresa la organizaci\u00f3n.<\/p><p>De los 13.5 millones de desempleados, 3 millones son latinos. \u201cEl desempleo entre los latinos contin\u00faa alto, pero no tanto como en marzo y abril. En estos momentos, para el mes de agosto, la tasa m\u00e1s elevada de desocupaci\u00f3n la ocupan los afroamericanos con el 13% y los asi\u00e1ticos con el 10.7%\u201d, explica Meggie Weiler, analista de pol\u00edtica econ\u00f3mica de UnidosUS.<\/p><p>La pandemia ha impactado fuertemente a la industria de servicios, donde trabaja el 24% de los latinos. \u201cDesde julio, 534 mil empleos se han perdido de manera definitiva, lo que se suma a los 2.1 millones de trabajos que se han desvanecidos desde febrero\u201d, comenta Weiler.<\/p><p>Se pronostica que la p\u00e9rdida de empleos siga creciendo en oto\u00f1o, esto por el cierre de negocios o por la apertura parcial de los mismos.<\/p><p>UnidosUS le exige al Congreso que ayude a los trabajadores desempleados, extendiendo los US$600 de apoyo (que finaliz\u00f3 en julio) y que no haya obst\u00e1culos para la obtenci\u00f3n de estos.<\/p><p>Tambi\u00e9n solicitan que aprueben el proyecto <em>Heroes Act<\/em> que favorecer\u00eda a las familias latinas y tambi\u00e9n a los estados. \u201cCada d\u00eda que el Congreso no aprueba una medida para proteger a los trabajadores y sus familias, las vidas y el sustento de miles contin\u00faan deterior\u00e1ndose\u201d, sentencian.<\/p><p>Por \u00faltimo, insisten en que deben ampliar el acceso a las pruebas, tratamientos y a las vacunas de Covid-19, sin importar su estatus migratorio; otorgar alivio financiero a las familias de estatus migratorio mixto, y asegurar apoyo y protecci\u00f3n a las comunidades m\u00e1s vulnerables.<\/p>\t\t\t\t\t\t\t\t<\/div>\n\t\t\t\t<\/div>\n\t\t\t\t\t<\/div>\n\t\t<\/div>\n\t\t\t\t\t<\/div>\n\t\t<\/section>\n\t\t\t\t<\/div>","protected":false},"excerpt":{"rendered":"<p>El desempleo desafortunadamente sigue a la alza en la poblaci\u00f3n latina, con una tasa del 10.5% en el mes de agosto, seg\u00fan ha dado a conocer un informe de la organizaci\u00f3n UnidosUS (antes Consejo Nacional de La Raza). <\/p>","protected":false},"author":13,"featured_media":22758,"comment_status":"open","ping_status":"open","sticky":false,"template":"elementor_header_footer","format":"standard","meta":{"_uf_show_specific_survey":0,"_uf_disable_surveys":false,"footnotes":""},"categories":[10,1],"tags":[],"class_list":["post-22754","post","type-post","status-publish","format-standard","has-post-thumbnail","hentry","category-noticias","category-temas-de-interes"],"aioseo_notices":[],"yoast_head":"<!-- This site is optimized with the Yoast SEO plugin v27.4 - https:\/\/yoast.com\/product\/yoast-seo-wordpress\/ -->\n<title>Latinos, los m\u00e1s afectados por Covid-19 en cuanto a empleo<\/title>\n<meta name=\"description\" content=\"El desempleo desafortunadamente sigue a la alza en la poblaci\u00f3n latina, con una tasa del 10.5% en el mes de agosto, seg\u00fan ha dado a conocer\" \/>\n<meta name=\"robots\" content=\"index, follow, max-snippet:-1, max-image-preview:large, max-video-preview:-1\" \/>\n<link rel=\"canonical\" href=\"https:\/\/accesolatino.org\/en\/latinos-los-mas-afectados-por-covid-19-en-cuanto-a-empleo\/noticias\/\" \/>\n<meta property=\"og:locale\" content=\"en_US\" \/>\n<meta property=\"og:type\" content=\"article\" \/>\n<meta property=\"og:title\" content=\"Latinos, los m\u00e1s afectados por Covid-19 en cuanto a empleo\" \/>\n<meta property=\"og:description\" content=\"El desempleo desafortunadamente sigue a la alza en la poblaci\u00f3n latina, con una tasa del 10.5% en el mes de agosto, seg\u00fan ha dado a conocer\" \/>\n<meta property=\"og:url\" content=\"https:\/\/accesolatino.org\/en\/latinos-los-mas-afectados-por-covid-19-en-cuanto-a-empleo\/noticias\/\" \/>\n<meta property=\"og:site_name\" content=\"Acceso Latino\" \/>\n<meta property=\"article:publisher\" content=\"https:\/\/www.facebook.com\/AccesoLatinoOrg\" \/>\n<meta property=\"article:published_time\" content=\"2020-09-09T12:40:59+00:00\" \/>\n<meta property=\"article:modified_time\" content=\"2025-10-25T22:17:39+00:00\" \/>\n<meta property=\"og:image\" content=\"https:\/\/accesolatino.org\/wp-content\/uploads\/2020\/09\/Latinos-los-mas-afectados-por-Covid-19-en-cuanto-a-empleo.jpg\" \/>\n\t<meta property=\"og:image:width\" content=\"600\" \/>\n\t<meta property=\"og:image:height\" content=\"336\" \/>\n\t<meta property=\"og:image:type\" content=\"image\/jpeg\" \/>\n<meta name=\"author\" content=\"Noticias\" \/>\n<meta name=\"twitter:card\" content=\"summary_large_image\" \/>\n<meta name=\"twitter:creator\" content=\"@FAccLatino\" \/>\n<meta name=\"twitter:site\" content=\"@FAccLatino\" \/>\n<meta name=\"twitter:label1\" content=\"Written by\" \/>\n\t<meta name=\"twitter:data1\" content=\"Noticias\" \/>\n\t<meta name=\"twitter:label2\" content=\"Est. reading time\" \/>\n\t<meta name=\"twitter:data2\" content=\"2 minutes\" \/>\n<script type=\"application\/ld+json\" class=\"yoast-schema-graph\">{\"@context\":\"https:\\\/\\\/schema.org\",\"@graph\":[{\"@type\":\"Article\",\"@id\":\"https:\\\/\\\/accesolatino.org\\\/latinos-los-mas-afectados-por-covid-19-en-cuanto-a-empleo\\\/noticias\\\/#article\",\"isPartOf\":{\"@id\":\"https:\\\/\\\/accesolatino.org\\\/latinos-los-mas-afectados-por-covid-19-en-cuanto-a-empleo\\\/noticias\\\/\"},\"author\":{\"name\":\"Noticias\",\"@id\":\"https:\\\/\\\/accesolatino.org\\\/#\\\/schema\\\/person\\\/6b654926a4e7e4709c9ad12459661666\"},\"headline\":\"Latinos, los m\u00e1s afectados por Covid-19 en cuanto a empleo\",\"datePublished\":\"2020-09-09T12:40:59+00:00\",\"dateModified\":\"2025-10-25T22:17:39+00:00\",\"mainEntityOfPage\":{\"@id\":\"https:\\\/\\\/accesolatino.org\\\/latinos-los-mas-afectados-por-covid-19-en-cuanto-a-empleo\\\/noticias\\\/\"},\"wordCount\":388,\"commentCount\":0,\"publisher\":{\"@id\":\"https:\\\/\\\/accesolatino.org\\\/#organization\"},\"image\":{\"@id\":\"https:\\\/\\\/accesolatino.org\\\/latinos-los-mas-afectados-por-covid-19-en-cuanto-a-empleo\\\/noticias\\\/#primaryimage\"},\"thumbnailUrl\":\"https:\\\/\\\/accesolatino.org\\\/wp-content\\\/uploads\\\/2020\\\/09\\\/Latinos-los-mas-afectados-por-Covid-19-en-cuanto-a-empleo.jpg\",\"articleSection\":[\"Noticias\",\"Temas de inter\u00e9s\"],\"inLanguage\":\"en-US\",\"potentialAction\":[{\"@type\":\"CommentAction\",\"name\":\"Comment\",\"target\":[\"https:\\\/\\\/accesolatino.org\\\/latinos-los-mas-afectados-por-covid-19-en-cuanto-a-empleo\\\/noticias\\\/#respond\"]}]},{\"@type\":\"WebPage\",\"@id\":\"https:\\\/\\\/accesolatino.org\\\/latinos-los-mas-afectados-por-covid-19-en-cuanto-a-empleo\\\/noticias\\\/\",\"url\":\"https:\\\/\\\/accesolatino.org\\\/latinos-los-mas-afectados-por-covid-19-en-cuanto-a-empleo\\\/noticias\\\/\",\"name\":\"Latinos, los m\u00e1s afectados por Covid-19 en cuanto a empleo\",\"isPartOf\":{\"@id\":\"https:\\\/\\\/accesolatino.org\\\/#website\"},\"primaryImageOfPage\":{\"@id\":\"https:\\\/\\\/accesolatino.org\\\/latinos-los-mas-afectados-por-covid-19-en-cuanto-a-empleo\\\/noticias\\\/#primaryimage\"},\"image\":{\"@id\":\"https:\\\/\\\/accesolatino.org\\\/latinos-los-mas-afectados-por-covid-19-en-cuanto-a-empleo\\\/noticias\\\/#primaryimage\"},\"thumbnailUrl\":\"https:\\\/\\\/accesolatino.org\\\/wp-content\\\/uploads\\\/2020\\\/09\\\/Latinos-los-mas-afectados-por-Covid-19-en-cuanto-a-empleo.jpg\",\"datePublished\":\"2020-09-09T12:40:59+00:00\",\"dateModified\":\"2025-10-25T22:17:39+00:00\",\"description\":\"El desempleo desafortunadamente sigue a la alza en la poblaci\u00f3n latina, con una tasa del 10.5% en el mes de agosto, seg\u00fan ha dado a conocer\",\"breadcrumb\":{\"@id\":\"https:\\\/\\\/accesolatino.org\\\/latinos-los-mas-afectados-por-covid-19-en-cuanto-a-empleo\\\/noticias\\\/#breadcrumb\"},\"inLanguage\":\"en-US\",\"potentialAction\":[{\"@type\":\"ReadAction\",\"target\":[\"https:\\\/\\\/accesolatino.org\\\/latinos-los-mas-afectados-por-covid-19-en-cuanto-a-empleo\\\/noticias\\\/\"]}]},{\"@type\":\"ImageObject\",\"inLanguage\":\"en-US\",\"@id\":\"https:\\\/\\\/accesolatino.org\\\/latinos-los-mas-afectados-por-covid-19-en-cuanto-a-empleo\\\/noticias\\\/#primaryimage\",\"url\":\"https:\\\/\\\/accesolatino.org\\\/wp-content\\\/uploads\\\/2020\\\/09\\\/Latinos-los-mas-afectados-por-Covid-19-en-cuanto-a-empleo.jpg\",\"contentUrl\":\"https:\\\/\\\/accesolatino.org\\\/wp-content\\\/uploads\\\/2020\\\/09\\\/Latinos-los-mas-afectados-por-Covid-19-en-cuanto-a-empleo.jpg\",\"width\":600,\"height\":336},{\"@type\":\"BreadcrumbList\",\"@id\":\"https:\\\/\\\/accesolatino.org\\\/latinos-los-mas-afectados-por-covid-19-en-cuanto-a-empleo\\\/noticias\\\/#breadcrumb\",\"itemListElement\":[{\"@type\":\"ListItem\",\"position\":1,\"name\":\"Portada\",\"item\":\"https:\\\/\\\/accesolatino.org\\\/\"},{\"@type\":\"ListItem\",\"position\":2,\"name\":\"Noticias\",\"item\":\"https:\\\/\\\/accesolatino.org\\\/category\\\/noticias\\\/\"},{\"@type\":\"ListItem\",\"position\":3,\"name\":\"Latinos, los m\u00e1s afectados por Covid-19 en cuanto a empleo\"}]},{\"@type\":\"WebSite\",\"@id\":\"https:\\\/\\\/accesolatino.org\\\/#website\",\"url\":\"https:\\\/\\\/accesolatino.org\\\/\",\"name\":\"Acceso Latino | Fundaci\u00f3n Carlos Slim\",\"description\":\"Fundaci\u00f3n Carlos Slim\",\"publisher\":{\"@id\":\"https:\\\/\\\/accesolatino.org\\\/#organization\"},\"potentialAction\":[{\"@type\":\"SearchAction\",\"target\":{\"@type\":\"EntryPoint\",\"urlTemplate\":\"https:\\\/\\\/accesolatino.org\\\/?s={search_term_string}\"},\"query-input\":{\"@type\":\"PropertyValueSpecification\",\"valueRequired\":true,\"valueName\":\"search_term_string\"}}],\"inLanguage\":\"en-US\"},{\"@type\":\"Organization\",\"@id\":\"https:\\\/\\\/accesolatino.org\\\/#organization\",\"name\":\"Acceso Latino | Fundaci\u00f3n Carlos Slim\",\"url\":\"https:\\\/\\\/accesolatino.org\\\/\",\"logo\":{\"@type\":\"ImageObject\",\"inLanguage\":\"en-US\",\"@id\":\"https:\\\/\\\/accesolatino.org\\\/#\\\/schema\\\/logo\\\/image\\\/\",\"url\":\"https:\\\/\\\/accesolatino.org\\\/wp-content\\\/uploads\\\/2021\\\/02\\\/logo-footer-acceso-latino.png\",\"contentUrl\":\"https:\\\/\\\/accesolatino.org\\\/wp-content\\\/uploads\\\/2021\\\/02\\\/logo-footer-acceso-latino.png\",\"width\":240,\"height\":40,\"caption\":\"Acceso Latino | Fundaci\u00f3n Carlos Slim\"},\"image\":{\"@id\":\"https:\\\/\\\/accesolatino.org\\\/#\\\/schema\\\/logo\\\/image\\\/\"},\"sameAs\":[\"https:\\\/\\\/www.facebook.com\\\/AccesoLatinoOrg\",\"https:\\\/\\\/x.com\\\/FAccLatino\"]},{\"@type\":\"Person\",\"@id\":\"https:\\\/\\\/accesolatino.org\\\/#\\\/schema\\\/person\\\/6b654926a4e7e4709c9ad12459661666\",\"name\":\"Noticias\"}]}<\/script>\n<!-- \/ Yoast SEO plugin. -->","yoast_head_json":{"title":"Latinos, los m\u00e1s afectados por Covid-19 en cuanto a empleo","description":"El desempleo desafortunadamente sigue a la alza en la poblaci\u00f3n latina, con una tasa del 10.5% en el mes de agosto, seg\u00fan ha dado a conocer","robots":{"index":"index","follow":"follow","max-snippet":"max-snippet:-1","max-image-preview":"max-image-preview:large","max-video-preview":"max-video-preview:-1"},"canonical":"https:\/\/accesolatino.org\/en\/latinos-los-mas-afectados-por-covid-19-en-cuanto-a-empleo\/noticias\/","og_locale":"en_US","og_type":"article","og_title":"Latinos, los m\u00e1s afectados por Covid-19 en cuanto a empleo","og_description":"El desempleo desafortunadamente sigue a la alza en la poblaci\u00f3n latina, con una tasa del 10.5% en el mes de agosto, seg\u00fan ha dado a conocer","og_url":"https:\/\/accesolatino.org\/en\/latinos-los-mas-afectados-por-covid-19-en-cuanto-a-empleo\/noticias\/","og_site_name":"Acceso Latino","article_publisher":"https:\/\/www.facebook.com\/AccesoLatinoOrg","article_published_time":"2020-09-09T12:40:59+00:00","article_modified_time":"2025-10-25T22:17:39+00:00","og_image":[{"width":600,"height":336,"url":"https:\/\/accesolatino.org\/wp-content\/uploads\/2020\/09\/Latinos-los-mas-afectados-por-Covid-19-en-cuanto-a-empleo.jpg","type":"image\/jpeg"}],"author":"Noticias","twitter_card":"summary_large_image","twitter_creator":"@FAccLatino","twitter_site":"@FAccLatino","twitter_misc":{"Written by":"Noticias","Est. reading time":"2 minutes"},"schema":{"@context":"https:\/\/schema.org","@graph":[{"@type":"Article","@id":"https:\/\/accesolatino.org\/latinos-los-mas-afectados-por-covid-19-en-cuanto-a-empleo\/noticias\/#article","isPartOf":{"@id":"https:\/\/accesolatino.org\/latinos-los-mas-afectados-por-covid-19-en-cuanto-a-empleo\/noticias\/"},"author":{"name":"Noticias","@id":"https:\/\/accesolatino.org\/#\/schema\/person\/6b654926a4e7e4709c9ad12459661666"},"headline":"Latinos, los m\u00e1s afectados por Covid-19 en cuanto a empleo","datePublished":"2020-09-09T12:40:59+00:00","dateModified":"2025-10-25T22:17:39+00:00","mainEntityOfPage":{"@id":"https:\/\/accesolatino.org\/latinos-los-mas-afectados-por-covid-19-en-cuanto-a-empleo\/noticias\/"},"wordCount":388,"commentCount":0,"publisher":{"@id":"https:\/\/accesolatino.org\/#organization"},"image":{"@id":"https:\/\/accesolatino.org\/latinos-los-mas-afectados-por-covid-19-en-cuanto-a-empleo\/noticias\/#primaryimage"},"thumbnailUrl":"https:\/\/accesolatino.org\/wp-content\/uploads\/2020\/09\/Latinos-los-mas-afectados-por-Covid-19-en-cuanto-a-empleo.jpg","articleSection":["Noticias","Temas de inter\u00e9s"],"inLanguage":"en-US","potentialAction":[{"@type":"CommentAction","name":"Comment","target":["https:\/\/accesolatino.org\/latinos-los-mas-afectados-por-covid-19-en-cuanto-a-empleo\/noticias\/#respond"]}]},{"@type":"WebPage","@id":"https:\/\/accesolatino.org\/latinos-los-mas-afectados-por-covid-19-en-cuanto-a-empleo\/noticias\/","url":"https:\/\/accesolatino.org\/latinos-los-mas-afectados-por-covid-19-en-cuanto-a-empleo\/noticias\/","name":"Latinos, los m\u00e1s afectados por Covid-19 en cuanto a empleo","isPartOf":{"@id":"https:\/\/accesolatino.org\/#website"},"primaryImageOfPage":{"@id":"https:\/\/accesolatino.org\/latinos-los-mas-afectados-por-covid-19-en-cuanto-a-empleo\/noticias\/#primaryimage"},"image":{"@id":"https:\/\/accesolatino.org\/latinos-los-mas-afectados-por-covid-19-en-cuanto-a-empleo\/noticias\/#primaryimage"},"thumbnailUrl":"https:\/\/accesolatino.org\/wp-content\/uploads\/2020\/09\/Latinos-los-mas-afectados-por-Covid-19-en-cuanto-a-empleo.jpg","datePublished":"2020-09-09T12:40:59+00:00","dateModified":"2025-10-25T22:17:39+00:00","description":"El desempleo desafortunadamente sigue a la alza en la poblaci\u00f3n latina, con una tasa del 10.5% en el mes de agosto, seg\u00fan ha dado a conocer","breadcrumb":{"@id":"https:\/\/accesolatino.org\/latinos-los-mas-afectados-por-covid-19-en-cuanto-a-empleo\/noticias\/#breadcrumb"},"inLanguage":"en-US","potentialAction":[{"@type":"ReadAction","target":["https:\/\/accesolatino.org\/latinos-los-mas-afectados-por-covid-19-en-cuanto-a-empleo\/noticias\/"]}]},{"@type":"ImageObject","inLanguage":"en-US","@id":"https:\/\/accesolatino.org\/latinos-los-mas-afectados-por-covid-19-en-cuanto-a-empleo\/noticias\/#primaryimage","url":"https:\/\/accesolatino.org\/wp-content\/uploads\/2020\/09\/Latinos-los-mas-afectados-por-Covid-19-en-cuanto-a-empleo.jpg","contentUrl":"https:\/\/accesolatino.org\/wp-content\/uploads\/2020\/09\/Latinos-los-mas-afectados-por-Covid-19-en-cuanto-a-empleo.jpg","width":600,"height":336},{"@type":"BreadcrumbList","@id":"https:\/\/accesolatino.org\/latinos-los-mas-afectados-por-covid-19-en-cuanto-a-empleo\/noticias\/#breadcrumb","itemListElement":[{"@type":"ListItem","position":1,"name":"Portada","item":"https:\/\/accesolatino.org\/"},{"@type":"ListItem","position":2,"name":"Noticias","item":"https:\/\/accesolatino.org\/category\/noticias\/"},{"@type":"ListItem","position":3,"name":"Latinos, los m\u00e1s afectados por Covid-19 en cuanto a empleo"}]},{"@type":"WebSite","@id":"https:\/\/accesolatino.org\/#website","url":"https:\/\/accesolatino.org\/","name":"Acceso Latino | Fundaci\u00f3n Carlos Slim","description":"Fundaci\u00f3n Carlos Slim","publisher":{"@id":"https:\/\/accesolatino.org\/#organization"},"potentialAction":[{"@type":"SearchAction","target":{"@type":"EntryPoint","urlTemplate":"https:\/\/accesolatino.org\/?s={search_term_string}"},"query-input":{"@type":"PropertyValueSpecification","valueRequired":true,"valueName":"search_term_string"}}],"inLanguage":"en-US"},{"@type":"Organization","@id":"https:\/\/accesolatino.org\/#organization","name":"Acceso Latino | Fundaci\u00f3n Carlos Slim","url":"https:\/\/accesolatino.org\/","logo":{"@type":"ImageObject","inLanguage":"en-US","@id":"https:\/\/accesolatino.org\/#\/schema\/logo\/image\/","url":"https:\/\/accesolatino.org\/wp-content\/uploads\/2021\/02\/logo-footer-acceso-latino.png","contentUrl":"https:\/\/accesolatino.org\/wp-content\/uploads\/2021\/02\/logo-footer-acceso-latino.png","width":240,"height":40,"caption":"Acceso Latino | Fundaci\u00f3n Carlos Slim"},"image":{"@id":"https:\/\/accesolatino.org\/#\/schema\/logo\/image\/"},"sameAs":["https:\/\/www.facebook.com\/AccesoLatinoOrg","https:\/\/x.com\/FAccLatino"]},{"@type":"Person","@id":"https:\/\/accesolatino.org\/#\/schema\/person\/6b654926a4e7e4709c9ad12459661666","name":"News"}]}},"_links":{"self":[{"href":"https:\/\/accesolatino.org\/en\/wp-json\/wp\/v2\/posts\/22754","targetHints":{"allow":["GET"]}}],"collection":[{"href":"https:\/\/accesolatino.org\/en\/wp-json\/wp\/v2\/posts"}],"about":[{"href":"https:\/\/accesolatino.org\/en\/wp-json\/wp\/v2\/types\/post"}],"author":[{"embeddable":true,"href":"https:\/\/accesolatino.org\/en\/wp-json\/wp\/v2\/users\/13"}],"replies":[{"embeddable":true,"href":"https:\/\/accesolatino.org\/en\/wp-json\/wp\/v2\/comments?post=22754"}],"version-history":[{"count":1,"href":"https:\/\/accesolatino.org\/en\/wp-json\/wp\/v2\/posts\/22754\/revisions"}],"predecessor-version":[{"id":65737,"href":"https:\/\/accesolatino.org\/en\/wp-json\/wp\/v2\/posts\/22754\/revisions\/65737"}],"wp:featuredmedia":[{"embeddable":true,"href":"https:\/\/accesolatino.org\/en\/wp-json\/wp\/v2\/media\/22758"}],"wp:attachment":[{"href":"https:\/\/accesolatino.org\/en\/wp-json\/wp\/v2\/media?parent=22754"}],"wp:term":[{"taxonomy":"category","embeddable":true,"href":"https:\/\/accesolatino.org\/en\/wp-json\/wp\/v2\/categories?post=22754"},{"taxonomy":"post_tag","embeddable":true,"href":"https:\/\/accesolatino.org\/en\/wp-json\/wp\/v2\/tags?post=22754"}],"curies":[{"name":"wp","href":"https:\/\/api.w.org\/{rel}","templated":true}]}}