{"id":22725,"date":"2020-09-07T11:34:33","date_gmt":"2020-09-07T16:34:33","guid":{"rendered":"https:\/\/accesolatino.org\/?p=22725"},"modified":"2025-10-25T16:16:44","modified_gmt":"2025-10-25T22:16:44","slug":"gobierno-no-puede-denegar-ciudadania-a-militares-inmigrantes","status":"publish","type":"post","link":"https:\/\/accesolatino.org\/en\/gobierno-no-puede-denegar-ciudadania-a-militares-inmigrantes\/noticias\/","title":{"rendered":"Gobierno no puede denegar ciudadan\u00eda a militares inmigrantes"},"content":{"rendered":"<div data-elementor-type=\"wp-post\" data-elementor-id=\"22725\" class=\"elementor elementor-22725\">\n\t\t\t\t\t\t<section class=\"elementor-section elementor-top-section elementor-element elementor-element-2ae491ef elementor-section-boxed elementor-section-height-default elementor-section-height-default wpr-particle-no wpr-jarallax-no wpr-parallax-no wpr-sticky-section-no wpr-equal-height-no\" data-id=\"2ae491ef\" data-element_type=\"section\" data-e-type=\"section\">\n\t\t\t\t\t\t<div class=\"elementor-container elementor-column-gap-default\">\n\t\t\t\t\t<div class=\"elementor-column elementor-col-100 elementor-top-column elementor-element elementor-element-29caa9c0\" data-id=\"29caa9c0\" data-element_type=\"column\" data-e-type=\"column\">\n\t\t\t<div class=\"elementor-widget-wrap elementor-element-populated\">\n\t\t\t\t\t\t<div class=\"elementor-element elementor-element-2572709e elementor-widget elementor-widget-text-editor\" data-id=\"2572709e\" data-element_type=\"widget\" data-e-type=\"widget\" data-widget_type=\"text-editor.default\">\n\t\t\t\t<div class=\"elementor-widget-container\">\n\t\t\t\t\t\t\t\t\t<p>El tribunal federal del Distrito de Columbia decret\u00f3 el pasado martes que la pol\u00edtica que niega a los inmigrantes que pertenecen a las Fuerzas Armadas un tr\u00e1mite r\u00e1pido para conseguir ser ciudadanos, es ilegal.<\/p><p>&#8220;El Congreso ha reconocido durante mucho tiempo que los inmigrantes que prestan servicio en las Fuerzas Armadas en tiempos de guerra tienen derecho a la ciudadan\u00eda estadounidense&#8221;, declar\u00f3 Scarlett Kim, abogada de la Uni\u00f3n de Libertades Civiles (ACLU).<\/p><p>Este hecho beneficia a todos los que pertenecen al programa DACA (Acci\u00f3n Diferida para los Llegados en la Infancia) por servir o haber servido en las Fuerzas Armadas.<\/p><p>El gobierno estadounidense en octubre del 2017 sum\u00f3 nuevos requisitos \u201conerosos\u201d, que han resultado en rechazos para tramitar la ciudadan\u00eda de los inmigrantes que pertenecen al Ej\u00e9rcito, seg\u00fan lo que estipula el Congreso.<\/p><p>&#8220;En el a\u00f1o siguiente a la aplicaci\u00f3n de esta pol\u00edtica, el Gobierno dio cuenta de una reducci\u00f3n del 72% en las solicitudes de naturalizaci\u00f3n por parte de miembros del Ej\u00e9rcito, en comparaci\u00f3n con el nivel anterior&#8221;, manifest\u00f3 ACLU.<\/p><p>La jueza federal Ellen Huvelle, destac\u00f3 que el Departamento de Defensa por ley, debe revisar si el solicitante a ciudadan\u00eda ha desempe\u00f1ado su labor con honores dentro de las Fuerzas Armadas.<\/p><p>\u00a0&#8220;El Departamento de Defensa no solo tiene prohibido considerar algo m\u00e1s all\u00e1 que el historial de servicio del soldado para determinar si ha servido con honor, sino que al recibir la solicitud de un extranjero que ha satisfecho el servicio cualificante, el Departamento debe hacer la determinaci\u00f3n&#8221;, recalc\u00f3 Huvelle.<\/p><p>Los requisitos extra agregados en 2017, &#8220;van en contra de la ley, y la negativa del Departamento de Defensa a certificar a los demandantes porque no hayan cumplido algunos de esos requisitos constituye una acci\u00f3n ilegal&#8221;, puntualiz\u00f3.<\/p>\t\t\t\t\t\t\t\t<\/div>\n\t\t\t\t<\/div>\n\t\t\t\t\t<\/div>\n\t\t<\/div>\n\t\t\t\t\t<\/div>\n\t\t<\/section>\n\t\t\t\t<\/div>","protected":false},"excerpt":{"rendered":"<p>El tribunal federal del Distrito de Columbia decret\u00f3 el pasado martes que la pol\u00edtica que niega a los inmigrantes que pertenecen a las Fuerzas Armadas un tr\u00e1mite r\u00e1pido para conseguir ser ciudadanos, es ilegal.<\/p>","protected":false},"author":13,"featured_media":22729,"comment_status":"open","ping_status":"open","sticky":false,"template":"elementor_header_footer","format":"standard","meta":{"_uf_show_specific_survey":0,"_uf_disable_surveys":false,"footnotes":""},"categories":[10,1],"tags":[],"class_list":["post-22725","post","type-post","status-publish","format-standard","has-post-thumbnail","hentry","category-noticias","category-temas-de-interes"],"aioseo_notices":[],"yoast_head":"<!-- This site is optimized with the Yoast SEO plugin v27.4 - https:\/\/yoast.com\/product\/yoast-seo-wordpress\/ -->\n<title>Gobierno no puede denegar ciudadan\u00eda a militares inmigrantes<\/title>\n<meta name=\"description\" content=\"El tribunal federal del Distrito de Columbia decret\u00f3 el pasado martes que la pol\u00edtica que niega a los inmigrantes que pertenecen a las Fuerzas\" \/>\n<meta name=\"robots\" content=\"index, follow, max-snippet:-1, max-image-preview:large, max-video-preview:-1\" \/>\n<link rel=\"canonical\" href=\"https:\/\/accesolatino.org\/en\/gobierno-no-puede-denegar-ciudadania-a-militares-inmigrantes\/noticias\/\" \/>\n<meta property=\"og:locale\" content=\"en_US\" \/>\n<meta property=\"og:type\" content=\"article\" \/>\n<meta property=\"og:title\" content=\"Gobierno no puede denegar ciudadan\u00eda a militares inmigrantes\" \/>\n<meta property=\"og:description\" content=\"El tribunal federal del Distrito de Columbia decret\u00f3 el pasado martes que la pol\u00edtica que niega a los inmigrantes que pertenecen a las Fuerzas\" \/>\n<meta property=\"og:url\" content=\"https:\/\/accesolatino.org\/en\/gobierno-no-puede-denegar-ciudadania-a-militares-inmigrantes\/noticias\/\" \/>\n<meta property=\"og:site_name\" content=\"Acceso Latino\" \/>\n<meta property=\"article:publisher\" content=\"https:\/\/www.facebook.com\/AccesoLatinoOrg\" \/>\n<meta property=\"article:published_time\" content=\"2020-09-07T16:34:33+00:00\" \/>\n<meta property=\"article:modified_time\" content=\"2025-10-25T22:16:44+00:00\" \/>\n<meta property=\"og:image\" content=\"https:\/\/accesolatino.org\/wp-content\/uploads\/2020\/09\/Gobierno-no-puede-denegar-ciudadania-a-militares.jpg\" \/>\n\t<meta property=\"og:image:width\" content=\"600\" \/>\n\t<meta property=\"og:image:height\" content=\"336\" \/>\n\t<meta property=\"og:image:type\" content=\"image\/jpeg\" \/>\n<meta name=\"author\" content=\"Noticias\" \/>\n<meta name=\"twitter:card\" content=\"summary_large_image\" \/>\n<meta name=\"twitter:creator\" content=\"@FAccLatino\" \/>\n<meta name=\"twitter:site\" content=\"@FAccLatino\" \/>\n<meta name=\"twitter:label1\" content=\"Written by\" \/>\n\t<meta name=\"twitter:data1\" content=\"Noticias\" \/>\n\t<meta name=\"twitter:label2\" content=\"Est. reading time\" \/>\n\t<meta name=\"twitter:data2\" content=\"2 minutes\" \/>\n<script type=\"application\/ld+json\" class=\"yoast-schema-graph\">{\"@context\":\"https:\\\/\\\/schema.org\",\"@graph\":[{\"@type\":\"Article\",\"@id\":\"https:\\\/\\\/accesolatino.org\\\/gobierno-no-puede-denegar-ciudadania-a-militares-inmigrantes\\\/noticias\\\/#article\",\"isPartOf\":{\"@id\":\"https:\\\/\\\/accesolatino.org\\\/gobierno-no-puede-denegar-ciudadania-a-militares-inmigrantes\\\/noticias\\\/\"},\"author\":{\"name\":\"Noticias\",\"@id\":\"https:\\\/\\\/accesolatino.org\\\/#\\\/schema\\\/person\\\/6b654926a4e7e4709c9ad12459661666\"},\"headline\":\"Gobierno no puede denegar ciudadan\u00eda a militares inmigrantes\",\"datePublished\":\"2020-09-07T16:34:33+00:00\",\"dateModified\":\"2025-10-25T22:16:44+00:00\",\"mainEntityOfPage\":{\"@id\":\"https:\\\/\\\/accesolatino.org\\\/gobierno-no-puede-denegar-ciudadania-a-militares-inmigrantes\\\/noticias\\\/\"},\"wordCount\":316,\"commentCount\":0,\"publisher\":{\"@id\":\"https:\\\/\\\/accesolatino.org\\\/#organization\"},\"image\":{\"@id\":\"https:\\\/\\\/accesolatino.org\\\/gobierno-no-puede-denegar-ciudadania-a-militares-inmigrantes\\\/noticias\\\/#primaryimage\"},\"thumbnailUrl\":\"https:\\\/\\\/accesolatino.org\\\/wp-content\\\/uploads\\\/2020\\\/09\\\/Gobierno-no-puede-denegar-ciudadania-a-militares.jpg\",\"articleSection\":[\"Noticias\",\"Temas de inter\u00e9s\"],\"inLanguage\":\"en-US\",\"potentialAction\":[{\"@type\":\"CommentAction\",\"name\":\"Comment\",\"target\":[\"https:\\\/\\\/accesolatino.org\\\/gobierno-no-puede-denegar-ciudadania-a-militares-inmigrantes\\\/noticias\\\/#respond\"]}]},{\"@type\":\"WebPage\",\"@id\":\"https:\\\/\\\/accesolatino.org\\\/gobierno-no-puede-denegar-ciudadania-a-militares-inmigrantes\\\/noticias\\\/\",\"url\":\"https:\\\/\\\/accesolatino.org\\\/gobierno-no-puede-denegar-ciudadania-a-militares-inmigrantes\\\/noticias\\\/\",\"name\":\"Gobierno no puede denegar ciudadan\u00eda a militares inmigrantes\",\"isPartOf\":{\"@id\":\"https:\\\/\\\/accesolatino.org\\\/#website\"},\"primaryImageOfPage\":{\"@id\":\"https:\\\/\\\/accesolatino.org\\\/gobierno-no-puede-denegar-ciudadania-a-militares-inmigrantes\\\/noticias\\\/#primaryimage\"},\"image\":{\"@id\":\"https:\\\/\\\/accesolatino.org\\\/gobierno-no-puede-denegar-ciudadania-a-militares-inmigrantes\\\/noticias\\\/#primaryimage\"},\"thumbnailUrl\":\"https:\\\/\\\/accesolatino.org\\\/wp-content\\\/uploads\\\/2020\\\/09\\\/Gobierno-no-puede-denegar-ciudadania-a-militares.jpg\",\"datePublished\":\"2020-09-07T16:34:33+00:00\",\"dateModified\":\"2025-10-25T22:16:44+00:00\",\"description\":\"El tribunal federal del Distrito de Columbia decret\u00f3 el pasado martes que la pol\u00edtica que niega a los inmigrantes que pertenecen a las Fuerzas\",\"breadcrumb\":{\"@id\":\"https:\\\/\\\/accesolatino.org\\\/gobierno-no-puede-denegar-ciudadania-a-militares-inmigrantes\\\/noticias\\\/#breadcrumb\"},\"inLanguage\":\"en-US\",\"potentialAction\":[{\"@type\":\"ReadAction\",\"target\":[\"https:\\\/\\\/accesolatino.org\\\/gobierno-no-puede-denegar-ciudadania-a-militares-inmigrantes\\\/noticias\\\/\"]}]},{\"@type\":\"ImageObject\",\"inLanguage\":\"en-US\",\"@id\":\"https:\\\/\\\/accesolatino.org\\\/gobierno-no-puede-denegar-ciudadania-a-militares-inmigrantes\\\/noticias\\\/#primaryimage\",\"url\":\"https:\\\/\\\/accesolatino.org\\\/wp-content\\\/uploads\\\/2020\\\/09\\\/Gobierno-no-puede-denegar-ciudadania-a-militares.jpg\",\"contentUrl\":\"https:\\\/\\\/accesolatino.org\\\/wp-content\\\/uploads\\\/2020\\\/09\\\/Gobierno-no-puede-denegar-ciudadania-a-militares.jpg\",\"width\":600,\"height\":336},{\"@type\":\"BreadcrumbList\",\"@id\":\"https:\\\/\\\/accesolatino.org\\\/gobierno-no-puede-denegar-ciudadania-a-militares-inmigrantes\\\/noticias\\\/#breadcrumb\",\"itemListElement\":[{\"@type\":\"ListItem\",\"position\":1,\"name\":\"Portada\",\"item\":\"https:\\\/\\\/accesolatino.org\\\/\"},{\"@type\":\"ListItem\",\"position\":2,\"name\":\"Noticias\",\"item\":\"https:\\\/\\\/accesolatino.org\\\/category\\\/noticias\\\/\"},{\"@type\":\"ListItem\",\"position\":3,\"name\":\"Gobierno no puede denegar ciudadan\u00eda a militares inmigrantes\"}]},{\"@type\":\"WebSite\",\"@id\":\"https:\\\/\\\/accesolatino.org\\\/#website\",\"url\":\"https:\\\/\\\/accesolatino.org\\\/\",\"name\":\"Acceso Latino | Fundaci\u00f3n Carlos Slim\",\"description\":\"Fundaci\u00f3n Carlos Slim\",\"publisher\":{\"@id\":\"https:\\\/\\\/accesolatino.org\\\/#organization\"},\"potentialAction\":[{\"@type\":\"SearchAction\",\"target\":{\"@type\":\"EntryPoint\",\"urlTemplate\":\"https:\\\/\\\/accesolatino.org\\\/?s={search_term_string}\"},\"query-input\":{\"@type\":\"PropertyValueSpecification\",\"valueRequired\":true,\"valueName\":\"search_term_string\"}}],\"inLanguage\":\"en-US\"},{\"@type\":\"Organization\",\"@id\":\"https:\\\/\\\/accesolatino.org\\\/#organization\",\"name\":\"Acceso Latino | Fundaci\u00f3n Carlos Slim\",\"url\":\"https:\\\/\\\/accesolatino.org\\\/\",\"logo\":{\"@type\":\"ImageObject\",\"inLanguage\":\"en-US\",\"@id\":\"https:\\\/\\\/accesolatino.org\\\/#\\\/schema\\\/logo\\\/image\\\/\",\"url\":\"https:\\\/\\\/accesolatino.org\\\/wp-content\\\/uploads\\\/2021\\\/02\\\/logo-footer-acceso-latino.png\",\"contentUrl\":\"https:\\\/\\\/accesolatino.org\\\/wp-content\\\/uploads\\\/2021\\\/02\\\/logo-footer-acceso-latino.png\",\"width\":240,\"height\":40,\"caption\":\"Acceso Latino | Fundaci\u00f3n Carlos Slim\"},\"image\":{\"@id\":\"https:\\\/\\\/accesolatino.org\\\/#\\\/schema\\\/logo\\\/image\\\/\"},\"sameAs\":[\"https:\\\/\\\/www.facebook.com\\\/AccesoLatinoOrg\",\"https:\\\/\\\/x.com\\\/FAccLatino\"]},{\"@type\":\"Person\",\"@id\":\"https:\\\/\\\/accesolatino.org\\\/#\\\/schema\\\/person\\\/6b654926a4e7e4709c9ad12459661666\",\"name\":\"Noticias\"}]}<\/script>\n<!-- \/ Yoast SEO plugin. -->","yoast_head_json":{"title":"Gobierno no puede denegar ciudadan\u00eda a militares inmigrantes","description":"El tribunal federal del Distrito de Columbia decret\u00f3 el pasado martes que la pol\u00edtica que niega a los inmigrantes que pertenecen a las Fuerzas","robots":{"index":"index","follow":"follow","max-snippet":"max-snippet:-1","max-image-preview":"max-image-preview:large","max-video-preview":"max-video-preview:-1"},"canonical":"https:\/\/accesolatino.org\/en\/gobierno-no-puede-denegar-ciudadania-a-militares-inmigrantes\/noticias\/","og_locale":"en_US","og_type":"article","og_title":"Gobierno no puede denegar ciudadan\u00eda a militares inmigrantes","og_description":"El tribunal federal del Distrito de Columbia decret\u00f3 el pasado martes que la pol\u00edtica que niega a los inmigrantes que pertenecen a las Fuerzas","og_url":"https:\/\/accesolatino.org\/en\/gobierno-no-puede-denegar-ciudadania-a-militares-inmigrantes\/noticias\/","og_site_name":"Acceso Latino","article_publisher":"https:\/\/www.facebook.com\/AccesoLatinoOrg","article_published_time":"2020-09-07T16:34:33+00:00","article_modified_time":"2025-10-25T22:16:44+00:00","og_image":[{"width":600,"height":336,"url":"https:\/\/accesolatino.org\/wp-content\/uploads\/2020\/09\/Gobierno-no-puede-denegar-ciudadania-a-militares.jpg","type":"image\/jpeg"}],"author":"Noticias","twitter_card":"summary_large_image","twitter_creator":"@FAccLatino","twitter_site":"@FAccLatino","twitter_misc":{"Written by":"Noticias","Est. reading time":"2 minutes"},"schema":{"@context":"https:\/\/schema.org","@graph":[{"@type":"Article","@id":"https:\/\/accesolatino.org\/gobierno-no-puede-denegar-ciudadania-a-militares-inmigrantes\/noticias\/#article","isPartOf":{"@id":"https:\/\/accesolatino.org\/gobierno-no-puede-denegar-ciudadania-a-militares-inmigrantes\/noticias\/"},"author":{"name":"Noticias","@id":"https:\/\/accesolatino.org\/#\/schema\/person\/6b654926a4e7e4709c9ad12459661666"},"headline":"Gobierno no puede denegar ciudadan\u00eda a militares inmigrantes","datePublished":"2020-09-07T16:34:33+00:00","dateModified":"2025-10-25T22:16:44+00:00","mainEntityOfPage":{"@id":"https:\/\/accesolatino.org\/gobierno-no-puede-denegar-ciudadania-a-militares-inmigrantes\/noticias\/"},"wordCount":316,"commentCount":0,"publisher":{"@id":"https:\/\/accesolatino.org\/#organization"},"image":{"@id":"https:\/\/accesolatino.org\/gobierno-no-puede-denegar-ciudadania-a-militares-inmigrantes\/noticias\/#primaryimage"},"thumbnailUrl":"https:\/\/accesolatino.org\/wp-content\/uploads\/2020\/09\/Gobierno-no-puede-denegar-ciudadania-a-militares.jpg","articleSection":["Noticias","Temas de inter\u00e9s"],"inLanguage":"en-US","potentialAction":[{"@type":"CommentAction","name":"Comment","target":["https:\/\/accesolatino.org\/gobierno-no-puede-denegar-ciudadania-a-militares-inmigrantes\/noticias\/#respond"]}]},{"@type":"WebPage","@id":"https:\/\/accesolatino.org\/gobierno-no-puede-denegar-ciudadania-a-militares-inmigrantes\/noticias\/","url":"https:\/\/accesolatino.org\/gobierno-no-puede-denegar-ciudadania-a-militares-inmigrantes\/noticias\/","name":"Gobierno no puede denegar ciudadan\u00eda a militares inmigrantes","isPartOf":{"@id":"https:\/\/accesolatino.org\/#website"},"primaryImageOfPage":{"@id":"https:\/\/accesolatino.org\/gobierno-no-puede-denegar-ciudadania-a-militares-inmigrantes\/noticias\/#primaryimage"},"image":{"@id":"https:\/\/accesolatino.org\/gobierno-no-puede-denegar-ciudadania-a-militares-inmigrantes\/noticias\/#primaryimage"},"thumbnailUrl":"https:\/\/accesolatino.org\/wp-content\/uploads\/2020\/09\/Gobierno-no-puede-denegar-ciudadania-a-militares.jpg","datePublished":"2020-09-07T16:34:33+00:00","dateModified":"2025-10-25T22:16:44+00:00","description":"El tribunal federal del Distrito de Columbia decret\u00f3 el pasado martes que la pol\u00edtica que niega a los inmigrantes que pertenecen a las Fuerzas","breadcrumb":{"@id":"https:\/\/accesolatino.org\/gobierno-no-puede-denegar-ciudadania-a-militares-inmigrantes\/noticias\/#breadcrumb"},"inLanguage":"en-US","potentialAction":[{"@type":"ReadAction","target":["https:\/\/accesolatino.org\/gobierno-no-puede-denegar-ciudadania-a-militares-inmigrantes\/noticias\/"]}]},{"@type":"ImageObject","inLanguage":"en-US","@id":"https:\/\/accesolatino.org\/gobierno-no-puede-denegar-ciudadania-a-militares-inmigrantes\/noticias\/#primaryimage","url":"https:\/\/accesolatino.org\/wp-content\/uploads\/2020\/09\/Gobierno-no-puede-denegar-ciudadania-a-militares.jpg","contentUrl":"https:\/\/accesolatino.org\/wp-content\/uploads\/2020\/09\/Gobierno-no-puede-denegar-ciudadania-a-militares.jpg","width":600,"height":336},{"@type":"BreadcrumbList","@id":"https:\/\/accesolatino.org\/gobierno-no-puede-denegar-ciudadania-a-militares-inmigrantes\/noticias\/#breadcrumb","itemListElement":[{"@type":"ListItem","position":1,"name":"Portada","item":"https:\/\/accesolatino.org\/"},{"@type":"ListItem","position":2,"name":"Noticias","item":"https:\/\/accesolatino.org\/category\/noticias\/"},{"@type":"ListItem","position":3,"name":"Gobierno no puede denegar ciudadan\u00eda a militares inmigrantes"}]},{"@type":"WebSite","@id":"https:\/\/accesolatino.org\/#website","url":"https:\/\/accesolatino.org\/","name":"Acceso Latino | Fundaci\u00f3n Carlos Slim","description":"Fundaci\u00f3n Carlos Slim","publisher":{"@id":"https:\/\/accesolatino.org\/#organization"},"potentialAction":[{"@type":"SearchAction","target":{"@type":"EntryPoint","urlTemplate":"https:\/\/accesolatino.org\/?s={search_term_string}"},"query-input":{"@type":"PropertyValueSpecification","valueRequired":true,"valueName":"search_term_string"}}],"inLanguage":"en-US"},{"@type":"Organization","@id":"https:\/\/accesolatino.org\/#organization","name":"Acceso Latino | Fundaci\u00f3n Carlos Slim","url":"https:\/\/accesolatino.org\/","logo":{"@type":"ImageObject","inLanguage":"en-US","@id":"https:\/\/accesolatino.org\/#\/schema\/logo\/image\/","url":"https:\/\/accesolatino.org\/wp-content\/uploads\/2021\/02\/logo-footer-acceso-latino.png","contentUrl":"https:\/\/accesolatino.org\/wp-content\/uploads\/2021\/02\/logo-footer-acceso-latino.png","width":240,"height":40,"caption":"Acceso Latino | Fundaci\u00f3n Carlos Slim"},"image":{"@id":"https:\/\/accesolatino.org\/#\/schema\/logo\/image\/"},"sameAs":["https:\/\/www.facebook.com\/AccesoLatinoOrg","https:\/\/x.com\/FAccLatino"]},{"@type":"Person","@id":"https:\/\/accesolatino.org\/#\/schema\/person\/6b654926a4e7e4709c9ad12459661666","name":"News"}]}},"_links":{"self":[{"href":"https:\/\/accesolatino.org\/en\/wp-json\/wp\/v2\/posts\/22725","targetHints":{"allow":["GET"]}}],"collection":[{"href":"https:\/\/accesolatino.org\/en\/wp-json\/wp\/v2\/posts"}],"about":[{"href":"https:\/\/accesolatino.org\/en\/wp-json\/wp\/v2\/types\/post"}],"author":[{"embeddable":true,"href":"https:\/\/accesolatino.org\/en\/wp-json\/wp\/v2\/users\/13"}],"replies":[{"embeddable":true,"href":"https:\/\/accesolatino.org\/en\/wp-json\/wp\/v2\/comments?post=22725"}],"version-history":[{"count":1,"href":"https:\/\/accesolatino.org\/en\/wp-json\/wp\/v2\/posts\/22725\/revisions"}],"predecessor-version":[{"id":65732,"href":"https:\/\/accesolatino.org\/en\/wp-json\/wp\/v2\/posts\/22725\/revisions\/65732"}],"wp:featuredmedia":[{"embeddable":true,"href":"https:\/\/accesolatino.org\/en\/wp-json\/wp\/v2\/media\/22729"}],"wp:attachment":[{"href":"https:\/\/accesolatino.org\/en\/wp-json\/wp\/v2\/media?parent=22725"}],"wp:term":[{"taxonomy":"category","embeddable":true,"href":"https:\/\/accesolatino.org\/en\/wp-json\/wp\/v2\/categories?post=22725"},{"taxonomy":"post_tag","embeddable":true,"href":"https:\/\/accesolatino.org\/en\/wp-json\/wp\/v2\/tags?post=22725"}],"curies":[{"name":"wp","href":"https:\/\/api.w.org\/{rel}","templated":true}]}}