{"id":22704,"date":"2020-09-04T07:00:00","date_gmt":"2020-09-04T12:00:00","guid":{"rendered":"https:\/\/accesolatino.org\/?p=22704"},"modified":"2025-10-25T16:16:35","modified_gmt":"2025-10-25T22:16:35","slug":"indocumentados-estaran-protegidos-contra-desalojos-por-ley-moratoria","status":"publish","type":"post","link":"https:\/\/accesolatino.org\/en\/indocumentados-estaran-protegidos-contra-desalojos-por-ley-moratoria\/noticias\/","title":{"rendered":"Indocumentados estar\u00e1n protegidos contra desalojos por ley moratoria"},"content":{"rendered":"<div data-elementor-type=\"wp-post\" data-elementor-id=\"22704\" class=\"elementor elementor-22704\">\n\t\t\t\t\t\t<section class=\"elementor-section elementor-top-section elementor-element elementor-element-2ae491ef elementor-section-boxed elementor-section-height-default elementor-section-height-default wpr-particle-no wpr-jarallax-no wpr-parallax-no wpr-sticky-section-no wpr-equal-height-no\" data-id=\"2ae491ef\" data-element_type=\"section\" data-e-type=\"section\">\n\t\t\t\t\t\t<div class=\"elementor-container elementor-column-gap-default\">\n\t\t\t\t\t<div class=\"elementor-column elementor-col-100 elementor-top-column elementor-element elementor-element-29caa9c0\" data-id=\"29caa9c0\" data-element_type=\"column\" data-e-type=\"column\">\n\t\t\t<div class=\"elementor-widget-wrap elementor-element-populated\">\n\t\t\t\t\t\t<div class=\"elementor-element elementor-element-2572709e elementor-widget elementor-widget-text-editor\" data-id=\"2572709e\" data-element_type=\"widget\" data-e-type=\"widget\" data-widget_type=\"text-editor.default\">\n\t\t\t\t<div class=\"elementor-widget-container\">\n\t\t\t\t\t\t\t\t\t<p>Los inmigrantes indocumentados se ver\u00e1n beneficiados por la nueva moratoria de desalojos, que entr\u00f3 en vigor el 3 de septiembre y estar\u00e1 disponible hasta el 31 de enero del pr\u00f3ximo a\u00f1o. De esta forma, los inquilinos estar\u00e1n protegidos de los caseros que amenacen con restringirles la entrada a las viviendas de alquiler o dejarlos fuera, ya que si lo intentan, enfrentar\u00e1n multas diez veces m\u00e1s altas que las actuales.<\/p><p>David Chiu, autor de la Ley <em>AB 3088 <\/em>que extendi\u00f3 la moratoria de desahucios, explic\u00f3 lo que se pudo lograr y lo que no para evitar los desalojos de inquilinos que no pueden pagar la renta. El asamble\u00edsta dem\u00f3crata por San Francisco dio a conocer que se \u201caplica para todos los californianos sin importar su estatus migratorio\u201d.<\/p><p>Chiu coment\u00f3 que antes los bloqueos ilegales se penalizaban con US$100 por d\u00eda y hasta US$250 por suceso. \u201cBajo la <em>AB 3088<\/em>, aumentar\u00e1n a $1,000 y hasta $2,500 por cada vez\u201d.<\/p><p>El ex abogado por los derechos de los inmigrantes, dej\u00f3 claro que siempre y cuando el inquilino pague un cuarto del costo de la renta cada mes hasta el 31 de enero, no podr\u00e1 ser desalojado sin importar si pag\u00f3 o no la renta los otros 11 meses.<\/p><p>El residente que se haya visto perjudicado por el coronavirus, deber\u00e1 firmar una declaraci\u00f3n bajo perjurio antes del 5 de octubre. \u201cQuiero enfatizar que esta ley no significa la cancelaci\u00f3n de la renta. Ser\u00e1 deducible como deuda civil en la Corte de Reclamos Menores a partir del 1 de marzo\u201d, se\u00f1al\u00f3 Chiu.<\/p><p>Recalc\u00f3 que la pol\u00edtica solamente tiene que ver con desalojos basados en falta de pago. \u201cLos inquilinos no pueden simplemente violar su alquiler durante este periodo y pensar que van a estar protegidos por esta ley\u201d.<\/p><p>Asimismo, quieren apoyar a los due\u00f1os de peque\u00f1as propiedades para que aplacen sus juicios hipotecarios. \u201cEs cr\u00edtico que los inquilinos entiendan sus derechos, y cada legislador, el gobernador Newsom y la administraci\u00f3n estar\u00e1n involucrados en una amplia campa\u00f1a de educaci\u00f3n p\u00fablica sobre esta ley\u201d.<\/p><p>Por su parte, tambi\u00e9n se ha considerado proteger a los inquilinos por las agencias de cr\u00e9ditos de reportes por no pagar. \u201cLo que hace esta ley es exentar a las ordenanzas locales existentes que son m\u00e1s protectoras, pero durante los siguientes cinco meses no pueden ser aprobadas nuevas leyes locales de no pago\u201d, coment\u00f3 el autor.<\/p><p>Aunque hay mucho por mejorar, la ley es una soluci\u00f3n temporal ante la actual situaci\u00f3n. \u201cNuestra esperanza es que nos d\u00e9 tiempo para considerar opciones para la siguiente sesi\u00f3n legislativa, y para trabajar con la nueva administraci\u00f3n federal\u201d.<\/p><p>A comienzos del siguiente a\u00f1o, se revisar\u00e1 lo que va a pasar despu\u00e9s de ese plazo. \u201cDesde mi perspectiva, la soluci\u00f3n \u00faltima es que el gobierno federal apoye a los estados que no pueden arregl\u00e1rselas por s\u00ed mismos\u201d, expres\u00f3 el legislador.<\/p><p>Russ Heinrich, vocero de la Agencia de Vivienda, Servicios al Consumidor y Negocios, confirm\u00f3 la creaci\u00f3n de un portal donde pueden consultar las protecciones con las que cuentan.<\/p><p>\u201cY lo lleva a una p\u00e1gina del sitio del Departamento de Bienes Ra\u00edces que tiene un resumen de lo que hace la <em>AB 3088<\/em>. Tenemos todos los formularios que se requieren para la declaraci\u00f3n de dificultad por Covid-19. Est\u00e1n en seis idiomas como ingl\u00e9s, espa\u00f1ol, chino, coreano y vietnamita. Contamos adem\u00e1s con los formularios que los propietarios deben tener para entregar a sus inquilinos\u201d, finaliz\u00f3 Heinrich.<\/p>\t\t\t\t\t\t\t\t<\/div>\n\t\t\t\t<\/div>\n\t\t\t\t\t<\/div>\n\t\t<\/div>\n\t\t\t\t\t<\/div>\n\t\t<\/section>\n\t\t\t\t<\/div>","protected":false},"excerpt":{"rendered":"<p>Los inmigrantes indocumentados se ver\u00e1n beneficiados por la nueva moratoria de desalojos, que entr\u00f3 en vigor el 3 de septiembre y estar\u00e1 disponible hasta el 31 de enero del pr\u00f3ximo a\u00f1o. <\/p>","protected":false},"author":13,"featured_media":22708,"comment_status":"open","ping_status":"open","sticky":false,"template":"elementor_header_footer","format":"standard","meta":{"_uf_show_specific_survey":0,"_uf_disable_surveys":false,"footnotes":""},"categories":[10,1],"tags":[],"class_list":["post-22704","post","type-post","status-publish","format-standard","has-post-thumbnail","hentry","category-noticias","category-temas-de-interes"],"aioseo_notices":[],"yoast_head":"<!-- This site is optimized with the Yoast SEO plugin v27.4 - https:\/\/yoast.com\/product\/yoast-seo-wordpress\/ -->\n<title>Indocumentados estar\u00e1n protegidos contra desalojos por ley moratoria<\/title>\n<meta name=\"description\" content=\"Los inmigrantes indocumentados se ver\u00e1n beneficiados por la nueva moratoria de desalojos, que entr\u00f3 en vigor el 3 de septiembre y estar\u00e1\" \/>\n<meta name=\"robots\" content=\"index, follow, max-snippet:-1, max-image-preview:large, max-video-preview:-1\" \/>\n<link rel=\"canonical\" href=\"https:\/\/accesolatino.org\/en\/indocumentados-estaran-protegidos-contra-desalojos-por-ley-moratoria\/noticias\/\" \/>\n<meta property=\"og:locale\" content=\"en_US\" \/>\n<meta property=\"og:type\" content=\"article\" \/>\n<meta property=\"og:title\" content=\"Indocumentados estar\u00e1n protegidos contra desalojos por ley moratoria\" \/>\n<meta property=\"og:description\" content=\"Los inmigrantes indocumentados se ver\u00e1n beneficiados por la nueva moratoria de desalojos, que entr\u00f3 en vigor el 3 de septiembre y estar\u00e1\" \/>\n<meta property=\"og:url\" content=\"https:\/\/accesolatino.org\/en\/indocumentados-estaran-protegidos-contra-desalojos-por-ley-moratoria\/noticias\/\" \/>\n<meta property=\"og:site_name\" content=\"Acceso Latino\" \/>\n<meta property=\"article:publisher\" content=\"https:\/\/www.facebook.com\/AccesoLatinoOrg\" \/>\n<meta property=\"article:published_time\" content=\"2020-09-04T12:00:00+00:00\" \/>\n<meta property=\"article:modified_time\" content=\"2025-10-25T22:16:35+00:00\" \/>\n<meta property=\"og:image\" content=\"https:\/\/accesolatino.org\/wp-content\/uploads\/2020\/09\/Indocumentados-estaran-protegidos-contra-desalojos-por-ley-moratoria.jpg\" \/>\n\t<meta property=\"og:image:width\" content=\"600\" \/>\n\t<meta property=\"og:image:height\" content=\"336\" \/>\n\t<meta property=\"og:image:type\" content=\"image\/jpeg\" \/>\n<meta name=\"author\" content=\"Noticias\" \/>\n<meta name=\"twitter:card\" content=\"summary_large_image\" \/>\n<meta name=\"twitter:creator\" content=\"@FAccLatino\" \/>\n<meta name=\"twitter:site\" content=\"@FAccLatino\" \/>\n<meta name=\"twitter:label1\" content=\"Written by\" \/>\n\t<meta name=\"twitter:data1\" content=\"Noticias\" \/>\n\t<meta name=\"twitter:label2\" content=\"Est. reading time\" \/>\n\t<meta name=\"twitter:data2\" content=\"3 minutes\" \/>\n<script type=\"application\/ld+json\" class=\"yoast-schema-graph\">{\"@context\":\"https:\\\/\\\/schema.org\",\"@graph\":[{\"@type\":\"Article\",\"@id\":\"https:\\\/\\\/accesolatino.org\\\/indocumentados-estaran-protegidos-contra-desalojos-por-ley-moratoria\\\/noticias\\\/#article\",\"isPartOf\":{\"@id\":\"https:\\\/\\\/accesolatino.org\\\/indocumentados-estaran-protegidos-contra-desalojos-por-ley-moratoria\\\/noticias\\\/\"},\"author\":{\"name\":\"Noticias\",\"@id\":\"https:\\\/\\\/accesolatino.org\\\/#\\\/schema\\\/person\\\/6b654926a4e7e4709c9ad12459661666\"},\"headline\":\"Indocumentados estar\u00e1n protegidos contra desalojos por ley moratoria\",\"datePublished\":\"2020-09-04T12:00:00+00:00\",\"dateModified\":\"2025-10-25T22:16:35+00:00\",\"mainEntityOfPage\":{\"@id\":\"https:\\\/\\\/accesolatino.org\\\/indocumentados-estaran-protegidos-contra-desalojos-por-ley-moratoria\\\/noticias\\\/\"},\"wordCount\":605,\"commentCount\":0,\"publisher\":{\"@id\":\"https:\\\/\\\/accesolatino.org\\\/#organization\"},\"image\":{\"@id\":\"https:\\\/\\\/accesolatino.org\\\/indocumentados-estaran-protegidos-contra-desalojos-por-ley-moratoria\\\/noticias\\\/#primaryimage\"},\"thumbnailUrl\":\"https:\\\/\\\/accesolatino.org\\\/wp-content\\\/uploads\\\/2020\\\/09\\\/Indocumentados-estaran-protegidos-contra-desalojos-por-ley-moratoria.jpg\",\"articleSection\":[\"Noticias\",\"Temas de inter\u00e9s\"],\"inLanguage\":\"en-US\",\"potentialAction\":[{\"@type\":\"CommentAction\",\"name\":\"Comment\",\"target\":[\"https:\\\/\\\/accesolatino.org\\\/indocumentados-estaran-protegidos-contra-desalojos-por-ley-moratoria\\\/noticias\\\/#respond\"]}]},{\"@type\":\"WebPage\",\"@id\":\"https:\\\/\\\/accesolatino.org\\\/indocumentados-estaran-protegidos-contra-desalojos-por-ley-moratoria\\\/noticias\\\/\",\"url\":\"https:\\\/\\\/accesolatino.org\\\/indocumentados-estaran-protegidos-contra-desalojos-por-ley-moratoria\\\/noticias\\\/\",\"name\":\"Indocumentados estar\u00e1n protegidos contra desalojos por ley moratoria\",\"isPartOf\":{\"@id\":\"https:\\\/\\\/accesolatino.org\\\/#website\"},\"primaryImageOfPage\":{\"@id\":\"https:\\\/\\\/accesolatino.org\\\/indocumentados-estaran-protegidos-contra-desalojos-por-ley-moratoria\\\/noticias\\\/#primaryimage\"},\"image\":{\"@id\":\"https:\\\/\\\/accesolatino.org\\\/indocumentados-estaran-protegidos-contra-desalojos-por-ley-moratoria\\\/noticias\\\/#primaryimage\"},\"thumbnailUrl\":\"https:\\\/\\\/accesolatino.org\\\/wp-content\\\/uploads\\\/2020\\\/09\\\/Indocumentados-estaran-protegidos-contra-desalojos-por-ley-moratoria.jpg\",\"datePublished\":\"2020-09-04T12:00:00+00:00\",\"dateModified\":\"2025-10-25T22:16:35+00:00\",\"description\":\"Los inmigrantes indocumentados se ver\u00e1n beneficiados por la nueva moratoria de desalojos, que entr\u00f3 en vigor el 3 de septiembre y estar\u00e1\",\"breadcrumb\":{\"@id\":\"https:\\\/\\\/accesolatino.org\\\/indocumentados-estaran-protegidos-contra-desalojos-por-ley-moratoria\\\/noticias\\\/#breadcrumb\"},\"inLanguage\":\"en-US\",\"potentialAction\":[{\"@type\":\"ReadAction\",\"target\":[\"https:\\\/\\\/accesolatino.org\\\/indocumentados-estaran-protegidos-contra-desalojos-por-ley-moratoria\\\/noticias\\\/\"]}]},{\"@type\":\"ImageObject\",\"inLanguage\":\"en-US\",\"@id\":\"https:\\\/\\\/accesolatino.org\\\/indocumentados-estaran-protegidos-contra-desalojos-por-ley-moratoria\\\/noticias\\\/#primaryimage\",\"url\":\"https:\\\/\\\/accesolatino.org\\\/wp-content\\\/uploads\\\/2020\\\/09\\\/Indocumentados-estaran-protegidos-contra-desalojos-por-ley-moratoria.jpg\",\"contentUrl\":\"https:\\\/\\\/accesolatino.org\\\/wp-content\\\/uploads\\\/2020\\\/09\\\/Indocumentados-estaran-protegidos-contra-desalojos-por-ley-moratoria.jpg\",\"width\":600,\"height\":336},{\"@type\":\"BreadcrumbList\",\"@id\":\"https:\\\/\\\/accesolatino.org\\\/indocumentados-estaran-protegidos-contra-desalojos-por-ley-moratoria\\\/noticias\\\/#breadcrumb\",\"itemListElement\":[{\"@type\":\"ListItem\",\"position\":1,\"name\":\"Portada\",\"item\":\"https:\\\/\\\/accesolatino.org\\\/\"},{\"@type\":\"ListItem\",\"position\":2,\"name\":\"Noticias\",\"item\":\"https:\\\/\\\/accesolatino.org\\\/category\\\/noticias\\\/\"},{\"@type\":\"ListItem\",\"position\":3,\"name\":\"Indocumentados estar\u00e1n protegidos contra desalojos por ley moratoria\"}]},{\"@type\":\"WebSite\",\"@id\":\"https:\\\/\\\/accesolatino.org\\\/#website\",\"url\":\"https:\\\/\\\/accesolatino.org\\\/\",\"name\":\"Acceso Latino | Fundaci\u00f3n Carlos Slim\",\"description\":\"Fundaci\u00f3n Carlos Slim\",\"publisher\":{\"@id\":\"https:\\\/\\\/accesolatino.org\\\/#organization\"},\"potentialAction\":[{\"@type\":\"SearchAction\",\"target\":{\"@type\":\"EntryPoint\",\"urlTemplate\":\"https:\\\/\\\/accesolatino.org\\\/?s={search_term_string}\"},\"query-input\":{\"@type\":\"PropertyValueSpecification\",\"valueRequired\":true,\"valueName\":\"search_term_string\"}}],\"inLanguage\":\"en-US\"},{\"@type\":\"Organization\",\"@id\":\"https:\\\/\\\/accesolatino.org\\\/#organization\",\"name\":\"Acceso Latino | Fundaci\u00f3n Carlos Slim\",\"url\":\"https:\\\/\\\/accesolatino.org\\\/\",\"logo\":{\"@type\":\"ImageObject\",\"inLanguage\":\"en-US\",\"@id\":\"https:\\\/\\\/accesolatino.org\\\/#\\\/schema\\\/logo\\\/image\\\/\",\"url\":\"https:\\\/\\\/accesolatino.org\\\/wp-content\\\/uploads\\\/2021\\\/02\\\/logo-footer-acceso-latino.png\",\"contentUrl\":\"https:\\\/\\\/accesolatino.org\\\/wp-content\\\/uploads\\\/2021\\\/02\\\/logo-footer-acceso-latino.png\",\"width\":240,\"height\":40,\"caption\":\"Acceso Latino | Fundaci\u00f3n Carlos Slim\"},\"image\":{\"@id\":\"https:\\\/\\\/accesolatino.org\\\/#\\\/schema\\\/logo\\\/image\\\/\"},\"sameAs\":[\"https:\\\/\\\/www.facebook.com\\\/AccesoLatinoOrg\",\"https:\\\/\\\/x.com\\\/FAccLatino\"]},{\"@type\":\"Person\",\"@id\":\"https:\\\/\\\/accesolatino.org\\\/#\\\/schema\\\/person\\\/6b654926a4e7e4709c9ad12459661666\",\"name\":\"Noticias\"}]}<\/script>\n<!-- \/ Yoast SEO plugin. -->","yoast_head_json":{"title":"Indocumentados estar\u00e1n protegidos contra desalojos por ley moratoria","description":"Los inmigrantes indocumentados se ver\u00e1n beneficiados por la nueva moratoria de desalojos, que entr\u00f3 en vigor el 3 de septiembre y estar\u00e1","robots":{"index":"index","follow":"follow","max-snippet":"max-snippet:-1","max-image-preview":"max-image-preview:large","max-video-preview":"max-video-preview:-1"},"canonical":"https:\/\/accesolatino.org\/en\/indocumentados-estaran-protegidos-contra-desalojos-por-ley-moratoria\/noticias\/","og_locale":"en_US","og_type":"article","og_title":"Indocumentados estar\u00e1n protegidos contra desalojos por ley moratoria","og_description":"Los inmigrantes indocumentados se ver\u00e1n beneficiados por la nueva moratoria de desalojos, que entr\u00f3 en vigor el 3 de septiembre y estar\u00e1","og_url":"https:\/\/accesolatino.org\/en\/indocumentados-estaran-protegidos-contra-desalojos-por-ley-moratoria\/noticias\/","og_site_name":"Acceso Latino","article_publisher":"https:\/\/www.facebook.com\/AccesoLatinoOrg","article_published_time":"2020-09-04T12:00:00+00:00","article_modified_time":"2025-10-25T22:16:35+00:00","og_image":[{"width":600,"height":336,"url":"https:\/\/accesolatino.org\/wp-content\/uploads\/2020\/09\/Indocumentados-estaran-protegidos-contra-desalojos-por-ley-moratoria.jpg","type":"image\/jpeg"}],"author":"Noticias","twitter_card":"summary_large_image","twitter_creator":"@FAccLatino","twitter_site":"@FAccLatino","twitter_misc":{"Written by":"Noticias","Est. reading time":"3 minutes"},"schema":{"@context":"https:\/\/schema.org","@graph":[{"@type":"Article","@id":"https:\/\/accesolatino.org\/indocumentados-estaran-protegidos-contra-desalojos-por-ley-moratoria\/noticias\/#article","isPartOf":{"@id":"https:\/\/accesolatino.org\/indocumentados-estaran-protegidos-contra-desalojos-por-ley-moratoria\/noticias\/"},"author":{"name":"Noticias","@id":"https:\/\/accesolatino.org\/#\/schema\/person\/6b654926a4e7e4709c9ad12459661666"},"headline":"Indocumentados estar\u00e1n protegidos contra desalojos por ley moratoria","datePublished":"2020-09-04T12:00:00+00:00","dateModified":"2025-10-25T22:16:35+00:00","mainEntityOfPage":{"@id":"https:\/\/accesolatino.org\/indocumentados-estaran-protegidos-contra-desalojos-por-ley-moratoria\/noticias\/"},"wordCount":605,"commentCount":0,"publisher":{"@id":"https:\/\/accesolatino.org\/#organization"},"image":{"@id":"https:\/\/accesolatino.org\/indocumentados-estaran-protegidos-contra-desalojos-por-ley-moratoria\/noticias\/#primaryimage"},"thumbnailUrl":"https:\/\/accesolatino.org\/wp-content\/uploads\/2020\/09\/Indocumentados-estaran-protegidos-contra-desalojos-por-ley-moratoria.jpg","articleSection":["Noticias","Temas de inter\u00e9s"],"inLanguage":"en-US","potentialAction":[{"@type":"CommentAction","name":"Comment","target":["https:\/\/accesolatino.org\/indocumentados-estaran-protegidos-contra-desalojos-por-ley-moratoria\/noticias\/#respond"]}]},{"@type":"WebPage","@id":"https:\/\/accesolatino.org\/indocumentados-estaran-protegidos-contra-desalojos-por-ley-moratoria\/noticias\/","url":"https:\/\/accesolatino.org\/indocumentados-estaran-protegidos-contra-desalojos-por-ley-moratoria\/noticias\/","name":"Indocumentados estar\u00e1n protegidos contra desalojos por ley moratoria","isPartOf":{"@id":"https:\/\/accesolatino.org\/#website"},"primaryImageOfPage":{"@id":"https:\/\/accesolatino.org\/indocumentados-estaran-protegidos-contra-desalojos-por-ley-moratoria\/noticias\/#primaryimage"},"image":{"@id":"https:\/\/accesolatino.org\/indocumentados-estaran-protegidos-contra-desalojos-por-ley-moratoria\/noticias\/#primaryimage"},"thumbnailUrl":"https:\/\/accesolatino.org\/wp-content\/uploads\/2020\/09\/Indocumentados-estaran-protegidos-contra-desalojos-por-ley-moratoria.jpg","datePublished":"2020-09-04T12:00:00+00:00","dateModified":"2025-10-25T22:16:35+00:00","description":"Los inmigrantes indocumentados se ver\u00e1n beneficiados por la nueva moratoria de desalojos, que entr\u00f3 en vigor el 3 de septiembre y estar\u00e1","breadcrumb":{"@id":"https:\/\/accesolatino.org\/indocumentados-estaran-protegidos-contra-desalojos-por-ley-moratoria\/noticias\/#breadcrumb"},"inLanguage":"en-US","potentialAction":[{"@type":"ReadAction","target":["https:\/\/accesolatino.org\/indocumentados-estaran-protegidos-contra-desalojos-por-ley-moratoria\/noticias\/"]}]},{"@type":"ImageObject","inLanguage":"en-US","@id":"https:\/\/accesolatino.org\/indocumentados-estaran-protegidos-contra-desalojos-por-ley-moratoria\/noticias\/#primaryimage","url":"https:\/\/accesolatino.org\/wp-content\/uploads\/2020\/09\/Indocumentados-estaran-protegidos-contra-desalojos-por-ley-moratoria.jpg","contentUrl":"https:\/\/accesolatino.org\/wp-content\/uploads\/2020\/09\/Indocumentados-estaran-protegidos-contra-desalojos-por-ley-moratoria.jpg","width":600,"height":336},{"@type":"BreadcrumbList","@id":"https:\/\/accesolatino.org\/indocumentados-estaran-protegidos-contra-desalojos-por-ley-moratoria\/noticias\/#breadcrumb","itemListElement":[{"@type":"ListItem","position":1,"name":"Portada","item":"https:\/\/accesolatino.org\/"},{"@type":"ListItem","position":2,"name":"Noticias","item":"https:\/\/accesolatino.org\/category\/noticias\/"},{"@type":"ListItem","position":3,"name":"Indocumentados estar\u00e1n protegidos contra desalojos por ley moratoria"}]},{"@type":"WebSite","@id":"https:\/\/accesolatino.org\/#website","url":"https:\/\/accesolatino.org\/","name":"Acceso Latino | Fundaci\u00f3n Carlos Slim","description":"Fundaci\u00f3n Carlos Slim","publisher":{"@id":"https:\/\/accesolatino.org\/#organization"},"potentialAction":[{"@type":"SearchAction","target":{"@type":"EntryPoint","urlTemplate":"https:\/\/accesolatino.org\/?s={search_term_string}"},"query-input":{"@type":"PropertyValueSpecification","valueRequired":true,"valueName":"search_term_string"}}],"inLanguage":"en-US"},{"@type":"Organization","@id":"https:\/\/accesolatino.org\/#organization","name":"Acceso Latino | Fundaci\u00f3n Carlos Slim","url":"https:\/\/accesolatino.org\/","logo":{"@type":"ImageObject","inLanguage":"en-US","@id":"https:\/\/accesolatino.org\/#\/schema\/logo\/image\/","url":"https:\/\/accesolatino.org\/wp-content\/uploads\/2021\/02\/logo-footer-acceso-latino.png","contentUrl":"https:\/\/accesolatino.org\/wp-content\/uploads\/2021\/02\/logo-footer-acceso-latino.png","width":240,"height":40,"caption":"Acceso Latino | Fundaci\u00f3n Carlos Slim"},"image":{"@id":"https:\/\/accesolatino.org\/#\/schema\/logo\/image\/"},"sameAs":["https:\/\/www.facebook.com\/AccesoLatinoOrg","https:\/\/x.com\/FAccLatino"]},{"@type":"Person","@id":"https:\/\/accesolatino.org\/#\/schema\/person\/6b654926a4e7e4709c9ad12459661666","name":"News"}]}},"_links":{"self":[{"href":"https:\/\/accesolatino.org\/en\/wp-json\/wp\/v2\/posts\/22704","targetHints":{"allow":["GET"]}}],"collection":[{"href":"https:\/\/accesolatino.org\/en\/wp-json\/wp\/v2\/posts"}],"about":[{"href":"https:\/\/accesolatino.org\/en\/wp-json\/wp\/v2\/types\/post"}],"author":[{"embeddable":true,"href":"https:\/\/accesolatino.org\/en\/wp-json\/wp\/v2\/users\/13"}],"replies":[{"embeddable":true,"href":"https:\/\/accesolatino.org\/en\/wp-json\/wp\/v2\/comments?post=22704"}],"version-history":[{"count":1,"href":"https:\/\/accesolatino.org\/en\/wp-json\/wp\/v2\/posts\/22704\/revisions"}],"predecessor-version":[{"id":65731,"href":"https:\/\/accesolatino.org\/en\/wp-json\/wp\/v2\/posts\/22704\/revisions\/65731"}],"wp:featuredmedia":[{"embeddable":true,"href":"https:\/\/accesolatino.org\/en\/wp-json\/wp\/v2\/media\/22708"}],"wp:attachment":[{"href":"https:\/\/accesolatino.org\/en\/wp-json\/wp\/v2\/media?parent=22704"}],"wp:term":[{"taxonomy":"category","embeddable":true,"href":"https:\/\/accesolatino.org\/en\/wp-json\/wp\/v2\/categories?post=22704"},{"taxonomy":"post_tag","embeddable":true,"href":"https:\/\/accesolatino.org\/en\/wp-json\/wp\/v2\/tags?post=22704"}],"curies":[{"name":"wp","href":"https:\/\/api.w.org\/{rel}","templated":true}]}}