{"id":22655,"date":"2020-09-01T08:31:17","date_gmt":"2020-09-01T13:31:17","guid":{"rendered":"https:\/\/accesolatino.org\/?p=22655"},"modified":"2025-10-25T16:15:57","modified_gmt":"2025-10-25T22:15:57","slug":"covid-19-provoca-pensamientos-suicidas-en-latinos","status":"publish","type":"post","link":"https:\/\/accesolatino.org\/en\/covid-19-provoca-pensamientos-suicidas-en-latinos\/noticias\/","title":{"rendered":"Covid-19 provoca pensamientos suicidas en latinos"},"content":{"rendered":"<div data-elementor-type=\"wp-post\" data-elementor-id=\"22655\" class=\"elementor elementor-22655\">\n\t\t\t\t\t\t<section class=\"elementor-section elementor-top-section elementor-element elementor-element-2ae491ef elementor-section-boxed elementor-section-height-default elementor-section-height-default wpr-particle-no wpr-jarallax-no wpr-parallax-no wpr-sticky-section-no wpr-equal-height-no\" data-id=\"2ae491ef\" data-element_type=\"section\" data-e-type=\"section\">\n\t\t\t\t\t\t<div class=\"elementor-container elementor-column-gap-default\">\n\t\t\t\t\t<div class=\"elementor-column elementor-col-100 elementor-top-column elementor-element elementor-element-29caa9c0\" data-id=\"29caa9c0\" data-element_type=\"column\" data-e-type=\"column\">\n\t\t\t<div class=\"elementor-widget-wrap elementor-element-populated\">\n\t\t\t\t\t\t<div class=\"elementor-element elementor-element-2572709e elementor-widget elementor-widget-text-editor\" data-id=\"2572709e\" data-element_type=\"widget\" data-e-type=\"widget\" data-widget_type=\"text-editor.default\">\n\t\t\t\t<div class=\"elementor-widget-container\">\n\t\t\t\t\t\t\t\t\t<p>Los Centros de Prevenci\u00f3n y Control de Enfermedades (CDC) realizaron una encuesta donde se dio a conocer que los latinos y afroamericanos han registrado las tasas m\u00e1s altas de angustias y el doble de pensamientos suicidas durante la pandemia, a comparaci\u00f3n de la poblaci\u00f3n blanca.<\/p><p>El doctor Tung Nguyen, profesor de medicina de la Universidad de California en San Francisco (UCSF), dio a conocer los resultados del sondeo realizado en junio en la teleconferencia\u00a0 \u201cLa Ciencia de Covid-19: Qu\u00e9 no sabemos todav\u00eda acerca del virus, tratamientos y vacunas, deteniendo la propagaci\u00f3n\u201d, organizada por Ethnic Media Services.<\/p><p>La encuesta revel\u00f3 que el 11% de los 5 mil involucrados han pensado en suicidarse; mientras que el 22% de los trabajadores esenciales y quienes cuidan de personas sin recibir paga, tienen tres veces m\u00e1s posibilidades de tener pensamientos suicidas, e incluso comenzaron a tomar drogas para lidiar con la preocupaci\u00f3n.<\/p><p>\u201cLo que esto nos dice es que no solo las personas de minor\u00edas raciales y \u00e9tnicas mueren m\u00e1s de COVID sino que se han enfermado m\u00e1s y sus cuidadores en la familia en realidad est\u00e1n sufriendo m\u00e1s\u201d, expres\u00f3 Nguyen.<\/p><p>Asimismo, asegur\u00f3 que la pandemia es m\u00e1s que una enfermedad. \u201cEstamos presenciando el comienzo de epidemias asociadas con enfermedades mentales, malos resultados y un terrible cambio en los determinantes sociales de la salud, como ingresos, empleo y vivienda\u201d.<\/p><p>En cuanto a los menores, la Academia Estadounidense de Pediatr\u00eda recomienda que ni\u00f1os de dos a\u00f1os o m\u00e1s usen cubrebocas sino pueden practicar distanciamiento social. \u201cLos ni\u00f1os que contraen COVID no se enferman como los adultos. Pero cuando son hospitalizados, un tercio de ellos terminan en la unidad de cuidados intensivos como adultos\u201d, indic\u00f3 Nguyen.<\/p><p>Pero tambi\u00e9n, la disparidad racial es la misma en adultos que ni\u00f1os. \u201cEn comparaci\u00f3n con los ni\u00f1os blancos infectados, la tasa de hospitalizaci\u00f3n de los menores latinos es ocho veces mayor\u201d, se\u00f1al\u00f3 el doctor.<\/p><p>Por su parte, mencion\u00f3 que un reporte de los CDC proyect\u00f3 un aumento del 11.6% en fallecimientos causados por Covid-19.<\/p><p>De igual forma, 205 condados en 33 estados fueron reconocidos como puntos cr\u00edticos de la pandemia durante las dos primeras semanas de junio. \u201cLo que es preocupante es que solo 79 condados tienen informaci\u00f3n adecuada de las razas. Eso es una cr\u00edtica para nuestro gobierno y sistema de salud p\u00fablica\u201d.<\/p><p>En 59 condados donde se pudo recopilar informaci\u00f3n racial, se identificaron desigualdades entre los latinos. \u201cAs\u00ed que a cinco meses de que diera inicio esta pandemia, las disparidades raciales han persistido en Nevada, Nueva York, California, Mississippi, Alabama y cualquiera que sea el estado\u201d, finaliz\u00f3.<\/p>\t\t\t\t\t\t\t\t<\/div>\n\t\t\t\t<\/div>\n\t\t\t\t\t<\/div>\n\t\t<\/div>\n\t\t\t\t\t<\/div>\n\t\t<\/section>\n\t\t\t\t<\/div>","protected":false},"excerpt":{"rendered":"<p>Los Centros de Prevenci\u00f3n y Control de Enfermedades (CDC) realizaron una encuesta donde se dio a conocer que los latinos y afroamericanos han registrado las tasas m\u00e1s altas de angustias y el doble de pensamientos suicidas durante la pandemia, a comparaci\u00f3n de la poblaci\u00f3n blanca. <\/p>","protected":false},"author":13,"featured_media":22658,"comment_status":"open","ping_status":"open","sticky":false,"template":"elementor_header_footer","format":"standard","meta":{"_uf_show_specific_survey":0,"_uf_disable_surveys":false,"footnotes":""},"categories":[10,1],"tags":[],"class_list":["post-22655","post","type-post","status-publish","format-standard","has-post-thumbnail","hentry","category-noticias","category-temas-de-interes"],"aioseo_notices":[],"yoast_head":"<!-- This site is optimized with the Yoast SEO plugin v27.4 - https:\/\/yoast.com\/product\/yoast-seo-wordpress\/ -->\n<title>Covid-19 provoca pensamientos suicidas en latinos<\/title>\n<meta name=\"description\" content=\"Los Centros de Prevenci\u00f3n y Control de Enfermedades (CDC) realizaron una encuesta donde se dio a conocer que los latinos y afroamericanos\" \/>\n<meta name=\"robots\" content=\"index, follow, max-snippet:-1, max-image-preview:large, max-video-preview:-1\" \/>\n<link rel=\"canonical\" href=\"https:\/\/accesolatino.org\/en\/covid-19-provoca-pensamientos-suicidas-en-latinos\/noticias\/\" \/>\n<meta property=\"og:locale\" content=\"en_US\" \/>\n<meta property=\"og:type\" content=\"article\" \/>\n<meta property=\"og:title\" content=\"Covid-19 provoca pensamientos suicidas en latinos\" \/>\n<meta property=\"og:description\" content=\"Los Centros de Prevenci\u00f3n y Control de Enfermedades (CDC) realizaron una encuesta donde se dio a conocer que los latinos y afroamericanos\" \/>\n<meta property=\"og:url\" content=\"https:\/\/accesolatino.org\/en\/covid-19-provoca-pensamientos-suicidas-en-latinos\/noticias\/\" \/>\n<meta property=\"og:site_name\" content=\"Acceso Latino\" \/>\n<meta property=\"article:publisher\" content=\"https:\/\/www.facebook.com\/AccesoLatinoOrg\" \/>\n<meta property=\"article:published_time\" content=\"2020-09-01T13:31:17+00:00\" \/>\n<meta property=\"article:modified_time\" content=\"2025-10-25T22:15:57+00:00\" \/>\n<meta property=\"og:image\" content=\"https:\/\/accesolatino.org\/wp-content\/uploads\/2020\/09\/Covid-19-provoca-pensamientos-suicidas-en-latinos.jpg\" \/>\n\t<meta property=\"og:image:width\" content=\"600\" \/>\n\t<meta property=\"og:image:height\" content=\"336\" \/>\n\t<meta property=\"og:image:type\" content=\"image\/jpeg\" \/>\n<meta name=\"author\" content=\"Noticias\" \/>\n<meta name=\"twitter:card\" content=\"summary_large_image\" \/>\n<meta name=\"twitter:creator\" content=\"@FAccLatino\" \/>\n<meta name=\"twitter:site\" content=\"@FAccLatino\" \/>\n<meta name=\"twitter:label1\" content=\"Written by\" \/>\n\t<meta name=\"twitter:data1\" content=\"Noticias\" \/>\n\t<meta name=\"twitter:label2\" content=\"Est. reading time\" \/>\n\t<meta name=\"twitter:data2\" content=\"3 minutes\" \/>\n<script type=\"application\/ld+json\" class=\"yoast-schema-graph\">{\"@context\":\"https:\\\/\\\/schema.org\",\"@graph\":[{\"@type\":\"Article\",\"@id\":\"https:\\\/\\\/accesolatino.org\\\/covid-19-provoca-pensamientos-suicidas-en-latinos\\\/noticias\\\/#article\",\"isPartOf\":{\"@id\":\"https:\\\/\\\/accesolatino.org\\\/covid-19-provoca-pensamientos-suicidas-en-latinos\\\/noticias\\\/\"},\"author\":{\"name\":\"Noticias\",\"@id\":\"https:\\\/\\\/accesolatino.org\\\/#\\\/schema\\\/person\\\/6b654926a4e7e4709c9ad12459661666\"},\"headline\":\"Covid-19 provoca pensamientos suicidas en latinos\",\"datePublished\":\"2020-09-01T13:31:17+00:00\",\"dateModified\":\"2025-10-25T22:15:57+00:00\",\"mainEntityOfPage\":{\"@id\":\"https:\\\/\\\/accesolatino.org\\\/covid-19-provoca-pensamientos-suicidas-en-latinos\\\/noticias\\\/\"},\"wordCount\":457,\"commentCount\":0,\"publisher\":{\"@id\":\"https:\\\/\\\/accesolatino.org\\\/#organization\"},\"image\":{\"@id\":\"https:\\\/\\\/accesolatino.org\\\/covid-19-provoca-pensamientos-suicidas-en-latinos\\\/noticias\\\/#primaryimage\"},\"thumbnailUrl\":\"https:\\\/\\\/accesolatino.org\\\/wp-content\\\/uploads\\\/2020\\\/09\\\/Covid-19-provoca-pensamientos-suicidas-en-latinos.jpg\",\"articleSection\":[\"Noticias\",\"Temas de inter\u00e9s\"],\"inLanguage\":\"en-US\",\"potentialAction\":[{\"@type\":\"CommentAction\",\"name\":\"Comment\",\"target\":[\"https:\\\/\\\/accesolatino.org\\\/covid-19-provoca-pensamientos-suicidas-en-latinos\\\/noticias\\\/#respond\"]}]},{\"@type\":\"WebPage\",\"@id\":\"https:\\\/\\\/accesolatino.org\\\/covid-19-provoca-pensamientos-suicidas-en-latinos\\\/noticias\\\/\",\"url\":\"https:\\\/\\\/accesolatino.org\\\/covid-19-provoca-pensamientos-suicidas-en-latinos\\\/noticias\\\/\",\"name\":\"Covid-19 provoca pensamientos suicidas en latinos\",\"isPartOf\":{\"@id\":\"https:\\\/\\\/accesolatino.org\\\/#website\"},\"primaryImageOfPage\":{\"@id\":\"https:\\\/\\\/accesolatino.org\\\/covid-19-provoca-pensamientos-suicidas-en-latinos\\\/noticias\\\/#primaryimage\"},\"image\":{\"@id\":\"https:\\\/\\\/accesolatino.org\\\/covid-19-provoca-pensamientos-suicidas-en-latinos\\\/noticias\\\/#primaryimage\"},\"thumbnailUrl\":\"https:\\\/\\\/accesolatino.org\\\/wp-content\\\/uploads\\\/2020\\\/09\\\/Covid-19-provoca-pensamientos-suicidas-en-latinos.jpg\",\"datePublished\":\"2020-09-01T13:31:17+00:00\",\"dateModified\":\"2025-10-25T22:15:57+00:00\",\"description\":\"Los Centros de Prevenci\u00f3n y Control de Enfermedades (CDC) realizaron una encuesta donde se dio a conocer que los latinos y afroamericanos\",\"breadcrumb\":{\"@id\":\"https:\\\/\\\/accesolatino.org\\\/covid-19-provoca-pensamientos-suicidas-en-latinos\\\/noticias\\\/#breadcrumb\"},\"inLanguage\":\"en-US\",\"potentialAction\":[{\"@type\":\"ReadAction\",\"target\":[\"https:\\\/\\\/accesolatino.org\\\/covid-19-provoca-pensamientos-suicidas-en-latinos\\\/noticias\\\/\"]}]},{\"@type\":\"ImageObject\",\"inLanguage\":\"en-US\",\"@id\":\"https:\\\/\\\/accesolatino.org\\\/covid-19-provoca-pensamientos-suicidas-en-latinos\\\/noticias\\\/#primaryimage\",\"url\":\"https:\\\/\\\/accesolatino.org\\\/wp-content\\\/uploads\\\/2020\\\/09\\\/Covid-19-provoca-pensamientos-suicidas-en-latinos.jpg\",\"contentUrl\":\"https:\\\/\\\/accesolatino.org\\\/wp-content\\\/uploads\\\/2020\\\/09\\\/Covid-19-provoca-pensamientos-suicidas-en-latinos.jpg\",\"width\":600,\"height\":336},{\"@type\":\"BreadcrumbList\",\"@id\":\"https:\\\/\\\/accesolatino.org\\\/covid-19-provoca-pensamientos-suicidas-en-latinos\\\/noticias\\\/#breadcrumb\",\"itemListElement\":[{\"@type\":\"ListItem\",\"position\":1,\"name\":\"Portada\",\"item\":\"https:\\\/\\\/accesolatino.org\\\/\"},{\"@type\":\"ListItem\",\"position\":2,\"name\":\"Noticias\",\"item\":\"https:\\\/\\\/accesolatino.org\\\/category\\\/noticias\\\/\"},{\"@type\":\"ListItem\",\"position\":3,\"name\":\"Covid-19 provoca pensamientos suicidas en latinos\"}]},{\"@type\":\"WebSite\",\"@id\":\"https:\\\/\\\/accesolatino.org\\\/#website\",\"url\":\"https:\\\/\\\/accesolatino.org\\\/\",\"name\":\"Acceso Latino | Fundaci\u00f3n Carlos Slim\",\"description\":\"Fundaci\u00f3n Carlos Slim\",\"publisher\":{\"@id\":\"https:\\\/\\\/accesolatino.org\\\/#organization\"},\"potentialAction\":[{\"@type\":\"SearchAction\",\"target\":{\"@type\":\"EntryPoint\",\"urlTemplate\":\"https:\\\/\\\/accesolatino.org\\\/?s={search_term_string}\"},\"query-input\":{\"@type\":\"PropertyValueSpecification\",\"valueRequired\":true,\"valueName\":\"search_term_string\"}}],\"inLanguage\":\"en-US\"},{\"@type\":\"Organization\",\"@id\":\"https:\\\/\\\/accesolatino.org\\\/#organization\",\"name\":\"Acceso Latino | Fundaci\u00f3n Carlos Slim\",\"url\":\"https:\\\/\\\/accesolatino.org\\\/\",\"logo\":{\"@type\":\"ImageObject\",\"inLanguage\":\"en-US\",\"@id\":\"https:\\\/\\\/accesolatino.org\\\/#\\\/schema\\\/logo\\\/image\\\/\",\"url\":\"https:\\\/\\\/accesolatino.org\\\/wp-content\\\/uploads\\\/2021\\\/02\\\/logo-footer-acceso-latino.png\",\"contentUrl\":\"https:\\\/\\\/accesolatino.org\\\/wp-content\\\/uploads\\\/2021\\\/02\\\/logo-footer-acceso-latino.png\",\"width\":240,\"height\":40,\"caption\":\"Acceso Latino | Fundaci\u00f3n Carlos Slim\"},\"image\":{\"@id\":\"https:\\\/\\\/accesolatino.org\\\/#\\\/schema\\\/logo\\\/image\\\/\"},\"sameAs\":[\"https:\\\/\\\/www.facebook.com\\\/AccesoLatinoOrg\",\"https:\\\/\\\/x.com\\\/FAccLatino\"]},{\"@type\":\"Person\",\"@id\":\"https:\\\/\\\/accesolatino.org\\\/#\\\/schema\\\/person\\\/6b654926a4e7e4709c9ad12459661666\",\"name\":\"Noticias\"}]}<\/script>\n<!-- \/ Yoast SEO plugin. -->","yoast_head_json":{"title":"Covid-19 provoca pensamientos suicidas en latinos","description":"Los Centros de Prevenci\u00f3n y Control de Enfermedades (CDC) realizaron una encuesta donde se dio a conocer que los latinos y afroamericanos","robots":{"index":"index","follow":"follow","max-snippet":"max-snippet:-1","max-image-preview":"max-image-preview:large","max-video-preview":"max-video-preview:-1"},"canonical":"https:\/\/accesolatino.org\/en\/covid-19-provoca-pensamientos-suicidas-en-latinos\/noticias\/","og_locale":"en_US","og_type":"article","og_title":"Covid-19 provoca pensamientos suicidas en latinos","og_description":"Los Centros de Prevenci\u00f3n y Control de Enfermedades (CDC) realizaron una encuesta donde se dio a conocer que los latinos y afroamericanos","og_url":"https:\/\/accesolatino.org\/en\/covid-19-provoca-pensamientos-suicidas-en-latinos\/noticias\/","og_site_name":"Acceso Latino","article_publisher":"https:\/\/www.facebook.com\/AccesoLatinoOrg","article_published_time":"2020-09-01T13:31:17+00:00","article_modified_time":"2025-10-25T22:15:57+00:00","og_image":[{"width":600,"height":336,"url":"https:\/\/accesolatino.org\/wp-content\/uploads\/2020\/09\/Covid-19-provoca-pensamientos-suicidas-en-latinos.jpg","type":"image\/jpeg"}],"author":"Noticias","twitter_card":"summary_large_image","twitter_creator":"@FAccLatino","twitter_site":"@FAccLatino","twitter_misc":{"Written by":"Noticias","Est. reading time":"3 minutes"},"schema":{"@context":"https:\/\/schema.org","@graph":[{"@type":"Article","@id":"https:\/\/accesolatino.org\/covid-19-provoca-pensamientos-suicidas-en-latinos\/noticias\/#article","isPartOf":{"@id":"https:\/\/accesolatino.org\/covid-19-provoca-pensamientos-suicidas-en-latinos\/noticias\/"},"author":{"name":"Noticias","@id":"https:\/\/accesolatino.org\/#\/schema\/person\/6b654926a4e7e4709c9ad12459661666"},"headline":"Covid-19 provoca pensamientos suicidas en latinos","datePublished":"2020-09-01T13:31:17+00:00","dateModified":"2025-10-25T22:15:57+00:00","mainEntityOfPage":{"@id":"https:\/\/accesolatino.org\/covid-19-provoca-pensamientos-suicidas-en-latinos\/noticias\/"},"wordCount":457,"commentCount":0,"publisher":{"@id":"https:\/\/accesolatino.org\/#organization"},"image":{"@id":"https:\/\/accesolatino.org\/covid-19-provoca-pensamientos-suicidas-en-latinos\/noticias\/#primaryimage"},"thumbnailUrl":"https:\/\/accesolatino.org\/wp-content\/uploads\/2020\/09\/Covid-19-provoca-pensamientos-suicidas-en-latinos.jpg","articleSection":["Noticias","Temas de inter\u00e9s"],"inLanguage":"en-US","potentialAction":[{"@type":"CommentAction","name":"Comment","target":["https:\/\/accesolatino.org\/covid-19-provoca-pensamientos-suicidas-en-latinos\/noticias\/#respond"]}]},{"@type":"WebPage","@id":"https:\/\/accesolatino.org\/covid-19-provoca-pensamientos-suicidas-en-latinos\/noticias\/","url":"https:\/\/accesolatino.org\/covid-19-provoca-pensamientos-suicidas-en-latinos\/noticias\/","name":"Covid-19 provoca pensamientos suicidas en latinos","isPartOf":{"@id":"https:\/\/accesolatino.org\/#website"},"primaryImageOfPage":{"@id":"https:\/\/accesolatino.org\/covid-19-provoca-pensamientos-suicidas-en-latinos\/noticias\/#primaryimage"},"image":{"@id":"https:\/\/accesolatino.org\/covid-19-provoca-pensamientos-suicidas-en-latinos\/noticias\/#primaryimage"},"thumbnailUrl":"https:\/\/accesolatino.org\/wp-content\/uploads\/2020\/09\/Covid-19-provoca-pensamientos-suicidas-en-latinos.jpg","datePublished":"2020-09-01T13:31:17+00:00","dateModified":"2025-10-25T22:15:57+00:00","description":"Los Centros de Prevenci\u00f3n y Control de Enfermedades (CDC) realizaron una encuesta donde se dio a conocer que los latinos y afroamericanos","breadcrumb":{"@id":"https:\/\/accesolatino.org\/covid-19-provoca-pensamientos-suicidas-en-latinos\/noticias\/#breadcrumb"},"inLanguage":"en-US","potentialAction":[{"@type":"ReadAction","target":["https:\/\/accesolatino.org\/covid-19-provoca-pensamientos-suicidas-en-latinos\/noticias\/"]}]},{"@type":"ImageObject","inLanguage":"en-US","@id":"https:\/\/accesolatino.org\/covid-19-provoca-pensamientos-suicidas-en-latinos\/noticias\/#primaryimage","url":"https:\/\/accesolatino.org\/wp-content\/uploads\/2020\/09\/Covid-19-provoca-pensamientos-suicidas-en-latinos.jpg","contentUrl":"https:\/\/accesolatino.org\/wp-content\/uploads\/2020\/09\/Covid-19-provoca-pensamientos-suicidas-en-latinos.jpg","width":600,"height":336},{"@type":"BreadcrumbList","@id":"https:\/\/accesolatino.org\/covid-19-provoca-pensamientos-suicidas-en-latinos\/noticias\/#breadcrumb","itemListElement":[{"@type":"ListItem","position":1,"name":"Portada","item":"https:\/\/accesolatino.org\/"},{"@type":"ListItem","position":2,"name":"Noticias","item":"https:\/\/accesolatino.org\/category\/noticias\/"},{"@type":"ListItem","position":3,"name":"Covid-19 provoca pensamientos suicidas en latinos"}]},{"@type":"WebSite","@id":"https:\/\/accesolatino.org\/#website","url":"https:\/\/accesolatino.org\/","name":"Acceso Latino | Fundaci\u00f3n Carlos Slim","description":"Fundaci\u00f3n Carlos Slim","publisher":{"@id":"https:\/\/accesolatino.org\/#organization"},"potentialAction":[{"@type":"SearchAction","target":{"@type":"EntryPoint","urlTemplate":"https:\/\/accesolatino.org\/?s={search_term_string}"},"query-input":{"@type":"PropertyValueSpecification","valueRequired":true,"valueName":"search_term_string"}}],"inLanguage":"en-US"},{"@type":"Organization","@id":"https:\/\/accesolatino.org\/#organization","name":"Acceso Latino | Fundaci\u00f3n Carlos Slim","url":"https:\/\/accesolatino.org\/","logo":{"@type":"ImageObject","inLanguage":"en-US","@id":"https:\/\/accesolatino.org\/#\/schema\/logo\/image\/","url":"https:\/\/accesolatino.org\/wp-content\/uploads\/2021\/02\/logo-footer-acceso-latino.png","contentUrl":"https:\/\/accesolatino.org\/wp-content\/uploads\/2021\/02\/logo-footer-acceso-latino.png","width":240,"height":40,"caption":"Acceso Latino | Fundaci\u00f3n Carlos Slim"},"image":{"@id":"https:\/\/accesolatino.org\/#\/schema\/logo\/image\/"},"sameAs":["https:\/\/www.facebook.com\/AccesoLatinoOrg","https:\/\/x.com\/FAccLatino"]},{"@type":"Person","@id":"https:\/\/accesolatino.org\/#\/schema\/person\/6b654926a4e7e4709c9ad12459661666","name":"News"}]}},"_links":{"self":[{"href":"https:\/\/accesolatino.org\/en\/wp-json\/wp\/v2\/posts\/22655","targetHints":{"allow":["GET"]}}],"collection":[{"href":"https:\/\/accesolatino.org\/en\/wp-json\/wp\/v2\/posts"}],"about":[{"href":"https:\/\/accesolatino.org\/en\/wp-json\/wp\/v2\/types\/post"}],"author":[{"embeddable":true,"href":"https:\/\/accesolatino.org\/en\/wp-json\/wp\/v2\/users\/13"}],"replies":[{"embeddable":true,"href":"https:\/\/accesolatino.org\/en\/wp-json\/wp\/v2\/comments?post=22655"}],"version-history":[{"count":1,"href":"https:\/\/accesolatino.org\/en\/wp-json\/wp\/v2\/posts\/22655\/revisions"}],"predecessor-version":[{"id":65724,"href":"https:\/\/accesolatino.org\/en\/wp-json\/wp\/v2\/posts\/22655\/revisions\/65724"}],"wp:featuredmedia":[{"embeddable":true,"href":"https:\/\/accesolatino.org\/en\/wp-json\/wp\/v2\/media\/22658"}],"wp:attachment":[{"href":"https:\/\/accesolatino.org\/en\/wp-json\/wp\/v2\/media?parent=22655"}],"wp:term":[{"taxonomy":"category","embeddable":true,"href":"https:\/\/accesolatino.org\/en\/wp-json\/wp\/v2\/categories?post=22655"},{"taxonomy":"post_tag","embeddable":true,"href":"https:\/\/accesolatino.org\/en\/wp-json\/wp\/v2\/tags?post=22655"}],"curies":[{"name":"wp","href":"https:\/\/api.w.org\/{rel}","templated":true}]}}