{"id":22625,"date":"2020-08-28T08:00:00","date_gmt":"2020-08-28T13:00:00","guid":{"rendered":"https:\/\/accesolatino.org\/?p=22625"},"modified":"2025-10-25T16:26:00","modified_gmt":"2025-10-25T22:26:00","slug":"inicia-campana-sobre-uso-correcto-del-cubrebocas","status":"publish","type":"post","link":"https:\/\/accesolatino.org\/en\/inicia-campana-sobre-uso-correcto-del-cubrebocas\/noticias\/","title":{"rendered":"Inicia campa\u00f1a sobre uso correcto del cubrebocas"},"content":{"rendered":"<div data-elementor-type=\"wp-post\" data-elementor-id=\"22625\" class=\"elementor elementor-22625\">\n\t\t\t\t\t\t<section class=\"elementor-section elementor-top-section elementor-element elementor-element-2ae491ef elementor-section-boxed elementor-section-height-default elementor-section-height-default wpr-particle-no wpr-jarallax-no wpr-parallax-no wpr-sticky-section-no wpr-equal-height-no\" data-id=\"2ae491ef\" data-element_type=\"section\" data-e-type=\"section\">\n\t\t\t\t\t\t<div class=\"elementor-container elementor-column-gap-default\">\n\t\t\t\t\t<div class=\"elementor-column elementor-col-100 elementor-top-column elementor-element elementor-element-29caa9c0\" data-id=\"29caa9c0\" data-element_type=\"column\" data-e-type=\"column\">\n\t\t\t<div class=\"elementor-widget-wrap elementor-element-populated\">\n\t\t\t\t\t\t<div class=\"elementor-element elementor-element-2572709e elementor-widget elementor-widget-text-editor\" data-id=\"2572709e\" data-element_type=\"widget\" data-e-type=\"widget\" data-widget_type=\"text-editor.default\">\n\t\t\t\t<div class=\"elementor-widget-container\">\n\t\t\t\t\t\t\t\t\t<p>Una persona con coronavirus puede propagarlo en un tiempo de 14 a 21 d\u00edas, por lo que es necesario el uso de cubrebocas para evitar su difusi\u00f3n.<\/p><p>Por este motivo, el Consejo de la Comunicaci\u00f3n, en colaboraci\u00f3n con la Fundaci\u00f3n Gonzalo R\u00edo Arronte y con la participaci\u00f3n de expertos y diversas organizaciones de la sociedad civil, lanzaron la campa\u00f1a \u201cAs\u00ed se usa\u201d, para llevar de manera correcta el tapabocas, al igual que normalizar su uso y que tambi\u00e9n se convierta en un h\u00e1bito para nuestra vida diaria.<\/p><p>\u201cEl aislamiento es la (manera) efectiva para evitar la propagaci\u00f3n, pero el uso de cubrebocas es tambi\u00e9n un instrumento necesario en caso de tener contacto con otras personas\u201d, enfatiz\u00f3 Roberto Guillermo Calva y Rodr\u00edguez, presidente de la Academia Mexicana de Pediatr\u00eda.<\/p><p>El uso adecuado de los tapabocas entre alguien que tenga Covid-19 y otra que no, puede hacer que las probabilidades de contagio se reduzcan a 1.5%, y si conservan una sana distancia (2 metros), son pr\u00e1cticamente de cero.<\/p><p>A su vez, investigadores del Laboratorio de Gen\u00e9tica Molecular de la UNAM, aseguraron que si 9 de cada 10 mexicanos portaran cubrebocas, los contagios se disminuir\u00edan a un 60%.<\/p><p>La OMS enfatiza que antes de ponernos una mascarilla hay que lavarnos las manos con jab\u00f3n y agua o si no contamos con esto, con alcohol en gel; cubrir perfectamente nariz y boca, y evitar estarlo tocando.<\/p><p>\u201cAs\u00ed se usa\u201d finalizar\u00e1 en febrero del 2021, y en esta primera etapa su principal objetivo son los estados donde hay m\u00e1s contagios: Baja California, Ciudad de M\u00e9xico, Estado de M\u00e9xico, Morelos, Nuevo Le\u00f3n, Puebla, Quintana Roo, Sinaloa, Sonora, Tabasco y Veracruz.<\/p>\t\t\t\t\t\t\t\t<\/div>\n\t\t\t\t<\/div>\n\t\t\t\t\t<\/div>\n\t\t<\/div>\n\t\t\t\t\t<\/div>\n\t\t<\/section>\n\t\t\t\t<\/div>","protected":false},"excerpt":{"rendered":"<p>Una persona con coronavirus puede propagarlo en un tiempo de 14 a 21 d\u00edas, por lo que es necesario el uso de cubrebocas para evitar su difusi\u00f3n. <\/p>","protected":false},"author":13,"featured_media":22623,"comment_status":"open","ping_status":"open","sticky":false,"template":"elementor_header_footer","format":"standard","meta":{"_uf_show_specific_survey":0,"_uf_disable_surveys":false,"footnotes":""},"categories":[10,1],"tags":[],"class_list":["post-22625","post","type-post","status-publish","format-standard","has-post-thumbnail","hentry","category-noticias","category-temas-de-interes"],"aioseo_notices":[],"yoast_head":"<!-- This site is optimized with the Yoast SEO plugin v27.4 - https:\/\/yoast.com\/product\/yoast-seo-wordpress\/ -->\n<title>Inicia campa\u00f1a sobre uso correcto del cubrebocas<\/title>\n<meta name=\"description\" content=\"Una persona con coronavirus puede propagarlo en un tiempo de 14 a 21 d\u00edas, por lo que es necesario el uso de cubrebocas para evitar\" \/>\n<meta name=\"robots\" content=\"index, follow, max-snippet:-1, max-image-preview:large, max-video-preview:-1\" \/>\n<link rel=\"canonical\" href=\"https:\/\/accesolatino.org\/en\/inicia-campana-sobre-uso-correcto-del-cubrebocas\/noticias\/\" \/>\n<meta property=\"og:locale\" content=\"en_US\" \/>\n<meta property=\"og:type\" content=\"article\" \/>\n<meta property=\"og:title\" content=\"Inicia campa\u00f1a sobre uso correcto del cubrebocas\" \/>\n<meta property=\"og:description\" content=\"Una persona con coronavirus puede propagarlo en un tiempo de 14 a 21 d\u00edas, por lo que es necesario el uso de cubrebocas para evitar\" \/>\n<meta property=\"og:url\" content=\"https:\/\/accesolatino.org\/en\/inicia-campana-sobre-uso-correcto-del-cubrebocas\/noticias\/\" \/>\n<meta property=\"og:site_name\" content=\"Acceso Latino\" \/>\n<meta property=\"article:publisher\" content=\"https:\/\/www.facebook.com\/AccesoLatinoOrg\" \/>\n<meta property=\"article:published_time\" content=\"2020-08-28T13:00:00+00:00\" \/>\n<meta property=\"article:modified_time\" content=\"2025-10-25T22:26:00+00:00\" \/>\n<meta property=\"og:image\" content=\"https:\/\/accesolatino.org\/wp-content\/uploads\/2020\/08\/Inicia-campana-sobre-uso-correcto-del-cubrebocas.jpg\" \/>\n\t<meta property=\"og:image:width\" content=\"600\" \/>\n\t<meta property=\"og:image:height\" content=\"338\" \/>\n\t<meta property=\"og:image:type\" content=\"image\/jpeg\" \/>\n<meta name=\"author\" content=\"Noticias\" \/>\n<meta name=\"twitter:card\" content=\"summary_large_image\" \/>\n<meta name=\"twitter:creator\" content=\"@FAccLatino\" \/>\n<meta name=\"twitter:site\" content=\"@FAccLatino\" \/>\n<meta name=\"twitter:label1\" content=\"Written by\" \/>\n\t<meta name=\"twitter:data1\" content=\"Noticias\" \/>\n\t<meta name=\"twitter:label2\" content=\"Est. reading time\" \/>\n\t<meta name=\"twitter:data2\" content=\"2 minutes\" \/>\n<script type=\"application\/ld+json\" class=\"yoast-schema-graph\">{\"@context\":\"https:\\\/\\\/schema.org\",\"@graph\":[{\"@type\":\"Article\",\"@id\":\"https:\\\/\\\/accesolatino.org\\\/inicia-campana-sobre-uso-correcto-del-cubrebocas\\\/noticias\\\/#article\",\"isPartOf\":{\"@id\":\"https:\\\/\\\/accesolatino.org\\\/inicia-campana-sobre-uso-correcto-del-cubrebocas\\\/noticias\\\/\"},\"author\":{\"name\":\"Noticias\",\"@id\":\"https:\\\/\\\/accesolatino.org\\\/#\\\/schema\\\/person\\\/6b654926a4e7e4709c9ad12459661666\"},\"headline\":\"Inicia campa\u00f1a sobre uso correcto del cubrebocas\",\"datePublished\":\"2020-08-28T13:00:00+00:00\",\"dateModified\":\"2025-10-25T22:26:00+00:00\",\"mainEntityOfPage\":{\"@id\":\"https:\\\/\\\/accesolatino.org\\\/inicia-campana-sobre-uso-correcto-del-cubrebocas\\\/noticias\\\/\"},\"wordCount\":296,\"commentCount\":0,\"publisher\":{\"@id\":\"https:\\\/\\\/accesolatino.org\\\/#organization\"},\"image\":{\"@id\":\"https:\\\/\\\/accesolatino.org\\\/inicia-campana-sobre-uso-correcto-del-cubrebocas\\\/noticias\\\/#primaryimage\"},\"thumbnailUrl\":\"https:\\\/\\\/accesolatino.org\\\/wp-content\\\/uploads\\\/2020\\\/08\\\/Inicia-campana-sobre-uso-correcto-del-cubrebocas.jpg\",\"articleSection\":[\"Noticias\",\"Temas de inter\u00e9s\"],\"inLanguage\":\"en-US\",\"potentialAction\":[{\"@type\":\"CommentAction\",\"name\":\"Comment\",\"target\":[\"https:\\\/\\\/accesolatino.org\\\/inicia-campana-sobre-uso-correcto-del-cubrebocas\\\/noticias\\\/#respond\"]}]},{\"@type\":\"WebPage\",\"@id\":\"https:\\\/\\\/accesolatino.org\\\/inicia-campana-sobre-uso-correcto-del-cubrebocas\\\/noticias\\\/\",\"url\":\"https:\\\/\\\/accesolatino.org\\\/inicia-campana-sobre-uso-correcto-del-cubrebocas\\\/noticias\\\/\",\"name\":\"Inicia campa\u00f1a sobre uso correcto del cubrebocas\",\"isPartOf\":{\"@id\":\"https:\\\/\\\/accesolatino.org\\\/#website\"},\"primaryImageOfPage\":{\"@id\":\"https:\\\/\\\/accesolatino.org\\\/inicia-campana-sobre-uso-correcto-del-cubrebocas\\\/noticias\\\/#primaryimage\"},\"image\":{\"@id\":\"https:\\\/\\\/accesolatino.org\\\/inicia-campana-sobre-uso-correcto-del-cubrebocas\\\/noticias\\\/#primaryimage\"},\"thumbnailUrl\":\"https:\\\/\\\/accesolatino.org\\\/wp-content\\\/uploads\\\/2020\\\/08\\\/Inicia-campana-sobre-uso-correcto-del-cubrebocas.jpg\",\"datePublished\":\"2020-08-28T13:00:00+00:00\",\"dateModified\":\"2025-10-25T22:26:00+00:00\",\"description\":\"Una persona con coronavirus puede propagarlo en un tiempo de 14 a 21 d\u00edas, por lo que es necesario el uso de cubrebocas para evitar\",\"breadcrumb\":{\"@id\":\"https:\\\/\\\/accesolatino.org\\\/inicia-campana-sobre-uso-correcto-del-cubrebocas\\\/noticias\\\/#breadcrumb\"},\"inLanguage\":\"en-US\",\"potentialAction\":[{\"@type\":\"ReadAction\",\"target\":[\"https:\\\/\\\/accesolatino.org\\\/inicia-campana-sobre-uso-correcto-del-cubrebocas\\\/noticias\\\/\"]}]},{\"@type\":\"ImageObject\",\"inLanguage\":\"en-US\",\"@id\":\"https:\\\/\\\/accesolatino.org\\\/inicia-campana-sobre-uso-correcto-del-cubrebocas\\\/noticias\\\/#primaryimage\",\"url\":\"https:\\\/\\\/accesolatino.org\\\/wp-content\\\/uploads\\\/2020\\\/08\\\/Inicia-campana-sobre-uso-correcto-del-cubrebocas.jpg\",\"contentUrl\":\"https:\\\/\\\/accesolatino.org\\\/wp-content\\\/uploads\\\/2020\\\/08\\\/Inicia-campana-sobre-uso-correcto-del-cubrebocas.jpg\",\"width\":600,\"height\":338},{\"@type\":\"BreadcrumbList\",\"@id\":\"https:\\\/\\\/accesolatino.org\\\/inicia-campana-sobre-uso-correcto-del-cubrebocas\\\/noticias\\\/#breadcrumb\",\"itemListElement\":[{\"@type\":\"ListItem\",\"position\":1,\"name\":\"Portada\",\"item\":\"https:\\\/\\\/accesolatino.org\\\/\"},{\"@type\":\"ListItem\",\"position\":2,\"name\":\"Noticias\",\"item\":\"https:\\\/\\\/accesolatino.org\\\/category\\\/noticias\\\/\"},{\"@type\":\"ListItem\",\"position\":3,\"name\":\"Inicia campa\u00f1a sobre uso correcto del cubrebocas\"}]},{\"@type\":\"WebSite\",\"@id\":\"https:\\\/\\\/accesolatino.org\\\/#website\",\"url\":\"https:\\\/\\\/accesolatino.org\\\/\",\"name\":\"Acceso Latino | Fundaci\u00f3n Carlos Slim\",\"description\":\"Fundaci\u00f3n Carlos Slim\",\"publisher\":{\"@id\":\"https:\\\/\\\/accesolatino.org\\\/#organization\"},\"potentialAction\":[{\"@type\":\"SearchAction\",\"target\":{\"@type\":\"EntryPoint\",\"urlTemplate\":\"https:\\\/\\\/accesolatino.org\\\/?s={search_term_string}\"},\"query-input\":{\"@type\":\"PropertyValueSpecification\",\"valueRequired\":true,\"valueName\":\"search_term_string\"}}],\"inLanguage\":\"en-US\"},{\"@type\":\"Organization\",\"@id\":\"https:\\\/\\\/accesolatino.org\\\/#organization\",\"name\":\"Acceso Latino | Fundaci\u00f3n Carlos Slim\",\"url\":\"https:\\\/\\\/accesolatino.org\\\/\",\"logo\":{\"@type\":\"ImageObject\",\"inLanguage\":\"en-US\",\"@id\":\"https:\\\/\\\/accesolatino.org\\\/#\\\/schema\\\/logo\\\/image\\\/\",\"url\":\"https:\\\/\\\/accesolatino.org\\\/wp-content\\\/uploads\\\/2021\\\/02\\\/logo-footer-acceso-latino.png\",\"contentUrl\":\"https:\\\/\\\/accesolatino.org\\\/wp-content\\\/uploads\\\/2021\\\/02\\\/logo-footer-acceso-latino.png\",\"width\":240,\"height\":40,\"caption\":\"Acceso Latino | Fundaci\u00f3n Carlos Slim\"},\"image\":{\"@id\":\"https:\\\/\\\/accesolatino.org\\\/#\\\/schema\\\/logo\\\/image\\\/\"},\"sameAs\":[\"https:\\\/\\\/www.facebook.com\\\/AccesoLatinoOrg\",\"https:\\\/\\\/x.com\\\/FAccLatino\"]},{\"@type\":\"Person\",\"@id\":\"https:\\\/\\\/accesolatino.org\\\/#\\\/schema\\\/person\\\/6b654926a4e7e4709c9ad12459661666\",\"name\":\"Noticias\"}]}<\/script>\n<!-- \/ Yoast SEO plugin. -->","yoast_head_json":{"title":"Inicia campa\u00f1a sobre uso correcto del cubrebocas","description":"Una persona con coronavirus puede propagarlo en un tiempo de 14 a 21 d\u00edas, por lo que es necesario el uso de cubrebocas para evitar","robots":{"index":"index","follow":"follow","max-snippet":"max-snippet:-1","max-image-preview":"max-image-preview:large","max-video-preview":"max-video-preview:-1"},"canonical":"https:\/\/accesolatino.org\/en\/inicia-campana-sobre-uso-correcto-del-cubrebocas\/noticias\/","og_locale":"en_US","og_type":"article","og_title":"Inicia campa\u00f1a sobre uso correcto del cubrebocas","og_description":"Una persona con coronavirus puede propagarlo en un tiempo de 14 a 21 d\u00edas, por lo que es necesario el uso de cubrebocas para evitar","og_url":"https:\/\/accesolatino.org\/en\/inicia-campana-sobre-uso-correcto-del-cubrebocas\/noticias\/","og_site_name":"Acceso Latino","article_publisher":"https:\/\/www.facebook.com\/AccesoLatinoOrg","article_published_time":"2020-08-28T13:00:00+00:00","article_modified_time":"2025-10-25T22:26:00+00:00","og_image":[{"width":600,"height":338,"url":"https:\/\/accesolatino.org\/wp-content\/uploads\/2020\/08\/Inicia-campana-sobre-uso-correcto-del-cubrebocas.jpg","type":"image\/jpeg"}],"author":"Noticias","twitter_card":"summary_large_image","twitter_creator":"@FAccLatino","twitter_site":"@FAccLatino","twitter_misc":{"Written by":"Noticias","Est. reading time":"2 minutes"},"schema":{"@context":"https:\/\/schema.org","@graph":[{"@type":"Article","@id":"https:\/\/accesolatino.org\/inicia-campana-sobre-uso-correcto-del-cubrebocas\/noticias\/#article","isPartOf":{"@id":"https:\/\/accesolatino.org\/inicia-campana-sobre-uso-correcto-del-cubrebocas\/noticias\/"},"author":{"name":"Noticias","@id":"https:\/\/accesolatino.org\/#\/schema\/person\/6b654926a4e7e4709c9ad12459661666"},"headline":"Inicia campa\u00f1a sobre uso correcto del cubrebocas","datePublished":"2020-08-28T13:00:00+00:00","dateModified":"2025-10-25T22:26:00+00:00","mainEntityOfPage":{"@id":"https:\/\/accesolatino.org\/inicia-campana-sobre-uso-correcto-del-cubrebocas\/noticias\/"},"wordCount":296,"commentCount":0,"publisher":{"@id":"https:\/\/accesolatino.org\/#organization"},"image":{"@id":"https:\/\/accesolatino.org\/inicia-campana-sobre-uso-correcto-del-cubrebocas\/noticias\/#primaryimage"},"thumbnailUrl":"https:\/\/accesolatino.org\/wp-content\/uploads\/2020\/08\/Inicia-campana-sobre-uso-correcto-del-cubrebocas.jpg","articleSection":["Noticias","Temas de inter\u00e9s"],"inLanguage":"en-US","potentialAction":[{"@type":"CommentAction","name":"Comment","target":["https:\/\/accesolatino.org\/inicia-campana-sobre-uso-correcto-del-cubrebocas\/noticias\/#respond"]}]},{"@type":"WebPage","@id":"https:\/\/accesolatino.org\/inicia-campana-sobre-uso-correcto-del-cubrebocas\/noticias\/","url":"https:\/\/accesolatino.org\/inicia-campana-sobre-uso-correcto-del-cubrebocas\/noticias\/","name":"Inicia campa\u00f1a sobre uso correcto del cubrebocas","isPartOf":{"@id":"https:\/\/accesolatino.org\/#website"},"primaryImageOfPage":{"@id":"https:\/\/accesolatino.org\/inicia-campana-sobre-uso-correcto-del-cubrebocas\/noticias\/#primaryimage"},"image":{"@id":"https:\/\/accesolatino.org\/inicia-campana-sobre-uso-correcto-del-cubrebocas\/noticias\/#primaryimage"},"thumbnailUrl":"https:\/\/accesolatino.org\/wp-content\/uploads\/2020\/08\/Inicia-campana-sobre-uso-correcto-del-cubrebocas.jpg","datePublished":"2020-08-28T13:00:00+00:00","dateModified":"2025-10-25T22:26:00+00:00","description":"Una persona con coronavirus puede propagarlo en un tiempo de 14 a 21 d\u00edas, por lo que es necesario el uso de cubrebocas para evitar","breadcrumb":{"@id":"https:\/\/accesolatino.org\/inicia-campana-sobre-uso-correcto-del-cubrebocas\/noticias\/#breadcrumb"},"inLanguage":"en-US","potentialAction":[{"@type":"ReadAction","target":["https:\/\/accesolatino.org\/inicia-campana-sobre-uso-correcto-del-cubrebocas\/noticias\/"]}]},{"@type":"ImageObject","inLanguage":"en-US","@id":"https:\/\/accesolatino.org\/inicia-campana-sobre-uso-correcto-del-cubrebocas\/noticias\/#primaryimage","url":"https:\/\/accesolatino.org\/wp-content\/uploads\/2020\/08\/Inicia-campana-sobre-uso-correcto-del-cubrebocas.jpg","contentUrl":"https:\/\/accesolatino.org\/wp-content\/uploads\/2020\/08\/Inicia-campana-sobre-uso-correcto-del-cubrebocas.jpg","width":600,"height":338},{"@type":"BreadcrumbList","@id":"https:\/\/accesolatino.org\/inicia-campana-sobre-uso-correcto-del-cubrebocas\/noticias\/#breadcrumb","itemListElement":[{"@type":"ListItem","position":1,"name":"Portada","item":"https:\/\/accesolatino.org\/"},{"@type":"ListItem","position":2,"name":"Noticias","item":"https:\/\/accesolatino.org\/category\/noticias\/"},{"@type":"ListItem","position":3,"name":"Inicia campa\u00f1a sobre uso correcto del cubrebocas"}]},{"@type":"WebSite","@id":"https:\/\/accesolatino.org\/#website","url":"https:\/\/accesolatino.org\/","name":"Acceso Latino | Fundaci\u00f3n Carlos Slim","description":"Fundaci\u00f3n Carlos Slim","publisher":{"@id":"https:\/\/accesolatino.org\/#organization"},"potentialAction":[{"@type":"SearchAction","target":{"@type":"EntryPoint","urlTemplate":"https:\/\/accesolatino.org\/?s={search_term_string}"},"query-input":{"@type":"PropertyValueSpecification","valueRequired":true,"valueName":"search_term_string"}}],"inLanguage":"en-US"},{"@type":"Organization","@id":"https:\/\/accesolatino.org\/#organization","name":"Acceso Latino | Fundaci\u00f3n Carlos Slim","url":"https:\/\/accesolatino.org\/","logo":{"@type":"ImageObject","inLanguage":"en-US","@id":"https:\/\/accesolatino.org\/#\/schema\/logo\/image\/","url":"https:\/\/accesolatino.org\/wp-content\/uploads\/2021\/02\/logo-footer-acceso-latino.png","contentUrl":"https:\/\/accesolatino.org\/wp-content\/uploads\/2021\/02\/logo-footer-acceso-latino.png","width":240,"height":40,"caption":"Acceso Latino | Fundaci\u00f3n Carlos Slim"},"image":{"@id":"https:\/\/accesolatino.org\/#\/schema\/logo\/image\/"},"sameAs":["https:\/\/www.facebook.com\/AccesoLatinoOrg","https:\/\/x.com\/FAccLatino"]},{"@type":"Person","@id":"https:\/\/accesolatino.org\/#\/schema\/person\/6b654926a4e7e4709c9ad12459661666","name":"News"}]}},"_links":{"self":[{"href":"https:\/\/accesolatino.org\/en\/wp-json\/wp\/v2\/posts\/22625","targetHints":{"allow":["GET"]}}],"collection":[{"href":"https:\/\/accesolatino.org\/en\/wp-json\/wp\/v2\/posts"}],"about":[{"href":"https:\/\/accesolatino.org\/en\/wp-json\/wp\/v2\/types\/post"}],"author":[{"embeddable":true,"href":"https:\/\/accesolatino.org\/en\/wp-json\/wp\/v2\/users\/13"}],"replies":[{"embeddable":true,"href":"https:\/\/accesolatino.org\/en\/wp-json\/wp\/v2\/comments?post=22625"}],"version-history":[{"count":1,"href":"https:\/\/accesolatino.org\/en\/wp-json\/wp\/v2\/posts\/22625\/revisions"}],"predecessor-version":[{"id":65764,"href":"https:\/\/accesolatino.org\/en\/wp-json\/wp\/v2\/posts\/22625\/revisions\/65764"}],"wp:featuredmedia":[{"embeddable":true,"href":"https:\/\/accesolatino.org\/en\/wp-json\/wp\/v2\/media\/22623"}],"wp:attachment":[{"href":"https:\/\/accesolatino.org\/en\/wp-json\/wp\/v2\/media?parent=22625"}],"wp:term":[{"taxonomy":"category","embeddable":true,"href":"https:\/\/accesolatino.org\/en\/wp-json\/wp\/v2\/categories?post=22625"},{"taxonomy":"post_tag","embeddable":true,"href":"https:\/\/accesolatino.org\/en\/wp-json\/wp\/v2\/tags?post=22625"}],"curies":[{"name":"wp","href":"https:\/\/api.w.org\/{rel}","templated":true}]}}