{"id":21346,"date":"2020-05-26T10:43:05","date_gmt":"2020-05-26T15:43:05","guid":{"rendered":"https:\/\/accesolatino.org\/?p=21346"},"modified":"2025-10-25T18:33:16","modified_gmt":"2025-10-26T00:33:16","slug":"colorado-protege-a-inmigrantes-de-la-deportacion","status":"publish","type":"post","link":"https:\/\/accesolatino.org\/en\/colorado-protege-a-inmigrantes-de-la-deportacion\/noticias\/","title":{"rendered":"Colorado protege a inmigrantes de la deportaci\u00f3n"},"content":{"rendered":"<div data-elementor-type=\"wp-post\" data-elementor-id=\"21346\" class=\"elementor elementor-21346\">\n\t\t\t\t\t\t<section class=\"elementor-section elementor-top-section elementor-element elementor-element-e311389 elementor-section-boxed elementor-section-height-default elementor-section-height-default wpr-particle-no wpr-jarallax-no wpr-parallax-no wpr-sticky-section-no wpr-equal-height-no\" data-id=\"e311389\" data-element_type=\"section\" data-e-type=\"section\">\n\t\t\t\t\t\t<div class=\"elementor-container elementor-column-gap-default\">\n\t\t\t\t\t<div class=\"elementor-column elementor-col-100 elementor-top-column elementor-element elementor-element-978633f\" data-id=\"978633f\" data-element_type=\"column\" data-e-type=\"column\">\n\t\t\t<div class=\"elementor-widget-wrap elementor-element-populated\">\n\t\t\t\t\t\t<div class=\"elementor-element elementor-element-6f3bde3 elementor-widget elementor-widget-text-editor\" data-id=\"6f3bde3\" data-element_type=\"widget\" data-e-type=\"widget\" data-widget_type=\"text-editor.default\">\n\t\t\t\t<div class=\"elementor-widget-container\">\n\t\t\t\t\t\t\t\t\t<p>Adem\u00e1s del coronavirus, los inmigrantes se tienen que cuidar de ICE y de la deportaci\u00f3n, lo cual complica a\u00fan m\u00e1s su vida en Estados Unidos, pero el estado de Colorado ha salido en su defensa.<\/p><p>En medio de la pandemia y la crisis econ\u00f3mica, el gobernador de Colorado, Jared Polis, firm\u00f3 la semana pasada una orden ejecutiva que proh\u00edbe a las agencias de este estado a dar informaci\u00f3n personal y detallada, a las fuerzas migratorias.<\/p><p>La ley, es un documento que consta de cuatro p\u00e1ginas y fue enviado el mi\u00e9rcoles 20 de mayo a las agencias de Colorado, y espec\u00edfica e impide al Servicio de Inmigraci\u00f3n y Aduanas (ICE, por sus siglas en ingl\u00e9s) y otras oficinas federales, acceder a informaci\u00f3n y datos personales como: nombre, fecha de nacimiento, licencia de conducir, domicilio, estos solo pueden pedirse con una orden judicial firmada por un juez.<\/p><p>\u201cMi administraci\u00f3n est\u00e1 enfocada en que Colorado act\u00fae bien para todos. Y para conservar esta visi\u00f3n, debemos asegurar que todos los habitantes del estado puedan en confiar en su gobierno y reciban la ayuda sin miedo a ser deportados\u201d, as\u00ed lo afirm\u00f3 el dem\u00f3crata.<\/p><p>El documento dictamina: asegurar de que todos los departamentos del Poder Ejecutivo de Colorado y todas las oficinas estatales, tengan leyes de protecci\u00f3n de datos y la reserva de los mismos de todos los habitantes, incluyendo informaci\u00f3n migratoria.<\/p><p>Por esta raz\u00f3n, las agencias de Colorado deben tener una base de datos e informaci\u00f3n personal que reciban, se\u00f1alando qui\u00e9n lo hace, qu\u00e9 informaci\u00f3n piden y por qu\u00e9 y si pedir la informaci\u00f3n fue denegada o aceptada.<\/p><p>En caso de que sea aceptada la informaci\u00f3n, esta debe ir acompa\u00f1ada de una nota indicando que los datos proporcionados s\u00f3lo podr\u00e1n ser usados para <strong>investigaciones criminales activas <\/strong>y no con prop\u00f3sitos migratorios.<\/p><p>Las agencias en 30 d\u00edas deben efectuar completamente las indicaciones y llevar a cabo las nuevas normas y deber\u00e1n enviar reportes trimestrales al Gobierno estatal.<\/p><p>Muchos dem\u00f3cratas apoyaron el decreto de Polis, e impulsaron exitosamente este a\u00f1o varias nuevas medidas de protecci\u00f3n de inmigrantes, incluyendo la denegaci\u00f3n de que se use el estatus migratorio de una persona para negarle el alquiler de una vivienda, as\u00ed como arrestarles.<\/p><p>Fuente: <em>La Opini\u00f3n<\/em><\/p>\t\t\t\t\t\t\t\t<\/div>\n\t\t\t\t<\/div>\n\t\t\t\t\t<\/div>\n\t\t<\/div>\n\t\t\t\t\t<\/div>\n\t\t<\/section>\n\t\t\t\t<\/div>","protected":false},"excerpt":{"rendered":"<p>Adem\u00e1s del coronavirus, los inmigrantes se tienen que cuidar de ICE y de la deportaci\u00f3n, lo cual complica a\u00fan m\u00e1s su vida en Estados Unidos, pero el estado de Colorado ha salido en su defensa. En medio de la pandemia y la crisis econ\u00f3mica, el gobernador de Colorado, Jared Polis, firm\u00f3 la semana pasada una orden ejecutiva que proh\u00edbe a las agencias de este estado a dar informaci\u00f3n personal y detallada, a las fuerzas migratorias. La ley, es un documento que consta de cuatro p\u00e1ginas y fue enviado el mi\u00e9rcoles 20 de mayo a las agencias de Colorado, y espec\u00edfica e impide al Servicio de Inmigraci\u00f3n y Aduanas (ICE, por sus siglas en ingl\u00e9s) y otras oficinas federales, acceder a informaci\u00f3n y datos personales como: nombre, fecha de nacimiento, licencia de conducir, domicilio, estos solo pueden pedirse con una orden judicial firmada por un juez. \u201cMi administraci\u00f3n est\u00e1 enfocada en que Colorado act\u00fae bien para todos. Y para conservar esta visi\u00f3n, debemos asegurar que todos los habitantes del estado puedan en confiar en su gobierno y reciban la ayuda sin miedo a ser deportados\u201d, as\u00ed lo afirm\u00f3 el dem\u00f3crata. El documento dictamina: asegurar de que todos los departamentos del Poder Ejecutivo de Colorado y todas las oficinas estatales, tengan leyes de protecci\u00f3n de datos y la reserva de los mismos de todos los habitantes, incluyendo informaci\u00f3n migratoria. Por esta raz\u00f3n, las agencias de Colorado deben tener una base de datos e informaci\u00f3n personal que reciban, se\u00f1alando qui\u00e9n lo hace, qu\u00e9 informaci\u00f3n piden y por qu\u00e9 y si pedir la informaci\u00f3n fue denegada o aceptada. En caso de que sea aceptada la informaci\u00f3n, esta debe ir acompa\u00f1ada de una nota indicando que los datos proporcionados s\u00f3lo podr\u00e1n ser usados para investigaciones criminales activas y no con prop\u00f3sitos migratorios. Las agencias en 30 d\u00edas deben efectuar completamente las indicaciones y llevar a cabo las nuevas normas y deber\u00e1n enviar reportes trimestrales al Gobierno estatal. Muchos dem\u00f3cratas apoyaron el decreto de Polis, e impulsaron exitosamente este a\u00f1o varias nuevas medidas de protecci\u00f3n de inmigrantes, incluyendo la denegaci\u00f3n de que se use el estatus migratorio de una persona para negarle el alquiler de una vivienda, as\u00ed como arrestarles. Fuente: La Opini\u00f3n<\/p>","protected":false},"author":13,"featured_media":21347,"comment_status":"open","ping_status":"open","sticky":false,"template":"elementor_header_footer","format":"standard","meta":{"_uf_show_specific_survey":0,"_uf_disable_surveys":false,"footnotes":""},"categories":[10,1],"tags":[],"class_list":["post-21346","post","type-post","status-publish","format-standard","has-post-thumbnail","hentry","category-noticias","category-temas-de-interes"],"aioseo_notices":[],"yoast_head":"<!-- This site is optimized with the Yoast SEO plugin v27.4 - https:\/\/yoast.com\/product\/yoast-seo-wordpress\/ -->\n<title>Colorado protege a inmigrantes de la deportaci\u00f3n<\/title>\n<meta name=\"description\" content=\"Adem\u00e1s del coronavirus, los inmigrantes se tienen que cuidar de ICE y de la deportaci\u00f3n, lo cual complica a\u00fan m\u00e1s su vida en Estados Unidos, pero el\" \/>\n<meta name=\"robots\" content=\"index, follow, max-snippet:-1, max-image-preview:large, max-video-preview:-1\" \/>\n<link rel=\"canonical\" href=\"https:\/\/accesolatino.org\/en\/colorado-protege-a-inmigrantes-de-la-deportacion\/noticias\/\" \/>\n<meta property=\"og:locale\" content=\"en_US\" \/>\n<meta property=\"og:type\" content=\"article\" \/>\n<meta property=\"og:title\" content=\"Colorado protege a inmigrantes de la deportaci\u00f3n\" \/>\n<meta property=\"og:description\" content=\"Adem\u00e1s del coronavirus, los inmigrantes se tienen que cuidar de ICE y de la deportaci\u00f3n, lo cual complica a\u00fan m\u00e1s su vida en Estados Unidos, pero el\" \/>\n<meta property=\"og:url\" content=\"https:\/\/accesolatino.org\/en\/colorado-protege-a-inmigrantes-de-la-deportacion\/noticias\/\" \/>\n<meta property=\"og:site_name\" content=\"Acceso Latino\" \/>\n<meta property=\"article:publisher\" content=\"https:\/\/www.facebook.com\/AccesoLatinoOrg\" \/>\n<meta property=\"article:published_time\" content=\"2020-05-26T15:43:05+00:00\" \/>\n<meta property=\"article:modified_time\" content=\"2025-10-26T00:33:16+00:00\" \/>\n<meta property=\"og:image\" content=\"https:\/\/accesolatino.org\/wp-content\/uploads\/2020\/05\/Colorado-protege-a-inmigrante-de-la-deportacio\u0301n.png\" \/>\n\t<meta property=\"og:image:width\" content=\"600\" \/>\n\t<meta property=\"og:image:height\" content=\"338\" \/>\n\t<meta property=\"og:image:type\" content=\"image\/png\" \/>\n<meta name=\"author\" content=\"Noticias\" \/>\n<meta name=\"twitter:card\" content=\"summary_large_image\" \/>\n<meta name=\"twitter:creator\" content=\"@FAccLatino\" \/>\n<meta name=\"twitter:site\" content=\"@FAccLatino\" \/>\n<meta name=\"twitter:label1\" content=\"Written by\" \/>\n\t<meta name=\"twitter:data1\" content=\"Noticias\" \/>\n\t<meta name=\"twitter:label2\" content=\"Est. reading time\" \/>\n\t<meta name=\"twitter:data2\" content=\"2 minutes\" \/>\n<script type=\"application\/ld+json\" class=\"yoast-schema-graph\">{\"@context\":\"https:\\\/\\\/schema.org\",\"@graph\":[{\"@type\":\"Article\",\"@id\":\"https:\\\/\\\/accesolatino.org\\\/colorado-protege-a-inmigrantes-de-la-deportacion\\\/noticias\\\/#article\",\"isPartOf\":{\"@id\":\"https:\\\/\\\/accesolatino.org\\\/colorado-protege-a-inmigrantes-de-la-deportacion\\\/noticias\\\/\"},\"author\":{\"name\":\"Noticias\",\"@id\":\"https:\\\/\\\/accesolatino.org\\\/#\\\/schema\\\/person\\\/6b654926a4e7e4709c9ad12459661666\"},\"headline\":\"Colorado protege a inmigrantes de la deportaci\u00f3n\",\"datePublished\":\"2020-05-26T15:43:05+00:00\",\"dateModified\":\"2025-10-26T00:33:16+00:00\",\"mainEntityOfPage\":{\"@id\":\"https:\\\/\\\/accesolatino.org\\\/colorado-protege-a-inmigrantes-de-la-deportacion\\\/noticias\\\/\"},\"wordCount\":410,\"commentCount\":0,\"publisher\":{\"@id\":\"https:\\\/\\\/accesolatino.org\\\/#organization\"},\"image\":{\"@id\":\"https:\\\/\\\/accesolatino.org\\\/colorado-protege-a-inmigrantes-de-la-deportacion\\\/noticias\\\/#primaryimage\"},\"thumbnailUrl\":\"https:\\\/\\\/accesolatino.org\\\/wp-content\\\/uploads\\\/2020\\\/05\\\/Colorado-protege-a-inmigrante-de-la-deportacio\u0301n.png\",\"articleSection\":[\"Noticias\",\"Temas de inter\u00e9s\"],\"inLanguage\":\"en-US\",\"potentialAction\":[{\"@type\":\"CommentAction\",\"name\":\"Comment\",\"target\":[\"https:\\\/\\\/accesolatino.org\\\/colorado-protege-a-inmigrantes-de-la-deportacion\\\/noticias\\\/#respond\"]}]},{\"@type\":\"WebPage\",\"@id\":\"https:\\\/\\\/accesolatino.org\\\/colorado-protege-a-inmigrantes-de-la-deportacion\\\/noticias\\\/\",\"url\":\"https:\\\/\\\/accesolatino.org\\\/colorado-protege-a-inmigrantes-de-la-deportacion\\\/noticias\\\/\",\"name\":\"Colorado protege a inmigrantes de la deportaci\u00f3n\",\"isPartOf\":{\"@id\":\"https:\\\/\\\/accesolatino.org\\\/#website\"},\"primaryImageOfPage\":{\"@id\":\"https:\\\/\\\/accesolatino.org\\\/colorado-protege-a-inmigrantes-de-la-deportacion\\\/noticias\\\/#primaryimage\"},\"image\":{\"@id\":\"https:\\\/\\\/accesolatino.org\\\/colorado-protege-a-inmigrantes-de-la-deportacion\\\/noticias\\\/#primaryimage\"},\"thumbnailUrl\":\"https:\\\/\\\/accesolatino.org\\\/wp-content\\\/uploads\\\/2020\\\/05\\\/Colorado-protege-a-inmigrante-de-la-deportacio\u0301n.png\",\"datePublished\":\"2020-05-26T15:43:05+00:00\",\"dateModified\":\"2025-10-26T00:33:16+00:00\",\"description\":\"Adem\u00e1s del coronavirus, los inmigrantes se tienen que cuidar de ICE y de la deportaci\u00f3n, lo cual complica a\u00fan m\u00e1s su vida en Estados Unidos, pero el\",\"breadcrumb\":{\"@id\":\"https:\\\/\\\/accesolatino.org\\\/colorado-protege-a-inmigrantes-de-la-deportacion\\\/noticias\\\/#breadcrumb\"},\"inLanguage\":\"en-US\",\"potentialAction\":[{\"@type\":\"ReadAction\",\"target\":[\"https:\\\/\\\/accesolatino.org\\\/colorado-protege-a-inmigrantes-de-la-deportacion\\\/noticias\\\/\"]}]},{\"@type\":\"ImageObject\",\"inLanguage\":\"en-US\",\"@id\":\"https:\\\/\\\/accesolatino.org\\\/colorado-protege-a-inmigrantes-de-la-deportacion\\\/noticias\\\/#primaryimage\",\"url\":\"https:\\\/\\\/accesolatino.org\\\/wp-content\\\/uploads\\\/2020\\\/05\\\/Colorado-protege-a-inmigrante-de-la-deportacio\u0301n.png\",\"contentUrl\":\"https:\\\/\\\/accesolatino.org\\\/wp-content\\\/uploads\\\/2020\\\/05\\\/Colorado-protege-a-inmigrante-de-la-deportacio\u0301n.png\",\"width\":600,\"height\":338},{\"@type\":\"BreadcrumbList\",\"@id\":\"https:\\\/\\\/accesolatino.org\\\/colorado-protege-a-inmigrantes-de-la-deportacion\\\/noticias\\\/#breadcrumb\",\"itemListElement\":[{\"@type\":\"ListItem\",\"position\":1,\"name\":\"Portada\",\"item\":\"https:\\\/\\\/accesolatino.org\\\/\"},{\"@type\":\"ListItem\",\"position\":2,\"name\":\"Noticias\",\"item\":\"https:\\\/\\\/accesolatino.org\\\/category\\\/noticias\\\/\"},{\"@type\":\"ListItem\",\"position\":3,\"name\":\"Colorado protege a inmigrantes de la deportaci\u00f3n\"}]},{\"@type\":\"WebSite\",\"@id\":\"https:\\\/\\\/accesolatino.org\\\/#website\",\"url\":\"https:\\\/\\\/accesolatino.org\\\/\",\"name\":\"Acceso Latino | Fundaci\u00f3n Carlos Slim\",\"description\":\"Fundaci\u00f3n Carlos Slim\",\"publisher\":{\"@id\":\"https:\\\/\\\/accesolatino.org\\\/#organization\"},\"potentialAction\":[{\"@type\":\"SearchAction\",\"target\":{\"@type\":\"EntryPoint\",\"urlTemplate\":\"https:\\\/\\\/accesolatino.org\\\/?s={search_term_string}\"},\"query-input\":{\"@type\":\"PropertyValueSpecification\",\"valueRequired\":true,\"valueName\":\"search_term_string\"}}],\"inLanguage\":\"en-US\"},{\"@type\":\"Organization\",\"@id\":\"https:\\\/\\\/accesolatino.org\\\/#organization\",\"name\":\"Acceso Latino | Fundaci\u00f3n Carlos Slim\",\"url\":\"https:\\\/\\\/accesolatino.org\\\/\",\"logo\":{\"@type\":\"ImageObject\",\"inLanguage\":\"en-US\",\"@id\":\"https:\\\/\\\/accesolatino.org\\\/#\\\/schema\\\/logo\\\/image\\\/\",\"url\":\"https:\\\/\\\/accesolatino.org\\\/wp-content\\\/uploads\\\/2021\\\/02\\\/logo-footer-acceso-latino.png\",\"contentUrl\":\"https:\\\/\\\/accesolatino.org\\\/wp-content\\\/uploads\\\/2021\\\/02\\\/logo-footer-acceso-latino.png\",\"width\":240,\"height\":40,\"caption\":\"Acceso Latino | Fundaci\u00f3n Carlos Slim\"},\"image\":{\"@id\":\"https:\\\/\\\/accesolatino.org\\\/#\\\/schema\\\/logo\\\/image\\\/\"},\"sameAs\":[\"https:\\\/\\\/www.facebook.com\\\/AccesoLatinoOrg\",\"https:\\\/\\\/x.com\\\/FAccLatino\"]},{\"@type\":\"Person\",\"@id\":\"https:\\\/\\\/accesolatino.org\\\/#\\\/schema\\\/person\\\/6b654926a4e7e4709c9ad12459661666\",\"name\":\"Noticias\"}]}<\/script>\n<!-- \/ Yoast SEO plugin. -->","yoast_head_json":{"title":"Colorado protege a inmigrantes de la deportaci\u00f3n","description":"Adem\u00e1s del coronavirus, los inmigrantes se tienen que cuidar de ICE y de la deportaci\u00f3n, lo cual complica a\u00fan m\u00e1s su vida en Estados Unidos, pero el","robots":{"index":"index","follow":"follow","max-snippet":"max-snippet:-1","max-image-preview":"max-image-preview:large","max-video-preview":"max-video-preview:-1"},"canonical":"https:\/\/accesolatino.org\/en\/colorado-protege-a-inmigrantes-de-la-deportacion\/noticias\/","og_locale":"en_US","og_type":"article","og_title":"Colorado protege a inmigrantes de la deportaci\u00f3n","og_description":"Adem\u00e1s del coronavirus, los inmigrantes se tienen que cuidar de ICE y de la deportaci\u00f3n, lo cual complica a\u00fan m\u00e1s su vida en Estados Unidos, pero el","og_url":"https:\/\/accesolatino.org\/en\/colorado-protege-a-inmigrantes-de-la-deportacion\/noticias\/","og_site_name":"Acceso Latino","article_publisher":"https:\/\/www.facebook.com\/AccesoLatinoOrg","article_published_time":"2020-05-26T15:43:05+00:00","article_modified_time":"2025-10-26T00:33:16+00:00","og_image":[{"width":600,"height":338,"url":"https:\/\/accesolatino.org\/wp-content\/uploads\/2020\/05\/Colorado-protege-a-inmigrante-de-la-deportacio\u0301n.png","type":"image\/png"}],"author":"Noticias","twitter_card":"summary_large_image","twitter_creator":"@FAccLatino","twitter_site":"@FAccLatino","twitter_misc":{"Written by":"Noticias","Est. reading time":"2 minutes"},"schema":{"@context":"https:\/\/schema.org","@graph":[{"@type":"Article","@id":"https:\/\/accesolatino.org\/colorado-protege-a-inmigrantes-de-la-deportacion\/noticias\/#article","isPartOf":{"@id":"https:\/\/accesolatino.org\/colorado-protege-a-inmigrantes-de-la-deportacion\/noticias\/"},"author":{"name":"Noticias","@id":"https:\/\/accesolatino.org\/#\/schema\/person\/6b654926a4e7e4709c9ad12459661666"},"headline":"Colorado protege a inmigrantes de la deportaci\u00f3n","datePublished":"2020-05-26T15:43:05+00:00","dateModified":"2025-10-26T00:33:16+00:00","mainEntityOfPage":{"@id":"https:\/\/accesolatino.org\/colorado-protege-a-inmigrantes-de-la-deportacion\/noticias\/"},"wordCount":410,"commentCount":0,"publisher":{"@id":"https:\/\/accesolatino.org\/#organization"},"image":{"@id":"https:\/\/accesolatino.org\/colorado-protege-a-inmigrantes-de-la-deportacion\/noticias\/#primaryimage"},"thumbnailUrl":"https:\/\/accesolatino.org\/wp-content\/uploads\/2020\/05\/Colorado-protege-a-inmigrante-de-la-deportacio\u0301n.png","articleSection":["Noticias","Temas de inter\u00e9s"],"inLanguage":"en-US","potentialAction":[{"@type":"CommentAction","name":"Comment","target":["https:\/\/accesolatino.org\/colorado-protege-a-inmigrantes-de-la-deportacion\/noticias\/#respond"]}]},{"@type":"WebPage","@id":"https:\/\/accesolatino.org\/colorado-protege-a-inmigrantes-de-la-deportacion\/noticias\/","url":"https:\/\/accesolatino.org\/colorado-protege-a-inmigrantes-de-la-deportacion\/noticias\/","name":"Colorado protege a inmigrantes de la deportaci\u00f3n","isPartOf":{"@id":"https:\/\/accesolatino.org\/#website"},"primaryImageOfPage":{"@id":"https:\/\/accesolatino.org\/colorado-protege-a-inmigrantes-de-la-deportacion\/noticias\/#primaryimage"},"image":{"@id":"https:\/\/accesolatino.org\/colorado-protege-a-inmigrantes-de-la-deportacion\/noticias\/#primaryimage"},"thumbnailUrl":"https:\/\/accesolatino.org\/wp-content\/uploads\/2020\/05\/Colorado-protege-a-inmigrante-de-la-deportacio\u0301n.png","datePublished":"2020-05-26T15:43:05+00:00","dateModified":"2025-10-26T00:33:16+00:00","description":"Adem\u00e1s del coronavirus, los inmigrantes se tienen que cuidar de ICE y de la deportaci\u00f3n, lo cual complica a\u00fan m\u00e1s su vida en Estados Unidos, pero el","breadcrumb":{"@id":"https:\/\/accesolatino.org\/colorado-protege-a-inmigrantes-de-la-deportacion\/noticias\/#breadcrumb"},"inLanguage":"en-US","potentialAction":[{"@type":"ReadAction","target":["https:\/\/accesolatino.org\/colorado-protege-a-inmigrantes-de-la-deportacion\/noticias\/"]}]},{"@type":"ImageObject","inLanguage":"en-US","@id":"https:\/\/accesolatino.org\/colorado-protege-a-inmigrantes-de-la-deportacion\/noticias\/#primaryimage","url":"https:\/\/accesolatino.org\/wp-content\/uploads\/2020\/05\/Colorado-protege-a-inmigrante-de-la-deportacio\u0301n.png","contentUrl":"https:\/\/accesolatino.org\/wp-content\/uploads\/2020\/05\/Colorado-protege-a-inmigrante-de-la-deportacio\u0301n.png","width":600,"height":338},{"@type":"BreadcrumbList","@id":"https:\/\/accesolatino.org\/colorado-protege-a-inmigrantes-de-la-deportacion\/noticias\/#breadcrumb","itemListElement":[{"@type":"ListItem","position":1,"name":"Portada","item":"https:\/\/accesolatino.org\/"},{"@type":"ListItem","position":2,"name":"Noticias","item":"https:\/\/accesolatino.org\/category\/noticias\/"},{"@type":"ListItem","position":3,"name":"Colorado protege a inmigrantes de la deportaci\u00f3n"}]},{"@type":"WebSite","@id":"https:\/\/accesolatino.org\/#website","url":"https:\/\/accesolatino.org\/","name":"Acceso Latino | Fundaci\u00f3n Carlos Slim","description":"Fundaci\u00f3n Carlos Slim","publisher":{"@id":"https:\/\/accesolatino.org\/#organization"},"potentialAction":[{"@type":"SearchAction","target":{"@type":"EntryPoint","urlTemplate":"https:\/\/accesolatino.org\/?s={search_term_string}"},"query-input":{"@type":"PropertyValueSpecification","valueRequired":true,"valueName":"search_term_string"}}],"inLanguage":"en-US"},{"@type":"Organization","@id":"https:\/\/accesolatino.org\/#organization","name":"Acceso Latino | Fundaci\u00f3n Carlos Slim","url":"https:\/\/accesolatino.org\/","logo":{"@type":"ImageObject","inLanguage":"en-US","@id":"https:\/\/accesolatino.org\/#\/schema\/logo\/image\/","url":"https:\/\/accesolatino.org\/wp-content\/uploads\/2021\/02\/logo-footer-acceso-latino.png","contentUrl":"https:\/\/accesolatino.org\/wp-content\/uploads\/2021\/02\/logo-footer-acceso-latino.png","width":240,"height":40,"caption":"Acceso Latino | Fundaci\u00f3n Carlos Slim"},"image":{"@id":"https:\/\/accesolatino.org\/#\/schema\/logo\/image\/"},"sameAs":["https:\/\/www.facebook.com\/AccesoLatinoOrg","https:\/\/x.com\/FAccLatino"]},{"@type":"Person","@id":"https:\/\/accesolatino.org\/#\/schema\/person\/6b654926a4e7e4709c9ad12459661666","name":"News"}]}},"_links":{"self":[{"href":"https:\/\/accesolatino.org\/en\/wp-json\/wp\/v2\/posts\/21346","targetHints":{"allow":["GET"]}}],"collection":[{"href":"https:\/\/accesolatino.org\/en\/wp-json\/wp\/v2\/posts"}],"about":[{"href":"https:\/\/accesolatino.org\/en\/wp-json\/wp\/v2\/types\/post"}],"author":[{"embeddable":true,"href":"https:\/\/accesolatino.org\/en\/wp-json\/wp\/v2\/users\/13"}],"replies":[{"embeddable":true,"href":"https:\/\/accesolatino.org\/en\/wp-json\/wp\/v2\/comments?post=21346"}],"version-history":[{"count":1,"href":"https:\/\/accesolatino.org\/en\/wp-json\/wp\/v2\/posts\/21346\/revisions"}],"predecessor-version":[{"id":65899,"href":"https:\/\/accesolatino.org\/en\/wp-json\/wp\/v2\/posts\/21346\/revisions\/65899"}],"wp:featuredmedia":[{"embeddable":true,"href":"https:\/\/accesolatino.org\/en\/wp-json\/wp\/v2\/media\/21347"}],"wp:attachment":[{"href":"https:\/\/accesolatino.org\/en\/wp-json\/wp\/v2\/media?parent=21346"}],"wp:term":[{"taxonomy":"category","embeddable":true,"href":"https:\/\/accesolatino.org\/en\/wp-json\/wp\/v2\/categories?post=21346"},{"taxonomy":"post_tag","embeddable":true,"href":"https:\/\/accesolatino.org\/en\/wp-json\/wp\/v2\/tags?post=21346"}],"curies":[{"name":"wp","href":"https:\/\/api.w.org\/{rel}","templated":true}]}}