{"id":21325,"date":"2020-05-25T09:43:22","date_gmt":"2020-05-25T14:43:22","guid":{"rendered":"https:\/\/accesolatino.org\/?p=21325"},"modified":"2025-10-25T18:33:18","modified_gmt":"2025-10-26T00:33:18","slug":"inmigrantes-pieza-clave-en-la-educacion-academica-durante-covid-19","status":"publish","type":"post","link":"https:\/\/accesolatino.org\/en\/inmigrantes-pieza-clave-en-la-educacion-academica-durante-covid-19\/noticias\/","title":{"rendered":"Inmigrantes pieza clave en la educaci\u00f3n acad\u00e9mica durante COVID-19"},"content":{"rendered":"<div data-elementor-type=\"wp-post\" data-elementor-id=\"21325\" class=\"elementor elementor-21325\">\n\t\t\t\t\t\t<section class=\"elementor-section elementor-top-section elementor-element elementor-element-e311389 elementor-section-boxed elementor-section-height-default elementor-section-height-default wpr-particle-no wpr-jarallax-no wpr-parallax-no wpr-sticky-section-no wpr-equal-height-no\" data-id=\"e311389\" data-element_type=\"section\" data-e-type=\"section\">\n\t\t\t\t\t\t<div class=\"elementor-container elementor-column-gap-default\">\n\t\t\t\t\t<div class=\"elementor-column elementor-col-100 elementor-top-column elementor-element elementor-element-978633f\" data-id=\"978633f\" data-element_type=\"column\" data-e-type=\"column\">\n\t\t\t<div class=\"elementor-widget-wrap elementor-element-populated\">\n\t\t\t\t\t\t<div class=\"elementor-element elementor-element-6f3bde3 elementor-widget elementor-widget-text-editor\" data-id=\"6f3bde3\" data-element_type=\"widget\" data-e-type=\"widget\" data-widget_type=\"text-editor.default\">\n\t\t\t\t<div class=\"elementor-widget-container\">\n\t\t\t\t\t\t\t\t\t<p>Desde los inicios de la pandemia las escuelas en todos sus niveles cerraron para no exponer la salud de los estudiantes, pero esto ha sido un impedimento para que los profesionales de la educaci\u00f3n inmigrantes sigan dando su mejor esfuerzo para desarrollar mejores seres humanos.<\/p><p>Desde guarder\u00edas y hasta universidades, los inmigrantes son clave para el sector acad\u00e9mico en Estados Unidos, su rol es vital en el apoyo a las ni\u00f1as y ni\u00f1os y sus familias. Con un trabajo profesional y apasionado garantizan que la pr\u00f3xima generaci\u00f3n de estadounidenses reciban una educaci\u00f3n de calidad sin importar los obst\u00e1culos que se presenten, como la crisis sanitaria por el COVID-19.<\/p><p>El informe de la New American Economy, explica que existen 2 millones de inmigrantes trabajando el sector educativo en la Uni\u00f3n Americana, uno de cada ocho trabajadores son no nacidos en USA, datos del 2018. M\u00e1s del 50% de estos educadores cuentan con licenciatura o un grado superior.<\/p><p>En los 15 estados con m\u00e1s poblaci\u00f3n, los inmigrantes representan una gran parte de la fuerza laboral educativa. Por ejemplo, en Nueva York, California y Florida, de cada cinco profesores uno es inmigrante.<\/p><p>En Carolina del Norte hay 37 mil 333 trabajadores inmigrantes en el sector educativo y son 7.7% de todos los trabajadores.<\/p><p>Los inmigrantes que se dedican al cuidado infantil reestructuraron r\u00e1pidamente la forma de trabajar para asegurar la seguridad de los ni\u00f1os y ayudarlos a aprender en esta situaci\u00f3n sin precedentes. Cerca de cada cinco trabajadores del cuidado infantil y uno de cada ocho maestros de preescolar son inmigrantes.<\/p><p>En educaci\u00f3n primaria y secundaria, son aproximadamente 900 mil inmigrantes que imparte clases en todo el pa\u00eds.<\/p><p>M\u00e1s de 750 mil inmigrantes representan el 17.3% de la fuerza laboral de educaci\u00f3n superior. En las universidades, tambi\u00e9n son parte fundamental.<\/p><p>As\u00ed como el sector salud, de servicios y educativos, los inmigrantes conforman una gran parte de la econom\u00eda y crecimiento de Estados Unidos, lo que debe ser tomado en cuenta por el gobierno federal y la Corte Suprema en la decisi\u00f3n si de cancelar o dejar DACA.<\/p><p>Fuente: <em>La Noticia<\/em><\/p>\t\t\t\t\t\t\t\t<\/div>\n\t\t\t\t<\/div>\n\t\t\t\t\t<\/div>\n\t\t<\/div>\n\t\t\t\t\t<\/div>\n\t\t<\/section>\n\t\t\t\t<\/div>","protected":false},"excerpt":{"rendered":"<p>Desde los inicios de la pandemia las escuelas en todos sus niveles cerraron para no exponer la salud de los estudiantes, pero esto ha sido un impedimento para que los profesionales de la educaci\u00f3n inmigrantes sigan dando su mejor esfuerzo para desarrollar mejores seres humanos. Desde guarder\u00edas y hasta universidades, los inmigrantes son clave para el sector acad\u00e9mico en Estados Unidos, su rol es vital en el apoyo a las ni\u00f1as y ni\u00f1os y sus familias. Con un trabajo profesional y apasionado garantizan que la pr\u00f3xima generaci\u00f3n de estadounidenses reciban una educaci\u00f3n de calidad sin importar los obst\u00e1culos que se presenten, como la crisis sanitaria por el COVID-19. El informe de la New American Economy, explica que existen 2 millones de inmigrantes trabajando el sector educativo en la Uni\u00f3n Americana, uno de cada ocho trabajadores son no nacidos en USA, datos del 2018. M\u00e1s del 50% de estos educadores cuentan con licenciatura o un grado superior. En los 15 estados con m\u00e1s poblaci\u00f3n, los inmigrantes representan una gran parte de la fuerza laboral educativa. Por ejemplo, en Nueva York, California y Florida, de cada cinco profesores uno es inmigrante. En Carolina del Norte hay 37 mil 333 trabajadores inmigrantes en el sector educativo y son 7.7% de todos los trabajadores. Los inmigrantes que se dedican al cuidado infantil reestructuraron r\u00e1pidamente la forma de trabajar para asegurar la seguridad de los ni\u00f1os y ayudarlos a aprender en esta situaci\u00f3n sin precedentes. Cerca de cada cinco trabajadores del cuidado infantil y uno de cada ocho maestros de preescolar son inmigrantes. En educaci\u00f3n primaria y secundaria, son aproximadamente 900 mil inmigrantes que imparte clases en todo el pa\u00eds. M\u00e1s de 750 mil inmigrantes representan el 17.3% de la fuerza laboral de educaci\u00f3n superior. En las universidades, tambi\u00e9n son parte fundamental. As\u00ed como el sector salud, de servicios y educativos, los inmigrantes conforman una gran parte de la econom\u00eda y crecimiento de Estados Unidos, lo que debe ser tomado en cuenta por el gobierno federal y la Corte Suprema en la decisi\u00f3n si de cancelar o dejar DACA. Fuente: La Noticia<\/p>","protected":false},"author":13,"featured_media":21326,"comment_status":"open","ping_status":"open","sticky":false,"template":"elementor_header_footer","format":"standard","meta":{"_uf_show_specific_survey":0,"_uf_disable_surveys":false,"footnotes":""},"categories":[10,1],"tags":[],"class_list":["post-21325","post","type-post","status-publish","format-standard","has-post-thumbnail","hentry","category-noticias","category-temas-de-interes"],"aioseo_notices":[],"yoast_head":"<!-- This site is optimized with the Yoast SEO plugin v27.4 - https:\/\/yoast.com\/product\/yoast-seo-wordpress\/ -->\n<title>Inmigrantes pieza clave en la educaci\u00f3n acad\u00e9mica durante COVID-19<\/title>\n<meta name=\"description\" content=\"Desde los inicios de la pandemia las escuelas en todos sus niveles cerraron para no exponer la salud de los estudiantes, pero esto ha sido un\" \/>\n<meta name=\"robots\" content=\"index, follow, max-snippet:-1, max-image-preview:large, max-video-preview:-1\" \/>\n<link rel=\"canonical\" href=\"https:\/\/accesolatino.org\/en\/inmigrantes-pieza-clave-en-la-educacion-academica-durante-covid-19\/noticias\/\" \/>\n<meta property=\"og:locale\" content=\"en_US\" \/>\n<meta property=\"og:type\" content=\"article\" \/>\n<meta property=\"og:title\" content=\"Inmigrantes pieza clave en la educaci\u00f3n acad\u00e9mica durante COVID-19\" \/>\n<meta property=\"og:description\" content=\"Desde los inicios de la pandemia las escuelas en todos sus niveles cerraron para no exponer la salud de los estudiantes, pero esto ha sido un\" \/>\n<meta property=\"og:url\" content=\"https:\/\/accesolatino.org\/en\/inmigrantes-pieza-clave-en-la-educacion-academica-durante-covid-19\/noticias\/\" \/>\n<meta property=\"og:site_name\" content=\"Acceso Latino\" \/>\n<meta property=\"article:publisher\" content=\"https:\/\/www.facebook.com\/AccesoLatinoOrg\" \/>\n<meta property=\"article:published_time\" content=\"2020-05-25T14:43:22+00:00\" \/>\n<meta property=\"article:modified_time\" content=\"2025-10-26T00:33:18+00:00\" \/>\n<meta property=\"og:image\" content=\"https:\/\/accesolatino.org\/wp-content\/uploads\/2020\/05\/Inmigrantes-pieza-clave-en-la-educacio\u0301n-acade\u0301mica-durante-COVID-19.png\" \/>\n\t<meta property=\"og:image:width\" content=\"600\" \/>\n\t<meta property=\"og:image:height\" content=\"338\" \/>\n\t<meta property=\"og:image:type\" content=\"image\/png\" \/>\n<meta name=\"author\" content=\"Noticias\" \/>\n<meta name=\"twitter:card\" content=\"summary_large_image\" \/>\n<meta name=\"twitter:creator\" content=\"@FAccLatino\" \/>\n<meta name=\"twitter:site\" content=\"@FAccLatino\" \/>\n<meta name=\"twitter:label1\" content=\"Written by\" \/>\n\t<meta name=\"twitter:data1\" content=\"Noticias\" \/>\n\t<meta name=\"twitter:label2\" content=\"Est. reading time\" \/>\n\t<meta name=\"twitter:data2\" content=\"2 minutes\" \/>\n<script type=\"application\/ld+json\" class=\"yoast-schema-graph\">{\"@context\":\"https:\\\/\\\/schema.org\",\"@graph\":[{\"@type\":\"Article\",\"@id\":\"https:\\\/\\\/accesolatino.org\\\/inmigrantes-pieza-clave-en-la-educacion-academica-durante-covid-19\\\/noticias\\\/#article\",\"isPartOf\":{\"@id\":\"https:\\\/\\\/accesolatino.org\\\/inmigrantes-pieza-clave-en-la-educacion-academica-durante-covid-19\\\/noticias\\\/\"},\"author\":{\"name\":\"Noticias\",\"@id\":\"https:\\\/\\\/accesolatino.org\\\/#\\\/schema\\\/person\\\/6b654926a4e7e4709c9ad12459661666\"},\"headline\":\"Inmigrantes pieza clave en la educaci\u00f3n acad\u00e9mica durante COVID-19\",\"datePublished\":\"2020-05-25T14:43:22+00:00\",\"dateModified\":\"2025-10-26T00:33:18+00:00\",\"mainEntityOfPage\":{\"@id\":\"https:\\\/\\\/accesolatino.org\\\/inmigrantes-pieza-clave-en-la-educacion-academica-durante-covid-19\\\/noticias\\\/\"},\"wordCount\":371,\"commentCount\":0,\"publisher\":{\"@id\":\"https:\\\/\\\/accesolatino.org\\\/#organization\"},\"image\":{\"@id\":\"https:\\\/\\\/accesolatino.org\\\/inmigrantes-pieza-clave-en-la-educacion-academica-durante-covid-19\\\/noticias\\\/#primaryimage\"},\"thumbnailUrl\":\"https:\\\/\\\/accesolatino.org\\\/wp-content\\\/uploads\\\/2020\\\/05\\\/Inmigrantes-pieza-clave-en-la-educacio\u0301n-acade\u0301mica-durante-COVID-19.png\",\"articleSection\":[\"Noticias\",\"Temas de inter\u00e9s\"],\"inLanguage\":\"en-US\",\"potentialAction\":[{\"@type\":\"CommentAction\",\"name\":\"Comment\",\"target\":[\"https:\\\/\\\/accesolatino.org\\\/inmigrantes-pieza-clave-en-la-educacion-academica-durante-covid-19\\\/noticias\\\/#respond\"]}]},{\"@type\":\"WebPage\",\"@id\":\"https:\\\/\\\/accesolatino.org\\\/inmigrantes-pieza-clave-en-la-educacion-academica-durante-covid-19\\\/noticias\\\/\",\"url\":\"https:\\\/\\\/accesolatino.org\\\/inmigrantes-pieza-clave-en-la-educacion-academica-durante-covid-19\\\/noticias\\\/\",\"name\":\"Inmigrantes pieza clave en la educaci\u00f3n acad\u00e9mica durante COVID-19\",\"isPartOf\":{\"@id\":\"https:\\\/\\\/accesolatino.org\\\/#website\"},\"primaryImageOfPage\":{\"@id\":\"https:\\\/\\\/accesolatino.org\\\/inmigrantes-pieza-clave-en-la-educacion-academica-durante-covid-19\\\/noticias\\\/#primaryimage\"},\"image\":{\"@id\":\"https:\\\/\\\/accesolatino.org\\\/inmigrantes-pieza-clave-en-la-educacion-academica-durante-covid-19\\\/noticias\\\/#primaryimage\"},\"thumbnailUrl\":\"https:\\\/\\\/accesolatino.org\\\/wp-content\\\/uploads\\\/2020\\\/05\\\/Inmigrantes-pieza-clave-en-la-educacio\u0301n-acade\u0301mica-durante-COVID-19.png\",\"datePublished\":\"2020-05-25T14:43:22+00:00\",\"dateModified\":\"2025-10-26T00:33:18+00:00\",\"description\":\"Desde los inicios de la pandemia las escuelas en todos sus niveles cerraron para no exponer la salud de los estudiantes, pero esto ha sido un\",\"breadcrumb\":{\"@id\":\"https:\\\/\\\/accesolatino.org\\\/inmigrantes-pieza-clave-en-la-educacion-academica-durante-covid-19\\\/noticias\\\/#breadcrumb\"},\"inLanguage\":\"en-US\",\"potentialAction\":[{\"@type\":\"ReadAction\",\"target\":[\"https:\\\/\\\/accesolatino.org\\\/inmigrantes-pieza-clave-en-la-educacion-academica-durante-covid-19\\\/noticias\\\/\"]}]},{\"@type\":\"ImageObject\",\"inLanguage\":\"en-US\",\"@id\":\"https:\\\/\\\/accesolatino.org\\\/inmigrantes-pieza-clave-en-la-educacion-academica-durante-covid-19\\\/noticias\\\/#primaryimage\",\"url\":\"https:\\\/\\\/accesolatino.org\\\/wp-content\\\/uploads\\\/2020\\\/05\\\/Inmigrantes-pieza-clave-en-la-educacio\u0301n-acade\u0301mica-durante-COVID-19.png\",\"contentUrl\":\"https:\\\/\\\/accesolatino.org\\\/wp-content\\\/uploads\\\/2020\\\/05\\\/Inmigrantes-pieza-clave-en-la-educacio\u0301n-acade\u0301mica-durante-COVID-19.png\",\"width\":600,\"height\":338},{\"@type\":\"BreadcrumbList\",\"@id\":\"https:\\\/\\\/accesolatino.org\\\/inmigrantes-pieza-clave-en-la-educacion-academica-durante-covid-19\\\/noticias\\\/#breadcrumb\",\"itemListElement\":[{\"@type\":\"ListItem\",\"position\":1,\"name\":\"Portada\",\"item\":\"https:\\\/\\\/accesolatino.org\\\/\"},{\"@type\":\"ListItem\",\"position\":2,\"name\":\"Noticias\",\"item\":\"https:\\\/\\\/accesolatino.org\\\/category\\\/noticias\\\/\"},{\"@type\":\"ListItem\",\"position\":3,\"name\":\"Inmigrantes pieza clave en la educaci\u00f3n acad\u00e9mica durante COVID-19\"}]},{\"@type\":\"WebSite\",\"@id\":\"https:\\\/\\\/accesolatino.org\\\/#website\",\"url\":\"https:\\\/\\\/accesolatino.org\\\/\",\"name\":\"Acceso Latino | Fundaci\u00f3n Carlos Slim\",\"description\":\"Fundaci\u00f3n Carlos Slim\",\"publisher\":{\"@id\":\"https:\\\/\\\/accesolatino.org\\\/#organization\"},\"potentialAction\":[{\"@type\":\"SearchAction\",\"target\":{\"@type\":\"EntryPoint\",\"urlTemplate\":\"https:\\\/\\\/accesolatino.org\\\/?s={search_term_string}\"},\"query-input\":{\"@type\":\"PropertyValueSpecification\",\"valueRequired\":true,\"valueName\":\"search_term_string\"}}],\"inLanguage\":\"en-US\"},{\"@type\":\"Organization\",\"@id\":\"https:\\\/\\\/accesolatino.org\\\/#organization\",\"name\":\"Acceso Latino | Fundaci\u00f3n Carlos Slim\",\"url\":\"https:\\\/\\\/accesolatino.org\\\/\",\"logo\":{\"@type\":\"ImageObject\",\"inLanguage\":\"en-US\",\"@id\":\"https:\\\/\\\/accesolatino.org\\\/#\\\/schema\\\/logo\\\/image\\\/\",\"url\":\"https:\\\/\\\/accesolatino.org\\\/wp-content\\\/uploads\\\/2021\\\/02\\\/logo-footer-acceso-latino.png\",\"contentUrl\":\"https:\\\/\\\/accesolatino.org\\\/wp-content\\\/uploads\\\/2021\\\/02\\\/logo-footer-acceso-latino.png\",\"width\":240,\"height\":40,\"caption\":\"Acceso Latino | Fundaci\u00f3n Carlos Slim\"},\"image\":{\"@id\":\"https:\\\/\\\/accesolatino.org\\\/#\\\/schema\\\/logo\\\/image\\\/\"},\"sameAs\":[\"https:\\\/\\\/www.facebook.com\\\/AccesoLatinoOrg\",\"https:\\\/\\\/x.com\\\/FAccLatino\"]},{\"@type\":\"Person\",\"@id\":\"https:\\\/\\\/accesolatino.org\\\/#\\\/schema\\\/person\\\/6b654926a4e7e4709c9ad12459661666\",\"name\":\"Noticias\"}]}<\/script>\n<!-- \/ Yoast SEO plugin. -->","yoast_head_json":{"title":"Inmigrantes pieza clave en la educaci\u00f3n acad\u00e9mica durante COVID-19","description":"Desde los inicios de la pandemia las escuelas en todos sus niveles cerraron para no exponer la salud de los estudiantes, pero esto ha sido un","robots":{"index":"index","follow":"follow","max-snippet":"max-snippet:-1","max-image-preview":"max-image-preview:large","max-video-preview":"max-video-preview:-1"},"canonical":"https:\/\/accesolatino.org\/en\/inmigrantes-pieza-clave-en-la-educacion-academica-durante-covid-19\/noticias\/","og_locale":"en_US","og_type":"article","og_title":"Inmigrantes pieza clave en la educaci\u00f3n acad\u00e9mica durante COVID-19","og_description":"Desde los inicios de la pandemia las escuelas en todos sus niveles cerraron para no exponer la salud de los estudiantes, pero esto ha sido un","og_url":"https:\/\/accesolatino.org\/en\/inmigrantes-pieza-clave-en-la-educacion-academica-durante-covid-19\/noticias\/","og_site_name":"Acceso Latino","article_publisher":"https:\/\/www.facebook.com\/AccesoLatinoOrg","article_published_time":"2020-05-25T14:43:22+00:00","article_modified_time":"2025-10-26T00:33:18+00:00","og_image":[{"width":600,"height":338,"url":"https:\/\/accesolatino.org\/wp-content\/uploads\/2020\/05\/Inmigrantes-pieza-clave-en-la-educacio\u0301n-acade\u0301mica-durante-COVID-19.png","type":"image\/png"}],"author":"Noticias","twitter_card":"summary_large_image","twitter_creator":"@FAccLatino","twitter_site":"@FAccLatino","twitter_misc":{"Written by":"Noticias","Est. reading time":"2 minutes"},"schema":{"@context":"https:\/\/schema.org","@graph":[{"@type":"Article","@id":"https:\/\/accesolatino.org\/inmigrantes-pieza-clave-en-la-educacion-academica-durante-covid-19\/noticias\/#article","isPartOf":{"@id":"https:\/\/accesolatino.org\/inmigrantes-pieza-clave-en-la-educacion-academica-durante-covid-19\/noticias\/"},"author":{"name":"Noticias","@id":"https:\/\/accesolatino.org\/#\/schema\/person\/6b654926a4e7e4709c9ad12459661666"},"headline":"Inmigrantes pieza clave en la educaci\u00f3n acad\u00e9mica durante COVID-19","datePublished":"2020-05-25T14:43:22+00:00","dateModified":"2025-10-26T00:33:18+00:00","mainEntityOfPage":{"@id":"https:\/\/accesolatino.org\/inmigrantes-pieza-clave-en-la-educacion-academica-durante-covid-19\/noticias\/"},"wordCount":371,"commentCount":0,"publisher":{"@id":"https:\/\/accesolatino.org\/#organization"},"image":{"@id":"https:\/\/accesolatino.org\/inmigrantes-pieza-clave-en-la-educacion-academica-durante-covid-19\/noticias\/#primaryimage"},"thumbnailUrl":"https:\/\/accesolatino.org\/wp-content\/uploads\/2020\/05\/Inmigrantes-pieza-clave-en-la-educacio\u0301n-acade\u0301mica-durante-COVID-19.png","articleSection":["Noticias","Temas de inter\u00e9s"],"inLanguage":"en-US","potentialAction":[{"@type":"CommentAction","name":"Comment","target":["https:\/\/accesolatino.org\/inmigrantes-pieza-clave-en-la-educacion-academica-durante-covid-19\/noticias\/#respond"]}]},{"@type":"WebPage","@id":"https:\/\/accesolatino.org\/inmigrantes-pieza-clave-en-la-educacion-academica-durante-covid-19\/noticias\/","url":"https:\/\/accesolatino.org\/inmigrantes-pieza-clave-en-la-educacion-academica-durante-covid-19\/noticias\/","name":"Inmigrantes pieza clave en la educaci\u00f3n acad\u00e9mica durante COVID-19","isPartOf":{"@id":"https:\/\/accesolatino.org\/#website"},"primaryImageOfPage":{"@id":"https:\/\/accesolatino.org\/inmigrantes-pieza-clave-en-la-educacion-academica-durante-covid-19\/noticias\/#primaryimage"},"image":{"@id":"https:\/\/accesolatino.org\/inmigrantes-pieza-clave-en-la-educacion-academica-durante-covid-19\/noticias\/#primaryimage"},"thumbnailUrl":"https:\/\/accesolatino.org\/wp-content\/uploads\/2020\/05\/Inmigrantes-pieza-clave-en-la-educacio\u0301n-acade\u0301mica-durante-COVID-19.png","datePublished":"2020-05-25T14:43:22+00:00","dateModified":"2025-10-26T00:33:18+00:00","description":"Desde los inicios de la pandemia las escuelas en todos sus niveles cerraron para no exponer la salud de los estudiantes, pero esto ha sido un","breadcrumb":{"@id":"https:\/\/accesolatino.org\/inmigrantes-pieza-clave-en-la-educacion-academica-durante-covid-19\/noticias\/#breadcrumb"},"inLanguage":"en-US","potentialAction":[{"@type":"ReadAction","target":["https:\/\/accesolatino.org\/inmigrantes-pieza-clave-en-la-educacion-academica-durante-covid-19\/noticias\/"]}]},{"@type":"ImageObject","inLanguage":"en-US","@id":"https:\/\/accesolatino.org\/inmigrantes-pieza-clave-en-la-educacion-academica-durante-covid-19\/noticias\/#primaryimage","url":"https:\/\/accesolatino.org\/wp-content\/uploads\/2020\/05\/Inmigrantes-pieza-clave-en-la-educacio\u0301n-acade\u0301mica-durante-COVID-19.png","contentUrl":"https:\/\/accesolatino.org\/wp-content\/uploads\/2020\/05\/Inmigrantes-pieza-clave-en-la-educacio\u0301n-acade\u0301mica-durante-COVID-19.png","width":600,"height":338},{"@type":"BreadcrumbList","@id":"https:\/\/accesolatino.org\/inmigrantes-pieza-clave-en-la-educacion-academica-durante-covid-19\/noticias\/#breadcrumb","itemListElement":[{"@type":"ListItem","position":1,"name":"Portada","item":"https:\/\/accesolatino.org\/"},{"@type":"ListItem","position":2,"name":"Noticias","item":"https:\/\/accesolatino.org\/category\/noticias\/"},{"@type":"ListItem","position":3,"name":"Inmigrantes pieza clave en la educaci\u00f3n acad\u00e9mica durante COVID-19"}]},{"@type":"WebSite","@id":"https:\/\/accesolatino.org\/#website","url":"https:\/\/accesolatino.org\/","name":"Acceso Latino | Fundaci\u00f3n Carlos Slim","description":"Fundaci\u00f3n Carlos Slim","publisher":{"@id":"https:\/\/accesolatino.org\/#organization"},"potentialAction":[{"@type":"SearchAction","target":{"@type":"EntryPoint","urlTemplate":"https:\/\/accesolatino.org\/?s={search_term_string}"},"query-input":{"@type":"PropertyValueSpecification","valueRequired":true,"valueName":"search_term_string"}}],"inLanguage":"en-US"},{"@type":"Organization","@id":"https:\/\/accesolatino.org\/#organization","name":"Acceso Latino | Fundaci\u00f3n Carlos Slim","url":"https:\/\/accesolatino.org\/","logo":{"@type":"ImageObject","inLanguage":"en-US","@id":"https:\/\/accesolatino.org\/#\/schema\/logo\/image\/","url":"https:\/\/accesolatino.org\/wp-content\/uploads\/2021\/02\/logo-footer-acceso-latino.png","contentUrl":"https:\/\/accesolatino.org\/wp-content\/uploads\/2021\/02\/logo-footer-acceso-latino.png","width":240,"height":40,"caption":"Acceso Latino | Fundaci\u00f3n Carlos Slim"},"image":{"@id":"https:\/\/accesolatino.org\/#\/schema\/logo\/image\/"},"sameAs":["https:\/\/www.facebook.com\/AccesoLatinoOrg","https:\/\/x.com\/FAccLatino"]},{"@type":"Person","@id":"https:\/\/accesolatino.org\/#\/schema\/person\/6b654926a4e7e4709c9ad12459661666","name":"News"}]}},"_links":{"self":[{"href":"https:\/\/accesolatino.org\/en\/wp-json\/wp\/v2\/posts\/21325","targetHints":{"allow":["GET"]}}],"collection":[{"href":"https:\/\/accesolatino.org\/en\/wp-json\/wp\/v2\/posts"}],"about":[{"href":"https:\/\/accesolatino.org\/en\/wp-json\/wp\/v2\/types\/post"}],"author":[{"embeddable":true,"href":"https:\/\/accesolatino.org\/en\/wp-json\/wp\/v2\/users\/13"}],"replies":[{"embeddable":true,"href":"https:\/\/accesolatino.org\/en\/wp-json\/wp\/v2\/comments?post=21325"}],"version-history":[{"count":1,"href":"https:\/\/accesolatino.org\/en\/wp-json\/wp\/v2\/posts\/21325\/revisions"}],"predecessor-version":[{"id":65900,"href":"https:\/\/accesolatino.org\/en\/wp-json\/wp\/v2\/posts\/21325\/revisions\/65900"}],"wp:featuredmedia":[{"embeddable":true,"href":"https:\/\/accesolatino.org\/en\/wp-json\/wp\/v2\/media\/21326"}],"wp:attachment":[{"href":"https:\/\/accesolatino.org\/en\/wp-json\/wp\/v2\/media?parent=21325"}],"wp:term":[{"taxonomy":"category","embeddable":true,"href":"https:\/\/accesolatino.org\/en\/wp-json\/wp\/v2\/categories?post=21325"},{"taxonomy":"post_tag","embeddable":true,"href":"https:\/\/accesolatino.org\/en\/wp-json\/wp\/v2\/tags?post=21325"}],"curies":[{"name":"wp","href":"https:\/\/api.w.org\/{rel}","templated":true}]}}