{"id":21309,"date":"2020-05-22T18:39:13","date_gmt":"2020-05-22T23:39:13","guid":{"rendered":"https:\/\/accesolatino.org\/?p=21309"},"modified":"2025-10-25T18:33:44","modified_gmt":"2025-10-26T00:33:44","slug":"declaracion-de-apuro","status":"publish","type":"post","link":"https:\/\/accesolatino.org\/en\/declaracion-de-apuro\/noticias\/","title":{"rendered":"Declaraci\u00f3n de apuro"},"content":{"rendered":"<div data-elementor-type=\"wp-post\" data-elementor-id=\"21309\" class=\"elementor elementor-21309\">\n\t\t\t\t\t\t<section class=\"elementor-section elementor-top-section elementor-element elementor-element-e311389 elementor-section-boxed elementor-section-height-default elementor-section-height-default wpr-particle-no wpr-jarallax-no wpr-parallax-no wpr-sticky-section-no wpr-equal-height-no\" data-id=\"e311389\" data-element_type=\"section\" data-e-type=\"section\">\n\t\t\t\t\t\t<div class=\"elementor-container elementor-column-gap-default\">\n\t\t\t\t\t<div class=\"elementor-column elementor-col-100 elementor-top-column elementor-element elementor-element-978633f\" data-id=\"978633f\" data-element_type=\"column\" data-e-type=\"column\">\n\t\t\t<div class=\"elementor-widget-wrap elementor-element-populated\">\n\t\t\t\t\t\t<div class=\"elementor-element elementor-element-6f3bde3 elementor-widget elementor-widget-text-editor\" data-id=\"6f3bde3\" data-element_type=\"widget\" data-e-type=\"widget\" data-widget_type=\"text-editor.default\">\n\t\t\t\t<div class=\"elementor-widget-container\">\n\t\t\t\t\t\t\t\t\t<p>Al tiempo que la pandemia avanzaba muchos inmigrantes se fueron quedando sin empleo y su situaci\u00f3n se fue complicando m\u00e1s y tuvieron que recurrir a los bancos de alimento de Los \u00c1ngeles para llevar comida.<\/p><p>Cuando los inmigrantes se enteraron de que California dar\u00eda $500 d\u00f3lares a todos los que quedaron fuera de los apoyos econ\u00f3micos del gobierno federal y que tampoco recibieron el seguro de desempleo, llamaron a Coalition for Humane Immigrant Rights of Los Angeles (CHIRLA), una de las organizaciones comunitarias que en Los \u00c1ngeles estar\u00e1n distribuyendo el dinero del Fondo de Asistencia por Desastres para Inmigrantes (DRAI).<\/p><p>No obstante, muchos no han podido realizar el tr\u00e1mite porque sus patrones les dijeron que no le dar\u00edan ning\u00fan tipo de documento o carta de desempleo, y este es uno de los requisitos que se solicitan para recibir la ayuda.<\/p><p>Muchos indocumentados no tienen forma de demostrar que han quedado desempleados trabajo durante la crisis del COVID-19, porque sus salarios son en efectivo o porque las empresas prefieren ser an\u00f3nimas al contratar a inmigrantes ilegales.<\/p><p>Por esta raz\u00f3n, las organizaciones civiles est\u00e1n aceptando la \u201cDeclaraci\u00f3n de apuro\u201d, un documento que manifieste que se qued\u00f3 sin trabajo debido a la pandemia.<\/p><p>La declaraci\u00f3n de problemas econ\u00f3micos se llena de la siguiente forma:<\/p><p><em>A quien corresponda:<\/em><\/p><p><em>\u00bfC\u00f3mo me afect\u00f3 el coronavirus?<\/em><\/p><p>Yo, ______________, trabajaba en la empresa tal, ubicada en tal domicilio, pero qued\u00e9 desempleado en tal fecha porque la empresa cerr\u00f3 debido a la pandemia, pero no me quieren dar comprobante porque soy indocumentado y el patr\u00f3n no quiere que se sepa que contratan a inmigrantes sin papeles. Desde entonces he estado en apuros econ\u00f3micos para el pago de la renta y las facturas de luz, agua y tel\u00e9fono.<\/p><p>_________________<\/p><p>Firma del solicitante.<\/p><p>Los tres requisitos para solicitar la ayuda son:<\/p><ul><li>Identificaci\u00f3n con fotograf\u00eda.<\/li><li>Comprobante de domicilio.<\/li><li>Carta de desempleo o declaraci\u00f3n de apuro econ\u00f3mico.<\/li><\/ul><p>Una vez hecha la declaraci\u00f3n que puede ser hecha mano, se aconseja ponerla junto a la identificaci\u00f3n y un comprobante de servicios que sirva como comprobante el domicilio, y tomarles una foto a los tres documentos juntos y enviarla como se te indique en la llamada telef\u00f3nica.<\/p><p>Fuente: <em>La Opini\u00f3n<\/em><\/p>\t\t\t\t\t\t\t\t<\/div>\n\t\t\t\t<\/div>\n\t\t\t\t\t<\/div>\n\t\t<\/div>\n\t\t\t\t\t<\/div>\n\t\t<\/section>\n\t\t\t\t<\/div>","protected":false},"excerpt":{"rendered":"<p>Al tiempo que la pandemia avanzaba muchos inmigrantes se fueron quedando sin empleo y su situaci\u00f3n se fue complicando m\u00e1s y tuvieron que recurrir a los bancos de alimento de Los \u00c1ngeles para llevar comida. Cuando los inmigrantes se enteraron de que California dar\u00eda $500 d\u00f3lares a todos los que quedaron fuera de los apoyos econ\u00f3micos del gobierno federal y que tampoco recibieron el seguro de desempleo, llamaron a Coalition for Humane Immigrant Rights of Los Angeles (CHIRLA), una de las organizaciones comunitarias que en Los \u00c1ngeles estar\u00e1n distribuyendo el dinero del Fondo de Asistencia por Desastres para Inmigrantes (DRAI). No obstante, muchos no han podido realizar el tr\u00e1mite porque sus patrones les dijeron que no le dar\u00edan ning\u00fan tipo de documento o carta de desempleo, y este es uno de los requisitos que se solicitan para recibir la ayuda. Muchos indocumentados no tienen forma de demostrar que han quedado desempleados trabajo durante la crisis del COVID-19, porque sus salarios son en efectivo o porque las empresas prefieren ser an\u00f3nimas al contratar a inmigrantes ilegales. Por esta raz\u00f3n, las organizaciones civiles est\u00e1n aceptando la \u201cDeclaraci\u00f3n de apuro\u201d, un documento que manifieste que se qued\u00f3 sin trabajo debido a la pandemia. La declaraci\u00f3n de problemas econ\u00f3micos se llena de la siguiente forma: A quien corresponda: \u00bfC\u00f3mo me afect\u00f3 el coronavirus? Yo, ______________, trabajaba en la empresa tal, ubicada en tal domicilio, pero qued\u00e9 desempleado en tal fecha porque la empresa cerr\u00f3 debido a la pandemia, pero no me quieren dar comprobante porque soy indocumentado y el patr\u00f3n no quiere que se sepa que contratan a inmigrantes sin papeles. Desde entonces he estado en apuros econ\u00f3micos para el pago de la renta y las facturas de luz, agua y tel\u00e9fono. _________________ Firma del solicitante. Los tres requisitos para solicitar la ayuda son: Identificaci\u00f3n con fotograf\u00eda. Comprobante de domicilio. Carta de desempleo o declaraci\u00f3n de apuro econ\u00f3mico. Una vez hecha la declaraci\u00f3n que puede ser hecha mano, se aconseja ponerla junto a la identificaci\u00f3n y un comprobante de servicios que sirva como comprobante el domicilio, y tomarles una foto a los tres documentos juntos y enviarla como se te indique en la llamada telef\u00f3nica. Fuente: La Opini\u00f3n<\/p>","protected":false},"author":13,"featured_media":21310,"comment_status":"open","ping_status":"open","sticky":false,"template":"elementor_header_footer","format":"standard","meta":{"_uf_show_specific_survey":0,"_uf_disable_surveys":false,"footnotes":""},"categories":[10,1],"tags":[],"class_list":["post-21309","post","type-post","status-publish","format-standard","has-post-thumbnail","hentry","category-noticias","category-temas-de-interes"],"aioseo_notices":[],"yoast_head":"<!-- This site is optimized with the Yoast SEO plugin v27.4 - https:\/\/yoast.com\/product\/yoast-seo-wordpress\/ -->\n<title>Declaraci\u00f3n de apuro<\/title>\n<meta name=\"description\" content=\"Al tiempo que la pandemia avanzaba muchos inmigrantes se fueron quedando sin empleo y su situaci\u00f3n se fue complicando m\u00e1s y tuvieron que recurrir...\" \/>\n<meta name=\"robots\" content=\"index, follow, max-snippet:-1, max-image-preview:large, max-video-preview:-1\" \/>\n<link rel=\"canonical\" href=\"https:\/\/accesolatino.org\/en\/declaracion-de-apuro\/noticias\/\" \/>\n<meta property=\"og:locale\" content=\"en_US\" \/>\n<meta property=\"og:type\" content=\"article\" \/>\n<meta property=\"og:title\" content=\"Declaraci\u00f3n de apuro\" \/>\n<meta property=\"og:description\" content=\"Al tiempo que la pandemia avanzaba muchos inmigrantes se fueron quedando sin empleo y su situaci\u00f3n se fue complicando m\u00e1s y tuvieron que recurrir...\" \/>\n<meta property=\"og:url\" content=\"https:\/\/accesolatino.org\/en\/declaracion-de-apuro\/noticias\/\" \/>\n<meta property=\"og:site_name\" content=\"Acceso Latino\" \/>\n<meta property=\"article:publisher\" content=\"https:\/\/www.facebook.com\/AccesoLatinoOrg\" \/>\n<meta property=\"article:published_time\" content=\"2020-05-22T23:39:13+00:00\" \/>\n<meta property=\"article:modified_time\" content=\"2025-10-26T00:33:44+00:00\" \/>\n<meta property=\"og:image\" content=\"https:\/\/accesolatino.org\/wp-content\/uploads\/2020\/05\/Declaracio\u0301n-de-apuro.jpg\" \/>\n\t<meta property=\"og:image:width\" content=\"600\" \/>\n\t<meta property=\"og:image:height\" content=\"338\" \/>\n\t<meta property=\"og:image:type\" content=\"image\/jpeg\" \/>\n<meta name=\"author\" content=\"Noticias\" \/>\n<meta name=\"twitter:card\" content=\"summary_large_image\" \/>\n<meta name=\"twitter:creator\" content=\"@FAccLatino\" \/>\n<meta name=\"twitter:site\" content=\"@FAccLatino\" \/>\n<meta name=\"twitter:label1\" content=\"Written by\" \/>\n\t<meta name=\"twitter:data1\" content=\"Noticias\" \/>\n\t<meta name=\"twitter:label2\" content=\"Est. reading time\" \/>\n\t<meta name=\"twitter:data2\" content=\"2 minutes\" \/>\n<script type=\"application\/ld+json\" class=\"yoast-schema-graph\">{\"@context\":\"https:\\\/\\\/schema.org\",\"@graph\":[{\"@type\":\"Article\",\"@id\":\"https:\\\/\\\/accesolatino.org\\\/declaracion-de-apuro\\\/noticias\\\/#article\",\"isPartOf\":{\"@id\":\"https:\\\/\\\/accesolatino.org\\\/declaracion-de-apuro\\\/noticias\\\/\"},\"author\":{\"name\":\"Noticias\",\"@id\":\"https:\\\/\\\/accesolatino.org\\\/#\\\/schema\\\/person\\\/6b654926a4e7e4709c9ad12459661666\"},\"headline\":\"Declaraci\u00f3n de apuro\",\"datePublished\":\"2020-05-22T23:39:13+00:00\",\"dateModified\":\"2025-10-26T00:33:44+00:00\",\"mainEntityOfPage\":{\"@id\":\"https:\\\/\\\/accesolatino.org\\\/declaracion-de-apuro\\\/noticias\\\/\"},\"wordCount\":392,\"commentCount\":0,\"publisher\":{\"@id\":\"https:\\\/\\\/accesolatino.org\\\/#organization\"},\"image\":{\"@id\":\"https:\\\/\\\/accesolatino.org\\\/declaracion-de-apuro\\\/noticias\\\/#primaryimage\"},\"thumbnailUrl\":\"https:\\\/\\\/accesolatino.org\\\/wp-content\\\/uploads\\\/2020\\\/05\\\/Declaracio\u0301n-de-apuro.jpg\",\"articleSection\":[\"Noticias\",\"Temas de inter\u00e9s\"],\"inLanguage\":\"en-US\",\"potentialAction\":[{\"@type\":\"CommentAction\",\"name\":\"Comment\",\"target\":[\"https:\\\/\\\/accesolatino.org\\\/declaracion-de-apuro\\\/noticias\\\/#respond\"]}]},{\"@type\":\"WebPage\",\"@id\":\"https:\\\/\\\/accesolatino.org\\\/declaracion-de-apuro\\\/noticias\\\/\",\"url\":\"https:\\\/\\\/accesolatino.org\\\/declaracion-de-apuro\\\/noticias\\\/\",\"name\":\"Declaraci\u00f3n de apuro\",\"isPartOf\":{\"@id\":\"https:\\\/\\\/accesolatino.org\\\/#website\"},\"primaryImageOfPage\":{\"@id\":\"https:\\\/\\\/accesolatino.org\\\/declaracion-de-apuro\\\/noticias\\\/#primaryimage\"},\"image\":{\"@id\":\"https:\\\/\\\/accesolatino.org\\\/declaracion-de-apuro\\\/noticias\\\/#primaryimage\"},\"thumbnailUrl\":\"https:\\\/\\\/accesolatino.org\\\/wp-content\\\/uploads\\\/2020\\\/05\\\/Declaracio\u0301n-de-apuro.jpg\",\"datePublished\":\"2020-05-22T23:39:13+00:00\",\"dateModified\":\"2025-10-26T00:33:44+00:00\",\"description\":\"Al tiempo que la pandemia avanzaba muchos inmigrantes se fueron quedando sin empleo y su situaci\u00f3n se fue complicando m\u00e1s y tuvieron que recurrir...\",\"breadcrumb\":{\"@id\":\"https:\\\/\\\/accesolatino.org\\\/declaracion-de-apuro\\\/noticias\\\/#breadcrumb\"},\"inLanguage\":\"en-US\",\"potentialAction\":[{\"@type\":\"ReadAction\",\"target\":[\"https:\\\/\\\/accesolatino.org\\\/declaracion-de-apuro\\\/noticias\\\/\"]}]},{\"@type\":\"ImageObject\",\"inLanguage\":\"en-US\",\"@id\":\"https:\\\/\\\/accesolatino.org\\\/declaracion-de-apuro\\\/noticias\\\/#primaryimage\",\"url\":\"https:\\\/\\\/accesolatino.org\\\/wp-content\\\/uploads\\\/2020\\\/05\\\/Declaracio\u0301n-de-apuro.jpg\",\"contentUrl\":\"https:\\\/\\\/accesolatino.org\\\/wp-content\\\/uploads\\\/2020\\\/05\\\/Declaracio\u0301n-de-apuro.jpg\",\"width\":600,\"height\":338},{\"@type\":\"BreadcrumbList\",\"@id\":\"https:\\\/\\\/accesolatino.org\\\/declaracion-de-apuro\\\/noticias\\\/#breadcrumb\",\"itemListElement\":[{\"@type\":\"ListItem\",\"position\":1,\"name\":\"Portada\",\"item\":\"https:\\\/\\\/accesolatino.org\\\/\"},{\"@type\":\"ListItem\",\"position\":2,\"name\":\"Noticias\",\"item\":\"https:\\\/\\\/accesolatino.org\\\/category\\\/noticias\\\/\"},{\"@type\":\"ListItem\",\"position\":3,\"name\":\"Declaraci\u00f3n de apuro\"}]},{\"@type\":\"WebSite\",\"@id\":\"https:\\\/\\\/accesolatino.org\\\/#website\",\"url\":\"https:\\\/\\\/accesolatino.org\\\/\",\"name\":\"Acceso Latino | Fundaci\u00f3n Carlos Slim\",\"description\":\"Fundaci\u00f3n Carlos Slim\",\"publisher\":{\"@id\":\"https:\\\/\\\/accesolatino.org\\\/#organization\"},\"potentialAction\":[{\"@type\":\"SearchAction\",\"target\":{\"@type\":\"EntryPoint\",\"urlTemplate\":\"https:\\\/\\\/accesolatino.org\\\/?s={search_term_string}\"},\"query-input\":{\"@type\":\"PropertyValueSpecification\",\"valueRequired\":true,\"valueName\":\"search_term_string\"}}],\"inLanguage\":\"en-US\"},{\"@type\":\"Organization\",\"@id\":\"https:\\\/\\\/accesolatino.org\\\/#organization\",\"name\":\"Acceso Latino | Fundaci\u00f3n Carlos Slim\",\"url\":\"https:\\\/\\\/accesolatino.org\\\/\",\"logo\":{\"@type\":\"ImageObject\",\"inLanguage\":\"en-US\",\"@id\":\"https:\\\/\\\/accesolatino.org\\\/#\\\/schema\\\/logo\\\/image\\\/\",\"url\":\"https:\\\/\\\/accesolatino.org\\\/wp-content\\\/uploads\\\/2021\\\/02\\\/logo-footer-acceso-latino.png\",\"contentUrl\":\"https:\\\/\\\/accesolatino.org\\\/wp-content\\\/uploads\\\/2021\\\/02\\\/logo-footer-acceso-latino.png\",\"width\":240,\"height\":40,\"caption\":\"Acceso Latino | Fundaci\u00f3n Carlos Slim\"},\"image\":{\"@id\":\"https:\\\/\\\/accesolatino.org\\\/#\\\/schema\\\/logo\\\/image\\\/\"},\"sameAs\":[\"https:\\\/\\\/www.facebook.com\\\/AccesoLatinoOrg\",\"https:\\\/\\\/x.com\\\/FAccLatino\"]},{\"@type\":\"Person\",\"@id\":\"https:\\\/\\\/accesolatino.org\\\/#\\\/schema\\\/person\\\/6b654926a4e7e4709c9ad12459661666\",\"name\":\"Noticias\"}]}<\/script>\n<!-- \/ Yoast SEO plugin. -->","yoast_head_json":{"title":"Declaraci\u00f3n de apuro","description":"Al tiempo que la pandemia avanzaba muchos inmigrantes se fueron quedando sin empleo y su situaci\u00f3n se fue complicando m\u00e1s y tuvieron que recurrir...","robots":{"index":"index","follow":"follow","max-snippet":"max-snippet:-1","max-image-preview":"max-image-preview:large","max-video-preview":"max-video-preview:-1"},"canonical":"https:\/\/accesolatino.org\/en\/declaracion-de-apuro\/noticias\/","og_locale":"en_US","og_type":"article","og_title":"Declaraci\u00f3n de apuro","og_description":"Al tiempo que la pandemia avanzaba muchos inmigrantes se fueron quedando sin empleo y su situaci\u00f3n se fue complicando m\u00e1s y tuvieron que recurrir...","og_url":"https:\/\/accesolatino.org\/en\/declaracion-de-apuro\/noticias\/","og_site_name":"Acceso Latino","article_publisher":"https:\/\/www.facebook.com\/AccesoLatinoOrg","article_published_time":"2020-05-22T23:39:13+00:00","article_modified_time":"2025-10-26T00:33:44+00:00","og_image":[{"width":600,"height":338,"url":"https:\/\/accesolatino.org\/wp-content\/uploads\/2020\/05\/Declaracio\u0301n-de-apuro.jpg","type":"image\/jpeg"}],"author":"Noticias","twitter_card":"summary_large_image","twitter_creator":"@FAccLatino","twitter_site":"@FAccLatino","twitter_misc":{"Written by":"Noticias","Est. reading time":"2 minutes"},"schema":{"@context":"https:\/\/schema.org","@graph":[{"@type":"Article","@id":"https:\/\/accesolatino.org\/declaracion-de-apuro\/noticias\/#article","isPartOf":{"@id":"https:\/\/accesolatino.org\/declaracion-de-apuro\/noticias\/"},"author":{"name":"Noticias","@id":"https:\/\/accesolatino.org\/#\/schema\/person\/6b654926a4e7e4709c9ad12459661666"},"headline":"Declaraci\u00f3n de apuro","datePublished":"2020-05-22T23:39:13+00:00","dateModified":"2025-10-26T00:33:44+00:00","mainEntityOfPage":{"@id":"https:\/\/accesolatino.org\/declaracion-de-apuro\/noticias\/"},"wordCount":392,"commentCount":0,"publisher":{"@id":"https:\/\/accesolatino.org\/#organization"},"image":{"@id":"https:\/\/accesolatino.org\/declaracion-de-apuro\/noticias\/#primaryimage"},"thumbnailUrl":"https:\/\/accesolatino.org\/wp-content\/uploads\/2020\/05\/Declaracio\u0301n-de-apuro.jpg","articleSection":["Noticias","Temas de inter\u00e9s"],"inLanguage":"en-US","potentialAction":[{"@type":"CommentAction","name":"Comment","target":["https:\/\/accesolatino.org\/declaracion-de-apuro\/noticias\/#respond"]}]},{"@type":"WebPage","@id":"https:\/\/accesolatino.org\/declaracion-de-apuro\/noticias\/","url":"https:\/\/accesolatino.org\/declaracion-de-apuro\/noticias\/","name":"Declaraci\u00f3n de apuro","isPartOf":{"@id":"https:\/\/accesolatino.org\/#website"},"primaryImageOfPage":{"@id":"https:\/\/accesolatino.org\/declaracion-de-apuro\/noticias\/#primaryimage"},"image":{"@id":"https:\/\/accesolatino.org\/declaracion-de-apuro\/noticias\/#primaryimage"},"thumbnailUrl":"https:\/\/accesolatino.org\/wp-content\/uploads\/2020\/05\/Declaracio\u0301n-de-apuro.jpg","datePublished":"2020-05-22T23:39:13+00:00","dateModified":"2025-10-26T00:33:44+00:00","description":"Al tiempo que la pandemia avanzaba muchos inmigrantes se fueron quedando sin empleo y su situaci\u00f3n se fue complicando m\u00e1s y tuvieron que recurrir...","breadcrumb":{"@id":"https:\/\/accesolatino.org\/declaracion-de-apuro\/noticias\/#breadcrumb"},"inLanguage":"en-US","potentialAction":[{"@type":"ReadAction","target":["https:\/\/accesolatino.org\/declaracion-de-apuro\/noticias\/"]}]},{"@type":"ImageObject","inLanguage":"en-US","@id":"https:\/\/accesolatino.org\/declaracion-de-apuro\/noticias\/#primaryimage","url":"https:\/\/accesolatino.org\/wp-content\/uploads\/2020\/05\/Declaracio\u0301n-de-apuro.jpg","contentUrl":"https:\/\/accesolatino.org\/wp-content\/uploads\/2020\/05\/Declaracio\u0301n-de-apuro.jpg","width":600,"height":338},{"@type":"BreadcrumbList","@id":"https:\/\/accesolatino.org\/declaracion-de-apuro\/noticias\/#breadcrumb","itemListElement":[{"@type":"ListItem","position":1,"name":"Portada","item":"https:\/\/accesolatino.org\/"},{"@type":"ListItem","position":2,"name":"Noticias","item":"https:\/\/accesolatino.org\/category\/noticias\/"},{"@type":"ListItem","position":3,"name":"Declaraci\u00f3n de apuro"}]},{"@type":"WebSite","@id":"https:\/\/accesolatino.org\/#website","url":"https:\/\/accesolatino.org\/","name":"Acceso Latino | Fundaci\u00f3n Carlos Slim","description":"Fundaci\u00f3n Carlos Slim","publisher":{"@id":"https:\/\/accesolatino.org\/#organization"},"potentialAction":[{"@type":"SearchAction","target":{"@type":"EntryPoint","urlTemplate":"https:\/\/accesolatino.org\/?s={search_term_string}"},"query-input":{"@type":"PropertyValueSpecification","valueRequired":true,"valueName":"search_term_string"}}],"inLanguage":"en-US"},{"@type":"Organization","@id":"https:\/\/accesolatino.org\/#organization","name":"Acceso Latino | Fundaci\u00f3n Carlos Slim","url":"https:\/\/accesolatino.org\/","logo":{"@type":"ImageObject","inLanguage":"en-US","@id":"https:\/\/accesolatino.org\/#\/schema\/logo\/image\/","url":"https:\/\/accesolatino.org\/wp-content\/uploads\/2021\/02\/logo-footer-acceso-latino.png","contentUrl":"https:\/\/accesolatino.org\/wp-content\/uploads\/2021\/02\/logo-footer-acceso-latino.png","width":240,"height":40,"caption":"Acceso Latino | Fundaci\u00f3n Carlos Slim"},"image":{"@id":"https:\/\/accesolatino.org\/#\/schema\/logo\/image\/"},"sameAs":["https:\/\/www.facebook.com\/AccesoLatinoOrg","https:\/\/x.com\/FAccLatino"]},{"@type":"Person","@id":"https:\/\/accesolatino.org\/#\/schema\/person\/6b654926a4e7e4709c9ad12459661666","name":"News"}]}},"_links":{"self":[{"href":"https:\/\/accesolatino.org\/en\/wp-json\/wp\/v2\/posts\/21309","targetHints":{"allow":["GET"]}}],"collection":[{"href":"https:\/\/accesolatino.org\/en\/wp-json\/wp\/v2\/posts"}],"about":[{"href":"https:\/\/accesolatino.org\/en\/wp-json\/wp\/v2\/types\/post"}],"author":[{"embeddable":true,"href":"https:\/\/accesolatino.org\/en\/wp-json\/wp\/v2\/users\/13"}],"replies":[{"embeddable":true,"href":"https:\/\/accesolatino.org\/en\/wp-json\/wp\/v2\/comments?post=21309"}],"version-history":[{"count":1,"href":"https:\/\/accesolatino.org\/en\/wp-json\/wp\/v2\/posts\/21309\/revisions"}],"predecessor-version":[{"id":65903,"href":"https:\/\/accesolatino.org\/en\/wp-json\/wp\/v2\/posts\/21309\/revisions\/65903"}],"wp:featuredmedia":[{"embeddable":true,"href":"https:\/\/accesolatino.org\/en\/wp-json\/wp\/v2\/media\/21310"}],"wp:attachment":[{"href":"https:\/\/accesolatino.org\/en\/wp-json\/wp\/v2\/media?parent=21309"}],"wp:term":[{"taxonomy":"category","embeddable":true,"href":"https:\/\/accesolatino.org\/en\/wp-json\/wp\/v2\/categories?post=21309"},{"taxonomy":"post_tag","embeddable":true,"href":"https:\/\/accesolatino.org\/en\/wp-json\/wp\/v2\/tags?post=21309"}],"curies":[{"name":"wp","href":"https:\/\/api.w.org\/{rel}","templated":true}]}}