{"id":21298,"date":"2020-05-21T11:40:34","date_gmt":"2020-05-21T16:40:34","guid":{"rendered":"https:\/\/accesolatino.org\/?p=21298"},"modified":"2025-10-25T18:33:54","modified_gmt":"2025-10-26T00:33:54","slug":"medidas-para-regresar-a-la-vida-normal","status":"publish","type":"post","link":"https:\/\/accesolatino.org\/en\/medidas-para-regresar-a-la-vida-normal\/noticias\/","title":{"rendered":"Medidas para regresar a la vida normal"},"content":{"rendered":"<div data-elementor-type=\"wp-post\" data-elementor-id=\"21298\" class=\"elementor elementor-21298\">\n\t\t\t\t\t\t<section class=\"elementor-section elementor-top-section elementor-element elementor-element-e311389 elementor-section-boxed elementor-section-height-default elementor-section-height-default wpr-particle-no wpr-jarallax-no wpr-parallax-no wpr-sticky-section-no wpr-equal-height-no\" data-id=\"e311389\" data-element_type=\"section\" data-e-type=\"section\">\n\t\t\t\t\t\t<div class=\"elementor-container elementor-column-gap-default\">\n\t\t\t\t\t<div class=\"elementor-column elementor-col-100 elementor-top-column elementor-element elementor-element-978633f\" data-id=\"978633f\" data-element_type=\"column\" data-e-type=\"column\">\n\t\t\t<div class=\"elementor-widget-wrap elementor-element-populated\">\n\t\t\t\t\t\t<div class=\"elementor-element elementor-element-6f3bde3 elementor-widget elementor-widget-text-editor\" data-id=\"6f3bde3\" data-element_type=\"widget\" data-e-type=\"widget\" data-widget_type=\"text-editor.default\">\n\t\t\t\t<div class=\"elementor-widget-container\">\n\t\t\t\t\t\t\t\t\t<p>Todo parece que regresa a la normalidad, y volvemos a nuestra vida cotidiana, pero no significa que tenemos que relajarnos con los cuidados para evitar contagiarnos ya que el virus sigue estando presente.<\/p><p>Todo el mundo est\u00e1 esperando salir de nuevo, ver a sus amigos, regresar a la oficina, hacer ejercicio o ir a restaurante, pero todo esto tendr\u00e1 que ser de forma ordenada y paulatina, para evitar contagios y se saturen los sistemas de salud.<\/p><p>Todo regreso tiene que ser de acuerdo con las normas de cada pa\u00eds y como est\u00e9 concentrada la enfermedad y los mecanismos de prevenci\u00f3n, as\u00ed como preparar hospitales, cl\u00ednicas y dem\u00e1s establecimientos de salud para cualquier brote emergente.<\/p><p>Este paso debe ser de forma consciente de todas las personas y de las empresas, que el coronavirus no se propague m\u00e1s y esto depende de que todos nos cuidemos y no salgamos de casa de forma indiscriminada y sigamos respetando la sana distancia.<\/p><p>Aparte de las medidas que todos conocemos como el distanciamiento, uso de tapabocas; lavarse las manos constantemente con agua y jab\u00f3n durante 30 segundos; as\u00ed como usar alcohol al 70% y la desinsectaci\u00f3n de todo lo que tocamos en casa y trabajo.<\/p><p>Los expertos recomiendan lo siguiente para asegurar de mejor forma nuestra salud:<\/p><ul><li>Evita tocar con la mano que m\u00e1s usas superficies p\u00fablicas o comunes como perillas, barandales y buscar lavarte las manos, de no ser posible, usa alcohol.<\/li><li>Desinfecta y\/o qu\u00edtate los zapatos al llegar a tu casa.<\/li><li>Al llegar a tu casa lava bien tus manos con agua y con bastante jab\u00f3n, c\u00e1mbiate de ropa y de ser posible b\u00e1\u00f1ate.<\/li><li>Desinfecta con alcohol los objetos que m\u00e1s uses, como llaves, cartera y celular.<\/li><\/ul><p>En tiempo de coronavirus <a href=\"https:\/\/www.clikisalud.net\/\">clikisalud.net<\/a> te informa.<\/p>\t\t\t\t\t\t\t\t<\/div>\n\t\t\t\t<\/div>\n\t\t\t\t\t<\/div>\n\t\t<\/div>\n\t\t\t\t\t<\/div>\n\t\t<\/section>\n\t\t\t\t<\/div>","protected":false},"excerpt":{"rendered":"<p>Todo parece que regresa a la normalidad, y volvemos a nuestra vida cotidiana, pero no significa que tenemos que relajarnos con los cuidados para evitar contagiarnos ya que el virus sigue estando presente. Todo el mundo est\u00e1 esperando salir de nuevo, ver a sus amigos, regresar a la oficina, hacer ejercicio o ir a restaurante, pero todo esto tendr\u00e1 que ser de forma ordenada y paulatina, para evitar contagios y se saturen los sistemas de salud. Todo regreso tiene que ser de acuerdo con las normas de cada pa\u00eds y como est\u00e9 concentrada la enfermedad y los mecanismos de prevenci\u00f3n, as\u00ed como preparar hospitales, cl\u00ednicas y dem\u00e1s establecimientos de salud para cualquier brote emergente. Este paso debe ser de forma consciente de todas las personas y de las empresas, que el coronavirus no se propague m\u00e1s y esto depende de que todos nos cuidemos y no salgamos de casa de forma indiscriminada y sigamos respetando la sana distancia. Aparte de las medidas que todos conocemos como el distanciamiento, uso de tapabocas; lavarse las manos constantemente con agua y jab\u00f3n durante 30 segundos; as\u00ed como usar alcohol al 70% y la desinsectaci\u00f3n de todo lo que tocamos en casa y trabajo. Los expertos recomiendan lo siguiente para asegurar de mejor forma nuestra salud: Evita tocar con la mano que m\u00e1s usas superficies p\u00fablicas o comunes como perillas, barandales y buscar lavarte las manos, de no ser posible, usa alcohol. Desinfecta y\/o qu\u00edtate los zapatos al llegar a tu casa. Al llegar a tu casa lava bien tus manos con agua y con bastante jab\u00f3n, c\u00e1mbiate de ropa y de ser posible b\u00e1\u00f1ate. Desinfecta con alcohol los objetos que m\u00e1s uses, como llaves, cartera y celular. En tiempo de coronavirus clikisalud.net te informa.<\/p>","protected":false},"author":13,"featured_media":21301,"comment_status":"open","ping_status":"open","sticky":false,"template":"elementor_header_footer","format":"standard","meta":{"_uf_show_specific_survey":0,"_uf_disable_surveys":false,"footnotes":""},"categories":[10,1],"tags":[],"class_list":["post-21298","post","type-post","status-publish","format-standard","has-post-thumbnail","hentry","category-noticias","category-temas-de-interes"],"aioseo_notices":[],"yoast_head":"<!-- This site is optimized with the Yoast SEO plugin v27.4 - https:\/\/yoast.com\/product\/yoast-seo-wordpress\/ -->\n<title>Medidas para regresar a la vida normal<\/title>\n<meta name=\"description\" content=\"Todo parece que regresa a la normalidad, y volvemos a nuestra vida cotidiana, pero no significa que tenemos que relajarnos con los cuidados para\" \/>\n<meta name=\"robots\" content=\"index, follow, max-snippet:-1, max-image-preview:large, max-video-preview:-1\" \/>\n<link rel=\"canonical\" href=\"https:\/\/accesolatino.org\/en\/medidas-para-regresar-a-la-vida-normal\/noticias\/\" \/>\n<meta property=\"og:locale\" content=\"en_US\" \/>\n<meta property=\"og:type\" content=\"article\" \/>\n<meta property=\"og:title\" content=\"Medidas para regresar a la vida normal\" \/>\n<meta property=\"og:description\" content=\"Todo parece que regresa a la normalidad, y volvemos a nuestra vida cotidiana, pero no significa que tenemos que relajarnos con los cuidados para\" \/>\n<meta property=\"og:url\" content=\"https:\/\/accesolatino.org\/en\/medidas-para-regresar-a-la-vida-normal\/noticias\/\" \/>\n<meta property=\"og:site_name\" content=\"Acceso Latino\" \/>\n<meta property=\"article:publisher\" content=\"https:\/\/www.facebook.com\/AccesoLatinoOrg\" \/>\n<meta property=\"article:published_time\" content=\"2020-05-21T16:40:34+00:00\" \/>\n<meta property=\"article:modified_time\" content=\"2025-10-26T00:33:54+00:00\" \/>\n<meta property=\"og:image\" content=\"https:\/\/accesolatino.org\/wp-content\/uploads\/2020\/05\/Medidas-para-regresar-a-la-vida-normal.png\" \/>\n\t<meta property=\"og:image:width\" content=\"600\" \/>\n\t<meta property=\"og:image:height\" content=\"338\" \/>\n\t<meta property=\"og:image:type\" content=\"image\/png\" \/>\n<meta name=\"author\" content=\"Noticias\" \/>\n<meta name=\"twitter:card\" content=\"summary_large_image\" \/>\n<meta name=\"twitter:creator\" content=\"@FAccLatino\" \/>\n<meta name=\"twitter:site\" content=\"@FAccLatino\" \/>\n<meta name=\"twitter:label1\" content=\"Written by\" \/>\n\t<meta name=\"twitter:data1\" content=\"Noticias\" \/>\n\t<meta name=\"twitter:label2\" content=\"Est. reading time\" \/>\n\t<meta name=\"twitter:data2\" content=\"2 minutes\" \/>\n<script type=\"application\/ld+json\" class=\"yoast-schema-graph\">{\"@context\":\"https:\\\/\\\/schema.org\",\"@graph\":[{\"@type\":\"Article\",\"@id\":\"https:\\\/\\\/accesolatino.org\\\/medidas-para-regresar-a-la-vida-normal\\\/noticias\\\/#article\",\"isPartOf\":{\"@id\":\"https:\\\/\\\/accesolatino.org\\\/medidas-para-regresar-a-la-vida-normal\\\/noticias\\\/\"},\"author\":{\"name\":\"Noticias\",\"@id\":\"https:\\\/\\\/accesolatino.org\\\/#\\\/schema\\\/person\\\/6b654926a4e7e4709c9ad12459661666\"},\"headline\":\"Medidas para regresar a la vida normal\",\"datePublished\":\"2020-05-21T16:40:34+00:00\",\"dateModified\":\"2025-10-26T00:33:54+00:00\",\"mainEntityOfPage\":{\"@id\":\"https:\\\/\\\/accesolatino.org\\\/medidas-para-regresar-a-la-vida-normal\\\/noticias\\\/\"},\"wordCount\":312,\"commentCount\":0,\"publisher\":{\"@id\":\"https:\\\/\\\/accesolatino.org\\\/#organization\"},\"image\":{\"@id\":\"https:\\\/\\\/accesolatino.org\\\/medidas-para-regresar-a-la-vida-normal\\\/noticias\\\/#primaryimage\"},\"thumbnailUrl\":\"https:\\\/\\\/accesolatino.org\\\/wp-content\\\/uploads\\\/2020\\\/05\\\/Medidas-para-regresar-a-la-vida-normal.png\",\"articleSection\":[\"Noticias\",\"Temas de inter\u00e9s\"],\"inLanguage\":\"en-US\",\"potentialAction\":[{\"@type\":\"CommentAction\",\"name\":\"Comment\",\"target\":[\"https:\\\/\\\/accesolatino.org\\\/medidas-para-regresar-a-la-vida-normal\\\/noticias\\\/#respond\"]}]},{\"@type\":\"WebPage\",\"@id\":\"https:\\\/\\\/accesolatino.org\\\/medidas-para-regresar-a-la-vida-normal\\\/noticias\\\/\",\"url\":\"https:\\\/\\\/accesolatino.org\\\/medidas-para-regresar-a-la-vida-normal\\\/noticias\\\/\",\"name\":\"Medidas para regresar a la vida normal\",\"isPartOf\":{\"@id\":\"https:\\\/\\\/accesolatino.org\\\/#website\"},\"primaryImageOfPage\":{\"@id\":\"https:\\\/\\\/accesolatino.org\\\/medidas-para-regresar-a-la-vida-normal\\\/noticias\\\/#primaryimage\"},\"image\":{\"@id\":\"https:\\\/\\\/accesolatino.org\\\/medidas-para-regresar-a-la-vida-normal\\\/noticias\\\/#primaryimage\"},\"thumbnailUrl\":\"https:\\\/\\\/accesolatino.org\\\/wp-content\\\/uploads\\\/2020\\\/05\\\/Medidas-para-regresar-a-la-vida-normal.png\",\"datePublished\":\"2020-05-21T16:40:34+00:00\",\"dateModified\":\"2025-10-26T00:33:54+00:00\",\"description\":\"Todo parece que regresa a la normalidad, y volvemos a nuestra vida cotidiana, pero no significa que tenemos que relajarnos con los cuidados para\",\"breadcrumb\":{\"@id\":\"https:\\\/\\\/accesolatino.org\\\/medidas-para-regresar-a-la-vida-normal\\\/noticias\\\/#breadcrumb\"},\"inLanguage\":\"en-US\",\"potentialAction\":[{\"@type\":\"ReadAction\",\"target\":[\"https:\\\/\\\/accesolatino.org\\\/medidas-para-regresar-a-la-vida-normal\\\/noticias\\\/\"]}]},{\"@type\":\"ImageObject\",\"inLanguage\":\"en-US\",\"@id\":\"https:\\\/\\\/accesolatino.org\\\/medidas-para-regresar-a-la-vida-normal\\\/noticias\\\/#primaryimage\",\"url\":\"https:\\\/\\\/accesolatino.org\\\/wp-content\\\/uploads\\\/2020\\\/05\\\/Medidas-para-regresar-a-la-vida-normal.png\",\"contentUrl\":\"https:\\\/\\\/accesolatino.org\\\/wp-content\\\/uploads\\\/2020\\\/05\\\/Medidas-para-regresar-a-la-vida-normal.png\",\"width\":600,\"height\":338},{\"@type\":\"BreadcrumbList\",\"@id\":\"https:\\\/\\\/accesolatino.org\\\/medidas-para-regresar-a-la-vida-normal\\\/noticias\\\/#breadcrumb\",\"itemListElement\":[{\"@type\":\"ListItem\",\"position\":1,\"name\":\"Portada\",\"item\":\"https:\\\/\\\/accesolatino.org\\\/\"},{\"@type\":\"ListItem\",\"position\":2,\"name\":\"Noticias\",\"item\":\"https:\\\/\\\/accesolatino.org\\\/category\\\/noticias\\\/\"},{\"@type\":\"ListItem\",\"position\":3,\"name\":\"Medidas para regresar a la vida normal\"}]},{\"@type\":\"WebSite\",\"@id\":\"https:\\\/\\\/accesolatino.org\\\/#website\",\"url\":\"https:\\\/\\\/accesolatino.org\\\/\",\"name\":\"Acceso Latino | Fundaci\u00f3n Carlos Slim\",\"description\":\"Fundaci\u00f3n Carlos Slim\",\"publisher\":{\"@id\":\"https:\\\/\\\/accesolatino.org\\\/#organization\"},\"potentialAction\":[{\"@type\":\"SearchAction\",\"target\":{\"@type\":\"EntryPoint\",\"urlTemplate\":\"https:\\\/\\\/accesolatino.org\\\/?s={search_term_string}\"},\"query-input\":{\"@type\":\"PropertyValueSpecification\",\"valueRequired\":true,\"valueName\":\"search_term_string\"}}],\"inLanguage\":\"en-US\"},{\"@type\":\"Organization\",\"@id\":\"https:\\\/\\\/accesolatino.org\\\/#organization\",\"name\":\"Acceso Latino | Fundaci\u00f3n Carlos Slim\",\"url\":\"https:\\\/\\\/accesolatino.org\\\/\",\"logo\":{\"@type\":\"ImageObject\",\"inLanguage\":\"en-US\",\"@id\":\"https:\\\/\\\/accesolatino.org\\\/#\\\/schema\\\/logo\\\/image\\\/\",\"url\":\"https:\\\/\\\/accesolatino.org\\\/wp-content\\\/uploads\\\/2021\\\/02\\\/logo-footer-acceso-latino.png\",\"contentUrl\":\"https:\\\/\\\/accesolatino.org\\\/wp-content\\\/uploads\\\/2021\\\/02\\\/logo-footer-acceso-latino.png\",\"width\":240,\"height\":40,\"caption\":\"Acceso Latino | Fundaci\u00f3n Carlos Slim\"},\"image\":{\"@id\":\"https:\\\/\\\/accesolatino.org\\\/#\\\/schema\\\/logo\\\/image\\\/\"},\"sameAs\":[\"https:\\\/\\\/www.facebook.com\\\/AccesoLatinoOrg\",\"https:\\\/\\\/x.com\\\/FAccLatino\"]},{\"@type\":\"Person\",\"@id\":\"https:\\\/\\\/accesolatino.org\\\/#\\\/schema\\\/person\\\/6b654926a4e7e4709c9ad12459661666\",\"name\":\"Noticias\"}]}<\/script>\n<!-- \/ Yoast SEO plugin. -->","yoast_head_json":{"title":"Medidas para regresar a la vida normal","description":"Todo parece que regresa a la normalidad, y volvemos a nuestra vida cotidiana, pero no significa que tenemos que relajarnos con los cuidados para","robots":{"index":"index","follow":"follow","max-snippet":"max-snippet:-1","max-image-preview":"max-image-preview:large","max-video-preview":"max-video-preview:-1"},"canonical":"https:\/\/accesolatino.org\/en\/medidas-para-regresar-a-la-vida-normal\/noticias\/","og_locale":"en_US","og_type":"article","og_title":"Medidas para regresar a la vida normal","og_description":"Todo parece que regresa a la normalidad, y volvemos a nuestra vida cotidiana, pero no significa que tenemos que relajarnos con los cuidados para","og_url":"https:\/\/accesolatino.org\/en\/medidas-para-regresar-a-la-vida-normal\/noticias\/","og_site_name":"Acceso Latino","article_publisher":"https:\/\/www.facebook.com\/AccesoLatinoOrg","article_published_time":"2020-05-21T16:40:34+00:00","article_modified_time":"2025-10-26T00:33:54+00:00","og_image":[{"width":600,"height":338,"url":"https:\/\/accesolatino.org\/wp-content\/uploads\/2020\/05\/Medidas-para-regresar-a-la-vida-normal.png","type":"image\/png"}],"author":"Noticias","twitter_card":"summary_large_image","twitter_creator":"@FAccLatino","twitter_site":"@FAccLatino","twitter_misc":{"Written by":"Noticias","Est. reading time":"2 minutes"},"schema":{"@context":"https:\/\/schema.org","@graph":[{"@type":"Article","@id":"https:\/\/accesolatino.org\/medidas-para-regresar-a-la-vida-normal\/noticias\/#article","isPartOf":{"@id":"https:\/\/accesolatino.org\/medidas-para-regresar-a-la-vida-normal\/noticias\/"},"author":{"name":"Noticias","@id":"https:\/\/accesolatino.org\/#\/schema\/person\/6b654926a4e7e4709c9ad12459661666"},"headline":"Medidas para regresar a la vida normal","datePublished":"2020-05-21T16:40:34+00:00","dateModified":"2025-10-26T00:33:54+00:00","mainEntityOfPage":{"@id":"https:\/\/accesolatino.org\/medidas-para-regresar-a-la-vida-normal\/noticias\/"},"wordCount":312,"commentCount":0,"publisher":{"@id":"https:\/\/accesolatino.org\/#organization"},"image":{"@id":"https:\/\/accesolatino.org\/medidas-para-regresar-a-la-vida-normal\/noticias\/#primaryimage"},"thumbnailUrl":"https:\/\/accesolatino.org\/wp-content\/uploads\/2020\/05\/Medidas-para-regresar-a-la-vida-normal.png","articleSection":["Noticias","Temas de inter\u00e9s"],"inLanguage":"en-US","potentialAction":[{"@type":"CommentAction","name":"Comment","target":["https:\/\/accesolatino.org\/medidas-para-regresar-a-la-vida-normal\/noticias\/#respond"]}]},{"@type":"WebPage","@id":"https:\/\/accesolatino.org\/medidas-para-regresar-a-la-vida-normal\/noticias\/","url":"https:\/\/accesolatino.org\/medidas-para-regresar-a-la-vida-normal\/noticias\/","name":"Medidas para regresar a la vida normal","isPartOf":{"@id":"https:\/\/accesolatino.org\/#website"},"primaryImageOfPage":{"@id":"https:\/\/accesolatino.org\/medidas-para-regresar-a-la-vida-normal\/noticias\/#primaryimage"},"image":{"@id":"https:\/\/accesolatino.org\/medidas-para-regresar-a-la-vida-normal\/noticias\/#primaryimage"},"thumbnailUrl":"https:\/\/accesolatino.org\/wp-content\/uploads\/2020\/05\/Medidas-para-regresar-a-la-vida-normal.png","datePublished":"2020-05-21T16:40:34+00:00","dateModified":"2025-10-26T00:33:54+00:00","description":"Todo parece que regresa a la normalidad, y volvemos a nuestra vida cotidiana, pero no significa que tenemos que relajarnos con los cuidados para","breadcrumb":{"@id":"https:\/\/accesolatino.org\/medidas-para-regresar-a-la-vida-normal\/noticias\/#breadcrumb"},"inLanguage":"en-US","potentialAction":[{"@type":"ReadAction","target":["https:\/\/accesolatino.org\/medidas-para-regresar-a-la-vida-normal\/noticias\/"]}]},{"@type":"ImageObject","inLanguage":"en-US","@id":"https:\/\/accesolatino.org\/medidas-para-regresar-a-la-vida-normal\/noticias\/#primaryimage","url":"https:\/\/accesolatino.org\/wp-content\/uploads\/2020\/05\/Medidas-para-regresar-a-la-vida-normal.png","contentUrl":"https:\/\/accesolatino.org\/wp-content\/uploads\/2020\/05\/Medidas-para-regresar-a-la-vida-normal.png","width":600,"height":338},{"@type":"BreadcrumbList","@id":"https:\/\/accesolatino.org\/medidas-para-regresar-a-la-vida-normal\/noticias\/#breadcrumb","itemListElement":[{"@type":"ListItem","position":1,"name":"Portada","item":"https:\/\/accesolatino.org\/"},{"@type":"ListItem","position":2,"name":"Noticias","item":"https:\/\/accesolatino.org\/category\/noticias\/"},{"@type":"ListItem","position":3,"name":"Medidas para regresar a la vida normal"}]},{"@type":"WebSite","@id":"https:\/\/accesolatino.org\/#website","url":"https:\/\/accesolatino.org\/","name":"Acceso Latino | Fundaci\u00f3n Carlos Slim","description":"Fundaci\u00f3n Carlos Slim","publisher":{"@id":"https:\/\/accesolatino.org\/#organization"},"potentialAction":[{"@type":"SearchAction","target":{"@type":"EntryPoint","urlTemplate":"https:\/\/accesolatino.org\/?s={search_term_string}"},"query-input":{"@type":"PropertyValueSpecification","valueRequired":true,"valueName":"search_term_string"}}],"inLanguage":"en-US"},{"@type":"Organization","@id":"https:\/\/accesolatino.org\/#organization","name":"Acceso Latino | Fundaci\u00f3n Carlos Slim","url":"https:\/\/accesolatino.org\/","logo":{"@type":"ImageObject","inLanguage":"en-US","@id":"https:\/\/accesolatino.org\/#\/schema\/logo\/image\/","url":"https:\/\/accesolatino.org\/wp-content\/uploads\/2021\/02\/logo-footer-acceso-latino.png","contentUrl":"https:\/\/accesolatino.org\/wp-content\/uploads\/2021\/02\/logo-footer-acceso-latino.png","width":240,"height":40,"caption":"Acceso Latino | Fundaci\u00f3n Carlos Slim"},"image":{"@id":"https:\/\/accesolatino.org\/#\/schema\/logo\/image\/"},"sameAs":["https:\/\/www.facebook.com\/AccesoLatinoOrg","https:\/\/x.com\/FAccLatino"]},{"@type":"Person","@id":"https:\/\/accesolatino.org\/#\/schema\/person\/6b654926a4e7e4709c9ad12459661666","name":"News"}]}},"_links":{"self":[{"href":"https:\/\/accesolatino.org\/en\/wp-json\/wp\/v2\/posts\/21298","targetHints":{"allow":["GET"]}}],"collection":[{"href":"https:\/\/accesolatino.org\/en\/wp-json\/wp\/v2\/posts"}],"about":[{"href":"https:\/\/accesolatino.org\/en\/wp-json\/wp\/v2\/types\/post"}],"author":[{"embeddable":true,"href":"https:\/\/accesolatino.org\/en\/wp-json\/wp\/v2\/users\/13"}],"replies":[{"embeddable":true,"href":"https:\/\/accesolatino.org\/en\/wp-json\/wp\/v2\/comments?post=21298"}],"version-history":[{"count":1,"href":"https:\/\/accesolatino.org\/en\/wp-json\/wp\/v2\/posts\/21298\/revisions"}],"predecessor-version":[{"id":65904,"href":"https:\/\/accesolatino.org\/en\/wp-json\/wp\/v2\/posts\/21298\/revisions\/65904"}],"wp:featuredmedia":[{"embeddable":true,"href":"https:\/\/accesolatino.org\/en\/wp-json\/wp\/v2\/media\/21301"}],"wp:attachment":[{"href":"https:\/\/accesolatino.org\/en\/wp-json\/wp\/v2\/media?parent=21298"}],"wp:term":[{"taxonomy":"category","embeddable":true,"href":"https:\/\/accesolatino.org\/en\/wp-json\/wp\/v2\/categories?post=21298"},{"taxonomy":"post_tag","embeddable":true,"href":"https:\/\/accesolatino.org\/en\/wp-json\/wp\/v2\/tags?post=21298"}],"curies":[{"name":"wp","href":"https:\/\/api.w.org\/{rel}","templated":true}]}}