{"id":21294,"date":"2020-05-21T11:40:31","date_gmt":"2020-05-21T16:40:31","guid":{"rendered":"https:\/\/accesolatino.org\/?p=21294"},"modified":"2025-10-25T18:34:03","modified_gmt":"2025-10-26T00:34:03","slug":"inmigrantes-el-grupo-mas-vulnerable-ante-el-covid-19","status":"publish","type":"post","link":"https:\/\/accesolatino.org\/en\/inmigrantes-el-grupo-mas-vulnerable-ante-el-covid-19\/noticias\/","title":{"rendered":"Inmigrantes el grupo m\u00e1s vulnerable ante el COVID-19"},"content":{"rendered":"<div data-elementor-type=\"wp-post\" data-elementor-id=\"21294\" class=\"elementor elementor-21294\">\n\t\t\t\t\t\t<section class=\"elementor-section elementor-top-section elementor-element elementor-element-e311389 elementor-section-boxed elementor-section-height-default elementor-section-height-default wpr-particle-no wpr-jarallax-no wpr-parallax-no wpr-sticky-section-no wpr-equal-height-no\" data-id=\"e311389\" data-element_type=\"section\" data-e-type=\"section\">\n\t\t\t\t\t\t<div class=\"elementor-container elementor-column-gap-default\">\n\t\t\t\t\t<div class=\"elementor-column elementor-col-100 elementor-top-column elementor-element elementor-element-978633f\" data-id=\"978633f\" data-element_type=\"column\" data-e-type=\"column\">\n\t\t\t<div class=\"elementor-widget-wrap elementor-element-populated\">\n\t\t\t\t\t\t<div class=\"elementor-element elementor-element-6f3bde3 elementor-widget elementor-widget-text-editor\" data-id=\"6f3bde3\" data-element_type=\"widget\" data-e-type=\"widget\" data-widget_type=\"text-editor.default\">\n\t\t\t\t<div class=\"elementor-widget-container\">\n\t\t\t\t\t\t\t\t\t<p>De acuerdo con la Organizaci\u00f3n Internacional para las Migraciones (OIM), los inmigrantes son el grupo que m\u00e1s ha sufrido por la pandemia del coronavirus, se han enfermado, han perdido la vida, se han quedado sin empleo y muchos no cuentan con ning\u00fan apoyo del gobierno federal.<\/p><p>El jefe de la oficina de la OIM en Ciudad Ju\u00e1rez, Alex Rigol, detall\u00f3 que los indocumentados pasan mucho tiempo fuera de casa, debido a sus obligaciones laborales y migratorias, por lo que se ponen en riesgo constante y a su comunidad.<\/p><p>Tambi\u00e9n es conocimiento de todos que la base econ\u00f3mica del inmigrante est\u00e1 en el sector informal y que, debido a la crisis sanitaria, el desempleo incremento y esto trajo a que muchas familias perdieran sus hogares o est\u00e9n por perderlos, por no tener los recursos monetarios para pagar la renta, lo que se puede a traducir a que terminen en las calles, creando un problema mayor.<\/p><p>\u201cEra obligatorio resolver el problema de los indocumentados; calculamos que son m\u00e1s de 5 mil personas en Ciudad Ju\u00e1rez\u201d, afirm\u00f3 Rigol. Para poder ayudar a estos inmigrantes se requiri\u00f3 el apoyo de la OIM, la Organizaci\u00f3n de Naciones Unidas (ONU) y la Organizaci\u00f3n Mundial por la Paz.<\/p><p>Tambi\u00e9n participaron:<\/p><ul><li>El Comit\u00e9 Internacional de la Cruz Roja.<\/li><li>La Secretar\u00eda del Bienestar del Gobierno federal.<\/li><li>El Grupo Beta del Instituto Nacional de Migraci\u00f3n.<\/li><li>El Centro Integrador para el Migrante \u201cLeona Vicario\u201d.<\/li><li>La Jurisdicci\u00f3n Sanitaria II.<\/li><li>El Consejo Estatal de Poblaci\u00f3n y distintas organizaciones de la sociedad civil.<\/li><\/ul><p>Jeremy MacGillivray, jefe de Misi\u00f3n Adjunto de la OIM, explic\u00f3 que la migraci\u00f3n es una situaci\u00f3n que se complica cada vez m\u00e1s y que hoy en d\u00eda se estima que hay 272 millones de inmigrantes en el mundo por lo que el reto es dif\u00edcil pero no imposible.<\/p><p>En M\u00e9xico, la migraci\u00f3n creci\u00f3 desde octubre de 2018, cuando grupos con miles de migrantes centroamericanos empezaron a entrar al pa\u00eds para llegar a Estados Unidos.<\/p><p>Fuente: <em>La Opini\u00f3n<\/em><\/p>\t\t\t\t\t\t\t\t<\/div>\n\t\t\t\t<\/div>\n\t\t\t\t\t<\/div>\n\t\t<\/div>\n\t\t\t\t\t<\/div>\n\t\t<\/section>\n\t\t\t\t<\/div>","protected":false},"excerpt":{"rendered":"<p>De acuerdo con la Organizaci\u00f3n Internacional para las Migraciones (OIM), los inmigrantes son el grupo que m\u00e1s ha sufrido por la pandemia del coronavirus, se han enfermado, han perdido la vida, se han quedado sin empleo y muchos no cuentan con ning\u00fan apoyo del gobierno federal. El jefe de la oficina de la OIM en Ciudad Ju\u00e1rez, Alex Rigol, detall\u00f3 que los indocumentados pasan mucho tiempo fuera de casa, debido a sus obligaciones laborales y migratorias, por lo que se ponen en riesgo constante y a su comunidad. Tambi\u00e9n es conocimiento de todos que la base econ\u00f3mica del inmigrante est\u00e1 en el sector informal y que, debido a la crisis sanitaria, el desempleo incremento y esto trajo a que muchas familias perdieran sus hogares o est\u00e9n por perderlos, por no tener los recursos monetarios para pagar la renta, lo que se puede a traducir a que terminen en las calles, creando un problema mayor. \u201cEra obligatorio resolver el problema de los indocumentados; calculamos que son m\u00e1s de 5 mil personas en Ciudad Ju\u00e1rez\u201d, afirm\u00f3 Rigol. Para poder ayudar a estos inmigrantes se requiri\u00f3 el apoyo de la OIM, la Organizaci\u00f3n de Naciones Unidas (ONU) y la Organizaci\u00f3n Mundial por la Paz. Tambi\u00e9n participaron: El Comit\u00e9 Internacional de la Cruz Roja. La Secretar\u00eda del Bienestar del Gobierno federal. El Grupo Beta del Instituto Nacional de Migraci\u00f3n. El Centro Integrador para el Migrante \u201cLeona Vicario\u201d. La Jurisdicci\u00f3n Sanitaria II. El Consejo Estatal de Poblaci\u00f3n y distintas organizaciones de la sociedad civil. Jeremy MacGillivray, jefe de Misi\u00f3n Adjunto de la OIM, explic\u00f3 que la migraci\u00f3n es una situaci\u00f3n que se complica cada vez m\u00e1s y que hoy en d\u00eda se estima que hay 272 millones de inmigrantes en el mundo por lo que el reto es dif\u00edcil pero no imposible. En M\u00e9xico, la migraci\u00f3n creci\u00f3 desde octubre de 2018, cuando grupos con miles de migrantes centroamericanos empezaron a entrar al pa\u00eds para llegar a Estados Unidos. Fuente: La Opini\u00f3n<\/p>","protected":false},"author":13,"featured_media":21295,"comment_status":"open","ping_status":"open","sticky":false,"template":"elementor_header_footer","format":"standard","meta":{"_uf_show_specific_survey":0,"_uf_disable_surveys":false,"footnotes":""},"categories":[10,1],"tags":[],"class_list":["post-21294","post","type-post","status-publish","format-standard","has-post-thumbnail","hentry","category-noticias","category-temas-de-interes"],"aioseo_notices":[],"yoast_head":"<!-- This site is optimized with the Yoast SEO plugin v27.4 - https:\/\/yoast.com\/product\/yoast-seo-wordpress\/ -->\n<title>Inmigrantes el grupo m\u00e1s vulnerable ante el COVID-19<\/title>\n<meta name=\"description\" content=\"De acuerdo con la Organizaci\u00f3n Internacional para las Migraciones (OIM), los inmigrantes son el grupo que m\u00e1s ha sufrido por la pandemia del\" \/>\n<meta name=\"robots\" content=\"index, follow, max-snippet:-1, max-image-preview:large, max-video-preview:-1\" \/>\n<link rel=\"canonical\" href=\"https:\/\/accesolatino.org\/en\/inmigrantes-el-grupo-mas-vulnerable-ante-el-covid-19\/noticias\/\" \/>\n<meta property=\"og:locale\" content=\"en_US\" \/>\n<meta property=\"og:type\" content=\"article\" \/>\n<meta property=\"og:title\" content=\"Inmigrantes el grupo m\u00e1s vulnerable ante el COVID-19\" \/>\n<meta property=\"og:description\" content=\"De acuerdo con la Organizaci\u00f3n Internacional para las Migraciones (OIM), los inmigrantes son el grupo que m\u00e1s ha sufrido por la pandemia del\" \/>\n<meta property=\"og:url\" content=\"https:\/\/accesolatino.org\/en\/inmigrantes-el-grupo-mas-vulnerable-ante-el-covid-19\/noticias\/\" \/>\n<meta property=\"og:site_name\" content=\"Acceso Latino\" \/>\n<meta property=\"article:publisher\" content=\"https:\/\/www.facebook.com\/AccesoLatinoOrg\" \/>\n<meta property=\"article:published_time\" content=\"2020-05-21T16:40:31+00:00\" \/>\n<meta property=\"article:modified_time\" content=\"2025-10-26T00:34:03+00:00\" \/>\n<meta property=\"og:image\" content=\"https:\/\/accesolatino.org\/wp-content\/uploads\/2020\/05\/Inmigrantes-el-grupo-ma\u0301s-vulnerable-ante-el-COVID-19.png\" \/>\n\t<meta property=\"og:image:width\" content=\"600\" \/>\n\t<meta property=\"og:image:height\" content=\"338\" \/>\n\t<meta property=\"og:image:type\" content=\"image\/png\" \/>\n<meta name=\"author\" content=\"Noticias\" \/>\n<meta name=\"twitter:card\" content=\"summary_large_image\" \/>\n<meta name=\"twitter:creator\" content=\"@FAccLatino\" \/>\n<meta name=\"twitter:site\" content=\"@FAccLatino\" \/>\n<meta name=\"twitter:label1\" content=\"Written by\" \/>\n\t<meta name=\"twitter:data1\" content=\"Noticias\" \/>\n\t<meta name=\"twitter:label2\" content=\"Est. reading time\" \/>\n\t<meta name=\"twitter:data2\" content=\"2 minutes\" \/>\n<script type=\"application\/ld+json\" class=\"yoast-schema-graph\">{\"@context\":\"https:\\\/\\\/schema.org\",\"@graph\":[{\"@type\":\"Article\",\"@id\":\"https:\\\/\\\/accesolatino.org\\\/inmigrantes-el-grupo-mas-vulnerable-ante-el-covid-19\\\/noticias\\\/#article\",\"isPartOf\":{\"@id\":\"https:\\\/\\\/accesolatino.org\\\/inmigrantes-el-grupo-mas-vulnerable-ante-el-covid-19\\\/noticias\\\/\"},\"author\":{\"name\":\"Noticias\",\"@id\":\"https:\\\/\\\/accesolatino.org\\\/#\\\/schema\\\/person\\\/6b654926a4e7e4709c9ad12459661666\"},\"headline\":\"Inmigrantes el grupo m\u00e1s vulnerable ante el COVID-19\",\"datePublished\":\"2020-05-21T16:40:31+00:00\",\"dateModified\":\"2025-10-26T00:34:03+00:00\",\"mainEntityOfPage\":{\"@id\":\"https:\\\/\\\/accesolatino.org\\\/inmigrantes-el-grupo-mas-vulnerable-ante-el-covid-19\\\/noticias\\\/\"},\"wordCount\":358,\"commentCount\":0,\"publisher\":{\"@id\":\"https:\\\/\\\/accesolatino.org\\\/#organization\"},\"image\":{\"@id\":\"https:\\\/\\\/accesolatino.org\\\/inmigrantes-el-grupo-mas-vulnerable-ante-el-covid-19\\\/noticias\\\/#primaryimage\"},\"thumbnailUrl\":\"https:\\\/\\\/accesolatino.org\\\/wp-content\\\/uploads\\\/2020\\\/05\\\/Inmigrantes-el-grupo-ma\u0301s-vulnerable-ante-el-COVID-19.png\",\"articleSection\":[\"Noticias\",\"Temas de inter\u00e9s\"],\"inLanguage\":\"en-US\",\"potentialAction\":[{\"@type\":\"CommentAction\",\"name\":\"Comment\",\"target\":[\"https:\\\/\\\/accesolatino.org\\\/inmigrantes-el-grupo-mas-vulnerable-ante-el-covid-19\\\/noticias\\\/#respond\"]}]},{\"@type\":\"WebPage\",\"@id\":\"https:\\\/\\\/accesolatino.org\\\/inmigrantes-el-grupo-mas-vulnerable-ante-el-covid-19\\\/noticias\\\/\",\"url\":\"https:\\\/\\\/accesolatino.org\\\/inmigrantes-el-grupo-mas-vulnerable-ante-el-covid-19\\\/noticias\\\/\",\"name\":\"Inmigrantes el grupo m\u00e1s vulnerable ante el COVID-19\",\"isPartOf\":{\"@id\":\"https:\\\/\\\/accesolatino.org\\\/#website\"},\"primaryImageOfPage\":{\"@id\":\"https:\\\/\\\/accesolatino.org\\\/inmigrantes-el-grupo-mas-vulnerable-ante-el-covid-19\\\/noticias\\\/#primaryimage\"},\"image\":{\"@id\":\"https:\\\/\\\/accesolatino.org\\\/inmigrantes-el-grupo-mas-vulnerable-ante-el-covid-19\\\/noticias\\\/#primaryimage\"},\"thumbnailUrl\":\"https:\\\/\\\/accesolatino.org\\\/wp-content\\\/uploads\\\/2020\\\/05\\\/Inmigrantes-el-grupo-ma\u0301s-vulnerable-ante-el-COVID-19.png\",\"datePublished\":\"2020-05-21T16:40:31+00:00\",\"dateModified\":\"2025-10-26T00:34:03+00:00\",\"description\":\"De acuerdo con la Organizaci\u00f3n Internacional para las Migraciones (OIM), los inmigrantes son el grupo que m\u00e1s ha sufrido por la pandemia del\",\"breadcrumb\":{\"@id\":\"https:\\\/\\\/accesolatino.org\\\/inmigrantes-el-grupo-mas-vulnerable-ante-el-covid-19\\\/noticias\\\/#breadcrumb\"},\"inLanguage\":\"en-US\",\"potentialAction\":[{\"@type\":\"ReadAction\",\"target\":[\"https:\\\/\\\/accesolatino.org\\\/inmigrantes-el-grupo-mas-vulnerable-ante-el-covid-19\\\/noticias\\\/\"]}]},{\"@type\":\"ImageObject\",\"inLanguage\":\"en-US\",\"@id\":\"https:\\\/\\\/accesolatino.org\\\/inmigrantes-el-grupo-mas-vulnerable-ante-el-covid-19\\\/noticias\\\/#primaryimage\",\"url\":\"https:\\\/\\\/accesolatino.org\\\/wp-content\\\/uploads\\\/2020\\\/05\\\/Inmigrantes-el-grupo-ma\u0301s-vulnerable-ante-el-COVID-19.png\",\"contentUrl\":\"https:\\\/\\\/accesolatino.org\\\/wp-content\\\/uploads\\\/2020\\\/05\\\/Inmigrantes-el-grupo-ma\u0301s-vulnerable-ante-el-COVID-19.png\",\"width\":600,\"height\":338},{\"@type\":\"BreadcrumbList\",\"@id\":\"https:\\\/\\\/accesolatino.org\\\/inmigrantes-el-grupo-mas-vulnerable-ante-el-covid-19\\\/noticias\\\/#breadcrumb\",\"itemListElement\":[{\"@type\":\"ListItem\",\"position\":1,\"name\":\"Portada\",\"item\":\"https:\\\/\\\/accesolatino.org\\\/\"},{\"@type\":\"ListItem\",\"position\":2,\"name\":\"Noticias\",\"item\":\"https:\\\/\\\/accesolatino.org\\\/category\\\/noticias\\\/\"},{\"@type\":\"ListItem\",\"position\":3,\"name\":\"Inmigrantes el grupo m\u00e1s vulnerable ante el COVID-19\"}]},{\"@type\":\"WebSite\",\"@id\":\"https:\\\/\\\/accesolatino.org\\\/#website\",\"url\":\"https:\\\/\\\/accesolatino.org\\\/\",\"name\":\"Acceso Latino | Fundaci\u00f3n Carlos Slim\",\"description\":\"Fundaci\u00f3n Carlos Slim\",\"publisher\":{\"@id\":\"https:\\\/\\\/accesolatino.org\\\/#organization\"},\"potentialAction\":[{\"@type\":\"SearchAction\",\"target\":{\"@type\":\"EntryPoint\",\"urlTemplate\":\"https:\\\/\\\/accesolatino.org\\\/?s={search_term_string}\"},\"query-input\":{\"@type\":\"PropertyValueSpecification\",\"valueRequired\":true,\"valueName\":\"search_term_string\"}}],\"inLanguage\":\"en-US\"},{\"@type\":\"Organization\",\"@id\":\"https:\\\/\\\/accesolatino.org\\\/#organization\",\"name\":\"Acceso Latino | Fundaci\u00f3n Carlos Slim\",\"url\":\"https:\\\/\\\/accesolatino.org\\\/\",\"logo\":{\"@type\":\"ImageObject\",\"inLanguage\":\"en-US\",\"@id\":\"https:\\\/\\\/accesolatino.org\\\/#\\\/schema\\\/logo\\\/image\\\/\",\"url\":\"https:\\\/\\\/accesolatino.org\\\/wp-content\\\/uploads\\\/2021\\\/02\\\/logo-footer-acceso-latino.png\",\"contentUrl\":\"https:\\\/\\\/accesolatino.org\\\/wp-content\\\/uploads\\\/2021\\\/02\\\/logo-footer-acceso-latino.png\",\"width\":240,\"height\":40,\"caption\":\"Acceso Latino | Fundaci\u00f3n Carlos Slim\"},\"image\":{\"@id\":\"https:\\\/\\\/accesolatino.org\\\/#\\\/schema\\\/logo\\\/image\\\/\"},\"sameAs\":[\"https:\\\/\\\/www.facebook.com\\\/AccesoLatinoOrg\",\"https:\\\/\\\/x.com\\\/FAccLatino\"]},{\"@type\":\"Person\",\"@id\":\"https:\\\/\\\/accesolatino.org\\\/#\\\/schema\\\/person\\\/6b654926a4e7e4709c9ad12459661666\",\"name\":\"Noticias\"}]}<\/script>\n<!-- \/ Yoast SEO plugin. -->","yoast_head_json":{"title":"Inmigrantes el grupo m\u00e1s vulnerable ante el COVID-19","description":"De acuerdo con la Organizaci\u00f3n Internacional para las Migraciones (OIM), los inmigrantes son el grupo que m\u00e1s ha sufrido por la pandemia del","robots":{"index":"index","follow":"follow","max-snippet":"max-snippet:-1","max-image-preview":"max-image-preview:large","max-video-preview":"max-video-preview:-1"},"canonical":"https:\/\/accesolatino.org\/en\/inmigrantes-el-grupo-mas-vulnerable-ante-el-covid-19\/noticias\/","og_locale":"en_US","og_type":"article","og_title":"Inmigrantes el grupo m\u00e1s vulnerable ante el COVID-19","og_description":"De acuerdo con la Organizaci\u00f3n Internacional para las Migraciones (OIM), los inmigrantes son el grupo que m\u00e1s ha sufrido por la pandemia del","og_url":"https:\/\/accesolatino.org\/en\/inmigrantes-el-grupo-mas-vulnerable-ante-el-covid-19\/noticias\/","og_site_name":"Acceso Latino","article_publisher":"https:\/\/www.facebook.com\/AccesoLatinoOrg","article_published_time":"2020-05-21T16:40:31+00:00","article_modified_time":"2025-10-26T00:34:03+00:00","og_image":[{"width":600,"height":338,"url":"https:\/\/accesolatino.org\/wp-content\/uploads\/2020\/05\/Inmigrantes-el-grupo-ma\u0301s-vulnerable-ante-el-COVID-19.png","type":"image\/png"}],"author":"Noticias","twitter_card":"summary_large_image","twitter_creator":"@FAccLatino","twitter_site":"@FAccLatino","twitter_misc":{"Written by":"Noticias","Est. reading time":"2 minutes"},"schema":{"@context":"https:\/\/schema.org","@graph":[{"@type":"Article","@id":"https:\/\/accesolatino.org\/inmigrantes-el-grupo-mas-vulnerable-ante-el-covid-19\/noticias\/#article","isPartOf":{"@id":"https:\/\/accesolatino.org\/inmigrantes-el-grupo-mas-vulnerable-ante-el-covid-19\/noticias\/"},"author":{"name":"Noticias","@id":"https:\/\/accesolatino.org\/#\/schema\/person\/6b654926a4e7e4709c9ad12459661666"},"headline":"Inmigrantes el grupo m\u00e1s vulnerable ante el COVID-19","datePublished":"2020-05-21T16:40:31+00:00","dateModified":"2025-10-26T00:34:03+00:00","mainEntityOfPage":{"@id":"https:\/\/accesolatino.org\/inmigrantes-el-grupo-mas-vulnerable-ante-el-covid-19\/noticias\/"},"wordCount":358,"commentCount":0,"publisher":{"@id":"https:\/\/accesolatino.org\/#organization"},"image":{"@id":"https:\/\/accesolatino.org\/inmigrantes-el-grupo-mas-vulnerable-ante-el-covid-19\/noticias\/#primaryimage"},"thumbnailUrl":"https:\/\/accesolatino.org\/wp-content\/uploads\/2020\/05\/Inmigrantes-el-grupo-ma\u0301s-vulnerable-ante-el-COVID-19.png","articleSection":["Noticias","Temas de inter\u00e9s"],"inLanguage":"en-US","potentialAction":[{"@type":"CommentAction","name":"Comment","target":["https:\/\/accesolatino.org\/inmigrantes-el-grupo-mas-vulnerable-ante-el-covid-19\/noticias\/#respond"]}]},{"@type":"WebPage","@id":"https:\/\/accesolatino.org\/inmigrantes-el-grupo-mas-vulnerable-ante-el-covid-19\/noticias\/","url":"https:\/\/accesolatino.org\/inmigrantes-el-grupo-mas-vulnerable-ante-el-covid-19\/noticias\/","name":"Inmigrantes el grupo m\u00e1s vulnerable ante el COVID-19","isPartOf":{"@id":"https:\/\/accesolatino.org\/#website"},"primaryImageOfPage":{"@id":"https:\/\/accesolatino.org\/inmigrantes-el-grupo-mas-vulnerable-ante-el-covid-19\/noticias\/#primaryimage"},"image":{"@id":"https:\/\/accesolatino.org\/inmigrantes-el-grupo-mas-vulnerable-ante-el-covid-19\/noticias\/#primaryimage"},"thumbnailUrl":"https:\/\/accesolatino.org\/wp-content\/uploads\/2020\/05\/Inmigrantes-el-grupo-ma\u0301s-vulnerable-ante-el-COVID-19.png","datePublished":"2020-05-21T16:40:31+00:00","dateModified":"2025-10-26T00:34:03+00:00","description":"De acuerdo con la Organizaci\u00f3n Internacional para las Migraciones (OIM), los inmigrantes son el grupo que m\u00e1s ha sufrido por la pandemia del","breadcrumb":{"@id":"https:\/\/accesolatino.org\/inmigrantes-el-grupo-mas-vulnerable-ante-el-covid-19\/noticias\/#breadcrumb"},"inLanguage":"en-US","potentialAction":[{"@type":"ReadAction","target":["https:\/\/accesolatino.org\/inmigrantes-el-grupo-mas-vulnerable-ante-el-covid-19\/noticias\/"]}]},{"@type":"ImageObject","inLanguage":"en-US","@id":"https:\/\/accesolatino.org\/inmigrantes-el-grupo-mas-vulnerable-ante-el-covid-19\/noticias\/#primaryimage","url":"https:\/\/accesolatino.org\/wp-content\/uploads\/2020\/05\/Inmigrantes-el-grupo-ma\u0301s-vulnerable-ante-el-COVID-19.png","contentUrl":"https:\/\/accesolatino.org\/wp-content\/uploads\/2020\/05\/Inmigrantes-el-grupo-ma\u0301s-vulnerable-ante-el-COVID-19.png","width":600,"height":338},{"@type":"BreadcrumbList","@id":"https:\/\/accesolatino.org\/inmigrantes-el-grupo-mas-vulnerable-ante-el-covid-19\/noticias\/#breadcrumb","itemListElement":[{"@type":"ListItem","position":1,"name":"Portada","item":"https:\/\/accesolatino.org\/"},{"@type":"ListItem","position":2,"name":"Noticias","item":"https:\/\/accesolatino.org\/category\/noticias\/"},{"@type":"ListItem","position":3,"name":"Inmigrantes el grupo m\u00e1s vulnerable ante el COVID-19"}]},{"@type":"WebSite","@id":"https:\/\/accesolatino.org\/#website","url":"https:\/\/accesolatino.org\/","name":"Acceso Latino | Fundaci\u00f3n Carlos Slim","description":"Fundaci\u00f3n Carlos Slim","publisher":{"@id":"https:\/\/accesolatino.org\/#organization"},"potentialAction":[{"@type":"SearchAction","target":{"@type":"EntryPoint","urlTemplate":"https:\/\/accesolatino.org\/?s={search_term_string}"},"query-input":{"@type":"PropertyValueSpecification","valueRequired":true,"valueName":"search_term_string"}}],"inLanguage":"en-US"},{"@type":"Organization","@id":"https:\/\/accesolatino.org\/#organization","name":"Acceso Latino | Fundaci\u00f3n Carlos Slim","url":"https:\/\/accesolatino.org\/","logo":{"@type":"ImageObject","inLanguage":"en-US","@id":"https:\/\/accesolatino.org\/#\/schema\/logo\/image\/","url":"https:\/\/accesolatino.org\/wp-content\/uploads\/2021\/02\/logo-footer-acceso-latino.png","contentUrl":"https:\/\/accesolatino.org\/wp-content\/uploads\/2021\/02\/logo-footer-acceso-latino.png","width":240,"height":40,"caption":"Acceso Latino | Fundaci\u00f3n Carlos Slim"},"image":{"@id":"https:\/\/accesolatino.org\/#\/schema\/logo\/image\/"},"sameAs":["https:\/\/www.facebook.com\/AccesoLatinoOrg","https:\/\/x.com\/FAccLatino"]},{"@type":"Person","@id":"https:\/\/accesolatino.org\/#\/schema\/person\/6b654926a4e7e4709c9ad12459661666","name":"News"}]}},"_links":{"self":[{"href":"https:\/\/accesolatino.org\/en\/wp-json\/wp\/v2\/posts\/21294","targetHints":{"allow":["GET"]}}],"collection":[{"href":"https:\/\/accesolatino.org\/en\/wp-json\/wp\/v2\/posts"}],"about":[{"href":"https:\/\/accesolatino.org\/en\/wp-json\/wp\/v2\/types\/post"}],"author":[{"embeddable":true,"href":"https:\/\/accesolatino.org\/en\/wp-json\/wp\/v2\/users\/13"}],"replies":[{"embeddable":true,"href":"https:\/\/accesolatino.org\/en\/wp-json\/wp\/v2\/comments?post=21294"}],"version-history":[{"count":1,"href":"https:\/\/accesolatino.org\/en\/wp-json\/wp\/v2\/posts\/21294\/revisions"}],"predecessor-version":[{"id":65905,"href":"https:\/\/accesolatino.org\/en\/wp-json\/wp\/v2\/posts\/21294\/revisions\/65905"}],"wp:featuredmedia":[{"embeddable":true,"href":"https:\/\/accesolatino.org\/en\/wp-json\/wp\/v2\/media\/21295"}],"wp:attachment":[{"href":"https:\/\/accesolatino.org\/en\/wp-json\/wp\/v2\/media?parent=21294"}],"wp:term":[{"taxonomy":"category","embeddable":true,"href":"https:\/\/accesolatino.org\/en\/wp-json\/wp\/v2\/categories?post=21294"},{"taxonomy":"post_tag","embeddable":true,"href":"https:\/\/accesolatino.org\/en\/wp-json\/wp\/v2\/tags?post=21294"}],"curies":[{"name":"wp","href":"https:\/\/api.w.org\/{rel}","templated":true}]}}