{"id":21282,"date":"2020-05-20T10:18:20","date_gmt":"2020-05-20T15:18:20","guid":{"rendered":"https:\/\/accesolatino.org\/?p=21282"},"modified":"2025-10-25T18:34:04","modified_gmt":"2025-10-26T00:34:04","slug":"te-de-manzanilla-tu-amigo-en-esta-cuarentena","status":"publish","type":"post","link":"https:\/\/accesolatino.org\/en\/te-de-manzanilla-tu-amigo-en-esta-cuarentena\/noticias\/","title":{"rendered":"T\u00e9 de manzanilla, tu amigo en esta cuarentena"},"content":{"rendered":"<div data-elementor-type=\"wp-post\" data-elementor-id=\"21282\" class=\"elementor elementor-21282\">\n\t\t\t\t\t\t<section class=\"elementor-section elementor-top-section elementor-element elementor-element-e311389 elementor-section-boxed elementor-section-height-default elementor-section-height-default wpr-particle-no wpr-jarallax-no wpr-parallax-no wpr-sticky-section-no wpr-equal-height-no\" data-id=\"e311389\" data-element_type=\"section\" data-e-type=\"section\">\n\t\t\t\t\t\t<div class=\"elementor-container elementor-column-gap-default\">\n\t\t\t\t\t<div class=\"elementor-column elementor-col-100 elementor-top-column elementor-element elementor-element-978633f\" data-id=\"978633f\" data-element_type=\"column\" data-e-type=\"column\">\n\t\t\t<div class=\"elementor-widget-wrap elementor-element-populated\">\n\t\t\t\t\t\t<div class=\"elementor-element elementor-element-6f3bde3 elementor-widget elementor-widget-text-editor\" data-id=\"6f3bde3\" data-element_type=\"widget\" data-e-type=\"widget\" data-widget_type=\"text-editor.default\">\n\t\t\t\t<div class=\"elementor-widget-container\">\n\t\t\t\t\t\t\t\t\t<p>La pandemia y la cuarentena trajo consigo miedo y un sinf\u00edn de recomendaciones para disminuir el riesgo de contagiarnos, algunas dif\u00edciles de llevar a cabo y otras m\u00e1s sencillas como beber t\u00e9 de manzanilla.<strong>\u00a0<\/strong><\/p><p>El t\u00e9 de manzanilla tiene una extensa diversidad de beneficios para el cuerpo gracias a sus m\u00faltiples propiedades que ayudan a relajarse, a tener una buena digesti\u00f3n y muchas otra m\u00e1s.<\/p><p>Es una de las bebidas favoritas para realizar infusiones, y por lo mismo es muy recomendable consumirlo durante esta \u00e9poca de pandemia y cuarentena.<\/p><p>Estas son las ventajas del t\u00e9 de manzanilla:<\/p><ul><li><strong>Mejora la digesti\u00f3n<\/strong><\/li><\/ul><p>Es un excelente digestivo, ayuda a disminuir el estre\u00f1imiento y los problemas intestinales.<\/p><ul><li><strong>Reduce los niveles de colesterol<\/strong><\/li><\/ul><p>Cuenta con una gran capacidad para ayudar a la descomposici\u00f3n de l\u00edpidos en el organismo, tambi\u00e9n puede disminuir considerablemente los niveles de colesterol al consumir una taza al d\u00eda.<\/p><p>No solo es el t\u00e9, debes llevar una dieta baja en grasas.<\/p><ul><li><strong>Mejora la salud de los ojos<\/strong><\/li><\/ul><p>La manzanilla contiene elementos curativos y medicinales que alivian la irritaci\u00f3n y el ojo rojo que se presentan normalmente en la conjuntivitis al\u00e9rgica y otras enfermedades.<\/p><ul><li><strong>Ayuda a dormir mejor<\/strong><\/li><\/ul><p>Una taza antes de ir a la cama ayuda a conciliar el sue\u00f1o.<\/p><ul><li><strong>\u00datil contra los dolores menstruales<\/strong><\/li><\/ul><p>Ayuda a los dolores menstruales por sus efectos sedantes.<\/p><p>Es importante saber que el uso de cualquier alimento o bebida en exceso es malo, y consumir t\u00e9 de manzanilla no es la excepci\u00f3n. Tres tazas al d\u00eda es lo m\u00e1ximo recomendado.<\/p><p>En tiempo de coronavirus <a href=\"https:\/\/www.clikisalud.net\/\" target=\"_blank\" rel=\"noopener\">clikisalud.net<\/a> te informa.<\/p>\t\t\t\t\t\t\t\t<\/div>\n\t\t\t\t<\/div>\n\t\t\t\t\t<\/div>\n\t\t<\/div>\n\t\t\t\t\t<\/div>\n\t\t<\/section>\n\t\t\t\t<\/div>","protected":false},"excerpt":{"rendered":"<p>La pandemia y la cuarentena trajo consigo miedo y un sinf\u00edn de recomendaciones para disminuir el riesgo de contagiarnos, algunas dif\u00edciles de llevar a cabo y otras m\u00e1s sencillas como beber t\u00e9 de manzanilla.&nbsp; El t\u00e9 de manzanilla tiene una extensa diversidad de beneficios para el cuerpo gracias a sus m\u00faltiples propiedades que ayudan a relajarse, a tener una buena digesti\u00f3n y muchas otra m\u00e1s. Es una de las bebidas favoritas para realizar infusiones, y por lo mismo es muy recomendable consumirlo durante esta \u00e9poca de pandemia y cuarentena. Estas son las ventajas del t\u00e9 de manzanilla: Mejora la digesti\u00f3n Es un excelente digestivo, ayuda a disminuir el estre\u00f1imiento y los problemas intestinales. Reduce los niveles de colesterol Cuenta con una gran capacidad para ayudar a la descomposici\u00f3n de l\u00edpidos en el organismo, tambi\u00e9n puede disminuir considerablemente los niveles de colesterol al consumir una taza al d\u00eda. No solo es el t\u00e9, debes llevar una dieta baja en grasas. Mejora la salud de los ojos La manzanilla contiene elementos curativos y medicinales que alivian la irritaci\u00f3n y el ojo rojo que se presentan normalmente en la conjuntivitis al\u00e9rgica y otras enfermedades. Ayuda a dormir mejor Una taza antes de ir a la cama ayuda a conciliar el sue\u00f1o. \u00datil contra los dolores menstruales Ayuda a los dolores menstruales por sus efectos sedantes. Es importante saber que el uso de cualquier alimento o bebida en exceso es malo, y consumir t\u00e9 de manzanilla no es la excepci\u00f3n. Tres tazas al d\u00eda es lo m\u00e1ximo recomendado. En tiempo de coronavirus clikisalud.net te informa.<\/p>","protected":false},"author":13,"featured_media":21284,"comment_status":"open","ping_status":"open","sticky":false,"template":"elementor_header_footer","format":"standard","meta":{"_uf_show_specific_survey":0,"_uf_disable_surveys":false,"footnotes":""},"categories":[10,1],"tags":[],"class_list":["post-21282","post","type-post","status-publish","format-standard","has-post-thumbnail","hentry","category-noticias","category-temas-de-interes"],"aioseo_notices":[],"yoast_head":"<!-- This site is optimized with the Yoast SEO plugin v27.4 - https:\/\/yoast.com\/product\/yoast-seo-wordpress\/ -->\n<title>T\u00e9 de manzanilla, tu amigo en esta cuarentena<\/title>\n<meta name=\"description\" content=\"La pandemia y la cuarentena trajo consigo miedo y un sinf\u00edn de recomendaciones para disminuir el riesgo de contagiarnos, algunas dif\u00edciles\" \/>\n<meta name=\"robots\" content=\"index, follow, max-snippet:-1, max-image-preview:large, max-video-preview:-1\" \/>\n<link rel=\"canonical\" href=\"https:\/\/accesolatino.org\/en\/te-de-manzanilla-tu-amigo-en-esta-cuarentena\/noticias\/\" \/>\n<meta property=\"og:locale\" content=\"en_US\" \/>\n<meta property=\"og:type\" content=\"article\" \/>\n<meta property=\"og:title\" content=\"T\u00e9 de manzanilla, tu amigo en esta cuarentena\" \/>\n<meta property=\"og:description\" content=\"La pandemia y la cuarentena trajo consigo miedo y un sinf\u00edn de recomendaciones para disminuir el riesgo de contagiarnos, algunas dif\u00edciles\" \/>\n<meta property=\"og:url\" content=\"https:\/\/accesolatino.org\/en\/te-de-manzanilla-tu-amigo-en-esta-cuarentena\/noticias\/\" \/>\n<meta property=\"og:site_name\" content=\"Acceso Latino\" \/>\n<meta property=\"article:publisher\" content=\"https:\/\/www.facebook.com\/AccesoLatinoOrg\" \/>\n<meta property=\"article:published_time\" content=\"2020-05-20T15:18:20+00:00\" \/>\n<meta property=\"article:modified_time\" content=\"2025-10-26T00:34:04+00:00\" \/>\n<meta property=\"og:image\" content=\"https:\/\/accesolatino.org\/wp-content\/uploads\/2020\/05\/El-te\u0301-de-manzanilla-tu-amigo-en-esta-cuarentena.jpg\" \/>\n\t<meta property=\"og:image:width\" content=\"600\" \/>\n\t<meta property=\"og:image:height\" content=\"338\" \/>\n\t<meta property=\"og:image:type\" content=\"image\/jpeg\" \/>\n<meta name=\"author\" content=\"Noticias\" \/>\n<meta name=\"twitter:card\" content=\"summary_large_image\" \/>\n<meta name=\"twitter:creator\" content=\"@FAccLatino\" \/>\n<meta name=\"twitter:site\" content=\"@FAccLatino\" \/>\n<meta name=\"twitter:label1\" content=\"Written by\" \/>\n\t<meta name=\"twitter:data1\" content=\"Noticias\" \/>\n\t<meta name=\"twitter:label2\" content=\"Est. reading time\" \/>\n\t<meta name=\"twitter:data2\" content=\"2 minutes\" \/>\n<script type=\"application\/ld+json\" class=\"yoast-schema-graph\">{\"@context\":\"https:\\\/\\\/schema.org\",\"@graph\":[{\"@type\":\"Article\",\"@id\":\"https:\\\/\\\/accesolatino.org\\\/te-de-manzanilla-tu-amigo-en-esta-cuarentena\\\/noticias\\\/#article\",\"isPartOf\":{\"@id\":\"https:\\\/\\\/accesolatino.org\\\/te-de-manzanilla-tu-amigo-en-esta-cuarentena\\\/noticias\\\/\"},\"author\":{\"name\":\"Noticias\",\"@id\":\"https:\\\/\\\/accesolatino.org\\\/#\\\/schema\\\/person\\\/6b654926a4e7e4709c9ad12459661666\"},\"headline\":\"T\u00e9 de manzanilla, tu amigo en esta cuarentena\",\"datePublished\":\"2020-05-20T15:18:20+00:00\",\"dateModified\":\"2025-10-26T00:34:04+00:00\",\"mainEntityOfPage\":{\"@id\":\"https:\\\/\\\/accesolatino.org\\\/te-de-manzanilla-tu-amigo-en-esta-cuarentena\\\/noticias\\\/\"},\"wordCount\":289,\"commentCount\":0,\"publisher\":{\"@id\":\"https:\\\/\\\/accesolatino.org\\\/#organization\"},\"image\":{\"@id\":\"https:\\\/\\\/accesolatino.org\\\/te-de-manzanilla-tu-amigo-en-esta-cuarentena\\\/noticias\\\/#primaryimage\"},\"thumbnailUrl\":\"https:\\\/\\\/accesolatino.org\\\/wp-content\\\/uploads\\\/2020\\\/05\\\/El-te\u0301-de-manzanilla-tu-amigo-en-esta-cuarentena.jpg\",\"articleSection\":[\"Noticias\",\"Temas de inter\u00e9s\"],\"inLanguage\":\"en-US\",\"potentialAction\":[{\"@type\":\"CommentAction\",\"name\":\"Comment\",\"target\":[\"https:\\\/\\\/accesolatino.org\\\/te-de-manzanilla-tu-amigo-en-esta-cuarentena\\\/noticias\\\/#respond\"]}]},{\"@type\":\"WebPage\",\"@id\":\"https:\\\/\\\/accesolatino.org\\\/te-de-manzanilla-tu-amigo-en-esta-cuarentena\\\/noticias\\\/\",\"url\":\"https:\\\/\\\/accesolatino.org\\\/te-de-manzanilla-tu-amigo-en-esta-cuarentena\\\/noticias\\\/\",\"name\":\"T\u00e9 de manzanilla, tu amigo en esta cuarentena\",\"isPartOf\":{\"@id\":\"https:\\\/\\\/accesolatino.org\\\/#website\"},\"primaryImageOfPage\":{\"@id\":\"https:\\\/\\\/accesolatino.org\\\/te-de-manzanilla-tu-amigo-en-esta-cuarentena\\\/noticias\\\/#primaryimage\"},\"image\":{\"@id\":\"https:\\\/\\\/accesolatino.org\\\/te-de-manzanilla-tu-amigo-en-esta-cuarentena\\\/noticias\\\/#primaryimage\"},\"thumbnailUrl\":\"https:\\\/\\\/accesolatino.org\\\/wp-content\\\/uploads\\\/2020\\\/05\\\/El-te\u0301-de-manzanilla-tu-amigo-en-esta-cuarentena.jpg\",\"datePublished\":\"2020-05-20T15:18:20+00:00\",\"dateModified\":\"2025-10-26T00:34:04+00:00\",\"description\":\"La pandemia y la cuarentena trajo consigo miedo y un sinf\u00edn de recomendaciones para disminuir el riesgo de contagiarnos, algunas dif\u00edciles\",\"breadcrumb\":{\"@id\":\"https:\\\/\\\/accesolatino.org\\\/te-de-manzanilla-tu-amigo-en-esta-cuarentena\\\/noticias\\\/#breadcrumb\"},\"inLanguage\":\"en-US\",\"potentialAction\":[{\"@type\":\"ReadAction\",\"target\":[\"https:\\\/\\\/accesolatino.org\\\/te-de-manzanilla-tu-amigo-en-esta-cuarentena\\\/noticias\\\/\"]}]},{\"@type\":\"ImageObject\",\"inLanguage\":\"en-US\",\"@id\":\"https:\\\/\\\/accesolatino.org\\\/te-de-manzanilla-tu-amigo-en-esta-cuarentena\\\/noticias\\\/#primaryimage\",\"url\":\"https:\\\/\\\/accesolatino.org\\\/wp-content\\\/uploads\\\/2020\\\/05\\\/El-te\u0301-de-manzanilla-tu-amigo-en-esta-cuarentena.jpg\",\"contentUrl\":\"https:\\\/\\\/accesolatino.org\\\/wp-content\\\/uploads\\\/2020\\\/05\\\/El-te\u0301-de-manzanilla-tu-amigo-en-esta-cuarentena.jpg\",\"width\":600,\"height\":338},{\"@type\":\"BreadcrumbList\",\"@id\":\"https:\\\/\\\/accesolatino.org\\\/te-de-manzanilla-tu-amigo-en-esta-cuarentena\\\/noticias\\\/#breadcrumb\",\"itemListElement\":[{\"@type\":\"ListItem\",\"position\":1,\"name\":\"Portada\",\"item\":\"https:\\\/\\\/accesolatino.org\\\/\"},{\"@type\":\"ListItem\",\"position\":2,\"name\":\"Noticias\",\"item\":\"https:\\\/\\\/accesolatino.org\\\/category\\\/noticias\\\/\"},{\"@type\":\"ListItem\",\"position\":3,\"name\":\"T\u00e9 de manzanilla, tu amigo en esta cuarentena\"}]},{\"@type\":\"WebSite\",\"@id\":\"https:\\\/\\\/accesolatino.org\\\/#website\",\"url\":\"https:\\\/\\\/accesolatino.org\\\/\",\"name\":\"Acceso Latino | Fundaci\u00f3n Carlos Slim\",\"description\":\"Fundaci\u00f3n Carlos Slim\",\"publisher\":{\"@id\":\"https:\\\/\\\/accesolatino.org\\\/#organization\"},\"potentialAction\":[{\"@type\":\"SearchAction\",\"target\":{\"@type\":\"EntryPoint\",\"urlTemplate\":\"https:\\\/\\\/accesolatino.org\\\/?s={search_term_string}\"},\"query-input\":{\"@type\":\"PropertyValueSpecification\",\"valueRequired\":true,\"valueName\":\"search_term_string\"}}],\"inLanguage\":\"en-US\"},{\"@type\":\"Organization\",\"@id\":\"https:\\\/\\\/accesolatino.org\\\/#organization\",\"name\":\"Acceso Latino | Fundaci\u00f3n Carlos Slim\",\"url\":\"https:\\\/\\\/accesolatino.org\\\/\",\"logo\":{\"@type\":\"ImageObject\",\"inLanguage\":\"en-US\",\"@id\":\"https:\\\/\\\/accesolatino.org\\\/#\\\/schema\\\/logo\\\/image\\\/\",\"url\":\"https:\\\/\\\/accesolatino.org\\\/wp-content\\\/uploads\\\/2021\\\/02\\\/logo-footer-acceso-latino.png\",\"contentUrl\":\"https:\\\/\\\/accesolatino.org\\\/wp-content\\\/uploads\\\/2021\\\/02\\\/logo-footer-acceso-latino.png\",\"width\":240,\"height\":40,\"caption\":\"Acceso Latino | Fundaci\u00f3n Carlos Slim\"},\"image\":{\"@id\":\"https:\\\/\\\/accesolatino.org\\\/#\\\/schema\\\/logo\\\/image\\\/\"},\"sameAs\":[\"https:\\\/\\\/www.facebook.com\\\/AccesoLatinoOrg\",\"https:\\\/\\\/x.com\\\/FAccLatino\"]},{\"@type\":\"Person\",\"@id\":\"https:\\\/\\\/accesolatino.org\\\/#\\\/schema\\\/person\\\/6b654926a4e7e4709c9ad12459661666\",\"name\":\"Noticias\"}]}<\/script>\n<!-- \/ Yoast SEO plugin. -->","yoast_head_json":{"title":"T\u00e9 de manzanilla, tu amigo en esta cuarentena","description":"La pandemia y la cuarentena trajo consigo miedo y un sinf\u00edn de recomendaciones para disminuir el riesgo de contagiarnos, algunas dif\u00edciles","robots":{"index":"index","follow":"follow","max-snippet":"max-snippet:-1","max-image-preview":"max-image-preview:large","max-video-preview":"max-video-preview:-1"},"canonical":"https:\/\/accesolatino.org\/en\/te-de-manzanilla-tu-amigo-en-esta-cuarentena\/noticias\/","og_locale":"en_US","og_type":"article","og_title":"T\u00e9 de manzanilla, tu amigo en esta cuarentena","og_description":"La pandemia y la cuarentena trajo consigo miedo y un sinf\u00edn de recomendaciones para disminuir el riesgo de contagiarnos, algunas dif\u00edciles","og_url":"https:\/\/accesolatino.org\/en\/te-de-manzanilla-tu-amigo-en-esta-cuarentena\/noticias\/","og_site_name":"Acceso Latino","article_publisher":"https:\/\/www.facebook.com\/AccesoLatinoOrg","article_published_time":"2020-05-20T15:18:20+00:00","article_modified_time":"2025-10-26T00:34:04+00:00","og_image":[{"width":600,"height":338,"url":"https:\/\/accesolatino.org\/wp-content\/uploads\/2020\/05\/El-te\u0301-de-manzanilla-tu-amigo-en-esta-cuarentena.jpg","type":"image\/jpeg"}],"author":"Noticias","twitter_card":"summary_large_image","twitter_creator":"@FAccLatino","twitter_site":"@FAccLatino","twitter_misc":{"Written by":"Noticias","Est. reading time":"2 minutes"},"schema":{"@context":"https:\/\/schema.org","@graph":[{"@type":"Article","@id":"https:\/\/accesolatino.org\/te-de-manzanilla-tu-amigo-en-esta-cuarentena\/noticias\/#article","isPartOf":{"@id":"https:\/\/accesolatino.org\/te-de-manzanilla-tu-amigo-en-esta-cuarentena\/noticias\/"},"author":{"name":"Noticias","@id":"https:\/\/accesolatino.org\/#\/schema\/person\/6b654926a4e7e4709c9ad12459661666"},"headline":"T\u00e9 de manzanilla, tu amigo en esta cuarentena","datePublished":"2020-05-20T15:18:20+00:00","dateModified":"2025-10-26T00:34:04+00:00","mainEntityOfPage":{"@id":"https:\/\/accesolatino.org\/te-de-manzanilla-tu-amigo-en-esta-cuarentena\/noticias\/"},"wordCount":289,"commentCount":0,"publisher":{"@id":"https:\/\/accesolatino.org\/#organization"},"image":{"@id":"https:\/\/accesolatino.org\/te-de-manzanilla-tu-amigo-en-esta-cuarentena\/noticias\/#primaryimage"},"thumbnailUrl":"https:\/\/accesolatino.org\/wp-content\/uploads\/2020\/05\/El-te\u0301-de-manzanilla-tu-amigo-en-esta-cuarentena.jpg","articleSection":["Noticias","Temas de inter\u00e9s"],"inLanguage":"en-US","potentialAction":[{"@type":"CommentAction","name":"Comment","target":["https:\/\/accesolatino.org\/te-de-manzanilla-tu-amigo-en-esta-cuarentena\/noticias\/#respond"]}]},{"@type":"WebPage","@id":"https:\/\/accesolatino.org\/te-de-manzanilla-tu-amigo-en-esta-cuarentena\/noticias\/","url":"https:\/\/accesolatino.org\/te-de-manzanilla-tu-amigo-en-esta-cuarentena\/noticias\/","name":"T\u00e9 de manzanilla, tu amigo en esta cuarentena","isPartOf":{"@id":"https:\/\/accesolatino.org\/#website"},"primaryImageOfPage":{"@id":"https:\/\/accesolatino.org\/te-de-manzanilla-tu-amigo-en-esta-cuarentena\/noticias\/#primaryimage"},"image":{"@id":"https:\/\/accesolatino.org\/te-de-manzanilla-tu-amigo-en-esta-cuarentena\/noticias\/#primaryimage"},"thumbnailUrl":"https:\/\/accesolatino.org\/wp-content\/uploads\/2020\/05\/El-te\u0301-de-manzanilla-tu-amigo-en-esta-cuarentena.jpg","datePublished":"2020-05-20T15:18:20+00:00","dateModified":"2025-10-26T00:34:04+00:00","description":"La pandemia y la cuarentena trajo consigo miedo y un sinf\u00edn de recomendaciones para disminuir el riesgo de contagiarnos, algunas dif\u00edciles","breadcrumb":{"@id":"https:\/\/accesolatino.org\/te-de-manzanilla-tu-amigo-en-esta-cuarentena\/noticias\/#breadcrumb"},"inLanguage":"en-US","potentialAction":[{"@type":"ReadAction","target":["https:\/\/accesolatino.org\/te-de-manzanilla-tu-amigo-en-esta-cuarentena\/noticias\/"]}]},{"@type":"ImageObject","inLanguage":"en-US","@id":"https:\/\/accesolatino.org\/te-de-manzanilla-tu-amigo-en-esta-cuarentena\/noticias\/#primaryimage","url":"https:\/\/accesolatino.org\/wp-content\/uploads\/2020\/05\/El-te\u0301-de-manzanilla-tu-amigo-en-esta-cuarentena.jpg","contentUrl":"https:\/\/accesolatino.org\/wp-content\/uploads\/2020\/05\/El-te\u0301-de-manzanilla-tu-amigo-en-esta-cuarentena.jpg","width":600,"height":338},{"@type":"BreadcrumbList","@id":"https:\/\/accesolatino.org\/te-de-manzanilla-tu-amigo-en-esta-cuarentena\/noticias\/#breadcrumb","itemListElement":[{"@type":"ListItem","position":1,"name":"Portada","item":"https:\/\/accesolatino.org\/"},{"@type":"ListItem","position":2,"name":"Noticias","item":"https:\/\/accesolatino.org\/category\/noticias\/"},{"@type":"ListItem","position":3,"name":"T\u00e9 de manzanilla, tu amigo en esta cuarentena"}]},{"@type":"WebSite","@id":"https:\/\/accesolatino.org\/#website","url":"https:\/\/accesolatino.org\/","name":"Acceso Latino | Fundaci\u00f3n Carlos Slim","description":"Fundaci\u00f3n Carlos Slim","publisher":{"@id":"https:\/\/accesolatino.org\/#organization"},"potentialAction":[{"@type":"SearchAction","target":{"@type":"EntryPoint","urlTemplate":"https:\/\/accesolatino.org\/?s={search_term_string}"},"query-input":{"@type":"PropertyValueSpecification","valueRequired":true,"valueName":"search_term_string"}}],"inLanguage":"en-US"},{"@type":"Organization","@id":"https:\/\/accesolatino.org\/#organization","name":"Acceso Latino | Fundaci\u00f3n Carlos Slim","url":"https:\/\/accesolatino.org\/","logo":{"@type":"ImageObject","inLanguage":"en-US","@id":"https:\/\/accesolatino.org\/#\/schema\/logo\/image\/","url":"https:\/\/accesolatino.org\/wp-content\/uploads\/2021\/02\/logo-footer-acceso-latino.png","contentUrl":"https:\/\/accesolatino.org\/wp-content\/uploads\/2021\/02\/logo-footer-acceso-latino.png","width":240,"height":40,"caption":"Acceso Latino | Fundaci\u00f3n Carlos Slim"},"image":{"@id":"https:\/\/accesolatino.org\/#\/schema\/logo\/image\/"},"sameAs":["https:\/\/www.facebook.com\/AccesoLatinoOrg","https:\/\/x.com\/FAccLatino"]},{"@type":"Person","@id":"https:\/\/accesolatino.org\/#\/schema\/person\/6b654926a4e7e4709c9ad12459661666","name":"News"}]}},"_links":{"self":[{"href":"https:\/\/accesolatino.org\/en\/wp-json\/wp\/v2\/posts\/21282","targetHints":{"allow":["GET"]}}],"collection":[{"href":"https:\/\/accesolatino.org\/en\/wp-json\/wp\/v2\/posts"}],"about":[{"href":"https:\/\/accesolatino.org\/en\/wp-json\/wp\/v2\/types\/post"}],"author":[{"embeddable":true,"href":"https:\/\/accesolatino.org\/en\/wp-json\/wp\/v2\/users\/13"}],"replies":[{"embeddable":true,"href":"https:\/\/accesolatino.org\/en\/wp-json\/wp\/v2\/comments?post=21282"}],"version-history":[{"count":1,"href":"https:\/\/accesolatino.org\/en\/wp-json\/wp\/v2\/posts\/21282\/revisions"}],"predecessor-version":[{"id":65906,"href":"https:\/\/accesolatino.org\/en\/wp-json\/wp\/v2\/posts\/21282\/revisions\/65906"}],"wp:featuredmedia":[{"embeddable":true,"href":"https:\/\/accesolatino.org\/en\/wp-json\/wp\/v2\/media\/21284"}],"wp:attachment":[{"href":"https:\/\/accesolatino.org\/en\/wp-json\/wp\/v2\/media?parent=21282"}],"wp:term":[{"taxonomy":"category","embeddable":true,"href":"https:\/\/accesolatino.org\/en\/wp-json\/wp\/v2\/categories?post=21282"},{"taxonomy":"post_tag","embeddable":true,"href":"https:\/\/accesolatino.org\/en\/wp-json\/wp\/v2\/tags?post=21282"}],"curies":[{"name":"wp","href":"https:\/\/api.w.org\/{rel}","templated":true}]}}