{"id":21228,"date":"2020-05-15T11:01:24","date_gmt":"2020-05-15T16:01:24","guid":{"rendered":"https:\/\/accesolatino.org\/?p=21228"},"modified":"2025-10-25T18:35:25","modified_gmt":"2025-10-26T00:35:25","slug":"como-manejar-correctamente-las-emociones-durante-la-cuarentena","status":"publish","type":"post","link":"https:\/\/accesolatino.org\/en\/como-manejar-correctamente-las-emociones-durante-la-cuarentena\/noticias\/","title":{"rendered":"\u00bfC\u00f3mo manejar correctamente las emociones durante la cuarentena?"},"content":{"rendered":"<div data-elementor-type=\"wp-post\" data-elementor-id=\"21228\" class=\"elementor elementor-21228\">\n\t\t\t\t\t\t<section class=\"elementor-section elementor-top-section elementor-element elementor-element-e311389 elementor-section-boxed elementor-section-height-default elementor-section-height-default wpr-particle-no wpr-jarallax-no wpr-parallax-no wpr-sticky-section-no wpr-equal-height-no\" data-id=\"e311389\" data-element_type=\"section\" data-e-type=\"section\">\n\t\t\t\t\t\t<div class=\"elementor-container elementor-column-gap-default\">\n\t\t\t\t\t<div class=\"elementor-column elementor-col-100 elementor-top-column elementor-element elementor-element-978633f\" data-id=\"978633f\" data-element_type=\"column\" data-e-type=\"column\">\n\t\t\t<div class=\"elementor-widget-wrap elementor-element-populated\">\n\t\t\t\t\t\t<div class=\"elementor-element elementor-element-6f3bde3 elementor-widget elementor-widget-text-editor\" data-id=\"6f3bde3\" data-element_type=\"widget\" data-e-type=\"widget\" data-widget_type=\"text-editor.default\">\n\t\t\t\t<div class=\"elementor-widget-container\">\n\t\t\t\t\t\t\t\t\t<p>A\u00fan no se definen bien las fechas para regresar a la actividad cotidiana, aunque hay algunos estados que est\u00e1n a solo unos cuantos d\u00edas, por lo que cuidar la salud mental sigue siendo una tarea important\u00edsima.<\/p><p>La directora Malvina Patricia Rodr\u00edguez, directora de la organizaci\u00f3n Cuidando al Cuidador destac\u00f3 que los pensamientos positivos son la base para un buen manejo de las emociones durante la cuarentena por Covid-19.\u00a0<\/p><p>La experta menciona, aunque la pandemia no puede evitarse, es posible vivirla de mejor forma.<\/p><p>Destac\u00f3 que, con pensamientos negativos, hay emociones nocivas y viceversa.<\/p><p>La directora recalc\u00f3 que las emociones inadecuadas, como son el enojo o el miedo, tienden a llevar las personas a estados de ansiedad, estr\u00e9s, depresi\u00f3n y en casos extremos de violencia.<\/p><p>Por tal motivo y para obtener pensamientos positivos y enfrentar el confinamiento de mejor forma, la experta nos aconseja lo siguiente:<\/p><p>\u2022 Arma un horario para trabajar, estudiar, comer, cenar y hacer ejercicio.<\/p><p>\u2022 Evita programas que estresen, procura ver contenido que relaje o te haga reir.<\/p><p>\u2022 Comer saludablemente y evitar comida chatarra.<\/p><p>\u2022 Todos los dias cambia de ropa, nunca te quedes en pijama y manten tu casa en orden.<\/p><p>La especialista ponder\u00f3 que los lugares que est\u00e1n desarreglados como la mesa o un cuarto, quitan energ\u00eda positiva a las personas y les agrega una carga emocional negativa.<\/p><p>Finalmente, concluy\u00f3 que la felicidad no es aquello que nos pasa, sino la forma de interpretar la realidad, por lo que siempre va a depender de la actitud que tomemos\u201d.<\/p><p>En tiempo de coronavirus <a href=\"https:\/\/www.clikisalud.net\/\" target=\"_blank\" rel=\"noopener\">clikisalud.net<\/a> te informa.\u00a0<\/p>\t\t\t\t\t\t\t\t<\/div>\n\t\t\t\t<\/div>\n\t\t\t\t\t<\/div>\n\t\t<\/div>\n\t\t\t\t\t<\/div>\n\t\t<\/section>\n\t\t\t\t<\/div>","protected":false},"excerpt":{"rendered":"<p>A\u00fan no se definen bien las fechas para regresar a la actividad cotidiana, aunque hay algunos estados que est\u00e1n a solo unos cuantos d\u00edas, por lo que cuidar la salud mental sigue siendo una tarea important\u00edsima. La directora Malvina Patricia Rodr\u00edguez, directora de la organizaci\u00f3n Cuidando al Cuidador destac\u00f3 que los pensamientos positivos son la base para un buen manejo de las emociones durante la cuarentena por Covid-19.&nbsp; La experta menciona, aunque la pandemia no puede evitarse, es posible vivirla de mejor forma. Destac\u00f3 que, con pensamientos negativos, hay emociones nocivas y viceversa. La directora recalc\u00f3 que las emociones inadecuadas, como son el enojo o el miedo, tienden a llevar las personas a estados de ansiedad, estr\u00e9s, depresi\u00f3n y en casos extremos de violencia. Por tal motivo y para obtener pensamientos positivos y enfrentar el confinamiento de mejor forma, la experta nos aconseja lo siguiente: \u2022 Arma un horario para trabajar, estudiar, comer, cenar y hacer ejercicio. \u2022 Evita programas que estresen, procura ver contenido que relaje o te haga reir. \u2022 Comer saludablemente y evitar comida chatarra. \u2022 Todos los dias cambia de ropa, nunca te quedes en pijama y manten tu casa en orden. La especialista ponder\u00f3 que los lugares que est\u00e1n desarreglados como la mesa o un cuarto, quitan energ\u00eda positiva a las personas y les agrega una carga emocional negativa. Finalmente, concluy\u00f3 que la felicidad no es aquello que nos pasa, sino la forma de interpretar la realidad, por lo que siempre va a depender de la actitud que tomemos\u201d. En tiempo de coronavirus clikisalud.net te informa.&nbsp;<\/p>","protected":false},"author":13,"featured_media":21229,"comment_status":"open","ping_status":"open","sticky":false,"template":"elementor_header_footer","format":"standard","meta":{"_uf_show_specific_survey":0,"_uf_disable_surveys":false,"footnotes":""},"categories":[10,1],"tags":[],"class_list":["post-21228","post","type-post","status-publish","format-standard","has-post-thumbnail","hentry","category-noticias","category-temas-de-interes"],"aioseo_notices":[],"yoast_head":"<!-- This site is optimized with the Yoast SEO plugin v27.4 - https:\/\/yoast.com\/product\/yoast-seo-wordpress\/ -->\n<title>\u00bfC\u00f3mo manejar correctamente las emociones durante la cuarentena?<\/title>\n<meta name=\"description\" content=\"A\u00fan no se definen bien las fechas para regresar a la actividad cotidiana, aunque hay algunos estados que est\u00e1n a solo unos cuantos d\u00edas, por lo que\" \/>\n<meta name=\"robots\" content=\"index, follow, max-snippet:-1, max-image-preview:large, max-video-preview:-1\" \/>\n<link rel=\"canonical\" href=\"https:\/\/accesolatino.org\/en\/como-manejar-correctamente-las-emociones-durante-la-cuarentena\/noticias\/\" \/>\n<meta property=\"og:locale\" content=\"en_US\" \/>\n<meta property=\"og:type\" content=\"article\" \/>\n<meta property=\"og:title\" content=\"\u00bfC\u00f3mo manejar correctamente las emociones durante la cuarentena?\" \/>\n<meta property=\"og:description\" content=\"A\u00fan no se definen bien las fechas para regresar a la actividad cotidiana, aunque hay algunos estados que est\u00e1n a solo unos cuantos d\u00edas, por lo que\" \/>\n<meta property=\"og:url\" content=\"https:\/\/accesolatino.org\/en\/como-manejar-correctamente-las-emociones-durante-la-cuarentena\/noticias\/\" \/>\n<meta property=\"og:site_name\" content=\"Acceso Latino\" \/>\n<meta property=\"article:publisher\" content=\"https:\/\/www.facebook.com\/AccesoLatinoOrg\" \/>\n<meta property=\"article:published_time\" content=\"2020-05-15T16:01:24+00:00\" \/>\n<meta property=\"article:modified_time\" content=\"2025-10-26T00:35:25+00:00\" \/>\n<meta property=\"og:image\" content=\"https:\/\/accesolatino.org\/wp-content\/uploads\/2020\/05\/\u00bfCo\u0301mo-manejar-correctamente-las-emociones-durante-la-cuarentena_.png\" \/>\n\t<meta property=\"og:image:width\" content=\"600\" \/>\n\t<meta property=\"og:image:height\" content=\"338\" \/>\n\t<meta property=\"og:image:type\" content=\"image\/png\" \/>\n<meta name=\"author\" content=\"Noticias\" \/>\n<meta name=\"twitter:card\" content=\"summary_large_image\" \/>\n<meta name=\"twitter:creator\" content=\"@FAccLatino\" \/>\n<meta name=\"twitter:site\" content=\"@FAccLatino\" \/>\n<meta name=\"twitter:label1\" content=\"Written by\" \/>\n\t<meta name=\"twitter:data1\" content=\"Noticias\" \/>\n\t<meta name=\"twitter:label2\" content=\"Est. reading time\" \/>\n\t<meta name=\"twitter:data2\" content=\"2 minutes\" \/>\n<script type=\"application\/ld+json\" class=\"yoast-schema-graph\">{\"@context\":\"https:\\\/\\\/schema.org\",\"@graph\":[{\"@type\":\"Article\",\"@id\":\"https:\\\/\\\/accesolatino.org\\\/como-manejar-correctamente-las-emociones-durante-la-cuarentena\\\/noticias\\\/#article\",\"isPartOf\":{\"@id\":\"https:\\\/\\\/accesolatino.org\\\/como-manejar-correctamente-las-emociones-durante-la-cuarentena\\\/noticias\\\/\"},\"author\":{\"name\":\"Noticias\",\"@id\":\"https:\\\/\\\/accesolatino.org\\\/#\\\/schema\\\/person\\\/6b654926a4e7e4709c9ad12459661666\"},\"headline\":\"\u00bfC\u00f3mo manejar correctamente las emociones durante la cuarentena?\",\"datePublished\":\"2020-05-15T16:01:24+00:00\",\"dateModified\":\"2025-10-26T00:35:25+00:00\",\"mainEntityOfPage\":{\"@id\":\"https:\\\/\\\/accesolatino.org\\\/como-manejar-correctamente-las-emociones-durante-la-cuarentena\\\/noticias\\\/\"},\"wordCount\":279,\"commentCount\":0,\"publisher\":{\"@id\":\"https:\\\/\\\/accesolatino.org\\\/#organization\"},\"image\":{\"@id\":\"https:\\\/\\\/accesolatino.org\\\/como-manejar-correctamente-las-emociones-durante-la-cuarentena\\\/noticias\\\/#primaryimage\"},\"thumbnailUrl\":\"https:\\\/\\\/accesolatino.org\\\/wp-content\\\/uploads\\\/2020\\\/05\\\/\u00bfCo\u0301mo-manejar-correctamente-las-emociones-durante-la-cuarentena_.png\",\"articleSection\":[\"Noticias\",\"Temas de inter\u00e9s\"],\"inLanguage\":\"en-US\",\"potentialAction\":[{\"@type\":\"CommentAction\",\"name\":\"Comment\",\"target\":[\"https:\\\/\\\/accesolatino.org\\\/como-manejar-correctamente-las-emociones-durante-la-cuarentena\\\/noticias\\\/#respond\"]}]},{\"@type\":\"WebPage\",\"@id\":\"https:\\\/\\\/accesolatino.org\\\/como-manejar-correctamente-las-emociones-durante-la-cuarentena\\\/noticias\\\/\",\"url\":\"https:\\\/\\\/accesolatino.org\\\/como-manejar-correctamente-las-emociones-durante-la-cuarentena\\\/noticias\\\/\",\"name\":\"\u00bfC\u00f3mo manejar correctamente las emociones durante la cuarentena?\",\"isPartOf\":{\"@id\":\"https:\\\/\\\/accesolatino.org\\\/#website\"},\"primaryImageOfPage\":{\"@id\":\"https:\\\/\\\/accesolatino.org\\\/como-manejar-correctamente-las-emociones-durante-la-cuarentena\\\/noticias\\\/#primaryimage\"},\"image\":{\"@id\":\"https:\\\/\\\/accesolatino.org\\\/como-manejar-correctamente-las-emociones-durante-la-cuarentena\\\/noticias\\\/#primaryimage\"},\"thumbnailUrl\":\"https:\\\/\\\/accesolatino.org\\\/wp-content\\\/uploads\\\/2020\\\/05\\\/\u00bfCo\u0301mo-manejar-correctamente-las-emociones-durante-la-cuarentena_.png\",\"datePublished\":\"2020-05-15T16:01:24+00:00\",\"dateModified\":\"2025-10-26T00:35:25+00:00\",\"description\":\"A\u00fan no se definen bien las fechas para regresar a la actividad cotidiana, aunque hay algunos estados que est\u00e1n a solo unos cuantos d\u00edas, por lo que\",\"breadcrumb\":{\"@id\":\"https:\\\/\\\/accesolatino.org\\\/como-manejar-correctamente-las-emociones-durante-la-cuarentena\\\/noticias\\\/#breadcrumb\"},\"inLanguage\":\"en-US\",\"potentialAction\":[{\"@type\":\"ReadAction\",\"target\":[\"https:\\\/\\\/accesolatino.org\\\/como-manejar-correctamente-las-emociones-durante-la-cuarentena\\\/noticias\\\/\"]}]},{\"@type\":\"ImageObject\",\"inLanguage\":\"en-US\",\"@id\":\"https:\\\/\\\/accesolatino.org\\\/como-manejar-correctamente-las-emociones-durante-la-cuarentena\\\/noticias\\\/#primaryimage\",\"url\":\"https:\\\/\\\/accesolatino.org\\\/wp-content\\\/uploads\\\/2020\\\/05\\\/\u00bfCo\u0301mo-manejar-correctamente-las-emociones-durante-la-cuarentena_.png\",\"contentUrl\":\"https:\\\/\\\/accesolatino.org\\\/wp-content\\\/uploads\\\/2020\\\/05\\\/\u00bfCo\u0301mo-manejar-correctamente-las-emociones-durante-la-cuarentena_.png\",\"width\":600,\"height\":338},{\"@type\":\"BreadcrumbList\",\"@id\":\"https:\\\/\\\/accesolatino.org\\\/como-manejar-correctamente-las-emociones-durante-la-cuarentena\\\/noticias\\\/#breadcrumb\",\"itemListElement\":[{\"@type\":\"ListItem\",\"position\":1,\"name\":\"Portada\",\"item\":\"https:\\\/\\\/accesolatino.org\\\/\"},{\"@type\":\"ListItem\",\"position\":2,\"name\":\"Noticias\",\"item\":\"https:\\\/\\\/accesolatino.org\\\/category\\\/noticias\\\/\"},{\"@type\":\"ListItem\",\"position\":3,\"name\":\"\u00bfC\u00f3mo manejar correctamente las emociones durante la cuarentena?\"}]},{\"@type\":\"WebSite\",\"@id\":\"https:\\\/\\\/accesolatino.org\\\/#website\",\"url\":\"https:\\\/\\\/accesolatino.org\\\/\",\"name\":\"Acceso Latino | Fundaci\u00f3n Carlos Slim\",\"description\":\"Fundaci\u00f3n Carlos Slim\",\"publisher\":{\"@id\":\"https:\\\/\\\/accesolatino.org\\\/#organization\"},\"potentialAction\":[{\"@type\":\"SearchAction\",\"target\":{\"@type\":\"EntryPoint\",\"urlTemplate\":\"https:\\\/\\\/accesolatino.org\\\/?s={search_term_string}\"},\"query-input\":{\"@type\":\"PropertyValueSpecification\",\"valueRequired\":true,\"valueName\":\"search_term_string\"}}],\"inLanguage\":\"en-US\"},{\"@type\":\"Organization\",\"@id\":\"https:\\\/\\\/accesolatino.org\\\/#organization\",\"name\":\"Acceso Latino | Fundaci\u00f3n Carlos Slim\",\"url\":\"https:\\\/\\\/accesolatino.org\\\/\",\"logo\":{\"@type\":\"ImageObject\",\"inLanguage\":\"en-US\",\"@id\":\"https:\\\/\\\/accesolatino.org\\\/#\\\/schema\\\/logo\\\/image\\\/\",\"url\":\"https:\\\/\\\/accesolatino.org\\\/wp-content\\\/uploads\\\/2021\\\/02\\\/logo-footer-acceso-latino.png\",\"contentUrl\":\"https:\\\/\\\/accesolatino.org\\\/wp-content\\\/uploads\\\/2021\\\/02\\\/logo-footer-acceso-latino.png\",\"width\":240,\"height\":40,\"caption\":\"Acceso Latino | Fundaci\u00f3n Carlos Slim\"},\"image\":{\"@id\":\"https:\\\/\\\/accesolatino.org\\\/#\\\/schema\\\/logo\\\/image\\\/\"},\"sameAs\":[\"https:\\\/\\\/www.facebook.com\\\/AccesoLatinoOrg\",\"https:\\\/\\\/x.com\\\/FAccLatino\"]},{\"@type\":\"Person\",\"@id\":\"https:\\\/\\\/accesolatino.org\\\/#\\\/schema\\\/person\\\/6b654926a4e7e4709c9ad12459661666\",\"name\":\"Noticias\"}]}<\/script>\n<!-- \/ Yoast SEO plugin. -->","yoast_head_json":{"title":"\u00bfC\u00f3mo manejar correctamente las emociones durante la cuarentena?","description":"A\u00fan no se definen bien las fechas para regresar a la actividad cotidiana, aunque hay algunos estados que est\u00e1n a solo unos cuantos d\u00edas, por lo que","robots":{"index":"index","follow":"follow","max-snippet":"max-snippet:-1","max-image-preview":"max-image-preview:large","max-video-preview":"max-video-preview:-1"},"canonical":"https:\/\/accesolatino.org\/en\/como-manejar-correctamente-las-emociones-durante-la-cuarentena\/noticias\/","og_locale":"en_US","og_type":"article","og_title":"\u00bfC\u00f3mo manejar correctamente las emociones durante la cuarentena?","og_description":"A\u00fan no se definen bien las fechas para regresar a la actividad cotidiana, aunque hay algunos estados que est\u00e1n a solo unos cuantos d\u00edas, por lo que","og_url":"https:\/\/accesolatino.org\/en\/como-manejar-correctamente-las-emociones-durante-la-cuarentena\/noticias\/","og_site_name":"Acceso Latino","article_publisher":"https:\/\/www.facebook.com\/AccesoLatinoOrg","article_published_time":"2020-05-15T16:01:24+00:00","article_modified_time":"2025-10-26T00:35:25+00:00","og_image":[{"width":600,"height":338,"url":"https:\/\/accesolatino.org\/wp-content\/uploads\/2020\/05\/\u00bfCo\u0301mo-manejar-correctamente-las-emociones-durante-la-cuarentena_.png","type":"image\/png"}],"author":"Noticias","twitter_card":"summary_large_image","twitter_creator":"@FAccLatino","twitter_site":"@FAccLatino","twitter_misc":{"Written by":"Noticias","Est. reading time":"2 minutes"},"schema":{"@context":"https:\/\/schema.org","@graph":[{"@type":"Article","@id":"https:\/\/accesolatino.org\/como-manejar-correctamente-las-emociones-durante-la-cuarentena\/noticias\/#article","isPartOf":{"@id":"https:\/\/accesolatino.org\/como-manejar-correctamente-las-emociones-durante-la-cuarentena\/noticias\/"},"author":{"name":"Noticias","@id":"https:\/\/accesolatino.org\/#\/schema\/person\/6b654926a4e7e4709c9ad12459661666"},"headline":"\u00bfC\u00f3mo manejar correctamente las emociones durante la cuarentena?","datePublished":"2020-05-15T16:01:24+00:00","dateModified":"2025-10-26T00:35:25+00:00","mainEntityOfPage":{"@id":"https:\/\/accesolatino.org\/como-manejar-correctamente-las-emociones-durante-la-cuarentena\/noticias\/"},"wordCount":279,"commentCount":0,"publisher":{"@id":"https:\/\/accesolatino.org\/#organization"},"image":{"@id":"https:\/\/accesolatino.org\/como-manejar-correctamente-las-emociones-durante-la-cuarentena\/noticias\/#primaryimage"},"thumbnailUrl":"https:\/\/accesolatino.org\/wp-content\/uploads\/2020\/05\/\u00bfCo\u0301mo-manejar-correctamente-las-emociones-durante-la-cuarentena_.png","articleSection":["Noticias","Temas de inter\u00e9s"],"inLanguage":"en-US","potentialAction":[{"@type":"CommentAction","name":"Comment","target":["https:\/\/accesolatino.org\/como-manejar-correctamente-las-emociones-durante-la-cuarentena\/noticias\/#respond"]}]},{"@type":"WebPage","@id":"https:\/\/accesolatino.org\/como-manejar-correctamente-las-emociones-durante-la-cuarentena\/noticias\/","url":"https:\/\/accesolatino.org\/como-manejar-correctamente-las-emociones-durante-la-cuarentena\/noticias\/","name":"\u00bfC\u00f3mo manejar correctamente las emociones durante la cuarentena?","isPartOf":{"@id":"https:\/\/accesolatino.org\/#website"},"primaryImageOfPage":{"@id":"https:\/\/accesolatino.org\/como-manejar-correctamente-las-emociones-durante-la-cuarentena\/noticias\/#primaryimage"},"image":{"@id":"https:\/\/accesolatino.org\/como-manejar-correctamente-las-emociones-durante-la-cuarentena\/noticias\/#primaryimage"},"thumbnailUrl":"https:\/\/accesolatino.org\/wp-content\/uploads\/2020\/05\/\u00bfCo\u0301mo-manejar-correctamente-las-emociones-durante-la-cuarentena_.png","datePublished":"2020-05-15T16:01:24+00:00","dateModified":"2025-10-26T00:35:25+00:00","description":"A\u00fan no se definen bien las fechas para regresar a la actividad cotidiana, aunque hay algunos estados que est\u00e1n a solo unos cuantos d\u00edas, por lo que","breadcrumb":{"@id":"https:\/\/accesolatino.org\/como-manejar-correctamente-las-emociones-durante-la-cuarentena\/noticias\/#breadcrumb"},"inLanguage":"en-US","potentialAction":[{"@type":"ReadAction","target":["https:\/\/accesolatino.org\/como-manejar-correctamente-las-emociones-durante-la-cuarentena\/noticias\/"]}]},{"@type":"ImageObject","inLanguage":"en-US","@id":"https:\/\/accesolatino.org\/como-manejar-correctamente-las-emociones-durante-la-cuarentena\/noticias\/#primaryimage","url":"https:\/\/accesolatino.org\/wp-content\/uploads\/2020\/05\/\u00bfCo\u0301mo-manejar-correctamente-las-emociones-durante-la-cuarentena_.png","contentUrl":"https:\/\/accesolatino.org\/wp-content\/uploads\/2020\/05\/\u00bfCo\u0301mo-manejar-correctamente-las-emociones-durante-la-cuarentena_.png","width":600,"height":338},{"@type":"BreadcrumbList","@id":"https:\/\/accesolatino.org\/como-manejar-correctamente-las-emociones-durante-la-cuarentena\/noticias\/#breadcrumb","itemListElement":[{"@type":"ListItem","position":1,"name":"Portada","item":"https:\/\/accesolatino.org\/"},{"@type":"ListItem","position":2,"name":"Noticias","item":"https:\/\/accesolatino.org\/category\/noticias\/"},{"@type":"ListItem","position":3,"name":"\u00bfC\u00f3mo manejar correctamente las emociones durante la cuarentena?"}]},{"@type":"WebSite","@id":"https:\/\/accesolatino.org\/#website","url":"https:\/\/accesolatino.org\/","name":"Acceso Latino | Fundaci\u00f3n Carlos Slim","description":"Fundaci\u00f3n Carlos Slim","publisher":{"@id":"https:\/\/accesolatino.org\/#organization"},"potentialAction":[{"@type":"SearchAction","target":{"@type":"EntryPoint","urlTemplate":"https:\/\/accesolatino.org\/?s={search_term_string}"},"query-input":{"@type":"PropertyValueSpecification","valueRequired":true,"valueName":"search_term_string"}}],"inLanguage":"en-US"},{"@type":"Organization","@id":"https:\/\/accesolatino.org\/#organization","name":"Acceso Latino | Fundaci\u00f3n Carlos Slim","url":"https:\/\/accesolatino.org\/","logo":{"@type":"ImageObject","inLanguage":"en-US","@id":"https:\/\/accesolatino.org\/#\/schema\/logo\/image\/","url":"https:\/\/accesolatino.org\/wp-content\/uploads\/2021\/02\/logo-footer-acceso-latino.png","contentUrl":"https:\/\/accesolatino.org\/wp-content\/uploads\/2021\/02\/logo-footer-acceso-latino.png","width":240,"height":40,"caption":"Acceso Latino | Fundaci\u00f3n Carlos Slim"},"image":{"@id":"https:\/\/accesolatino.org\/#\/schema\/logo\/image\/"},"sameAs":["https:\/\/www.facebook.com\/AccesoLatinoOrg","https:\/\/x.com\/FAccLatino"]},{"@type":"Person","@id":"https:\/\/accesolatino.org\/#\/schema\/person\/6b654926a4e7e4709c9ad12459661666","name":"News"}]}},"_links":{"self":[{"href":"https:\/\/accesolatino.org\/en\/wp-json\/wp\/v2\/posts\/21228","targetHints":{"allow":["GET"]}}],"collection":[{"href":"https:\/\/accesolatino.org\/en\/wp-json\/wp\/v2\/posts"}],"about":[{"href":"https:\/\/accesolatino.org\/en\/wp-json\/wp\/v2\/types\/post"}],"author":[{"embeddable":true,"href":"https:\/\/accesolatino.org\/en\/wp-json\/wp\/v2\/users\/13"}],"replies":[{"embeddable":true,"href":"https:\/\/accesolatino.org\/en\/wp-json\/wp\/v2\/comments?post=21228"}],"version-history":[{"count":1,"href":"https:\/\/accesolatino.org\/en\/wp-json\/wp\/v2\/posts\/21228\/revisions"}],"predecessor-version":[{"id":65912,"href":"https:\/\/accesolatino.org\/en\/wp-json\/wp\/v2\/posts\/21228\/revisions\/65912"}],"wp:featuredmedia":[{"embeddable":true,"href":"https:\/\/accesolatino.org\/en\/wp-json\/wp\/v2\/media\/21229"}],"wp:attachment":[{"href":"https:\/\/accesolatino.org\/en\/wp-json\/wp\/v2\/media?parent=21228"}],"wp:term":[{"taxonomy":"category","embeddable":true,"href":"https:\/\/accesolatino.org\/en\/wp-json\/wp\/v2\/categories?post=21228"},{"taxonomy":"post_tag","embeddable":true,"href":"https:\/\/accesolatino.org\/en\/wp-json\/wp\/v2\/tags?post=21228"}],"curies":[{"name":"wp","href":"https:\/\/api.w.org\/{rel}","templated":true}]}}