{"id":21223,"date":"2020-05-15T11:01:21","date_gmt":"2020-05-15T16:01:21","guid":{"rendered":"https:\/\/accesolatino.org\/?p=21223"},"modified":"2025-10-25T18:35:26","modified_gmt":"2025-10-26T00:35:26","slug":"ley-heroes-dara-apoyo-economico-y-evitara-deportaciones","status":"publish","type":"post","link":"https:\/\/accesolatino.org\/en\/ley-heroes-dara-apoyo-economico-y-evitara-deportaciones\/noticias\/","title":{"rendered":"Ley H\u00e9roes dar\u00e1 apoyo econ\u00f3mico y evitar\u00e1 deportaciones"},"content":{"rendered":"<div data-elementor-type=\"wp-post\" data-elementor-id=\"21223\" class=\"elementor elementor-21223\">\n\t\t\t\t\t\t<section class=\"elementor-section elementor-top-section elementor-element elementor-element-e311389 elementor-section-boxed elementor-section-height-default elementor-section-height-default wpr-particle-no wpr-jarallax-no wpr-parallax-no wpr-sticky-section-no wpr-equal-height-no\" data-id=\"e311389\" data-element_type=\"section\" data-e-type=\"section\">\n\t\t\t\t\t\t<div class=\"elementor-container elementor-column-gap-default\">\n\t\t\t\t\t<div class=\"elementor-column elementor-col-100 elementor-top-column elementor-element elementor-element-978633f\" data-id=\"978633f\" data-element_type=\"column\" data-e-type=\"column\">\n\t\t\t<div class=\"elementor-widget-wrap elementor-element-populated\">\n\t\t\t\t\t\t<div class=\"elementor-element elementor-element-6f3bde3 elementor-widget elementor-widget-text-editor\" data-id=\"6f3bde3\" data-element_type=\"widget\" data-e-type=\"widget\" data-widget_type=\"text-editor.default\">\n\t\t\t\t<div class=\"elementor-widget-container\">\n\t\t\t\t\t\t\t\t\t<p>Existen muchos indocumentados que se encuentran indefensos ante la crisis econ\u00f3mica provocada por la pandemia del coronavirus, as\u00ed como estar al pendiente de las deportaciones, pero la Ley CARES 2, vendr\u00e1 a darles un apoyo significativo.<\/p><p><strong>\u00a0<\/strong>La Ley H\u00e9roes, fue presentada por los dem\u00f3cratas en la C\u00e1mara, y la tarea es ayudar a los inmigrantes de la Uni\u00f3n Americana en la crisis financiera y el riesgo de deportaci\u00f3n, estas propuestas se integrar\u00e1n en subsecci\u00f3n de \u201cAsuntos de inmigraci\u00f3n\u201d.<\/p><p>El proyecto dar\u00e1 oportunidad a que los inmigrantes indocumentados que pagan impuestos reciban los cheques de ayuda del Gobierno, recordemos que la Ley CARES, dej\u00f3 afuera a muchos inmigrantes, lo que trajo pol\u00e9mica y muchas demandas.<\/p><p>Este plan ya se envi\u00f3 a la presidenta de la C\u00e1mara, Nancy Pelosi, que busca ayudar a todos los trabajadores inmigrantes con ITIN e incluso proporcionar \u201cGreen cards\u201d a los m\u00e9dicos que han prestado sus servicios durante la pandemia.<\/p><p>El plan enviado por la presidenta de la C\u00e1mara, Nancy Pelosi (California), busca apoyar a los trabajadores inmigrantes de primera l\u00ednea, incluso permitir \u201cgreen cards\u201d expeditas para los m\u00e9dicos.<\/p><p>En uno de sus apartados propone dar velocidad a todos los procesos de visa de trabajo para los trabadores de la salud, as\u00ed como una extensi\u00f3n temporal para los que est\u00e1n proceso de solicitud de los no nacidos en USA con permisos de trabajos y visas de inmigraci\u00f3n que est\u00e1n por expirar en tiempos de pandemia.<\/p><p>Adem\u00e1s, otorgar\u00edan permisos para que las \u201cGreen Card\u201d que no se utilizaron en el a\u00f1o fiscal 2020, se liberen en a\u00f1os venideros.<\/p><p>El jefe de Seguridad Nacional, Chad Wolf, en cuanto la medida entre en vigor debe atender de forma inmediata todo lo relacionado con migraci\u00f3n.<\/p><p>\u201cApresure el proceso de atenciones y peticiones que buscan trabajo o la clasificaci\u00f3n de un extranjero como migrante legal para para practicar medicina, dar atenci\u00f3n m\u00e9dica, participar en investigaciones cl\u00ednicas o contar con educaci\u00f3n de salud de posgrado o programas de capacitaci\u00f3n que impliquen diagn\u00f3stico, procedimiento o prevenci\u00f3n del coronavirus\u201d, indic\u00f3.<\/p><p>La ley constituye que algunos prestadores de servicio ser\u00edan \u201cconsiderados en un periodo de acci\u00f3n diferida y autorizados para el empleo\u201d, a fin de que no tengan problemas con migraci\u00f3n.<\/p><p>Fuente: <em>La Opini\u00f3n<\/em><\/p>\t\t\t\t\t\t\t\t<\/div>\n\t\t\t\t<\/div>\n\t\t\t\t\t<\/div>\n\t\t<\/div>\n\t\t\t\t\t<\/div>\n\t\t<\/section>\n\t\t\t\t<\/div>","protected":false},"excerpt":{"rendered":"<p>Existen muchos indocumentados que se encuentran indefensos ante la crisis econ\u00f3mica provocada por la pandemia del coronavirus, as\u00ed como estar al pendiente de las deportaciones, pero la Ley CARES 2, vendr\u00e1 a darles un apoyo significativo. &nbsp;La Ley H\u00e9roes, fue presentada por los dem\u00f3cratas en la C\u00e1mara, y la tarea es ayudar a los inmigrantes de la Uni\u00f3n Americana en la crisis financiera y el riesgo de deportaci\u00f3n, estas propuestas se integrar\u00e1n en subsecci\u00f3n de \u201cAsuntos de inmigraci\u00f3n\u201d. El proyecto dar\u00e1 oportunidad a que los inmigrantes indocumentados que pagan impuestos reciban los cheques de ayuda del Gobierno, recordemos que la Ley CARES, dej\u00f3 afuera a muchos inmigrantes, lo que trajo pol\u00e9mica y muchas demandas. Este plan ya se envi\u00f3 a la presidenta de la C\u00e1mara, Nancy Pelosi, que busca ayudar a todos los trabajadores inmigrantes con ITIN e incluso proporcionar \u201cGreen cards\u201d a los m\u00e9dicos que han prestado sus servicios durante la pandemia. El plan enviado por la presidenta de la C\u00e1mara, Nancy Pelosi (California), busca apoyar a los trabajadores inmigrantes de primera l\u00ednea, incluso permitir \u201cgreen cards\u201d expeditas para los m\u00e9dicos. En uno de sus apartados propone dar velocidad a todos los procesos de visa de trabajo para los trabadores de la salud, as\u00ed como una extensi\u00f3n temporal para los que est\u00e1n proceso de solicitud de los no nacidos en USA con permisos de trabajos y visas de inmigraci\u00f3n que est\u00e1n por expirar en tiempos de pandemia. Adem\u00e1s, otorgar\u00edan permisos para que las \u201cGreen Card\u201d que no se utilizaron en el a\u00f1o fiscal 2020, se liberen en a\u00f1os venideros. El jefe de Seguridad Nacional, Chad Wolf, en cuanto la medida entre en vigor debe atender de forma inmediata todo lo relacionado con migraci\u00f3n. \u201cApresure el proceso de atenciones y peticiones que buscan trabajo o la clasificaci\u00f3n de un extranjero como migrante legal para para practicar medicina, dar atenci\u00f3n m\u00e9dica, participar en investigaciones cl\u00ednicas o contar con educaci\u00f3n de salud de posgrado o programas de capacitaci\u00f3n que impliquen diagn\u00f3stico, procedimiento o prevenci\u00f3n del coronavirus\u201d, indic\u00f3. La ley constituye que algunos prestadores de servicio ser\u00edan \u201cconsiderados en un periodo de acci\u00f3n diferida y autorizados para el empleo\u201d, a fin de que no tengan problemas con migraci\u00f3n. Fuente: La Opini\u00f3n<\/p>","protected":false},"author":13,"featured_media":21227,"comment_status":"open","ping_status":"open","sticky":false,"template":"elementor_header_footer","format":"standard","meta":{"_uf_show_specific_survey":0,"_uf_disable_surveys":false,"footnotes":""},"categories":[10,1],"tags":[],"class_list":["post-21223","post","type-post","status-publish","format-standard","has-post-thumbnail","hentry","category-noticias","category-temas-de-interes"],"aioseo_notices":[],"yoast_head":"<!-- This site is optimized with the Yoast SEO plugin v27.4 - https:\/\/yoast.com\/product\/yoast-seo-wordpress\/ -->\n<title>Ley H\u00e9roes dar\u00e1 apoyo econ\u00f3mico y evitar\u00e1 deportaciones<\/title>\n<meta name=\"description\" content=\"Existen muchos indocumentados que se encuentran indefensos ante la crisis econ\u00f3mica provocada por la pandemia del coronavirus, as\u00ed como estar al\" \/>\n<meta name=\"robots\" content=\"index, follow, max-snippet:-1, max-image-preview:large, max-video-preview:-1\" \/>\n<link rel=\"canonical\" href=\"https:\/\/accesolatino.org\/en\/ley-heroes-dara-apoyo-economico-y-evitara-deportaciones\/noticias\/\" \/>\n<meta property=\"og:locale\" content=\"en_US\" \/>\n<meta property=\"og:type\" content=\"article\" \/>\n<meta property=\"og:title\" content=\"Ley H\u00e9roes dar\u00e1 apoyo econ\u00f3mico y evitar\u00e1 deportaciones\" \/>\n<meta property=\"og:description\" content=\"Existen muchos indocumentados que se encuentran indefensos ante la crisis econ\u00f3mica provocada por la pandemia del coronavirus, as\u00ed como estar al\" \/>\n<meta property=\"og:url\" content=\"https:\/\/accesolatino.org\/en\/ley-heroes-dara-apoyo-economico-y-evitara-deportaciones\/noticias\/\" \/>\n<meta property=\"og:site_name\" content=\"Acceso Latino\" \/>\n<meta property=\"article:publisher\" content=\"https:\/\/www.facebook.com\/AccesoLatinoOrg\" \/>\n<meta property=\"article:published_time\" content=\"2020-05-15T16:01:21+00:00\" \/>\n<meta property=\"article:modified_time\" content=\"2025-10-26T00:35:26+00:00\" \/>\n<meta property=\"og:image\" content=\"https:\/\/accesolatino.org\/wp-content\/uploads\/2020\/05\/Ley-H\u00e9roes-dar\u00e1-apoyo-econ\u00f3mico-y-evitar\u00e1-deportaciones.png\" \/>\n\t<meta property=\"og:image:width\" content=\"600\" \/>\n\t<meta property=\"og:image:height\" content=\"338\" \/>\n\t<meta property=\"og:image:type\" content=\"image\/png\" \/>\n<meta name=\"author\" content=\"Noticias\" \/>\n<meta name=\"twitter:card\" content=\"summary_large_image\" \/>\n<meta name=\"twitter:creator\" content=\"@FAccLatino\" \/>\n<meta name=\"twitter:site\" content=\"@FAccLatino\" \/>\n<meta name=\"twitter:label1\" content=\"Written by\" \/>\n\t<meta name=\"twitter:data1\" content=\"Noticias\" \/>\n\t<meta name=\"twitter:label2\" content=\"Est. reading time\" \/>\n\t<meta name=\"twitter:data2\" content=\"2 minutes\" \/>\n<script type=\"application\/ld+json\" class=\"yoast-schema-graph\">{\"@context\":\"https:\\\/\\\/schema.org\",\"@graph\":[{\"@type\":\"Article\",\"@id\":\"https:\\\/\\\/accesolatino.org\\\/ley-heroes-dara-apoyo-economico-y-evitara-deportaciones\\\/noticias\\\/#article\",\"isPartOf\":{\"@id\":\"https:\\\/\\\/accesolatino.org\\\/ley-heroes-dara-apoyo-economico-y-evitara-deportaciones\\\/noticias\\\/\"},\"author\":{\"name\":\"Noticias\",\"@id\":\"https:\\\/\\\/accesolatino.org\\\/#\\\/schema\\\/person\\\/6b654926a4e7e4709c9ad12459661666\"},\"headline\":\"Ley H\u00e9roes dar\u00e1 apoyo econ\u00f3mico y evitar\u00e1 deportaciones\",\"datePublished\":\"2020-05-15T16:01:21+00:00\",\"dateModified\":\"2025-10-26T00:35:26+00:00\",\"mainEntityOfPage\":{\"@id\":\"https:\\\/\\\/accesolatino.org\\\/ley-heroes-dara-apoyo-economico-y-evitara-deportaciones\\\/noticias\\\/\"},\"wordCount\":413,\"commentCount\":0,\"publisher\":{\"@id\":\"https:\\\/\\\/accesolatino.org\\\/#organization\"},\"image\":{\"@id\":\"https:\\\/\\\/accesolatino.org\\\/ley-heroes-dara-apoyo-economico-y-evitara-deportaciones\\\/noticias\\\/#primaryimage\"},\"thumbnailUrl\":\"https:\\\/\\\/accesolatino.org\\\/wp-content\\\/uploads\\\/2020\\\/05\\\/Ley-H\u00e9roes-dar\u00e1-apoyo-econ\u00f3mico-y-evitar\u00e1-deportaciones.png\",\"articleSection\":[\"Noticias\",\"Temas de inter\u00e9s\"],\"inLanguage\":\"en-US\",\"potentialAction\":[{\"@type\":\"CommentAction\",\"name\":\"Comment\",\"target\":[\"https:\\\/\\\/accesolatino.org\\\/ley-heroes-dara-apoyo-economico-y-evitara-deportaciones\\\/noticias\\\/#respond\"]}]},{\"@type\":\"WebPage\",\"@id\":\"https:\\\/\\\/accesolatino.org\\\/ley-heroes-dara-apoyo-economico-y-evitara-deportaciones\\\/noticias\\\/\",\"url\":\"https:\\\/\\\/accesolatino.org\\\/ley-heroes-dara-apoyo-economico-y-evitara-deportaciones\\\/noticias\\\/\",\"name\":\"Ley H\u00e9roes dar\u00e1 apoyo econ\u00f3mico y evitar\u00e1 deportaciones\",\"isPartOf\":{\"@id\":\"https:\\\/\\\/accesolatino.org\\\/#website\"},\"primaryImageOfPage\":{\"@id\":\"https:\\\/\\\/accesolatino.org\\\/ley-heroes-dara-apoyo-economico-y-evitara-deportaciones\\\/noticias\\\/#primaryimage\"},\"image\":{\"@id\":\"https:\\\/\\\/accesolatino.org\\\/ley-heroes-dara-apoyo-economico-y-evitara-deportaciones\\\/noticias\\\/#primaryimage\"},\"thumbnailUrl\":\"https:\\\/\\\/accesolatino.org\\\/wp-content\\\/uploads\\\/2020\\\/05\\\/Ley-H\u00e9roes-dar\u00e1-apoyo-econ\u00f3mico-y-evitar\u00e1-deportaciones.png\",\"datePublished\":\"2020-05-15T16:01:21+00:00\",\"dateModified\":\"2025-10-26T00:35:26+00:00\",\"description\":\"Existen muchos indocumentados que se encuentran indefensos ante la crisis econ\u00f3mica provocada por la pandemia del coronavirus, as\u00ed como estar al\",\"breadcrumb\":{\"@id\":\"https:\\\/\\\/accesolatino.org\\\/ley-heroes-dara-apoyo-economico-y-evitara-deportaciones\\\/noticias\\\/#breadcrumb\"},\"inLanguage\":\"en-US\",\"potentialAction\":[{\"@type\":\"ReadAction\",\"target\":[\"https:\\\/\\\/accesolatino.org\\\/ley-heroes-dara-apoyo-economico-y-evitara-deportaciones\\\/noticias\\\/\"]}]},{\"@type\":\"ImageObject\",\"inLanguage\":\"en-US\",\"@id\":\"https:\\\/\\\/accesolatino.org\\\/ley-heroes-dara-apoyo-economico-y-evitara-deportaciones\\\/noticias\\\/#primaryimage\",\"url\":\"https:\\\/\\\/accesolatino.org\\\/wp-content\\\/uploads\\\/2020\\\/05\\\/Ley-H\u00e9roes-dar\u00e1-apoyo-econ\u00f3mico-y-evitar\u00e1-deportaciones.png\",\"contentUrl\":\"https:\\\/\\\/accesolatino.org\\\/wp-content\\\/uploads\\\/2020\\\/05\\\/Ley-H\u00e9roes-dar\u00e1-apoyo-econ\u00f3mico-y-evitar\u00e1-deportaciones.png\",\"width\":600,\"height\":338},{\"@type\":\"BreadcrumbList\",\"@id\":\"https:\\\/\\\/accesolatino.org\\\/ley-heroes-dara-apoyo-economico-y-evitara-deportaciones\\\/noticias\\\/#breadcrumb\",\"itemListElement\":[{\"@type\":\"ListItem\",\"position\":1,\"name\":\"Portada\",\"item\":\"https:\\\/\\\/accesolatino.org\\\/\"},{\"@type\":\"ListItem\",\"position\":2,\"name\":\"Noticias\",\"item\":\"https:\\\/\\\/accesolatino.org\\\/category\\\/noticias\\\/\"},{\"@type\":\"ListItem\",\"position\":3,\"name\":\"Ley H\u00e9roes dar\u00e1 apoyo econ\u00f3mico y evitar\u00e1 deportaciones\"}]},{\"@type\":\"WebSite\",\"@id\":\"https:\\\/\\\/accesolatino.org\\\/#website\",\"url\":\"https:\\\/\\\/accesolatino.org\\\/\",\"name\":\"Acceso Latino | Fundaci\u00f3n Carlos Slim\",\"description\":\"Fundaci\u00f3n Carlos Slim\",\"publisher\":{\"@id\":\"https:\\\/\\\/accesolatino.org\\\/#organization\"},\"potentialAction\":[{\"@type\":\"SearchAction\",\"target\":{\"@type\":\"EntryPoint\",\"urlTemplate\":\"https:\\\/\\\/accesolatino.org\\\/?s={search_term_string}\"},\"query-input\":{\"@type\":\"PropertyValueSpecification\",\"valueRequired\":true,\"valueName\":\"search_term_string\"}}],\"inLanguage\":\"en-US\"},{\"@type\":\"Organization\",\"@id\":\"https:\\\/\\\/accesolatino.org\\\/#organization\",\"name\":\"Acceso Latino | Fundaci\u00f3n Carlos Slim\",\"url\":\"https:\\\/\\\/accesolatino.org\\\/\",\"logo\":{\"@type\":\"ImageObject\",\"inLanguage\":\"en-US\",\"@id\":\"https:\\\/\\\/accesolatino.org\\\/#\\\/schema\\\/logo\\\/image\\\/\",\"url\":\"https:\\\/\\\/accesolatino.org\\\/wp-content\\\/uploads\\\/2021\\\/02\\\/logo-footer-acceso-latino.png\",\"contentUrl\":\"https:\\\/\\\/accesolatino.org\\\/wp-content\\\/uploads\\\/2021\\\/02\\\/logo-footer-acceso-latino.png\",\"width\":240,\"height\":40,\"caption\":\"Acceso Latino | Fundaci\u00f3n Carlos Slim\"},\"image\":{\"@id\":\"https:\\\/\\\/accesolatino.org\\\/#\\\/schema\\\/logo\\\/image\\\/\"},\"sameAs\":[\"https:\\\/\\\/www.facebook.com\\\/AccesoLatinoOrg\",\"https:\\\/\\\/x.com\\\/FAccLatino\"]},{\"@type\":\"Person\",\"@id\":\"https:\\\/\\\/accesolatino.org\\\/#\\\/schema\\\/person\\\/6b654926a4e7e4709c9ad12459661666\",\"name\":\"Noticias\"}]}<\/script>\n<!-- \/ Yoast SEO plugin. -->","yoast_head_json":{"title":"Ley H\u00e9roes dar\u00e1 apoyo econ\u00f3mico y evitar\u00e1 deportaciones","description":"Existen muchos indocumentados que se encuentran indefensos ante la crisis econ\u00f3mica provocada por la pandemia del coronavirus, as\u00ed como estar al","robots":{"index":"index","follow":"follow","max-snippet":"max-snippet:-1","max-image-preview":"max-image-preview:large","max-video-preview":"max-video-preview:-1"},"canonical":"https:\/\/accesolatino.org\/en\/ley-heroes-dara-apoyo-economico-y-evitara-deportaciones\/noticias\/","og_locale":"en_US","og_type":"article","og_title":"Ley H\u00e9roes dar\u00e1 apoyo econ\u00f3mico y evitar\u00e1 deportaciones","og_description":"Existen muchos indocumentados que se encuentran indefensos ante la crisis econ\u00f3mica provocada por la pandemia del coronavirus, as\u00ed como estar al","og_url":"https:\/\/accesolatino.org\/en\/ley-heroes-dara-apoyo-economico-y-evitara-deportaciones\/noticias\/","og_site_name":"Acceso Latino","article_publisher":"https:\/\/www.facebook.com\/AccesoLatinoOrg","article_published_time":"2020-05-15T16:01:21+00:00","article_modified_time":"2025-10-26T00:35:26+00:00","og_image":[{"width":600,"height":338,"url":"https:\/\/accesolatino.org\/wp-content\/uploads\/2020\/05\/Ley-H\u00e9roes-dar\u00e1-apoyo-econ\u00f3mico-y-evitar\u00e1-deportaciones.png","type":"image\/png"}],"author":"Noticias","twitter_card":"summary_large_image","twitter_creator":"@FAccLatino","twitter_site":"@FAccLatino","twitter_misc":{"Written by":"Noticias","Est. reading time":"2 minutes"},"schema":{"@context":"https:\/\/schema.org","@graph":[{"@type":"Article","@id":"https:\/\/accesolatino.org\/ley-heroes-dara-apoyo-economico-y-evitara-deportaciones\/noticias\/#article","isPartOf":{"@id":"https:\/\/accesolatino.org\/ley-heroes-dara-apoyo-economico-y-evitara-deportaciones\/noticias\/"},"author":{"name":"Noticias","@id":"https:\/\/accesolatino.org\/#\/schema\/person\/6b654926a4e7e4709c9ad12459661666"},"headline":"Ley H\u00e9roes dar\u00e1 apoyo econ\u00f3mico y evitar\u00e1 deportaciones","datePublished":"2020-05-15T16:01:21+00:00","dateModified":"2025-10-26T00:35:26+00:00","mainEntityOfPage":{"@id":"https:\/\/accesolatino.org\/ley-heroes-dara-apoyo-economico-y-evitara-deportaciones\/noticias\/"},"wordCount":413,"commentCount":0,"publisher":{"@id":"https:\/\/accesolatino.org\/#organization"},"image":{"@id":"https:\/\/accesolatino.org\/ley-heroes-dara-apoyo-economico-y-evitara-deportaciones\/noticias\/#primaryimage"},"thumbnailUrl":"https:\/\/accesolatino.org\/wp-content\/uploads\/2020\/05\/Ley-H\u00e9roes-dar\u00e1-apoyo-econ\u00f3mico-y-evitar\u00e1-deportaciones.png","articleSection":["Noticias","Temas de inter\u00e9s"],"inLanguage":"en-US","potentialAction":[{"@type":"CommentAction","name":"Comment","target":["https:\/\/accesolatino.org\/ley-heroes-dara-apoyo-economico-y-evitara-deportaciones\/noticias\/#respond"]}]},{"@type":"WebPage","@id":"https:\/\/accesolatino.org\/ley-heroes-dara-apoyo-economico-y-evitara-deportaciones\/noticias\/","url":"https:\/\/accesolatino.org\/ley-heroes-dara-apoyo-economico-y-evitara-deportaciones\/noticias\/","name":"Ley H\u00e9roes dar\u00e1 apoyo econ\u00f3mico y evitar\u00e1 deportaciones","isPartOf":{"@id":"https:\/\/accesolatino.org\/#website"},"primaryImageOfPage":{"@id":"https:\/\/accesolatino.org\/ley-heroes-dara-apoyo-economico-y-evitara-deportaciones\/noticias\/#primaryimage"},"image":{"@id":"https:\/\/accesolatino.org\/ley-heroes-dara-apoyo-economico-y-evitara-deportaciones\/noticias\/#primaryimage"},"thumbnailUrl":"https:\/\/accesolatino.org\/wp-content\/uploads\/2020\/05\/Ley-H\u00e9roes-dar\u00e1-apoyo-econ\u00f3mico-y-evitar\u00e1-deportaciones.png","datePublished":"2020-05-15T16:01:21+00:00","dateModified":"2025-10-26T00:35:26+00:00","description":"Existen muchos indocumentados que se encuentran indefensos ante la crisis econ\u00f3mica provocada por la pandemia del coronavirus, as\u00ed como estar al","breadcrumb":{"@id":"https:\/\/accesolatino.org\/ley-heroes-dara-apoyo-economico-y-evitara-deportaciones\/noticias\/#breadcrumb"},"inLanguage":"en-US","potentialAction":[{"@type":"ReadAction","target":["https:\/\/accesolatino.org\/ley-heroes-dara-apoyo-economico-y-evitara-deportaciones\/noticias\/"]}]},{"@type":"ImageObject","inLanguage":"en-US","@id":"https:\/\/accesolatino.org\/ley-heroes-dara-apoyo-economico-y-evitara-deportaciones\/noticias\/#primaryimage","url":"https:\/\/accesolatino.org\/wp-content\/uploads\/2020\/05\/Ley-H\u00e9roes-dar\u00e1-apoyo-econ\u00f3mico-y-evitar\u00e1-deportaciones.png","contentUrl":"https:\/\/accesolatino.org\/wp-content\/uploads\/2020\/05\/Ley-H\u00e9roes-dar\u00e1-apoyo-econ\u00f3mico-y-evitar\u00e1-deportaciones.png","width":600,"height":338},{"@type":"BreadcrumbList","@id":"https:\/\/accesolatino.org\/ley-heroes-dara-apoyo-economico-y-evitara-deportaciones\/noticias\/#breadcrumb","itemListElement":[{"@type":"ListItem","position":1,"name":"Portada","item":"https:\/\/accesolatino.org\/"},{"@type":"ListItem","position":2,"name":"Noticias","item":"https:\/\/accesolatino.org\/category\/noticias\/"},{"@type":"ListItem","position":3,"name":"Ley H\u00e9roes dar\u00e1 apoyo econ\u00f3mico y evitar\u00e1 deportaciones"}]},{"@type":"WebSite","@id":"https:\/\/accesolatino.org\/#website","url":"https:\/\/accesolatino.org\/","name":"Acceso Latino | Fundaci\u00f3n Carlos Slim","description":"Fundaci\u00f3n Carlos Slim","publisher":{"@id":"https:\/\/accesolatino.org\/#organization"},"potentialAction":[{"@type":"SearchAction","target":{"@type":"EntryPoint","urlTemplate":"https:\/\/accesolatino.org\/?s={search_term_string}"},"query-input":{"@type":"PropertyValueSpecification","valueRequired":true,"valueName":"search_term_string"}}],"inLanguage":"en-US"},{"@type":"Organization","@id":"https:\/\/accesolatino.org\/#organization","name":"Acceso Latino | Fundaci\u00f3n Carlos Slim","url":"https:\/\/accesolatino.org\/","logo":{"@type":"ImageObject","inLanguage":"en-US","@id":"https:\/\/accesolatino.org\/#\/schema\/logo\/image\/","url":"https:\/\/accesolatino.org\/wp-content\/uploads\/2021\/02\/logo-footer-acceso-latino.png","contentUrl":"https:\/\/accesolatino.org\/wp-content\/uploads\/2021\/02\/logo-footer-acceso-latino.png","width":240,"height":40,"caption":"Acceso Latino | Fundaci\u00f3n Carlos Slim"},"image":{"@id":"https:\/\/accesolatino.org\/#\/schema\/logo\/image\/"},"sameAs":["https:\/\/www.facebook.com\/AccesoLatinoOrg","https:\/\/x.com\/FAccLatino"]},{"@type":"Person","@id":"https:\/\/accesolatino.org\/#\/schema\/person\/6b654926a4e7e4709c9ad12459661666","name":"News"}]}},"_links":{"self":[{"href":"https:\/\/accesolatino.org\/en\/wp-json\/wp\/v2\/posts\/21223","targetHints":{"allow":["GET"]}}],"collection":[{"href":"https:\/\/accesolatino.org\/en\/wp-json\/wp\/v2\/posts"}],"about":[{"href":"https:\/\/accesolatino.org\/en\/wp-json\/wp\/v2\/types\/post"}],"author":[{"embeddable":true,"href":"https:\/\/accesolatino.org\/en\/wp-json\/wp\/v2\/users\/13"}],"replies":[{"embeddable":true,"href":"https:\/\/accesolatino.org\/en\/wp-json\/wp\/v2\/comments?post=21223"}],"version-history":[{"count":1,"href":"https:\/\/accesolatino.org\/en\/wp-json\/wp\/v2\/posts\/21223\/revisions"}],"predecessor-version":[{"id":65913,"href":"https:\/\/accesolatino.org\/en\/wp-json\/wp\/v2\/posts\/21223\/revisions\/65913"}],"wp:featuredmedia":[{"embeddable":true,"href":"https:\/\/accesolatino.org\/en\/wp-json\/wp\/v2\/media\/21227"}],"wp:attachment":[{"href":"https:\/\/accesolatino.org\/en\/wp-json\/wp\/v2\/media?parent=21223"}],"wp:term":[{"taxonomy":"category","embeddable":true,"href":"https:\/\/accesolatino.org\/en\/wp-json\/wp\/v2\/categories?post=21223"},{"taxonomy":"post_tag","embeddable":true,"href":"https:\/\/accesolatino.org\/en\/wp-json\/wp\/v2\/tags?post=21223"}],"curies":[{"name":"wp","href":"https:\/\/api.w.org\/{rel}","templated":true}]}}