{"id":21171,"date":"2020-05-11T10:15:01","date_gmt":"2020-05-11T15:15:01","guid":{"rendered":"https:\/\/accesolatino.org\/?p=21171"},"modified":"2025-10-25T18:36:13","modified_gmt":"2025-10-26T00:36:13","slug":"llevar-una-rutina-es-clave-para-sobrellevar-el-confinamiento","status":"publish","type":"post","link":"https:\/\/accesolatino.org\/en\/llevar-una-rutina-es-clave-para-sobrellevar-el-confinamiento\/noticias\/","title":{"rendered":"Llevar una rutina es clave para sobrellevar el confinamiento"},"content":{"rendered":"<div data-elementor-type=\"wp-post\" data-elementor-id=\"21171\" class=\"elementor elementor-21171\">\n\t\t\t\t\t\t<section class=\"elementor-section elementor-top-section elementor-element elementor-element-e311389 elementor-section-boxed elementor-section-height-default elementor-section-height-default wpr-particle-no wpr-jarallax-no wpr-parallax-no wpr-sticky-section-no wpr-equal-height-no\" data-id=\"e311389\" data-element_type=\"section\" data-e-type=\"section\">\n\t\t\t\t\t\t<div class=\"elementor-container elementor-column-gap-default\">\n\t\t\t\t\t<div class=\"elementor-column elementor-col-100 elementor-top-column elementor-element elementor-element-978633f\" data-id=\"978633f\" data-element_type=\"column\" data-e-type=\"column\">\n\t\t\t<div class=\"elementor-widget-wrap elementor-element-populated\">\n\t\t\t\t\t\t<div class=\"elementor-element elementor-element-6f3bde3 elementor-widget elementor-widget-text-editor\" data-id=\"6f3bde3\" data-element_type=\"widget\" data-e-type=\"widget\" data-widget_type=\"text-editor.default\">\n\t\t\t\t<div class=\"elementor-widget-container\">\n\t\t\t\t\t\t\t\t\t<p>No solo es preocuparnos por enfermarnos, tambi\u00e9n hay que cuidarnos mentalmente para que esto no afecte nuestro organismo.<\/p><p>Alicia Sald\u00edvar Gardu\u00f1o, investigadora de la Universidad Aut\u00f3noma Metropolitana (UAM), dijo que una rutina organizada y bien planeada durante el aislamiento, ayudar\u00eda a evitar el insomnio, la ansiedad y el miedo.<\/p><p>La especialista dijo que el encierro ha provocado que muchas personas que pierdan el control de sus emociones y esto afecte su vida y las actividades que realiza diario, trayendo consigo desconcierto, ansiedad, entre otras, mismas que no saben c\u00f3mo manejar.<\/p><p>Asimismo, invit\u00f3 a la ciudadan\u00eda a fijar horarios para salir de cama, ba\u00f1arse, desayunar, almorzar, comer, hacer ejercicio y descansar, as\u00ed como espacios de relajaci\u00f3n entre cada actividad.<br \/>Desafortunadamente el encierro ha ocasionado conflictos en los hogares, violencia y nula tolerancia de los quienes habitan, por lo que es de car\u00e1cter obligatorio tener una buena comunicaci\u00f3n para que la interacci\u00f3n sea saludable.<\/p><p>Constantemente hay que cambiar las din\u00e1micas y saber cu\u00e1les funcionan para mejorar la relaci\u00f3n con los miembros del hogar, sean familias, roomies, esposos, amigos, etc.<br \/>El Taller de Emociones y Estr\u00e9s de las Brigadas Digitales de Bienestar de la Unidad Iztapalapa, se\u00f1al\u00f3 que la UAM cre\u00f3 una red de apoyo social para la comunidad universitaria y al p\u00fablico que lo necesite, indic\u00f3 Andrea Hern\u00e1ndez Santos, coordinadora del taller.<\/p><p>Estas ayudas se realizan mediante videollamadas y plataformas digitales, para todos aquellos que necesiten de apoyo y puedan darles una soluci\u00f3n a sus problemas o de menos guiarlos para que estos disminuyan.<\/p><p>Es un momento complicado, pero tambi\u00e9n una gran oportunidad para fortalecer las relaciones y crear v\u00ednculos, a\u00f1adieron las expertas.<\/p><p>\u201cViv\u00edamos demasiado r\u00e1pido y de un momento a otro, el mundo se qued\u00f3 quiet\u00f3, y eso nos sac\u00f3 de balance porque no sab\u00edamos c\u00f3mo actuar, a pesar de que contamos con las herramientas para hacerlo\u201d, finalizaron.<\/p><p>En tiempo de coronavirus <a href=\"https:\/\/www.clikisalud.net\/\" target=\"_blank\" rel=\"noopener\">clikisalud.net<\/a> te informa.\u00a0<\/p>\t\t\t\t\t\t\t\t<\/div>\n\t\t\t\t<\/div>\n\t\t\t\t\t<\/div>\n\t\t<\/div>\n\t\t\t\t\t<\/div>\n\t\t<\/section>\n\t\t\t\t<\/div>","protected":false},"excerpt":{"rendered":"<p>No solo es preocuparnos por enfermarnos, tambi\u00e9n hay que cuidarnos mentalmente para que esto no afecte nuestro organismo. Alicia Sald\u00edvar Gardu\u00f1o, investigadora de la Universidad Aut\u00f3noma Metropolitana (UAM), dijo que una rutina organizada y bien planeada durante el aislamiento, ayudar\u00eda a evitar el insomnio, la ansiedad y el miedo. La especialista dijo que el encierro ha provocado que muchas personas que pierdan el control de sus emociones y esto afecte su vida y las actividades que realiza diario, trayendo consigo desconcierto, ansiedad, entre otras, mismas que no saben c\u00f3mo manejar. Asimismo, invit\u00f3 a la ciudadan\u00eda a fijar horarios para salir de cama, ba\u00f1arse, desayunar, almorzar, comer, hacer ejercicio y descansar, as\u00ed como espacios de relajaci\u00f3n entre cada actividad. Desafortunadamente el encierro ha ocasionado conflictos en los hogares, violencia y nula tolerancia de los quienes habitan, por lo que es de car\u00e1cter obligatorio tener una buena comunicaci\u00f3n para que la interacci\u00f3n sea saludable. Constantemente hay que cambiar las din\u00e1micas y saber cu\u00e1les funcionan para mejorar la relaci\u00f3n con los miembros del hogar, sean familias, roomies, esposos, amigos, etc. El Taller de Emociones y Estr\u00e9s de las Brigadas Digitales de Bienestar de la Unidad Iztapalapa, se\u00f1al\u00f3 que la UAM cre\u00f3 una red de apoyo social para la comunidad universitaria y al p\u00fablico que lo necesite, indic\u00f3 Andrea Hern\u00e1ndez Santos, coordinadora del taller. Estas ayudas se realizan mediante videollamadas y plataformas digitales, para todos aquellos que necesiten de apoyo y puedan darles una soluci\u00f3n a sus problemas o de menos guiarlos para que estos disminuyan. Es un momento complicado, pero tambi\u00e9n una gran oportunidad para fortalecer las relaciones y crear v\u00ednculos, a\u00f1adieron las expertas. \u201cViv\u00edamos demasiado r\u00e1pido y de un momento a otro, el mundo se qued\u00f3 quiet\u00f3, y eso nos sac\u00f3 de balance porque no sab\u00edamos c\u00f3mo actuar, a pesar de que contamos con las herramientas para hacerlo\u201d, finalizaron. En tiempo de coronavirus clikisalud.net te informa.&nbsp;<\/p>","protected":false},"author":13,"featured_media":21172,"comment_status":"open","ping_status":"open","sticky":false,"template":"elementor_header_footer","format":"standard","meta":{"_uf_show_specific_survey":0,"_uf_disable_surveys":false,"footnotes":""},"categories":[10,1],"tags":[],"class_list":["post-21171","post","type-post","status-publish","format-standard","has-post-thumbnail","hentry","category-noticias","category-temas-de-interes"],"aioseo_notices":[],"yoast_head":"<!-- This site is optimized with the Yoast SEO plugin v27.4 - https:\/\/yoast.com\/product\/yoast-seo-wordpress\/ -->\n<title>Llevar una rutina es clave para sobrellevar el confinamiento<\/title>\n<meta name=\"description\" content=\"No solo es preocuparnos por enfermarnos, tambi\u00e9n hay que cuidarnos mentalmente para que esto no afecte nuestro organismo.\" \/>\n<meta name=\"robots\" content=\"index, follow, max-snippet:-1, max-image-preview:large, max-video-preview:-1\" \/>\n<link rel=\"canonical\" href=\"https:\/\/accesolatino.org\/en\/llevar-una-rutina-es-clave-para-sobrellevar-el-confinamiento\/noticias\/\" \/>\n<meta property=\"og:locale\" content=\"en_US\" \/>\n<meta property=\"og:type\" content=\"article\" \/>\n<meta property=\"og:title\" content=\"Llevar una rutina es clave para sobrellevar el confinamiento\" \/>\n<meta property=\"og:description\" content=\"No solo es preocuparnos por enfermarnos, tambi\u00e9n hay que cuidarnos mentalmente para que esto no afecte nuestro organismo.\" \/>\n<meta property=\"og:url\" content=\"https:\/\/accesolatino.org\/en\/llevar-una-rutina-es-clave-para-sobrellevar-el-confinamiento\/noticias\/\" \/>\n<meta property=\"og:site_name\" content=\"Acceso Latino\" \/>\n<meta property=\"article:publisher\" content=\"https:\/\/www.facebook.com\/AccesoLatinoOrg\" \/>\n<meta property=\"article:published_time\" content=\"2020-05-11T15:15:01+00:00\" \/>\n<meta property=\"article:modified_time\" content=\"2025-10-26T00:36:13+00:00\" \/>\n<meta property=\"og:image\" content=\"https:\/\/accesolatino.org\/wp-content\/uploads\/2020\/05\/Llevar-una-rutina-es-clave-para-sobrellevar-el-confinamiento.png\" \/>\n\t<meta property=\"og:image:width\" content=\"600\" \/>\n\t<meta property=\"og:image:height\" content=\"338\" \/>\n\t<meta property=\"og:image:type\" content=\"image\/png\" \/>\n<meta name=\"author\" content=\"Noticias\" \/>\n<meta name=\"twitter:card\" content=\"summary_large_image\" \/>\n<meta name=\"twitter:creator\" content=\"@FAccLatino\" \/>\n<meta name=\"twitter:site\" content=\"@FAccLatino\" \/>\n<meta name=\"twitter:label1\" content=\"Written by\" \/>\n\t<meta name=\"twitter:data1\" content=\"Noticias\" \/>\n\t<meta name=\"twitter:label2\" content=\"Est. reading time\" \/>\n\t<meta name=\"twitter:data2\" content=\"2 minutes\" \/>\n<script type=\"application\/ld+json\" class=\"yoast-schema-graph\">{\"@context\":\"https:\\\/\\\/schema.org\",\"@graph\":[{\"@type\":\"Article\",\"@id\":\"https:\\\/\\\/accesolatino.org\\\/llevar-una-rutina-es-clave-para-sobrellevar-el-confinamiento\\\/noticias\\\/#article\",\"isPartOf\":{\"@id\":\"https:\\\/\\\/accesolatino.org\\\/llevar-una-rutina-es-clave-para-sobrellevar-el-confinamiento\\\/noticias\\\/\"},\"author\":{\"name\":\"Noticias\",\"@id\":\"https:\\\/\\\/accesolatino.org\\\/#\\\/schema\\\/person\\\/6b654926a4e7e4709c9ad12459661666\"},\"headline\":\"Llevar una rutina es clave para sobrellevar el confinamiento\",\"datePublished\":\"2020-05-11T15:15:01+00:00\",\"dateModified\":\"2025-10-26T00:36:13+00:00\",\"mainEntityOfPage\":{\"@id\":\"https:\\\/\\\/accesolatino.org\\\/llevar-una-rutina-es-clave-para-sobrellevar-el-confinamiento\\\/noticias\\\/\"},\"wordCount\":352,\"commentCount\":0,\"publisher\":{\"@id\":\"https:\\\/\\\/accesolatino.org\\\/#organization\"},\"image\":{\"@id\":\"https:\\\/\\\/accesolatino.org\\\/llevar-una-rutina-es-clave-para-sobrellevar-el-confinamiento\\\/noticias\\\/#primaryimage\"},\"thumbnailUrl\":\"https:\\\/\\\/accesolatino.org\\\/wp-content\\\/uploads\\\/2020\\\/05\\\/Llevar-una-rutina-es-clave-para-sobrellevar-el-confinamiento.png\",\"articleSection\":[\"Noticias\",\"Temas de inter\u00e9s\"],\"inLanguage\":\"en-US\",\"potentialAction\":[{\"@type\":\"CommentAction\",\"name\":\"Comment\",\"target\":[\"https:\\\/\\\/accesolatino.org\\\/llevar-una-rutina-es-clave-para-sobrellevar-el-confinamiento\\\/noticias\\\/#respond\"]}]},{\"@type\":\"WebPage\",\"@id\":\"https:\\\/\\\/accesolatino.org\\\/llevar-una-rutina-es-clave-para-sobrellevar-el-confinamiento\\\/noticias\\\/\",\"url\":\"https:\\\/\\\/accesolatino.org\\\/llevar-una-rutina-es-clave-para-sobrellevar-el-confinamiento\\\/noticias\\\/\",\"name\":\"Llevar una rutina es clave para sobrellevar el confinamiento\",\"isPartOf\":{\"@id\":\"https:\\\/\\\/accesolatino.org\\\/#website\"},\"primaryImageOfPage\":{\"@id\":\"https:\\\/\\\/accesolatino.org\\\/llevar-una-rutina-es-clave-para-sobrellevar-el-confinamiento\\\/noticias\\\/#primaryimage\"},\"image\":{\"@id\":\"https:\\\/\\\/accesolatino.org\\\/llevar-una-rutina-es-clave-para-sobrellevar-el-confinamiento\\\/noticias\\\/#primaryimage\"},\"thumbnailUrl\":\"https:\\\/\\\/accesolatino.org\\\/wp-content\\\/uploads\\\/2020\\\/05\\\/Llevar-una-rutina-es-clave-para-sobrellevar-el-confinamiento.png\",\"datePublished\":\"2020-05-11T15:15:01+00:00\",\"dateModified\":\"2025-10-26T00:36:13+00:00\",\"description\":\"No solo es preocuparnos por enfermarnos, tambi\u00e9n hay que cuidarnos mentalmente para que esto no afecte nuestro organismo.\",\"breadcrumb\":{\"@id\":\"https:\\\/\\\/accesolatino.org\\\/llevar-una-rutina-es-clave-para-sobrellevar-el-confinamiento\\\/noticias\\\/#breadcrumb\"},\"inLanguage\":\"en-US\",\"potentialAction\":[{\"@type\":\"ReadAction\",\"target\":[\"https:\\\/\\\/accesolatino.org\\\/llevar-una-rutina-es-clave-para-sobrellevar-el-confinamiento\\\/noticias\\\/\"]}]},{\"@type\":\"ImageObject\",\"inLanguage\":\"en-US\",\"@id\":\"https:\\\/\\\/accesolatino.org\\\/llevar-una-rutina-es-clave-para-sobrellevar-el-confinamiento\\\/noticias\\\/#primaryimage\",\"url\":\"https:\\\/\\\/accesolatino.org\\\/wp-content\\\/uploads\\\/2020\\\/05\\\/Llevar-una-rutina-es-clave-para-sobrellevar-el-confinamiento.png\",\"contentUrl\":\"https:\\\/\\\/accesolatino.org\\\/wp-content\\\/uploads\\\/2020\\\/05\\\/Llevar-una-rutina-es-clave-para-sobrellevar-el-confinamiento.png\",\"width\":600,\"height\":338},{\"@type\":\"BreadcrumbList\",\"@id\":\"https:\\\/\\\/accesolatino.org\\\/llevar-una-rutina-es-clave-para-sobrellevar-el-confinamiento\\\/noticias\\\/#breadcrumb\",\"itemListElement\":[{\"@type\":\"ListItem\",\"position\":1,\"name\":\"Portada\",\"item\":\"https:\\\/\\\/accesolatino.org\\\/\"},{\"@type\":\"ListItem\",\"position\":2,\"name\":\"Noticias\",\"item\":\"https:\\\/\\\/accesolatino.org\\\/category\\\/noticias\\\/\"},{\"@type\":\"ListItem\",\"position\":3,\"name\":\"Llevar una rutina es clave para sobrellevar el confinamiento\"}]},{\"@type\":\"WebSite\",\"@id\":\"https:\\\/\\\/accesolatino.org\\\/#website\",\"url\":\"https:\\\/\\\/accesolatino.org\\\/\",\"name\":\"Acceso Latino | Fundaci\u00f3n Carlos Slim\",\"description\":\"Fundaci\u00f3n Carlos Slim\",\"publisher\":{\"@id\":\"https:\\\/\\\/accesolatino.org\\\/#organization\"},\"potentialAction\":[{\"@type\":\"SearchAction\",\"target\":{\"@type\":\"EntryPoint\",\"urlTemplate\":\"https:\\\/\\\/accesolatino.org\\\/?s={search_term_string}\"},\"query-input\":{\"@type\":\"PropertyValueSpecification\",\"valueRequired\":true,\"valueName\":\"search_term_string\"}}],\"inLanguage\":\"en-US\"},{\"@type\":\"Organization\",\"@id\":\"https:\\\/\\\/accesolatino.org\\\/#organization\",\"name\":\"Acceso Latino | Fundaci\u00f3n Carlos Slim\",\"url\":\"https:\\\/\\\/accesolatino.org\\\/\",\"logo\":{\"@type\":\"ImageObject\",\"inLanguage\":\"en-US\",\"@id\":\"https:\\\/\\\/accesolatino.org\\\/#\\\/schema\\\/logo\\\/image\\\/\",\"url\":\"https:\\\/\\\/accesolatino.org\\\/wp-content\\\/uploads\\\/2021\\\/02\\\/logo-footer-acceso-latino.png\",\"contentUrl\":\"https:\\\/\\\/accesolatino.org\\\/wp-content\\\/uploads\\\/2021\\\/02\\\/logo-footer-acceso-latino.png\",\"width\":240,\"height\":40,\"caption\":\"Acceso Latino | Fundaci\u00f3n Carlos Slim\"},\"image\":{\"@id\":\"https:\\\/\\\/accesolatino.org\\\/#\\\/schema\\\/logo\\\/image\\\/\"},\"sameAs\":[\"https:\\\/\\\/www.facebook.com\\\/AccesoLatinoOrg\",\"https:\\\/\\\/x.com\\\/FAccLatino\"]},{\"@type\":\"Person\",\"@id\":\"https:\\\/\\\/accesolatino.org\\\/#\\\/schema\\\/person\\\/6b654926a4e7e4709c9ad12459661666\",\"name\":\"Noticias\"}]}<\/script>\n<!-- \/ Yoast SEO plugin. -->","yoast_head_json":{"title":"Llevar una rutina es clave para sobrellevar el confinamiento","description":"No solo es preocuparnos por enfermarnos, tambi\u00e9n hay que cuidarnos mentalmente para que esto no afecte nuestro organismo.","robots":{"index":"index","follow":"follow","max-snippet":"max-snippet:-1","max-image-preview":"max-image-preview:large","max-video-preview":"max-video-preview:-1"},"canonical":"https:\/\/accesolatino.org\/en\/llevar-una-rutina-es-clave-para-sobrellevar-el-confinamiento\/noticias\/","og_locale":"en_US","og_type":"article","og_title":"Llevar una rutina es clave para sobrellevar el confinamiento","og_description":"No solo es preocuparnos por enfermarnos, tambi\u00e9n hay que cuidarnos mentalmente para que esto no afecte nuestro organismo.","og_url":"https:\/\/accesolatino.org\/en\/llevar-una-rutina-es-clave-para-sobrellevar-el-confinamiento\/noticias\/","og_site_name":"Acceso Latino","article_publisher":"https:\/\/www.facebook.com\/AccesoLatinoOrg","article_published_time":"2020-05-11T15:15:01+00:00","article_modified_time":"2025-10-26T00:36:13+00:00","og_image":[{"width":600,"height":338,"url":"https:\/\/accesolatino.org\/wp-content\/uploads\/2020\/05\/Llevar-una-rutina-es-clave-para-sobrellevar-el-confinamiento.png","type":"image\/png"}],"author":"Noticias","twitter_card":"summary_large_image","twitter_creator":"@FAccLatino","twitter_site":"@FAccLatino","twitter_misc":{"Written by":"Noticias","Est. reading time":"2 minutes"},"schema":{"@context":"https:\/\/schema.org","@graph":[{"@type":"Article","@id":"https:\/\/accesolatino.org\/llevar-una-rutina-es-clave-para-sobrellevar-el-confinamiento\/noticias\/#article","isPartOf":{"@id":"https:\/\/accesolatino.org\/llevar-una-rutina-es-clave-para-sobrellevar-el-confinamiento\/noticias\/"},"author":{"name":"Noticias","@id":"https:\/\/accesolatino.org\/#\/schema\/person\/6b654926a4e7e4709c9ad12459661666"},"headline":"Llevar una rutina es clave para sobrellevar el confinamiento","datePublished":"2020-05-11T15:15:01+00:00","dateModified":"2025-10-26T00:36:13+00:00","mainEntityOfPage":{"@id":"https:\/\/accesolatino.org\/llevar-una-rutina-es-clave-para-sobrellevar-el-confinamiento\/noticias\/"},"wordCount":352,"commentCount":0,"publisher":{"@id":"https:\/\/accesolatino.org\/#organization"},"image":{"@id":"https:\/\/accesolatino.org\/llevar-una-rutina-es-clave-para-sobrellevar-el-confinamiento\/noticias\/#primaryimage"},"thumbnailUrl":"https:\/\/accesolatino.org\/wp-content\/uploads\/2020\/05\/Llevar-una-rutina-es-clave-para-sobrellevar-el-confinamiento.png","articleSection":["Noticias","Temas de inter\u00e9s"],"inLanguage":"en-US","potentialAction":[{"@type":"CommentAction","name":"Comment","target":["https:\/\/accesolatino.org\/llevar-una-rutina-es-clave-para-sobrellevar-el-confinamiento\/noticias\/#respond"]}]},{"@type":"WebPage","@id":"https:\/\/accesolatino.org\/llevar-una-rutina-es-clave-para-sobrellevar-el-confinamiento\/noticias\/","url":"https:\/\/accesolatino.org\/llevar-una-rutina-es-clave-para-sobrellevar-el-confinamiento\/noticias\/","name":"Llevar una rutina es clave para sobrellevar el confinamiento","isPartOf":{"@id":"https:\/\/accesolatino.org\/#website"},"primaryImageOfPage":{"@id":"https:\/\/accesolatino.org\/llevar-una-rutina-es-clave-para-sobrellevar-el-confinamiento\/noticias\/#primaryimage"},"image":{"@id":"https:\/\/accesolatino.org\/llevar-una-rutina-es-clave-para-sobrellevar-el-confinamiento\/noticias\/#primaryimage"},"thumbnailUrl":"https:\/\/accesolatino.org\/wp-content\/uploads\/2020\/05\/Llevar-una-rutina-es-clave-para-sobrellevar-el-confinamiento.png","datePublished":"2020-05-11T15:15:01+00:00","dateModified":"2025-10-26T00:36:13+00:00","description":"No solo es preocuparnos por enfermarnos, tambi\u00e9n hay que cuidarnos mentalmente para que esto no afecte nuestro organismo.","breadcrumb":{"@id":"https:\/\/accesolatino.org\/llevar-una-rutina-es-clave-para-sobrellevar-el-confinamiento\/noticias\/#breadcrumb"},"inLanguage":"en-US","potentialAction":[{"@type":"ReadAction","target":["https:\/\/accesolatino.org\/llevar-una-rutina-es-clave-para-sobrellevar-el-confinamiento\/noticias\/"]}]},{"@type":"ImageObject","inLanguage":"en-US","@id":"https:\/\/accesolatino.org\/llevar-una-rutina-es-clave-para-sobrellevar-el-confinamiento\/noticias\/#primaryimage","url":"https:\/\/accesolatino.org\/wp-content\/uploads\/2020\/05\/Llevar-una-rutina-es-clave-para-sobrellevar-el-confinamiento.png","contentUrl":"https:\/\/accesolatino.org\/wp-content\/uploads\/2020\/05\/Llevar-una-rutina-es-clave-para-sobrellevar-el-confinamiento.png","width":600,"height":338},{"@type":"BreadcrumbList","@id":"https:\/\/accesolatino.org\/llevar-una-rutina-es-clave-para-sobrellevar-el-confinamiento\/noticias\/#breadcrumb","itemListElement":[{"@type":"ListItem","position":1,"name":"Portada","item":"https:\/\/accesolatino.org\/"},{"@type":"ListItem","position":2,"name":"Noticias","item":"https:\/\/accesolatino.org\/category\/noticias\/"},{"@type":"ListItem","position":3,"name":"Llevar una rutina es clave para sobrellevar el confinamiento"}]},{"@type":"WebSite","@id":"https:\/\/accesolatino.org\/#website","url":"https:\/\/accesolatino.org\/","name":"Acceso Latino | Fundaci\u00f3n Carlos Slim","description":"Fundaci\u00f3n Carlos Slim","publisher":{"@id":"https:\/\/accesolatino.org\/#organization"},"potentialAction":[{"@type":"SearchAction","target":{"@type":"EntryPoint","urlTemplate":"https:\/\/accesolatino.org\/?s={search_term_string}"},"query-input":{"@type":"PropertyValueSpecification","valueRequired":true,"valueName":"search_term_string"}}],"inLanguage":"en-US"},{"@type":"Organization","@id":"https:\/\/accesolatino.org\/#organization","name":"Acceso Latino | Fundaci\u00f3n Carlos Slim","url":"https:\/\/accesolatino.org\/","logo":{"@type":"ImageObject","inLanguage":"en-US","@id":"https:\/\/accesolatino.org\/#\/schema\/logo\/image\/","url":"https:\/\/accesolatino.org\/wp-content\/uploads\/2021\/02\/logo-footer-acceso-latino.png","contentUrl":"https:\/\/accesolatino.org\/wp-content\/uploads\/2021\/02\/logo-footer-acceso-latino.png","width":240,"height":40,"caption":"Acceso Latino | Fundaci\u00f3n Carlos Slim"},"image":{"@id":"https:\/\/accesolatino.org\/#\/schema\/logo\/image\/"},"sameAs":["https:\/\/www.facebook.com\/AccesoLatinoOrg","https:\/\/x.com\/FAccLatino"]},{"@type":"Person","@id":"https:\/\/accesolatino.org\/#\/schema\/person\/6b654926a4e7e4709c9ad12459661666","name":"News"}]}},"_links":{"self":[{"href":"https:\/\/accesolatino.org\/en\/wp-json\/wp\/v2\/posts\/21171","targetHints":{"allow":["GET"]}}],"collection":[{"href":"https:\/\/accesolatino.org\/en\/wp-json\/wp\/v2\/posts"}],"about":[{"href":"https:\/\/accesolatino.org\/en\/wp-json\/wp\/v2\/types\/post"}],"author":[{"embeddable":true,"href":"https:\/\/accesolatino.org\/en\/wp-json\/wp\/v2\/users\/13"}],"replies":[{"embeddable":true,"href":"https:\/\/accesolatino.org\/en\/wp-json\/wp\/v2\/comments?post=21171"}],"version-history":[{"count":1,"href":"https:\/\/accesolatino.org\/en\/wp-json\/wp\/v2\/posts\/21171\/revisions"}],"predecessor-version":[{"id":65918,"href":"https:\/\/accesolatino.org\/en\/wp-json\/wp\/v2\/posts\/21171\/revisions\/65918"}],"wp:featuredmedia":[{"embeddable":true,"href":"https:\/\/accesolatino.org\/en\/wp-json\/wp\/v2\/media\/21172"}],"wp:attachment":[{"href":"https:\/\/accesolatino.org\/en\/wp-json\/wp\/v2\/media?parent=21171"}],"wp:term":[{"taxonomy":"category","embeddable":true,"href":"https:\/\/accesolatino.org\/en\/wp-json\/wp\/v2\/categories?post=21171"},{"taxonomy":"post_tag","embeddable":true,"href":"https:\/\/accesolatino.org\/en\/wp-json\/wp\/v2\/tags?post=21171"}],"curies":[{"name":"wp","href":"https:\/\/api.w.org\/{rel}","templated":true}]}}