{"id":21151,"date":"2020-05-08T10:06:59","date_gmt":"2020-05-08T15:06:59","guid":{"rendered":"https:\/\/accesolatino.org\/?p=21151"},"modified":"2025-10-29T23:40:57","modified_gmt":"2025-10-30T05:40:57","slug":"inmigrantes-excluidos-del-apoyo-economico-federal-recibiran-ayuda","status":"publish","type":"post","link":"https:\/\/accesolatino.org\/en\/inmigrantes-excluidos-del-apoyo-economico-federal-recibiran-ayuda\/temas-de-interes\/","title":{"rendered":"Inmigrantes excluidos del apoyo econ\u00f3mico federal recibir\u00e1n ayuda"},"content":{"rendered":"<div data-elementor-type=\"wp-post\" data-elementor-id=\"21151\" class=\"elementor elementor-21151\">\n\t\t\t\t\t\t<section class=\"elementor-section elementor-top-section elementor-element elementor-element-e311389 elementor-section-boxed elementor-section-height-default elementor-section-height-default wpr-particle-no wpr-jarallax-no wpr-parallax-no wpr-sticky-section-no wpr-equal-height-no\" data-id=\"e311389\" data-element_type=\"section\" data-e-type=\"section\">\n\t\t\t\t\t\t<div class=\"elementor-container elementor-column-gap-default\">\n\t\t\t\t\t<div class=\"elementor-column elementor-col-100 elementor-top-column elementor-element elementor-element-978633f\" data-id=\"978633f\" data-element_type=\"column\" data-e-type=\"column\">\n\t\t\t<div class=\"elementor-widget-wrap elementor-element-populated\">\n\t\t\t\t\t\t<div class=\"elementor-element elementor-element-6f3bde3 elementor-widget elementor-widget-text-editor\" data-id=\"6f3bde3\" data-element_type=\"widget\" data-e-type=\"widget\" data-widget_type=\"text-editor.default\">\n\t\t\t\t<div class=\"elementor-widget-container\">\n\t\t\t\t\t\t\t\t\t<p>Todos los inmigrantes que quedaron fuera de los apoyos del gobierno federal, recibir\u00e1n ayuda econ\u00f3mica de las siguientes organizaciones: Voto Latino <em>Foundation, Mission Asset Fund (MAF) y Asian and Pacific Islander American Vote (APIAVote)<\/em> las cuales crearon una campa\u00f1a para recaudar $4 millones de d\u00f3lares para ayudar a las familias que fueron excluidas de la ley CARES.<\/p><p>La campa\u00f1a, Fondo de Vecinos Inmigrantes, ya logr\u00f3 juntar $1 mill\u00f3n de d\u00f3lares, gracias el East West Bank.<\/p><p>Los inmigrantes son los que siguen saliendo a trabajar, los que mantienen la econom\u00eda a flote, se\u00f1al\u00f3 en un comunicado de la coalici\u00f3n. \u201cLa industria del servicio, los profesionales de la salud, servicios de alimentos y la agricultura, son las \u00e1reas que el indocumentado domina y que, a pesar de la crisis sanitaria, salen a trabajar.<\/p><p>El grupo indic\u00f3 que los inmigrantes tienen poco apoyo financiero, a pesar de que son piezas fundamentales en el suministro de alimentos y la atenci\u00f3n de enfermos en los hospitales, as\u00ed como otros servicios de primera mano.<\/p><p>Mar\u00eda Teresa Kumar, presidenta fundadora y directora ejecutiva de Voto Latino, dijo: \u201cEn \u00e9pocas de crisis, es de indispensable que nuestras comunidades se junten para apoyar a los grupos m\u00e1s vulnerables de nuestras comunidades\u201d.<\/p><p>El apoyo de Dominic Ng y East West Bank ha sido fundamental para alcanzar la meta, destac\u00f3 la directora.<\/p><p>\u201cHace m\u00e1s de cuatro d\u00e9cadas se fund\u00f3 <em>East West Bank<\/em> con el fin de ayudar a la comunidad inmigrante\u201d, dijo Dominic Ng, presidente y director ejecutivo.\u201cAyudar aquellos que no tienen la ayuda necesaria y que no pueden acceder a los programas de apoyo del gobierno, nosotros los ayudamos. Este Fondo refleja nuestros valores y cultura de apoyo\u201d.<\/p><p>La Fundaci\u00f3n Voto Latino y APIAVote, har\u00e1n la promoci\u00f3n y colectar\u00e1n las donaciones, las cu\u00e1les ser\u00e1n administradas y repartidas por <em>Mission Asset Fund.<\/em><\/p><p><br \/>Los recursos juntados y que despu\u00e9s ser\u00e1n repartidos, ser\u00e1n para ayudar a cubrir gastos b\u00e1sicos, como la renta, alimentos y transporte. Una gran parte del apoyo se enviar\u00e1n a familias de California y Texas.<\/p><p>La Ley CARES elimin\u00f3 del apoyo al menos a un mill\u00f3n de familias indocumentadas con hijos estadounidenses de recibir los $1,200 d\u00f3lares por persona o $2,400 por pareja y m\u00e1s $500 d\u00f3lares por dependiente.<\/p><p>Jos\u00e9 Qui\u00f1\u00f3nez, Fundador y CEO de <em>Mission Asset Fund<\/em>, resalt\u00f3 el trabajo que realizan para ayudar a los inmigrantes a mejorar sus finanzas, las cuales se han visto afectadas por la pandemia.<\/p><p>Las personas que deseen donar pueden hacerlo en:<\/p><ul><li><a href=\"https:\/\/www.immigrantneighborfund.org\/\" target=\"_blank\" rel=\"noopener\">immigrantneighborfund.org<\/a><\/li><li>La ayuda es deducible de impuestos<\/li><li>La coalici\u00f3n dar\u00e1 a conocer la forma en que se otorgar\u00e1n los apoyos<\/li><\/ul><p><br \/>Fuente: <em>La Opini\u00f3n<\/em><\/p>\t\t\t\t\t\t\t\t<\/div>\n\t\t\t\t<\/div>\n\t\t\t\t\t<\/div>\n\t\t<\/div>\n\t\t\t\t\t<\/div>\n\t\t<\/section>\n\t\t\t\t<\/div>","protected":false},"excerpt":{"rendered":"<p>Todos los inmigrantes que quedaron fuera de los apoyos del gobierno federal, recibir\u00e1n ayuda econ\u00f3mica de las siguientes organizaciones: Voto Latino Foundation, Mission Asset Fund (MAF) y Asian and Pacific Islander American Vote (APIAVote) las cuales crearon una campa\u00f1a para recaudar $4 millones de d\u00f3lares para ayudar a las familias que fueron excluidas de la ley CARES. La campa\u00f1a, Fondo de Vecinos Inmigrantes, ya logr\u00f3 juntar $1 mill\u00f3n de d\u00f3lares, gracias el East West Bank. Los inmigrantes son los que siguen saliendo a trabajar, los que mantienen la econom\u00eda a flote, se\u00f1al\u00f3 en un comunicado de la coalici\u00f3n. \u201cLa industria del servicio, los profesionales de la salud, servicios de alimentos y la agricultura, son las \u00e1reas que el indocumentado domina y que, a pesar de la crisis sanitaria, salen a trabajar. El grupo indic\u00f3 que los inmigrantes tienen poco apoyo financiero, a pesar de que son piezas fundamentales en el suministro de alimentos y la atenci\u00f3n de enfermos en los hospitales, as\u00ed como otros servicios de primera mano. Mar\u00eda Teresa Kumar, presidenta fundadora y directora ejecutiva de Voto Latino, dijo: \u201cEn \u00e9pocas de crisis, es de indispensable que nuestras comunidades se junten para apoyar a los grupos m\u00e1s vulnerables de nuestras comunidades\u201d. El apoyo de Dominic Ng y East West Bank ha sido fundamental para alcanzar la meta, destac\u00f3 la directora. \u201cHace m\u00e1s de cuatro d\u00e9cadas se fund\u00f3 East West Bank con el fin de ayudar a la comunidad inmigrante\u201d, dijo Dominic Ng, presidente y director ejecutivo.\u201cAyudar aquellos que no tienen la ayuda necesaria y que no pueden acceder a los programas de apoyo del gobierno, nosotros los ayudamos. Este Fondo refleja nuestros valores y cultura de apoyo\u201d. La Fundaci\u00f3n Voto Latino y APIAVote, har\u00e1n la promoci\u00f3n y colectar\u00e1n las donaciones, las cu\u00e1les ser\u00e1n administradas y repartidas por Mission Asset Fund. Los recursos juntados y que despu\u00e9s ser\u00e1n repartidos, ser\u00e1n para ayudar a cubrir gastos b\u00e1sicos, como la renta, alimentos y transporte. Una gran parte del apoyo se enviar\u00e1n a familias de California y Texas. La Ley CARES elimin\u00f3 del apoyo al menos a un mill\u00f3n de familias indocumentadas con hijos estadounidenses de recibir los $1,200 d\u00f3lares por persona o $2,400 por pareja y m\u00e1s $500 d\u00f3lares por dependiente. Jos\u00e9 Qui\u00f1\u00f3nez, Fundador y CEO de Mission Asset Fund, resalt\u00f3 el trabajo que realizan para ayudar a los inmigrantes a mejorar sus finanzas, las cuales se han visto afectadas por la pandemia. Las personas que deseen donar pueden hacerlo en: immigrantneighborfund.org La ayuda es deducible de impuestos La coalici\u00f3n dar\u00e1 a conocer la forma en que se otorgar\u00e1n los apoyos Fuente: La Opini\u00f3n<\/p>","protected":false},"author":13,"featured_media":21152,"comment_status":"open","ping_status":"open","sticky":false,"template":"elementor_header_footer","format":"standard","meta":{"_uf_show_specific_survey":0,"_uf_disable_surveys":false,"footnotes":""},"categories":[10,1],"tags":[],"class_list":["post-21151","post","type-post","status-publish","format-standard","has-post-thumbnail","hentry","category-noticias","category-temas-de-interes"],"aioseo_notices":[],"yoast_head":"<!-- This site is optimized with the Yoast SEO plugin v27.4 - https:\/\/yoast.com\/product\/yoast-seo-wordpress\/ -->\n<title>Inmigrantes excluidos del apoyo econ\u00f3mico federal recibir\u00e1n ayuda<\/title>\n<meta name=\"description\" content=\"Todos los inmigrantes que quedaron fuera de los apoyos del gobierno federal, recibir\u00e1n ayuda econ\u00f3mica de las siguientes organizaciones: Voto\" \/>\n<meta name=\"robots\" content=\"index, follow, max-snippet:-1, max-image-preview:large, max-video-preview:-1\" \/>\n<link rel=\"canonical\" href=\"https:\/\/accesolatino.org\/en\/inmigrantes-excluidos-del-apoyo-economico-federal-recibiran-ayuda\/temas-de-interes\/\" \/>\n<meta property=\"og:locale\" content=\"en_US\" \/>\n<meta property=\"og:type\" content=\"article\" \/>\n<meta property=\"og:title\" content=\"Inmigrantes excluidos del apoyo econ\u00f3mico federal recibir\u00e1n ayuda\" \/>\n<meta property=\"og:description\" content=\"Todos los inmigrantes que quedaron fuera de los apoyos del gobierno federal, recibir\u00e1n ayuda econ\u00f3mica de las siguientes organizaciones: Voto\" \/>\n<meta property=\"og:url\" content=\"https:\/\/accesolatino.org\/en\/inmigrantes-excluidos-del-apoyo-economico-federal-recibiran-ayuda\/temas-de-interes\/\" \/>\n<meta property=\"og:site_name\" content=\"Acceso Latino\" \/>\n<meta property=\"article:publisher\" content=\"https:\/\/www.facebook.com\/AccesoLatinoOrg\" \/>\n<meta property=\"article:published_time\" content=\"2020-05-08T15:06:59+00:00\" \/>\n<meta property=\"article:modified_time\" content=\"2025-10-30T05:40:57+00:00\" \/>\n<meta property=\"og:image\" content=\"https:\/\/accesolatino.org\/wp-content\/uploads\/2020\/05\/Inmigrantes-excluidos-del-apoyo-econo\u0301mico-federal-recibira\u0301n-ayuda.png\" \/>\n\t<meta property=\"og:image:width\" content=\"600\" \/>\n\t<meta property=\"og:image:height\" content=\"338\" \/>\n\t<meta property=\"og:image:type\" content=\"image\/png\" \/>\n<meta name=\"author\" content=\"Noticias\" \/>\n<meta name=\"twitter:card\" content=\"summary_large_image\" \/>\n<meta name=\"twitter:creator\" content=\"@FAccLatino\" \/>\n<meta name=\"twitter:site\" content=\"@FAccLatino\" \/>\n<meta name=\"twitter:label1\" content=\"Written by\" \/>\n\t<meta name=\"twitter:data1\" content=\"Noticias\" \/>\n\t<meta name=\"twitter:label2\" content=\"Est. reading time\" \/>\n\t<meta name=\"twitter:data2\" content=\"3 minutes\" \/>\n<script type=\"application\/ld+json\" class=\"yoast-schema-graph\">{\"@context\":\"https:\\\/\\\/schema.org\",\"@graph\":[{\"@type\":\"Article\",\"@id\":\"https:\\\/\\\/accesolatino.org\\\/inmigrantes-excluidos-del-apoyo-economico-federal-recibiran-ayuda\\\/temas-de-interes\\\/#article\",\"isPartOf\":{\"@id\":\"https:\\\/\\\/accesolatino.org\\\/inmigrantes-excluidos-del-apoyo-economico-federal-recibiran-ayuda\\\/temas-de-interes\\\/\"},\"author\":{\"name\":\"Noticias\",\"@id\":\"https:\\\/\\\/accesolatino.org\\\/#\\\/schema\\\/person\\\/6b654926a4e7e4709c9ad12459661666\"},\"headline\":\"Inmigrantes excluidos del apoyo econ\u00f3mico federal recibir\u00e1n ayuda\",\"datePublished\":\"2020-05-08T15:06:59+00:00\",\"dateModified\":\"2025-10-30T05:40:57+00:00\",\"mainEntityOfPage\":{\"@id\":\"https:\\\/\\\/accesolatino.org\\\/inmigrantes-excluidos-del-apoyo-economico-federal-recibiran-ayuda\\\/temas-de-interes\\\/\"},\"wordCount\":473,\"commentCount\":0,\"publisher\":{\"@id\":\"https:\\\/\\\/accesolatino.org\\\/#organization\"},\"image\":{\"@id\":\"https:\\\/\\\/accesolatino.org\\\/inmigrantes-excluidos-del-apoyo-economico-federal-recibiran-ayuda\\\/temas-de-interes\\\/#primaryimage\"},\"thumbnailUrl\":\"https:\\\/\\\/accesolatino.org\\\/wp-content\\\/uploads\\\/2020\\\/05\\\/Inmigrantes-excluidos-del-apoyo-econo\u0301mico-federal-recibira\u0301n-ayuda.png\",\"articleSection\":[\"Noticias\",\"Temas de inter\u00e9s\"],\"inLanguage\":\"en-US\",\"potentialAction\":[{\"@type\":\"CommentAction\",\"name\":\"Comment\",\"target\":[\"https:\\\/\\\/accesolatino.org\\\/inmigrantes-excluidos-del-apoyo-economico-federal-recibiran-ayuda\\\/temas-de-interes\\\/#respond\"]}]},{\"@type\":\"WebPage\",\"@id\":\"https:\\\/\\\/accesolatino.org\\\/inmigrantes-excluidos-del-apoyo-economico-federal-recibiran-ayuda\\\/temas-de-interes\\\/\",\"url\":\"https:\\\/\\\/accesolatino.org\\\/inmigrantes-excluidos-del-apoyo-economico-federal-recibiran-ayuda\\\/temas-de-interes\\\/\",\"name\":\"Inmigrantes excluidos del apoyo econ\u00f3mico federal recibir\u00e1n ayuda\",\"isPartOf\":{\"@id\":\"https:\\\/\\\/accesolatino.org\\\/#website\"},\"primaryImageOfPage\":{\"@id\":\"https:\\\/\\\/accesolatino.org\\\/inmigrantes-excluidos-del-apoyo-economico-federal-recibiran-ayuda\\\/temas-de-interes\\\/#primaryimage\"},\"image\":{\"@id\":\"https:\\\/\\\/accesolatino.org\\\/inmigrantes-excluidos-del-apoyo-economico-federal-recibiran-ayuda\\\/temas-de-interes\\\/#primaryimage\"},\"thumbnailUrl\":\"https:\\\/\\\/accesolatino.org\\\/wp-content\\\/uploads\\\/2020\\\/05\\\/Inmigrantes-excluidos-del-apoyo-econo\u0301mico-federal-recibira\u0301n-ayuda.png\",\"datePublished\":\"2020-05-08T15:06:59+00:00\",\"dateModified\":\"2025-10-30T05:40:57+00:00\",\"description\":\"Todos los inmigrantes que quedaron fuera de los apoyos del gobierno federal, recibir\u00e1n ayuda econ\u00f3mica de las siguientes organizaciones: Voto\",\"breadcrumb\":{\"@id\":\"https:\\\/\\\/accesolatino.org\\\/inmigrantes-excluidos-del-apoyo-economico-federal-recibiran-ayuda\\\/temas-de-interes\\\/#breadcrumb\"},\"inLanguage\":\"en-US\",\"potentialAction\":[{\"@type\":\"ReadAction\",\"target\":[\"https:\\\/\\\/accesolatino.org\\\/inmigrantes-excluidos-del-apoyo-economico-federal-recibiran-ayuda\\\/temas-de-interes\\\/\"]}]},{\"@type\":\"ImageObject\",\"inLanguage\":\"en-US\",\"@id\":\"https:\\\/\\\/accesolatino.org\\\/inmigrantes-excluidos-del-apoyo-economico-federal-recibiran-ayuda\\\/temas-de-interes\\\/#primaryimage\",\"url\":\"https:\\\/\\\/accesolatino.org\\\/wp-content\\\/uploads\\\/2020\\\/05\\\/Inmigrantes-excluidos-del-apoyo-econo\u0301mico-federal-recibira\u0301n-ayuda.png\",\"contentUrl\":\"https:\\\/\\\/accesolatino.org\\\/wp-content\\\/uploads\\\/2020\\\/05\\\/Inmigrantes-excluidos-del-apoyo-econo\u0301mico-federal-recibira\u0301n-ayuda.png\",\"width\":600,\"height\":338},{\"@type\":\"BreadcrumbList\",\"@id\":\"https:\\\/\\\/accesolatino.org\\\/inmigrantes-excluidos-del-apoyo-economico-federal-recibiran-ayuda\\\/temas-de-interes\\\/#breadcrumb\",\"itemListElement\":[{\"@type\":\"ListItem\",\"position\":1,\"name\":\"Portada\",\"item\":\"https:\\\/\\\/accesolatino.org\\\/\"},{\"@type\":\"ListItem\",\"position\":2,\"name\":\"Noticias\",\"item\":\"https:\\\/\\\/accesolatino.org\\\/category\\\/noticias\\\/\"},{\"@type\":\"ListItem\",\"position\":3,\"name\":\"Inmigrantes excluidos del apoyo econ\u00f3mico federal recibir\u00e1n ayuda\"}]},{\"@type\":\"WebSite\",\"@id\":\"https:\\\/\\\/accesolatino.org\\\/#website\",\"url\":\"https:\\\/\\\/accesolatino.org\\\/\",\"name\":\"Acceso Latino | Fundaci\u00f3n Carlos Slim\",\"description\":\"Fundaci\u00f3n Carlos Slim\",\"publisher\":{\"@id\":\"https:\\\/\\\/accesolatino.org\\\/#organization\"},\"potentialAction\":[{\"@type\":\"SearchAction\",\"target\":{\"@type\":\"EntryPoint\",\"urlTemplate\":\"https:\\\/\\\/accesolatino.org\\\/?s={search_term_string}\"},\"query-input\":{\"@type\":\"PropertyValueSpecification\",\"valueRequired\":true,\"valueName\":\"search_term_string\"}}],\"inLanguage\":\"en-US\"},{\"@type\":\"Organization\",\"@id\":\"https:\\\/\\\/accesolatino.org\\\/#organization\",\"name\":\"Acceso Latino | Fundaci\u00f3n Carlos Slim\",\"url\":\"https:\\\/\\\/accesolatino.org\\\/\",\"logo\":{\"@type\":\"ImageObject\",\"inLanguage\":\"en-US\",\"@id\":\"https:\\\/\\\/accesolatino.org\\\/#\\\/schema\\\/logo\\\/image\\\/\",\"url\":\"https:\\\/\\\/accesolatino.org\\\/wp-content\\\/uploads\\\/2021\\\/02\\\/logo-footer-acceso-latino.png\",\"contentUrl\":\"https:\\\/\\\/accesolatino.org\\\/wp-content\\\/uploads\\\/2021\\\/02\\\/logo-footer-acceso-latino.png\",\"width\":240,\"height\":40,\"caption\":\"Acceso Latino | Fundaci\u00f3n Carlos Slim\"},\"image\":{\"@id\":\"https:\\\/\\\/accesolatino.org\\\/#\\\/schema\\\/logo\\\/image\\\/\"},\"sameAs\":[\"https:\\\/\\\/www.facebook.com\\\/AccesoLatinoOrg\",\"https:\\\/\\\/x.com\\\/FAccLatino\"]},{\"@type\":\"Person\",\"@id\":\"https:\\\/\\\/accesolatino.org\\\/#\\\/schema\\\/person\\\/6b654926a4e7e4709c9ad12459661666\",\"name\":\"Noticias\"}]}<\/script>\n<!-- \/ Yoast SEO plugin. -->","yoast_head_json":{"title":"Inmigrantes excluidos del apoyo econ\u00f3mico federal recibir\u00e1n ayuda","description":"Todos los inmigrantes que quedaron fuera de los apoyos del gobierno federal, recibir\u00e1n ayuda econ\u00f3mica de las siguientes organizaciones: Voto","robots":{"index":"index","follow":"follow","max-snippet":"max-snippet:-1","max-image-preview":"max-image-preview:large","max-video-preview":"max-video-preview:-1"},"canonical":"https:\/\/accesolatino.org\/en\/inmigrantes-excluidos-del-apoyo-economico-federal-recibiran-ayuda\/temas-de-interes\/","og_locale":"en_US","og_type":"article","og_title":"Inmigrantes excluidos del apoyo econ\u00f3mico federal recibir\u00e1n ayuda","og_description":"Todos los inmigrantes que quedaron fuera de los apoyos del gobierno federal, recibir\u00e1n ayuda econ\u00f3mica de las siguientes organizaciones: Voto","og_url":"https:\/\/accesolatino.org\/en\/inmigrantes-excluidos-del-apoyo-economico-federal-recibiran-ayuda\/temas-de-interes\/","og_site_name":"Acceso Latino","article_publisher":"https:\/\/www.facebook.com\/AccesoLatinoOrg","article_published_time":"2020-05-08T15:06:59+00:00","article_modified_time":"2025-10-30T05:40:57+00:00","og_image":[{"width":600,"height":338,"url":"https:\/\/accesolatino.org\/wp-content\/uploads\/2020\/05\/Inmigrantes-excluidos-del-apoyo-econo\u0301mico-federal-recibira\u0301n-ayuda.png","type":"image\/png"}],"author":"Noticias","twitter_card":"summary_large_image","twitter_creator":"@FAccLatino","twitter_site":"@FAccLatino","twitter_misc":{"Written by":"Noticias","Est. reading time":"3 minutes"},"schema":{"@context":"https:\/\/schema.org","@graph":[{"@type":"Article","@id":"https:\/\/accesolatino.org\/inmigrantes-excluidos-del-apoyo-economico-federal-recibiran-ayuda\/temas-de-interes\/#article","isPartOf":{"@id":"https:\/\/accesolatino.org\/inmigrantes-excluidos-del-apoyo-economico-federal-recibiran-ayuda\/temas-de-interes\/"},"author":{"name":"Noticias","@id":"https:\/\/accesolatino.org\/#\/schema\/person\/6b654926a4e7e4709c9ad12459661666"},"headline":"Inmigrantes excluidos del apoyo econ\u00f3mico federal recibir\u00e1n ayuda","datePublished":"2020-05-08T15:06:59+00:00","dateModified":"2025-10-30T05:40:57+00:00","mainEntityOfPage":{"@id":"https:\/\/accesolatino.org\/inmigrantes-excluidos-del-apoyo-economico-federal-recibiran-ayuda\/temas-de-interes\/"},"wordCount":473,"commentCount":0,"publisher":{"@id":"https:\/\/accesolatino.org\/#organization"},"image":{"@id":"https:\/\/accesolatino.org\/inmigrantes-excluidos-del-apoyo-economico-federal-recibiran-ayuda\/temas-de-interes\/#primaryimage"},"thumbnailUrl":"https:\/\/accesolatino.org\/wp-content\/uploads\/2020\/05\/Inmigrantes-excluidos-del-apoyo-econo\u0301mico-federal-recibira\u0301n-ayuda.png","articleSection":["Noticias","Temas de inter\u00e9s"],"inLanguage":"en-US","potentialAction":[{"@type":"CommentAction","name":"Comment","target":["https:\/\/accesolatino.org\/inmigrantes-excluidos-del-apoyo-economico-federal-recibiran-ayuda\/temas-de-interes\/#respond"]}]},{"@type":"WebPage","@id":"https:\/\/accesolatino.org\/inmigrantes-excluidos-del-apoyo-economico-federal-recibiran-ayuda\/temas-de-interes\/","url":"https:\/\/accesolatino.org\/inmigrantes-excluidos-del-apoyo-economico-federal-recibiran-ayuda\/temas-de-interes\/","name":"Inmigrantes excluidos del apoyo econ\u00f3mico federal recibir\u00e1n ayuda","isPartOf":{"@id":"https:\/\/accesolatino.org\/#website"},"primaryImageOfPage":{"@id":"https:\/\/accesolatino.org\/inmigrantes-excluidos-del-apoyo-economico-federal-recibiran-ayuda\/temas-de-interes\/#primaryimage"},"image":{"@id":"https:\/\/accesolatino.org\/inmigrantes-excluidos-del-apoyo-economico-federal-recibiran-ayuda\/temas-de-interes\/#primaryimage"},"thumbnailUrl":"https:\/\/accesolatino.org\/wp-content\/uploads\/2020\/05\/Inmigrantes-excluidos-del-apoyo-econo\u0301mico-federal-recibira\u0301n-ayuda.png","datePublished":"2020-05-08T15:06:59+00:00","dateModified":"2025-10-30T05:40:57+00:00","description":"Todos los inmigrantes que quedaron fuera de los apoyos del gobierno federal, recibir\u00e1n ayuda econ\u00f3mica de las siguientes organizaciones: Voto","breadcrumb":{"@id":"https:\/\/accesolatino.org\/inmigrantes-excluidos-del-apoyo-economico-federal-recibiran-ayuda\/temas-de-interes\/#breadcrumb"},"inLanguage":"en-US","potentialAction":[{"@type":"ReadAction","target":["https:\/\/accesolatino.org\/inmigrantes-excluidos-del-apoyo-economico-federal-recibiran-ayuda\/temas-de-interes\/"]}]},{"@type":"ImageObject","inLanguage":"en-US","@id":"https:\/\/accesolatino.org\/inmigrantes-excluidos-del-apoyo-economico-federal-recibiran-ayuda\/temas-de-interes\/#primaryimage","url":"https:\/\/accesolatino.org\/wp-content\/uploads\/2020\/05\/Inmigrantes-excluidos-del-apoyo-econo\u0301mico-federal-recibira\u0301n-ayuda.png","contentUrl":"https:\/\/accesolatino.org\/wp-content\/uploads\/2020\/05\/Inmigrantes-excluidos-del-apoyo-econo\u0301mico-federal-recibira\u0301n-ayuda.png","width":600,"height":338},{"@type":"BreadcrumbList","@id":"https:\/\/accesolatino.org\/inmigrantes-excluidos-del-apoyo-economico-federal-recibiran-ayuda\/temas-de-interes\/#breadcrumb","itemListElement":[{"@type":"ListItem","position":1,"name":"Portada","item":"https:\/\/accesolatino.org\/"},{"@type":"ListItem","position":2,"name":"Noticias","item":"https:\/\/accesolatino.org\/category\/noticias\/"},{"@type":"ListItem","position":3,"name":"Inmigrantes excluidos del apoyo econ\u00f3mico federal recibir\u00e1n ayuda"}]},{"@type":"WebSite","@id":"https:\/\/accesolatino.org\/#website","url":"https:\/\/accesolatino.org\/","name":"Acceso Latino | Fundaci\u00f3n Carlos Slim","description":"Fundaci\u00f3n Carlos Slim","publisher":{"@id":"https:\/\/accesolatino.org\/#organization"},"potentialAction":[{"@type":"SearchAction","target":{"@type":"EntryPoint","urlTemplate":"https:\/\/accesolatino.org\/?s={search_term_string}"},"query-input":{"@type":"PropertyValueSpecification","valueRequired":true,"valueName":"search_term_string"}}],"inLanguage":"en-US"},{"@type":"Organization","@id":"https:\/\/accesolatino.org\/#organization","name":"Acceso Latino | Fundaci\u00f3n Carlos Slim","url":"https:\/\/accesolatino.org\/","logo":{"@type":"ImageObject","inLanguage":"en-US","@id":"https:\/\/accesolatino.org\/#\/schema\/logo\/image\/","url":"https:\/\/accesolatino.org\/wp-content\/uploads\/2021\/02\/logo-footer-acceso-latino.png","contentUrl":"https:\/\/accesolatino.org\/wp-content\/uploads\/2021\/02\/logo-footer-acceso-latino.png","width":240,"height":40,"caption":"Acceso Latino | Fundaci\u00f3n Carlos Slim"},"image":{"@id":"https:\/\/accesolatino.org\/#\/schema\/logo\/image\/"},"sameAs":["https:\/\/www.facebook.com\/AccesoLatinoOrg","https:\/\/x.com\/FAccLatino"]},{"@type":"Person","@id":"https:\/\/accesolatino.org\/#\/schema\/person\/6b654926a4e7e4709c9ad12459661666","name":"News"}]}},"_links":{"self":[{"href":"https:\/\/accesolatino.org\/en\/wp-json\/wp\/v2\/posts\/21151","targetHints":{"allow":["GET"]}}],"collection":[{"href":"https:\/\/accesolatino.org\/en\/wp-json\/wp\/v2\/posts"}],"about":[{"href":"https:\/\/accesolatino.org\/en\/wp-json\/wp\/v2\/types\/post"}],"author":[{"embeddable":true,"href":"https:\/\/accesolatino.org\/en\/wp-json\/wp\/v2\/users\/13"}],"replies":[{"embeddable":true,"href":"https:\/\/accesolatino.org\/en\/wp-json\/wp\/v2\/comments?post=21151"}],"version-history":[{"count":1,"href":"https:\/\/accesolatino.org\/en\/wp-json\/wp\/v2\/posts\/21151\/revisions"}],"predecessor-version":[{"id":68330,"href":"https:\/\/accesolatino.org\/en\/wp-json\/wp\/v2\/posts\/21151\/revisions\/68330"}],"wp:featuredmedia":[{"embeddable":true,"href":"https:\/\/accesolatino.org\/en\/wp-json\/wp\/v2\/media\/21152"}],"wp:attachment":[{"href":"https:\/\/accesolatino.org\/en\/wp-json\/wp\/v2\/media?parent=21151"}],"wp:term":[{"taxonomy":"category","embeddable":true,"href":"https:\/\/accesolatino.org\/en\/wp-json\/wp\/v2\/categories?post=21151"},{"taxonomy":"post_tag","embeddable":true,"href":"https:\/\/accesolatino.org\/en\/wp-json\/wp\/v2\/tags?post=21151"}],"curies":[{"name":"wp","href":"https:\/\/api.w.org\/{rel}","templated":true}]}}