{"id":21137,"date":"2020-05-07T13:20:17","date_gmt":"2020-05-07T18:20:17","guid":{"rendered":"https:\/\/accesolatino.org\/?p=21137"},"modified":"2025-10-29T23:41:02","modified_gmt":"2025-10-30T05:41:02","slug":"sana-distancia-el-mejor-metodo-contra-el-covid-19","status":"publish","type":"post","link":"https:\/\/accesolatino.org\/en\/sana-distancia-el-mejor-metodo-contra-el-covid-19\/temas-de-interes\/","title":{"rendered":"Sana distancia, el mejor m\u00e9todo contra el Covid-19"},"content":{"rendered":"<div data-elementor-type=\"wp-post\" data-elementor-id=\"21137\" class=\"elementor elementor-21137\">\n\t\t\t\t\t\t<section class=\"elementor-section elementor-top-section elementor-element elementor-element-e311389 elementor-section-boxed elementor-section-height-default elementor-section-height-default wpr-particle-no wpr-jarallax-no wpr-parallax-no wpr-sticky-section-no wpr-equal-height-no\" data-id=\"e311389\" data-element_type=\"section\" data-e-type=\"section\">\n\t\t\t\t\t\t<div class=\"elementor-container elementor-column-gap-default\">\n\t\t\t\t\t<div class=\"elementor-column elementor-col-100 elementor-top-column elementor-element elementor-element-978633f\" data-id=\"978633f\" data-element_type=\"column\" data-e-type=\"column\">\n\t\t\t<div class=\"elementor-widget-wrap elementor-element-populated\">\n\t\t\t\t\t\t<div class=\"elementor-element elementor-element-6f3bde3 elementor-widget elementor-widget-text-editor\" data-id=\"6f3bde3\" data-element_type=\"widget\" data-e-type=\"widget\" data-widget_type=\"text-editor.default\">\n\t\t\t\t<div class=\"elementor-widget-container\">\n\t\t\t\t\t\t\t\t\t<p>Al d\u00eda de ayer eran 26, 025 casos confirmados de coronavirus y 2, 507 muertes en todo el pa\u00eds \u2013 de no ser por la medida de la Sana Distancia los n\u00fameros ser\u00edan mayores \u2013 por lo que Secretaria de Salud y dem\u00e1s organismos internacionales insisten en llevar a cabo esta regla sanitaria para evitar un contagio descontrolado.<\/p><p>Muchas personas no consideran lo importante de esta medida, pero gracias a la Jornada Nacional de Sana Distancia la posibilidad de contagios de coronavirus se redujo entre un 60% y un 75%, as\u00ed lo declar\u00f3 el subsecretario de Prevenci\u00f3n y Promoci\u00f3n de la Salud, Hugo L\u00f3pez Gatell.<\/p><p>De acuerdo con el doctor la cantidad de casos es menor a la que se esperaba cuando lleg\u00f3 la pandemia llegaba a M\u00e9xico, pero gracias a las medidas implementadas que la sociedad mexicana ha llevado a cabo, los n\u00fameros no son tan altos.<\/p><p>Reci\u00e9n iniciaba la epidemia y los casos se duplicaban cada dos d\u00edas. Inclusive, entre los primeros cuatro a cinco d\u00edas se lleg\u00f3 a los 100 casos, no obstante, despu\u00e9s de estos n\u00fameros hubo cambio significativo de la curva de contagios.<\/p><p>\u201cComenzamos a tener duplicaciones cada cinco d\u00edas, cuando llegamos al d\u00eda 40 tuvimos un cambio y estamos teniendo reproducciones dobles cada seis d\u00edas, por lo que cada vez se ha hecho m\u00e1s lenta la epidemia\u201d, explic\u00f3 el subsecretario.<\/p><p>A parte de mantener una distancia de dos metros como m\u00ednimo, la Secretaria de Salud recomienda lo siguiente:<\/p><ul><li>L\u00e1vate las manos con agua y jab\u00f3n varias veces al d\u00eda durante 20 segundos.<\/li><li>Al toser, c\u00fabrete la nariz y la boca con el codo doblado.<\/li><li>Evita tocarte los ojos, la nariz y la boca.<\/li><li>Si no te sientes bien, qu\u00e9date en casa.<\/li><li>Si tienes tos, fiebre y dificultad para respirar, busca atenci\u00f3n m\u00e9dica lo antes posible (llama por tel\u00e9fono primero).<\/li><li>Mantente al d\u00eda con informaci\u00f3n oficial.<\/li><\/ul><p>No salir de casa es la mejor forma de cuidarnos, as\u00ed como mantener la distancia si tenemos que hacerlo y llevar a cabo los cuidados.<\/p><p>En tiempo de coronavirus <a href=\"https:\/\/www.clikisalud.net\/\" target=\"_blank\" rel=\"noopener\">clikisalud.net<\/a> te informa.<\/p>\t\t\t\t\t\t\t\t<\/div>\n\t\t\t\t<\/div>\n\t\t\t\t\t<\/div>\n\t\t<\/div>\n\t\t\t\t\t<\/div>\n\t\t<\/section>\n\t\t\t\t<\/div>","protected":false},"excerpt":{"rendered":"<p>Al d\u00eda de ayer eran 26, 025 casos confirmados de coronavirus y 2, 507 muertes en todo el pa\u00eds \u2013 de no ser por la medida de la Sana Distancia los n\u00fameros ser\u00edan mayores \u2013 por lo que Secretaria de Salud y dem\u00e1s organismos internacionales insisten en llevar a cabo esta regla sanitaria para evitar un contagio descontrolado. Muchas personas no consideran lo importante de esta medida, pero gracias a la Jornada Nacional de Sana Distancia la posibilidad de contagios de coronavirus se redujo entre un 60% y un 75%, as\u00ed lo declar\u00f3 el subsecretario de Prevenci\u00f3n y Promoci\u00f3n de la Salud, Hugo L\u00f3pez Gatell. De acuerdo con el doctor la cantidad de casos es menor a la que se esperaba cuando lleg\u00f3 la pandemia llegaba a M\u00e9xico, pero gracias a las medidas implementadas que la sociedad mexicana ha llevado a cabo, los n\u00fameros no son tan altos. Reci\u00e9n iniciaba la epidemia y los casos se duplicaban cada dos d\u00edas. Inclusive, entre los primeros cuatro a cinco d\u00edas se lleg\u00f3 a los 100 casos, no obstante, despu\u00e9s de estos n\u00fameros hubo cambio significativo de la curva de contagios. \u201cComenzamos a tener duplicaciones cada cinco d\u00edas, cuando llegamos al d\u00eda 40 tuvimos un cambio y estamos teniendo reproducciones dobles cada seis d\u00edas, por lo que cada vez se ha hecho m\u00e1s lenta la epidemia\u201d, explic\u00f3 el subsecretario. A parte de mantener una distancia de dos metros como m\u00ednimo, la Secretaria de Salud recomienda lo siguiente: L\u00e1vate las manos con agua y jab\u00f3n varias veces al d\u00eda durante 20 segundos. Al toser, c\u00fabrete la nariz y la boca con el codo doblado. Evita tocarte los ojos, la nariz y la boca. Si no te sientes bien, qu\u00e9date en casa. Si tienes tos, fiebre y dificultad para respirar, busca atenci\u00f3n m\u00e9dica lo antes posible (llama por tel\u00e9fono primero). Mantente al d\u00eda con informaci\u00f3n oficial. No salir de casa es la mejor forma de cuidarnos, as\u00ed como mantener la distancia si tenemos que hacerlo y llevar a cabo los cuidados. En tiempo de coronavirus clikisalud.net te informa.<\/p>","protected":false},"author":13,"featured_media":21138,"comment_status":"open","ping_status":"open","sticky":false,"template":"elementor_header_footer","format":"standard","meta":{"_uf_show_specific_survey":0,"_uf_disable_surveys":false,"footnotes":""},"categories":[10,1],"tags":[],"class_list":["post-21137","post","type-post","status-publish","format-standard","has-post-thumbnail","hentry","category-noticias","category-temas-de-interes"],"aioseo_notices":[],"yoast_head":"<!-- This site is optimized with the Yoast SEO plugin v27.4 - https:\/\/yoast.com\/product\/yoast-seo-wordpress\/ -->\n<title>Sana distancia, el mejor m\u00e9todo contra el Covid-19<\/title>\n<meta name=\"description\" content=\"Al d\u00eda de ayer eran 26, 025 casos confirmados de coronavirus y 2, 507 muertes en todo el pa\u00eds \u2013 de no ser por la medida de la Sana Distancia los\" \/>\n<meta name=\"robots\" content=\"index, follow, max-snippet:-1, max-image-preview:large, max-video-preview:-1\" \/>\n<link rel=\"canonical\" href=\"https:\/\/accesolatino.org\/en\/sana-distancia-el-mejor-metodo-contra-el-covid-19\/temas-de-interes\/\" \/>\n<meta property=\"og:locale\" content=\"en_US\" \/>\n<meta property=\"og:type\" content=\"article\" \/>\n<meta property=\"og:title\" content=\"Sana distancia, el mejor m\u00e9todo contra el Covid-19\" \/>\n<meta property=\"og:description\" content=\"Al d\u00eda de ayer eran 26, 025 casos confirmados de coronavirus y 2, 507 muertes en todo el pa\u00eds \u2013 de no ser por la medida de la Sana Distancia los\" \/>\n<meta property=\"og:url\" content=\"https:\/\/accesolatino.org\/en\/sana-distancia-el-mejor-metodo-contra-el-covid-19\/temas-de-interes\/\" \/>\n<meta property=\"og:site_name\" content=\"Acceso Latino\" \/>\n<meta property=\"article:publisher\" content=\"https:\/\/www.facebook.com\/AccesoLatinoOrg\" \/>\n<meta property=\"article:published_time\" content=\"2020-05-07T18:20:17+00:00\" \/>\n<meta property=\"article:modified_time\" content=\"2025-10-30T05:41:02+00:00\" \/>\n<meta property=\"og:image\" content=\"https:\/\/accesolatino.org\/wp-content\/uploads\/2020\/05\/sana-distancia-la-mejor-medida-contra-el-covid-19.png\" \/>\n\t<meta property=\"og:image:width\" content=\"600\" \/>\n\t<meta property=\"og:image:height\" content=\"338\" \/>\n\t<meta property=\"og:image:type\" content=\"image\/png\" \/>\n<meta name=\"author\" content=\"Noticias\" \/>\n<meta name=\"twitter:card\" content=\"summary_large_image\" \/>\n<meta name=\"twitter:creator\" content=\"@FAccLatino\" \/>\n<meta name=\"twitter:site\" content=\"@FAccLatino\" \/>\n<meta name=\"twitter:label1\" content=\"Written by\" \/>\n\t<meta name=\"twitter:data1\" content=\"Noticias\" \/>\n\t<meta name=\"twitter:label2\" content=\"Est. reading time\" \/>\n\t<meta name=\"twitter:data2\" content=\"2 minutes\" \/>\n<script type=\"application\/ld+json\" class=\"yoast-schema-graph\">{\"@context\":\"https:\\\/\\\/schema.org\",\"@graph\":[{\"@type\":\"Article\",\"@id\":\"https:\\\/\\\/accesolatino.org\\\/sana-distancia-el-mejor-metodo-contra-el-covid-19\\\/temas-de-interes\\\/#article\",\"isPartOf\":{\"@id\":\"https:\\\/\\\/accesolatino.org\\\/sana-distancia-el-mejor-metodo-contra-el-covid-19\\\/temas-de-interes\\\/\"},\"author\":{\"name\":\"Noticias\",\"@id\":\"https:\\\/\\\/accesolatino.org\\\/#\\\/schema\\\/person\\\/6b654926a4e7e4709c9ad12459661666\"},\"headline\":\"Sana distancia, el mejor m\u00e9todo contra el Covid-19\",\"datePublished\":\"2020-05-07T18:20:17+00:00\",\"dateModified\":\"2025-10-30T05:41:02+00:00\",\"mainEntityOfPage\":{\"@id\":\"https:\\\/\\\/accesolatino.org\\\/sana-distancia-el-mejor-metodo-contra-el-covid-19\\\/temas-de-interes\\\/\"},\"wordCount\":372,\"commentCount\":0,\"publisher\":{\"@id\":\"https:\\\/\\\/accesolatino.org\\\/#organization\"},\"image\":{\"@id\":\"https:\\\/\\\/accesolatino.org\\\/sana-distancia-el-mejor-metodo-contra-el-covid-19\\\/temas-de-interes\\\/#primaryimage\"},\"thumbnailUrl\":\"https:\\\/\\\/accesolatino.org\\\/wp-content\\\/uploads\\\/2020\\\/05\\\/sana-distancia-la-mejor-medida-contra-el-covid-19.png\",\"articleSection\":[\"Noticias\",\"Temas de inter\u00e9s\"],\"inLanguage\":\"en-US\",\"potentialAction\":[{\"@type\":\"CommentAction\",\"name\":\"Comment\",\"target\":[\"https:\\\/\\\/accesolatino.org\\\/sana-distancia-el-mejor-metodo-contra-el-covid-19\\\/temas-de-interes\\\/#respond\"]}]},{\"@type\":\"WebPage\",\"@id\":\"https:\\\/\\\/accesolatino.org\\\/sana-distancia-el-mejor-metodo-contra-el-covid-19\\\/temas-de-interes\\\/\",\"url\":\"https:\\\/\\\/accesolatino.org\\\/sana-distancia-el-mejor-metodo-contra-el-covid-19\\\/temas-de-interes\\\/\",\"name\":\"Sana distancia, el mejor m\u00e9todo contra el Covid-19\",\"isPartOf\":{\"@id\":\"https:\\\/\\\/accesolatino.org\\\/#website\"},\"primaryImageOfPage\":{\"@id\":\"https:\\\/\\\/accesolatino.org\\\/sana-distancia-el-mejor-metodo-contra-el-covid-19\\\/temas-de-interes\\\/#primaryimage\"},\"image\":{\"@id\":\"https:\\\/\\\/accesolatino.org\\\/sana-distancia-el-mejor-metodo-contra-el-covid-19\\\/temas-de-interes\\\/#primaryimage\"},\"thumbnailUrl\":\"https:\\\/\\\/accesolatino.org\\\/wp-content\\\/uploads\\\/2020\\\/05\\\/sana-distancia-la-mejor-medida-contra-el-covid-19.png\",\"datePublished\":\"2020-05-07T18:20:17+00:00\",\"dateModified\":\"2025-10-30T05:41:02+00:00\",\"description\":\"Al d\u00eda de ayer eran 26, 025 casos confirmados de coronavirus y 2, 507 muertes en todo el pa\u00eds \u2013 de no ser por la medida de la Sana Distancia los\",\"breadcrumb\":{\"@id\":\"https:\\\/\\\/accesolatino.org\\\/sana-distancia-el-mejor-metodo-contra-el-covid-19\\\/temas-de-interes\\\/#breadcrumb\"},\"inLanguage\":\"en-US\",\"potentialAction\":[{\"@type\":\"ReadAction\",\"target\":[\"https:\\\/\\\/accesolatino.org\\\/sana-distancia-el-mejor-metodo-contra-el-covid-19\\\/temas-de-interes\\\/\"]}]},{\"@type\":\"ImageObject\",\"inLanguage\":\"en-US\",\"@id\":\"https:\\\/\\\/accesolatino.org\\\/sana-distancia-el-mejor-metodo-contra-el-covid-19\\\/temas-de-interes\\\/#primaryimage\",\"url\":\"https:\\\/\\\/accesolatino.org\\\/wp-content\\\/uploads\\\/2020\\\/05\\\/sana-distancia-la-mejor-medida-contra-el-covid-19.png\",\"contentUrl\":\"https:\\\/\\\/accesolatino.org\\\/wp-content\\\/uploads\\\/2020\\\/05\\\/sana-distancia-la-mejor-medida-contra-el-covid-19.png\",\"width\":600,\"height\":338},{\"@type\":\"BreadcrumbList\",\"@id\":\"https:\\\/\\\/accesolatino.org\\\/sana-distancia-el-mejor-metodo-contra-el-covid-19\\\/temas-de-interes\\\/#breadcrumb\",\"itemListElement\":[{\"@type\":\"ListItem\",\"position\":1,\"name\":\"Portada\",\"item\":\"https:\\\/\\\/accesolatino.org\\\/\"},{\"@type\":\"ListItem\",\"position\":2,\"name\":\"Noticias\",\"item\":\"https:\\\/\\\/accesolatino.org\\\/category\\\/noticias\\\/\"},{\"@type\":\"ListItem\",\"position\":3,\"name\":\"Sana distancia, el mejor m\u00e9todo contra el Covid-19\"}]},{\"@type\":\"WebSite\",\"@id\":\"https:\\\/\\\/accesolatino.org\\\/#website\",\"url\":\"https:\\\/\\\/accesolatino.org\\\/\",\"name\":\"Acceso Latino | Fundaci\u00f3n Carlos Slim\",\"description\":\"Fundaci\u00f3n Carlos Slim\",\"publisher\":{\"@id\":\"https:\\\/\\\/accesolatino.org\\\/#organization\"},\"potentialAction\":[{\"@type\":\"SearchAction\",\"target\":{\"@type\":\"EntryPoint\",\"urlTemplate\":\"https:\\\/\\\/accesolatino.org\\\/?s={search_term_string}\"},\"query-input\":{\"@type\":\"PropertyValueSpecification\",\"valueRequired\":true,\"valueName\":\"search_term_string\"}}],\"inLanguage\":\"en-US\"},{\"@type\":\"Organization\",\"@id\":\"https:\\\/\\\/accesolatino.org\\\/#organization\",\"name\":\"Acceso Latino | Fundaci\u00f3n Carlos Slim\",\"url\":\"https:\\\/\\\/accesolatino.org\\\/\",\"logo\":{\"@type\":\"ImageObject\",\"inLanguage\":\"en-US\",\"@id\":\"https:\\\/\\\/accesolatino.org\\\/#\\\/schema\\\/logo\\\/image\\\/\",\"url\":\"https:\\\/\\\/accesolatino.org\\\/wp-content\\\/uploads\\\/2021\\\/02\\\/logo-footer-acceso-latino.png\",\"contentUrl\":\"https:\\\/\\\/accesolatino.org\\\/wp-content\\\/uploads\\\/2021\\\/02\\\/logo-footer-acceso-latino.png\",\"width\":240,\"height\":40,\"caption\":\"Acceso Latino | Fundaci\u00f3n Carlos Slim\"},\"image\":{\"@id\":\"https:\\\/\\\/accesolatino.org\\\/#\\\/schema\\\/logo\\\/image\\\/\"},\"sameAs\":[\"https:\\\/\\\/www.facebook.com\\\/AccesoLatinoOrg\",\"https:\\\/\\\/x.com\\\/FAccLatino\"]},{\"@type\":\"Person\",\"@id\":\"https:\\\/\\\/accesolatino.org\\\/#\\\/schema\\\/person\\\/6b654926a4e7e4709c9ad12459661666\",\"name\":\"Noticias\"}]}<\/script>\n<!-- \/ Yoast SEO plugin. -->","yoast_head_json":{"title":"Sana distancia, el mejor m\u00e9todo contra el Covid-19","description":"Al d\u00eda de ayer eran 26, 025 casos confirmados de coronavirus y 2, 507 muertes en todo el pa\u00eds \u2013 de no ser por la medida de la Sana Distancia los","robots":{"index":"index","follow":"follow","max-snippet":"max-snippet:-1","max-image-preview":"max-image-preview:large","max-video-preview":"max-video-preview:-1"},"canonical":"https:\/\/accesolatino.org\/en\/sana-distancia-el-mejor-metodo-contra-el-covid-19\/temas-de-interes\/","og_locale":"en_US","og_type":"article","og_title":"Sana distancia, el mejor m\u00e9todo contra el Covid-19","og_description":"Al d\u00eda de ayer eran 26, 025 casos confirmados de coronavirus y 2, 507 muertes en todo el pa\u00eds \u2013 de no ser por la medida de la Sana Distancia los","og_url":"https:\/\/accesolatino.org\/en\/sana-distancia-el-mejor-metodo-contra-el-covid-19\/temas-de-interes\/","og_site_name":"Acceso Latino","article_publisher":"https:\/\/www.facebook.com\/AccesoLatinoOrg","article_published_time":"2020-05-07T18:20:17+00:00","article_modified_time":"2025-10-30T05:41:02+00:00","og_image":[{"width":600,"height":338,"url":"https:\/\/accesolatino.org\/wp-content\/uploads\/2020\/05\/sana-distancia-la-mejor-medida-contra-el-covid-19.png","type":"image\/png"}],"author":"Noticias","twitter_card":"summary_large_image","twitter_creator":"@FAccLatino","twitter_site":"@FAccLatino","twitter_misc":{"Written by":"Noticias","Est. reading time":"2 minutes"},"schema":{"@context":"https:\/\/schema.org","@graph":[{"@type":"Article","@id":"https:\/\/accesolatino.org\/sana-distancia-el-mejor-metodo-contra-el-covid-19\/temas-de-interes\/#article","isPartOf":{"@id":"https:\/\/accesolatino.org\/sana-distancia-el-mejor-metodo-contra-el-covid-19\/temas-de-interes\/"},"author":{"name":"Noticias","@id":"https:\/\/accesolatino.org\/#\/schema\/person\/6b654926a4e7e4709c9ad12459661666"},"headline":"Sana distancia, el mejor m\u00e9todo contra el Covid-19","datePublished":"2020-05-07T18:20:17+00:00","dateModified":"2025-10-30T05:41:02+00:00","mainEntityOfPage":{"@id":"https:\/\/accesolatino.org\/sana-distancia-el-mejor-metodo-contra-el-covid-19\/temas-de-interes\/"},"wordCount":372,"commentCount":0,"publisher":{"@id":"https:\/\/accesolatino.org\/#organization"},"image":{"@id":"https:\/\/accesolatino.org\/sana-distancia-el-mejor-metodo-contra-el-covid-19\/temas-de-interes\/#primaryimage"},"thumbnailUrl":"https:\/\/accesolatino.org\/wp-content\/uploads\/2020\/05\/sana-distancia-la-mejor-medida-contra-el-covid-19.png","articleSection":["Noticias","Temas de inter\u00e9s"],"inLanguage":"en-US","potentialAction":[{"@type":"CommentAction","name":"Comment","target":["https:\/\/accesolatino.org\/sana-distancia-el-mejor-metodo-contra-el-covid-19\/temas-de-interes\/#respond"]}]},{"@type":"WebPage","@id":"https:\/\/accesolatino.org\/sana-distancia-el-mejor-metodo-contra-el-covid-19\/temas-de-interes\/","url":"https:\/\/accesolatino.org\/sana-distancia-el-mejor-metodo-contra-el-covid-19\/temas-de-interes\/","name":"Sana distancia, el mejor m\u00e9todo contra el Covid-19","isPartOf":{"@id":"https:\/\/accesolatino.org\/#website"},"primaryImageOfPage":{"@id":"https:\/\/accesolatino.org\/sana-distancia-el-mejor-metodo-contra-el-covid-19\/temas-de-interes\/#primaryimage"},"image":{"@id":"https:\/\/accesolatino.org\/sana-distancia-el-mejor-metodo-contra-el-covid-19\/temas-de-interes\/#primaryimage"},"thumbnailUrl":"https:\/\/accesolatino.org\/wp-content\/uploads\/2020\/05\/sana-distancia-la-mejor-medida-contra-el-covid-19.png","datePublished":"2020-05-07T18:20:17+00:00","dateModified":"2025-10-30T05:41:02+00:00","description":"Al d\u00eda de ayer eran 26, 025 casos confirmados de coronavirus y 2, 507 muertes en todo el pa\u00eds \u2013 de no ser por la medida de la Sana Distancia los","breadcrumb":{"@id":"https:\/\/accesolatino.org\/sana-distancia-el-mejor-metodo-contra-el-covid-19\/temas-de-interes\/#breadcrumb"},"inLanguage":"en-US","potentialAction":[{"@type":"ReadAction","target":["https:\/\/accesolatino.org\/sana-distancia-el-mejor-metodo-contra-el-covid-19\/temas-de-interes\/"]}]},{"@type":"ImageObject","inLanguage":"en-US","@id":"https:\/\/accesolatino.org\/sana-distancia-el-mejor-metodo-contra-el-covid-19\/temas-de-interes\/#primaryimage","url":"https:\/\/accesolatino.org\/wp-content\/uploads\/2020\/05\/sana-distancia-la-mejor-medida-contra-el-covid-19.png","contentUrl":"https:\/\/accesolatino.org\/wp-content\/uploads\/2020\/05\/sana-distancia-la-mejor-medida-contra-el-covid-19.png","width":600,"height":338},{"@type":"BreadcrumbList","@id":"https:\/\/accesolatino.org\/sana-distancia-el-mejor-metodo-contra-el-covid-19\/temas-de-interes\/#breadcrumb","itemListElement":[{"@type":"ListItem","position":1,"name":"Portada","item":"https:\/\/accesolatino.org\/"},{"@type":"ListItem","position":2,"name":"Noticias","item":"https:\/\/accesolatino.org\/category\/noticias\/"},{"@type":"ListItem","position":3,"name":"Sana distancia, el mejor m\u00e9todo contra el Covid-19"}]},{"@type":"WebSite","@id":"https:\/\/accesolatino.org\/#website","url":"https:\/\/accesolatino.org\/","name":"Acceso Latino | Fundaci\u00f3n Carlos Slim","description":"Fundaci\u00f3n Carlos Slim","publisher":{"@id":"https:\/\/accesolatino.org\/#organization"},"potentialAction":[{"@type":"SearchAction","target":{"@type":"EntryPoint","urlTemplate":"https:\/\/accesolatino.org\/?s={search_term_string}"},"query-input":{"@type":"PropertyValueSpecification","valueRequired":true,"valueName":"search_term_string"}}],"inLanguage":"en-US"},{"@type":"Organization","@id":"https:\/\/accesolatino.org\/#organization","name":"Acceso Latino | Fundaci\u00f3n Carlos Slim","url":"https:\/\/accesolatino.org\/","logo":{"@type":"ImageObject","inLanguage":"en-US","@id":"https:\/\/accesolatino.org\/#\/schema\/logo\/image\/","url":"https:\/\/accesolatino.org\/wp-content\/uploads\/2021\/02\/logo-footer-acceso-latino.png","contentUrl":"https:\/\/accesolatino.org\/wp-content\/uploads\/2021\/02\/logo-footer-acceso-latino.png","width":240,"height":40,"caption":"Acceso Latino | Fundaci\u00f3n Carlos Slim"},"image":{"@id":"https:\/\/accesolatino.org\/#\/schema\/logo\/image\/"},"sameAs":["https:\/\/www.facebook.com\/AccesoLatinoOrg","https:\/\/x.com\/FAccLatino"]},{"@type":"Person","@id":"https:\/\/accesolatino.org\/#\/schema\/person\/6b654926a4e7e4709c9ad12459661666","name":"News"}]}},"_links":{"self":[{"href":"https:\/\/accesolatino.org\/en\/wp-json\/wp\/v2\/posts\/21137","targetHints":{"allow":["GET"]}}],"collection":[{"href":"https:\/\/accesolatino.org\/en\/wp-json\/wp\/v2\/posts"}],"about":[{"href":"https:\/\/accesolatino.org\/en\/wp-json\/wp\/v2\/types\/post"}],"author":[{"embeddable":true,"href":"https:\/\/accesolatino.org\/en\/wp-json\/wp\/v2\/users\/13"}],"replies":[{"embeddable":true,"href":"https:\/\/accesolatino.org\/en\/wp-json\/wp\/v2\/comments?post=21137"}],"version-history":[{"count":1,"href":"https:\/\/accesolatino.org\/en\/wp-json\/wp\/v2\/posts\/21137\/revisions"}],"predecessor-version":[{"id":68331,"href":"https:\/\/accesolatino.org\/en\/wp-json\/wp\/v2\/posts\/21137\/revisions\/68331"}],"wp:featuredmedia":[{"embeddable":true,"href":"https:\/\/accesolatino.org\/en\/wp-json\/wp\/v2\/media\/21138"}],"wp:attachment":[{"href":"https:\/\/accesolatino.org\/en\/wp-json\/wp\/v2\/media?parent=21137"}],"wp:term":[{"taxonomy":"category","embeddable":true,"href":"https:\/\/accesolatino.org\/en\/wp-json\/wp\/v2\/categories?post=21137"},{"taxonomy":"post_tag","embeddable":true,"href":"https:\/\/accesolatino.org\/en\/wp-json\/wp\/v2\/tags?post=21137"}],"curies":[{"name":"wp","href":"https:\/\/api.w.org\/{rel}","templated":true}]}}