{"id":21112,"date":"2020-05-06T10:13:36","date_gmt":"2020-05-06T15:13:36","guid":{"rendered":"https:\/\/accesolatino.org\/?p=21112"},"modified":"2025-10-29T23:41:09","modified_gmt":"2025-10-30T05:41:09","slug":"exito-mexicano-en-tiempos-de-covid-19","status":"publish","type":"post","link":"https:\/\/accesolatino.org\/en\/exito-mexicano-en-tiempos-de-covid-19\/temas-de-interes\/","title":{"rendered":"\u00c9xito mexicano en tiempos de Covid-19"},"content":{"rendered":"<div data-elementor-type=\"wp-post\" data-elementor-id=\"21112\" class=\"elementor elementor-21112\">\n\t\t\t\t\t\t<section class=\"elementor-section elementor-top-section elementor-element elementor-element-e311389 elementor-section-boxed elementor-section-height-default elementor-section-height-default wpr-particle-no wpr-jarallax-no wpr-parallax-no wpr-sticky-section-no wpr-equal-height-no\" data-id=\"e311389\" data-element_type=\"section\" data-e-type=\"section\">\n\t\t\t\t\t\t<div class=\"elementor-container elementor-column-gap-default\">\n\t\t\t\t\t<div class=\"elementor-column elementor-col-100 elementor-top-column elementor-element elementor-element-978633f\" data-id=\"978633f\" data-element_type=\"column\" data-e-type=\"column\">\n\t\t\t<div class=\"elementor-widget-wrap elementor-element-populated\">\n\t\t\t\t\t\t<div class=\"elementor-element elementor-element-6f3bde3 elementor-widget elementor-widget-text-editor\" data-id=\"6f3bde3\" data-element_type=\"widget\" data-e-type=\"widget\" data-widget_type=\"text-editor.default\">\n\t\t\t\t<div class=\"elementor-widget-container\">\n\t\t\t\t\t\t\t\t\t<p>Las buenas noticias en tiempos tan dif\u00edciles son aire puro y de esperanza, con los d\u00edas encerrados se hace m\u00e1s complicado ver la luz, pero cuando un latino brilla en Estados Unidos es motivo de celebraci\u00f3n y m\u00e1s en \u00e9pocas complicadas como la que vivimos<\/p><p>Mientras el mundo lucha contra el coronavirus, un joven de descendencia mexicana, revisa sus opciones para saber a qu\u00e9 universidad asistir\u00e1 para definir su futuro. La crisis sanitaria no le impidi\u00f3 seguir buscando sus sue\u00f1os a\u00fan con lo complicado de la situaci\u00f3n.<\/p><p>Al ser un estudiante modelo, las mejores universidades de Estados Unidos como: UCLA, Stanford, MIT, UC Irvine, el California Institute of Technology (Caltech), y UC Santa Barbara lo hab\u00edan aceptado.<\/p><p>Gilbert Castro es un estudiante dotado de gran inteligencia y habilidades que le han permitido lograr calificaciones excepcionales en cada una de sus clases en la secundaria Bell.<\/p><p>Actualmente toma seis clases avanzadas.<br \/>En entrevista dijo que no sab\u00eda qu\u00e9 carrera iba estudiar, pero mencion\u00f3 que ser\u00eda algo relacionado con matem\u00e1ticas o f\u00edsica.<\/p><p>El joven Gilbert es un estudiante modesto, no gusta de llamar la atenci\u00f3n, se dedica a la escuela y listo, pero con la pandemia no pudo ocultar su tristeza al tomar las clases en l\u00ednea.<\/p><p>Pese a los infortunios, Gilbert logr\u00f3 demostrar sus habilidades acad\u00e9micas tanto en la escuela como en su casa en la ciudad de Cudahy.<br \/>Sus padres ambos mexicanos al ser considerados empleados esenciales, salen todos los d\u00edas a trabajar pese de la pandemia. <\/p><p>\u201cMis padres son mi inspiraci\u00f3n\u201d, dijo el estudiante. \u201cTrabajan a diario para que mis hermanos y yo tengamos una buena vida, siempre han cre\u00eddo en m\u00ed. Sin su apoyo y su aliento constante para continuar mi educaci\u00f3n, no estar\u00eda donde estoy hoy\u201d.<\/p><p>Gilbert era buscado por varias escuelas, tambi\u00e9n gan\u00f3 una de las becas con m\u00e1s prestigio en Estados Unidos, The Gates Scholarship, la cual es para los mejores estudiantes de USA de bajos recursos econ\u00f3micos.<\/p><p>Siempre tuvo claros sus objetivos, el MIT y Caltech, eran sus principales opciones, ambas universidades son de clase mundial y cuentan con las materias que le interesan y que se encuentran en California, donde est\u00e1n sus padres, amigos y la comunidad donde creci\u00f3.<\/p><p>Gilbert escogi\u00f3 Caltech, en Pasadena y expres\u00f3 que al ser una universidad peque\u00f1a le gusta m\u00e1s, ya que a \u00e9l le agradan los equipos chicos de trabajo porque se crean v\u00ednculos m\u00e1s s\u00f3lidos y estrechos.<\/p><p>Gilberto Castro, hijo de inmigrantes, asegura que el trabajo y apoyo de sus padres fueron fundamentales en su preparaci\u00f3n.<\/p><p>Fuente: <em>La Opini\u00f3n<\/em><\/p>\t\t\t\t\t\t\t\t<\/div>\n\t\t\t\t<\/div>\n\t\t\t\t\t<\/div>\n\t\t<\/div>\n\t\t\t\t\t<\/div>\n\t\t<\/section>\n\t\t\t\t<\/div>","protected":false},"excerpt":{"rendered":"<p>Las buenas noticias en tiempos tan dif\u00edciles son aire puro y de esperanza, con los d\u00edas encerrados se hace m\u00e1s complicado ver la luz, pero cuando un latino brilla en Estados Unidos es motivo de celebraci\u00f3n y m\u00e1s en \u00e9pocas complicadas como la que vivimos Mientras el mundo lucha contra el coronavirus, un joven de descendencia mexicana, revisa sus opciones para saber a qu\u00e9 universidad asistir\u00e1 para definir su futuro. La crisis sanitaria no le impidi\u00f3 seguir buscando sus sue\u00f1os a\u00fan con lo complicado de la situaci\u00f3n. Al ser un estudiante modelo, las mejores universidades de Estados Unidos como: UCLA, Stanford, MIT, UC Irvine, el California Institute of Technology (Caltech), y UC Santa Barbara lo hab\u00edan aceptado. Gilbert Castro es un estudiante dotado de gran inteligencia y habilidades que le han permitido lograr calificaciones excepcionales en cada una de sus clases en la secundaria Bell. Actualmente toma seis clases avanzadas. En entrevista dijo que no sab\u00eda qu\u00e9 carrera iba estudiar, pero mencion\u00f3 que ser\u00eda algo relacionado con matem\u00e1ticas o f\u00edsica. El joven Gilbert es un estudiante modesto, no gusta de llamar la atenci\u00f3n, se dedica a la escuela y listo, pero con la pandemia no pudo ocultar su tristeza al tomar las clases en l\u00ednea. Pese a los infortunios, Gilbert logr\u00f3 demostrar sus habilidades acad\u00e9micas tanto en la escuela como en su casa en la ciudad de Cudahy. Sus padres ambos mexicanos al ser considerados empleados esenciales, salen todos los d\u00edas a trabajar pese de la pandemia. \u201cMis padres son mi inspiraci\u00f3n\u201d, dijo el estudiante. \u201cTrabajan a diario para que mis hermanos y yo tengamos una buena vida, siempre han cre\u00eddo en m\u00ed. Sin su apoyo y su aliento constante para continuar mi educaci\u00f3n, no estar\u00eda donde estoy hoy\u201d. Gilbert era buscado por varias escuelas, tambi\u00e9n gan\u00f3 una de las becas con m\u00e1s prestigio en Estados Unidos, The Gates Scholarship, la cual es para los mejores estudiantes de USA de bajos recursos econ\u00f3micos. Siempre tuvo claros sus objetivos, el MIT y Caltech, eran sus principales opciones, ambas universidades son de clase mundial y cuentan con las materias que le interesan y que se encuentran en California, donde est\u00e1n sus padres, amigos y la comunidad donde creci\u00f3. Gilbert escogi\u00f3 Caltech, en Pasadena y expres\u00f3 que al ser una universidad peque\u00f1a le gusta m\u00e1s, ya que a \u00e9l le agradan los equipos chicos de trabajo porque se crean v\u00ednculos m\u00e1s s\u00f3lidos y estrechos. Gilberto Castro, hijo de inmigrantes, asegura que el trabajo y apoyo de sus padres fueron fundamentales en su preparaci\u00f3n. Fuente: La Opini\u00f3n<\/p>","protected":false},"author":1,"featured_media":21114,"comment_status":"open","ping_status":"open","sticky":false,"template":"elementor_header_footer","format":"standard","meta":{"_uf_show_specific_survey":0,"_uf_disable_surveys":false,"footnotes":""},"categories":[10,1],"tags":[],"class_list":["post-21112","post","type-post","status-publish","format-standard","has-post-thumbnail","hentry","category-noticias","category-temas-de-interes"],"aioseo_notices":[],"yoast_head":"<!-- This site is optimized with the Yoast SEO plugin v27.4 - https:\/\/yoast.com\/product\/yoast-seo-wordpress\/ -->\n<title>\u00c9xito mexicano en tiempos de Covid-19<\/title>\n<meta name=\"description\" content=\"Las buenas noticias en tiempos tan dif\u00edciles son aire puro y de esperanza, con los d\u00edas encerrados se hace m\u00e1s complicado ver la luz, pero cuando un latino\" \/>\n<meta name=\"robots\" content=\"index, follow, max-snippet:-1, max-image-preview:large, max-video-preview:-1\" \/>\n<link rel=\"canonical\" href=\"https:\/\/accesolatino.org\/en\/exito-mexicano-en-tiempos-de-covid-19\/temas-de-interes\/\" \/>\n<meta property=\"og:locale\" content=\"en_US\" \/>\n<meta property=\"og:type\" content=\"article\" \/>\n<meta property=\"og:title\" content=\"\u00c9xito mexicano en tiempos de Covid-19\" \/>\n<meta property=\"og:description\" content=\"Las buenas noticias en tiempos tan dif\u00edciles son aire puro y de esperanza, con los d\u00edas encerrados se hace m\u00e1s complicado ver la luz, pero cuando un latino\" \/>\n<meta property=\"og:url\" content=\"https:\/\/accesolatino.org\/en\/exito-mexicano-en-tiempos-de-covid-19\/temas-de-interes\/\" \/>\n<meta property=\"og:site_name\" content=\"Acceso Latino\" \/>\n<meta property=\"article:publisher\" content=\"https:\/\/www.facebook.com\/AccesoLatinoOrg\" \/>\n<meta property=\"article:published_time\" content=\"2020-05-06T15:13:36+00:00\" \/>\n<meta property=\"article:modified_time\" content=\"2025-10-30T05:41:09+00:00\" \/>\n<meta property=\"og:image\" content=\"https:\/\/accesolatino.org\/wp-content\/uploads\/2020\/05\/E\u0301xito-mexicano-en-tiempos-de-Covid-19.png\" \/>\n\t<meta property=\"og:image:width\" content=\"600\" \/>\n\t<meta property=\"og:image:height\" content=\"338\" \/>\n\t<meta property=\"og:image:type\" content=\"image\/png\" \/>\n<meta name=\"author\" content=\"admin\" \/>\n<meta name=\"twitter:card\" content=\"summary_large_image\" \/>\n<meta name=\"twitter:creator\" content=\"@FAccLatino\" \/>\n<meta name=\"twitter:site\" content=\"@FAccLatino\" \/>\n<meta name=\"twitter:label1\" content=\"Written by\" \/>\n\t<meta name=\"twitter:data1\" content=\"admin\" \/>\n\t<meta name=\"twitter:label2\" content=\"Est. reading time\" \/>\n\t<meta name=\"twitter:data2\" content=\"3 minutes\" \/>\n<script type=\"application\/ld+json\" class=\"yoast-schema-graph\">{\"@context\":\"https:\\\/\\\/schema.org\",\"@graph\":[{\"@type\":\"Article\",\"@id\":\"https:\\\/\\\/accesolatino.org\\\/exito-mexicano-en-tiempos-de-covid-19\\\/temas-de-interes\\\/#article\",\"isPartOf\":{\"@id\":\"https:\\\/\\\/accesolatino.org\\\/exito-mexicano-en-tiempos-de-covid-19\\\/temas-de-interes\\\/\"},\"author\":{\"name\":\"admin\",\"@id\":\"https:\\\/\\\/accesolatino.org\\\/#\\\/schema\\\/person\\\/75127291c010a94e5a588c481204c991\"},\"headline\":\"\u00c9xito mexicano en tiempos de Covid-19\",\"datePublished\":\"2020-05-06T15:13:36+00:00\",\"dateModified\":\"2025-10-30T05:41:09+00:00\",\"mainEntityOfPage\":{\"@id\":\"https:\\\/\\\/accesolatino.org\\\/exito-mexicano-en-tiempos-de-covid-19\\\/temas-de-interes\\\/\"},\"wordCount\":461,\"commentCount\":0,\"publisher\":{\"@id\":\"https:\\\/\\\/accesolatino.org\\\/#organization\"},\"image\":{\"@id\":\"https:\\\/\\\/accesolatino.org\\\/exito-mexicano-en-tiempos-de-covid-19\\\/temas-de-interes\\\/#primaryimage\"},\"thumbnailUrl\":\"https:\\\/\\\/accesolatino.org\\\/wp-content\\\/uploads\\\/2020\\\/05\\\/E\u0301xito-mexicano-en-tiempos-de-Covid-19.png\",\"articleSection\":[\"Noticias\",\"Temas de inter\u00e9s\"],\"inLanguage\":\"en-US\",\"potentialAction\":[{\"@type\":\"CommentAction\",\"name\":\"Comment\",\"target\":[\"https:\\\/\\\/accesolatino.org\\\/exito-mexicano-en-tiempos-de-covid-19\\\/temas-de-interes\\\/#respond\"]}]},{\"@type\":\"WebPage\",\"@id\":\"https:\\\/\\\/accesolatino.org\\\/exito-mexicano-en-tiempos-de-covid-19\\\/temas-de-interes\\\/\",\"url\":\"https:\\\/\\\/accesolatino.org\\\/exito-mexicano-en-tiempos-de-covid-19\\\/temas-de-interes\\\/\",\"name\":\"\u00c9xito mexicano en tiempos de Covid-19\",\"isPartOf\":{\"@id\":\"https:\\\/\\\/accesolatino.org\\\/#website\"},\"primaryImageOfPage\":{\"@id\":\"https:\\\/\\\/accesolatino.org\\\/exito-mexicano-en-tiempos-de-covid-19\\\/temas-de-interes\\\/#primaryimage\"},\"image\":{\"@id\":\"https:\\\/\\\/accesolatino.org\\\/exito-mexicano-en-tiempos-de-covid-19\\\/temas-de-interes\\\/#primaryimage\"},\"thumbnailUrl\":\"https:\\\/\\\/accesolatino.org\\\/wp-content\\\/uploads\\\/2020\\\/05\\\/E\u0301xito-mexicano-en-tiempos-de-Covid-19.png\",\"datePublished\":\"2020-05-06T15:13:36+00:00\",\"dateModified\":\"2025-10-30T05:41:09+00:00\",\"description\":\"Las buenas noticias en tiempos tan dif\u00edciles son aire puro y de esperanza, con los d\u00edas encerrados se hace m\u00e1s complicado ver la luz, pero cuando un latino\",\"breadcrumb\":{\"@id\":\"https:\\\/\\\/accesolatino.org\\\/exito-mexicano-en-tiempos-de-covid-19\\\/temas-de-interes\\\/#breadcrumb\"},\"inLanguage\":\"en-US\",\"potentialAction\":[{\"@type\":\"ReadAction\",\"target\":[\"https:\\\/\\\/accesolatino.org\\\/exito-mexicano-en-tiempos-de-covid-19\\\/temas-de-interes\\\/\"]}]},{\"@type\":\"ImageObject\",\"inLanguage\":\"en-US\",\"@id\":\"https:\\\/\\\/accesolatino.org\\\/exito-mexicano-en-tiempos-de-covid-19\\\/temas-de-interes\\\/#primaryimage\",\"url\":\"https:\\\/\\\/accesolatino.org\\\/wp-content\\\/uploads\\\/2020\\\/05\\\/E\u0301xito-mexicano-en-tiempos-de-Covid-19.png\",\"contentUrl\":\"https:\\\/\\\/accesolatino.org\\\/wp-content\\\/uploads\\\/2020\\\/05\\\/E\u0301xito-mexicano-en-tiempos-de-Covid-19.png\",\"width\":600,\"height\":338},{\"@type\":\"BreadcrumbList\",\"@id\":\"https:\\\/\\\/accesolatino.org\\\/exito-mexicano-en-tiempos-de-covid-19\\\/temas-de-interes\\\/#breadcrumb\",\"itemListElement\":[{\"@type\":\"ListItem\",\"position\":1,\"name\":\"Portada\",\"item\":\"https:\\\/\\\/accesolatino.org\\\/\"},{\"@type\":\"ListItem\",\"position\":2,\"name\":\"Noticias\",\"item\":\"https:\\\/\\\/accesolatino.org\\\/category\\\/noticias\\\/\"},{\"@type\":\"ListItem\",\"position\":3,\"name\":\"\u00c9xito mexicano en tiempos de Covid-19\"}]},{\"@type\":\"WebSite\",\"@id\":\"https:\\\/\\\/accesolatino.org\\\/#website\",\"url\":\"https:\\\/\\\/accesolatino.org\\\/\",\"name\":\"Acceso Latino | Fundaci\u00f3n Carlos Slim\",\"description\":\"Fundaci\u00f3n Carlos Slim\",\"publisher\":{\"@id\":\"https:\\\/\\\/accesolatino.org\\\/#organization\"},\"potentialAction\":[{\"@type\":\"SearchAction\",\"target\":{\"@type\":\"EntryPoint\",\"urlTemplate\":\"https:\\\/\\\/accesolatino.org\\\/?s={search_term_string}\"},\"query-input\":{\"@type\":\"PropertyValueSpecification\",\"valueRequired\":true,\"valueName\":\"search_term_string\"}}],\"inLanguage\":\"en-US\"},{\"@type\":\"Organization\",\"@id\":\"https:\\\/\\\/accesolatino.org\\\/#organization\",\"name\":\"Acceso Latino | Fundaci\u00f3n Carlos Slim\",\"url\":\"https:\\\/\\\/accesolatino.org\\\/\",\"logo\":{\"@type\":\"ImageObject\",\"inLanguage\":\"en-US\",\"@id\":\"https:\\\/\\\/accesolatino.org\\\/#\\\/schema\\\/logo\\\/image\\\/\",\"url\":\"https:\\\/\\\/accesolatino.org\\\/wp-content\\\/uploads\\\/2021\\\/02\\\/logo-footer-acceso-latino.png\",\"contentUrl\":\"https:\\\/\\\/accesolatino.org\\\/wp-content\\\/uploads\\\/2021\\\/02\\\/logo-footer-acceso-latino.png\",\"width\":240,\"height\":40,\"caption\":\"Acceso Latino | Fundaci\u00f3n Carlos Slim\"},\"image\":{\"@id\":\"https:\\\/\\\/accesolatino.org\\\/#\\\/schema\\\/logo\\\/image\\\/\"},\"sameAs\":[\"https:\\\/\\\/www.facebook.com\\\/AccesoLatinoOrg\",\"https:\\\/\\\/x.com\\\/FAccLatino\"]},{\"@type\":\"Person\",\"@id\":\"https:\\\/\\\/accesolatino.org\\\/#\\\/schema\\\/person\\\/75127291c010a94e5a588c481204c991\",\"name\":\"admin\"}]}<\/script>\n<!-- \/ Yoast SEO plugin. -->","yoast_head_json":{"title":"\u00c9xito mexicano en tiempos de Covid-19","description":"Las buenas noticias en tiempos tan dif\u00edciles son aire puro y de esperanza, con los d\u00edas encerrados se hace m\u00e1s complicado ver la luz, pero cuando un latino","robots":{"index":"index","follow":"follow","max-snippet":"max-snippet:-1","max-image-preview":"max-image-preview:large","max-video-preview":"max-video-preview:-1"},"canonical":"https:\/\/accesolatino.org\/en\/exito-mexicano-en-tiempos-de-covid-19\/temas-de-interes\/","og_locale":"en_US","og_type":"article","og_title":"\u00c9xito mexicano en tiempos de Covid-19","og_description":"Las buenas noticias en tiempos tan dif\u00edciles son aire puro y de esperanza, con los d\u00edas encerrados se hace m\u00e1s complicado ver la luz, pero cuando un latino","og_url":"https:\/\/accesolatino.org\/en\/exito-mexicano-en-tiempos-de-covid-19\/temas-de-interes\/","og_site_name":"Acceso Latino","article_publisher":"https:\/\/www.facebook.com\/AccesoLatinoOrg","article_published_time":"2020-05-06T15:13:36+00:00","article_modified_time":"2025-10-30T05:41:09+00:00","og_image":[{"width":600,"height":338,"url":"https:\/\/accesolatino.org\/wp-content\/uploads\/2020\/05\/E\u0301xito-mexicano-en-tiempos-de-Covid-19.png","type":"image\/png"}],"author":"admin","twitter_card":"summary_large_image","twitter_creator":"@FAccLatino","twitter_site":"@FAccLatino","twitter_misc":{"Written by":"admin","Est. reading time":"3 minutes"},"schema":{"@context":"https:\/\/schema.org","@graph":[{"@type":"Article","@id":"https:\/\/accesolatino.org\/exito-mexicano-en-tiempos-de-covid-19\/temas-de-interes\/#article","isPartOf":{"@id":"https:\/\/accesolatino.org\/exito-mexicano-en-tiempos-de-covid-19\/temas-de-interes\/"},"author":{"name":"admin","@id":"https:\/\/accesolatino.org\/#\/schema\/person\/75127291c010a94e5a588c481204c991"},"headline":"\u00c9xito mexicano en tiempos de Covid-19","datePublished":"2020-05-06T15:13:36+00:00","dateModified":"2025-10-30T05:41:09+00:00","mainEntityOfPage":{"@id":"https:\/\/accesolatino.org\/exito-mexicano-en-tiempos-de-covid-19\/temas-de-interes\/"},"wordCount":461,"commentCount":0,"publisher":{"@id":"https:\/\/accesolatino.org\/#organization"},"image":{"@id":"https:\/\/accesolatino.org\/exito-mexicano-en-tiempos-de-covid-19\/temas-de-interes\/#primaryimage"},"thumbnailUrl":"https:\/\/accesolatino.org\/wp-content\/uploads\/2020\/05\/E\u0301xito-mexicano-en-tiempos-de-Covid-19.png","articleSection":["Noticias","Temas de inter\u00e9s"],"inLanguage":"en-US","potentialAction":[{"@type":"CommentAction","name":"Comment","target":["https:\/\/accesolatino.org\/exito-mexicano-en-tiempos-de-covid-19\/temas-de-interes\/#respond"]}]},{"@type":"WebPage","@id":"https:\/\/accesolatino.org\/exito-mexicano-en-tiempos-de-covid-19\/temas-de-interes\/","url":"https:\/\/accesolatino.org\/exito-mexicano-en-tiempos-de-covid-19\/temas-de-interes\/","name":"\u00c9xito mexicano en tiempos de Covid-19","isPartOf":{"@id":"https:\/\/accesolatino.org\/#website"},"primaryImageOfPage":{"@id":"https:\/\/accesolatino.org\/exito-mexicano-en-tiempos-de-covid-19\/temas-de-interes\/#primaryimage"},"image":{"@id":"https:\/\/accesolatino.org\/exito-mexicano-en-tiempos-de-covid-19\/temas-de-interes\/#primaryimage"},"thumbnailUrl":"https:\/\/accesolatino.org\/wp-content\/uploads\/2020\/05\/E\u0301xito-mexicano-en-tiempos-de-Covid-19.png","datePublished":"2020-05-06T15:13:36+00:00","dateModified":"2025-10-30T05:41:09+00:00","description":"Las buenas noticias en tiempos tan dif\u00edciles son aire puro y de esperanza, con los d\u00edas encerrados se hace m\u00e1s complicado ver la luz, pero cuando un latino","breadcrumb":{"@id":"https:\/\/accesolatino.org\/exito-mexicano-en-tiempos-de-covid-19\/temas-de-interes\/#breadcrumb"},"inLanguage":"en-US","potentialAction":[{"@type":"ReadAction","target":["https:\/\/accesolatino.org\/exito-mexicano-en-tiempos-de-covid-19\/temas-de-interes\/"]}]},{"@type":"ImageObject","inLanguage":"en-US","@id":"https:\/\/accesolatino.org\/exito-mexicano-en-tiempos-de-covid-19\/temas-de-interes\/#primaryimage","url":"https:\/\/accesolatino.org\/wp-content\/uploads\/2020\/05\/E\u0301xito-mexicano-en-tiempos-de-Covid-19.png","contentUrl":"https:\/\/accesolatino.org\/wp-content\/uploads\/2020\/05\/E\u0301xito-mexicano-en-tiempos-de-Covid-19.png","width":600,"height":338},{"@type":"BreadcrumbList","@id":"https:\/\/accesolatino.org\/exito-mexicano-en-tiempos-de-covid-19\/temas-de-interes\/#breadcrumb","itemListElement":[{"@type":"ListItem","position":1,"name":"Portada","item":"https:\/\/accesolatino.org\/"},{"@type":"ListItem","position":2,"name":"Noticias","item":"https:\/\/accesolatino.org\/category\/noticias\/"},{"@type":"ListItem","position":3,"name":"\u00c9xito mexicano en tiempos de Covid-19"}]},{"@type":"WebSite","@id":"https:\/\/accesolatino.org\/#website","url":"https:\/\/accesolatino.org\/","name":"Acceso Latino | Fundaci\u00f3n Carlos Slim","description":"Fundaci\u00f3n Carlos Slim","publisher":{"@id":"https:\/\/accesolatino.org\/#organization"},"potentialAction":[{"@type":"SearchAction","target":{"@type":"EntryPoint","urlTemplate":"https:\/\/accesolatino.org\/?s={search_term_string}"},"query-input":{"@type":"PropertyValueSpecification","valueRequired":true,"valueName":"search_term_string"}}],"inLanguage":"en-US"},{"@type":"Organization","@id":"https:\/\/accesolatino.org\/#organization","name":"Acceso Latino | Fundaci\u00f3n Carlos Slim","url":"https:\/\/accesolatino.org\/","logo":{"@type":"ImageObject","inLanguage":"en-US","@id":"https:\/\/accesolatino.org\/#\/schema\/logo\/image\/","url":"https:\/\/accesolatino.org\/wp-content\/uploads\/2021\/02\/logo-footer-acceso-latino.png","contentUrl":"https:\/\/accesolatino.org\/wp-content\/uploads\/2021\/02\/logo-footer-acceso-latino.png","width":240,"height":40,"caption":"Acceso Latino | Fundaci\u00f3n Carlos Slim"},"image":{"@id":"https:\/\/accesolatino.org\/#\/schema\/logo\/image\/"},"sameAs":["https:\/\/www.facebook.com\/AccesoLatinoOrg","https:\/\/x.com\/FAccLatino"]},{"@type":"Person","@id":"https:\/\/accesolatino.org\/#\/schema\/person\/75127291c010a94e5a588c481204c991","name":"admin"}]}},"_links":{"self":[{"href":"https:\/\/accesolatino.org\/en\/wp-json\/wp\/v2\/posts\/21112","targetHints":{"allow":["GET"]}}],"collection":[{"href":"https:\/\/accesolatino.org\/en\/wp-json\/wp\/v2\/posts"}],"about":[{"href":"https:\/\/accesolatino.org\/en\/wp-json\/wp\/v2\/types\/post"}],"author":[{"embeddable":true,"href":"https:\/\/accesolatino.org\/en\/wp-json\/wp\/v2\/users\/1"}],"replies":[{"embeddable":true,"href":"https:\/\/accesolatino.org\/en\/wp-json\/wp\/v2\/comments?post=21112"}],"version-history":[{"count":1,"href":"https:\/\/accesolatino.org\/en\/wp-json\/wp\/v2\/posts\/21112\/revisions"}],"predecessor-version":[{"id":68334,"href":"https:\/\/accesolatino.org\/en\/wp-json\/wp\/v2\/posts\/21112\/revisions\/68334"}],"wp:featuredmedia":[{"embeddable":true,"href":"https:\/\/accesolatino.org\/en\/wp-json\/wp\/v2\/media\/21114"}],"wp:attachment":[{"href":"https:\/\/accesolatino.org\/en\/wp-json\/wp\/v2\/media?parent=21112"}],"wp:term":[{"taxonomy":"category","embeddable":true,"href":"https:\/\/accesolatino.org\/en\/wp-json\/wp\/v2\/categories?post=21112"},{"taxonomy":"post_tag","embeddable":true,"href":"https:\/\/accesolatino.org\/en\/wp-json\/wp\/v2\/tags?post=21112"}],"curies":[{"name":"wp","href":"https:\/\/api.w.org\/{rel}","templated":true}]}}