{"id":21080,"date":"2020-05-04T11:24:37","date_gmt":"2020-05-04T16:24:37","guid":{"rendered":"https:\/\/accesolatino.org\/?p=21080"},"modified":"2025-10-30T00:03:02","modified_gmt":"2025-10-30T06:03:02","slug":"como-ha-afectado-la-pandemia-poder-dormir","status":"publish","type":"post","link":"https:\/\/accesolatino.org\/en\/como-ha-afectado-la-pandemia-poder-dormir\/temas-de-interes\/","title":{"rendered":"\u00bfC\u00f3mo ha afectado la pandemia poder dormir?"},"content":{"rendered":"<div data-elementor-type=\"wp-post\" data-elementor-id=\"21080\" class=\"elementor elementor-21080\">\n\t\t\t\t\t\t<section class=\"elementor-section elementor-top-section elementor-element elementor-element-e311389 elementor-section-boxed elementor-section-height-default elementor-section-height-default wpr-particle-no wpr-jarallax-no wpr-parallax-no wpr-sticky-section-no wpr-equal-height-no\" data-id=\"e311389\" data-element_type=\"section\" data-e-type=\"section\">\n\t\t\t\t\t\t<div class=\"elementor-container elementor-column-gap-default\">\n\t\t\t\t\t<div class=\"elementor-column elementor-col-100 elementor-top-column elementor-element elementor-element-978633f\" data-id=\"978633f\" data-element_type=\"column\" data-e-type=\"column\">\n\t\t\t<div class=\"elementor-widget-wrap elementor-element-populated\">\n\t\t\t\t\t\t<div class=\"elementor-element elementor-element-6f3bde3 elementor-widget elementor-widget-text-editor\" data-id=\"6f3bde3\" data-element_type=\"widget\" data-e-type=\"widget\" data-widget_type=\"text-editor.default\">\n\t\t\t\t<div class=\"elementor-widget-container\">\n\t\t\t\t\t\t\t\t\t<p>Contamos los d\u00edas para que se acabe el encierro y sea seguro salir de casa. El coronavirus ha cambiado la forma de vivir de millones en todo el mundo y aunque algunos pa\u00edses ya est\u00e1n levantando las restricciones. En M\u00e9xico a\u00fan no se sabe con exactitud cu\u00e1ndo ser\u00e1, lo que ha provocado ansiedad, estr\u00e9s y p\u00e9rdida de sue\u00f1o, siendo el m\u00e1s com\u00fan de los trastornos.<\/p><p>La neur\u00f3loga Beatriz Eugenia Ch\u00e1vez Lu\u00e9vanos, de la Universidad Aut\u00f3noma de Nuevo Le\u00f3n (UANL), dijo que el cambio en los horarios de ir a dormir es uno de los problemas m\u00e1s recurrentes de la pandemia. \u201cNos desvelamos m\u00e1s, dormimos menos\u201d, agreg\u00f3.<\/p><p>La especialista indic\u00f3 que las personas han distorsionado su horario de ir a la cama, ya sea durmiendo m\u00e1s de lo normal o menos, mismo que ha provocado insomnio y aumento de peso.<\/p><p>Este trastorno del sue\u00f1o afecta a todos. En ni\u00f1as y ni\u00f1os provocan que la hormona de crecimiento y tallas aumenten, en adolescentes cambios hormonales y en el estado de \u00e1nimo. En cuanto a los adultos y personas de la tercera edad, el principal problema es la conciliaci\u00f3n del sue\u00f1o y para despertarse.<\/p><p>Seg\u00fan la experta, dormir bien es como comer saludablemente, ya que ayuda a proteger el sistema inmunol\u00f3gico y prevenir enfermedades.<\/p><p>La neur\u00f3loga Beatriz Eugenia recomienda lo siguiente:<\/p><ul><li>Respetar los horarios de trabajo y escuela.<\/li><li>Evitar estar sentado en la misma posici\u00f3n durante largos per\u00edodos de tiempo. <\/li><li>Abrir las cortinas y ventanas de la casa para que entre la luz del d\u00eda y circule el aire. <\/li><li>No usar celulares o dispositivos m\u00f3viles una hora antes de dormir.<\/li><\/ul><p>Concluy\u00f3 diciendo que es de vital importancia mantener los horarios de dormir y actividades como antes de estar en aislamiento; dormir 7 horas como m\u00ednimo, mantener buenos h\u00e1bitos alimenticios y hacer ejercicio ayudar\u00e1 a nuestro organismo a sentirse mejor.<\/p><p>En tiempo de coronavirus <a href=\"https:\/\/www.clikisalud.net\/\" target=\"_blank\" rel=\"noopener\">clikisalud.net<\/a> te informa. <\/p>\t\t\t\t\t\t\t\t<\/div>\n\t\t\t\t<\/div>\n\t\t\t\t\t<\/div>\n\t\t<\/div>\n\t\t\t\t\t<\/div>\n\t\t<\/section>\n\t\t\t\t<\/div>","protected":false},"excerpt":{"rendered":"<p>Contamos los d\u00edas para que se acabe el encierro y sea seguro salir de casa. El coronavirus ha cambiado la forma de vivir de millones en todo el mundo y aunque algunos pa\u00edses ya est\u00e1n levantando las restricciones. En M\u00e9xico a\u00fan no se sabe con exactitud cu\u00e1ndo ser\u00e1, lo que ha provocado ansiedad, estr\u00e9s y p\u00e9rdida de sue\u00f1o, siendo el m\u00e1s com\u00fan de los trastornos. La neur\u00f3loga Beatriz Eugenia Ch\u00e1vez Lu\u00e9vanos, de la Universidad Aut\u00f3noma de Nuevo Le\u00f3n (UANL), dijo que el cambio en los horarios de ir a dormir es uno de los problemas m\u00e1s recurrentes de la pandemia. \u201cNos desvelamos m\u00e1s, dormimos menos\u201d, agreg\u00f3. La especialista indic\u00f3 que las personas han distorsionado su horario de ir a la cama, ya sea durmiendo m\u00e1s de lo normal o menos, mismo que ha provocado insomnio y aumento de peso. Este trastorno del sue\u00f1o afecta a todos. En ni\u00f1as y ni\u00f1os provocan que la hormona de crecimiento y tallas aumenten, en adolescentes cambios hormonales y en el estado de \u00e1nimo. En cuanto a los adultos y personas de la tercera edad, el principal problema es la conciliaci\u00f3n del sue\u00f1o y para despertarse. Seg\u00fan la experta, dormir bien es como comer saludablemente, ya que ayuda a proteger el sistema inmunol\u00f3gico y prevenir enfermedades. La neur\u00f3loga Beatriz Eugenia recomienda lo siguiente: Respetar los horarios de trabajo y escuela. Evitar estar sentado en la misma posici\u00f3n durante largos per\u00edodos de tiempo. Abrir las cortinas y ventanas de la casa para que entre la luz del d\u00eda y circule el aire. No usar celulares o dispositivos m\u00f3viles una hora antes de dormir. Concluy\u00f3 diciendo que es de vital importancia mantener los horarios de dormir y actividades como antes de estar en aislamiento; dormir 7 horas como m\u00ednimo, mantener buenos h\u00e1bitos alimenticios y hacer ejercicio ayudar\u00e1 a nuestro organismo a sentirse mejor. En tiempo de coronavirus clikisalud.net te informa.<\/p>","protected":false},"author":13,"featured_media":21081,"comment_status":"open","ping_status":"open","sticky":false,"template":"","format":"standard","meta":{"_uf_show_specific_survey":0,"_uf_disable_surveys":false,"footnotes":""},"categories":[10,1],"tags":[],"class_list":["post-21080","post","type-post","status-publish","format-standard","has-post-thumbnail","hentry","category-noticias","category-temas-de-interes"],"aioseo_notices":[],"yoast_head":"<!-- This site is optimized with the Yoast SEO plugin v27.4 - https:\/\/yoast.com\/product\/yoast-seo-wordpress\/ -->\n<title>\u00bfC\u00f3mo ha afectado la pandemia poder dormir?<\/title>\n<meta name=\"description\" content=\"Contamos los d\u00edas para que se acabe el encierro y sea seguro salir de casa. El coronavirus ha cambiado la forma de vivir de millones en todo el mundo y\" \/>\n<meta name=\"robots\" content=\"index, follow, max-snippet:-1, max-image-preview:large, max-video-preview:-1\" \/>\n<link rel=\"canonical\" href=\"https:\/\/accesolatino.org\/en\/como-ha-afectado-la-pandemia-poder-dormir\/temas-de-interes\/\" \/>\n<meta property=\"og:locale\" content=\"en_US\" \/>\n<meta property=\"og:type\" content=\"article\" \/>\n<meta property=\"og:title\" content=\"\u00bfC\u00f3mo ha afectado la pandemia poder dormir?\" \/>\n<meta property=\"og:description\" content=\"Contamos los d\u00edas para que se acabe el encierro y sea seguro salir de casa. El coronavirus ha cambiado la forma de vivir de millones en todo el mundo y\" \/>\n<meta property=\"og:url\" content=\"https:\/\/accesolatino.org\/en\/como-ha-afectado-la-pandemia-poder-dormir\/temas-de-interes\/\" \/>\n<meta property=\"og:site_name\" content=\"Acceso Latino\" \/>\n<meta property=\"article:publisher\" content=\"https:\/\/www.facebook.com\/AccesoLatinoOrg\" \/>\n<meta property=\"article:published_time\" content=\"2020-05-04T16:24:37+00:00\" \/>\n<meta property=\"article:modified_time\" content=\"2025-10-30T06:03:02+00:00\" \/>\n<meta property=\"og:image\" content=\"https:\/\/accesolatino.org\/wp-content\/uploads\/2020\/05\/\u00bfCo\u0301mo-ha-afectado-la-pandemia-poder-dormir.png\" \/>\n\t<meta property=\"og:image:width\" content=\"600\" \/>\n\t<meta property=\"og:image:height\" content=\"338\" \/>\n\t<meta property=\"og:image:type\" content=\"image\/png\" \/>\n<meta name=\"author\" content=\"Noticias\" \/>\n<meta name=\"twitter:card\" content=\"summary_large_image\" \/>\n<meta name=\"twitter:creator\" content=\"@FAccLatino\" \/>\n<meta name=\"twitter:site\" content=\"@FAccLatino\" \/>\n<meta name=\"twitter:label1\" content=\"Written by\" \/>\n\t<meta name=\"twitter:data1\" content=\"Noticias\" \/>\n\t<meta name=\"twitter:label2\" content=\"Est. reading time\" \/>\n\t<meta name=\"twitter:data2\" content=\"2 minutes\" \/>\n<script type=\"application\/ld+json\" class=\"yoast-schema-graph\">{\"@context\":\"https:\\\/\\\/schema.org\",\"@graph\":[{\"@type\":\"Article\",\"@id\":\"https:\\\/\\\/accesolatino.org\\\/como-ha-afectado-la-pandemia-poder-dormir\\\/temas-de-interes\\\/#article\",\"isPartOf\":{\"@id\":\"https:\\\/\\\/accesolatino.org\\\/como-ha-afectado-la-pandemia-poder-dormir\\\/temas-de-interes\\\/\"},\"author\":{\"name\":\"Noticias\",\"@id\":\"https:\\\/\\\/accesolatino.org\\\/#\\\/schema\\\/person\\\/6b654926a4e7e4709c9ad12459661666\"},\"headline\":\"\u00bfC\u00f3mo ha afectado la pandemia poder dormir?\",\"datePublished\":\"2020-05-04T16:24:37+00:00\",\"dateModified\":\"2025-10-30T06:03:02+00:00\",\"mainEntityOfPage\":{\"@id\":\"https:\\\/\\\/accesolatino.org\\\/como-ha-afectado-la-pandemia-poder-dormir\\\/temas-de-interes\\\/\"},\"wordCount\":354,\"commentCount\":0,\"publisher\":{\"@id\":\"https:\\\/\\\/accesolatino.org\\\/#organization\"},\"image\":{\"@id\":\"https:\\\/\\\/accesolatino.org\\\/como-ha-afectado-la-pandemia-poder-dormir\\\/temas-de-interes\\\/#primaryimage\"},\"thumbnailUrl\":\"https:\\\/\\\/accesolatino.org\\\/wp-content\\\/uploads\\\/2020\\\/05\\\/\u00bfCo\u0301mo-ha-afectado-la-pandemia-poder-dormir.png\",\"articleSection\":[\"Noticias\",\"Temas de inter\u00e9s\"],\"inLanguage\":\"en-US\",\"potentialAction\":[{\"@type\":\"CommentAction\",\"name\":\"Comment\",\"target\":[\"https:\\\/\\\/accesolatino.org\\\/como-ha-afectado-la-pandemia-poder-dormir\\\/temas-de-interes\\\/#respond\"]}]},{\"@type\":\"WebPage\",\"@id\":\"https:\\\/\\\/accesolatino.org\\\/como-ha-afectado-la-pandemia-poder-dormir\\\/temas-de-interes\\\/\",\"url\":\"https:\\\/\\\/accesolatino.org\\\/como-ha-afectado-la-pandemia-poder-dormir\\\/temas-de-interes\\\/\",\"name\":\"\u00bfC\u00f3mo ha afectado la pandemia poder dormir?\",\"isPartOf\":{\"@id\":\"https:\\\/\\\/accesolatino.org\\\/#website\"},\"primaryImageOfPage\":{\"@id\":\"https:\\\/\\\/accesolatino.org\\\/como-ha-afectado-la-pandemia-poder-dormir\\\/temas-de-interes\\\/#primaryimage\"},\"image\":{\"@id\":\"https:\\\/\\\/accesolatino.org\\\/como-ha-afectado-la-pandemia-poder-dormir\\\/temas-de-interes\\\/#primaryimage\"},\"thumbnailUrl\":\"https:\\\/\\\/accesolatino.org\\\/wp-content\\\/uploads\\\/2020\\\/05\\\/\u00bfCo\u0301mo-ha-afectado-la-pandemia-poder-dormir.png\",\"datePublished\":\"2020-05-04T16:24:37+00:00\",\"dateModified\":\"2025-10-30T06:03:02+00:00\",\"description\":\"Contamos los d\u00edas para que se acabe el encierro y sea seguro salir de casa. El coronavirus ha cambiado la forma de vivir de millones en todo el mundo y\",\"breadcrumb\":{\"@id\":\"https:\\\/\\\/accesolatino.org\\\/como-ha-afectado-la-pandemia-poder-dormir\\\/temas-de-interes\\\/#breadcrumb\"},\"inLanguage\":\"en-US\",\"potentialAction\":[{\"@type\":\"ReadAction\",\"target\":[\"https:\\\/\\\/accesolatino.org\\\/como-ha-afectado-la-pandemia-poder-dormir\\\/temas-de-interes\\\/\"]}]},{\"@type\":\"ImageObject\",\"inLanguage\":\"en-US\",\"@id\":\"https:\\\/\\\/accesolatino.org\\\/como-ha-afectado-la-pandemia-poder-dormir\\\/temas-de-interes\\\/#primaryimage\",\"url\":\"https:\\\/\\\/accesolatino.org\\\/wp-content\\\/uploads\\\/2020\\\/05\\\/\u00bfCo\u0301mo-ha-afectado-la-pandemia-poder-dormir.png\",\"contentUrl\":\"https:\\\/\\\/accesolatino.org\\\/wp-content\\\/uploads\\\/2020\\\/05\\\/\u00bfCo\u0301mo-ha-afectado-la-pandemia-poder-dormir.png\",\"width\":600,\"height\":338},{\"@type\":\"BreadcrumbList\",\"@id\":\"https:\\\/\\\/accesolatino.org\\\/como-ha-afectado-la-pandemia-poder-dormir\\\/temas-de-interes\\\/#breadcrumb\",\"itemListElement\":[{\"@type\":\"ListItem\",\"position\":1,\"name\":\"Portada\",\"item\":\"https:\\\/\\\/accesolatino.org\\\/\"},{\"@type\":\"ListItem\",\"position\":2,\"name\":\"Noticias\",\"item\":\"https:\\\/\\\/accesolatino.org\\\/category\\\/noticias\\\/\"},{\"@type\":\"ListItem\",\"position\":3,\"name\":\"\u00bfC\u00f3mo ha afectado la pandemia poder dormir?\"}]},{\"@type\":\"WebSite\",\"@id\":\"https:\\\/\\\/accesolatino.org\\\/#website\",\"url\":\"https:\\\/\\\/accesolatino.org\\\/\",\"name\":\"Acceso Latino | Fundaci\u00f3n Carlos Slim\",\"description\":\"Fundaci\u00f3n Carlos Slim\",\"publisher\":{\"@id\":\"https:\\\/\\\/accesolatino.org\\\/#organization\"},\"potentialAction\":[{\"@type\":\"SearchAction\",\"target\":{\"@type\":\"EntryPoint\",\"urlTemplate\":\"https:\\\/\\\/accesolatino.org\\\/?s={search_term_string}\"},\"query-input\":{\"@type\":\"PropertyValueSpecification\",\"valueRequired\":true,\"valueName\":\"search_term_string\"}}],\"inLanguage\":\"en-US\"},{\"@type\":\"Organization\",\"@id\":\"https:\\\/\\\/accesolatino.org\\\/#organization\",\"name\":\"Acceso Latino | Fundaci\u00f3n Carlos Slim\",\"url\":\"https:\\\/\\\/accesolatino.org\\\/\",\"logo\":{\"@type\":\"ImageObject\",\"inLanguage\":\"en-US\",\"@id\":\"https:\\\/\\\/accesolatino.org\\\/#\\\/schema\\\/logo\\\/image\\\/\",\"url\":\"https:\\\/\\\/accesolatino.org\\\/wp-content\\\/uploads\\\/2021\\\/02\\\/logo-footer-acceso-latino.png\",\"contentUrl\":\"https:\\\/\\\/accesolatino.org\\\/wp-content\\\/uploads\\\/2021\\\/02\\\/logo-footer-acceso-latino.png\",\"width\":240,\"height\":40,\"caption\":\"Acceso Latino | Fundaci\u00f3n Carlos Slim\"},\"image\":{\"@id\":\"https:\\\/\\\/accesolatino.org\\\/#\\\/schema\\\/logo\\\/image\\\/\"},\"sameAs\":[\"https:\\\/\\\/www.facebook.com\\\/AccesoLatinoOrg\",\"https:\\\/\\\/x.com\\\/FAccLatino\"]},{\"@type\":\"Person\",\"@id\":\"https:\\\/\\\/accesolatino.org\\\/#\\\/schema\\\/person\\\/6b654926a4e7e4709c9ad12459661666\",\"name\":\"Noticias\"}]}<\/script>\n<!-- \/ Yoast SEO plugin. -->","yoast_head_json":{"title":"\u00bfC\u00f3mo ha afectado la pandemia poder dormir?","description":"Contamos los d\u00edas para que se acabe el encierro y sea seguro salir de casa. El coronavirus ha cambiado la forma de vivir de millones en todo el mundo y","robots":{"index":"index","follow":"follow","max-snippet":"max-snippet:-1","max-image-preview":"max-image-preview:large","max-video-preview":"max-video-preview:-1"},"canonical":"https:\/\/accesolatino.org\/en\/como-ha-afectado-la-pandemia-poder-dormir\/temas-de-interes\/","og_locale":"en_US","og_type":"article","og_title":"\u00bfC\u00f3mo ha afectado la pandemia poder dormir?","og_description":"Contamos los d\u00edas para que se acabe el encierro y sea seguro salir de casa. El coronavirus ha cambiado la forma de vivir de millones en todo el mundo y","og_url":"https:\/\/accesolatino.org\/en\/como-ha-afectado-la-pandemia-poder-dormir\/temas-de-interes\/","og_site_name":"Acceso Latino","article_publisher":"https:\/\/www.facebook.com\/AccesoLatinoOrg","article_published_time":"2020-05-04T16:24:37+00:00","article_modified_time":"2025-10-30T06:03:02+00:00","og_image":[{"width":600,"height":338,"url":"https:\/\/accesolatino.org\/wp-content\/uploads\/2020\/05\/\u00bfCo\u0301mo-ha-afectado-la-pandemia-poder-dormir.png","type":"image\/png"}],"author":"Noticias","twitter_card":"summary_large_image","twitter_creator":"@FAccLatino","twitter_site":"@FAccLatino","twitter_misc":{"Written by":"Noticias","Est. reading time":"2 minutes"},"schema":{"@context":"https:\/\/schema.org","@graph":[{"@type":"Article","@id":"https:\/\/accesolatino.org\/como-ha-afectado-la-pandemia-poder-dormir\/temas-de-interes\/#article","isPartOf":{"@id":"https:\/\/accesolatino.org\/como-ha-afectado-la-pandemia-poder-dormir\/temas-de-interes\/"},"author":{"name":"Noticias","@id":"https:\/\/accesolatino.org\/#\/schema\/person\/6b654926a4e7e4709c9ad12459661666"},"headline":"\u00bfC\u00f3mo ha afectado la pandemia poder dormir?","datePublished":"2020-05-04T16:24:37+00:00","dateModified":"2025-10-30T06:03:02+00:00","mainEntityOfPage":{"@id":"https:\/\/accesolatino.org\/como-ha-afectado-la-pandemia-poder-dormir\/temas-de-interes\/"},"wordCount":354,"commentCount":0,"publisher":{"@id":"https:\/\/accesolatino.org\/#organization"},"image":{"@id":"https:\/\/accesolatino.org\/como-ha-afectado-la-pandemia-poder-dormir\/temas-de-interes\/#primaryimage"},"thumbnailUrl":"https:\/\/accesolatino.org\/wp-content\/uploads\/2020\/05\/\u00bfCo\u0301mo-ha-afectado-la-pandemia-poder-dormir.png","articleSection":["Noticias","Temas de inter\u00e9s"],"inLanguage":"en-US","potentialAction":[{"@type":"CommentAction","name":"Comment","target":["https:\/\/accesolatino.org\/como-ha-afectado-la-pandemia-poder-dormir\/temas-de-interes\/#respond"]}]},{"@type":"WebPage","@id":"https:\/\/accesolatino.org\/como-ha-afectado-la-pandemia-poder-dormir\/temas-de-interes\/","url":"https:\/\/accesolatino.org\/como-ha-afectado-la-pandemia-poder-dormir\/temas-de-interes\/","name":"\u00bfC\u00f3mo ha afectado la pandemia poder dormir?","isPartOf":{"@id":"https:\/\/accesolatino.org\/#website"},"primaryImageOfPage":{"@id":"https:\/\/accesolatino.org\/como-ha-afectado-la-pandemia-poder-dormir\/temas-de-interes\/#primaryimage"},"image":{"@id":"https:\/\/accesolatino.org\/como-ha-afectado-la-pandemia-poder-dormir\/temas-de-interes\/#primaryimage"},"thumbnailUrl":"https:\/\/accesolatino.org\/wp-content\/uploads\/2020\/05\/\u00bfCo\u0301mo-ha-afectado-la-pandemia-poder-dormir.png","datePublished":"2020-05-04T16:24:37+00:00","dateModified":"2025-10-30T06:03:02+00:00","description":"Contamos los d\u00edas para que se acabe el encierro y sea seguro salir de casa. El coronavirus ha cambiado la forma de vivir de millones en todo el mundo y","breadcrumb":{"@id":"https:\/\/accesolatino.org\/como-ha-afectado-la-pandemia-poder-dormir\/temas-de-interes\/#breadcrumb"},"inLanguage":"en-US","potentialAction":[{"@type":"ReadAction","target":["https:\/\/accesolatino.org\/como-ha-afectado-la-pandemia-poder-dormir\/temas-de-interes\/"]}]},{"@type":"ImageObject","inLanguage":"en-US","@id":"https:\/\/accesolatino.org\/como-ha-afectado-la-pandemia-poder-dormir\/temas-de-interes\/#primaryimage","url":"https:\/\/accesolatino.org\/wp-content\/uploads\/2020\/05\/\u00bfCo\u0301mo-ha-afectado-la-pandemia-poder-dormir.png","contentUrl":"https:\/\/accesolatino.org\/wp-content\/uploads\/2020\/05\/\u00bfCo\u0301mo-ha-afectado-la-pandemia-poder-dormir.png","width":600,"height":338},{"@type":"BreadcrumbList","@id":"https:\/\/accesolatino.org\/como-ha-afectado-la-pandemia-poder-dormir\/temas-de-interes\/#breadcrumb","itemListElement":[{"@type":"ListItem","position":1,"name":"Portada","item":"https:\/\/accesolatino.org\/"},{"@type":"ListItem","position":2,"name":"Noticias","item":"https:\/\/accesolatino.org\/category\/noticias\/"},{"@type":"ListItem","position":3,"name":"\u00bfC\u00f3mo ha afectado la pandemia poder dormir?"}]},{"@type":"WebSite","@id":"https:\/\/accesolatino.org\/#website","url":"https:\/\/accesolatino.org\/","name":"Acceso Latino | Fundaci\u00f3n Carlos Slim","description":"Fundaci\u00f3n Carlos Slim","publisher":{"@id":"https:\/\/accesolatino.org\/#organization"},"potentialAction":[{"@type":"SearchAction","target":{"@type":"EntryPoint","urlTemplate":"https:\/\/accesolatino.org\/?s={search_term_string}"},"query-input":{"@type":"PropertyValueSpecification","valueRequired":true,"valueName":"search_term_string"}}],"inLanguage":"en-US"},{"@type":"Organization","@id":"https:\/\/accesolatino.org\/#organization","name":"Acceso Latino | Fundaci\u00f3n Carlos Slim","url":"https:\/\/accesolatino.org\/","logo":{"@type":"ImageObject","inLanguage":"en-US","@id":"https:\/\/accesolatino.org\/#\/schema\/logo\/image\/","url":"https:\/\/accesolatino.org\/wp-content\/uploads\/2021\/02\/logo-footer-acceso-latino.png","contentUrl":"https:\/\/accesolatino.org\/wp-content\/uploads\/2021\/02\/logo-footer-acceso-latino.png","width":240,"height":40,"caption":"Acceso Latino | Fundaci\u00f3n Carlos Slim"},"image":{"@id":"https:\/\/accesolatino.org\/#\/schema\/logo\/image\/"},"sameAs":["https:\/\/www.facebook.com\/AccesoLatinoOrg","https:\/\/x.com\/FAccLatino"]},{"@type":"Person","@id":"https:\/\/accesolatino.org\/#\/schema\/person\/6b654926a4e7e4709c9ad12459661666","name":"News"}]}},"_links":{"self":[{"href":"https:\/\/accesolatino.org\/en\/wp-json\/wp\/v2\/posts\/21080","targetHints":{"allow":["GET"]}}],"collection":[{"href":"https:\/\/accesolatino.org\/en\/wp-json\/wp\/v2\/posts"}],"about":[{"href":"https:\/\/accesolatino.org\/en\/wp-json\/wp\/v2\/types\/post"}],"author":[{"embeddable":true,"href":"https:\/\/accesolatino.org\/en\/wp-json\/wp\/v2\/users\/13"}],"replies":[{"embeddable":true,"href":"https:\/\/accesolatino.org\/en\/wp-json\/wp\/v2\/comments?post=21080"}],"version-history":[{"count":1,"href":"https:\/\/accesolatino.org\/en\/wp-json\/wp\/v2\/posts\/21080\/revisions"}],"predecessor-version":[{"id":68369,"href":"https:\/\/accesolatino.org\/en\/wp-json\/wp\/v2\/posts\/21080\/revisions\/68369"}],"wp:featuredmedia":[{"embeddable":true,"href":"https:\/\/accesolatino.org\/en\/wp-json\/wp\/v2\/media\/21081"}],"wp:attachment":[{"href":"https:\/\/accesolatino.org\/en\/wp-json\/wp\/v2\/media?parent=21080"}],"wp:term":[{"taxonomy":"category","embeddable":true,"href":"https:\/\/accesolatino.org\/en\/wp-json\/wp\/v2\/categories?post=21080"},{"taxonomy":"post_tag","embeddable":true,"href":"https:\/\/accesolatino.org\/en\/wp-json\/wp\/v2\/tags?post=21080"}],"curies":[{"name":"wp","href":"https:\/\/api.w.org\/{rel}","templated":true}]}}