{"id":21065,"date":"2020-05-01T13:57:45","date_gmt":"2020-05-01T18:57:45","guid":{"rendered":"https:\/\/accesolatino.org\/?p=21065"},"modified":"2025-10-30T00:02:49","modified_gmt":"2025-10-30T06:02:49","slug":"indocumentados-de-iowa-recibiran-ayuda-economica","status":"publish","type":"post","link":"https:\/\/accesolatino.org\/en\/indocumentados-de-iowa-recibiran-ayuda-economica\/temas-de-interes\/","title":{"rendered":"Indocumentados de Iowa recibir\u00e1n ayuda econ\u00f3mica"},"content":{"rendered":"<div data-elementor-type=\"wp-post\" data-elementor-id=\"21065\" class=\"elementor elementor-21065\">\n\t\t\t\t\t\t<section class=\"elementor-section elementor-top-section elementor-element elementor-element-e311389 elementor-section-boxed elementor-section-height-default elementor-section-height-default wpr-particle-no wpr-jarallax-no wpr-parallax-no wpr-sticky-section-no wpr-equal-height-no\" data-id=\"e311389\" data-element_type=\"section\" data-e-type=\"section\">\n\t\t\t\t\t\t<div class=\"elementor-container elementor-column-gap-default\">\n\t\t\t\t\t<div class=\"elementor-column elementor-col-100 elementor-top-column elementor-element elementor-element-978633f\" data-id=\"978633f\" data-element_type=\"column\" data-e-type=\"column\">\n\t\t\t<div class=\"elementor-widget-wrap elementor-element-populated\">\n\t\t\t\t\t\t<div class=\"elementor-element elementor-element-6f3bde3 elementor-widget elementor-widget-text-editor\" data-id=\"6f3bde3\" data-element_type=\"widget\" data-e-type=\"widget\" data-widget_type=\"text-editor.default\">\n\t\t\t\t<div class=\"elementor-widget-container\">\n\t\t\t\t\t\t\t\t\t<p>\u201cLa ayuda de donde sea es buena\u201d dicen los indocumentados que viven en Iowa que como muchos otros la est\u00e1n pasando muy mal, pero a los habitantes de este condado, gracias a una emisora de radio local, podr\u00e1n recibir un apoyo econ\u00f3mico en los pr\u00f3ximos d\u00edas.<\/p><p>La emisora local de Iowa, lanz\u00f3 una campa\u00f1a de recaudaci\u00f3n de fondos, esperando juntar 25 mil d\u00f3lares para brindar apoyo a los inmigrantes de la regi\u00f3n de Cedar Rapids que por la pandemia del coronavirus han perdido su empleo, hasta el d\u00eda de hoy han logrado reunir la mitad de lo propuesto.<\/p><p>M\u00f3nica Reyes, locutora de la estaci\u00f3n en entrevista para Efe, dijo: \u201cSuperamos en tan s\u00f3lo un par de d\u00edas la mitad de los 25 mil d\u00f3lares que buscamos juntar\u201d.<\/p><p>Durante varios d\u00edas todos los locutores y comunicadores de la emisora han colaborado en conciertos y programas especiales que se transmiten por las noches para alivianar el estr\u00e9s por el Covid-19 a la comunidad indocumentada de Iowa.<\/p><p>La liga de Ciudadanos Latinoamericanos Unidos (LULAC) de Iowa, present\u00f3 un reporte donde muchos inmigrantes no recibieron el cheque de $1,200 d\u00f3lares a cada contribuyente y $500 por cada menor de edad, debido a las pol\u00edticas por el actual presidente norteamericano, donde discrimin\u00f3 a varios de recibir este apoyo.<\/p><p>LULAC, trabaja en conjunto con la emisora de radio buscando cambiar un poco el panorama de la comunidad inmigrante de Cedar Rapids.<\/p><p>Los peque\u00f1os empresarios tambi\u00e9n est\u00e1n pas\u00e1ndola mal, porque no han recibido los apoyos que el Congreso aprob\u00f3, ya que la Casa Blanca ha puesto algunas condiciones que afectan a miles y miles de personas y negocios que se encuentran en una situaci\u00f3n compleja.<\/p><p>\u201cLos inmigrantes son los m\u00e1s vulnerables y queremos echarles una mano con los fondos que se recauden\u201d, expreso Reyes.<\/p><p>Fuente: <em>La Opini\u00f3n<\/em><\/p>\t\t\t\t\t\t\t\t<\/div>\n\t\t\t\t<\/div>\n\t\t\t\t\t<\/div>\n\t\t<\/div>\n\t\t\t\t\t<\/div>\n\t\t<\/section>\n\t\t\t\t<\/div>","protected":false},"excerpt":{"rendered":"<p>\u201cLa ayuda de donde sea es buena\u201d dicen los indocumentados que viven en Iowa que como muchos otros la est\u00e1n pasando muy mal, pero a los habitantes de este condado, gracias a una emisora de radio local, podr\u00e1n recibir un apoyo econ\u00f3mico en los pr\u00f3ximos d\u00edas. La emisora local de Iowa, lanz\u00f3 una campa\u00f1a de recaudaci\u00f3n de fondos, esperando juntar 25 mil d\u00f3lares para brindar apoyo a los inmigrantes de la regi\u00f3n de Cedar Rapids que por la pandemia del coronavirus han perdido su empleo, hasta el d\u00eda de hoy han logrado reunir la mitad de lo propuesto. M\u00f3nica Reyes, locutora de la estaci\u00f3n en entrevista para Efe, dijo: \u201cSuperamos en tan s\u00f3lo un par de d\u00edas la mitad de los 25 mil d\u00f3lares que buscamos juntar\u201d. Durante varios d\u00edas todos los locutores y comunicadores de la emisora han colaborado en conciertos y programas especiales que se transmiten por las noches para alivianar el estr\u00e9s por el Covid-19 a la comunidad indocumentada de Iowa. La liga de Ciudadanos Latinoamericanos Unidos (LULAC) de Iowa, present\u00f3 un reporte donde muchos inmigrantes no recibieron el cheque de $1,200 d\u00f3lares a cada contribuyente y $500 por cada menor de edad, debido a las pol\u00edticas por el actual presidente norteamericano, donde discrimin\u00f3 a varios de recibir este apoyo. LULAC, trabaja en conjunto con la emisora de radio buscando cambiar un poco el panorama de la comunidad inmigrante de Cedar Rapids. Los peque\u00f1os empresarios tambi\u00e9n est\u00e1n pas\u00e1ndola mal, porque no han recibido los apoyos que el Congreso aprob\u00f3, ya que la Casa Blanca ha puesto algunas condiciones que afectan a miles y miles de personas y negocios que se encuentran en una situaci\u00f3n compleja. \u201cLos inmigrantes son los m\u00e1s vulnerables y queremos echarles una mano con los fondos que se recauden\u201d, expreso Reyes. Fuente: La Opini\u00f3n<\/p>","protected":false},"author":13,"featured_media":21067,"comment_status":"open","ping_status":"open","sticky":false,"template":"","format":"standard","meta":{"_uf_show_specific_survey":0,"_uf_disable_surveys":false,"footnotes":""},"categories":[10,1],"tags":[],"class_list":["post-21065","post","type-post","status-publish","format-standard","has-post-thumbnail","hentry","category-noticias","category-temas-de-interes"],"aioseo_notices":[],"yoast_head":"<!-- This site is optimized with the Yoast SEO plugin v27.4 - https:\/\/yoast.com\/product\/yoast-seo-wordpress\/ -->\n<title>Indocumentados de Iowa recibir\u00e1n ayuda econ\u00f3mica<\/title>\n<meta name=\"description\" content=\"La\u201cLa ayuda de donde sea es buena\u201d dicen los indocumentados que viven en Iowa que como muchos otros la est\u00e1n pasando muy mal\" \/>\n<meta name=\"robots\" content=\"index, follow, max-snippet:-1, max-image-preview:large, max-video-preview:-1\" \/>\n<link rel=\"canonical\" href=\"https:\/\/accesolatino.org\/en\/indocumentados-de-iowa-recibiran-ayuda-economica\/temas-de-interes\/\" \/>\n<meta property=\"og:locale\" content=\"en_US\" \/>\n<meta property=\"og:type\" content=\"article\" \/>\n<meta property=\"og:title\" content=\"Indocumentados de Iowa recibir\u00e1n ayuda econ\u00f3mica\" \/>\n<meta property=\"og:description\" content=\"La\u201cLa ayuda de donde sea es buena\u201d dicen los indocumentados que viven en Iowa que como muchos otros la est\u00e1n pasando muy mal\" \/>\n<meta property=\"og:url\" content=\"https:\/\/accesolatino.org\/en\/indocumentados-de-iowa-recibiran-ayuda-economica\/temas-de-interes\/\" \/>\n<meta property=\"og:site_name\" content=\"Acceso Latino\" \/>\n<meta property=\"article:publisher\" content=\"https:\/\/www.facebook.com\/AccesoLatinoOrg\" \/>\n<meta property=\"article:published_time\" content=\"2020-05-01T18:57:45+00:00\" \/>\n<meta property=\"article:modified_time\" content=\"2025-10-30T06:02:49+00:00\" \/>\n<meta property=\"og:image\" content=\"https:\/\/accesolatino.org\/wp-content\/uploads\/2020\/05\/Indocumentados-de-Iowa-recibira\u0301n-ayuda-econo\u0301mica.jpg\" \/>\n\t<meta property=\"og:image:width\" content=\"600\" \/>\n\t<meta property=\"og:image:height\" content=\"338\" \/>\n\t<meta property=\"og:image:type\" content=\"image\/jpeg\" \/>\n<meta name=\"author\" content=\"Noticias\" \/>\n<meta name=\"twitter:card\" content=\"summary_large_image\" \/>\n<meta name=\"twitter:creator\" content=\"@FAccLatino\" \/>\n<meta name=\"twitter:site\" content=\"@FAccLatino\" \/>\n<meta name=\"twitter:label1\" content=\"Written by\" \/>\n\t<meta name=\"twitter:data1\" content=\"Noticias\" \/>\n\t<meta name=\"twitter:label2\" content=\"Est. reading time\" \/>\n\t<meta name=\"twitter:data2\" content=\"2 minutes\" \/>\n<script type=\"application\/ld+json\" class=\"yoast-schema-graph\">{\"@context\":\"https:\\\/\\\/schema.org\",\"@graph\":[{\"@type\":\"Article\",\"@id\":\"https:\\\/\\\/accesolatino.org\\\/indocumentados-de-iowa-recibiran-ayuda-economica\\\/temas-de-interes\\\/#article\",\"isPartOf\":{\"@id\":\"https:\\\/\\\/accesolatino.org\\\/indocumentados-de-iowa-recibiran-ayuda-economica\\\/temas-de-interes\\\/\"},\"author\":{\"name\":\"Noticias\",\"@id\":\"https:\\\/\\\/accesolatino.org\\\/#\\\/schema\\\/person\\\/6b654926a4e7e4709c9ad12459661666\"},\"headline\":\"Indocumentados de Iowa recibir\u00e1n ayuda econ\u00f3mica\",\"datePublished\":\"2020-05-01T18:57:45+00:00\",\"dateModified\":\"2025-10-30T06:02:49+00:00\",\"mainEntityOfPage\":{\"@id\":\"https:\\\/\\\/accesolatino.org\\\/indocumentados-de-iowa-recibiran-ayuda-economica\\\/temas-de-interes\\\/\"},\"wordCount\":330,\"commentCount\":0,\"publisher\":{\"@id\":\"https:\\\/\\\/accesolatino.org\\\/#organization\"},\"image\":{\"@id\":\"https:\\\/\\\/accesolatino.org\\\/indocumentados-de-iowa-recibiran-ayuda-economica\\\/temas-de-interes\\\/#primaryimage\"},\"thumbnailUrl\":\"https:\\\/\\\/accesolatino.org\\\/wp-content\\\/uploads\\\/2020\\\/05\\\/Indocumentados-de-Iowa-recibira\u0301n-ayuda-econo\u0301mica.jpg\",\"articleSection\":[\"Noticias\",\"Temas de inter\u00e9s\"],\"inLanguage\":\"en-US\",\"potentialAction\":[{\"@type\":\"CommentAction\",\"name\":\"Comment\",\"target\":[\"https:\\\/\\\/accesolatino.org\\\/indocumentados-de-iowa-recibiran-ayuda-economica\\\/temas-de-interes\\\/#respond\"]}]},{\"@type\":\"WebPage\",\"@id\":\"https:\\\/\\\/accesolatino.org\\\/indocumentados-de-iowa-recibiran-ayuda-economica\\\/temas-de-interes\\\/\",\"url\":\"https:\\\/\\\/accesolatino.org\\\/indocumentados-de-iowa-recibiran-ayuda-economica\\\/temas-de-interes\\\/\",\"name\":\"Indocumentados de Iowa recibir\u00e1n ayuda econ\u00f3mica\",\"isPartOf\":{\"@id\":\"https:\\\/\\\/accesolatino.org\\\/#website\"},\"primaryImageOfPage\":{\"@id\":\"https:\\\/\\\/accesolatino.org\\\/indocumentados-de-iowa-recibiran-ayuda-economica\\\/temas-de-interes\\\/#primaryimage\"},\"image\":{\"@id\":\"https:\\\/\\\/accesolatino.org\\\/indocumentados-de-iowa-recibiran-ayuda-economica\\\/temas-de-interes\\\/#primaryimage\"},\"thumbnailUrl\":\"https:\\\/\\\/accesolatino.org\\\/wp-content\\\/uploads\\\/2020\\\/05\\\/Indocumentados-de-Iowa-recibira\u0301n-ayuda-econo\u0301mica.jpg\",\"datePublished\":\"2020-05-01T18:57:45+00:00\",\"dateModified\":\"2025-10-30T06:02:49+00:00\",\"description\":\"La\u201cLa ayuda de donde sea es buena\u201d dicen los indocumentados que viven en Iowa que como muchos otros la est\u00e1n pasando muy mal\",\"breadcrumb\":{\"@id\":\"https:\\\/\\\/accesolatino.org\\\/indocumentados-de-iowa-recibiran-ayuda-economica\\\/temas-de-interes\\\/#breadcrumb\"},\"inLanguage\":\"en-US\",\"potentialAction\":[{\"@type\":\"ReadAction\",\"target\":[\"https:\\\/\\\/accesolatino.org\\\/indocumentados-de-iowa-recibiran-ayuda-economica\\\/temas-de-interes\\\/\"]}]},{\"@type\":\"ImageObject\",\"inLanguage\":\"en-US\",\"@id\":\"https:\\\/\\\/accesolatino.org\\\/indocumentados-de-iowa-recibiran-ayuda-economica\\\/temas-de-interes\\\/#primaryimage\",\"url\":\"https:\\\/\\\/accesolatino.org\\\/wp-content\\\/uploads\\\/2020\\\/05\\\/Indocumentados-de-Iowa-recibira\u0301n-ayuda-econo\u0301mica.jpg\",\"contentUrl\":\"https:\\\/\\\/accesolatino.org\\\/wp-content\\\/uploads\\\/2020\\\/05\\\/Indocumentados-de-Iowa-recibira\u0301n-ayuda-econo\u0301mica.jpg\",\"width\":600,\"height\":338,\"caption\":\"Indocumentados de Iowa recibira\u0301n ayuda econo\u0301mica\"},{\"@type\":\"BreadcrumbList\",\"@id\":\"https:\\\/\\\/accesolatino.org\\\/indocumentados-de-iowa-recibiran-ayuda-economica\\\/temas-de-interes\\\/#breadcrumb\",\"itemListElement\":[{\"@type\":\"ListItem\",\"position\":1,\"name\":\"Portada\",\"item\":\"https:\\\/\\\/accesolatino.org\\\/\"},{\"@type\":\"ListItem\",\"position\":2,\"name\":\"Noticias\",\"item\":\"https:\\\/\\\/accesolatino.org\\\/category\\\/noticias\\\/\"},{\"@type\":\"ListItem\",\"position\":3,\"name\":\"Indocumentados de Iowa recibir\u00e1n ayuda econ\u00f3mica\"}]},{\"@type\":\"WebSite\",\"@id\":\"https:\\\/\\\/accesolatino.org\\\/#website\",\"url\":\"https:\\\/\\\/accesolatino.org\\\/\",\"name\":\"Acceso Latino | Fundaci\u00f3n Carlos Slim\",\"description\":\"Fundaci\u00f3n Carlos Slim\",\"publisher\":{\"@id\":\"https:\\\/\\\/accesolatino.org\\\/#organization\"},\"potentialAction\":[{\"@type\":\"SearchAction\",\"target\":{\"@type\":\"EntryPoint\",\"urlTemplate\":\"https:\\\/\\\/accesolatino.org\\\/?s={search_term_string}\"},\"query-input\":{\"@type\":\"PropertyValueSpecification\",\"valueRequired\":true,\"valueName\":\"search_term_string\"}}],\"inLanguage\":\"en-US\"},{\"@type\":\"Organization\",\"@id\":\"https:\\\/\\\/accesolatino.org\\\/#organization\",\"name\":\"Acceso Latino | Fundaci\u00f3n Carlos Slim\",\"url\":\"https:\\\/\\\/accesolatino.org\\\/\",\"logo\":{\"@type\":\"ImageObject\",\"inLanguage\":\"en-US\",\"@id\":\"https:\\\/\\\/accesolatino.org\\\/#\\\/schema\\\/logo\\\/image\\\/\",\"url\":\"https:\\\/\\\/accesolatino.org\\\/wp-content\\\/uploads\\\/2021\\\/02\\\/logo-footer-acceso-latino.png\",\"contentUrl\":\"https:\\\/\\\/accesolatino.org\\\/wp-content\\\/uploads\\\/2021\\\/02\\\/logo-footer-acceso-latino.png\",\"width\":240,\"height\":40,\"caption\":\"Acceso Latino | Fundaci\u00f3n Carlos Slim\"},\"image\":{\"@id\":\"https:\\\/\\\/accesolatino.org\\\/#\\\/schema\\\/logo\\\/image\\\/\"},\"sameAs\":[\"https:\\\/\\\/www.facebook.com\\\/AccesoLatinoOrg\",\"https:\\\/\\\/x.com\\\/FAccLatino\"]},{\"@type\":\"Person\",\"@id\":\"https:\\\/\\\/accesolatino.org\\\/#\\\/schema\\\/person\\\/6b654926a4e7e4709c9ad12459661666\",\"name\":\"Noticias\"}]}<\/script>\n<!-- \/ Yoast SEO plugin. -->","yoast_head_json":{"title":"Indocumentados de Iowa recibir\u00e1n ayuda econ\u00f3mica","description":"La\u201cLa ayuda de donde sea es buena\u201d dicen los indocumentados que viven en Iowa que como muchos otros la est\u00e1n pasando muy mal","robots":{"index":"index","follow":"follow","max-snippet":"max-snippet:-1","max-image-preview":"max-image-preview:large","max-video-preview":"max-video-preview:-1"},"canonical":"https:\/\/accesolatino.org\/en\/indocumentados-de-iowa-recibiran-ayuda-economica\/temas-de-interes\/","og_locale":"en_US","og_type":"article","og_title":"Indocumentados de Iowa recibir\u00e1n ayuda econ\u00f3mica","og_description":"La\u201cLa ayuda de donde sea es buena\u201d dicen los indocumentados que viven en Iowa que como muchos otros la est\u00e1n pasando muy mal","og_url":"https:\/\/accesolatino.org\/en\/indocumentados-de-iowa-recibiran-ayuda-economica\/temas-de-interes\/","og_site_name":"Acceso Latino","article_publisher":"https:\/\/www.facebook.com\/AccesoLatinoOrg","article_published_time":"2020-05-01T18:57:45+00:00","article_modified_time":"2025-10-30T06:02:49+00:00","og_image":[{"width":600,"height":338,"url":"https:\/\/accesolatino.org\/wp-content\/uploads\/2020\/05\/Indocumentados-de-Iowa-recibira\u0301n-ayuda-econo\u0301mica.jpg","type":"image\/jpeg"}],"author":"Noticias","twitter_card":"summary_large_image","twitter_creator":"@FAccLatino","twitter_site":"@FAccLatino","twitter_misc":{"Written by":"Noticias","Est. reading time":"2 minutes"},"schema":{"@context":"https:\/\/schema.org","@graph":[{"@type":"Article","@id":"https:\/\/accesolatino.org\/indocumentados-de-iowa-recibiran-ayuda-economica\/temas-de-interes\/#article","isPartOf":{"@id":"https:\/\/accesolatino.org\/indocumentados-de-iowa-recibiran-ayuda-economica\/temas-de-interes\/"},"author":{"name":"Noticias","@id":"https:\/\/accesolatino.org\/#\/schema\/person\/6b654926a4e7e4709c9ad12459661666"},"headline":"Indocumentados de Iowa recibir\u00e1n ayuda econ\u00f3mica","datePublished":"2020-05-01T18:57:45+00:00","dateModified":"2025-10-30T06:02:49+00:00","mainEntityOfPage":{"@id":"https:\/\/accesolatino.org\/indocumentados-de-iowa-recibiran-ayuda-economica\/temas-de-interes\/"},"wordCount":330,"commentCount":0,"publisher":{"@id":"https:\/\/accesolatino.org\/#organization"},"image":{"@id":"https:\/\/accesolatino.org\/indocumentados-de-iowa-recibiran-ayuda-economica\/temas-de-interes\/#primaryimage"},"thumbnailUrl":"https:\/\/accesolatino.org\/wp-content\/uploads\/2020\/05\/Indocumentados-de-Iowa-recibira\u0301n-ayuda-econo\u0301mica.jpg","articleSection":["Noticias","Temas de inter\u00e9s"],"inLanguage":"en-US","potentialAction":[{"@type":"CommentAction","name":"Comment","target":["https:\/\/accesolatino.org\/indocumentados-de-iowa-recibiran-ayuda-economica\/temas-de-interes\/#respond"]}]},{"@type":"WebPage","@id":"https:\/\/accesolatino.org\/indocumentados-de-iowa-recibiran-ayuda-economica\/temas-de-interes\/","url":"https:\/\/accesolatino.org\/indocumentados-de-iowa-recibiran-ayuda-economica\/temas-de-interes\/","name":"Indocumentados de Iowa recibir\u00e1n ayuda econ\u00f3mica","isPartOf":{"@id":"https:\/\/accesolatino.org\/#website"},"primaryImageOfPage":{"@id":"https:\/\/accesolatino.org\/indocumentados-de-iowa-recibiran-ayuda-economica\/temas-de-interes\/#primaryimage"},"image":{"@id":"https:\/\/accesolatino.org\/indocumentados-de-iowa-recibiran-ayuda-economica\/temas-de-interes\/#primaryimage"},"thumbnailUrl":"https:\/\/accesolatino.org\/wp-content\/uploads\/2020\/05\/Indocumentados-de-Iowa-recibira\u0301n-ayuda-econo\u0301mica.jpg","datePublished":"2020-05-01T18:57:45+00:00","dateModified":"2025-10-30T06:02:49+00:00","description":"La\u201cLa ayuda de donde sea es buena\u201d dicen los indocumentados que viven en Iowa que como muchos otros la est\u00e1n pasando muy mal","breadcrumb":{"@id":"https:\/\/accesolatino.org\/indocumentados-de-iowa-recibiran-ayuda-economica\/temas-de-interes\/#breadcrumb"},"inLanguage":"en-US","potentialAction":[{"@type":"ReadAction","target":["https:\/\/accesolatino.org\/indocumentados-de-iowa-recibiran-ayuda-economica\/temas-de-interes\/"]}]},{"@type":"ImageObject","inLanguage":"en-US","@id":"https:\/\/accesolatino.org\/indocumentados-de-iowa-recibiran-ayuda-economica\/temas-de-interes\/#primaryimage","url":"https:\/\/accesolatino.org\/wp-content\/uploads\/2020\/05\/Indocumentados-de-Iowa-recibira\u0301n-ayuda-econo\u0301mica.jpg","contentUrl":"https:\/\/accesolatino.org\/wp-content\/uploads\/2020\/05\/Indocumentados-de-Iowa-recibira\u0301n-ayuda-econo\u0301mica.jpg","width":600,"height":338,"caption":"Indocumentados de Iowa recibira\u0301n ayuda econo\u0301mica"},{"@type":"BreadcrumbList","@id":"https:\/\/accesolatino.org\/indocumentados-de-iowa-recibiran-ayuda-economica\/temas-de-interes\/#breadcrumb","itemListElement":[{"@type":"ListItem","position":1,"name":"Portada","item":"https:\/\/accesolatino.org\/"},{"@type":"ListItem","position":2,"name":"Noticias","item":"https:\/\/accesolatino.org\/category\/noticias\/"},{"@type":"ListItem","position":3,"name":"Indocumentados de Iowa recibir\u00e1n ayuda econ\u00f3mica"}]},{"@type":"WebSite","@id":"https:\/\/accesolatino.org\/#website","url":"https:\/\/accesolatino.org\/","name":"Acceso Latino | Fundaci\u00f3n Carlos Slim","description":"Fundaci\u00f3n Carlos Slim","publisher":{"@id":"https:\/\/accesolatino.org\/#organization"},"potentialAction":[{"@type":"SearchAction","target":{"@type":"EntryPoint","urlTemplate":"https:\/\/accesolatino.org\/?s={search_term_string}"},"query-input":{"@type":"PropertyValueSpecification","valueRequired":true,"valueName":"search_term_string"}}],"inLanguage":"en-US"},{"@type":"Organization","@id":"https:\/\/accesolatino.org\/#organization","name":"Acceso Latino | Fundaci\u00f3n Carlos Slim","url":"https:\/\/accesolatino.org\/","logo":{"@type":"ImageObject","inLanguage":"en-US","@id":"https:\/\/accesolatino.org\/#\/schema\/logo\/image\/","url":"https:\/\/accesolatino.org\/wp-content\/uploads\/2021\/02\/logo-footer-acceso-latino.png","contentUrl":"https:\/\/accesolatino.org\/wp-content\/uploads\/2021\/02\/logo-footer-acceso-latino.png","width":240,"height":40,"caption":"Acceso Latino | Fundaci\u00f3n Carlos Slim"},"image":{"@id":"https:\/\/accesolatino.org\/#\/schema\/logo\/image\/"},"sameAs":["https:\/\/www.facebook.com\/AccesoLatinoOrg","https:\/\/x.com\/FAccLatino"]},{"@type":"Person","@id":"https:\/\/accesolatino.org\/#\/schema\/person\/6b654926a4e7e4709c9ad12459661666","name":"News"}]}},"_links":{"self":[{"href":"https:\/\/accesolatino.org\/en\/wp-json\/wp\/v2\/posts\/21065","targetHints":{"allow":["GET"]}}],"collection":[{"href":"https:\/\/accesolatino.org\/en\/wp-json\/wp\/v2\/posts"}],"about":[{"href":"https:\/\/accesolatino.org\/en\/wp-json\/wp\/v2\/types\/post"}],"author":[{"embeddable":true,"href":"https:\/\/accesolatino.org\/en\/wp-json\/wp\/v2\/users\/13"}],"replies":[{"embeddable":true,"href":"https:\/\/accesolatino.org\/en\/wp-json\/wp\/v2\/comments?post=21065"}],"version-history":[{"count":1,"href":"https:\/\/accesolatino.org\/en\/wp-json\/wp\/v2\/posts\/21065\/revisions"}],"predecessor-version":[{"id":68365,"href":"https:\/\/accesolatino.org\/en\/wp-json\/wp\/v2\/posts\/21065\/revisions\/68365"}],"wp:featuredmedia":[{"embeddable":true,"href":"https:\/\/accesolatino.org\/en\/wp-json\/wp\/v2\/media\/21067"}],"wp:attachment":[{"href":"https:\/\/accesolatino.org\/en\/wp-json\/wp\/v2\/media?parent=21065"}],"wp:term":[{"taxonomy":"category","embeddable":true,"href":"https:\/\/accesolatino.org\/en\/wp-json\/wp\/v2\/categories?post=21065"},{"taxonomy":"post_tag","embeddable":true,"href":"https:\/\/accesolatino.org\/en\/wp-json\/wp\/v2\/tags?post=21065"}],"curies":[{"name":"wp","href":"https:\/\/api.w.org\/{rel}","templated":true}]}}