{"id":21049,"date":"2020-04-30T08:59:37","date_gmt":"2020-04-30T13:59:37","guid":{"rendered":"https:\/\/accesolatino.org\/?p=21049"},"modified":"2025-10-30T00:02:45","modified_gmt":"2025-10-30T06:02:45","slug":"colorado-a-ayudara-cientos-de-desempleados-indocumentados-por-coronavirus","status":"publish","type":"post","link":"https:\/\/accesolatino.org\/en\/colorado-a-ayudara-cientos-de-desempleados-indocumentados-por-coronavirus\/temas-de-interes\/","title":{"rendered":"Colorado ayudar\u00e1 a cientos de desempleados indocumentados por coronavirus."},"content":{"rendered":"<div data-elementor-type=\"wp-post\" data-elementor-id=\"21049\" class=\"elementor elementor-21049\">\n\t\t\t\t\t\t<section class=\"elementor-section elementor-top-section elementor-element elementor-element-e311389 elementor-section-boxed elementor-section-height-default elementor-section-height-default wpr-particle-no wpr-jarallax-no wpr-parallax-no wpr-sticky-section-no wpr-equal-height-no\" data-id=\"e311389\" data-element_type=\"section\" data-e-type=\"section\">\n\t\t\t\t\t\t<div class=\"elementor-container elementor-column-gap-default\">\n\t\t\t\t\t<div class=\"elementor-column elementor-col-100 elementor-top-column elementor-element elementor-element-978633f\" data-id=\"978633f\" data-element_type=\"column\" data-e-type=\"column\">\n\t\t\t<div class=\"elementor-widget-wrap elementor-element-populated\">\n\t\t\t\t\t\t<div class=\"elementor-element elementor-element-6f3bde3 elementor-widget elementor-widget-text-editor\" data-id=\"6f3bde3\" data-element_type=\"widget\" data-e-type=\"widget\" data-widget_type=\"text-editor.default\">\n\t\t\t\t<div class=\"elementor-widget-container\">\n\t\t\t\t\t\t\t\t\t<p>Las dificultades econ\u00f3micas en las que se encuentran los indocumentados en la Uni\u00f3n Americana son complicadas debido a la pandemia, ya que muchos de ellos perdieron sus empleos, por ello, el estado de Colorado entregar\u00e1 cheques de $1000 d\u00f3lares en un esfuerzo en conjunto con otras organizaciones.<\/p><p>Este subsidio que recibir\u00e1n los inmigrantes es gracias al trabajo de organizaciones no lucrativas y otras fundaciones comunitarias del estado de Colorado.<\/p><p>Los apoyos y cheques del gobierno no llegaron a todos, los indocumentados son un grupo que se le descart\u00f3, ante esto, la Coalici\u00f3n para los Derechos de los Indocumentados de Colorado (CIRC) anunci\u00f3 que no los dejar\u00edan solos y comenzar\u00edan a brindar la ayuda necesaria.<\/p><p>Este apoyo tiene poco m\u00e1s de un mes plane\u00e1ndose, pero no se contaban con los recursos suficientes, ahora que se cuenta con la ayuda de CIRC, Village Exchange Center, MANAUS y otras organizaciones se logr\u00f3 reunir los fondos necesarios para dar a conocer la iniciativa: Fondo para Trabajadores Indocumentados (UWF, por sus siglas en ingl\u00e9s).<\/p><p>El proyecto alcanz\u00f3 la cifra de 200 mil d\u00f3lares y ya empez\u00f3 la repartici\u00f3n. 180 familias fueron ya beneficiadas por este subsidio. La selecci\u00f3n es un proceso de revisi\u00f3n de solicitudes que revisa la organizaci\u00f3n independiente Impact Charitable, que su papel es como agente fiscal del programa.<\/p><p>Muchos estados del territorio norteamericano no est\u00e1n apoyando a sus indocumentados, dentro del sitio web de Impact Charitable detalla que la ayuda es por una \u201cnecesidad humana\u201d que no fue contemplada por la actual administraci\u00f3n, pero Denver es una de las que est\u00e1 viendo por la comunidad inmigrante.<\/p><p>El documento de la UWF, dice que su ayuda ser\u00e1 para dar apoyo a todos los que no tienen acceso a los servicios de comida, renta, servicios p\u00fablicos, salud, transporte, etc. Ofrecer\u00e1n m\u00e9todos de pagos flexibles, as\u00ed como facilidades bancarias.<\/p><p>Esta nueva coalici\u00f3n ya est\u00e1 trabajando para juntar esfuerzos con agencias gubernamentales para llevar la ayuda m\u00e1s estados y por ende a m\u00e1s indocumentados, as\u00ed lo explic\u00f3 Mark Newhouse, de la mesa directiva de Impact Charitable.<\/p><p>Una organizaci\u00f3n que se encuentra en plena batalla legal es Padres y J\u00f3venes Unidos de Denver, ya que est\u00e1n totalmente enfocados a los beneficiados por la Acci\u00f3n Diferida (DACA), y que en junio pr\u00f3ximo se dar\u00e1 el fallo si el programa sigue ayudando o se cancela.<\/p><p>Asimismo, Padres y J\u00f3venes Unidos de Denver, desarrollaron la iniciativa Our Barrio Cares (Nuestro Barrio Ayuda) para proporcionar apoyo inmediato a las familias inmigrantes locales.<\/p><p>MANAUS y Fundaci\u00f3n Comunitaria de Aspen junt\u00f3 unos 50 mil d\u00f3lares que ser\u00e1n para ayudar a 200 familias indocumentadas de la zona.<\/p><p>CIRC calcula que hasta 150 mil indocumentados recibir\u00e1n ayuda de estas iniciativas.<\/p><p>Fuente: <em>La Opini\u00f3n<\/em><\/p>\t\t\t\t\t\t\t\t<\/div>\n\t\t\t\t<\/div>\n\t\t\t\t\t<\/div>\n\t\t<\/div>\n\t\t\t\t\t<\/div>\n\t\t<\/section>\n\t\t\t\t<\/div>","protected":false},"excerpt":{"rendered":"<p>Las dificultades econ\u00f3micas en las que se encuentran los indocumentados en la Uni\u00f3n Americana son complicadas debido a la pandemia, ya que muchos de ellos perdieron sus empleos, por ello, el estado de Colorado entregar\u00e1 cheques de $1000 d\u00f3lares en un esfuerzo en conjunto con otras organizaciones. Este subsidio que recibir\u00e1n los inmigrantes es gracias al trabajo de organizaciones no lucrativas y otras fundaciones comunitarias del estado de Colorado. Los apoyos y cheques del gobierno no llegaron a todos, los indocumentados son un grupo que se le descart\u00f3, ante esto, la Coalici\u00f3n para los Derechos de los Indocumentados de Colorado (CIRC) anunci\u00f3 que no los dejar\u00edan solos y comenzar\u00edan a brindar la ayuda necesaria. Este apoyo tiene poco m\u00e1s de un mes plane\u00e1ndose, pero no se contaban con los recursos suficientes, ahora que se cuenta con la ayuda de CIRC, Village Exchange Center, MANAUS y otras organizaciones se logr\u00f3 reunir los fondos necesarios para dar a conocer la iniciativa: Fondo para Trabajadores Indocumentados (UWF, por sus siglas en ingl\u00e9s). El proyecto alcanz\u00f3 la cifra de 200 mil d\u00f3lares y ya empez\u00f3 la repartici\u00f3n. 180 familias fueron ya beneficiadas por este subsidio. La selecci\u00f3n es un proceso de revisi\u00f3n de solicitudes que revisa la organizaci\u00f3n independiente Impact Charitable, que su papel es como agente fiscal del programa. Muchos estados del territorio norteamericano no est\u00e1n apoyando a sus indocumentados, dentro del sitio web de Impact Charitable detalla que la ayuda es por una \u201cnecesidad humana\u201d que no fue contemplada por la actual administraci\u00f3n, pero Denver es una de las que est\u00e1 viendo por la comunidad inmigrante. El documento de la UWF, dice que su ayuda ser\u00e1 para dar apoyo a todos los que no tienen acceso a los servicios de comida, renta, servicios p\u00fablicos, salud, transporte, etc. Ofrecer\u00e1n m\u00e9todos de pagos flexibles, as\u00ed como facilidades bancarias. Esta nueva coalici\u00f3n ya est\u00e1 trabajando para juntar esfuerzos con agencias gubernamentales para llevar la ayuda m\u00e1s estados y por ende a m\u00e1s indocumentados, as\u00ed lo explic\u00f3 Mark Newhouse, de la mesa directiva de Impact Charitable. Una organizaci\u00f3n que se encuentra en plena batalla legal es Padres y J\u00f3venes Unidos de Denver, ya que est\u00e1n totalmente enfocados a los beneficiados por la Acci\u00f3n Diferida (DACA), y que en junio pr\u00f3ximo se dar\u00e1 el fallo si el programa sigue ayudando o se cancela. Asimismo, Padres y J\u00f3venes Unidos de Denver, desarrollaron la iniciativa Our Barrio Cares (Nuestro Barrio Ayuda) para proporcionar apoyo inmediato a las familias inmigrantes locales. MANAUS y Fundaci\u00f3n Comunitaria de Aspen junt\u00f3 unos 50 mil d\u00f3lares que ser\u00e1n para ayudar a 200 familias indocumentadas de la zona. CIRC calcula que hasta 150 mil indocumentados recibir\u00e1n ayuda de estas iniciativas. Fuente: La Opini\u00f3n<\/p>","protected":false},"author":13,"featured_media":21050,"comment_status":"open","ping_status":"open","sticky":false,"template":"","format":"standard","meta":{"_uf_show_specific_survey":0,"_uf_disable_surveys":false,"footnotes":""},"categories":[10,1],"tags":[],"class_list":["post-21049","post","type-post","status-publish","format-standard","has-post-thumbnail","hentry","category-noticias","category-temas-de-interes"],"aioseo_notices":[],"yoast_head":"<!-- This site is optimized with the Yoast SEO plugin v27.4 - https:\/\/yoast.com\/product\/yoast-seo-wordpress\/ -->\n<title>Colorado ayudar\u00e1 a cientos de desempleados indocumentados por coronavirus.<\/title>\n<meta name=\"description\" content=\"Las dificultades econ\u00f3micas en las que se encuentran los indocumentados en la Uni\u00f3n Americana son complicadas debido a la pandemia, ya que muchos\" \/>\n<meta name=\"robots\" content=\"index, follow, max-snippet:-1, max-image-preview:large, max-video-preview:-1\" \/>\n<link rel=\"canonical\" href=\"https:\/\/accesolatino.org\/en\/colorado-a-ayudara-cientos-de-desempleados-indocumentados-por-coronavirus\/temas-de-interes\/\" \/>\n<meta property=\"og:locale\" content=\"en_US\" \/>\n<meta property=\"og:type\" content=\"article\" \/>\n<meta property=\"og:title\" content=\"Colorado ayudar\u00e1 a cientos de desempleados indocumentados por coronavirus.\" \/>\n<meta property=\"og:description\" content=\"Las dificultades econ\u00f3micas en las que se encuentran los indocumentados en la Uni\u00f3n Americana son complicadas debido a la pandemia, ya que muchos\" \/>\n<meta property=\"og:url\" content=\"https:\/\/accesolatino.org\/en\/colorado-a-ayudara-cientos-de-desempleados-indocumentados-por-coronavirus\/temas-de-interes\/\" \/>\n<meta property=\"og:site_name\" content=\"Acceso Latino\" \/>\n<meta property=\"article:publisher\" content=\"https:\/\/www.facebook.com\/AccesoLatinoOrg\" \/>\n<meta property=\"article:published_time\" content=\"2020-04-30T13:59:37+00:00\" \/>\n<meta property=\"article:modified_time\" content=\"2025-10-30T06:02:45+00:00\" \/>\n<meta property=\"og:image\" content=\"https:\/\/accesolatino.org\/wp-content\/uploads\/2020\/04\/Colorado-ayudara\u0301-cientos-de-desempleados-indocumentados-por-coronavirus.png\" \/>\n\t<meta property=\"og:image:width\" content=\"600\" \/>\n\t<meta property=\"og:image:height\" content=\"338\" \/>\n\t<meta property=\"og:image:type\" content=\"image\/png\" \/>\n<meta name=\"author\" content=\"Noticias\" \/>\n<meta name=\"twitter:card\" content=\"summary_large_image\" \/>\n<meta name=\"twitter:creator\" content=\"@FAccLatino\" \/>\n<meta name=\"twitter:site\" content=\"@FAccLatino\" \/>\n<meta name=\"twitter:label1\" content=\"Written by\" \/>\n\t<meta name=\"twitter:data1\" content=\"Noticias\" \/>\n\t<meta name=\"twitter:label2\" content=\"Est. reading time\" \/>\n\t<meta name=\"twitter:data2\" content=\"3 minutes\" \/>\n<script type=\"application\/ld+json\" class=\"yoast-schema-graph\">{\"@context\":\"https:\\\/\\\/schema.org\",\"@graph\":[{\"@type\":\"Article\",\"@id\":\"https:\\\/\\\/accesolatino.org\\\/colorado-a-ayudara-cientos-de-desempleados-indocumentados-por-coronavirus\\\/temas-de-interes\\\/#article\",\"isPartOf\":{\"@id\":\"https:\\\/\\\/accesolatino.org\\\/colorado-a-ayudara-cientos-de-desempleados-indocumentados-por-coronavirus\\\/temas-de-interes\\\/\"},\"author\":{\"name\":\"Noticias\",\"@id\":\"https:\\\/\\\/accesolatino.org\\\/#\\\/schema\\\/person\\\/6b654926a4e7e4709c9ad12459661666\"},\"headline\":\"Colorado ayudar\u00e1 a cientos de desempleados indocumentados por coronavirus.\",\"datePublished\":\"2020-04-30T13:59:37+00:00\",\"dateModified\":\"2025-10-30T06:02:45+00:00\",\"mainEntityOfPage\":{\"@id\":\"https:\\\/\\\/accesolatino.org\\\/colorado-a-ayudara-cientos-de-desempleados-indocumentados-por-coronavirus\\\/temas-de-interes\\\/\"},\"wordCount\":485,\"commentCount\":0,\"publisher\":{\"@id\":\"https:\\\/\\\/accesolatino.org\\\/#organization\"},\"image\":{\"@id\":\"https:\\\/\\\/accesolatino.org\\\/colorado-a-ayudara-cientos-de-desempleados-indocumentados-por-coronavirus\\\/temas-de-interes\\\/#primaryimage\"},\"thumbnailUrl\":\"https:\\\/\\\/accesolatino.org\\\/wp-content\\\/uploads\\\/2020\\\/04\\\/Colorado-ayudara\u0301-cientos-de-desempleados-indocumentados-por-coronavirus.png\",\"articleSection\":[\"Noticias\",\"Temas de inter\u00e9s\"],\"inLanguage\":\"en-US\",\"potentialAction\":[{\"@type\":\"CommentAction\",\"name\":\"Comment\",\"target\":[\"https:\\\/\\\/accesolatino.org\\\/colorado-a-ayudara-cientos-de-desempleados-indocumentados-por-coronavirus\\\/temas-de-interes\\\/#respond\"]}]},{\"@type\":\"WebPage\",\"@id\":\"https:\\\/\\\/accesolatino.org\\\/colorado-a-ayudara-cientos-de-desempleados-indocumentados-por-coronavirus\\\/temas-de-interes\\\/\",\"url\":\"https:\\\/\\\/accesolatino.org\\\/colorado-a-ayudara-cientos-de-desempleados-indocumentados-por-coronavirus\\\/temas-de-interes\\\/\",\"name\":\"Colorado ayudar\u00e1 a cientos de desempleados indocumentados por coronavirus.\",\"isPartOf\":{\"@id\":\"https:\\\/\\\/accesolatino.org\\\/#website\"},\"primaryImageOfPage\":{\"@id\":\"https:\\\/\\\/accesolatino.org\\\/colorado-a-ayudara-cientos-de-desempleados-indocumentados-por-coronavirus\\\/temas-de-interes\\\/#primaryimage\"},\"image\":{\"@id\":\"https:\\\/\\\/accesolatino.org\\\/colorado-a-ayudara-cientos-de-desempleados-indocumentados-por-coronavirus\\\/temas-de-interes\\\/#primaryimage\"},\"thumbnailUrl\":\"https:\\\/\\\/accesolatino.org\\\/wp-content\\\/uploads\\\/2020\\\/04\\\/Colorado-ayudara\u0301-cientos-de-desempleados-indocumentados-por-coronavirus.png\",\"datePublished\":\"2020-04-30T13:59:37+00:00\",\"dateModified\":\"2025-10-30T06:02:45+00:00\",\"description\":\"Las dificultades econ\u00f3micas en las que se encuentran los indocumentados en la Uni\u00f3n Americana son complicadas debido a la pandemia, ya que muchos\",\"breadcrumb\":{\"@id\":\"https:\\\/\\\/accesolatino.org\\\/colorado-a-ayudara-cientos-de-desempleados-indocumentados-por-coronavirus\\\/temas-de-interes\\\/#breadcrumb\"},\"inLanguage\":\"en-US\",\"potentialAction\":[{\"@type\":\"ReadAction\",\"target\":[\"https:\\\/\\\/accesolatino.org\\\/colorado-a-ayudara-cientos-de-desempleados-indocumentados-por-coronavirus\\\/temas-de-interes\\\/\"]}]},{\"@type\":\"ImageObject\",\"inLanguage\":\"en-US\",\"@id\":\"https:\\\/\\\/accesolatino.org\\\/colorado-a-ayudara-cientos-de-desempleados-indocumentados-por-coronavirus\\\/temas-de-interes\\\/#primaryimage\",\"url\":\"https:\\\/\\\/accesolatino.org\\\/wp-content\\\/uploads\\\/2020\\\/04\\\/Colorado-ayudara\u0301-cientos-de-desempleados-indocumentados-por-coronavirus.png\",\"contentUrl\":\"https:\\\/\\\/accesolatino.org\\\/wp-content\\\/uploads\\\/2020\\\/04\\\/Colorado-ayudara\u0301-cientos-de-desempleados-indocumentados-por-coronavirus.png\",\"width\":600,\"height\":338},{\"@type\":\"BreadcrumbList\",\"@id\":\"https:\\\/\\\/accesolatino.org\\\/colorado-a-ayudara-cientos-de-desempleados-indocumentados-por-coronavirus\\\/temas-de-interes\\\/#breadcrumb\",\"itemListElement\":[{\"@type\":\"ListItem\",\"position\":1,\"name\":\"Portada\",\"item\":\"https:\\\/\\\/accesolatino.org\\\/\"},{\"@type\":\"ListItem\",\"position\":2,\"name\":\"Noticias\",\"item\":\"https:\\\/\\\/accesolatino.org\\\/category\\\/noticias\\\/\"},{\"@type\":\"ListItem\",\"position\":3,\"name\":\"Colorado ayudar\u00e1 a cientos de desempleados indocumentados por coronavirus.\"}]},{\"@type\":\"WebSite\",\"@id\":\"https:\\\/\\\/accesolatino.org\\\/#website\",\"url\":\"https:\\\/\\\/accesolatino.org\\\/\",\"name\":\"Acceso Latino | Fundaci\u00f3n Carlos Slim\",\"description\":\"Fundaci\u00f3n Carlos Slim\",\"publisher\":{\"@id\":\"https:\\\/\\\/accesolatino.org\\\/#organization\"},\"potentialAction\":[{\"@type\":\"SearchAction\",\"target\":{\"@type\":\"EntryPoint\",\"urlTemplate\":\"https:\\\/\\\/accesolatino.org\\\/?s={search_term_string}\"},\"query-input\":{\"@type\":\"PropertyValueSpecification\",\"valueRequired\":true,\"valueName\":\"search_term_string\"}}],\"inLanguage\":\"en-US\"},{\"@type\":\"Organization\",\"@id\":\"https:\\\/\\\/accesolatino.org\\\/#organization\",\"name\":\"Acceso Latino | Fundaci\u00f3n Carlos Slim\",\"url\":\"https:\\\/\\\/accesolatino.org\\\/\",\"logo\":{\"@type\":\"ImageObject\",\"inLanguage\":\"en-US\",\"@id\":\"https:\\\/\\\/accesolatino.org\\\/#\\\/schema\\\/logo\\\/image\\\/\",\"url\":\"https:\\\/\\\/accesolatino.org\\\/wp-content\\\/uploads\\\/2021\\\/02\\\/logo-footer-acceso-latino.png\",\"contentUrl\":\"https:\\\/\\\/accesolatino.org\\\/wp-content\\\/uploads\\\/2021\\\/02\\\/logo-footer-acceso-latino.png\",\"width\":240,\"height\":40,\"caption\":\"Acceso Latino | Fundaci\u00f3n Carlos Slim\"},\"image\":{\"@id\":\"https:\\\/\\\/accesolatino.org\\\/#\\\/schema\\\/logo\\\/image\\\/\"},\"sameAs\":[\"https:\\\/\\\/www.facebook.com\\\/AccesoLatinoOrg\",\"https:\\\/\\\/x.com\\\/FAccLatino\"]},{\"@type\":\"Person\",\"@id\":\"https:\\\/\\\/accesolatino.org\\\/#\\\/schema\\\/person\\\/6b654926a4e7e4709c9ad12459661666\",\"name\":\"Noticias\"}]}<\/script>\n<!-- \/ Yoast SEO plugin. -->","yoast_head_json":{"title":"Colorado ayudar\u00e1 a cientos de desempleados indocumentados por coronavirus.","description":"Las dificultades econ\u00f3micas en las que se encuentran los indocumentados en la Uni\u00f3n Americana son complicadas debido a la pandemia, ya que muchos","robots":{"index":"index","follow":"follow","max-snippet":"max-snippet:-1","max-image-preview":"max-image-preview:large","max-video-preview":"max-video-preview:-1"},"canonical":"https:\/\/accesolatino.org\/en\/colorado-a-ayudara-cientos-de-desempleados-indocumentados-por-coronavirus\/temas-de-interes\/","og_locale":"en_US","og_type":"article","og_title":"Colorado ayudar\u00e1 a cientos de desempleados indocumentados por coronavirus.","og_description":"Las dificultades econ\u00f3micas en las que se encuentran los indocumentados en la Uni\u00f3n Americana son complicadas debido a la pandemia, ya que muchos","og_url":"https:\/\/accesolatino.org\/en\/colorado-a-ayudara-cientos-de-desempleados-indocumentados-por-coronavirus\/temas-de-interes\/","og_site_name":"Acceso Latino","article_publisher":"https:\/\/www.facebook.com\/AccesoLatinoOrg","article_published_time":"2020-04-30T13:59:37+00:00","article_modified_time":"2025-10-30T06:02:45+00:00","og_image":[{"width":600,"height":338,"url":"https:\/\/accesolatino.org\/wp-content\/uploads\/2020\/04\/Colorado-ayudara\u0301-cientos-de-desempleados-indocumentados-por-coronavirus.png","type":"image\/png"}],"author":"Noticias","twitter_card":"summary_large_image","twitter_creator":"@FAccLatino","twitter_site":"@FAccLatino","twitter_misc":{"Written by":"Noticias","Est. reading time":"3 minutes"},"schema":{"@context":"https:\/\/schema.org","@graph":[{"@type":"Article","@id":"https:\/\/accesolatino.org\/colorado-a-ayudara-cientos-de-desempleados-indocumentados-por-coronavirus\/temas-de-interes\/#article","isPartOf":{"@id":"https:\/\/accesolatino.org\/colorado-a-ayudara-cientos-de-desempleados-indocumentados-por-coronavirus\/temas-de-interes\/"},"author":{"name":"Noticias","@id":"https:\/\/accesolatino.org\/#\/schema\/person\/6b654926a4e7e4709c9ad12459661666"},"headline":"Colorado ayudar\u00e1 a cientos de desempleados indocumentados por coronavirus.","datePublished":"2020-04-30T13:59:37+00:00","dateModified":"2025-10-30T06:02:45+00:00","mainEntityOfPage":{"@id":"https:\/\/accesolatino.org\/colorado-a-ayudara-cientos-de-desempleados-indocumentados-por-coronavirus\/temas-de-interes\/"},"wordCount":485,"commentCount":0,"publisher":{"@id":"https:\/\/accesolatino.org\/#organization"},"image":{"@id":"https:\/\/accesolatino.org\/colorado-a-ayudara-cientos-de-desempleados-indocumentados-por-coronavirus\/temas-de-interes\/#primaryimage"},"thumbnailUrl":"https:\/\/accesolatino.org\/wp-content\/uploads\/2020\/04\/Colorado-ayudara\u0301-cientos-de-desempleados-indocumentados-por-coronavirus.png","articleSection":["Noticias","Temas de inter\u00e9s"],"inLanguage":"en-US","potentialAction":[{"@type":"CommentAction","name":"Comment","target":["https:\/\/accesolatino.org\/colorado-a-ayudara-cientos-de-desempleados-indocumentados-por-coronavirus\/temas-de-interes\/#respond"]}]},{"@type":"WebPage","@id":"https:\/\/accesolatino.org\/colorado-a-ayudara-cientos-de-desempleados-indocumentados-por-coronavirus\/temas-de-interes\/","url":"https:\/\/accesolatino.org\/colorado-a-ayudara-cientos-de-desempleados-indocumentados-por-coronavirus\/temas-de-interes\/","name":"Colorado ayudar\u00e1 a cientos de desempleados indocumentados por coronavirus.","isPartOf":{"@id":"https:\/\/accesolatino.org\/#website"},"primaryImageOfPage":{"@id":"https:\/\/accesolatino.org\/colorado-a-ayudara-cientos-de-desempleados-indocumentados-por-coronavirus\/temas-de-interes\/#primaryimage"},"image":{"@id":"https:\/\/accesolatino.org\/colorado-a-ayudara-cientos-de-desempleados-indocumentados-por-coronavirus\/temas-de-interes\/#primaryimage"},"thumbnailUrl":"https:\/\/accesolatino.org\/wp-content\/uploads\/2020\/04\/Colorado-ayudara\u0301-cientos-de-desempleados-indocumentados-por-coronavirus.png","datePublished":"2020-04-30T13:59:37+00:00","dateModified":"2025-10-30T06:02:45+00:00","description":"Las dificultades econ\u00f3micas en las que se encuentran los indocumentados en la Uni\u00f3n Americana son complicadas debido a la pandemia, ya que muchos","breadcrumb":{"@id":"https:\/\/accesolatino.org\/colorado-a-ayudara-cientos-de-desempleados-indocumentados-por-coronavirus\/temas-de-interes\/#breadcrumb"},"inLanguage":"en-US","potentialAction":[{"@type":"ReadAction","target":["https:\/\/accesolatino.org\/colorado-a-ayudara-cientos-de-desempleados-indocumentados-por-coronavirus\/temas-de-interes\/"]}]},{"@type":"ImageObject","inLanguage":"en-US","@id":"https:\/\/accesolatino.org\/colorado-a-ayudara-cientos-de-desempleados-indocumentados-por-coronavirus\/temas-de-interes\/#primaryimage","url":"https:\/\/accesolatino.org\/wp-content\/uploads\/2020\/04\/Colorado-ayudara\u0301-cientos-de-desempleados-indocumentados-por-coronavirus.png","contentUrl":"https:\/\/accesolatino.org\/wp-content\/uploads\/2020\/04\/Colorado-ayudara\u0301-cientos-de-desempleados-indocumentados-por-coronavirus.png","width":600,"height":338},{"@type":"BreadcrumbList","@id":"https:\/\/accesolatino.org\/colorado-a-ayudara-cientos-de-desempleados-indocumentados-por-coronavirus\/temas-de-interes\/#breadcrumb","itemListElement":[{"@type":"ListItem","position":1,"name":"Portada","item":"https:\/\/accesolatino.org\/"},{"@type":"ListItem","position":2,"name":"Noticias","item":"https:\/\/accesolatino.org\/category\/noticias\/"},{"@type":"ListItem","position":3,"name":"Colorado ayudar\u00e1 a cientos de desempleados indocumentados por coronavirus."}]},{"@type":"WebSite","@id":"https:\/\/accesolatino.org\/#website","url":"https:\/\/accesolatino.org\/","name":"Acceso Latino | Fundaci\u00f3n Carlos Slim","description":"Fundaci\u00f3n Carlos Slim","publisher":{"@id":"https:\/\/accesolatino.org\/#organization"},"potentialAction":[{"@type":"SearchAction","target":{"@type":"EntryPoint","urlTemplate":"https:\/\/accesolatino.org\/?s={search_term_string}"},"query-input":{"@type":"PropertyValueSpecification","valueRequired":true,"valueName":"search_term_string"}}],"inLanguage":"en-US"},{"@type":"Organization","@id":"https:\/\/accesolatino.org\/#organization","name":"Acceso Latino | Fundaci\u00f3n Carlos Slim","url":"https:\/\/accesolatino.org\/","logo":{"@type":"ImageObject","inLanguage":"en-US","@id":"https:\/\/accesolatino.org\/#\/schema\/logo\/image\/","url":"https:\/\/accesolatino.org\/wp-content\/uploads\/2021\/02\/logo-footer-acceso-latino.png","contentUrl":"https:\/\/accesolatino.org\/wp-content\/uploads\/2021\/02\/logo-footer-acceso-latino.png","width":240,"height":40,"caption":"Acceso Latino | Fundaci\u00f3n Carlos Slim"},"image":{"@id":"https:\/\/accesolatino.org\/#\/schema\/logo\/image\/"},"sameAs":["https:\/\/www.facebook.com\/AccesoLatinoOrg","https:\/\/x.com\/FAccLatino"]},{"@type":"Person","@id":"https:\/\/accesolatino.org\/#\/schema\/person\/6b654926a4e7e4709c9ad12459661666","name":"News"}]}},"_links":{"self":[{"href":"https:\/\/accesolatino.org\/en\/wp-json\/wp\/v2\/posts\/21049","targetHints":{"allow":["GET"]}}],"collection":[{"href":"https:\/\/accesolatino.org\/en\/wp-json\/wp\/v2\/posts"}],"about":[{"href":"https:\/\/accesolatino.org\/en\/wp-json\/wp\/v2\/types\/post"}],"author":[{"embeddable":true,"href":"https:\/\/accesolatino.org\/en\/wp-json\/wp\/v2\/users\/13"}],"replies":[{"embeddable":true,"href":"https:\/\/accesolatino.org\/en\/wp-json\/wp\/v2\/comments?post=21049"}],"version-history":[{"count":1,"href":"https:\/\/accesolatino.org\/en\/wp-json\/wp\/v2\/posts\/21049\/revisions"}],"predecessor-version":[{"id":68364,"href":"https:\/\/accesolatino.org\/en\/wp-json\/wp\/v2\/posts\/21049\/revisions\/68364"}],"wp:featuredmedia":[{"embeddable":true,"href":"https:\/\/accesolatino.org\/en\/wp-json\/wp\/v2\/media\/21050"}],"wp:attachment":[{"href":"https:\/\/accesolatino.org\/en\/wp-json\/wp\/v2\/media?parent=21049"}],"wp:term":[{"taxonomy":"category","embeddable":true,"href":"https:\/\/accesolatino.org\/en\/wp-json\/wp\/v2\/categories?post=21049"},{"taxonomy":"post_tag","embeddable":true,"href":"https:\/\/accesolatino.org\/en\/wp-json\/wp\/v2\/tags?post=21049"}],"curies":[{"name":"wp","href":"https:\/\/api.w.org\/{rel}","templated":true}]}}