{"id":20999,"date":"2020-04-27T10:30:02","date_gmt":"2020-04-27T15:30:02","guid":{"rendered":"https:\/\/accesolatino.org\/?p=20999"},"modified":"2025-10-30T00:01:46","modified_gmt":"2025-10-30T06:01:46","slug":"indocumentados-se-apoyan-entre-si-durante-pandemia","status":"publish","type":"post","link":"https:\/\/accesolatino.org\/en\/indocumentados-se-apoyan-entre-si-durante-pandemia\/temas-de-interes\/","title":{"rendered":"Indocumentados se apoyan entre s\u00ed, durante pandemia"},"content":{"rendered":"<div data-elementor-type=\"wp-post\" data-elementor-id=\"20999\" class=\"elementor elementor-20999\">\n\t\t\t\t\t\t<section class=\"elementor-section elementor-top-section elementor-element elementor-element-e311389 elementor-section-boxed elementor-section-height-default elementor-section-height-default wpr-particle-no wpr-jarallax-no wpr-parallax-no wpr-sticky-section-no wpr-equal-height-no\" data-id=\"e311389\" data-element_type=\"section\" data-e-type=\"section\">\n\t\t\t\t\t\t<div class=\"elementor-container elementor-column-gap-default\">\n\t\t\t\t\t<div class=\"elementor-column elementor-col-100 elementor-top-column elementor-element elementor-element-978633f\" data-id=\"978633f\" data-element_type=\"column\" data-e-type=\"column\">\n\t\t\t<div class=\"elementor-widget-wrap elementor-element-populated\">\n\t\t\t\t\t\t<div class=\"elementor-element elementor-element-6f3bde3 elementor-widget elementor-widget-text-editor\" data-id=\"6f3bde3\" data-element_type=\"widget\" data-e-type=\"widget\" data-widget_type=\"text-editor.default\">\n\t\t\t\t<div class=\"elementor-widget-container\">\n\t\t\t\t\t\t\t\t\t<p>La pandemia por el Covid-19 parece no terminar, ya son m\u00e1s de 2 millones de infectados y m\u00e1s de 100 mil muertos en todo el mundo. Pero esto no ha sido un impedimento para que inmigrantes se ayuden entre ellos. La fundadora de la organizaci\u00f3n United Across Borders, Erika Robles, expres\u00f3: \u201cLos indocumentados son la comunidad que hace que Estados Unidos funcione\u201d.<\/p><p>El panorama es gris, pero la activista mexicana, se arm\u00f3 de valor y junto con su enorme esp\u00edritu de ayuda, sali\u00f3 a las calles a repartir comida a los migrantes sin papeles que m\u00e1s lo necesitan.<\/p><p>\u201cNo me interesa la nacionalidad o que se dediquen, lo que me gusta es ayudar\u201d, cont\u00f3 para Conexi\u00f3n Migrante.<br \/>Nacida en Morelos, sabe de las dificultades que representa ser inmigrante ilegal en Estados Unidos y el reto que es sobresalir y vivir de forma adecuada.<\/p><p>Erika lleg\u00f3 con solo 14 a\u00f1os a la Uni\u00f3n Americana y despu\u00e9s de 31 a\u00f1os se ha hecho un camino a base de esfuerzo y trabajo duro. Hoy ya es una ciudadana norteamericana, pero hubo una \u00e9poca donde tanto ella como su familia la pasaron muy mal, por esta raz\u00f3n tiene bien claro dos cosas: siempre recordar sus ra\u00edces y ayudar a los inmigrantes de su comunidad.<\/p><p>El gobierno no ayud\u00f3 a todos los inmigrantes, muchos quedaron desamparados; perdieron su empleo y hoy la situaci\u00f3n es muy dif\u00edcil, por tal motivo, Erika tom\u00f3 cartas en el asunto.<br \/>La morelense vive en el Condado de Orange y en trabajo en conjunto con la organizaci\u00f3n Power of One y otros activistas, empezaron a recolectar comida de los bancos de alimentos para repartir despensas a los de escasos recursos.<\/p><p>Al principio solo juntaron comida para unas 4 o 5 mil personas, pero gracias al esfuerzo colectivo, han podido ayudar a unas 10 mil almas.<\/p><p>Tambi\u00e9n han estado presionando al gobierno de California, para que brinde m\u00e1s ayuda y entregue m\u00e1s apoyos econ\u00f3micos a inmigrantes que est\u00e1n solos en esta pandemia<br \/>Los migrantes que pagan impuestos, han sido excluidos de los planes de asistencia. La crisis pand\u00e9mica del coronavirus ha sacado lo mejor de las personas, hay mucha gente que aun sabiendo que su situaci\u00f3n es compleja, bridan toda la ayuda posible a otros que tambi\u00e9n lo necesitan.<br \/>La mayor\u00eda de la gente que se ha subido al barco para apoyar son inmigrantes sin papeles, el lema es: \u201cIndocumentados trabajando por otros indocumentados\u201d.<br \/>Espera que el virus ceda en alg\u00fan momento y que toda su labor sea recordada, as\u00ed como su forma de ayudar, ya que tiene un compromiso con su gente.<\/p><p>Las comidas que ella y su equipo de trabajo ofrecen actualmente, no ser\u00e1n una actividad permanente. \u201cEl virus pasar\u00e1 un d\u00eda, pero lo que me gustar\u00eda que quede grabado en la gente, el compromiso y el desinter\u00e9s por ayudar al pr\u00f3jimo\u201d, concluy\u00f3 Erika.<\/p><p>Fuente: <em>Conexi\u00f3n Migrante<\/em><\/p>\t\t\t\t\t\t\t\t<\/div>\n\t\t\t\t<\/div>\n\t\t\t\t\t<\/div>\n\t\t<\/div>\n\t\t\t\t\t<\/div>\n\t\t<\/section>\n\t\t\t\t<\/div>","protected":false},"excerpt":{"rendered":"<p>La pandemia por el Covid-19 parece no terminar, ya son m\u00e1s de 2 millones de infectados y m\u00e1s de 100 mil muertos en todo el mundo. Pero esto no ha sido un impedimento para que inmigrantes se ayuden entre ellos. La fundadora de la organizaci\u00f3n United Across Borders, Erika Robles, expres\u00f3: \u201cLos indocumentados son la comunidad que hace que Estados Unidos funcione\u201d. El panorama es gris, pero la activista mexicana, se arm\u00f3 de valor y junto con su enorme esp\u00edritu de ayuda, sali\u00f3 a las calles a repartir comida a los migrantes sin papeles que m\u00e1s lo necesitan. \u201cNo me interesa la nacionalidad o que se dediquen, lo que me gusta es ayudar\u201d, cont\u00f3 para Conexi\u00f3n Migrante. Nacida en Morelos, sabe de las dificultades que representa ser inmigrante ilegal en Estados Unidos y el reto que es sobresalir y vivir de forma adecuada. Erika lleg\u00f3 con solo 14 a\u00f1os a la Uni\u00f3n Americana y despu\u00e9s de 31 a\u00f1os se ha hecho un camino a base de esfuerzo y trabajo duro. Hoy ya es una ciudadana norteamericana, pero hubo una \u00e9poca donde tanto ella como su familia la pasaron muy mal, por esta raz\u00f3n tiene bien claro dos cosas: siempre recordar sus ra\u00edces y ayudar a los inmigrantes de su comunidad. El gobierno no ayud\u00f3 a todos los inmigrantes, muchos quedaron desamparados; perdieron su empleo y hoy la situaci\u00f3n es muy dif\u00edcil, por tal motivo, Erika tom\u00f3 cartas en el asunto. La morelense vive en el Condado de Orange y en trabajo en conjunto con la organizaci\u00f3n Power of One y otros activistas, empezaron a recolectar comida de los bancos de alimentos para repartir despensas a los de escasos recursos. Al principio solo juntaron comida para unas 4 o 5 mil personas, pero gracias al esfuerzo colectivo, han podido ayudar a unas 10 mil almas. Tambi\u00e9n han estado presionando al gobierno de California, para que brinde m\u00e1s ayuda y entregue m\u00e1s apoyos econ\u00f3micos a inmigrantes que est\u00e1n solos en esta pandemia Los migrantes que pagan impuestos, han sido excluidos de los planes de asistencia. La crisis pand\u00e9mica del coronavirus ha sacado lo mejor de las personas, hay mucha gente que aun sabiendo que su situaci\u00f3n es compleja, bridan toda la ayuda posible a otros que tambi\u00e9n lo necesitan. La mayor\u00eda de la gente que se ha subido al barco para apoyar son inmigrantes sin papeles, el lema es: \u201cIndocumentados trabajando por otros indocumentados\u201d. Espera que el virus ceda en alg\u00fan momento y que toda su labor sea recordada, as\u00ed como su forma de ayudar, ya que tiene un compromiso con su gente. Las comidas que ella y su equipo de trabajo ofrecen actualmente, no ser\u00e1n una actividad permanente. \u201cEl virus pasar\u00e1 un d\u00eda, pero lo que me gustar\u00eda que quede grabado en la gente, el compromiso y el desinter\u00e9s por ayudar al pr\u00f3jimo\u201d, concluy\u00f3 Erika. Fuente: Conexi\u00f3n Migrante<\/p>","protected":false},"author":13,"featured_media":21000,"comment_status":"open","ping_status":"open","sticky":false,"template":"","format":"standard","meta":{"_uf_show_specific_survey":0,"_uf_disable_surveys":false,"footnotes":""},"categories":[10,1],"tags":[],"class_list":["post-20999","post","type-post","status-publish","format-standard","has-post-thumbnail","hentry","category-noticias","category-temas-de-interes"],"aioseo_notices":[],"yoast_head":"<!-- This site is optimized with the Yoast SEO plugin v27.4 - https:\/\/yoast.com\/product\/yoast-seo-wordpress\/ -->\n<title>Indocumentados se apoyan entre s\u00ed, durante pandemia<\/title>\n<meta name=\"description\" content=\"La pandemia por el Covid-19 parece no terminar, ya son m\u00e1s de 2 millones de infectados y m\u00e1s de 100 mil muertos en todo el mundo. Pero esto no ha sido\" \/>\n<meta name=\"robots\" content=\"index, follow, max-snippet:-1, max-image-preview:large, max-video-preview:-1\" \/>\n<link rel=\"canonical\" href=\"https:\/\/accesolatino.org\/en\/indocumentados-se-apoyan-entre-si-durante-pandemia\/temas-de-interes\/\" \/>\n<meta property=\"og:locale\" content=\"en_US\" \/>\n<meta property=\"og:type\" content=\"article\" \/>\n<meta property=\"og:title\" content=\"Indocumentados se apoyan entre s\u00ed, durante pandemia\" \/>\n<meta property=\"og:description\" content=\"La pandemia por el Covid-19 parece no terminar, ya son m\u00e1s de 2 millones de infectados y m\u00e1s de 100 mil muertos en todo el mundo. Pero esto no ha sido\" \/>\n<meta property=\"og:url\" content=\"https:\/\/accesolatino.org\/en\/indocumentados-se-apoyan-entre-si-durante-pandemia\/temas-de-interes\/\" \/>\n<meta property=\"og:site_name\" content=\"Acceso Latino\" \/>\n<meta property=\"article:publisher\" content=\"https:\/\/www.facebook.com\/AccesoLatinoOrg\" \/>\n<meta property=\"article:published_time\" content=\"2020-04-27T15:30:02+00:00\" \/>\n<meta property=\"article:modified_time\" content=\"2025-10-30T06:01:46+00:00\" \/>\n<meta property=\"og:image\" content=\"https:\/\/accesolatino.org\/wp-content\/uploads\/2020\/04\/Indocumentados-se-apoyan-entre-si\u0301-durante-pandemia.png\" \/>\n\t<meta property=\"og:image:width\" content=\"600\" \/>\n\t<meta property=\"og:image:height\" content=\"338\" \/>\n\t<meta property=\"og:image:type\" content=\"image\/png\" \/>\n<meta name=\"author\" content=\"Noticias\" \/>\n<meta name=\"twitter:card\" content=\"summary_large_image\" \/>\n<meta name=\"twitter:creator\" content=\"@FAccLatino\" \/>\n<meta name=\"twitter:site\" content=\"@FAccLatino\" \/>\n<meta name=\"twitter:label1\" content=\"Written by\" \/>\n\t<meta name=\"twitter:data1\" content=\"Noticias\" \/>\n\t<meta name=\"twitter:label2\" content=\"Est. reading time\" \/>\n\t<meta name=\"twitter:data2\" content=\"3 minutes\" \/>\n<script type=\"application\/ld+json\" class=\"yoast-schema-graph\">{\"@context\":\"https:\\\/\\\/schema.org\",\"@graph\":[{\"@type\":\"Article\",\"@id\":\"https:\\\/\\\/accesolatino.org\\\/indocumentados-se-apoyan-entre-si-durante-pandemia\\\/temas-de-interes\\\/#article\",\"isPartOf\":{\"@id\":\"https:\\\/\\\/accesolatino.org\\\/indocumentados-se-apoyan-entre-si-durante-pandemia\\\/temas-de-interes\\\/\"},\"author\":{\"name\":\"Noticias\",\"@id\":\"https:\\\/\\\/accesolatino.org\\\/#\\\/schema\\\/person\\\/6b654926a4e7e4709c9ad12459661666\"},\"headline\":\"Indocumentados se apoyan entre s\u00ed, durante pandemia\",\"datePublished\":\"2020-04-27T15:30:02+00:00\",\"dateModified\":\"2025-10-30T06:01:46+00:00\",\"mainEntityOfPage\":{\"@id\":\"https:\\\/\\\/accesolatino.org\\\/indocumentados-se-apoyan-entre-si-durante-pandemia\\\/temas-de-interes\\\/\"},\"wordCount\":508,\"commentCount\":0,\"publisher\":{\"@id\":\"https:\\\/\\\/accesolatino.org\\\/#organization\"},\"image\":{\"@id\":\"https:\\\/\\\/accesolatino.org\\\/indocumentados-se-apoyan-entre-si-durante-pandemia\\\/temas-de-interes\\\/#primaryimage\"},\"thumbnailUrl\":\"https:\\\/\\\/accesolatino.org\\\/wp-content\\\/uploads\\\/2020\\\/04\\\/Indocumentados-se-apoyan-entre-si\u0301-durante-pandemia.png\",\"articleSection\":[\"Noticias\",\"Temas de inter\u00e9s\"],\"inLanguage\":\"en-US\",\"potentialAction\":[{\"@type\":\"CommentAction\",\"name\":\"Comment\",\"target\":[\"https:\\\/\\\/accesolatino.org\\\/indocumentados-se-apoyan-entre-si-durante-pandemia\\\/temas-de-interes\\\/#respond\"]}]},{\"@type\":\"WebPage\",\"@id\":\"https:\\\/\\\/accesolatino.org\\\/indocumentados-se-apoyan-entre-si-durante-pandemia\\\/temas-de-interes\\\/\",\"url\":\"https:\\\/\\\/accesolatino.org\\\/indocumentados-se-apoyan-entre-si-durante-pandemia\\\/temas-de-interes\\\/\",\"name\":\"Indocumentados se apoyan entre s\u00ed, durante pandemia\",\"isPartOf\":{\"@id\":\"https:\\\/\\\/accesolatino.org\\\/#website\"},\"primaryImageOfPage\":{\"@id\":\"https:\\\/\\\/accesolatino.org\\\/indocumentados-se-apoyan-entre-si-durante-pandemia\\\/temas-de-interes\\\/#primaryimage\"},\"image\":{\"@id\":\"https:\\\/\\\/accesolatino.org\\\/indocumentados-se-apoyan-entre-si-durante-pandemia\\\/temas-de-interes\\\/#primaryimage\"},\"thumbnailUrl\":\"https:\\\/\\\/accesolatino.org\\\/wp-content\\\/uploads\\\/2020\\\/04\\\/Indocumentados-se-apoyan-entre-si\u0301-durante-pandemia.png\",\"datePublished\":\"2020-04-27T15:30:02+00:00\",\"dateModified\":\"2025-10-30T06:01:46+00:00\",\"description\":\"La pandemia por el Covid-19 parece no terminar, ya son m\u00e1s de 2 millones de infectados y m\u00e1s de 100 mil muertos en todo el mundo. Pero esto no ha sido\",\"breadcrumb\":{\"@id\":\"https:\\\/\\\/accesolatino.org\\\/indocumentados-se-apoyan-entre-si-durante-pandemia\\\/temas-de-interes\\\/#breadcrumb\"},\"inLanguage\":\"en-US\",\"potentialAction\":[{\"@type\":\"ReadAction\",\"target\":[\"https:\\\/\\\/accesolatino.org\\\/indocumentados-se-apoyan-entre-si-durante-pandemia\\\/temas-de-interes\\\/\"]}]},{\"@type\":\"ImageObject\",\"inLanguage\":\"en-US\",\"@id\":\"https:\\\/\\\/accesolatino.org\\\/indocumentados-se-apoyan-entre-si-durante-pandemia\\\/temas-de-interes\\\/#primaryimage\",\"url\":\"https:\\\/\\\/accesolatino.org\\\/wp-content\\\/uploads\\\/2020\\\/04\\\/Indocumentados-se-apoyan-entre-si\u0301-durante-pandemia.png\",\"contentUrl\":\"https:\\\/\\\/accesolatino.org\\\/wp-content\\\/uploads\\\/2020\\\/04\\\/Indocumentados-se-apoyan-entre-si\u0301-durante-pandemia.png\",\"width\":600,\"height\":338},{\"@type\":\"BreadcrumbList\",\"@id\":\"https:\\\/\\\/accesolatino.org\\\/indocumentados-se-apoyan-entre-si-durante-pandemia\\\/temas-de-interes\\\/#breadcrumb\",\"itemListElement\":[{\"@type\":\"ListItem\",\"position\":1,\"name\":\"Portada\",\"item\":\"https:\\\/\\\/accesolatino.org\\\/\"},{\"@type\":\"ListItem\",\"position\":2,\"name\":\"Noticias\",\"item\":\"https:\\\/\\\/accesolatino.org\\\/category\\\/noticias\\\/\"},{\"@type\":\"ListItem\",\"position\":3,\"name\":\"Indocumentados se apoyan entre s\u00ed, durante pandemia\"}]},{\"@type\":\"WebSite\",\"@id\":\"https:\\\/\\\/accesolatino.org\\\/#website\",\"url\":\"https:\\\/\\\/accesolatino.org\\\/\",\"name\":\"Acceso Latino | Fundaci\u00f3n Carlos Slim\",\"description\":\"Fundaci\u00f3n Carlos Slim\",\"publisher\":{\"@id\":\"https:\\\/\\\/accesolatino.org\\\/#organization\"},\"potentialAction\":[{\"@type\":\"SearchAction\",\"target\":{\"@type\":\"EntryPoint\",\"urlTemplate\":\"https:\\\/\\\/accesolatino.org\\\/?s={search_term_string}\"},\"query-input\":{\"@type\":\"PropertyValueSpecification\",\"valueRequired\":true,\"valueName\":\"search_term_string\"}}],\"inLanguage\":\"en-US\"},{\"@type\":\"Organization\",\"@id\":\"https:\\\/\\\/accesolatino.org\\\/#organization\",\"name\":\"Acceso Latino | Fundaci\u00f3n Carlos Slim\",\"url\":\"https:\\\/\\\/accesolatino.org\\\/\",\"logo\":{\"@type\":\"ImageObject\",\"inLanguage\":\"en-US\",\"@id\":\"https:\\\/\\\/accesolatino.org\\\/#\\\/schema\\\/logo\\\/image\\\/\",\"url\":\"https:\\\/\\\/accesolatino.org\\\/wp-content\\\/uploads\\\/2021\\\/02\\\/logo-footer-acceso-latino.png\",\"contentUrl\":\"https:\\\/\\\/accesolatino.org\\\/wp-content\\\/uploads\\\/2021\\\/02\\\/logo-footer-acceso-latino.png\",\"width\":240,\"height\":40,\"caption\":\"Acceso Latino | Fundaci\u00f3n Carlos Slim\"},\"image\":{\"@id\":\"https:\\\/\\\/accesolatino.org\\\/#\\\/schema\\\/logo\\\/image\\\/\"},\"sameAs\":[\"https:\\\/\\\/www.facebook.com\\\/AccesoLatinoOrg\",\"https:\\\/\\\/x.com\\\/FAccLatino\"]},{\"@type\":\"Person\",\"@id\":\"https:\\\/\\\/accesolatino.org\\\/#\\\/schema\\\/person\\\/6b654926a4e7e4709c9ad12459661666\",\"name\":\"Noticias\"}]}<\/script>\n<!-- \/ Yoast SEO plugin. -->","yoast_head_json":{"title":"Indocumentados se apoyan entre s\u00ed, durante pandemia","description":"La pandemia por el Covid-19 parece no terminar, ya son m\u00e1s de 2 millones de infectados y m\u00e1s de 100 mil muertos en todo el mundo. Pero esto no ha sido","robots":{"index":"index","follow":"follow","max-snippet":"max-snippet:-1","max-image-preview":"max-image-preview:large","max-video-preview":"max-video-preview:-1"},"canonical":"https:\/\/accesolatino.org\/en\/indocumentados-se-apoyan-entre-si-durante-pandemia\/temas-de-interes\/","og_locale":"en_US","og_type":"article","og_title":"Indocumentados se apoyan entre s\u00ed, durante pandemia","og_description":"La pandemia por el Covid-19 parece no terminar, ya son m\u00e1s de 2 millones de infectados y m\u00e1s de 100 mil muertos en todo el mundo. Pero esto no ha sido","og_url":"https:\/\/accesolatino.org\/en\/indocumentados-se-apoyan-entre-si-durante-pandemia\/temas-de-interes\/","og_site_name":"Acceso Latino","article_publisher":"https:\/\/www.facebook.com\/AccesoLatinoOrg","article_published_time":"2020-04-27T15:30:02+00:00","article_modified_time":"2025-10-30T06:01:46+00:00","og_image":[{"width":600,"height":338,"url":"https:\/\/accesolatino.org\/wp-content\/uploads\/2020\/04\/Indocumentados-se-apoyan-entre-si\u0301-durante-pandemia.png","type":"image\/png"}],"author":"Noticias","twitter_card":"summary_large_image","twitter_creator":"@FAccLatino","twitter_site":"@FAccLatino","twitter_misc":{"Written by":"Noticias","Est. reading time":"3 minutes"},"schema":{"@context":"https:\/\/schema.org","@graph":[{"@type":"Article","@id":"https:\/\/accesolatino.org\/indocumentados-se-apoyan-entre-si-durante-pandemia\/temas-de-interes\/#article","isPartOf":{"@id":"https:\/\/accesolatino.org\/indocumentados-se-apoyan-entre-si-durante-pandemia\/temas-de-interes\/"},"author":{"name":"Noticias","@id":"https:\/\/accesolatino.org\/#\/schema\/person\/6b654926a4e7e4709c9ad12459661666"},"headline":"Indocumentados se apoyan entre s\u00ed, durante pandemia","datePublished":"2020-04-27T15:30:02+00:00","dateModified":"2025-10-30T06:01:46+00:00","mainEntityOfPage":{"@id":"https:\/\/accesolatino.org\/indocumentados-se-apoyan-entre-si-durante-pandemia\/temas-de-interes\/"},"wordCount":508,"commentCount":0,"publisher":{"@id":"https:\/\/accesolatino.org\/#organization"},"image":{"@id":"https:\/\/accesolatino.org\/indocumentados-se-apoyan-entre-si-durante-pandemia\/temas-de-interes\/#primaryimage"},"thumbnailUrl":"https:\/\/accesolatino.org\/wp-content\/uploads\/2020\/04\/Indocumentados-se-apoyan-entre-si\u0301-durante-pandemia.png","articleSection":["Noticias","Temas de inter\u00e9s"],"inLanguage":"en-US","potentialAction":[{"@type":"CommentAction","name":"Comment","target":["https:\/\/accesolatino.org\/indocumentados-se-apoyan-entre-si-durante-pandemia\/temas-de-interes\/#respond"]}]},{"@type":"WebPage","@id":"https:\/\/accesolatino.org\/indocumentados-se-apoyan-entre-si-durante-pandemia\/temas-de-interes\/","url":"https:\/\/accesolatino.org\/indocumentados-se-apoyan-entre-si-durante-pandemia\/temas-de-interes\/","name":"Indocumentados se apoyan entre s\u00ed, durante pandemia","isPartOf":{"@id":"https:\/\/accesolatino.org\/#website"},"primaryImageOfPage":{"@id":"https:\/\/accesolatino.org\/indocumentados-se-apoyan-entre-si-durante-pandemia\/temas-de-interes\/#primaryimage"},"image":{"@id":"https:\/\/accesolatino.org\/indocumentados-se-apoyan-entre-si-durante-pandemia\/temas-de-interes\/#primaryimage"},"thumbnailUrl":"https:\/\/accesolatino.org\/wp-content\/uploads\/2020\/04\/Indocumentados-se-apoyan-entre-si\u0301-durante-pandemia.png","datePublished":"2020-04-27T15:30:02+00:00","dateModified":"2025-10-30T06:01:46+00:00","description":"La pandemia por el Covid-19 parece no terminar, ya son m\u00e1s de 2 millones de infectados y m\u00e1s de 100 mil muertos en todo el mundo. Pero esto no ha sido","breadcrumb":{"@id":"https:\/\/accesolatino.org\/indocumentados-se-apoyan-entre-si-durante-pandemia\/temas-de-interes\/#breadcrumb"},"inLanguage":"en-US","potentialAction":[{"@type":"ReadAction","target":["https:\/\/accesolatino.org\/indocumentados-se-apoyan-entre-si-durante-pandemia\/temas-de-interes\/"]}]},{"@type":"ImageObject","inLanguage":"en-US","@id":"https:\/\/accesolatino.org\/indocumentados-se-apoyan-entre-si-durante-pandemia\/temas-de-interes\/#primaryimage","url":"https:\/\/accesolatino.org\/wp-content\/uploads\/2020\/04\/Indocumentados-se-apoyan-entre-si\u0301-durante-pandemia.png","contentUrl":"https:\/\/accesolatino.org\/wp-content\/uploads\/2020\/04\/Indocumentados-se-apoyan-entre-si\u0301-durante-pandemia.png","width":600,"height":338},{"@type":"BreadcrumbList","@id":"https:\/\/accesolatino.org\/indocumentados-se-apoyan-entre-si-durante-pandemia\/temas-de-interes\/#breadcrumb","itemListElement":[{"@type":"ListItem","position":1,"name":"Portada","item":"https:\/\/accesolatino.org\/"},{"@type":"ListItem","position":2,"name":"Noticias","item":"https:\/\/accesolatino.org\/category\/noticias\/"},{"@type":"ListItem","position":3,"name":"Indocumentados se apoyan entre s\u00ed, durante pandemia"}]},{"@type":"WebSite","@id":"https:\/\/accesolatino.org\/#website","url":"https:\/\/accesolatino.org\/","name":"Acceso Latino | Fundaci\u00f3n Carlos Slim","description":"Fundaci\u00f3n Carlos Slim","publisher":{"@id":"https:\/\/accesolatino.org\/#organization"},"potentialAction":[{"@type":"SearchAction","target":{"@type":"EntryPoint","urlTemplate":"https:\/\/accesolatino.org\/?s={search_term_string}"},"query-input":{"@type":"PropertyValueSpecification","valueRequired":true,"valueName":"search_term_string"}}],"inLanguage":"en-US"},{"@type":"Organization","@id":"https:\/\/accesolatino.org\/#organization","name":"Acceso Latino | Fundaci\u00f3n Carlos Slim","url":"https:\/\/accesolatino.org\/","logo":{"@type":"ImageObject","inLanguage":"en-US","@id":"https:\/\/accesolatino.org\/#\/schema\/logo\/image\/","url":"https:\/\/accesolatino.org\/wp-content\/uploads\/2021\/02\/logo-footer-acceso-latino.png","contentUrl":"https:\/\/accesolatino.org\/wp-content\/uploads\/2021\/02\/logo-footer-acceso-latino.png","width":240,"height":40,"caption":"Acceso Latino | Fundaci\u00f3n Carlos Slim"},"image":{"@id":"https:\/\/accesolatino.org\/#\/schema\/logo\/image\/"},"sameAs":["https:\/\/www.facebook.com\/AccesoLatinoOrg","https:\/\/x.com\/FAccLatino"]},{"@type":"Person","@id":"https:\/\/accesolatino.org\/#\/schema\/person\/6b654926a4e7e4709c9ad12459661666","name":"News"}]}},"_links":{"self":[{"href":"https:\/\/accesolatino.org\/en\/wp-json\/wp\/v2\/posts\/20999","targetHints":{"allow":["GET"]}}],"collection":[{"href":"https:\/\/accesolatino.org\/en\/wp-json\/wp\/v2\/posts"}],"about":[{"href":"https:\/\/accesolatino.org\/en\/wp-json\/wp\/v2\/types\/post"}],"author":[{"embeddable":true,"href":"https:\/\/accesolatino.org\/en\/wp-json\/wp\/v2\/users\/13"}],"replies":[{"embeddable":true,"href":"https:\/\/accesolatino.org\/en\/wp-json\/wp\/v2\/comments?post=20999"}],"version-history":[{"count":1,"href":"https:\/\/accesolatino.org\/en\/wp-json\/wp\/v2\/posts\/20999\/revisions"}],"predecessor-version":[{"id":68356,"href":"https:\/\/accesolatino.org\/en\/wp-json\/wp\/v2\/posts\/20999\/revisions\/68356"}],"wp:featuredmedia":[{"embeddable":true,"href":"https:\/\/accesolatino.org\/en\/wp-json\/wp\/v2\/media\/21000"}],"wp:attachment":[{"href":"https:\/\/accesolatino.org\/en\/wp-json\/wp\/v2\/media?parent=20999"}],"wp:term":[{"taxonomy":"category","embeddable":true,"href":"https:\/\/accesolatino.org\/en\/wp-json\/wp\/v2\/categories?post=20999"},{"taxonomy":"post_tag","embeddable":true,"href":"https:\/\/accesolatino.org\/en\/wp-json\/wp\/v2\/tags?post=20999"}],"curies":[{"name":"wp","href":"https:\/\/api.w.org\/{rel}","templated":true}]}}